{"id":241537,"date":"2025-11-21T20:30:36","date_gmt":"2025-11-21T23:30:36","guid":{"rendered":"https:\/\/informelitoral.com.ar\/?p=241537"},"modified":"2025-11-25T20:33:24","modified_gmt":"2025-11-25T23:33:24","slug":"profesionales-de-enfermeria-materno-infantil-se-capacitaron-en-la-tercera-jornada-de-actualizacion","status":"publish","type":"post","link":"https:\/\/informelitoral.com.ar\/profesionales-de-enfermeria-materno-infantil-se-capacitaron-en-la-tercera-jornada-de-actualizacion\/","title":{"rendered":"Profesionales de enfermer\u00eda materno infantil se capacitaron en la tercera jornada de actualizaci\u00f3n"},"content":{"rendered":"<p>Bajo el lema \u00abUn presente comprometido y un futuro esperanzador\u00bb, se procedi\u00f3 a la apertura de las actividades de intercambio de conocimientos y capacitaci\u00f3n, de la mano de disertaciones profesionales y talleres de simulaci\u00f3n.<\/p>\n<p>En la oportunidad, particip\u00f3 el secretario de Salud de Entre R\u00edos, <strong>Daniel Valentinuz<\/strong>, quien destac\u00f3: \u00abComo Ministerio estamos acompa\u00f1ando esta excelente iniciativa y quer\u00edamos tambi\u00e9n focalizar y agradecer todo el compromiso de los enfermeros de toda la provincia de Entre R\u00edos que se han acercado hasta aqu\u00ed, hasta la UCA en Paran\u00e1 para capacitarse, para formarse y eso demuestra el compromiso de ellos hacia la gente, los hospitales y centros de salud donde ejercen cada d\u00eda su trabajo de una manera excelente\u00bb.<\/p>\n<p>Por su parte, el director general de Enfermer\u00eda,<strong> Mart\u00edn Nani,<\/strong> se\u00f1al\u00f3 la importancia de disponer de un d\u00eda de aprendizaje para compartir experiencias, \u00aby es un orgullo la presencia de tantos colegas de enfermer\u00eda de distintas instituciones de la provincia, porque esto enriquece el capital profesional de todo el sistema de salud, fortaleciendo la capacidad para afrontar los desaf\u00edos del presente y construir un futuro con mayores herramientas y redes de apoyo\u00bb, valor\u00f3.<\/p>\n<p>En tanto que el director del nosocomio, <strong>Alejandro Cal\u00f3gero<\/strong>, hizo hincapi\u00e9 en el compromiso que el \u00e1rea de enfermer\u00eda demuestra a diario en la provincia, sobre todo en el Hospital San Roque: \u00abAdhiero plenamente a que tengan un presente comprometido y un futuro esperanzador, porque nos enorgullece la tarea que d\u00eda a d\u00eda desarrollan con compromiso y vocaci\u00f3n\u00bb. En este sentido, celebr\u00f3 el encuentro \u00abcon profesionales que se desarrollan en otros servicios e instituciones, enriqueciendo mutuamente la pr\u00e1ctica diaria\u00bb.<\/p>\n<h2><strong>Oportunidad de reafirmar el protagonismo de la enfermer\u00eda en Salud<\/strong><\/h2>\n<p>Cada dos a\u00f1os el nosocomio de referencia en la atenci\u00f3n materno infantil de la provincia desarrolla estas jornadas que reafirman el rol protag\u00f3nico de la enfermer\u00eda en el sistema de salud. En esta edici\u00f3n, la propuesta abarc\u00f3 un amplio espectro de la pr\u00e1ctica cl\u00ednica y organizacional, con una primera instancia de exposiciones y conversaciones y una segunda de talleres de pr\u00e1ctica y simulaci\u00f3n.<\/p>\n<p>Las exposiciones, cargadas de experiencias se abocaron a aspectos de la cl\u00ednica de alta complejidad, al abordaje de situaciones cr\u00edticas, al acompa\u00f1amiento de los procesos nutricionales maternos e infantiles y a cuestiones organizacionales, como la gesti\u00f3n y cuidado del equipo,\u00a0 la importancia y las metodolog\u00edas para una mejor comunicaci\u00f3n, como as\u00ed tambi\u00e9n del cuidado de la salud emocional. La segunda parte de la jornada fue el momento de la simulaci\u00f3n\u00a0 cl\u00ednica -tanto en formato expositivo (impacto formativo en estudiantes) como pr\u00e1ctico (a trav\u00e9s de talleres). All\u00ed se destac\u00f3 el crecimiento del equipo de simulaci\u00f3n del Departamento de Enfermer\u00eda, que se posiciona como un motor de ense\u00f1anza y consolidaci\u00f3n de lazos interprofesionales.<\/p>\n","protected":false},"excerpt":{"rendered":"<p>En el auditorio de la Universidad Cat\u00f3lica Argentina en Paran\u00e1 se desarroll\u00f3 la III Jornada de Enfermer\u00eda Materno Infantil, organizada por el Hospital San Roque. All\u00ed participaron m\u00e1s de 400 profesionales comprometidos con la calidad de atenci\u00f3n.<\/p>\n","protected":false},"author":2,"featured_media":241538,"comment_status":"open","ping_status":"open","sticky":false,"template":"","format":"standard","meta":{"fifu_image_url":"","fifu_image_alt":"","footnotes":""},"categories":[6,1595],"tags":[1509,82],"class_list":{"0":"post-241537","1":"post","2":"type-post","3":"status-publish","4":"format-standard","5":"has-post-thumbnail","7":"category-entre-rios","8":"category-salud","9":"tag-enfermeria","10":"tag-salud"},"yoast_head":"<title>Profesionales de enfermer\u00eda materno infantil se capacitaron en la tercera jornada de actualizaci\u00f3n - Informe Litoral<\/title>\n<meta name=\"robots\" content=\"index, follow, max-snippet:-1, max-image-preview:large, max-video-preview:-1\" \/>\n<link rel=\"canonical\" href=\"https:\/\/informelitoral.com.ar\/profesionales-de-enfermeria-materno-infantil-se-capacitaron-en-la-tercera-jornada-de-actualizacion\/\" \/>\n<meta property=\"og:locale\" content=\"es_ES\" \/>\n<meta property=\"og:type\" content=\"article\" \/>\n<meta property=\"og:title\" content=\"Profesionales de enfermer\u00eda materno infantil se capacitaron en la tercera jornada de actualizaci\u00f3n - Informe Litoral\" \/>\n<meta property=\"og:description\" content=\"En el auditorio de la Universidad Cat\u00f3lica Argentina en Paran\u00e1 se desarroll\u00f3 la III Jornada de Enfermer\u00eda Materno Infantil, organizada por el Hospital San Roque. All\u00ed participaron m\u00e1s de 400 profesionales comprometidos con la calidad de atenci\u00f3n.\" \/>\n<meta property=\"og:url\" content=\"https:\/\/informelitoral.com.ar\/profesionales-de-enfermeria-materno-infantil-se-capacitaron-en-la-tercera-jornada-de-actualizacion\/\" \/>\n<meta property=\"og:site_name\" content=\"Informe Litoral\" \/>\n<meta property=\"article:publisher\" content=\"https:\/\/www.facebook.com\/informelitoral\/\" \/>\n<meta property=\"article:published_time\" content=\"2025-11-21T23:30:36+00:00\" \/>\n<meta property=\"article:modified_time\" content=\"2025-11-25T23:33:24+00:00\" \/>\n<meta property=\"og:image\" content=\"https:\/\/drive.google.com\/thumbnail?id=1qzn_kSBFSbihuwqHjpJyClshae1FOpz1&sz=w2048\" \/>\n\t<meta property=\"og:image:width\" content=\"1600\" \/>\n\t<meta property=\"og:image:height\" content=\"1067\" \/>\n\t<meta property=\"og:image:type\" content=\"image\/jpeg\" \/>\n<meta name=\"author\" content=\"Gonzalo Schmidt\" \/>\n<meta name=\"twitter:card\" content=\"summary_large_image\" \/>\n<meta name=\"twitter:creator\" content=\"@InformeLitoral\" \/>\n<meta name=\"twitter:site\" content=\"@InformeLitoral\" \/>\n<meta name=\"twitter:label1\" content=\"Escrito por\" \/>\n\t<meta name=\"twitter:data1\" content=\"Gonzalo Schmidt\" \/>\n\t<meta name=\"twitter:label2\" content=\"Tiempo de lectura\" \/>\n\t<meta name=\"twitter:data2\" content=\"3 minutos\" \/>\n<script type=\"application\/ld+json\" class=\"yoast-schema-graph\">{\"@context\":\"https:\\\/\\\/schema.org\",\"@graph\":[{\"@type\":\"Article\",\"@id\":\"https:\\\/\\\/informelitoral.com.ar\\\/profesionales-de-enfermeria-materno-infantil-se-capacitaron-en-la-tercera-jornada-de-actualizacion\\\/#article\",\"isPartOf\":{\"@id\":\"https:\\\/\\\/informelitoral.com.ar\\\/profesionales-de-enfermeria-materno-infantil-se-capacitaron-en-la-tercera-jornada-de-actualizacion\\\/\"},\"author\":{\"name\":\"Gonzalo Schmidt\",\"@id\":\"https:\\\/\\\/informelitoral.com.ar\\\/#\\\/schema\\\/person\\\/b9d00407c836482871ef1d57bf8e3180\"},\"headline\":\"Profesionales de enfermer\u00eda materno infantil se capacitaron en la tercera jornada de actualizaci\u00f3n\",\"datePublished\":\"2025-11-21T23:30:36+00:00\",\"dateModified\":\"2025-11-25T23:33:24+00:00\",\"mainEntityOfPage\":{\"@id\":\"https:\\\/\\\/informelitoral.com.ar\\\/profesionales-de-enfermeria-materno-infantil-se-capacitaron-en-la-tercera-jornada-de-actualizacion\\\/\"},\"wordCount\":512,\"commentCount\":0,\"publisher\":{\"@id\":\"https:\\\/\\\/informelitoral.com.ar\\\/#organization\"},\"image\":{\"@id\":\"https:\\\/\\\/informelitoral.com.ar\\\/profesionales-de-enfermeria-materno-infantil-se-capacitaron-en-la-tercera-jornada-de-actualizacion\\\/#primaryimage\"},\"thumbnailUrl\":\"https:\\\/\\\/drive.google.com\\\/thumbnail?id=1qzn_kSBFSbihuwqHjpJyClshae1FOpz1&sz=w2048\",\"keywords\":[\"Enfermer\u00eda\",\"Salud\"],\"articleSection\":[\"Entre R\u00edos\",\"Salud\"],\"inLanguage\":\"es\",\"potentialAction\":[{\"@type\":\"CommentAction\",\"name\":\"Comment\",\"target\":[\"https:\\\/\\\/informelitoral.com.ar\\\/profesionales-de-enfermeria-materno-infantil-se-capacitaron-en-la-tercera-jornada-de-actualizacion\\\/#respond\"]}]},{\"@type\":\"WebPage\",\"@id\":\"https:\\\/\\\/informelitoral.com.ar\\\/profesionales-de-enfermeria-materno-infantil-se-capacitaron-en-la-tercera-jornada-de-actualizacion\\\/\",\"url\":\"https:\\\/\\\/informelitoral.com.ar\\\/profesionales-de-enfermeria-materno-infantil-se-capacitaron-en-la-tercera-jornada-de-actualizacion\\\/\",\"name\":\"Profesionales de enfermer\u00eda materno infantil se capacitaron en la tercera jornada de actualizaci\u00f3n - Informe Litoral\",\"isPartOf\":{\"@id\":\"https:\\\/\\\/informelitoral.com.ar\\\/#website\"},\"primaryImageOfPage\":{\"@id\":\"https:\\\/\\\/informelitoral.com.ar\\\/profesionales-de-enfermeria-materno-infantil-se-capacitaron-en-la-tercera-jornada-de-actualizacion\\\/#primaryimage\"},\"image\":{\"@id\":\"https:\\\/\\\/informelitoral.com.ar\\\/profesionales-de-enfermeria-materno-infantil-se-capacitaron-en-la-tercera-jornada-de-actualizacion\\\/#primaryimage\"},\"thumbnailUrl\":\"https:\\\/\\\/drive.google.com\\\/thumbnail?id=1qzn_kSBFSbihuwqHjpJyClshae1FOpz1&sz=w2048\",\"datePublished\":\"2025-11-21T23:30:36+00:00\",\"dateModified\":\"2025-11-25T23:33:24+00:00\",\"breadcrumb\":{\"@id\":\"https:\\\/\\\/informelitoral.com.ar\\\/profesionales-de-enfermeria-materno-infantil-se-capacitaron-en-la-tercera-jornada-de-actualizacion\\\/#breadcrumb\"},\"inLanguage\":\"es\",\"potentialAction\":[{\"@type\":\"ReadAction\",\"target\":[\"https:\\\/\\\/informelitoral.com.ar\\\/profesionales-de-enfermeria-materno-infantil-se-capacitaron-en-la-tercera-jornada-de-actualizacion\\\/\"]}]},{\"@type\":\"ImageObject\",\"inLanguage\":\"es\",\"@id\":\"https:\\\/\\\/informelitoral.com.ar\\\/profesionales-de-enfermeria-materno-infantil-se-capacitaron-en-la-tercera-jornada-de-actualizacion\\\/#primaryimage\",\"url\":\"https:\\\/\\\/drive.google.com\\\/thumbnail?id=1qzn_kSBFSbihuwqHjpJyClshae1FOpz1&sz=w2048\",\"contentUrl\":\"https:\\\/\\\/drive.google.com\\\/thumbnail?id=1qzn_kSBFSbihuwqHjpJyClshae1FOpz1&sz=w2048\",\"width\":1600,\"height\":1067},{\"@type\":\"BreadcrumbList\",\"@id\":\"https:\\\/\\\/informelitoral.com.ar\\\/profesionales-de-enfermeria-materno-infantil-se-capacitaron-en-la-tercera-jornada-de-actualizacion\\\/#breadcrumb\",\"itemListElement\":[{\"@type\":\"ListItem\",\"position\":1,\"name\":\"Portada\",\"item\":\"https:\\\/\\\/informelitoral.com.ar\\\/\"},{\"@type\":\"ListItem\",\"position\":2,\"name\":\"Profesionales de enfermer\u00eda materno infantil se capacitaron en la tercera jornada de actualizaci\u00f3n\"}]},{\"@type\":\"WebSite\",\"@id\":\"https:\\\/\\\/informelitoral.com.ar\\\/#website\",\"url\":\"https:\\\/\\\/informelitoral.com.ar\\\/\",\"name\":\"Informe Litoral\",\"description\":\"&quot;Nos informamos&quot; \",\"publisher\":{\"@id\":\"https:\\\/\\\/informelitoral.com.ar\\\/#organization\"},\"potentialAction\":[{\"@type\":\"SearchAction\",\"target\":{\"@type\":\"EntryPoint\",\"urlTemplate\":\"https:\\\/\\\/informelitoral.com.ar\\\/?s={search_term_string}\"},\"query-input\":{\"@type\":\"PropertyValueSpecification\",\"valueRequired\":true,\"valueName\":\"search_term_string\"}}],\"inLanguage\":\"es\"},{\"@type\":\"Organization\",\"@id\":\"https:\\\/\\\/informelitoral.com.ar\\\/#organization\",\"name\":\"Informe Litoral\",\"url\":\"https:\\\/\\\/informelitoral.com.ar\\\/\",\"logo\":{\"@type\":\"ImageObject\",\"inLanguage\":\"es\",\"@id\":\"https:\\\/\\\/informelitoral.com.ar\\\/#\\\/schema\\\/logo\\\/image\\\/\",\"url\":\"https:\\\/\\\/informelitoral.com.ar\\\/%77%70%2d%63%6f%6e%74%65%6e%74\\\/uploads\\\/2021\\\/01\\\/circulo.png\",\"contentUrl\":\"https:\\\/\\\/informelitoral.com.ar\\\/%77%70%2d%63%6f%6e%74%65%6e%74\\\/uploads\\\/2021\\\/01\\\/circulo.png\",\"width\":723,\"height\":731,\"caption\":\"Informe Litoral\"},\"image\":{\"@id\":\"https:\\\/\\\/informelitoral.com.ar\\\/#\\\/schema\\\/logo\\\/image\\\/\"},\"sameAs\":[\"https:\\\/\\\/www.facebook.com\\\/informelitoral\\\/\",\"https:\\\/\\\/x.com\\\/InformeLitoral\",\"https:\\\/\\\/www.instagram.com\\\/informelitoral\\\/\",\"https:\\\/\\\/www.youtube.com\\\/channel\\\/UCua4Qvz8Icb6MYqhoq9xLXw\"]},{\"@type\":\"Person\",\"@id\":\"https:\\\/\\\/informelitoral.com.ar\\\/#\\\/schema\\\/person\\\/b9d00407c836482871ef1d57bf8e3180\",\"name\":\"Gonzalo Schmidt\",\"image\":{\"@type\":\"ImageObject\",\"inLanguage\":\"es\",\"@id\":\"https:\\\/\\\/secure.gravatar.com\\\/avatar\\\/31a1a7b66ff2de83bd0e9fd79d026630d2d99e55e8bfe501287647b4fd9743de?s=96&d=mm&r=g\",\"url\":\"https:\\\/\\\/secure.gravatar.com\\\/avatar\\\/31a1a7b66ff2de83bd0e9fd79d026630d2d99e55e8bfe501287647b4fd9743de?s=96&d=mm&r=g\",\"contentUrl\":\"https:\\\/\\\/secure.gravatar.com\\\/avatar\\\/31a1a7b66ff2de83bd0e9fd79d026630d2d99e55e8bfe501287647b4fd9743de?s=96&d=mm&r=g\",\"caption\":\"Gonzalo Schmidt\"},\"description\":\"Sitio web de noticias de la provincia de Entre R\u00edos, Argentina. Informaci\u00f3n y entretenimiento. Informe Litoral, nos informamos.\",\"sameAs\":[\"http:\\\/\\\/www.isletasnoticias.com.ar\"],\"url\":\"https:\\\/\\\/informelitoral.com.ar\\\/author\\\/gonzalo\\\/\"}]}<\/script>","yoast_head_json":{"title":"Profesionales de enfermer\u00eda materno infantil se capacitaron en la tercera jornada de actualizaci\u00f3n - Informe Litoral","robots":{"index":"index","follow":"follow","max-snippet":"max-snippet:-1","max-image-preview":"max-image-preview:large","max-video-preview":"max-video-preview:-1"},"canonical":"https:\/\/informelitoral.com.ar\/profesionales-de-enfermeria-materno-infantil-se-capacitaron-en-la-tercera-jornada-de-actualizacion\/","og_locale":"es_ES","og_type":"article","og_title":"Profesionales de enfermer\u00eda materno infantil se capacitaron en la tercera jornada de actualizaci\u00f3n - Informe Litoral","og_description":"En el auditorio de la Universidad Cat\u00f3lica Argentina en Paran\u00e1 se desarroll\u00f3 la III Jornada de Enfermer\u00eda Materno Infantil, organizada por el Hospital San Roque. All\u00ed participaron m\u00e1s de 400 profesionales comprometidos con la calidad de atenci\u00f3n.","og_url":"https:\/\/informelitoral.com.ar\/profesionales-de-enfermeria-materno-infantil-se-capacitaron-en-la-tercera-jornada-de-actualizacion\/","og_site_name":"Informe Litoral","article_publisher":"https:\/\/www.facebook.com\/informelitoral\/","article_published_time":"2025-11-21T23:30:36+00:00","article_modified_time":"2025-11-25T23:33:24+00:00","og_image":[{"width":1600,"height":1067,"url":"https:\/\/drive.google.com\/thumbnail?id=1qzn_kSBFSbihuwqHjpJyClshae1FOpz1&sz=w2048","type":"image\/jpeg"}],"author":"Gonzalo Schmidt","twitter_card":"summary_large_image","twitter_creator":"@InformeLitoral","twitter_site":"@InformeLitoral","twitter_misc":{"Escrito por":"Gonzalo Schmidt","Tiempo de lectura":"3 minutos"},"schema":{"@context":"https:\/\/schema.org","@graph":[{"@type":"Article","@id":"https:\/\/informelitoral.com.ar\/profesionales-de-enfermeria-materno-infantil-se-capacitaron-en-la-tercera-jornada-de-actualizacion\/#article","isPartOf":{"@id":"https:\/\/informelitoral.com.ar\/profesionales-de-enfermeria-materno-infantil-se-capacitaron-en-la-tercera-jornada-de-actualizacion\/"},"author":{"name":"Gonzalo Schmidt","@id":"https:\/\/informelitoral.com.ar\/#\/schema\/person\/b9d00407c836482871ef1d57bf8e3180"},"headline":"Profesionales de enfermer\u00eda materno infantil se capacitaron en la tercera jornada de actualizaci\u00f3n","datePublished":"2025-11-21T23:30:36+00:00","dateModified":"2025-11-25T23:33:24+00:00","mainEntityOfPage":{"@id":"https:\/\/informelitoral.com.ar\/profesionales-de-enfermeria-materno-infantil-se-capacitaron-en-la-tercera-jornada-de-actualizacion\/"},"wordCount":512,"commentCount":0,"publisher":{"@id":"https:\/\/informelitoral.com.ar\/#organization"},"image":{"@id":"https:\/\/informelitoral.com.ar\/profesionales-de-enfermeria-materno-infantil-se-capacitaron-en-la-tercera-jornada-de-actualizacion\/#primaryimage"},"thumbnailUrl":"https:\/\/drive.google.com\/thumbnail?id=1qzn_kSBFSbihuwqHjpJyClshae1FOpz1&sz=w2048","keywords":["Enfermer\u00eda","Salud"],"articleSection":["Entre R\u00edos","Salud"],"inLanguage":"es","potentialAction":[{"@type":"CommentAction","name":"Comment","target":["https:\/\/informelitoral.com.ar\/profesionales-de-enfermeria-materno-infantil-se-capacitaron-en-la-tercera-jornada-de-actualizacion\/#respond"]}]},{"@type":"WebPage","@id":"https:\/\/informelitoral.com.ar\/profesionales-de-enfermeria-materno-infantil-se-capacitaron-en-la-tercera-jornada-de-actualizacion\/","url":"https:\/\/informelitoral.com.ar\/profesionales-de-enfermeria-materno-infantil-se-capacitaron-en-la-tercera-jornada-de-actualizacion\/","name":"Profesionales de enfermer\u00eda materno infantil se capacitaron en la tercera jornada de actualizaci\u00f3n - Informe Litoral","isPartOf":{"@id":"https:\/\/informelitoral.com.ar\/#website"},"primaryImageOfPage":{"@id":"https:\/\/informelitoral.com.ar\/profesionales-de-enfermeria-materno-infantil-se-capacitaron-en-la-tercera-jornada-de-actualizacion\/#primaryimage"},"image":{"@id":"https:\/\/informelitoral.com.ar\/profesionales-de-enfermeria-materno-infantil-se-capacitaron-en-la-tercera-jornada-de-actualizacion\/#primaryimage"},"thumbnailUrl":"https:\/\/drive.google.com\/thumbnail?id=1qzn_kSBFSbihuwqHjpJyClshae1FOpz1&sz=w2048","datePublished":"2025-11-21T23:30:36+00:00","dateModified":"2025-11-25T23:33:24+00:00","breadcrumb":{"@id":"https:\/\/informelitoral.com.ar\/profesionales-de-enfermeria-materno-infantil-se-capacitaron-en-la-tercera-jornada-de-actualizacion\/#breadcrumb"},"inLanguage":"es","potentialAction":[{"@type":"ReadAction","target":["https:\/\/informelitoral.com.ar\/profesionales-de-enfermeria-materno-infantil-se-capacitaron-en-la-tercera-jornada-de-actualizacion\/"]}]},{"@type":"ImageObject","inLanguage":"es","@id":"https:\/\/informelitoral.com.ar\/profesionales-de-enfermeria-materno-infantil-se-capacitaron-en-la-tercera-jornada-de-actualizacion\/#primaryimage","url":"https:\/\/drive.google.com\/thumbnail?id=1qzn_kSBFSbihuwqHjpJyClshae1FOpz1&sz=w2048","contentUrl":"https:\/\/drive.google.com\/thumbnail?id=1qzn_kSBFSbihuwqHjpJyClshae1FOpz1&sz=w2048","width":1600,"height":1067},{"@type":"BreadcrumbList","@id":"https:\/\/informelitoral.com.ar\/profesionales-de-enfermeria-materno-infantil-se-capacitaron-en-la-tercera-jornada-de-actualizacion\/#breadcrumb","itemListElement":[{"@type":"ListItem","position":1,"name":"Portada","item":"https:\/\/informelitoral.com.ar\/"},{"@type":"ListItem","position":2,"name":"Profesionales de enfermer\u00eda materno infantil se capacitaron en la tercera jornada de actualizaci\u00f3n"}]},{"@type":"WebSite","@id":"https:\/\/informelitoral.com.ar\/#website","url":"https:\/\/informelitoral.com.ar\/","name":"Informe Litoral","description":"&quot;Nos informamos&quot; ","publisher":{"@id":"https:\/\/informelitoral.com.ar\/#organization"},"potentialAction":[{"@type":"SearchAction","target":{"@type":"EntryPoint","urlTemplate":"https:\/\/informelitoral.com.ar\/?s={search_term_string}"},"query-input":{"@type":"PropertyValueSpecification","valueRequired":true,"valueName":"search_term_string"}}],"inLanguage":"es"},{"@type":"Organization","@id":"https:\/\/informelitoral.com.ar\/#organization","name":"Informe Litoral","url":"https:\/\/informelitoral.com.ar\/","logo":{"@type":"ImageObject","inLanguage":"es","@id":"https:\/\/informelitoral.com.ar\/#\/schema\/logo\/image\/","url":"https:\/\/informelitoral.com.ar\/%77%70%2d%63%6f%6e%74%65%6e%74\/uploads\/2021\/01\/circulo.png","contentUrl":"https:\/\/informelitoral.com.ar\/%77%70%2d%63%6f%6e%74%65%6e%74\/uploads\/2021\/01\/circulo.png","width":723,"height":731,"caption":"Informe Litoral"},"image":{"@id":"https:\/\/informelitoral.com.ar\/#\/schema\/logo\/image\/"},"sameAs":["https:\/\/www.facebook.com\/informelitoral\/","https:\/\/x.com\/InformeLitoral","https:\/\/www.instagram.com\/informelitoral\/","https:\/\/www.youtube.com\/channel\/UCua4Qvz8Icb6MYqhoq9xLXw"]},{"@type":"Person","@id":"https:\/\/informelitoral.com.ar\/#\/schema\/person\/b9d00407c836482871ef1d57bf8e3180","name":"Gonzalo Schmidt","image":{"@type":"ImageObject","inLanguage":"es","@id":"https:\/\/secure.gravatar.com\/avatar\/31a1a7b66ff2de83bd0e9fd79d026630d2d99e55e8bfe501287647b4fd9743de?s=96&d=mm&r=g","url":"https:\/\/secure.gravatar.com\/avatar\/31a1a7b66ff2de83bd0e9fd79d026630d2d99e55e8bfe501287647b4fd9743de?s=96&d=mm&r=g","contentUrl":"https:\/\/secure.gravatar.com\/avatar\/31a1a7b66ff2de83bd0e9fd79d026630d2d99e55e8bfe501287647b4fd9743de?s=96&d=mm&r=g","caption":"Gonzalo Schmidt"},"description":"Sitio web de noticias de la provincia de Entre R\u00edos, Argentina. Informaci\u00f3n y entretenimiento. Informe Litoral, nos informamos.","sameAs":["http:\/\/www.isletasnoticias.com.ar"],"url":"https:\/\/informelitoral.com.ar\/author\/gonzalo\/"}]}},"_links":{"self":[{"href":"https:\/\/informelitoral.com.ar\/%77%70%2d%6a%73%6f%6e\/wp\/v2\/posts\/241537","targetHints":{"allow":["GET"]}}],"collection":[{"href":"https:\/\/informelitoral.com.ar\/%77%70%2d%6a%73%6f%6e\/wp\/v2\/posts"}],"about":[{"href":"https:\/\/informelitoral.com.ar\/%77%70%2d%6a%73%6f%6e\/wp\/v2\/types\/post"}],"author":[{"embeddable":true,"href":"https:\/\/informelitoral.com.ar\/%77%70%2d%6a%73%6f%6e\/wp\/v2\/users\/2"}],"replies":[{"embeddable":true,"href":"https:\/\/informelitoral.com.ar\/%77%70%2d%6a%73%6f%6e\/wp\/v2\/comments?post=241537"}],"version-history":[{"count":1,"href":"https:\/\/informelitoral.com.ar\/%77%70%2d%6a%73%6f%6e\/wp\/v2\/posts\/241537\/revisions"}],"predecessor-version":[{"id":241539,"href":"https:\/\/informelitoral.com.ar\/%77%70%2d%6a%73%6f%6e\/wp\/v2\/posts\/241537\/revisions\/241539"}],"wp:featuredmedia":[{"embeddable":true,"href":"https:\/\/informelitoral.com.ar\/%77%70%2d%6a%73%6f%6e\/wp\/v2\/media\/241538"}],"wp:attachment":[{"href":"https:\/\/informelitoral.com.ar\/%77%70%2d%6a%73%6f%6e\/wp\/v2\/media?parent=241537"}],"wp:term":[{"taxonomy":"category","embeddable":true,"href":"https:\/\/informelitoral.com.ar\/%77%70%2d%6a%73%6f%6e\/wp\/v2\/categories?post=241537"},{"taxonomy":"post_tag","embeddable":true,"href":"https:\/\/informelitoral.com.ar\/%77%70%2d%6a%73%6f%6e\/wp\/v2\/tags?post=241537"}],"curies":[{"name":"wp","href":"https:\/\/api.w.org\/{rel}","templated":true}]}}