{"id":241533,"date":"2025-11-21T20:23:25","date_gmt":"2025-11-21T23:23:25","guid":{"rendered":"https:\/\/informelitoral.com.ar\/?p=241533"},"modified":"2025-11-25T20:25:23","modified_gmt":"2025-11-25T23:25:23","slug":"provincia-y-la-uner-impulsan-un-espacio-de-desarrollo-deportivo","status":"publish","type":"post","link":"https:\/\/informelitoral.com.ar\/provincia-y-la-uner-impulsan-un-espacio-de-desarrollo-deportivo\/","title":{"rendered":"Provincia y la UNER impulsan un espacio de desarrollo deportivo"},"content":{"rendered":"<p>El acuerdo estuvo encabezado por el secretario de Deportes, <strong>Sebasti\u00e1n Uranga<\/strong>, y el decano de la facultad, <strong>Sebasti\u00e1n P\u00e9rez<\/strong>, quienes rubricaron el acuerdo institucional que dar\u00e1 origen a este espacio de formaci\u00f3n provincial. Tambi\u00e9n participaron el director de Deporte Federado, Capacitaci\u00f3n y Evaluaci\u00f3n, <strong>Mart\u00edn Amden<\/strong>; y el secretario de Extensi\u00f3n y Bienestar Universitario, <strong>Pablo Galarza.<\/strong><\/p>\n<p>Al respecto, Amden expres\u00f3: \u201cEstanos muy contentos, queremos agradecerle a la comunidad educativa y a las autoridades de la Universidad Nacional de Entre R\u00edos (UNER), por este dinamismo que tuvimos en la formaci\u00f3n de este primer congreso. Es un camino que se inicia en todo lo que vendr\u00e1 en lo relativo a capacitaciones. Las dos partes estamos convencidas de la importancia que tiene la formaci\u00f3n y el primer producto ser\u00e1 este congreso en las instalaciones de Ciencias Econ\u00f3micas\u201d.<\/p>\n<p>Agreg\u00f3: \u201cTodos los formadores, capacitadores, profesores de Educaci\u00f3n F\u00edsica y dirigentes tambi\u00e9n puedan participar, porque el temario tendr\u00e1 un eje transversal que impactar\u00e1 mucho en la formaci\u00f3n de chicos y adolescentes y nos nutrir\u00e1 de mucha capacidad t\u00e9cnica\u201d.<\/p>\n<p>Por su parte,<strong> Pablo Galarz<\/strong>a afirm\u00f3: \u201cLa firma de este convenio refleja un trabajo entre la facultad y la secretar\u00eda de todo el a\u00f1o. Concreta una firma real del v\u00ednculo institucional pero, m\u00e1s all\u00e1, una agenda para 2026 de lo que ah\u00ed nos relaciona como facultad, que es la formaci\u00f3n, en este caso del mundo del deporte\u201d.<\/p>\n<p>El encuentro se extender\u00e1 de 9 a 17 y ser\u00e1 gratuito, orient\u00e1ndose a docentes, entrenadores, dirigentes, equipos t\u00e9cnicos, estudiantes, profesionales de la salud y actores vinculados al deporte comunitario, federado y educativo. Los ejes abordar\u00e1n iniciaci\u00f3n deportiva, desarrollo motor, pedagog\u00eda, fases sensibles, deporte adaptado, ciencia aplicada y formaci\u00f3n integral.<\/p>\n<p>Se proyecta que este congreso inaugure un circuito provincial de formaci\u00f3n continua, articulando a la universidad, el Estado y las instituciones deportivas, con el fin de fortalecer capacidades t\u00e9cnicas y generar pol\u00edticas sostenidas de desarrollo deportivo en Entre R\u00edos.<\/p>\n","protected":false},"excerpt":{"rendered":"<p>La Secretar\u00eda de Deportes, dependiente de la Secretar\u00eda General de la Gobernaci\u00f3n, firm\u00f3 un convenio con la Facultad de Ciencias Econ\u00f3micas de la UNER para realizar el Congreso Provincial de Desarrollo Deportivo. Se desarrollar\u00e1 el s\u00e1bado 29 en la sede acad\u00e9mica de Paran\u00e1.<\/p>\n","protected":false},"author":2,"featured_media":241534,"comment_status":"open","ping_status":"open","sticky":false,"template":"","format":"standard","meta":{"fifu_image_url":"https:\/\/www.eldiario.com.ar\/wp-content\/uploads\/2025\/11\/image-44-1600x1067.jpeg","fifu_image_alt":"","footnotes":""},"categories":[6],"tags":[],"class_list":{"0":"post-241533","1":"post","2":"type-post","3":"status-publish","4":"format-standard","5":"has-post-thumbnail","7":"category-entre-rios"},"yoast_head":"<title>Provincia y la UNER impulsan un espacio de desarrollo deportivo - Informe Litoral<\/title>\n<meta name=\"robots\" content=\"index, follow, max-snippet:-1, max-image-preview:large, max-video-preview:-1\" \/>\n<link rel=\"canonical\" href=\"https:\/\/informelitoral.com.ar\/provincia-y-la-uner-impulsan-un-espacio-de-desarrollo-deportivo\/\" \/>\n<meta property=\"og:locale\" content=\"es_ES\" \/>\n<meta property=\"og:type\" content=\"article\" \/>\n<meta property=\"og:title\" content=\"Provincia y la UNER impulsan un espacio de desarrollo deportivo - Informe Litoral\" \/>\n<meta property=\"og:description\" content=\"La Secretar\u00eda de Deportes, dependiente de la Secretar\u00eda General de la Gobernaci\u00f3n, firm\u00f3 un convenio con la Facultad de Ciencias Econ\u00f3micas de la UNER para realizar el Congreso Provincial de Desarrollo Deportivo. Se desarrollar\u00e1 el s\u00e1bado 29 en la sede acad\u00e9mica de Paran\u00e1.\" \/>\n<meta property=\"og:url\" content=\"https:\/\/informelitoral.com.ar\/provincia-y-la-uner-impulsan-un-espacio-de-desarrollo-deportivo\/\" \/>\n<meta property=\"og:site_name\" content=\"Informe Litoral\" \/>\n<meta property=\"article:publisher\" content=\"https:\/\/www.facebook.com\/informelitoral\/\" \/>\n<meta property=\"article:published_time\" content=\"2025-11-21T23:23:25+00:00\" \/>\n<meta property=\"article:modified_time\" content=\"2025-11-25T23:25:23+00:00\" \/>\n<meta property=\"og:image\" content=\"https:\/\/www.eldiario.com.ar\/%77%70%2d%63%6f%6e%74%65%6e%74\/uploads\/2025\/11\/image-44-1600x1067.jpeg\" \/>\n<meta name=\"author\" content=\"Gonzalo Schmidt\" \/>\n<meta name=\"twitter:card\" content=\"summary_large_image\" \/>\n<meta name=\"twitter:image\" content=\"https:\/\/www.eldiario.com.ar\/%77%70%2d%63%6f%6e%74%65%6e%74\/uploads\/2025\/11\/image-44-1600x1067.jpeg\" \/>\n<meta name=\"twitter:creator\" content=\"@InformeLitoral\" \/>\n<meta name=\"twitter:site\" content=\"@InformeLitoral\" \/>\n<meta name=\"twitter:label1\" content=\"Escrito por\" \/>\n\t<meta name=\"twitter:data1\" content=\"Gonzalo Schmidt\" \/>\n\t<meta name=\"twitter:label2\" content=\"Tiempo de lectura\" \/>\n\t<meta name=\"twitter:data2\" content=\"2 minutos\" \/>\n<script type=\"application\/ld+json\" class=\"yoast-schema-graph\">{\"@context\":\"https:\\\/\\\/schema.org\",\"@graph\":[{\"@type\":\"Article\",\"@id\":\"https:\\\/\\\/informelitoral.com.ar\\\/provincia-y-la-uner-impulsan-un-espacio-de-desarrollo-deportivo\\\/#article\",\"isPartOf\":{\"@id\":\"https:\\\/\\\/informelitoral.com.ar\\\/provincia-y-la-uner-impulsan-un-espacio-de-desarrollo-deportivo\\\/\"},\"author\":{\"name\":\"Gonzalo Schmidt\",\"@id\":\"https:\\\/\\\/informelitoral.com.ar\\\/#\\\/schema\\\/person\\\/b9d00407c836482871ef1d57bf8e3180\"},\"headline\":\"Provincia y la UNER impulsan un espacio de desarrollo deportivo\",\"datePublished\":\"2025-11-21T23:23:25+00:00\",\"dateModified\":\"2025-11-25T23:25:23+00:00\",\"mainEntityOfPage\":{\"@id\":\"https:\\\/\\\/informelitoral.com.ar\\\/provincia-y-la-uner-impulsan-un-espacio-de-desarrollo-deportivo\\\/\"},\"wordCount\":356,\"commentCount\":0,\"publisher\":{\"@id\":\"https:\\\/\\\/informelitoral.com.ar\\\/#organization\"},\"image\":{\"@id\":\"https:\\\/\\\/informelitoral.com.ar\\\/provincia-y-la-uner-impulsan-un-espacio-de-desarrollo-deportivo\\\/#primaryimage\"},\"thumbnailUrl\":\"https:\\\/\\\/www.eldiario.com.ar\\\/%77%70%2d%63%6f%6e%74%65%6e%74\\\/uploads\\\/2025\\\/11\\\/image-44-1600x1067.jpeg\",\"articleSection\":[\"Entre R\u00edos\"],\"inLanguage\":\"es\",\"potentialAction\":[{\"@type\":\"CommentAction\",\"name\":\"Comment\",\"target\":[\"https:\\\/\\\/informelitoral.com.ar\\\/provincia-y-la-uner-impulsan-un-espacio-de-desarrollo-deportivo\\\/#respond\"]}]},{\"@type\":\"WebPage\",\"@id\":\"https:\\\/\\\/informelitoral.com.ar\\\/provincia-y-la-uner-impulsan-un-espacio-de-desarrollo-deportivo\\\/\",\"url\":\"https:\\\/\\\/informelitoral.com.ar\\\/provincia-y-la-uner-impulsan-un-espacio-de-desarrollo-deportivo\\\/\",\"name\":\"Provincia y la UNER impulsan un espacio de desarrollo deportivo - Informe Litoral\",\"isPartOf\":{\"@id\":\"https:\\\/\\\/informelitoral.com.ar\\\/#website\"},\"primaryImageOfPage\":{\"@id\":\"https:\\\/\\\/informelitoral.com.ar\\\/provincia-y-la-uner-impulsan-un-espacio-de-desarrollo-deportivo\\\/#primaryimage\"},\"image\":{\"@id\":\"https:\\\/\\\/informelitoral.com.ar\\\/provincia-y-la-uner-impulsan-un-espacio-de-desarrollo-deportivo\\\/#primaryimage\"},\"thumbnailUrl\":\"https:\\\/\\\/www.eldiario.com.ar\\\/%77%70%2d%63%6f%6e%74%65%6e%74\\\/uploads\\\/2025\\\/11\\\/image-44-1600x1067.jpeg\",\"datePublished\":\"2025-11-21T23:23:25+00:00\",\"dateModified\":\"2025-11-25T23:25:23+00:00\",\"breadcrumb\":{\"@id\":\"https:\\\/\\\/informelitoral.com.ar\\\/provincia-y-la-uner-impulsan-un-espacio-de-desarrollo-deportivo\\\/#breadcrumb\"},\"inLanguage\":\"es\",\"potentialAction\":[{\"@type\":\"ReadAction\",\"target\":[\"https:\\\/\\\/informelitoral.com.ar\\\/provincia-y-la-uner-impulsan-un-espacio-de-desarrollo-deportivo\\\/\"]}]},{\"@type\":\"ImageObject\",\"inLanguage\":\"es\",\"@id\":\"https:\\\/\\\/informelitoral.com.ar\\\/provincia-y-la-uner-impulsan-un-espacio-de-desarrollo-deportivo\\\/#primaryimage\",\"url\":\"https:\\\/\\\/www.eldiario.com.ar\\\/%77%70%2d%63%6f%6e%74%65%6e%74\\\/uploads\\\/2025\\\/11\\\/image-44-1600x1067.jpeg\",\"contentUrl\":\"https:\\\/\\\/www.eldiario.com.ar\\\/%77%70%2d%63%6f%6e%74%65%6e%74\\\/uploads\\\/2025\\\/11\\\/image-44-1600x1067.jpeg\",\"width\":\"1600\",\"height\":\"1067\"},{\"@type\":\"BreadcrumbList\",\"@id\":\"https:\\\/\\\/informelitoral.com.ar\\\/provincia-y-la-uner-impulsan-un-espacio-de-desarrollo-deportivo\\\/#breadcrumb\",\"itemListElement\":[{\"@type\":\"ListItem\",\"position\":1,\"name\":\"Portada\",\"item\":\"https:\\\/\\\/informelitoral.com.ar\\\/\"},{\"@type\":\"ListItem\",\"position\":2,\"name\":\"Provincia y la UNER impulsan un espacio de desarrollo deportivo\"}]},{\"@type\":\"WebSite\",\"@id\":\"https:\\\/\\\/informelitoral.com.ar\\\/#website\",\"url\":\"https:\\\/\\\/informelitoral.com.ar\\\/\",\"name\":\"Informe Litoral\",\"description\":\"&quot;Nos informamos&quot; \",\"publisher\":{\"@id\":\"https:\\\/\\\/informelitoral.com.ar\\\/#organization\"},\"potentialAction\":[{\"@type\":\"SearchAction\",\"target\":{\"@type\":\"EntryPoint\",\"urlTemplate\":\"https:\\\/\\\/informelitoral.com.ar\\\/?s={search_term_string}\"},\"query-input\":{\"@type\":\"PropertyValueSpecification\",\"valueRequired\":true,\"valueName\":\"search_term_string\"}}],\"inLanguage\":\"es\"},{\"@type\":\"Organization\",\"@id\":\"https:\\\/\\\/informelitoral.com.ar\\\/#organization\",\"name\":\"Informe Litoral\",\"url\":\"https:\\\/\\\/informelitoral.com.ar\\\/\",\"logo\":{\"@type\":\"ImageObject\",\"inLanguage\":\"es\",\"@id\":\"https:\\\/\\\/informelitoral.com.ar\\\/#\\\/schema\\\/logo\\\/image\\\/\",\"url\":\"https:\\\/\\\/informelitoral.com.ar\\\/%77%70%2d%63%6f%6e%74%65%6e%74\\\/uploads\\\/2021\\\/01\\\/circulo.png\",\"contentUrl\":\"https:\\\/\\\/informelitoral.com.ar\\\/%77%70%2d%63%6f%6e%74%65%6e%74\\\/uploads\\\/2021\\\/01\\\/circulo.png\",\"width\":723,\"height\":731,\"caption\":\"Informe Litoral\"},\"image\":{\"@id\":\"https:\\\/\\\/informelitoral.com.ar\\\/#\\\/schema\\\/logo\\\/image\\\/\"},\"sameAs\":[\"https:\\\/\\\/www.facebook.com\\\/informelitoral\\\/\",\"https:\\\/\\\/x.com\\\/InformeLitoral\",\"https:\\\/\\\/www.instagram.com\\\/informelitoral\\\/\",\"https:\\\/\\\/www.youtube.com\\\/channel\\\/UCua4Qvz8Icb6MYqhoq9xLXw\"]},{\"@type\":\"Person\",\"@id\":\"https:\\\/\\\/informelitoral.com.ar\\\/#\\\/schema\\\/person\\\/b9d00407c836482871ef1d57bf8e3180\",\"name\":\"Gonzalo Schmidt\",\"image\":{\"@type\":\"ImageObject\",\"inLanguage\":\"es\",\"@id\":\"https:\\\/\\\/secure.gravatar.com\\\/avatar\\\/31a1a7b66ff2de83bd0e9fd79d026630d2d99e55e8bfe501287647b4fd9743de?s=96&d=mm&r=g\",\"url\":\"https:\\\/\\\/secure.gravatar.com\\\/avatar\\\/31a1a7b66ff2de83bd0e9fd79d026630d2d99e55e8bfe501287647b4fd9743de?s=96&d=mm&r=g\",\"contentUrl\":\"https:\\\/\\\/secure.gravatar.com\\\/avatar\\\/31a1a7b66ff2de83bd0e9fd79d026630d2d99e55e8bfe501287647b4fd9743de?s=96&d=mm&r=g\",\"caption\":\"Gonzalo Schmidt\"},\"description\":\"Sitio web de noticias de la provincia de Entre R\u00edos, Argentina. Informaci\u00f3n y entretenimiento. Informe Litoral, nos informamos.\",\"sameAs\":[\"http:\\\/\\\/www.isletasnoticias.com.ar\"],\"url\":\"https:\\\/\\\/informelitoral.com.ar\\\/author\\\/gonzalo\\\/\"}]}<\/script>","yoast_head_json":{"title":"Provincia y la UNER impulsan un espacio de desarrollo deportivo - Informe Litoral","robots":{"index":"index","follow":"follow","max-snippet":"max-snippet:-1","max-image-preview":"max-image-preview:large","max-video-preview":"max-video-preview:-1"},"canonical":"https:\/\/informelitoral.com.ar\/provincia-y-la-uner-impulsan-un-espacio-de-desarrollo-deportivo\/","og_locale":"es_ES","og_type":"article","og_title":"Provincia y la UNER impulsan un espacio de desarrollo deportivo - Informe Litoral","og_description":"La Secretar\u00eda de Deportes, dependiente de la Secretar\u00eda General de la Gobernaci\u00f3n, firm\u00f3 un convenio con la Facultad de Ciencias Econ\u00f3micas de la UNER para realizar el Congreso Provincial de Desarrollo Deportivo. Se desarrollar\u00e1 el s\u00e1bado 29 en la sede acad\u00e9mica de Paran\u00e1.","og_url":"https:\/\/informelitoral.com.ar\/provincia-y-la-uner-impulsan-un-espacio-de-desarrollo-deportivo\/","og_site_name":"Informe Litoral","article_publisher":"https:\/\/www.facebook.com\/informelitoral\/","article_published_time":"2025-11-21T23:23:25+00:00","article_modified_time":"2025-11-25T23:25:23+00:00","og_image":[{"url":"https:\/\/www.eldiario.com.ar\/wp-content\/uploads\/2025\/11\/image-44-1600x1067.jpeg","type":"","width":"","height":""}],"author":"Gonzalo Schmidt","twitter_card":"summary_large_image","twitter_image":"https:\/\/www.eldiario.com.ar\/wp-content\/uploads\/2025\/11\/image-44-1600x1067.jpeg","twitter_creator":"@InformeLitoral","twitter_site":"@InformeLitoral","twitter_misc":{"Escrito por":"Gonzalo Schmidt","Tiempo de lectura":"2 minutos"},"schema":{"@context":"https:\/\/schema.org","@graph":[{"@type":"Article","@id":"https:\/\/informelitoral.com.ar\/provincia-y-la-uner-impulsan-un-espacio-de-desarrollo-deportivo\/#article","isPartOf":{"@id":"https:\/\/informelitoral.com.ar\/provincia-y-la-uner-impulsan-un-espacio-de-desarrollo-deportivo\/"},"author":{"name":"Gonzalo Schmidt","@id":"https:\/\/informelitoral.com.ar\/#\/schema\/person\/b9d00407c836482871ef1d57bf8e3180"},"headline":"Provincia y la UNER impulsan un espacio de desarrollo deportivo","datePublished":"2025-11-21T23:23:25+00:00","dateModified":"2025-11-25T23:25:23+00:00","mainEntityOfPage":{"@id":"https:\/\/informelitoral.com.ar\/provincia-y-la-uner-impulsan-un-espacio-de-desarrollo-deportivo\/"},"wordCount":356,"commentCount":0,"publisher":{"@id":"https:\/\/informelitoral.com.ar\/#organization"},"image":{"@id":"https:\/\/informelitoral.com.ar\/provincia-y-la-uner-impulsan-un-espacio-de-desarrollo-deportivo\/#primaryimage"},"thumbnailUrl":"https:\/\/www.eldiario.com.ar\/%77%70%2d%63%6f%6e%74%65%6e%74\/uploads\/2025\/11\/image-44-1600x1067.jpeg","articleSection":["Entre R\u00edos"],"inLanguage":"es","potentialAction":[{"@type":"CommentAction","name":"Comment","target":["https:\/\/informelitoral.com.ar\/provincia-y-la-uner-impulsan-un-espacio-de-desarrollo-deportivo\/#respond"]}]},{"@type":"WebPage","@id":"https:\/\/informelitoral.com.ar\/provincia-y-la-uner-impulsan-un-espacio-de-desarrollo-deportivo\/","url":"https:\/\/informelitoral.com.ar\/provincia-y-la-uner-impulsan-un-espacio-de-desarrollo-deportivo\/","name":"Provincia y la UNER impulsan un espacio de desarrollo deportivo - Informe Litoral","isPartOf":{"@id":"https:\/\/informelitoral.com.ar\/#website"},"primaryImageOfPage":{"@id":"https:\/\/informelitoral.com.ar\/provincia-y-la-uner-impulsan-un-espacio-de-desarrollo-deportivo\/#primaryimage"},"image":{"@id":"https:\/\/informelitoral.com.ar\/provincia-y-la-uner-impulsan-un-espacio-de-desarrollo-deportivo\/#primaryimage"},"thumbnailUrl":"https:\/\/www.eldiario.com.ar\/%77%70%2d%63%6f%6e%74%65%6e%74\/uploads\/2025\/11\/image-44-1600x1067.jpeg","datePublished":"2025-11-21T23:23:25+00:00","dateModified":"2025-11-25T23:25:23+00:00","breadcrumb":{"@id":"https:\/\/informelitoral.com.ar\/provincia-y-la-uner-impulsan-un-espacio-de-desarrollo-deportivo\/#breadcrumb"},"inLanguage":"es","potentialAction":[{"@type":"ReadAction","target":["https:\/\/informelitoral.com.ar\/provincia-y-la-uner-impulsan-un-espacio-de-desarrollo-deportivo\/"]}]},{"@type":"ImageObject","inLanguage":"es","@id":"https:\/\/informelitoral.com.ar\/provincia-y-la-uner-impulsan-un-espacio-de-desarrollo-deportivo\/#primaryimage","url":"https:\/\/www.eldiario.com.ar\/%77%70%2d%63%6f%6e%74%65%6e%74\/uploads\/2025\/11\/image-44-1600x1067.jpeg","contentUrl":"https:\/\/www.eldiario.com.ar\/%77%70%2d%63%6f%6e%74%65%6e%74\/uploads\/2025\/11\/image-44-1600x1067.jpeg","width":"1600","height":"1067"},{"@type":"BreadcrumbList","@id":"https:\/\/informelitoral.com.ar\/provincia-y-la-uner-impulsan-un-espacio-de-desarrollo-deportivo\/#breadcrumb","itemListElement":[{"@type":"ListItem","position":1,"name":"Portada","item":"https:\/\/informelitoral.com.ar\/"},{"@type":"ListItem","position":2,"name":"Provincia y la UNER impulsan un espacio de desarrollo deportivo"}]},{"@type":"WebSite","@id":"https:\/\/informelitoral.com.ar\/#website","url":"https:\/\/informelitoral.com.ar\/","name":"Informe Litoral","description":"&quot;Nos informamos&quot; ","publisher":{"@id":"https:\/\/informelitoral.com.ar\/#organization"},"potentialAction":[{"@type":"SearchAction","target":{"@type":"EntryPoint","urlTemplate":"https:\/\/informelitoral.com.ar\/?s={search_term_string}"},"query-input":{"@type":"PropertyValueSpecification","valueRequired":true,"valueName":"search_term_string"}}],"inLanguage":"es"},{"@type":"Organization","@id":"https:\/\/informelitoral.com.ar\/#organization","name":"Informe Litoral","url":"https:\/\/informelitoral.com.ar\/","logo":{"@type":"ImageObject","inLanguage":"es","@id":"https:\/\/informelitoral.com.ar\/#\/schema\/logo\/image\/","url":"https:\/\/informelitoral.com.ar\/%77%70%2d%63%6f%6e%74%65%6e%74\/uploads\/2021\/01\/circulo.png","contentUrl":"https:\/\/informelitoral.com.ar\/%77%70%2d%63%6f%6e%74%65%6e%74\/uploads\/2021\/01\/circulo.png","width":723,"height":731,"caption":"Informe Litoral"},"image":{"@id":"https:\/\/informelitoral.com.ar\/#\/schema\/logo\/image\/"},"sameAs":["https:\/\/www.facebook.com\/informelitoral\/","https:\/\/x.com\/InformeLitoral","https:\/\/www.instagram.com\/informelitoral\/","https:\/\/www.youtube.com\/channel\/UCua4Qvz8Icb6MYqhoq9xLXw"]},{"@type":"Person","@id":"https:\/\/informelitoral.com.ar\/#\/schema\/person\/b9d00407c836482871ef1d57bf8e3180","name":"Gonzalo Schmidt","image":{"@type":"ImageObject","inLanguage":"es","@id":"https:\/\/secure.gravatar.com\/avatar\/31a1a7b66ff2de83bd0e9fd79d026630d2d99e55e8bfe501287647b4fd9743de?s=96&d=mm&r=g","url":"https:\/\/secure.gravatar.com\/avatar\/31a1a7b66ff2de83bd0e9fd79d026630d2d99e55e8bfe501287647b4fd9743de?s=96&d=mm&r=g","contentUrl":"https:\/\/secure.gravatar.com\/avatar\/31a1a7b66ff2de83bd0e9fd79d026630d2d99e55e8bfe501287647b4fd9743de?s=96&d=mm&r=g","caption":"Gonzalo Schmidt"},"description":"Sitio web de noticias de la provincia de Entre R\u00edos, Argentina. Informaci\u00f3n y entretenimiento. Informe Litoral, nos informamos.","sameAs":["http:\/\/www.isletasnoticias.com.ar"],"url":"https:\/\/informelitoral.com.ar\/author\/gonzalo\/"}]}},"fifu_image_url":"https:\/\/www.eldiario.com.ar\/wp-content\/uploads\/2025\/11\/image-44-1600x1067.jpeg","_links":{"self":[{"href":"https:\/\/informelitoral.com.ar\/%77%70%2d%6a%73%6f%6e\/wp\/v2\/posts\/241533","targetHints":{"allow":["GET"]}}],"collection":[{"href":"https:\/\/informelitoral.com.ar\/%77%70%2d%6a%73%6f%6e\/wp\/v2\/posts"}],"about":[{"href":"https:\/\/informelitoral.com.ar\/%77%70%2d%6a%73%6f%6e\/wp\/v2\/types\/post"}],"author":[{"embeddable":true,"href":"https:\/\/informelitoral.com.ar\/%77%70%2d%6a%73%6f%6e\/wp\/v2\/users\/2"}],"replies":[{"embeddable":true,"href":"https:\/\/informelitoral.com.ar\/%77%70%2d%6a%73%6f%6e\/wp\/v2\/comments?post=241533"}],"version-history":[{"count":1,"href":"https:\/\/informelitoral.com.ar\/%77%70%2d%6a%73%6f%6e\/wp\/v2\/posts\/241533\/revisions"}],"predecessor-version":[{"id":241535,"href":"https:\/\/informelitoral.com.ar\/%77%70%2d%6a%73%6f%6e\/wp\/v2\/posts\/241533\/revisions\/241535"}],"wp:featuredmedia":[{"embeddable":true,"href":"https:\/\/informelitoral.com.ar\/%77%70%2d%6a%73%6f%6e\/wp\/v2\/media\/241534"}],"wp:attachment":[{"href":"https:\/\/informelitoral.com.ar\/%77%70%2d%6a%73%6f%6e\/wp\/v2\/media?parent=241533"}],"wp:term":[{"taxonomy":"category","embeddable":true,"href":"https:\/\/informelitoral.com.ar\/%77%70%2d%6a%73%6f%6e\/wp\/v2\/categories?post=241533"},{"taxonomy":"post_tag","embeddable":true,"href":"https:\/\/informelitoral.com.ar\/%77%70%2d%6a%73%6f%6e\/wp\/v2\/tags?post=241533"}],"curies":[{"name":"wp","href":"https:\/\/api.w.org\/{rel}","templated":true}]}}