{"id":241287,"date":"2025-11-20T09:47:23","date_gmt":"2025-11-20T12:47:23","guid":{"rendered":"https:\/\/informelitoral.com.ar\/?p=241287"},"modified":"2025-11-20T09:51:33","modified_gmt":"2025-11-20T12:51:33","slug":"parana-despliega-su-agenda-de-fin-de-semana-largo-diseno-cultura-y-competencias-acuaticas","status":"publish","type":"post","link":"https:\/\/informelitoral.com.ar\/parana-despliega-su-agenda-de-fin-de-semana-largo-diseno-cultura-y-competencias-acuaticas\/","title":{"rendered":"Paran\u00e1 despliega su agenda de fin de semana largo: dise\u00f1o, cultura y competencias acu\u00e1ticas"},"content":{"rendered":"<p data-path-to-node=\"2\">La ciudad de Paran\u00e1 se encuentra en la antesala de un nuevo fin de semana largo que se extender\u00e1 hasta el lunes 24 de noviembre, D\u00eda de la Soberan\u00eda Nacional, y despliega una robusta agenda pensada para captar el flujo tur\u00edstico y dinamizar la econom\u00eda local. La programaci\u00f3n, que abarca desde propuestas culturales y de dise\u00f1o hasta actividades deportivas n\u00e1uticas y paseos por la naturaleza, busca consolidar a la capital entrerriana como un destino de escapadas en la previa de la temporada de verano.<\/p>\n<h6 data-path-to-node=\"2\"><em><strong>Del archivo:\u00a0<a href=\"https:\/\/informelitoral.com.ar\/inauguraron-un-nuevo-edificio-para-las-divisiones-de-homicidios-y-delitos-economicos-en-parana\/\" target=\"_blank\" rel=\"noopener\">Inauguraron un nuevo edificio para las divisiones de Homicidios y Delitos Econ\u00f3micos en Paran\u00e1<\/a><\/strong><\/em><\/h6>\n<p data-path-to-node=\"3\">El Jefe de Gabinete, Santiago Halle, destac\u00f3 que el calendario de eventos es producto de un esfuerzo conjunto entre el municipio y la comunidad, generando espacios para que artistas, emprendedores y deportistas puedan mostrar sus talentos. Por su parte, el subsecretario de Turismo, Agust\u00edn Clavenzani, remarc\u00f3 que este fin de semana es clave, ya que sienta las bases de las expectativas para el verano, utilizando el turismo como un escenario para mostrar la mejor cara de la ciudad.<\/p>\n<p data-path-to-node=\"3\"><img decoding=\"async\" src=\"https:\/\/www.parana.gob.ar\/writable\/uploads\/1763567490_92e1c2deb57f8ef283c5.jpeg\" \/><\/p>\n<p data-path-to-node=\"4\">Entre las propuestas que encabezan la cartelera, se destaca la <b>Feria Dise\u00f1a Paran\u00e1<\/b>, que tendr\u00e1 su cuarta edici\u00f3n en la Sala Mayo desde este viernes 21 al domingo 23, con entrada libre y gratuita en el horario de 17 a 22 horas. El Subsecretario de Producci\u00f3n, Oscar Bustamante, anticip\u00f3 que la feria presentar\u00e1 un dise\u00f1o local con productos inspirados en el r\u00edo y la sostenibilidad, mostrando un nivel de calidad superior al de a\u00f1os anteriores.<\/p>\n<p data-path-to-node=\"5\">En el \u00e1mbito cultural, se llevar\u00e1 a cabo <b>La Noche de las Galer\u00edas<\/b>, una iniciativa que articula el trabajo del sector p\u00fablico y privado para acercar diversas expresiones art\u00edsticas a los vecinos y visitantes, junto a una variada programaci\u00f3n en el Centro Cultural Juan L. Ortiz.<\/p>\n<p data-path-to-node=\"6\">La naturaleza y el deporte tambi\u00e9n tienen un lugar preponderante, con actividades que invitan a disfrutar del corredor ribere\u00f1o. Se han programado recorridos guiados por los humedales, visitas a la Reserva Natural Islote Curup\u00ed y circuitos pedestres bajo el nombre \u201cDescubr\u00ed Paran\u00e1\u201d. Adem\u00e1s, la <b>actividad deportiva<\/b> se concentra en el r\u00edo con el Campeonato Argentino de Wakeboard y Wakesurf en el Thompson y la 4\u00aa fecha del Entrerriano de Canotaje.<\/p>\n<h6 data-path-to-node=\"6\"><em><strong>Del archivo:\u00a0<a href=\"https:\/\/informelitoral.com.ar\/parana-reafirmo-su-sede-para-el-seven-de-la-republica-2025\/\" target=\"_blank\" rel=\"noopener\">Paran\u00e1 reafirm\u00f3 su sede para el Seven de la Rep\u00fablica 2025<\/a><\/strong><\/em><\/h6>\n<p data-path-to-node=\"7\">El fin de semana se complementa con el <b>Paseo Matero<\/b> con emprendedores y artesanos, y la Feria en el Parque Bot\u00e1nico que se realizar\u00e1 el domingo en el marco del D\u00eda de la Mujer Emprendedora, sumando opciones gastron\u00f3micas y de esparcimiento para toda la familia.(<em>Informe Litoral<\/em>)<\/p>\n","protected":false},"excerpt":{"rendered":"<p>Con la Feria Dise\u00f1a Paran\u00e1 y La Noche de las Galer\u00edas como pilares, la capital entrerriana ofrece cuatro d\u00edas de intensa actividad cultural, deportiva y ribere\u00f1a.<\/p>\n","protected":false},"author":8,"featured_media":241288,"comment_status":"open","ping_status":"open","sticky":false,"template":"","format":"standard","meta":{"fifu_image_url":"https:\/\/www.parana.gob.ar\/writable\/uploads\/20cf7a7058ccca5e3fe72d588f63caa9.jpg","fifu_image_alt":"","footnotes":""},"categories":[1597],"tags":[45,104],"class_list":{"0":"post-241287","1":"post","2":"type-post","3":"status-publish","4":"format-standard","5":"has-post-thumbnail","7":"category-parana","8":"tag-parana","9":"tag-turismo"},"yoast_head":"<title>Paran\u00e1 despliega su agenda de fin de semana largo: dise\u00f1o, cultura y competencias acu\u00e1ticas - Informe Litoral<\/title>\n<meta name=\"robots\" content=\"index, follow, max-snippet:-1, max-image-preview:large, max-video-preview:-1\" \/>\n<link rel=\"canonical\" href=\"https:\/\/informelitoral.com.ar\/parana-despliega-su-agenda-de-fin-de-semana-largo-diseno-cultura-y-competencias-acuaticas\/\" \/>\n<meta property=\"og:locale\" content=\"es_ES\" \/>\n<meta property=\"og:type\" content=\"article\" \/>\n<meta property=\"og:title\" content=\"Paran\u00e1 despliega su agenda de fin de semana largo: dise\u00f1o, cultura y competencias acu\u00e1ticas - Informe Litoral\" \/>\n<meta property=\"og:description\" content=\"Con la Feria Dise\u00f1a Paran\u00e1 y La Noche de las Galer\u00edas como pilares, la capital entrerriana ofrece cuatro d\u00edas de intensa actividad cultural, deportiva y ribere\u00f1a.\" \/>\n<meta property=\"og:url\" content=\"https:\/\/informelitoral.com.ar\/parana-despliega-su-agenda-de-fin-de-semana-largo-diseno-cultura-y-competencias-acuaticas\/\" \/>\n<meta property=\"og:site_name\" content=\"Informe Litoral\" \/>\n<meta property=\"article:publisher\" content=\"https:\/\/www.facebook.com\/informelitoral\/\" \/>\n<meta property=\"article:published_time\" content=\"2025-11-20T12:47:23+00:00\" \/>\n<meta property=\"article:modified_time\" content=\"2025-11-20T12:51:33+00:00\" \/>\n<meta property=\"og:image\" content=\"https:\/\/www.parana.gob.ar\/writable\/uploads\/20cf7a7058ccca5e3fe72d588f63caa9.jpg\" \/>\n<meta name=\"author\" content=\"Sebastian\" \/>\n<meta name=\"twitter:card\" content=\"summary_large_image\" \/>\n<meta name=\"twitter:image\" content=\"https:\/\/www.parana.gob.ar\/writable\/uploads\/20cf7a7058ccca5e3fe72d588f63caa9.jpg\" \/>\n<meta name=\"twitter:creator\" content=\"@InformeLitoral\" \/>\n<meta name=\"twitter:site\" content=\"@InformeLitoral\" \/>\n<meta name=\"twitter:label1\" content=\"Escrito por\" \/>\n\t<meta name=\"twitter:data1\" content=\"Sebastian\" \/>\n\t<meta name=\"twitter:label2\" content=\"Tiempo de lectura\" \/>\n\t<meta name=\"twitter:data2\" content=\"3 minutos\" \/>\n<script type=\"application\/ld+json\" class=\"yoast-schema-graph\">{\"@context\":\"https:\\\/\\\/schema.org\",\"@graph\":[{\"@type\":\"Article\",\"@id\":\"https:\\\/\\\/informelitoral.com.ar\\\/parana-despliega-su-agenda-de-fin-de-semana-largo-diseno-cultura-y-competencias-acuaticas\\\/#article\",\"isPartOf\":{\"@id\":\"https:\\\/\\\/informelitoral.com.ar\\\/parana-despliega-su-agenda-de-fin-de-semana-largo-diseno-cultura-y-competencias-acuaticas\\\/\"},\"author\":{\"name\":\"Sebastian\",\"@id\":\"https:\\\/\\\/informelitoral.com.ar\\\/#\\\/schema\\\/person\\\/f05f9f461677119578717524b127d6d5\"},\"headline\":\"Paran\u00e1 despliega su agenda de fin de semana largo: dise\u00f1o, cultura y competencias acu\u00e1ticas\",\"datePublished\":\"2025-11-20T12:47:23+00:00\",\"dateModified\":\"2025-11-20T12:51:33+00:00\",\"mainEntityOfPage\":{\"@id\":\"https:\\\/\\\/informelitoral.com.ar\\\/parana-despliega-su-agenda-de-fin-de-semana-largo-diseno-cultura-y-competencias-acuaticas\\\/\"},\"wordCount\":465,\"commentCount\":0,\"publisher\":{\"@id\":\"https:\\\/\\\/informelitoral.com.ar\\\/#organization\"},\"image\":{\"@id\":\"https:\\\/\\\/informelitoral.com.ar\\\/parana-despliega-su-agenda-de-fin-de-semana-largo-diseno-cultura-y-competencias-acuaticas\\\/#primaryimage\"},\"thumbnailUrl\":\"https:\\\/\\\/www.parana.gob.ar\\\/writable\\\/uploads\\\/20cf7a7058ccca5e3fe72d588f63caa9.jpg\",\"keywords\":[\"Paran\u00e1\",\"Turismo\"],\"articleSection\":[\"Paran\u00e1\"],\"inLanguage\":\"es\",\"potentialAction\":[{\"@type\":\"CommentAction\",\"name\":\"Comment\",\"target\":[\"https:\\\/\\\/informelitoral.com.ar\\\/parana-despliega-su-agenda-de-fin-de-semana-largo-diseno-cultura-y-competencias-acuaticas\\\/#respond\"]}]},{\"@type\":\"WebPage\",\"@id\":\"https:\\\/\\\/informelitoral.com.ar\\\/parana-despliega-su-agenda-de-fin-de-semana-largo-diseno-cultura-y-competencias-acuaticas\\\/\",\"url\":\"https:\\\/\\\/informelitoral.com.ar\\\/parana-despliega-su-agenda-de-fin-de-semana-largo-diseno-cultura-y-competencias-acuaticas\\\/\",\"name\":\"Paran\u00e1 despliega su agenda de fin de semana largo: dise\u00f1o, cultura y competencias acu\u00e1ticas - Informe Litoral\",\"isPartOf\":{\"@id\":\"https:\\\/\\\/informelitoral.com.ar\\\/#website\"},\"primaryImageOfPage\":{\"@id\":\"https:\\\/\\\/informelitoral.com.ar\\\/parana-despliega-su-agenda-de-fin-de-semana-largo-diseno-cultura-y-competencias-acuaticas\\\/#primaryimage\"},\"image\":{\"@id\":\"https:\\\/\\\/informelitoral.com.ar\\\/parana-despliega-su-agenda-de-fin-de-semana-largo-diseno-cultura-y-competencias-acuaticas\\\/#primaryimage\"},\"thumbnailUrl\":\"https:\\\/\\\/www.parana.gob.ar\\\/writable\\\/uploads\\\/20cf7a7058ccca5e3fe72d588f63caa9.jpg\",\"datePublished\":\"2025-11-20T12:47:23+00:00\",\"dateModified\":\"2025-11-20T12:51:33+00:00\",\"breadcrumb\":{\"@id\":\"https:\\\/\\\/informelitoral.com.ar\\\/parana-despliega-su-agenda-de-fin-de-semana-largo-diseno-cultura-y-competencias-acuaticas\\\/#breadcrumb\"},\"inLanguage\":\"es\",\"potentialAction\":[{\"@type\":\"ReadAction\",\"target\":[\"https:\\\/\\\/informelitoral.com.ar\\\/parana-despliega-su-agenda-de-fin-de-semana-largo-diseno-cultura-y-competencias-acuaticas\\\/\"]}]},{\"@type\":\"ImageObject\",\"inLanguage\":\"es\",\"@id\":\"https:\\\/\\\/informelitoral.com.ar\\\/parana-despliega-su-agenda-de-fin-de-semana-largo-diseno-cultura-y-competencias-acuaticas\\\/#primaryimage\",\"url\":\"https:\\\/\\\/www.parana.gob.ar\\\/writable\\\/uploads\\\/20cf7a7058ccca5e3fe72d588f63caa9.jpg\",\"contentUrl\":\"https:\\\/\\\/www.parana.gob.ar\\\/writable\\\/uploads\\\/20cf7a7058ccca5e3fe72d588f63caa9.jpg\",\"width\":\"1280\",\"height\":\"853\"},{\"@type\":\"BreadcrumbList\",\"@id\":\"https:\\\/\\\/informelitoral.com.ar\\\/parana-despliega-su-agenda-de-fin-de-semana-largo-diseno-cultura-y-competencias-acuaticas\\\/#breadcrumb\",\"itemListElement\":[{\"@type\":\"ListItem\",\"position\":1,\"name\":\"Portada\",\"item\":\"https:\\\/\\\/informelitoral.com.ar\\\/\"},{\"@type\":\"ListItem\",\"position\":2,\"name\":\"Paran\u00e1 despliega su agenda de fin de semana largo: dise\u00f1o, cultura y competencias acu\u00e1ticas\"}]},{\"@type\":\"WebSite\",\"@id\":\"https:\\\/\\\/informelitoral.com.ar\\\/#website\",\"url\":\"https:\\\/\\\/informelitoral.com.ar\\\/\",\"name\":\"Informe Litoral\",\"description\":\"&quot;Nos informamos&quot; \",\"publisher\":{\"@id\":\"https:\\\/\\\/informelitoral.com.ar\\\/#organization\"},\"potentialAction\":[{\"@type\":\"SearchAction\",\"target\":{\"@type\":\"EntryPoint\",\"urlTemplate\":\"https:\\\/\\\/informelitoral.com.ar\\\/?s={search_term_string}\"},\"query-input\":{\"@type\":\"PropertyValueSpecification\",\"valueRequired\":true,\"valueName\":\"search_term_string\"}}],\"inLanguage\":\"es\"},{\"@type\":\"Organization\",\"@id\":\"https:\\\/\\\/informelitoral.com.ar\\\/#organization\",\"name\":\"Informe Litoral\",\"url\":\"https:\\\/\\\/informelitoral.com.ar\\\/\",\"logo\":{\"@type\":\"ImageObject\",\"inLanguage\":\"es\",\"@id\":\"https:\\\/\\\/informelitoral.com.ar\\\/#\\\/schema\\\/logo\\\/image\\\/\",\"url\":\"https:\\\/\\\/informelitoral.com.ar\\\/%77%70%2d%63%6f%6e%74%65%6e%74\\\/uploads\\\/2021\\\/01\\\/circulo.png\",\"contentUrl\":\"https:\\\/\\\/informelitoral.com.ar\\\/%77%70%2d%63%6f%6e%74%65%6e%74\\\/uploads\\\/2021\\\/01\\\/circulo.png\",\"width\":723,\"height\":731,\"caption\":\"Informe Litoral\"},\"image\":{\"@id\":\"https:\\\/\\\/informelitoral.com.ar\\\/#\\\/schema\\\/logo\\\/image\\\/\"},\"sameAs\":[\"https:\\\/\\\/www.facebook.com\\\/informelitoral\\\/\",\"https:\\\/\\\/x.com\\\/InformeLitoral\",\"https:\\\/\\\/www.instagram.com\\\/informelitoral\\\/\",\"https:\\\/\\\/www.youtube.com\\\/channel\\\/UCua4Qvz8Icb6MYqhoq9xLXw\"]},{\"@type\":\"Person\",\"@id\":\"https:\\\/\\\/informelitoral.com.ar\\\/#\\\/schema\\\/person\\\/f05f9f461677119578717524b127d6d5\",\"name\":\"Sebastian\",\"image\":{\"@type\":\"ImageObject\",\"inLanguage\":\"es\",\"@id\":\"https:\\\/\\\/secure.gravatar.com\\\/avatar\\\/b71bf7481d447dfb9583c7f2798e7cc64de6efb9067b74633ed8c31059a3bd82?s=96&d=mm&r=g\",\"url\":\"https:\\\/\\\/secure.gravatar.com\\\/avatar\\\/b71bf7481d447dfb9583c7f2798e7cc64de6efb9067b74633ed8c31059a3bd82?s=96&d=mm&r=g\",\"contentUrl\":\"https:\\\/\\\/secure.gravatar.com\\\/avatar\\\/b71bf7481d447dfb9583c7f2798e7cc64de6efb9067b74633ed8c31059a3bd82?s=96&d=mm&r=g\",\"caption\":\"Sebastian\"},\"url\":\"https:\\\/\\\/informelitoral.com.ar\\\/author\\\/sebastian\\\/\"}]}<\/script>","yoast_head_json":{"title":"Paran\u00e1 despliega su agenda de fin de semana largo: dise\u00f1o, cultura y competencias acu\u00e1ticas - Informe Litoral","robots":{"index":"index","follow":"follow","max-snippet":"max-snippet:-1","max-image-preview":"max-image-preview:large","max-video-preview":"max-video-preview:-1"},"canonical":"https:\/\/informelitoral.com.ar\/parana-despliega-su-agenda-de-fin-de-semana-largo-diseno-cultura-y-competencias-acuaticas\/","og_locale":"es_ES","og_type":"article","og_title":"Paran\u00e1 despliega su agenda de fin de semana largo: dise\u00f1o, cultura y competencias acu\u00e1ticas - Informe Litoral","og_description":"Con la Feria Dise\u00f1a Paran\u00e1 y La Noche de las Galer\u00edas como pilares, la capital entrerriana ofrece cuatro d\u00edas de intensa actividad cultural, deportiva y ribere\u00f1a.","og_url":"https:\/\/informelitoral.com.ar\/parana-despliega-su-agenda-de-fin-de-semana-largo-diseno-cultura-y-competencias-acuaticas\/","og_site_name":"Informe Litoral","article_publisher":"https:\/\/www.facebook.com\/informelitoral\/","article_published_time":"2025-11-20T12:47:23+00:00","article_modified_time":"2025-11-20T12:51:33+00:00","og_image":[{"url":"https:\/\/www.parana.gob.ar\/writable\/uploads\/20cf7a7058ccca5e3fe72d588f63caa9.jpg","type":"","width":"","height":""}],"author":"Sebastian","twitter_card":"summary_large_image","twitter_image":"https:\/\/www.parana.gob.ar\/writable\/uploads\/20cf7a7058ccca5e3fe72d588f63caa9.jpg","twitter_creator":"@InformeLitoral","twitter_site":"@InformeLitoral","twitter_misc":{"Escrito por":"Sebastian","Tiempo de lectura":"3 minutos"},"schema":{"@context":"https:\/\/schema.org","@graph":[{"@type":"Article","@id":"https:\/\/informelitoral.com.ar\/parana-despliega-su-agenda-de-fin-de-semana-largo-diseno-cultura-y-competencias-acuaticas\/#article","isPartOf":{"@id":"https:\/\/informelitoral.com.ar\/parana-despliega-su-agenda-de-fin-de-semana-largo-diseno-cultura-y-competencias-acuaticas\/"},"author":{"name":"Sebastian","@id":"https:\/\/informelitoral.com.ar\/#\/schema\/person\/f05f9f461677119578717524b127d6d5"},"headline":"Paran\u00e1 despliega su agenda de fin de semana largo: dise\u00f1o, cultura y competencias acu\u00e1ticas","datePublished":"2025-11-20T12:47:23+00:00","dateModified":"2025-11-20T12:51:33+00:00","mainEntityOfPage":{"@id":"https:\/\/informelitoral.com.ar\/parana-despliega-su-agenda-de-fin-de-semana-largo-diseno-cultura-y-competencias-acuaticas\/"},"wordCount":465,"commentCount":0,"publisher":{"@id":"https:\/\/informelitoral.com.ar\/#organization"},"image":{"@id":"https:\/\/informelitoral.com.ar\/parana-despliega-su-agenda-de-fin-de-semana-largo-diseno-cultura-y-competencias-acuaticas\/#primaryimage"},"thumbnailUrl":"https:\/\/www.parana.gob.ar\/writable\/uploads\/20cf7a7058ccca5e3fe72d588f63caa9.jpg","keywords":["Paran\u00e1","Turismo"],"articleSection":["Paran\u00e1"],"inLanguage":"es","potentialAction":[{"@type":"CommentAction","name":"Comment","target":["https:\/\/informelitoral.com.ar\/parana-despliega-su-agenda-de-fin-de-semana-largo-diseno-cultura-y-competencias-acuaticas\/#respond"]}]},{"@type":"WebPage","@id":"https:\/\/informelitoral.com.ar\/parana-despliega-su-agenda-de-fin-de-semana-largo-diseno-cultura-y-competencias-acuaticas\/","url":"https:\/\/informelitoral.com.ar\/parana-despliega-su-agenda-de-fin-de-semana-largo-diseno-cultura-y-competencias-acuaticas\/","name":"Paran\u00e1 despliega su agenda de fin de semana largo: dise\u00f1o, cultura y competencias acu\u00e1ticas - Informe Litoral","isPartOf":{"@id":"https:\/\/informelitoral.com.ar\/#website"},"primaryImageOfPage":{"@id":"https:\/\/informelitoral.com.ar\/parana-despliega-su-agenda-de-fin-de-semana-largo-diseno-cultura-y-competencias-acuaticas\/#primaryimage"},"image":{"@id":"https:\/\/informelitoral.com.ar\/parana-despliega-su-agenda-de-fin-de-semana-largo-diseno-cultura-y-competencias-acuaticas\/#primaryimage"},"thumbnailUrl":"https:\/\/www.parana.gob.ar\/writable\/uploads\/20cf7a7058ccca5e3fe72d588f63caa9.jpg","datePublished":"2025-11-20T12:47:23+00:00","dateModified":"2025-11-20T12:51:33+00:00","breadcrumb":{"@id":"https:\/\/informelitoral.com.ar\/parana-despliega-su-agenda-de-fin-de-semana-largo-diseno-cultura-y-competencias-acuaticas\/#breadcrumb"},"inLanguage":"es","potentialAction":[{"@type":"ReadAction","target":["https:\/\/informelitoral.com.ar\/parana-despliega-su-agenda-de-fin-de-semana-largo-diseno-cultura-y-competencias-acuaticas\/"]}]},{"@type":"ImageObject","inLanguage":"es","@id":"https:\/\/informelitoral.com.ar\/parana-despliega-su-agenda-de-fin-de-semana-largo-diseno-cultura-y-competencias-acuaticas\/#primaryimage","url":"https:\/\/www.parana.gob.ar\/writable\/uploads\/20cf7a7058ccca5e3fe72d588f63caa9.jpg","contentUrl":"https:\/\/www.parana.gob.ar\/writable\/uploads\/20cf7a7058ccca5e3fe72d588f63caa9.jpg","width":"1280","height":"853"},{"@type":"BreadcrumbList","@id":"https:\/\/informelitoral.com.ar\/parana-despliega-su-agenda-de-fin-de-semana-largo-diseno-cultura-y-competencias-acuaticas\/#breadcrumb","itemListElement":[{"@type":"ListItem","position":1,"name":"Portada","item":"https:\/\/informelitoral.com.ar\/"},{"@type":"ListItem","position":2,"name":"Paran\u00e1 despliega su agenda de fin de semana largo: dise\u00f1o, cultura y competencias acu\u00e1ticas"}]},{"@type":"WebSite","@id":"https:\/\/informelitoral.com.ar\/#website","url":"https:\/\/informelitoral.com.ar\/","name":"Informe Litoral","description":"&quot;Nos informamos&quot; ","publisher":{"@id":"https:\/\/informelitoral.com.ar\/#organization"},"potentialAction":[{"@type":"SearchAction","target":{"@type":"EntryPoint","urlTemplate":"https:\/\/informelitoral.com.ar\/?s={search_term_string}"},"query-input":{"@type":"PropertyValueSpecification","valueRequired":true,"valueName":"search_term_string"}}],"inLanguage":"es"},{"@type":"Organization","@id":"https:\/\/informelitoral.com.ar\/#organization","name":"Informe Litoral","url":"https:\/\/informelitoral.com.ar\/","logo":{"@type":"ImageObject","inLanguage":"es","@id":"https:\/\/informelitoral.com.ar\/#\/schema\/logo\/image\/","url":"https:\/\/informelitoral.com.ar\/%77%70%2d%63%6f%6e%74%65%6e%74\/uploads\/2021\/01\/circulo.png","contentUrl":"https:\/\/informelitoral.com.ar\/%77%70%2d%63%6f%6e%74%65%6e%74\/uploads\/2021\/01\/circulo.png","width":723,"height":731,"caption":"Informe Litoral"},"image":{"@id":"https:\/\/informelitoral.com.ar\/#\/schema\/logo\/image\/"},"sameAs":["https:\/\/www.facebook.com\/informelitoral\/","https:\/\/x.com\/InformeLitoral","https:\/\/www.instagram.com\/informelitoral\/","https:\/\/www.youtube.com\/channel\/UCua4Qvz8Icb6MYqhoq9xLXw"]},{"@type":"Person","@id":"https:\/\/informelitoral.com.ar\/#\/schema\/person\/f05f9f461677119578717524b127d6d5","name":"Sebastian","image":{"@type":"ImageObject","inLanguage":"es","@id":"https:\/\/secure.gravatar.com\/avatar\/b71bf7481d447dfb9583c7f2798e7cc64de6efb9067b74633ed8c31059a3bd82?s=96&d=mm&r=g","url":"https:\/\/secure.gravatar.com\/avatar\/b71bf7481d447dfb9583c7f2798e7cc64de6efb9067b74633ed8c31059a3bd82?s=96&d=mm&r=g","contentUrl":"https:\/\/secure.gravatar.com\/avatar\/b71bf7481d447dfb9583c7f2798e7cc64de6efb9067b74633ed8c31059a3bd82?s=96&d=mm&r=g","caption":"Sebastian"},"url":"https:\/\/informelitoral.com.ar\/author\/sebastian\/"}]}},"fifu_image_url":"https:\/\/www.parana.gob.ar\/writable\/uploads\/20cf7a7058ccca5e3fe72d588f63caa9.jpg","_links":{"self":[{"href":"https:\/\/informelitoral.com.ar\/%77%70%2d%6a%73%6f%6e\/wp\/v2\/posts\/241287","targetHints":{"allow":["GET"]}}],"collection":[{"href":"https:\/\/informelitoral.com.ar\/%77%70%2d%6a%73%6f%6e\/wp\/v2\/posts"}],"about":[{"href":"https:\/\/informelitoral.com.ar\/%77%70%2d%6a%73%6f%6e\/wp\/v2\/types\/post"}],"author":[{"embeddable":true,"href":"https:\/\/informelitoral.com.ar\/%77%70%2d%6a%73%6f%6e\/wp\/v2\/users\/8"}],"replies":[{"embeddable":true,"href":"https:\/\/informelitoral.com.ar\/%77%70%2d%6a%73%6f%6e\/wp\/v2\/comments?post=241287"}],"version-history":[{"count":3,"href":"https:\/\/informelitoral.com.ar\/%77%70%2d%6a%73%6f%6e\/wp\/v2\/posts\/241287\/revisions"}],"predecessor-version":[{"id":241291,"href":"https:\/\/informelitoral.com.ar\/%77%70%2d%6a%73%6f%6e\/wp\/v2\/posts\/241287\/revisions\/241291"}],"wp:featuredmedia":[{"embeddable":true,"href":"https:\/\/informelitoral.com.ar\/%77%70%2d%6a%73%6f%6e\/wp\/v2\/media\/241288"}],"wp:attachment":[{"href":"https:\/\/informelitoral.com.ar\/%77%70%2d%6a%73%6f%6e\/wp\/v2\/media?parent=241287"}],"wp:term":[{"taxonomy":"category","embeddable":true,"href":"https:\/\/informelitoral.com.ar\/%77%70%2d%6a%73%6f%6e\/wp\/v2\/categories?post=241287"},{"taxonomy":"post_tag","embeddable":true,"href":"https:\/\/informelitoral.com.ar\/%77%70%2d%6a%73%6f%6e\/wp\/v2\/tags?post=241287"}],"curies":[{"name":"wp","href":"https:\/\/api.w.org\/{rel}","templated":true}]}}