{"id":241253,"date":"2025-11-20T08:21:01","date_gmt":"2025-11-20T11:21:01","guid":{"rendered":"https:\/\/informelitoral.com.ar\/?p=241253"},"modified":"2025-11-20T08:21:01","modified_gmt":"2025-11-20T11:21:01","slug":"jornada-de-trigo-2025-coopar-presento-su-ensayo-de-franjas-en-nogoya","status":"publish","type":"post","link":"https:\/\/informelitoral.com.ar\/jornada-de-trigo-2025-coopar-presento-su-ensayo-de-franjas-en-nogoya\/","title":{"rendered":"Jornada de Trigo 2025: Coopar present\u00f3 su ensayo de franjas en Nogoy\u00e1"},"content":{"rendered":"<p>Participaron representantes de los distintos semilleros con los que trabaja la instituci\u00f3n, quienes expusieron las variedades disponibles para la pr\u00f3xima campa\u00f1a y brindaron informaci\u00f3n t\u00e9cnica sobre manejo, ciclos, densidad y sanidad.<\/p>\n<p>La actividad estuvo a cargo del semillero de Coopar, encabezado por el Ingeniero Agr\u00f3nomo <strong>Rogelio Ricardo<\/strong>, junto a sus colegas<strong> Claudio Lucca<\/strong> y <strong>Gustavo Bearzi<\/strong>. Los t\u00e9cnicos presentaron los resultados del ensayo y detallaron el orden de siembra \u2014desde los materiales intermedios largos hasta los intermedios cortos\u2014, acompa\u00f1\u00e1ndolo con recomendaciones de densidad en kg\/ha y la cantidad de fertilizante aplicada.<\/p>\n<p>Cada semillero realiz\u00f3 su exposici\u00f3n, aportando informaci\u00f3n clave para comparar materiales y tomar decisiones.<\/p>\n<p>En ese marco, Claudio Lucca explic\u00f3 la importancia del trabajo local que lleva adelante la cooperativa: \u201cEl objetivo de estos ensayos es generar informaci\u00f3n local sobre todos estos materiales que estamos desarrollando. M\u00e1s all\u00e1 del aporte tecnol\u00f3gico y la participaci\u00f3n de los diferentes semilleros, buscamos obtener datos de caracter\u00edsticas regionales, que muchas veces difieren de lo que ocurre en otras zonas\u201d, se\u00f1al\u00f3.<br \/>\nY agreg\u00f3: \u201cNo se trata solamente de comparar materiales y observar su comportamiento o sanidad, sino tambi\u00e9n de evaluar rendimientos para contar con un informe final que permita analizar cada etapa del cultivo y, sobre todo, el dato real de cosecha por parcela.\u201d<\/p>\n<p>Por su parte, Gustavo Bearzi destac\u00f3: \u201cLa idea fue mostrar las variedades de trigo que tendremos disponibles para la pr\u00f3xima campa\u00f1a, materiales que nosotros mismos multiplicamos. En la hoja t\u00e9cnica estaba el detalle de las labores, el tipo de suelo del establecimiento La Colina y un muestreo reciente que permite comprender la fertilidad del lote\u201d.<\/p>\n<p>Tambi\u00e9n participaron ingenieros agr\u00f3nomos de las distintas sucursales de COOPAR, referentes de la secci\u00f3n seguros y productores de Lucas Gonz\u00e1lez, Aranguren, Nogoy\u00e1, Victoria, General Ram\u00edrez y Don Crist\u00f3bal. La organizaci\u00f3n cont\u00f3 con el acompa\u00f1amiento de Natalia Herman, desde la Sucursal Nogoy\u00e1.<\/p>\n<h2><strong>Ejes t\u00e9cnicos abordados en la jornada<\/strong><\/h2>\n<ul>\n<li>Ciclos intermedios largos, intermedios y cortos.<br \/>\n\u2022 Variedades nuevas y materiales en evaluaci\u00f3n.<br \/>\n\u2022 Fechas de siembra y potencial de rendimiento.<br \/>\n\u2022 Sanidad, manejo y densidad.<br \/>\n\u2022 Macollaje y per\u00edodos cr\u00edticos.<br \/>\n\u2022 Diversificaci\u00f3n de variedades y ciclos.<br \/>\n\u2022 Calidad comercial y adaptabilidad regional.<\/li>\n<\/ul>\n<h2><strong>Un espacio de intercambio y aporte t\u00e9cnico<\/strong><\/h2>\n<p>Los representantes de las firmas semilleras agradecieron a COOPAR por la organizaci\u00f3n y destacaron la prolijidad del ensayo, el valor del Sistema de Sembrado Evoluci\u00f3n y la importancia de contar con una cooperativa que cada a\u00f1o presenta las variedades que est\u00e1 multiplicando, ofreciendo informaci\u00f3n confiable y comparativa para la toma de decisiones.<\/p>\n<p><strong>\u201cReconocer la gen\u00e9tica es un valor ganado\u201d<\/strong>, coincidieron los especialistas, subrayando que este tipo de jornadas son fundamentales para actualizar criterios de manejo y fortalecer el v\u00ednculo entre productores, cooperativa y empresas proveedoras.<\/p>\n<h2><strong>Representantes de los semilleros:<\/strong><\/h2>\n<p>Mar\u00eda Carballo (Bioceres Semillas)<\/p>\n<p>Luis Cardinale (Nidera)<\/p>\n<p>Gisela Bianchini (Don Mario Semillas)<\/p>\n<p>Valent\u00edn De La Cruz (RAGT Semillas)<\/p>\n<p>Victoria Majul (Macro Seed)<\/p>\n<p>Olivia O \u2018Dwyer (Klein Semillas)<\/p>\n<p>Mat\u00edas Lucaioli (ACA Semillas)<\/p>\n<h6><em><strong>Del archivo:\u00a0<a href=\"https:\/\/informelitoral.com.ar\/argentina-inicio-certificacion-electronica-con-israel-y-dominicana-para-comerciar-productos-vegetales\/\" target=\"_blank\" rel=\"noopener\">Argentina inici\u00f3 certificaci\u00f3n electr\u00f3nica con Israel y Dominicana para comerciar productos vegetales<\/a><\/strong><\/em><\/h6>\n","protected":false},"excerpt":{"rendered":"<p>En el Establecimiento La Colina (Nogoy\u00e1), el 31 de octubre, se desarroll\u00f3 la Jornada de Trigo 2025, organizada por Coopar en el lote demostrativo del ensayo de franjas que la cooperativa impulsa cada a\u00f1o para acompa\u00f1ar a los productores de la regi\u00f3n.<\/p>\n","protected":false},"author":2,"featured_media":241254,"comment_status":"open","ping_status":"open","sticky":false,"template":"","format":"standard","meta":{"fifu_image_url":"","fifu_image_alt":"","footnotes":""},"categories":[10],"tags":[191,1611,137,74,339],"class_list":{"0":"post-241253","1":"post","2":"type-post","3":"status-publish","4":"format-standard","5":"has-post-thumbnail","7":"category-campo","8":"tag-agricultura","9":"tag-coopar","10":"tag-cooperativa","11":"tag-nogoya","12":"tag-trigo"},"yoast_head":"<title>Jornada de Trigo 2025: Coopar present\u00f3 su ensayo de franjas en Nogoy\u00e1 - Informe Litoral<\/title>\n<meta name=\"robots\" content=\"index, follow, max-snippet:-1, max-image-preview:large, max-video-preview:-1\" \/>\n<link rel=\"canonical\" href=\"https:\/\/informelitoral.com.ar\/jornada-de-trigo-2025-coopar-presento-su-ensayo-de-franjas-en-nogoya\/\" \/>\n<meta property=\"og:locale\" content=\"es_ES\" \/>\n<meta property=\"og:type\" content=\"article\" \/>\n<meta property=\"og:title\" content=\"Jornada de Trigo 2025: Coopar present\u00f3 su ensayo de franjas en Nogoy\u00e1 - Informe Litoral\" \/>\n<meta property=\"og:description\" content=\"En el Establecimiento La Colina (Nogoy\u00e1), el 31 de octubre, se desarroll\u00f3 la Jornada de Trigo 2025, organizada por Coopar en el lote demostrativo del ensayo de franjas que la cooperativa impulsa cada a\u00f1o para acompa\u00f1ar a los productores de la regi\u00f3n.\" \/>\n<meta property=\"og:url\" content=\"https:\/\/informelitoral.com.ar\/jornada-de-trigo-2025-coopar-presento-su-ensayo-de-franjas-en-nogoya\/\" \/>\n<meta property=\"og:site_name\" content=\"Informe Litoral\" \/>\n<meta property=\"article:publisher\" content=\"https:\/\/www.facebook.com\/informelitoral\/\" \/>\n<meta property=\"article:published_time\" content=\"2025-11-20T11:21:01+00:00\" \/>\n<meta property=\"og:image\" content=\"https:\/\/drive.google.com\/https:\/\/lh3.googleusercontent.com\/drive-storage\/AJQWtBO_3vflHT0oDaK0XFrdYp8egI9ABdflEu2b8Haisul5zMP3ZxkWExEhhYaSyhmu5OqrjmXXpoD7LlRowddqr7kQsEcumws6n4TtnP-_nZrPMTw=2048-h2048\" \/>\n\t<meta property=\"og:image:width\" content=\"1024\" \/>\n\t<meta property=\"og:image:height\" content=\"1024\" \/>\n\t<meta property=\"og:image:type\" content=\"image\/jpeg\" \/>\n<meta name=\"author\" content=\"Gonzalo Schmidt\" \/>\n<meta name=\"twitter:card\" content=\"summary_large_image\" \/>\n<meta name=\"twitter:creator\" content=\"@InformeLitoral\" \/>\n<meta name=\"twitter:site\" content=\"@InformeLitoral\" \/>\n<meta name=\"twitter:label1\" content=\"Escrito por\" \/>\n\t<meta name=\"twitter:data1\" content=\"Gonzalo Schmidt\" \/>\n\t<meta name=\"twitter:label2\" content=\"Tiempo de lectura\" \/>\n\t<meta name=\"twitter:data2\" content=\"3 minutos\" \/>\n<script type=\"application\/ld+json\" class=\"yoast-schema-graph\">{\"@context\":\"https:\\\/\\\/schema.org\",\"@graph\":[{\"@type\":\"Article\",\"@id\":\"https:\\\/\\\/informelitoral.com.ar\\\/jornada-de-trigo-2025-coopar-presento-su-ensayo-de-franjas-en-nogoya\\\/#article\",\"isPartOf\":{\"@id\":\"https:\\\/\\\/informelitoral.com.ar\\\/jornada-de-trigo-2025-coopar-presento-su-ensayo-de-franjas-en-nogoya\\\/\"},\"author\":{\"name\":\"Gonzalo Schmidt\",\"@id\":\"https:\\\/\\\/informelitoral.com.ar\\\/#\\\/schema\\\/person\\\/b9d00407c836482871ef1d57bf8e3180\"},\"headline\":\"Jornada de Trigo 2025: Coopar present\u00f3 su ensayo de franjas en Nogoy\u00e1\",\"datePublished\":\"2025-11-20T11:21:01+00:00\",\"mainEntityOfPage\":{\"@id\":\"https:\\\/\\\/informelitoral.com.ar\\\/jornada-de-trigo-2025-coopar-presento-su-ensayo-de-franjas-en-nogoya\\\/\"},\"wordCount\":547,\"commentCount\":0,\"publisher\":{\"@id\":\"https:\\\/\\\/informelitoral.com.ar\\\/#organization\"},\"image\":{\"@id\":\"https:\\\/\\\/informelitoral.com.ar\\\/jornada-de-trigo-2025-coopar-presento-su-ensayo-de-franjas-en-nogoya\\\/#primaryimage\"},\"thumbnailUrl\":\"https:\\\/\\\/drive.google.com\\\/thumbnail?id=142ws5mSF_DEpPYe3OtzasRmColQVcv-p&sz=w2048\",\"keywords\":[\"Agricultura\",\"Coopar\",\"Cooperativa\",\"Nogoy\u00e1\",\"Trigo\"],\"articleSection\":[\"Campo\"],\"inLanguage\":\"es\",\"potentialAction\":[{\"@type\":\"CommentAction\",\"name\":\"Comment\",\"target\":[\"https:\\\/\\\/informelitoral.com.ar\\\/jornada-de-trigo-2025-coopar-presento-su-ensayo-de-franjas-en-nogoya\\\/#respond\"]}]},{\"@type\":\"WebPage\",\"@id\":\"https:\\\/\\\/informelitoral.com.ar\\\/jornada-de-trigo-2025-coopar-presento-su-ensayo-de-franjas-en-nogoya\\\/\",\"url\":\"https:\\\/\\\/informelitoral.com.ar\\\/jornada-de-trigo-2025-coopar-presento-su-ensayo-de-franjas-en-nogoya\\\/\",\"name\":\"Jornada de Trigo 2025: Coopar present\u00f3 su ensayo de franjas en Nogoy\u00e1 - Informe Litoral\",\"isPartOf\":{\"@id\":\"https:\\\/\\\/informelitoral.com.ar\\\/#website\"},\"primaryImageOfPage\":{\"@id\":\"https:\\\/\\\/informelitoral.com.ar\\\/jornada-de-trigo-2025-coopar-presento-su-ensayo-de-franjas-en-nogoya\\\/#primaryimage\"},\"image\":{\"@id\":\"https:\\\/\\\/informelitoral.com.ar\\\/jornada-de-trigo-2025-coopar-presento-su-ensayo-de-franjas-en-nogoya\\\/#primaryimage\"},\"thumbnailUrl\":\"https:\\\/\\\/drive.google.com\\\/thumbnail?id=142ws5mSF_DEpPYe3OtzasRmColQVcv-p&sz=w2048\",\"datePublished\":\"2025-11-20T11:21:01+00:00\",\"breadcrumb\":{\"@id\":\"https:\\\/\\\/informelitoral.com.ar\\\/jornada-de-trigo-2025-coopar-presento-su-ensayo-de-franjas-en-nogoya\\\/#breadcrumb\"},\"inLanguage\":\"es\",\"potentialAction\":[{\"@type\":\"ReadAction\",\"target\":[\"https:\\\/\\\/informelitoral.com.ar\\\/jornada-de-trigo-2025-coopar-presento-su-ensayo-de-franjas-en-nogoya\\\/\"]}]},{\"@type\":\"ImageObject\",\"inLanguage\":\"es\",\"@id\":\"https:\\\/\\\/informelitoral.com.ar\\\/jornada-de-trigo-2025-coopar-presento-su-ensayo-de-franjas-en-nogoya\\\/#primaryimage\",\"url\":\"https:\\\/\\\/drive.google.com\\\/thumbnail?id=142ws5mSF_DEpPYe3OtzasRmColQVcv-p&sz=w2048\",\"contentUrl\":\"https:\\\/\\\/drive.google.com\\\/thumbnail?id=142ws5mSF_DEpPYe3OtzasRmColQVcv-p&sz=w2048\",\"width\":1600,\"height\":1067},{\"@type\":\"BreadcrumbList\",\"@id\":\"https:\\\/\\\/informelitoral.com.ar\\\/jornada-de-trigo-2025-coopar-presento-su-ensayo-de-franjas-en-nogoya\\\/#breadcrumb\",\"itemListElement\":[{\"@type\":\"ListItem\",\"position\":1,\"name\":\"Portada\",\"item\":\"https:\\\/\\\/informelitoral.com.ar\\\/\"},{\"@type\":\"ListItem\",\"position\":2,\"name\":\"Jornada de Trigo 2025: Coopar present\u00f3 su ensayo de franjas en Nogoy\u00e1\"}]},{\"@type\":\"WebSite\",\"@id\":\"https:\\\/\\\/informelitoral.com.ar\\\/#website\",\"url\":\"https:\\\/\\\/informelitoral.com.ar\\\/\",\"name\":\"Informe Litoral\",\"description\":\"&quot;Nos informamos&quot; \",\"publisher\":{\"@id\":\"https:\\\/\\\/informelitoral.com.ar\\\/#organization\"},\"potentialAction\":[{\"@type\":\"SearchAction\",\"target\":{\"@type\":\"EntryPoint\",\"urlTemplate\":\"https:\\\/\\\/informelitoral.com.ar\\\/?s={search_term_string}\"},\"query-input\":{\"@type\":\"PropertyValueSpecification\",\"valueRequired\":true,\"valueName\":\"search_term_string\"}}],\"inLanguage\":\"es\"},{\"@type\":\"Organization\",\"@id\":\"https:\\\/\\\/informelitoral.com.ar\\\/#organization\",\"name\":\"Informe Litoral\",\"url\":\"https:\\\/\\\/informelitoral.com.ar\\\/\",\"logo\":{\"@type\":\"ImageObject\",\"inLanguage\":\"es\",\"@id\":\"https:\\\/\\\/informelitoral.com.ar\\\/#\\\/schema\\\/logo\\\/image\\\/\",\"url\":\"https:\\\/\\\/informelitoral.com.ar\\\/%77%70%2d%63%6f%6e%74%65%6e%74\\\/uploads\\\/2021\\\/01\\\/circulo.png\",\"contentUrl\":\"https:\\\/\\\/informelitoral.com.ar\\\/%77%70%2d%63%6f%6e%74%65%6e%74\\\/uploads\\\/2021\\\/01\\\/circulo.png\",\"width\":723,\"height\":731,\"caption\":\"Informe Litoral\"},\"image\":{\"@id\":\"https:\\\/\\\/informelitoral.com.ar\\\/#\\\/schema\\\/logo\\\/image\\\/\"},\"sameAs\":[\"https:\\\/\\\/www.facebook.com\\\/informelitoral\\\/\",\"https:\\\/\\\/x.com\\\/InformeLitoral\",\"https:\\\/\\\/www.instagram.com\\\/informelitoral\\\/\",\"https:\\\/\\\/www.youtube.com\\\/channel\\\/UCua4Qvz8Icb6MYqhoq9xLXw\"]},{\"@type\":\"Person\",\"@id\":\"https:\\\/\\\/informelitoral.com.ar\\\/#\\\/schema\\\/person\\\/b9d00407c836482871ef1d57bf8e3180\",\"name\":\"Gonzalo Schmidt\",\"image\":{\"@type\":\"ImageObject\",\"inLanguage\":\"es\",\"@id\":\"https:\\\/\\\/secure.gravatar.com\\\/avatar\\\/31a1a7b66ff2de83bd0e9fd79d026630d2d99e55e8bfe501287647b4fd9743de?s=96&d=mm&r=g\",\"url\":\"https:\\\/\\\/secure.gravatar.com\\\/avatar\\\/31a1a7b66ff2de83bd0e9fd79d026630d2d99e55e8bfe501287647b4fd9743de?s=96&d=mm&r=g\",\"contentUrl\":\"https:\\\/\\\/secure.gravatar.com\\\/avatar\\\/31a1a7b66ff2de83bd0e9fd79d026630d2d99e55e8bfe501287647b4fd9743de?s=96&d=mm&r=g\",\"caption\":\"Gonzalo Schmidt\"},\"description\":\"Sitio web de noticias de la provincia de Entre R\u00edos, Argentina. Informaci\u00f3n y entretenimiento. Informe Litoral, nos informamos.\",\"sameAs\":[\"http:\\\/\\\/www.isletasnoticias.com.ar\"],\"url\":\"https:\\\/\\\/informelitoral.com.ar\\\/author\\\/gonzalo\\\/\"}]}<\/script>","yoast_head_json":{"title":"Jornada de Trigo 2025: Coopar present\u00f3 su ensayo de franjas en Nogoy\u00e1 - Informe Litoral","robots":{"index":"index","follow":"follow","max-snippet":"max-snippet:-1","max-image-preview":"max-image-preview:large","max-video-preview":"max-video-preview:-1"},"canonical":"https:\/\/informelitoral.com.ar\/jornada-de-trigo-2025-coopar-presento-su-ensayo-de-franjas-en-nogoya\/","og_locale":"es_ES","og_type":"article","og_title":"Jornada de Trigo 2025: Coopar present\u00f3 su ensayo de franjas en Nogoy\u00e1 - Informe Litoral","og_description":"En el Establecimiento La Colina (Nogoy\u00e1), el 31 de octubre, se desarroll\u00f3 la Jornada de Trigo 2025, organizada por Coopar en el lote demostrativo del ensayo de franjas que la cooperativa impulsa cada a\u00f1o para acompa\u00f1ar a los productores de la regi\u00f3n.","og_url":"https:\/\/informelitoral.com.ar\/jornada-de-trigo-2025-coopar-presento-su-ensayo-de-franjas-en-nogoya\/","og_site_name":"Informe Litoral","article_publisher":"https:\/\/www.facebook.com\/informelitoral\/","article_published_time":"2025-11-20T11:21:01+00:00","og_image":[{"width":1024,"height":1024,"url":"https:\/\/drive.google.com\/https:\/\/lh3.googleusercontent.com\/drive-storage\/AJQWtBO_3vflHT0oDaK0XFrdYp8egI9ABdflEu2b8Haisul5zMP3ZxkWExEhhYaSyhmu5OqrjmXXpoD7LlRowddqr7kQsEcumws6n4TtnP-_nZrPMTw=2048-h2048","type":"image\/jpeg"}],"author":"Gonzalo Schmidt","twitter_card":"summary_large_image","twitter_creator":"@InformeLitoral","twitter_site":"@InformeLitoral","twitter_misc":{"Escrito por":"Gonzalo Schmidt","Tiempo de lectura":"3 minutos"},"schema":{"@context":"https:\/\/schema.org","@graph":[{"@type":"Article","@id":"https:\/\/informelitoral.com.ar\/jornada-de-trigo-2025-coopar-presento-su-ensayo-de-franjas-en-nogoya\/#article","isPartOf":{"@id":"https:\/\/informelitoral.com.ar\/jornada-de-trigo-2025-coopar-presento-su-ensayo-de-franjas-en-nogoya\/"},"author":{"name":"Gonzalo Schmidt","@id":"https:\/\/informelitoral.com.ar\/#\/schema\/person\/b9d00407c836482871ef1d57bf8e3180"},"headline":"Jornada de Trigo 2025: Coopar present\u00f3 su ensayo de franjas en Nogoy\u00e1","datePublished":"2025-11-20T11:21:01+00:00","mainEntityOfPage":{"@id":"https:\/\/informelitoral.com.ar\/jornada-de-trigo-2025-coopar-presento-su-ensayo-de-franjas-en-nogoya\/"},"wordCount":547,"commentCount":0,"publisher":{"@id":"https:\/\/informelitoral.com.ar\/#organization"},"image":{"@id":"https:\/\/informelitoral.com.ar\/jornada-de-trigo-2025-coopar-presento-su-ensayo-de-franjas-en-nogoya\/#primaryimage"},"thumbnailUrl":"https:\/\/drive.google.com\/thumbnail?id=142ws5mSF_DEpPYe3OtzasRmColQVcv-p&sz=w2048","keywords":["Agricultura","Coopar","Cooperativa","Nogoy\u00e1","Trigo"],"articleSection":["Campo"],"inLanguage":"es","potentialAction":[{"@type":"CommentAction","name":"Comment","target":["https:\/\/informelitoral.com.ar\/jornada-de-trigo-2025-coopar-presento-su-ensayo-de-franjas-en-nogoya\/#respond"]}]},{"@type":"WebPage","@id":"https:\/\/informelitoral.com.ar\/jornada-de-trigo-2025-coopar-presento-su-ensayo-de-franjas-en-nogoya\/","url":"https:\/\/informelitoral.com.ar\/jornada-de-trigo-2025-coopar-presento-su-ensayo-de-franjas-en-nogoya\/","name":"Jornada de Trigo 2025: Coopar present\u00f3 su ensayo de franjas en Nogoy\u00e1 - Informe Litoral","isPartOf":{"@id":"https:\/\/informelitoral.com.ar\/#website"},"primaryImageOfPage":{"@id":"https:\/\/informelitoral.com.ar\/jornada-de-trigo-2025-coopar-presento-su-ensayo-de-franjas-en-nogoya\/#primaryimage"},"image":{"@id":"https:\/\/informelitoral.com.ar\/jornada-de-trigo-2025-coopar-presento-su-ensayo-de-franjas-en-nogoya\/#primaryimage"},"thumbnailUrl":"https:\/\/drive.google.com\/thumbnail?id=142ws5mSF_DEpPYe3OtzasRmColQVcv-p&sz=w2048","datePublished":"2025-11-20T11:21:01+00:00","breadcrumb":{"@id":"https:\/\/informelitoral.com.ar\/jornada-de-trigo-2025-coopar-presento-su-ensayo-de-franjas-en-nogoya\/#breadcrumb"},"inLanguage":"es","potentialAction":[{"@type":"ReadAction","target":["https:\/\/informelitoral.com.ar\/jornada-de-trigo-2025-coopar-presento-su-ensayo-de-franjas-en-nogoya\/"]}]},{"@type":"ImageObject","inLanguage":"es","@id":"https:\/\/informelitoral.com.ar\/jornada-de-trigo-2025-coopar-presento-su-ensayo-de-franjas-en-nogoya\/#primaryimage","url":"https:\/\/drive.google.com\/thumbnail?id=142ws5mSF_DEpPYe3OtzasRmColQVcv-p&sz=w2048","contentUrl":"https:\/\/drive.google.com\/thumbnail?id=142ws5mSF_DEpPYe3OtzasRmColQVcv-p&sz=w2048","width":1600,"height":1067},{"@type":"BreadcrumbList","@id":"https:\/\/informelitoral.com.ar\/jornada-de-trigo-2025-coopar-presento-su-ensayo-de-franjas-en-nogoya\/#breadcrumb","itemListElement":[{"@type":"ListItem","position":1,"name":"Portada","item":"https:\/\/informelitoral.com.ar\/"},{"@type":"ListItem","position":2,"name":"Jornada de Trigo 2025: Coopar present\u00f3 su ensayo de franjas en Nogoy\u00e1"}]},{"@type":"WebSite","@id":"https:\/\/informelitoral.com.ar\/#website","url":"https:\/\/informelitoral.com.ar\/","name":"Informe Litoral","description":"&quot;Nos informamos&quot; ","publisher":{"@id":"https:\/\/informelitoral.com.ar\/#organization"},"potentialAction":[{"@type":"SearchAction","target":{"@type":"EntryPoint","urlTemplate":"https:\/\/informelitoral.com.ar\/?s={search_term_string}"},"query-input":{"@type":"PropertyValueSpecification","valueRequired":true,"valueName":"search_term_string"}}],"inLanguage":"es"},{"@type":"Organization","@id":"https:\/\/informelitoral.com.ar\/#organization","name":"Informe Litoral","url":"https:\/\/informelitoral.com.ar\/","logo":{"@type":"ImageObject","inLanguage":"es","@id":"https:\/\/informelitoral.com.ar\/#\/schema\/logo\/image\/","url":"https:\/\/informelitoral.com.ar\/%77%70%2d%63%6f%6e%74%65%6e%74\/uploads\/2021\/01\/circulo.png","contentUrl":"https:\/\/informelitoral.com.ar\/%77%70%2d%63%6f%6e%74%65%6e%74\/uploads\/2021\/01\/circulo.png","width":723,"height":731,"caption":"Informe Litoral"},"image":{"@id":"https:\/\/informelitoral.com.ar\/#\/schema\/logo\/image\/"},"sameAs":["https:\/\/www.facebook.com\/informelitoral\/","https:\/\/x.com\/InformeLitoral","https:\/\/www.instagram.com\/informelitoral\/","https:\/\/www.youtube.com\/channel\/UCua4Qvz8Icb6MYqhoq9xLXw"]},{"@type":"Person","@id":"https:\/\/informelitoral.com.ar\/#\/schema\/person\/b9d00407c836482871ef1d57bf8e3180","name":"Gonzalo Schmidt","image":{"@type":"ImageObject","inLanguage":"es","@id":"https:\/\/secure.gravatar.com\/avatar\/31a1a7b66ff2de83bd0e9fd79d026630d2d99e55e8bfe501287647b4fd9743de?s=96&d=mm&r=g","url":"https:\/\/secure.gravatar.com\/avatar\/31a1a7b66ff2de83bd0e9fd79d026630d2d99e55e8bfe501287647b4fd9743de?s=96&d=mm&r=g","contentUrl":"https:\/\/secure.gravatar.com\/avatar\/31a1a7b66ff2de83bd0e9fd79d026630d2d99e55e8bfe501287647b4fd9743de?s=96&d=mm&r=g","caption":"Gonzalo Schmidt"},"description":"Sitio web de noticias de la provincia de Entre R\u00edos, Argentina. Informaci\u00f3n y entretenimiento. Informe Litoral, nos informamos.","sameAs":["http:\/\/www.isletasnoticias.com.ar"],"url":"https:\/\/informelitoral.com.ar\/author\/gonzalo\/"}]}},"_links":{"self":[{"href":"https:\/\/informelitoral.com.ar\/%77%70%2d%6a%73%6f%6e\/wp\/v2\/posts\/241253","targetHints":{"allow":["GET"]}}],"collection":[{"href":"https:\/\/informelitoral.com.ar\/%77%70%2d%6a%73%6f%6e\/wp\/v2\/posts"}],"about":[{"href":"https:\/\/informelitoral.com.ar\/%77%70%2d%6a%73%6f%6e\/wp\/v2\/types\/post"}],"author":[{"embeddable":true,"href":"https:\/\/informelitoral.com.ar\/%77%70%2d%6a%73%6f%6e\/wp\/v2\/users\/2"}],"replies":[{"embeddable":true,"href":"https:\/\/informelitoral.com.ar\/%77%70%2d%6a%73%6f%6e\/wp\/v2\/comments?post=241253"}],"version-history":[{"count":1,"href":"https:\/\/informelitoral.com.ar\/%77%70%2d%6a%73%6f%6e\/wp\/v2\/posts\/241253\/revisions"}],"predecessor-version":[{"id":241255,"href":"https:\/\/informelitoral.com.ar\/%77%70%2d%6a%73%6f%6e\/wp\/v2\/posts\/241253\/revisions\/241255"}],"wp:featuredmedia":[{"embeddable":true,"href":"https:\/\/informelitoral.com.ar\/%77%70%2d%6a%73%6f%6e\/wp\/v2\/media\/241254"}],"wp:attachment":[{"href":"https:\/\/informelitoral.com.ar\/%77%70%2d%6a%73%6f%6e\/wp\/v2\/media?parent=241253"}],"wp:term":[{"taxonomy":"category","embeddable":true,"href":"https:\/\/informelitoral.com.ar\/%77%70%2d%6a%73%6f%6e\/wp\/v2\/categories?post=241253"},{"taxonomy":"post_tag","embeddable":true,"href":"https:\/\/informelitoral.com.ar\/%77%70%2d%6a%73%6f%6e\/wp\/v2\/tags?post=241253"}],"curies":[{"name":"wp","href":"https:\/\/api.w.org\/{rel}","templated":true}]}}