{"id":241074,"date":"2025-11-19T07:47:42","date_gmt":"2025-11-19T10:47:42","guid":{"rendered":"https:\/\/informelitoral.com.ar\/?p=241074"},"modified":"2025-11-19T07:58:17","modified_gmt":"2025-11-19T10:58:17","slug":"planta-de-metanol-walser-confia-en-el-dialogo-pero-advirtio-que-hay-una-comunidad-movilizada","status":"publish","type":"post","link":"https:\/\/informelitoral.com.ar\/planta-de-metanol-walser-confia-en-el-dialogo-pero-advirtio-que-hay-una-comunidad-movilizada\/","title":{"rendered":"Planta de metanol: Walser conf\u00eda en el di\u00e1logo pero advirti\u00f3 que hay una comunidad movilizada"},"content":{"rendered":"<p>Luego de participar de la marcha hacia el puente Internacional General Artigas contra la instalaci\u00f3n de la refiner\u00eda de combustible que HIF Global en costas de Paysand\u00fa, frente a las playas de Col\u00f3n, el intendente <strong>Jos\u00e9 Luis Walser<\/strong> explic\u00f3 porqu\u00e9 rechazan el emplazamiento del mega emprendimiento.<\/p>\n<p>En declaraciones a <a href=\"https:\/\/informelitoral.com.ar\/la-hora-del-6-por-canal-6-ertv-donde-volver-a-ver-las-entrevistas\/\" target=\"_blank\" rel=\"noopener\"><em><strong>La Hora del 6<\/strong><\/em><\/a> por <em>Canal 6 ERTV,<\/em> el mandatario municipal lament\u00f3 que la apertura al di\u00e1logo que manifest\u00f3 en su momento el presidente uruguayo, <strong>Yamand\u00fa Orsi<\/strong> no se traduzca en hechos. Al contrario, <strong>\u00ablas chimeneas son m\u00e1s altas, el proyecto avanza sin la validaci\u00f3n ambiental y hasta se hizo un desmonte ilegal en el predio\u00bb.<\/strong><\/p>\n<p>Recordemos que en su momento el primer mandatario uruguayo hab\u00eda recibido al propio gobernador, <strong>Rogelio Frigerio<\/strong> y tras el encuentro dio a entender que el emprendimiento finalmente no se emplazar\u00eda en la zona para evitar conflictos. Ello en un principio trajo cierta tranquilidad del lado entrerriano pero la misma se esfum\u00f3 r\u00e1pidamente.<\/p>\n<h2><strong>Una comunidad movilizada<\/strong><\/h2>\n<p>Jos\u00e9 Luis Walser remarc\u00f3 que<strong> contin\u00faan apostando al di\u00e1logo y la diplomacia pero a la vez advirti\u00f3 que hay una comunidad movilizada<\/strong> y compenetrada en el tema. Fue en referencia a la marcha del domingo \u00faltimo, de la cual particip\u00f3 junto a otros dirigentes de la ciudad y la regi\u00f3n, organizaciones ambientalistas, gremiales y vecinos.<\/p>\n<p><strong>\u00abEstamos en todos los \u00e1mbitos posibles reclamando con el gobernador. Siempre apostamos a los canales de la diplomacia pero si eso no funciona la comunidad se seguir\u00e1 manifestando\u00bb,<\/strong> advirti\u00f3 el intendente entrerriano y<strong> pidi\u00f3 mayor apoyo de Naci\u00f3n al pedido<\/strong>: \u00abEl presidente Milei tiene que tomar nota de lo que est\u00e1 pasando. Planteamos el tema en Canciller\u00eda junto al gobernador por eso esperamos se\u00f1ales al respecto\u00bb.<\/p>\n<p><strong>\u00abLa planta pone en riesgo nuestro desarrollo, la salud y el bienestar de toda esta regi\u00f3n del R\u00edo Uruguay\u00bb,<\/strong> sostuvo Walser en relaci\u00f3n a una zona que vive principalmente de la actividad tur\u00edstica en los \u00faltimos 70 a\u00f1os. \u00abEl visitante no quiere ver una construcci\u00f3n de una refiner\u00eda de combustible, sino el paisaje natural de la costa. Adem\u00e1s el viento suele provenir desde ese sector, a lo que se suman los afluentes que ir\u00e1n al r\u00edo\u00bb, dijo el Presidente Municipal.<\/p>\n<p>Cabe agregar que en la ciudad est\u00e1n midiendo los niveles de contaminaci\u00f3n del aire, las enfermedades que prevalecen, la calidad de agua del r\u00edo, entre otros indicadores para contrastarlos en caso que se instale la planta. <em>(Informe Litoral)<\/em><\/p>\n<h2><strong>Ver la entrevista completa con Jos\u00e9 Luis Walser:\u00a0<\/strong><\/h2>\n<div class=\"youtube-embed\" data-video_id=\"XiWzO0TUzho\"><iframe loading=\"lazy\" title=\"Jos\u00e9 Luis Walser | Crece preocupaci\u00f3n por planta de metanol\" width=\"696\" height=\"392\" src=\"https:\/\/www.youtube.com\/embed\/XiWzO0TUzho?feature=oembed&#038;enablejsapi=1\" frameborder=\"0\" allow=\"accelerometer; autoplay; clipboard-write; encrypted-media; gyroscope; picture-in-picture; web-share\" referrerpolicy=\"strict-origin-when-cross-origin\" allowfullscreen><\/iframe><\/div>\n<h6><em><strong>Del archivo:\u00a0<a href=\"https:\/\/informelitoral.com.ar\/241010-2\/\" target=\"_blank\" rel=\"noopener\">Turismo: Col\u00f3n particip\u00f3 en un encuentro clave en Paran\u00e1 para planificar la temporada 2026<\/a><\/strong><\/em><\/h6>\n<h6><em><strong><a href=\"https:\/\/informelitoral.com.ar\/pablo-guelperin-destaco-que-el-correcto-diagnostico-contribuye-al-ambiente-y-el-bolsillo\/\" target=\"_blank\" rel=\"noopener\">Pablo Guelper\u00edn destac\u00f3 que el correcto diagn\u00f3stico contribuye al ambiente y el bolsillo<\/a><\/strong><\/em><\/h6>\n<h6><em><strong><a href=\"https:\/\/informelitoral.com.ar\/aldea-salto-la-justicia-suspendio-fumigaciones-con-drones-por-dano-genotoxico-en-una-nina\/\" target=\"_blank\" rel=\"noopener\">Aldea Salto: la Justicia suspendi\u00f3 fumigaciones con drones por da\u00f1o genot\u00f3xico en una ni\u00f1a<\/a><\/strong><\/em><\/h6>\n","protected":false},"excerpt":{"rendered":"<p>El intendente de Col\u00f3n conf\u00eda en las v\u00edas diplom\u00e1ticas para resolver la situaci\u00f3n que se presenta por la instalaci\u00f3n de la industria en Paysand\u00fa. En La Hora del 6 advirti\u00f3 sobre los da\u00f1os ambientales y econ\u00f3micos que generar\u00e1 la refiner\u00eda y exigi\u00f3 mayor participaci\u00f3n de Naci\u00f3n en el reclamo entrerriano. <\/p>\n","protected":false},"author":2,"featured_media":241080,"comment_status":"open","ping_status":"open","sticky":false,"template":"","format":"standard","meta":{"fifu_image_url":"","fifu_image_alt":"","footnotes":""},"categories":[16],"tags":[46,3476,1341,6219,5126,1456,104,594],"class_list":{"0":"post-241074","1":"post","2":"type-post","3":"status-publish","4":"format-standard","5":"has-post-thumbnail","7":"category-politi","8":"tag-ambiente","9":"tag-canal-6-ertv","10":"tag-colon","11":"tag-jose-luis-walser","12":"tag-la-hora-del-6","13":"tag-rio-uruguay","14":"tag-turismo","15":"tag-uruguay"},"yoast_head":"<title>Planta de metanol: Walser conf\u00eda en el di\u00e1logo pero advirti\u00f3 que hay una comunidad movilizada - Informe Litoral<\/title>\n<meta name=\"robots\" content=\"index, follow, max-snippet:-1, max-image-preview:large, max-video-preview:-1\" \/>\n<link rel=\"canonical\" href=\"https:\/\/informelitoral.com.ar\/planta-de-metanol-walser-confia-en-el-dialogo-pero-advirtio-que-hay-una-comunidad-movilizada\/\" \/>\n<meta property=\"og:locale\" content=\"es_ES\" \/>\n<meta property=\"og:type\" content=\"article\" \/>\n<meta property=\"og:title\" content=\"Planta de metanol: Walser conf\u00eda en el di\u00e1logo pero advirti\u00f3 que hay una comunidad movilizada - Informe Litoral\" \/>\n<meta property=\"og:description\" content=\"El intendente de Col\u00f3n conf\u00eda en las v\u00edas diplom\u00e1ticas para resolver la situaci\u00f3n que se presenta por la instalaci\u00f3n de la industria en Paysand\u00fa. En La Hora del 6 advirti\u00f3 sobre los da\u00f1os ambientales y econ\u00f3micos que generar\u00e1 la refiner\u00eda y exigi\u00f3 mayor participaci\u00f3n de Naci\u00f3n en el reclamo entrerriano.\" \/>\n<meta property=\"og:url\" content=\"https:\/\/informelitoral.com.ar\/planta-de-metanol-walser-confia-en-el-dialogo-pero-advirtio-que-hay-una-comunidad-movilizada\/\" \/>\n<meta property=\"og:site_name\" content=\"Informe Litoral\" \/>\n<meta property=\"article:publisher\" content=\"https:\/\/www.facebook.com\/informelitoral\/\" \/>\n<meta property=\"article:published_time\" content=\"2025-11-19T10:47:42+00:00\" \/>\n<meta property=\"article:modified_time\" content=\"2025-11-19T10:58:17+00:00\" \/>\n<meta property=\"og:image\" content=\"https:\/\/drive.google.com\/thumbnail?id=1cHg561ZBLFQGos-sDeiEpCDiP5T2I8uJ&sz=w2048\" \/>\n\t<meta property=\"og:image:width\" content=\"1600\" \/>\n\t<meta property=\"og:image:height\" content=\"900\" \/>\n\t<meta property=\"og:image:type\" content=\"image\/jpeg\" \/>\n<meta name=\"author\" content=\"Gonzalo Schmidt\" \/>\n<meta name=\"twitter:card\" content=\"summary_large_image\" \/>\n<meta name=\"twitter:creator\" content=\"@InformeLitoral\" \/>\n<meta name=\"twitter:site\" content=\"@InformeLitoral\" \/>\n<meta name=\"twitter:label1\" content=\"Escrito por\" \/>\n\t<meta name=\"twitter:data1\" content=\"Gonzalo Schmidt\" \/>\n\t<meta name=\"twitter:label2\" content=\"Tiempo de lectura\" \/>\n\t<meta name=\"twitter:data2\" content=\"3 minutos\" \/>\n<script type=\"application\/ld+json\" class=\"yoast-schema-graph\">{\"@context\":\"https:\\\/\\\/schema.org\",\"@graph\":[{\"@type\":\"Article\",\"@id\":\"https:\\\/\\\/informelitoral.com.ar\\\/planta-de-metanol-walser-confia-en-el-dialogo-pero-advirtio-que-hay-una-comunidad-movilizada\\\/#article\",\"isPartOf\":{\"@id\":\"https:\\\/\\\/informelitoral.com.ar\\\/planta-de-metanol-walser-confia-en-el-dialogo-pero-advirtio-que-hay-una-comunidad-movilizada\\\/\"},\"author\":{\"name\":\"Gonzalo Schmidt\",\"@id\":\"https:\\\/\\\/informelitoral.com.ar\\\/#\\\/schema\\\/person\\\/b9d00407c836482871ef1d57bf8e3180\"},\"headline\":\"Planta de metanol: Walser conf\u00eda en el di\u00e1logo pero advirti\u00f3 que hay una comunidad movilizada\",\"datePublished\":\"2025-11-19T10:47:42+00:00\",\"dateModified\":\"2025-11-19T10:58:17+00:00\",\"mainEntityOfPage\":{\"@id\":\"https:\\\/\\\/informelitoral.com.ar\\\/planta-de-metanol-walser-confia-en-el-dialogo-pero-advirtio-que-hay-una-comunidad-movilizada\\\/\"},\"wordCount\":505,\"commentCount\":0,\"publisher\":{\"@id\":\"https:\\\/\\\/informelitoral.com.ar\\\/#organization\"},\"image\":{\"@id\":\"https:\\\/\\\/informelitoral.com.ar\\\/planta-de-metanol-walser-confia-en-el-dialogo-pero-advirtio-que-hay-una-comunidad-movilizada\\\/#primaryimage\"},\"thumbnailUrl\":\"https:\\\/\\\/drive.google.com\\\/thumbnail?id=1cHg561ZBLFQGos-sDeiEpCDiP5T2I8uJ&sz=w2048\",\"keywords\":[\"Ambiente\",\"Canal 6 ERTV\",\"Col\u00f3n\",\"Jos\u00e9 Luis Walser\",\"La hora del 6\",\"r\u00edo Uruguay\",\"Turismo\",\"Uruguay\"],\"articleSection\":[\"Politica\"],\"inLanguage\":\"es\",\"potentialAction\":[{\"@type\":\"CommentAction\",\"name\":\"Comment\",\"target\":[\"https:\\\/\\\/informelitoral.com.ar\\\/planta-de-metanol-walser-confia-en-el-dialogo-pero-advirtio-que-hay-una-comunidad-movilizada\\\/#respond\"]}]},{\"@type\":\"WebPage\",\"@id\":\"https:\\\/\\\/informelitoral.com.ar\\\/planta-de-metanol-walser-confia-en-el-dialogo-pero-advirtio-que-hay-una-comunidad-movilizada\\\/\",\"url\":\"https:\\\/\\\/informelitoral.com.ar\\\/planta-de-metanol-walser-confia-en-el-dialogo-pero-advirtio-que-hay-una-comunidad-movilizada\\\/\",\"name\":\"Planta de metanol: Walser conf\u00eda en el di\u00e1logo pero advirti\u00f3 que hay una comunidad movilizada - Informe Litoral\",\"isPartOf\":{\"@id\":\"https:\\\/\\\/informelitoral.com.ar\\\/#website\"},\"primaryImageOfPage\":{\"@id\":\"https:\\\/\\\/informelitoral.com.ar\\\/planta-de-metanol-walser-confia-en-el-dialogo-pero-advirtio-que-hay-una-comunidad-movilizada\\\/#primaryimage\"},\"image\":{\"@id\":\"https:\\\/\\\/informelitoral.com.ar\\\/planta-de-metanol-walser-confia-en-el-dialogo-pero-advirtio-que-hay-una-comunidad-movilizada\\\/#primaryimage\"},\"thumbnailUrl\":\"https:\\\/\\\/drive.google.com\\\/thumbnail?id=1cHg561ZBLFQGos-sDeiEpCDiP5T2I8uJ&sz=w2048\",\"datePublished\":\"2025-11-19T10:47:42+00:00\",\"dateModified\":\"2025-11-19T10:58:17+00:00\",\"breadcrumb\":{\"@id\":\"https:\\\/\\\/informelitoral.com.ar\\\/planta-de-metanol-walser-confia-en-el-dialogo-pero-advirtio-que-hay-una-comunidad-movilizada\\\/#breadcrumb\"},\"inLanguage\":\"es\",\"potentialAction\":[{\"@type\":\"ReadAction\",\"target\":[\"https:\\\/\\\/informelitoral.com.ar\\\/planta-de-metanol-walser-confia-en-el-dialogo-pero-advirtio-que-hay-una-comunidad-movilizada\\\/\"]}]},{\"@type\":\"ImageObject\",\"inLanguage\":\"es\",\"@id\":\"https:\\\/\\\/informelitoral.com.ar\\\/planta-de-metanol-walser-confia-en-el-dialogo-pero-advirtio-que-hay-una-comunidad-movilizada\\\/#primaryimage\",\"url\":\"https:\\\/\\\/drive.google.com\\\/thumbnail?id=1cHg561ZBLFQGos-sDeiEpCDiP5T2I8uJ&sz=w2048\",\"contentUrl\":\"https:\\\/\\\/drive.google.com\\\/thumbnail?id=1cHg561ZBLFQGos-sDeiEpCDiP5T2I8uJ&sz=w2048\",\"width\":1600,\"height\":900,\"caption\":\"Jos\u00e9 Luis Walser habl\u00f3 con La Hora del 6 sobre el rechazo a la planta de metanol.\"},{\"@type\":\"BreadcrumbList\",\"@id\":\"https:\\\/\\\/informelitoral.com.ar\\\/planta-de-metanol-walser-confia-en-el-dialogo-pero-advirtio-que-hay-una-comunidad-movilizada\\\/#breadcrumb\",\"itemListElement\":[{\"@type\":\"ListItem\",\"position\":1,\"name\":\"Portada\",\"item\":\"https:\\\/\\\/informelitoral.com.ar\\\/\"},{\"@type\":\"ListItem\",\"position\":2,\"name\":\"Planta de metanol: Walser conf\u00eda en el di\u00e1logo pero advirti\u00f3 que hay una comunidad movilizada\"}]},{\"@type\":\"WebSite\",\"@id\":\"https:\\\/\\\/informelitoral.com.ar\\\/#website\",\"url\":\"https:\\\/\\\/informelitoral.com.ar\\\/\",\"name\":\"Informe Litoral\",\"description\":\"&quot;Nos informamos&quot; \",\"publisher\":{\"@id\":\"https:\\\/\\\/informelitoral.com.ar\\\/#organization\"},\"potentialAction\":[{\"@type\":\"SearchAction\",\"target\":{\"@type\":\"EntryPoint\",\"urlTemplate\":\"https:\\\/\\\/informelitoral.com.ar\\\/?s={search_term_string}\"},\"query-input\":{\"@type\":\"PropertyValueSpecification\",\"valueRequired\":true,\"valueName\":\"search_term_string\"}}],\"inLanguage\":\"es\"},{\"@type\":\"Organization\",\"@id\":\"https:\\\/\\\/informelitoral.com.ar\\\/#organization\",\"name\":\"Informe Litoral\",\"url\":\"https:\\\/\\\/informelitoral.com.ar\\\/\",\"logo\":{\"@type\":\"ImageObject\",\"inLanguage\":\"es\",\"@id\":\"https:\\\/\\\/informelitoral.com.ar\\\/#\\\/schema\\\/logo\\\/image\\\/\",\"url\":\"https:\\\/\\\/informelitoral.com.ar\\\/%77%70%2d%63%6f%6e%74%65%6e%74\\\/uploads\\\/2021\\\/01\\\/circulo.png\",\"contentUrl\":\"https:\\\/\\\/informelitoral.com.ar\\\/%77%70%2d%63%6f%6e%74%65%6e%74\\\/uploads\\\/2021\\\/01\\\/circulo.png\",\"width\":723,\"height\":731,\"caption\":\"Informe Litoral\"},\"image\":{\"@id\":\"https:\\\/\\\/informelitoral.com.ar\\\/#\\\/schema\\\/logo\\\/image\\\/\"},\"sameAs\":[\"https:\\\/\\\/www.facebook.com\\\/informelitoral\\\/\",\"https:\\\/\\\/x.com\\\/InformeLitoral\",\"https:\\\/\\\/www.instagram.com\\\/informelitoral\\\/\",\"https:\\\/\\\/www.youtube.com\\\/channel\\\/UCua4Qvz8Icb6MYqhoq9xLXw\"]},{\"@type\":\"Person\",\"@id\":\"https:\\\/\\\/informelitoral.com.ar\\\/#\\\/schema\\\/person\\\/b9d00407c836482871ef1d57bf8e3180\",\"name\":\"Gonzalo Schmidt\",\"image\":{\"@type\":\"ImageObject\",\"inLanguage\":\"es\",\"@id\":\"https:\\\/\\\/secure.gravatar.com\\\/avatar\\\/31a1a7b66ff2de83bd0e9fd79d026630d2d99e55e8bfe501287647b4fd9743de?s=96&d=mm&r=g\",\"url\":\"https:\\\/\\\/secure.gravatar.com\\\/avatar\\\/31a1a7b66ff2de83bd0e9fd79d026630d2d99e55e8bfe501287647b4fd9743de?s=96&d=mm&r=g\",\"contentUrl\":\"https:\\\/\\\/secure.gravatar.com\\\/avatar\\\/31a1a7b66ff2de83bd0e9fd79d026630d2d99e55e8bfe501287647b4fd9743de?s=96&d=mm&r=g\",\"caption\":\"Gonzalo Schmidt\"},\"description\":\"Sitio web de noticias de la provincia de Entre R\u00edos, Argentina. Informaci\u00f3n y entretenimiento. Informe Litoral, nos informamos.\",\"sameAs\":[\"http:\\\/\\\/www.isletasnoticias.com.ar\"],\"url\":\"https:\\\/\\\/informelitoral.com.ar\\\/author\\\/gonzalo\\\/\"}]}<\/script>","yoast_head_json":{"title":"Planta de metanol: Walser conf\u00eda en el di\u00e1logo pero advirti\u00f3 que hay una comunidad movilizada - Informe Litoral","robots":{"index":"index","follow":"follow","max-snippet":"max-snippet:-1","max-image-preview":"max-image-preview:large","max-video-preview":"max-video-preview:-1"},"canonical":"https:\/\/informelitoral.com.ar\/planta-de-metanol-walser-confia-en-el-dialogo-pero-advirtio-que-hay-una-comunidad-movilizada\/","og_locale":"es_ES","og_type":"article","og_title":"Planta de metanol: Walser conf\u00eda en el di\u00e1logo pero advirti\u00f3 que hay una comunidad movilizada - Informe Litoral","og_description":"El intendente de Col\u00f3n conf\u00eda en las v\u00edas diplom\u00e1ticas para resolver la situaci\u00f3n que se presenta por la instalaci\u00f3n de la industria en Paysand\u00fa. En La Hora del 6 advirti\u00f3 sobre los da\u00f1os ambientales y econ\u00f3micos que generar\u00e1 la refiner\u00eda y exigi\u00f3 mayor participaci\u00f3n de Naci\u00f3n en el reclamo entrerriano.","og_url":"https:\/\/informelitoral.com.ar\/planta-de-metanol-walser-confia-en-el-dialogo-pero-advirtio-que-hay-una-comunidad-movilizada\/","og_site_name":"Informe Litoral","article_publisher":"https:\/\/www.facebook.com\/informelitoral\/","article_published_time":"2025-11-19T10:47:42+00:00","article_modified_time":"2025-11-19T10:58:17+00:00","og_image":[{"width":1600,"height":900,"url":"https:\/\/drive.google.com\/thumbnail?id=1cHg561ZBLFQGos-sDeiEpCDiP5T2I8uJ&sz=w2048","type":"image\/jpeg"}],"author":"Gonzalo Schmidt","twitter_card":"summary_large_image","twitter_creator":"@InformeLitoral","twitter_site":"@InformeLitoral","twitter_misc":{"Escrito por":"Gonzalo Schmidt","Tiempo de lectura":"3 minutos"},"schema":{"@context":"https:\/\/schema.org","@graph":[{"@type":"Article","@id":"https:\/\/informelitoral.com.ar\/planta-de-metanol-walser-confia-en-el-dialogo-pero-advirtio-que-hay-una-comunidad-movilizada\/#article","isPartOf":{"@id":"https:\/\/informelitoral.com.ar\/planta-de-metanol-walser-confia-en-el-dialogo-pero-advirtio-que-hay-una-comunidad-movilizada\/"},"author":{"name":"Gonzalo Schmidt","@id":"https:\/\/informelitoral.com.ar\/#\/schema\/person\/b9d00407c836482871ef1d57bf8e3180"},"headline":"Planta de metanol: Walser conf\u00eda en el di\u00e1logo pero advirti\u00f3 que hay una comunidad movilizada","datePublished":"2025-11-19T10:47:42+00:00","dateModified":"2025-11-19T10:58:17+00:00","mainEntityOfPage":{"@id":"https:\/\/informelitoral.com.ar\/planta-de-metanol-walser-confia-en-el-dialogo-pero-advirtio-que-hay-una-comunidad-movilizada\/"},"wordCount":505,"commentCount":0,"publisher":{"@id":"https:\/\/informelitoral.com.ar\/#organization"},"image":{"@id":"https:\/\/informelitoral.com.ar\/planta-de-metanol-walser-confia-en-el-dialogo-pero-advirtio-que-hay-una-comunidad-movilizada\/#primaryimage"},"thumbnailUrl":"https:\/\/drive.google.com\/thumbnail?id=1cHg561ZBLFQGos-sDeiEpCDiP5T2I8uJ&sz=w2048","keywords":["Ambiente","Canal 6 ERTV","Col\u00f3n","Jos\u00e9 Luis Walser","La hora del 6","r\u00edo Uruguay","Turismo","Uruguay"],"articleSection":["Politica"],"inLanguage":"es","potentialAction":[{"@type":"CommentAction","name":"Comment","target":["https:\/\/informelitoral.com.ar\/planta-de-metanol-walser-confia-en-el-dialogo-pero-advirtio-que-hay-una-comunidad-movilizada\/#respond"]}]},{"@type":"WebPage","@id":"https:\/\/informelitoral.com.ar\/planta-de-metanol-walser-confia-en-el-dialogo-pero-advirtio-que-hay-una-comunidad-movilizada\/","url":"https:\/\/informelitoral.com.ar\/planta-de-metanol-walser-confia-en-el-dialogo-pero-advirtio-que-hay-una-comunidad-movilizada\/","name":"Planta de metanol: Walser conf\u00eda en el di\u00e1logo pero advirti\u00f3 que hay una comunidad movilizada - Informe Litoral","isPartOf":{"@id":"https:\/\/informelitoral.com.ar\/#website"},"primaryImageOfPage":{"@id":"https:\/\/informelitoral.com.ar\/planta-de-metanol-walser-confia-en-el-dialogo-pero-advirtio-que-hay-una-comunidad-movilizada\/#primaryimage"},"image":{"@id":"https:\/\/informelitoral.com.ar\/planta-de-metanol-walser-confia-en-el-dialogo-pero-advirtio-que-hay-una-comunidad-movilizada\/#primaryimage"},"thumbnailUrl":"https:\/\/drive.google.com\/thumbnail?id=1cHg561ZBLFQGos-sDeiEpCDiP5T2I8uJ&sz=w2048","datePublished":"2025-11-19T10:47:42+00:00","dateModified":"2025-11-19T10:58:17+00:00","breadcrumb":{"@id":"https:\/\/informelitoral.com.ar\/planta-de-metanol-walser-confia-en-el-dialogo-pero-advirtio-que-hay-una-comunidad-movilizada\/#breadcrumb"},"inLanguage":"es","potentialAction":[{"@type":"ReadAction","target":["https:\/\/informelitoral.com.ar\/planta-de-metanol-walser-confia-en-el-dialogo-pero-advirtio-que-hay-una-comunidad-movilizada\/"]}]},{"@type":"ImageObject","inLanguage":"es","@id":"https:\/\/informelitoral.com.ar\/planta-de-metanol-walser-confia-en-el-dialogo-pero-advirtio-que-hay-una-comunidad-movilizada\/#primaryimage","url":"https:\/\/drive.google.com\/thumbnail?id=1cHg561ZBLFQGos-sDeiEpCDiP5T2I8uJ&sz=w2048","contentUrl":"https:\/\/drive.google.com\/thumbnail?id=1cHg561ZBLFQGos-sDeiEpCDiP5T2I8uJ&sz=w2048","width":1600,"height":900,"caption":"Jos\u00e9 Luis Walser habl\u00f3 con La Hora del 6 sobre el rechazo a la planta de metanol."},{"@type":"BreadcrumbList","@id":"https:\/\/informelitoral.com.ar\/planta-de-metanol-walser-confia-en-el-dialogo-pero-advirtio-que-hay-una-comunidad-movilizada\/#breadcrumb","itemListElement":[{"@type":"ListItem","position":1,"name":"Portada","item":"https:\/\/informelitoral.com.ar\/"},{"@type":"ListItem","position":2,"name":"Planta de metanol: Walser conf\u00eda en el di\u00e1logo pero advirti\u00f3 que hay una comunidad movilizada"}]},{"@type":"WebSite","@id":"https:\/\/informelitoral.com.ar\/#website","url":"https:\/\/informelitoral.com.ar\/","name":"Informe Litoral","description":"&quot;Nos informamos&quot; ","publisher":{"@id":"https:\/\/informelitoral.com.ar\/#organization"},"potentialAction":[{"@type":"SearchAction","target":{"@type":"EntryPoint","urlTemplate":"https:\/\/informelitoral.com.ar\/?s={search_term_string}"},"query-input":{"@type":"PropertyValueSpecification","valueRequired":true,"valueName":"search_term_string"}}],"inLanguage":"es"},{"@type":"Organization","@id":"https:\/\/informelitoral.com.ar\/#organization","name":"Informe Litoral","url":"https:\/\/informelitoral.com.ar\/","logo":{"@type":"ImageObject","inLanguage":"es","@id":"https:\/\/informelitoral.com.ar\/#\/schema\/logo\/image\/","url":"https:\/\/informelitoral.com.ar\/%77%70%2d%63%6f%6e%74%65%6e%74\/uploads\/2021\/01\/circulo.png","contentUrl":"https:\/\/informelitoral.com.ar\/%77%70%2d%63%6f%6e%74%65%6e%74\/uploads\/2021\/01\/circulo.png","width":723,"height":731,"caption":"Informe Litoral"},"image":{"@id":"https:\/\/informelitoral.com.ar\/#\/schema\/logo\/image\/"},"sameAs":["https:\/\/www.facebook.com\/informelitoral\/","https:\/\/x.com\/InformeLitoral","https:\/\/www.instagram.com\/informelitoral\/","https:\/\/www.youtube.com\/channel\/UCua4Qvz8Icb6MYqhoq9xLXw"]},{"@type":"Person","@id":"https:\/\/informelitoral.com.ar\/#\/schema\/person\/b9d00407c836482871ef1d57bf8e3180","name":"Gonzalo Schmidt","image":{"@type":"ImageObject","inLanguage":"es","@id":"https:\/\/secure.gravatar.com\/avatar\/31a1a7b66ff2de83bd0e9fd79d026630d2d99e55e8bfe501287647b4fd9743de?s=96&d=mm&r=g","url":"https:\/\/secure.gravatar.com\/avatar\/31a1a7b66ff2de83bd0e9fd79d026630d2d99e55e8bfe501287647b4fd9743de?s=96&d=mm&r=g","contentUrl":"https:\/\/secure.gravatar.com\/avatar\/31a1a7b66ff2de83bd0e9fd79d026630d2d99e55e8bfe501287647b4fd9743de?s=96&d=mm&r=g","caption":"Gonzalo Schmidt"},"description":"Sitio web de noticias de la provincia de Entre R\u00edos, Argentina. Informaci\u00f3n y entretenimiento. Informe Litoral, nos informamos.","sameAs":["http:\/\/www.isletasnoticias.com.ar"],"url":"https:\/\/informelitoral.com.ar\/author\/gonzalo\/"}]}},"_links":{"self":[{"href":"https:\/\/informelitoral.com.ar\/%77%70%2d%6a%73%6f%6e\/wp\/v2\/posts\/241074","targetHints":{"allow":["GET"]}}],"collection":[{"href":"https:\/\/informelitoral.com.ar\/%77%70%2d%6a%73%6f%6e\/wp\/v2\/posts"}],"about":[{"href":"https:\/\/informelitoral.com.ar\/%77%70%2d%6a%73%6f%6e\/wp\/v2\/types\/post"}],"author":[{"embeddable":true,"href":"https:\/\/informelitoral.com.ar\/%77%70%2d%6a%73%6f%6e\/wp\/v2\/users\/2"}],"replies":[{"embeddable":true,"href":"https:\/\/informelitoral.com.ar\/%77%70%2d%6a%73%6f%6e\/wp\/v2\/comments?post=241074"}],"version-history":[{"count":10,"href":"https:\/\/informelitoral.com.ar\/%77%70%2d%6a%73%6f%6e\/wp\/v2\/posts\/241074\/revisions"}],"predecessor-version":[{"id":241085,"href":"https:\/\/informelitoral.com.ar\/%77%70%2d%6a%73%6f%6e\/wp\/v2\/posts\/241074\/revisions\/241085"}],"wp:featuredmedia":[{"embeddable":true,"href":"https:\/\/informelitoral.com.ar\/%77%70%2d%6a%73%6f%6e\/wp\/v2\/media\/241080"}],"wp:attachment":[{"href":"https:\/\/informelitoral.com.ar\/%77%70%2d%6a%73%6f%6e\/wp\/v2\/media?parent=241074"}],"wp:term":[{"taxonomy":"category","embeddable":true,"href":"https:\/\/informelitoral.com.ar\/%77%70%2d%6a%73%6f%6e\/wp\/v2\/categories?post=241074"},{"taxonomy":"post_tag","embeddable":true,"href":"https:\/\/informelitoral.com.ar\/%77%70%2d%6a%73%6f%6e\/wp\/v2\/tags?post=241074"}],"curies":[{"name":"wp","href":"https:\/\/api.w.org\/{rel}","templated":true}]}}