{"id":241038,"date":"2025-11-18T15:18:18","date_gmt":"2025-11-18T18:18:18","guid":{"rendered":"https:\/\/informelitoral.com.ar\/?p=241038"},"modified":"2025-11-18T15:23:24","modified_gmt":"2025-11-18T18:23:24","slug":"las-prepagas-comenzaron-a-informar-los-nuevos-aumentos-para-las-cuotas-de-diciembre","status":"publish","type":"post","link":"https:\/\/informelitoral.com.ar\/las-prepagas-comenzaron-a-informar-los-nuevos-aumentos-para-las-cuotas-de-diciembre\/","title":{"rendered":"Las prepagas comenzaron a informar los nuevos aumentos para las cuotas de diciembre"},"content":{"rendered":"<p data-path-to-node=\"4\">Las principales empresas de <b>medicina prepaga<\/b> definieron los nuevos valores que regir\u00e1n a partir de <b>diciembre<\/b> para sus planes de salud, con incrementos que alcanzar\u00e1n hasta el <b>2,4%<\/b>.<\/p>\n<h6 data-path-to-node=\"4\"><em><strong>Del archivo:\u00a0<a href=\"https:\/\/informelitoral.com.ar\/la-rentabilidad-del-maiz-en-entre-rios-un-desafio-creciente-por-el-costo-del-arrendamiento\/\" target=\"_blank\" rel=\"noopener\">La rentabilidad del ma\u00edz en Entre R\u00edos: un desaf\u00edo creciente por el costo del arrendamiento<\/a><\/strong><\/em><\/h6>\n<p data-path-to-node=\"5\">Los ajustes ya fueron informados y cargados en el sistema digital obligatorio de la <b>Superintendencia de Servicios de Salud (SSS)<\/b>. Las compa\u00f1\u00edas tienen un plazo de cinco d\u00edas h\u00e1biles, tras la difusi\u00f3n del \u00cdndice de Precios al Consumidor (IPC) por el INDEC, para notificar estos aumentos.<\/p>\n<p data-path-to-node=\"5\"><a href=\"https:\/\/informelitoral.com.ar\/%77%70%2d%63%6f%6e%74%65%6e%74\/uploads\/2025\/01\/prepagas.png\"><img loading=\"lazy\" decoding=\"async\" class=\"alignnone size-full wp-image-210550\" src=\"https:\/\/informelitoral.com.ar\/%77%70%2d%63%6f%6e%74%65%6e%74\/uploads\/2025\/01\/prepagas.png\" alt=\"\" width=\"1200\" height=\"630\" srcset=\"https:\/\/informelitoral.com.ar\/%77%70%2d%63%6f%6e%74%65%6e%74\/uploads\/2025\/01\/prepagas.png 1200w, https:\/\/informelitoral.com.ar\/%77%70%2d%63%6f%6e%74%65%6e%74\/uploads\/2025\/01\/prepagas-300x158.png 300w, https:\/\/informelitoral.com.ar\/%77%70%2d%63%6f%6e%74%65%6e%74\/uploads\/2025\/01\/prepagas-1024x538.png 1024w, https:\/\/informelitoral.com.ar\/%77%70%2d%63%6f%6e%74%65%6e%74\/uploads\/2025\/01\/prepagas-768x403.png 768w, https:\/\/informelitoral.com.ar\/%77%70%2d%63%6f%6e%74%65%6e%74\/uploads\/2025\/01\/prepagas-800x420.png 800w, https:\/\/informelitoral.com.ar\/%77%70%2d%63%6f%6e%74%65%6e%74\/uploads\/2025\/01\/prepagas-696x365.png 696w, https:\/\/informelitoral.com.ar\/%77%70%2d%63%6f%6e%74%65%6e%74\/uploads\/2025\/01\/prepagas-1068x561.png 1068w\" sizes=\"auto, (max-width: 1200px) 100vw, 1200px\" \/><\/a><\/p>\n<h2><b>Detalles de los aumentos confirmados<\/b><\/h2>\n<p data-path-to-node=\"7\">Entre las primeras empresas en confirmar los nuevos aranceles, se encuentran:<\/p>\n<ul data-path-to-node=\"8\">\n<li>\n<p data-path-to-node=\"8,0,0\"><b>Galeno:<\/b> Aplicar\u00e1 un aumento de <b>2,3%<\/b>, un valor que coincide con la inflaci\u00f3n de octubre.<\/p>\n<\/li>\n<li>\n<p data-path-to-node=\"8,1,0\"><b>Swiss Medical:<\/b> Tambi\u00e9n aplicar\u00e1 un incremento del <b>2,3%<\/b>.<\/p>\n<\/li>\n<li>\n<p data-path-to-node=\"8,2,0\"><b>Accord Salud:<\/b> Realizar\u00e1 un ajuste levemente superior, alcanzando el <b>2,4%<\/b>.<\/p>\n<\/li>\n<\/ul>\n<p data-path-to-node=\"9\">Este porcentaje de hasta 2,4% se ubica en algunos casos por encima de la <b>inflaci\u00f3n de octubre, que fue del 2,3%<\/b>. La variaci\u00f3n interanual de las cuotas, seg\u00fan datos previos, se ubic\u00f3 en un promedio de <b>22,7%<\/b> a nivel nacional.<\/p>\n<h2><b>Desaceleraci\u00f3n y contexto inflacionario<\/b><\/h2>\n<p data-path-to-node=\"11\">Los porcentajes de aumento confirman una <b>desaceleraci\u00f3n<\/b> respecto a meses previos de 2025, cuando los incrementos de los planes de salud llegaron a duplicar o triplicar estos valores. Como justificaci\u00f3n para el alza de los aranceles, las empresas de medicina prepaga argumentan el <b>aumento sostenido en los costos del sistema de salud<\/b>.<\/p>\n<p data-path-to-node=\"12\">En cuanto al contexto econ\u00f3mico general, el <b>INDEC<\/b> inform\u00f3 que la <b>inflaci\u00f3n de octubre fue de 2,3%<\/b>, acumulando un <b>24,8%<\/b> en los primeros diez meses de 2025. La variaci\u00f3n interanual del IPC se ubic\u00f3 en <b>31,3%<\/b>.(<em>TN<\/em>)<\/p>\n<h6 data-path-to-node=\"12\"><em><strong>Del archivo:\u00a0<a href=\"https:\/\/informelitoral.com.ar\/supermercados-liquidan-ventiladores-con-descuentos-de-hasta-el-71\/\" target=\"_blank\" rel=\"noopener\">Supermercados liquidan ventiladores con descuentos de hasta el 71%<\/a><\/strong><\/em><\/h6>\n","protected":false},"excerpt":{"rendered":"<p>Las firmas justifican el alza por el sostenido incremento en los costos del sistema de salud.<\/p>\n","protected":false},"author":8,"featured_media":187985,"comment_status":"open","ping_status":"open","sticky":false,"template":"","format":"standard","meta":{"fifu_image_url":"","fifu_image_alt":"","footnotes":""},"categories":[1594],"tags":[155,3585],"class_list":{"0":"post-241038","1":"post","2":"type-post","3":"status-publish","4":"format-standard","5":"has-post-thumbnail","7":"category-economia","8":"tag-aumentos","9":"tag-medicina-prepagas"},"yoast_head":"<title>Las prepagas comenzaron a informar los nuevos aumentos para las cuotas de diciembre - Informe Litoral<\/title>\n<meta name=\"robots\" content=\"index, follow, max-snippet:-1, max-image-preview:large, max-video-preview:-1\" \/>\n<link rel=\"canonical\" href=\"https:\/\/informelitoral.com.ar\/las-prepagas-comenzaron-a-informar-los-nuevos-aumentos-para-las-cuotas-de-diciembre\/\" \/>\n<meta property=\"og:locale\" content=\"es_ES\" \/>\n<meta property=\"og:type\" content=\"article\" \/>\n<meta property=\"og:title\" content=\"Las prepagas comenzaron a informar los nuevos aumentos para las cuotas de diciembre - Informe Litoral\" \/>\n<meta property=\"og:description\" content=\"Las firmas justifican el alza por el sostenido incremento en los costos del sistema de salud.\" \/>\n<meta property=\"og:url\" content=\"https:\/\/informelitoral.com.ar\/las-prepagas-comenzaron-a-informar-los-nuevos-aumentos-para-las-cuotas-de-diciembre\/\" \/>\n<meta property=\"og:site_name\" content=\"Informe Litoral\" \/>\n<meta property=\"article:publisher\" content=\"https:\/\/www.facebook.com\/informelitoral\/\" \/>\n<meta property=\"article:published_time\" content=\"2025-11-18T18:18:18+00:00\" \/>\n<meta property=\"article:modified_time\" content=\"2025-11-18T18:23:24+00:00\" \/>\n<meta property=\"og:image\" content=\"https:\/\/informelitoral.com.ar\/%77%70%2d%63%6f%6e%74%65%6e%74\/uploads\/2024\/05\/64a2d63a826bb.png\" \/>\n\t<meta property=\"og:image:width\" content=\"969\" \/>\n\t<meta property=\"og:image:height\" content=\"648\" \/>\n\t<meta property=\"og:image:type\" content=\"image\/png\" \/>\n<meta name=\"author\" content=\"Sebastian\" \/>\n<meta name=\"twitter:card\" content=\"summary_large_image\" \/>\n<meta name=\"twitter:creator\" content=\"@InformeLitoral\" \/>\n<meta name=\"twitter:site\" content=\"@InformeLitoral\" \/>\n<meta name=\"twitter:label1\" content=\"Escrito por\" \/>\n\t<meta name=\"twitter:data1\" content=\"Sebastian\" \/>\n\t<meta name=\"twitter:label2\" content=\"Tiempo de lectura\" \/>\n\t<meta name=\"twitter:data2\" content=\"2 minutos\" \/>\n<script type=\"application\/ld+json\" class=\"yoast-schema-graph\">{\"@context\":\"https:\\\/\\\/schema.org\",\"@graph\":[{\"@type\":\"Article\",\"@id\":\"https:\\\/\\\/informelitoral.com.ar\\\/las-prepagas-comenzaron-a-informar-los-nuevos-aumentos-para-las-cuotas-de-diciembre\\\/#article\",\"isPartOf\":{\"@id\":\"https:\\\/\\\/informelitoral.com.ar\\\/las-prepagas-comenzaron-a-informar-los-nuevos-aumentos-para-las-cuotas-de-diciembre\\\/\"},\"author\":{\"name\":\"Sebastian\",\"@id\":\"https:\\\/\\\/informelitoral.com.ar\\\/#\\\/schema\\\/person\\\/f05f9f461677119578717524b127d6d5\"},\"headline\":\"Las prepagas comenzaron a informar los nuevos aumentos para las cuotas de diciembre\",\"datePublished\":\"2025-11-18T18:18:18+00:00\",\"dateModified\":\"2025-11-18T18:23:24+00:00\",\"mainEntityOfPage\":{\"@id\":\"https:\\\/\\\/informelitoral.com.ar\\\/las-prepagas-comenzaron-a-informar-los-nuevos-aumentos-para-las-cuotas-de-diciembre\\\/\"},\"wordCount\":304,\"commentCount\":0,\"publisher\":{\"@id\":\"https:\\\/\\\/informelitoral.com.ar\\\/#organization\"},\"image\":{\"@id\":\"https:\\\/\\\/informelitoral.com.ar\\\/las-prepagas-comenzaron-a-informar-los-nuevos-aumentos-para-las-cuotas-de-diciembre\\\/#primaryimage\"},\"thumbnailUrl\":\"https:\\\/\\\/informelitoral.com.ar\\\/%77%70%2d%63%6f%6e%74%65%6e%74\\\/uploads\\\/2024\\\/05\\\/64a2d63a826bb.png\",\"keywords\":[\"Aumentos\",\"Medicina prepagas\"],\"articleSection\":[\"Econom\u00eda\"],\"inLanguage\":\"es\",\"potentialAction\":[{\"@type\":\"CommentAction\",\"name\":\"Comment\",\"target\":[\"https:\\\/\\\/informelitoral.com.ar\\\/las-prepagas-comenzaron-a-informar-los-nuevos-aumentos-para-las-cuotas-de-diciembre\\\/#respond\"]}]},{\"@type\":\"WebPage\",\"@id\":\"https:\\\/\\\/informelitoral.com.ar\\\/las-prepagas-comenzaron-a-informar-los-nuevos-aumentos-para-las-cuotas-de-diciembre\\\/\",\"url\":\"https:\\\/\\\/informelitoral.com.ar\\\/las-prepagas-comenzaron-a-informar-los-nuevos-aumentos-para-las-cuotas-de-diciembre\\\/\",\"name\":\"Las prepagas comenzaron a informar los nuevos aumentos para las cuotas de diciembre - Informe Litoral\",\"isPartOf\":{\"@id\":\"https:\\\/\\\/informelitoral.com.ar\\\/#website\"},\"primaryImageOfPage\":{\"@id\":\"https:\\\/\\\/informelitoral.com.ar\\\/las-prepagas-comenzaron-a-informar-los-nuevos-aumentos-para-las-cuotas-de-diciembre\\\/#primaryimage\"},\"image\":{\"@id\":\"https:\\\/\\\/informelitoral.com.ar\\\/las-prepagas-comenzaron-a-informar-los-nuevos-aumentos-para-las-cuotas-de-diciembre\\\/#primaryimage\"},\"thumbnailUrl\":\"https:\\\/\\\/informelitoral.com.ar\\\/%77%70%2d%63%6f%6e%74%65%6e%74\\\/uploads\\\/2024\\\/05\\\/64a2d63a826bb.png\",\"datePublished\":\"2025-11-18T18:18:18+00:00\",\"dateModified\":\"2025-11-18T18:23:24+00:00\",\"breadcrumb\":{\"@id\":\"https:\\\/\\\/informelitoral.com.ar\\\/las-prepagas-comenzaron-a-informar-los-nuevos-aumentos-para-las-cuotas-de-diciembre\\\/#breadcrumb\"},\"inLanguage\":\"es\",\"potentialAction\":[{\"@type\":\"ReadAction\",\"target\":[\"https:\\\/\\\/informelitoral.com.ar\\\/las-prepagas-comenzaron-a-informar-los-nuevos-aumentos-para-las-cuotas-de-diciembre\\\/\"]}]},{\"@type\":\"ImageObject\",\"inLanguage\":\"es\",\"@id\":\"https:\\\/\\\/informelitoral.com.ar\\\/las-prepagas-comenzaron-a-informar-los-nuevos-aumentos-para-las-cuotas-de-diciembre\\\/#primaryimage\",\"url\":\"https:\\\/\\\/informelitoral.com.ar\\\/%77%70%2d%63%6f%6e%74%65%6e%74\\\/uploads\\\/2024\\\/05\\\/64a2d63a826bb.png\",\"contentUrl\":\"https:\\\/\\\/informelitoral.com.ar\\\/%77%70%2d%63%6f%6e%74%65%6e%74\\\/uploads\\\/2024\\\/05\\\/64a2d63a826bb.png\",\"width\":969,\"height\":648},{\"@type\":\"BreadcrumbList\",\"@id\":\"https:\\\/\\\/informelitoral.com.ar\\\/las-prepagas-comenzaron-a-informar-los-nuevos-aumentos-para-las-cuotas-de-diciembre\\\/#breadcrumb\",\"itemListElement\":[{\"@type\":\"ListItem\",\"position\":1,\"name\":\"Portada\",\"item\":\"https:\\\/\\\/informelitoral.com.ar\\\/\"},{\"@type\":\"ListItem\",\"position\":2,\"name\":\"Las prepagas comenzaron a informar los nuevos aumentos para las cuotas de diciembre\"}]},{\"@type\":\"WebSite\",\"@id\":\"https:\\\/\\\/informelitoral.com.ar\\\/#website\",\"url\":\"https:\\\/\\\/informelitoral.com.ar\\\/\",\"name\":\"Informe Litoral\",\"description\":\"&quot;Nos informamos&quot; \",\"publisher\":{\"@id\":\"https:\\\/\\\/informelitoral.com.ar\\\/#organization\"},\"potentialAction\":[{\"@type\":\"SearchAction\",\"target\":{\"@type\":\"EntryPoint\",\"urlTemplate\":\"https:\\\/\\\/informelitoral.com.ar\\\/?s={search_term_string}\"},\"query-input\":{\"@type\":\"PropertyValueSpecification\",\"valueRequired\":true,\"valueName\":\"search_term_string\"}}],\"inLanguage\":\"es\"},{\"@type\":\"Organization\",\"@id\":\"https:\\\/\\\/informelitoral.com.ar\\\/#organization\",\"name\":\"Informe Litoral\",\"url\":\"https:\\\/\\\/informelitoral.com.ar\\\/\",\"logo\":{\"@type\":\"ImageObject\",\"inLanguage\":\"es\",\"@id\":\"https:\\\/\\\/informelitoral.com.ar\\\/#\\\/schema\\\/logo\\\/image\\\/\",\"url\":\"https:\\\/\\\/informelitoral.com.ar\\\/%77%70%2d%63%6f%6e%74%65%6e%74\\\/uploads\\\/2021\\\/01\\\/circulo.png\",\"contentUrl\":\"https:\\\/\\\/informelitoral.com.ar\\\/%77%70%2d%63%6f%6e%74%65%6e%74\\\/uploads\\\/2021\\\/01\\\/circulo.png\",\"width\":723,\"height\":731,\"caption\":\"Informe Litoral\"},\"image\":{\"@id\":\"https:\\\/\\\/informelitoral.com.ar\\\/#\\\/schema\\\/logo\\\/image\\\/\"},\"sameAs\":[\"https:\\\/\\\/www.facebook.com\\\/informelitoral\\\/\",\"https:\\\/\\\/x.com\\\/InformeLitoral\",\"https:\\\/\\\/www.instagram.com\\\/informelitoral\\\/\",\"https:\\\/\\\/www.youtube.com\\\/channel\\\/UCua4Qvz8Icb6MYqhoq9xLXw\"]},{\"@type\":\"Person\",\"@id\":\"https:\\\/\\\/informelitoral.com.ar\\\/#\\\/schema\\\/person\\\/f05f9f461677119578717524b127d6d5\",\"name\":\"Sebastian\",\"image\":{\"@type\":\"ImageObject\",\"inLanguage\":\"es\",\"@id\":\"https:\\\/\\\/secure.gravatar.com\\\/avatar\\\/b71bf7481d447dfb9583c7f2798e7cc64de6efb9067b74633ed8c31059a3bd82?s=96&d=mm&r=g\",\"url\":\"https:\\\/\\\/secure.gravatar.com\\\/avatar\\\/b71bf7481d447dfb9583c7f2798e7cc64de6efb9067b74633ed8c31059a3bd82?s=96&d=mm&r=g\",\"contentUrl\":\"https:\\\/\\\/secure.gravatar.com\\\/avatar\\\/b71bf7481d447dfb9583c7f2798e7cc64de6efb9067b74633ed8c31059a3bd82?s=96&d=mm&r=g\",\"caption\":\"Sebastian\"},\"url\":\"https:\\\/\\\/informelitoral.com.ar\\\/author\\\/sebastian\\\/\"}]}<\/script>","yoast_head_json":{"title":"Las prepagas comenzaron a informar los nuevos aumentos para las cuotas de diciembre - Informe Litoral","robots":{"index":"index","follow":"follow","max-snippet":"max-snippet:-1","max-image-preview":"max-image-preview:large","max-video-preview":"max-video-preview:-1"},"canonical":"https:\/\/informelitoral.com.ar\/las-prepagas-comenzaron-a-informar-los-nuevos-aumentos-para-las-cuotas-de-diciembre\/","og_locale":"es_ES","og_type":"article","og_title":"Las prepagas comenzaron a informar los nuevos aumentos para las cuotas de diciembre - Informe Litoral","og_description":"Las firmas justifican el alza por el sostenido incremento en los costos del sistema de salud.","og_url":"https:\/\/informelitoral.com.ar\/las-prepagas-comenzaron-a-informar-los-nuevos-aumentos-para-las-cuotas-de-diciembre\/","og_site_name":"Informe Litoral","article_publisher":"https:\/\/www.facebook.com\/informelitoral\/","article_published_time":"2025-11-18T18:18:18+00:00","article_modified_time":"2025-11-18T18:23:24+00:00","og_image":[{"width":969,"height":648,"url":"https:\/\/informelitoral.com.ar\/%77%70%2d%63%6f%6e%74%65%6e%74\/uploads\/2024\/05\/64a2d63a826bb.png","type":"image\/png"}],"author":"Sebastian","twitter_card":"summary_large_image","twitter_creator":"@InformeLitoral","twitter_site":"@InformeLitoral","twitter_misc":{"Escrito por":"Sebastian","Tiempo de lectura":"2 minutos"},"schema":{"@context":"https:\/\/schema.org","@graph":[{"@type":"Article","@id":"https:\/\/informelitoral.com.ar\/las-prepagas-comenzaron-a-informar-los-nuevos-aumentos-para-las-cuotas-de-diciembre\/#article","isPartOf":{"@id":"https:\/\/informelitoral.com.ar\/las-prepagas-comenzaron-a-informar-los-nuevos-aumentos-para-las-cuotas-de-diciembre\/"},"author":{"name":"Sebastian","@id":"https:\/\/informelitoral.com.ar\/#\/schema\/person\/f05f9f461677119578717524b127d6d5"},"headline":"Las prepagas comenzaron a informar los nuevos aumentos para las cuotas de diciembre","datePublished":"2025-11-18T18:18:18+00:00","dateModified":"2025-11-18T18:23:24+00:00","mainEntityOfPage":{"@id":"https:\/\/informelitoral.com.ar\/las-prepagas-comenzaron-a-informar-los-nuevos-aumentos-para-las-cuotas-de-diciembre\/"},"wordCount":304,"commentCount":0,"publisher":{"@id":"https:\/\/informelitoral.com.ar\/#organization"},"image":{"@id":"https:\/\/informelitoral.com.ar\/las-prepagas-comenzaron-a-informar-los-nuevos-aumentos-para-las-cuotas-de-diciembre\/#primaryimage"},"thumbnailUrl":"https:\/\/informelitoral.com.ar\/%77%70%2d%63%6f%6e%74%65%6e%74\/uploads\/2024\/05\/64a2d63a826bb.png","keywords":["Aumentos","Medicina prepagas"],"articleSection":["Econom\u00eda"],"inLanguage":"es","potentialAction":[{"@type":"CommentAction","name":"Comment","target":["https:\/\/informelitoral.com.ar\/las-prepagas-comenzaron-a-informar-los-nuevos-aumentos-para-las-cuotas-de-diciembre\/#respond"]}]},{"@type":"WebPage","@id":"https:\/\/informelitoral.com.ar\/las-prepagas-comenzaron-a-informar-los-nuevos-aumentos-para-las-cuotas-de-diciembre\/","url":"https:\/\/informelitoral.com.ar\/las-prepagas-comenzaron-a-informar-los-nuevos-aumentos-para-las-cuotas-de-diciembre\/","name":"Las prepagas comenzaron a informar los nuevos aumentos para las cuotas de diciembre - Informe Litoral","isPartOf":{"@id":"https:\/\/informelitoral.com.ar\/#website"},"primaryImageOfPage":{"@id":"https:\/\/informelitoral.com.ar\/las-prepagas-comenzaron-a-informar-los-nuevos-aumentos-para-las-cuotas-de-diciembre\/#primaryimage"},"image":{"@id":"https:\/\/informelitoral.com.ar\/las-prepagas-comenzaron-a-informar-los-nuevos-aumentos-para-las-cuotas-de-diciembre\/#primaryimage"},"thumbnailUrl":"https:\/\/informelitoral.com.ar\/%77%70%2d%63%6f%6e%74%65%6e%74\/uploads\/2024\/05\/64a2d63a826bb.png","datePublished":"2025-11-18T18:18:18+00:00","dateModified":"2025-11-18T18:23:24+00:00","breadcrumb":{"@id":"https:\/\/informelitoral.com.ar\/las-prepagas-comenzaron-a-informar-los-nuevos-aumentos-para-las-cuotas-de-diciembre\/#breadcrumb"},"inLanguage":"es","potentialAction":[{"@type":"ReadAction","target":["https:\/\/informelitoral.com.ar\/las-prepagas-comenzaron-a-informar-los-nuevos-aumentos-para-las-cuotas-de-diciembre\/"]}]},{"@type":"ImageObject","inLanguage":"es","@id":"https:\/\/informelitoral.com.ar\/las-prepagas-comenzaron-a-informar-los-nuevos-aumentos-para-las-cuotas-de-diciembre\/#primaryimage","url":"https:\/\/informelitoral.com.ar\/%77%70%2d%63%6f%6e%74%65%6e%74\/uploads\/2024\/05\/64a2d63a826bb.png","contentUrl":"https:\/\/informelitoral.com.ar\/%77%70%2d%63%6f%6e%74%65%6e%74\/uploads\/2024\/05\/64a2d63a826bb.png","width":969,"height":648},{"@type":"BreadcrumbList","@id":"https:\/\/informelitoral.com.ar\/las-prepagas-comenzaron-a-informar-los-nuevos-aumentos-para-las-cuotas-de-diciembre\/#breadcrumb","itemListElement":[{"@type":"ListItem","position":1,"name":"Portada","item":"https:\/\/informelitoral.com.ar\/"},{"@type":"ListItem","position":2,"name":"Las prepagas comenzaron a informar los nuevos aumentos para las cuotas de diciembre"}]},{"@type":"WebSite","@id":"https:\/\/informelitoral.com.ar\/#website","url":"https:\/\/informelitoral.com.ar\/","name":"Informe Litoral","description":"&quot;Nos informamos&quot; ","publisher":{"@id":"https:\/\/informelitoral.com.ar\/#organization"},"potentialAction":[{"@type":"SearchAction","target":{"@type":"EntryPoint","urlTemplate":"https:\/\/informelitoral.com.ar\/?s={search_term_string}"},"query-input":{"@type":"PropertyValueSpecification","valueRequired":true,"valueName":"search_term_string"}}],"inLanguage":"es"},{"@type":"Organization","@id":"https:\/\/informelitoral.com.ar\/#organization","name":"Informe Litoral","url":"https:\/\/informelitoral.com.ar\/","logo":{"@type":"ImageObject","inLanguage":"es","@id":"https:\/\/informelitoral.com.ar\/#\/schema\/logo\/image\/","url":"https:\/\/informelitoral.com.ar\/%77%70%2d%63%6f%6e%74%65%6e%74\/uploads\/2021\/01\/circulo.png","contentUrl":"https:\/\/informelitoral.com.ar\/%77%70%2d%63%6f%6e%74%65%6e%74\/uploads\/2021\/01\/circulo.png","width":723,"height":731,"caption":"Informe Litoral"},"image":{"@id":"https:\/\/informelitoral.com.ar\/#\/schema\/logo\/image\/"},"sameAs":["https:\/\/www.facebook.com\/informelitoral\/","https:\/\/x.com\/InformeLitoral","https:\/\/www.instagram.com\/informelitoral\/","https:\/\/www.youtube.com\/channel\/UCua4Qvz8Icb6MYqhoq9xLXw"]},{"@type":"Person","@id":"https:\/\/informelitoral.com.ar\/#\/schema\/person\/f05f9f461677119578717524b127d6d5","name":"Sebastian","image":{"@type":"ImageObject","inLanguage":"es","@id":"https:\/\/secure.gravatar.com\/avatar\/b71bf7481d447dfb9583c7f2798e7cc64de6efb9067b74633ed8c31059a3bd82?s=96&d=mm&r=g","url":"https:\/\/secure.gravatar.com\/avatar\/b71bf7481d447dfb9583c7f2798e7cc64de6efb9067b74633ed8c31059a3bd82?s=96&d=mm&r=g","contentUrl":"https:\/\/secure.gravatar.com\/avatar\/b71bf7481d447dfb9583c7f2798e7cc64de6efb9067b74633ed8c31059a3bd82?s=96&d=mm&r=g","caption":"Sebastian"},"url":"https:\/\/informelitoral.com.ar\/author\/sebastian\/"}]}},"_links":{"self":[{"href":"https:\/\/informelitoral.com.ar\/%77%70%2d%6a%73%6f%6e\/wp\/v2\/posts\/241038","targetHints":{"allow":["GET"]}}],"collection":[{"href":"https:\/\/informelitoral.com.ar\/%77%70%2d%6a%73%6f%6e\/wp\/v2\/posts"}],"about":[{"href":"https:\/\/informelitoral.com.ar\/%77%70%2d%6a%73%6f%6e\/wp\/v2\/types\/post"}],"author":[{"embeddable":true,"href":"https:\/\/informelitoral.com.ar\/%77%70%2d%6a%73%6f%6e\/wp\/v2\/users\/8"}],"replies":[{"embeddable":true,"href":"https:\/\/informelitoral.com.ar\/%77%70%2d%6a%73%6f%6e\/wp\/v2\/comments?post=241038"}],"version-history":[{"count":3,"href":"https:\/\/informelitoral.com.ar\/%77%70%2d%6a%73%6f%6e\/wp\/v2\/posts\/241038\/revisions"}],"predecessor-version":[{"id":241041,"href":"https:\/\/informelitoral.com.ar\/%77%70%2d%6a%73%6f%6e\/wp\/v2\/posts\/241038\/revisions\/241041"}],"wp:featuredmedia":[{"embeddable":true,"href":"https:\/\/informelitoral.com.ar\/%77%70%2d%6a%73%6f%6e\/wp\/v2\/media\/187985"}],"wp:attachment":[{"href":"https:\/\/informelitoral.com.ar\/%77%70%2d%6a%73%6f%6e\/wp\/v2\/media?parent=241038"}],"wp:term":[{"taxonomy":"category","embeddable":true,"href":"https:\/\/informelitoral.com.ar\/%77%70%2d%6a%73%6f%6e\/wp\/v2\/categories?post=241038"},{"taxonomy":"post_tag","embeddable":true,"href":"https:\/\/informelitoral.com.ar\/%77%70%2d%6a%73%6f%6e\/wp\/v2\/tags?post=241038"}],"curies":[{"name":"wp","href":"https:\/\/api.w.org\/{rel}","templated":true}]}}