{"id":240913,"date":"2025-11-18T07:05:56","date_gmt":"2025-11-18T10:05:56","guid":{"rendered":"https:\/\/informelitoral.com.ar\/?p=240913"},"modified":"2025-11-18T07:05:56","modified_gmt":"2025-11-18T10:05:56","slug":"reactivan-una-obra-clave-para-asegurar-el-suministro-de-agua-en-nogoya","status":"publish","type":"post","link":"https:\/\/informelitoral.com.ar\/reactivan-una-obra-clave-para-asegurar-el-suministro-de-agua-en-nogoya\/","title":{"rendered":"Reactivan una obra clave para asegurar el suministro de agua en Nogoy\u00e1"},"content":{"rendered":"<p>Se trata de la <strong>puesta en funcionamiento de una cisterna de dos millones de litros, construida hace 15 a\u00f1os pero que nunca fue terminada ni conectada a la red. <\/strong>De la actividad tambi\u00e9n fueron parte el senador <strong>Rafael Cavagna,<\/strong> funcionarios provinciales y autoridades locales.<\/p>\n<p>La vicegobernadora <strong>Alicia Aluani<\/strong> expres\u00f3 su orgullo por \u201cbrindar respuesta a un tema tan importante como es un servicio esencial, que es el agua segura\u201d. Valor\u00f3, adem\u00e1s, el trabajo coordinado entre Municipio y Provincia y explic\u00f3 que \u201chace m\u00e1s de 12 a\u00f1os se propuso poner las cisternas en funcionamiento y, por diversos motivos, no se ha hecho\u201d. A\u00f1adi\u00f3 que \u201cparte del d\u00e9ficit de agua que faltaba en cada hogar va a ser solucionado\u201d y remarc\u00f3 que \u201cse trata de un tema de salud y desarrollo; es un servicio esencial y nadie tiene que estar privado de ello\u201d.<\/p>\n<p>Por su parte, Troncoso resalt\u00f3 que \u201cestamos recuperando una obra que hab\u00eda quedado trunca, como pasa mucho en este pa\u00eds, esos famosos elefantes blancos, y este tuvo como funci\u00f3n originaria una funci\u00f3n esencial y b\u00e1sica como garantizar agua\u201d y destac\u00f3 que \u201crefleja la visi\u00f3n estrat\u00e9gica del gobernador Rogelio Frigerio: en un momento de tanta restricci\u00f3n econ\u00f3mica, cada peso debe invertirse con eficiencia y all\u00ed donde m\u00e1s se necesita. Y esta ciudad necesitaba recuperar esta infraestructura; era una deuda hist\u00f3rica que hab\u00eda que reparar. Cuando municipios y provincia trabajamos juntos, las soluciones llegan. Para eso estamos en el gobierno y para eso elegimos la pol\u00edtica: para resolver los problemas cotidianos de la gente, mirando siempre de frente a la ciudadan\u00eda y no de espaldas.\u201d<\/p>\n<p>En tanto, el intendente Schneider indic\u00f3 que es \u201cun desaf\u00edo importante para la gesti\u00f3n municipal poner al servicio de la comunidad, del sistema de agua, esta cisterna que tuvo trunca, nunca se termin\u00f3. Estamos sumando infraestructura, as\u00ed que quiero agradecer hoy a nuestra vicegobernadora, al ministro, al senador. Hoy nos est\u00e1n haciendo llegar un subsidio de 40 millones de pesos que se suma a la inversi\u00f3n que va a hacer la municipalidad de aproximadamente 110 millones de pesos con recursos en un 70 por ciento debo decirlo, de todos los nogoyaenses, con el objeto de que esta cisterna famosa, ic\u00f3nica en Nogoy\u00e1, empiece a funcionar y pueda abastecer a los vecinos de agua potable\u201d.<\/p>\n<p>Por \u00faltimo, el senador Cavagna celebr\u00f3 \u201cesta instancia y tambi\u00e9n que sigamos fijando prioridades con el gobierno provincial, con ambulancias, con patrulleros y con este tipo de aportes\u201d.<\/p>\n<h2><strong>La obra: inversi\u00f3n y alcance<\/strong><\/h2>\n<p>El proyecto contempla la colocaci\u00f3n de dos bombas, la adecuaci\u00f3n del sistema y la conexi\u00f3n de la cisterna al tanque de 500 mil litros que abastece actualmente a la ciudad. La inversi\u00f3n total asciende a unos 110 millones de pesos, de los cuales 40 millones son aportados por el Gobierno Provincial, mientras que el resto ser\u00e1 financiado con recursos municipales.<\/p>\n<h6><em><strong>Del archivo:\u00a0<a href=\"https:\/\/informelitoral.com.ar\/elecciones-en-chile-habra-segunda-vuelta-entre-jara-y-kast\/\" target=\"_blank\" rel=\"noopener\">Elecciones en Chile: habr\u00e1 segunda vuelta entre Jara y Kast<\/a><\/strong><\/em><\/h6>\n<h6><em><strong><a href=\"https:\/\/informelitoral.com.ar\/240585-2\/\" target=\"_blank\" rel=\"noopener\">UTN abri\u00f3 la preinscripci\u00f3n para la Tecnicatura en Mecatr\u00f3nica en General Ram\u00edrez<\/a><\/strong><\/em><\/h6>\n","protected":false},"excerpt":{"rendered":"<p>La vicegobernadora de Entre R\u00edos, Alicia Aluani, el ministro de Gobierno y Trabajo, Manuel Troncoso y el intendente Bernardo Schneider recorrieron el predio de Obras Sanitarias municipal donde se reactivar\u00e1 una obra fundamental para mejorar el sistema de provisi\u00f3n de agua en la ciudad.<\/p>\n","protected":false},"author":2,"featured_media":240914,"comment_status":"open","ping_status":"open","sticky":false,"template":"","format":"standard","meta":{"fifu_image_url":"https:\/\/www.senadoer.gob.ar\/wp-content\/uploads\/2025\/11\/DSC_6536-2379-860x573.jpg","fifu_image_alt":"","footnotes":""},"categories":[14],"tags":[4462,287,201,74,316,464],"class_list":{"0":"post-240913","1":"post","2":"type-post","3":"status-publish","4":"format-standard","5":"has-post-thumbnail","7":"category-policiales","8":"tag-alicia-aluani","9":"tag-legislativas","10":"tag-municipios","11":"tag-nogoya","12":"tag-obras-publicas","13":"tag-senado"},"yoast_head":"<title>Reactivan una obra clave para asegurar el suministro de agua en Nogoy\u00e1 - Informe Litoral<\/title>\n<meta name=\"robots\" content=\"index, follow, max-snippet:-1, max-image-preview:large, max-video-preview:-1\" \/>\n<link rel=\"canonical\" href=\"https:\/\/informelitoral.com.ar\/reactivan-una-obra-clave-para-asegurar-el-suministro-de-agua-en-nogoya\/\" \/>\n<meta property=\"og:locale\" content=\"es_ES\" \/>\n<meta property=\"og:type\" content=\"article\" \/>\n<meta property=\"og:title\" content=\"Reactivan una obra clave para asegurar el suministro de agua en Nogoy\u00e1 - Informe Litoral\" \/>\n<meta property=\"og:description\" content=\"La vicegobernadora de Entre R\u00edos, Alicia Aluani, el ministro de Gobierno y Trabajo, Manuel Troncoso y el intendente Bernardo Schneider recorrieron el predio de Obras Sanitarias municipal donde se reactivar\u00e1 una obra fundamental para mejorar el sistema de provisi\u00f3n de agua en la ciudad.\" \/>\n<meta property=\"og:url\" content=\"https:\/\/informelitoral.com.ar\/reactivan-una-obra-clave-para-asegurar-el-suministro-de-agua-en-nogoya\/\" \/>\n<meta property=\"og:site_name\" content=\"Informe Litoral\" \/>\n<meta property=\"article:publisher\" content=\"https:\/\/www.facebook.com\/informelitoral\/\" \/>\n<meta property=\"article:published_time\" content=\"2025-11-18T10:05:56+00:00\" \/>\n<meta property=\"og:image\" content=\"https:\/\/www.senadoer.gob.ar\/%77%70%2d%63%6f%6e%74%65%6e%74\/uploads\/2025\/11\/DSC_6536-2379-860x573.jpg\" \/>\n<meta name=\"author\" content=\"Gonzalo Schmidt\" \/>\n<meta name=\"twitter:card\" content=\"summary_large_image\" \/>\n<meta name=\"twitter:image\" content=\"https:\/\/www.senadoer.gob.ar\/%77%70%2d%63%6f%6e%74%65%6e%74\/uploads\/2025\/11\/DSC_6536-2379-860x573.jpg\" \/>\n<meta name=\"twitter:creator\" content=\"@InformeLitoral\" \/>\n<meta name=\"twitter:site\" content=\"@InformeLitoral\" \/>\n<meta name=\"twitter:label1\" content=\"Escrito por\" \/>\n\t<meta name=\"twitter:data1\" content=\"Gonzalo Schmidt\" \/>\n\t<meta name=\"twitter:label2\" content=\"Tiempo de lectura\" \/>\n\t<meta name=\"twitter:data2\" content=\"3 minutos\" \/>\n<script type=\"application\/ld+json\" class=\"yoast-schema-graph\">{\"@context\":\"https:\\\/\\\/schema.org\",\"@graph\":[{\"@type\":\"Article\",\"@id\":\"https:\\\/\\\/informelitoral.com.ar\\\/reactivan-una-obra-clave-para-asegurar-el-suministro-de-agua-en-nogoya\\\/#article\",\"isPartOf\":{\"@id\":\"https:\\\/\\\/informelitoral.com.ar\\\/reactivan-una-obra-clave-para-asegurar-el-suministro-de-agua-en-nogoya\\\/\"},\"author\":{\"name\":\"Gonzalo Schmidt\",\"@id\":\"https:\\\/\\\/informelitoral.com.ar\\\/#\\\/schema\\\/person\\\/b9d00407c836482871ef1d57bf8e3180\"},\"headline\":\"Reactivan una obra clave para asegurar el suministro de agua en Nogoy\u00e1\",\"datePublished\":\"2025-11-18T10:05:56+00:00\",\"mainEntityOfPage\":{\"@id\":\"https:\\\/\\\/informelitoral.com.ar\\\/reactivan-una-obra-clave-para-asegurar-el-suministro-de-agua-en-nogoya\\\/\"},\"wordCount\":534,\"commentCount\":0,\"publisher\":{\"@id\":\"https:\\\/\\\/informelitoral.com.ar\\\/#organization\"},\"image\":{\"@id\":\"https:\\\/\\\/informelitoral.com.ar\\\/reactivan-una-obra-clave-para-asegurar-el-suministro-de-agua-en-nogoya\\\/#primaryimage\"},\"thumbnailUrl\":\"https:\\\/\\\/www.senadoer.gob.ar\\\/%77%70%2d%63%6f%6e%74%65%6e%74\\\/uploads\\\/2025\\\/11\\\/DSC_6536-2379-860x573.jpg\",\"keywords\":[\"Alicia Aluani\",\"Legislativas\",\"Municipios\",\"Nogoy\u00e1\",\"Obras p\u00fablicas\",\"Senado\"],\"articleSection\":[\"Policiales\"],\"inLanguage\":\"es\",\"potentialAction\":[{\"@type\":\"CommentAction\",\"name\":\"Comment\",\"target\":[\"https:\\\/\\\/informelitoral.com.ar\\\/reactivan-una-obra-clave-para-asegurar-el-suministro-de-agua-en-nogoya\\\/#respond\"]}]},{\"@type\":\"WebPage\",\"@id\":\"https:\\\/\\\/informelitoral.com.ar\\\/reactivan-una-obra-clave-para-asegurar-el-suministro-de-agua-en-nogoya\\\/\",\"url\":\"https:\\\/\\\/informelitoral.com.ar\\\/reactivan-una-obra-clave-para-asegurar-el-suministro-de-agua-en-nogoya\\\/\",\"name\":\"Reactivan una obra clave para asegurar el suministro de agua en Nogoy\u00e1 - Informe Litoral\",\"isPartOf\":{\"@id\":\"https:\\\/\\\/informelitoral.com.ar\\\/#website\"},\"primaryImageOfPage\":{\"@id\":\"https:\\\/\\\/informelitoral.com.ar\\\/reactivan-una-obra-clave-para-asegurar-el-suministro-de-agua-en-nogoya\\\/#primaryimage\"},\"image\":{\"@id\":\"https:\\\/\\\/informelitoral.com.ar\\\/reactivan-una-obra-clave-para-asegurar-el-suministro-de-agua-en-nogoya\\\/#primaryimage\"},\"thumbnailUrl\":\"https:\\\/\\\/www.senadoer.gob.ar\\\/%77%70%2d%63%6f%6e%74%65%6e%74\\\/uploads\\\/2025\\\/11\\\/DSC_6536-2379-860x573.jpg\",\"datePublished\":\"2025-11-18T10:05:56+00:00\",\"breadcrumb\":{\"@id\":\"https:\\\/\\\/informelitoral.com.ar\\\/reactivan-una-obra-clave-para-asegurar-el-suministro-de-agua-en-nogoya\\\/#breadcrumb\"},\"inLanguage\":\"es\",\"potentialAction\":[{\"@type\":\"ReadAction\",\"target\":[\"https:\\\/\\\/informelitoral.com.ar\\\/reactivan-una-obra-clave-para-asegurar-el-suministro-de-agua-en-nogoya\\\/\"]}]},{\"@type\":\"ImageObject\",\"inLanguage\":\"es\",\"@id\":\"https:\\\/\\\/informelitoral.com.ar\\\/reactivan-una-obra-clave-para-asegurar-el-suministro-de-agua-en-nogoya\\\/#primaryimage\",\"url\":\"https:\\\/\\\/www.senadoer.gob.ar\\\/%77%70%2d%63%6f%6e%74%65%6e%74\\\/uploads\\\/2025\\\/11\\\/DSC_6536-2379-860x573.jpg\",\"contentUrl\":\"https:\\\/\\\/www.senadoer.gob.ar\\\/%77%70%2d%63%6f%6e%74%65%6e%74\\\/uploads\\\/2025\\\/11\\\/DSC_6536-2379-860x573.jpg\",\"width\":\"860\",\"height\":\"573\"},{\"@type\":\"BreadcrumbList\",\"@id\":\"https:\\\/\\\/informelitoral.com.ar\\\/reactivan-una-obra-clave-para-asegurar-el-suministro-de-agua-en-nogoya\\\/#breadcrumb\",\"itemListElement\":[{\"@type\":\"ListItem\",\"position\":1,\"name\":\"Portada\",\"item\":\"https:\\\/\\\/informelitoral.com.ar\\\/\"},{\"@type\":\"ListItem\",\"position\":2,\"name\":\"Reactivan una obra clave para asegurar el suministro de agua en Nogoy\u00e1\"}]},{\"@type\":\"WebSite\",\"@id\":\"https:\\\/\\\/informelitoral.com.ar\\\/#website\",\"url\":\"https:\\\/\\\/informelitoral.com.ar\\\/\",\"name\":\"Informe Litoral\",\"description\":\"&quot;Nos informamos&quot; \",\"publisher\":{\"@id\":\"https:\\\/\\\/informelitoral.com.ar\\\/#organization\"},\"potentialAction\":[{\"@type\":\"SearchAction\",\"target\":{\"@type\":\"EntryPoint\",\"urlTemplate\":\"https:\\\/\\\/informelitoral.com.ar\\\/?s={search_term_string}\"},\"query-input\":{\"@type\":\"PropertyValueSpecification\",\"valueRequired\":true,\"valueName\":\"search_term_string\"}}],\"inLanguage\":\"es\"},{\"@type\":\"Organization\",\"@id\":\"https:\\\/\\\/informelitoral.com.ar\\\/#organization\",\"name\":\"Informe Litoral\",\"url\":\"https:\\\/\\\/informelitoral.com.ar\\\/\",\"logo\":{\"@type\":\"ImageObject\",\"inLanguage\":\"es\",\"@id\":\"https:\\\/\\\/informelitoral.com.ar\\\/#\\\/schema\\\/logo\\\/image\\\/\",\"url\":\"https:\\\/\\\/informelitoral.com.ar\\\/%77%70%2d%63%6f%6e%74%65%6e%74\\\/uploads\\\/2021\\\/01\\\/circulo.png\",\"contentUrl\":\"https:\\\/\\\/informelitoral.com.ar\\\/%77%70%2d%63%6f%6e%74%65%6e%74\\\/uploads\\\/2021\\\/01\\\/circulo.png\",\"width\":723,\"height\":731,\"caption\":\"Informe Litoral\"},\"image\":{\"@id\":\"https:\\\/\\\/informelitoral.com.ar\\\/#\\\/schema\\\/logo\\\/image\\\/\"},\"sameAs\":[\"https:\\\/\\\/www.facebook.com\\\/informelitoral\\\/\",\"https:\\\/\\\/x.com\\\/InformeLitoral\",\"https:\\\/\\\/www.instagram.com\\\/informelitoral\\\/\",\"https:\\\/\\\/www.youtube.com\\\/channel\\\/UCua4Qvz8Icb6MYqhoq9xLXw\"]},{\"@type\":\"Person\",\"@id\":\"https:\\\/\\\/informelitoral.com.ar\\\/#\\\/schema\\\/person\\\/b9d00407c836482871ef1d57bf8e3180\",\"name\":\"Gonzalo Schmidt\",\"image\":{\"@type\":\"ImageObject\",\"inLanguage\":\"es\",\"@id\":\"https:\\\/\\\/secure.gravatar.com\\\/avatar\\\/31a1a7b66ff2de83bd0e9fd79d026630d2d99e55e8bfe501287647b4fd9743de?s=96&d=mm&r=g\",\"url\":\"https:\\\/\\\/secure.gravatar.com\\\/avatar\\\/31a1a7b66ff2de83bd0e9fd79d026630d2d99e55e8bfe501287647b4fd9743de?s=96&d=mm&r=g\",\"contentUrl\":\"https:\\\/\\\/secure.gravatar.com\\\/avatar\\\/31a1a7b66ff2de83bd0e9fd79d026630d2d99e55e8bfe501287647b4fd9743de?s=96&d=mm&r=g\",\"caption\":\"Gonzalo Schmidt\"},\"description\":\"Sitio web de noticias de la provincia de Entre R\u00edos, Argentina. Informaci\u00f3n y entretenimiento. Informe Litoral, nos informamos.\",\"sameAs\":[\"http:\\\/\\\/www.isletasnoticias.com.ar\"],\"url\":\"https:\\\/\\\/informelitoral.com.ar\\\/author\\\/gonzalo\\\/\"}]}<\/script>","yoast_head_json":{"title":"Reactivan una obra clave para asegurar el suministro de agua en Nogoy\u00e1 - Informe Litoral","robots":{"index":"index","follow":"follow","max-snippet":"max-snippet:-1","max-image-preview":"max-image-preview:large","max-video-preview":"max-video-preview:-1"},"canonical":"https:\/\/informelitoral.com.ar\/reactivan-una-obra-clave-para-asegurar-el-suministro-de-agua-en-nogoya\/","og_locale":"es_ES","og_type":"article","og_title":"Reactivan una obra clave para asegurar el suministro de agua en Nogoy\u00e1 - Informe Litoral","og_description":"La vicegobernadora de Entre R\u00edos, Alicia Aluani, el ministro de Gobierno y Trabajo, Manuel Troncoso y el intendente Bernardo Schneider recorrieron el predio de Obras Sanitarias municipal donde se reactivar\u00e1 una obra fundamental para mejorar el sistema de provisi\u00f3n de agua en la ciudad.","og_url":"https:\/\/informelitoral.com.ar\/reactivan-una-obra-clave-para-asegurar-el-suministro-de-agua-en-nogoya\/","og_site_name":"Informe Litoral","article_publisher":"https:\/\/www.facebook.com\/informelitoral\/","article_published_time":"2025-11-18T10:05:56+00:00","og_image":[{"url":"https:\/\/www.senadoer.gob.ar\/wp-content\/uploads\/2025\/11\/DSC_6536-2379-860x573.jpg","type":"","width":"","height":""}],"author":"Gonzalo Schmidt","twitter_card":"summary_large_image","twitter_image":"https:\/\/www.senadoer.gob.ar\/wp-content\/uploads\/2025\/11\/DSC_6536-2379-860x573.jpg","twitter_creator":"@InformeLitoral","twitter_site":"@InformeLitoral","twitter_misc":{"Escrito por":"Gonzalo Schmidt","Tiempo de lectura":"3 minutos"},"schema":{"@context":"https:\/\/schema.org","@graph":[{"@type":"Article","@id":"https:\/\/informelitoral.com.ar\/reactivan-una-obra-clave-para-asegurar-el-suministro-de-agua-en-nogoya\/#article","isPartOf":{"@id":"https:\/\/informelitoral.com.ar\/reactivan-una-obra-clave-para-asegurar-el-suministro-de-agua-en-nogoya\/"},"author":{"name":"Gonzalo Schmidt","@id":"https:\/\/informelitoral.com.ar\/#\/schema\/person\/b9d00407c836482871ef1d57bf8e3180"},"headline":"Reactivan una obra clave para asegurar el suministro de agua en Nogoy\u00e1","datePublished":"2025-11-18T10:05:56+00:00","mainEntityOfPage":{"@id":"https:\/\/informelitoral.com.ar\/reactivan-una-obra-clave-para-asegurar-el-suministro-de-agua-en-nogoya\/"},"wordCount":534,"commentCount":0,"publisher":{"@id":"https:\/\/informelitoral.com.ar\/#organization"},"image":{"@id":"https:\/\/informelitoral.com.ar\/reactivan-una-obra-clave-para-asegurar-el-suministro-de-agua-en-nogoya\/#primaryimage"},"thumbnailUrl":"https:\/\/www.senadoer.gob.ar\/%77%70%2d%63%6f%6e%74%65%6e%74\/uploads\/2025\/11\/DSC_6536-2379-860x573.jpg","keywords":["Alicia Aluani","Legislativas","Municipios","Nogoy\u00e1","Obras p\u00fablicas","Senado"],"articleSection":["Policiales"],"inLanguage":"es","potentialAction":[{"@type":"CommentAction","name":"Comment","target":["https:\/\/informelitoral.com.ar\/reactivan-una-obra-clave-para-asegurar-el-suministro-de-agua-en-nogoya\/#respond"]}]},{"@type":"WebPage","@id":"https:\/\/informelitoral.com.ar\/reactivan-una-obra-clave-para-asegurar-el-suministro-de-agua-en-nogoya\/","url":"https:\/\/informelitoral.com.ar\/reactivan-una-obra-clave-para-asegurar-el-suministro-de-agua-en-nogoya\/","name":"Reactivan una obra clave para asegurar el suministro de agua en Nogoy\u00e1 - Informe Litoral","isPartOf":{"@id":"https:\/\/informelitoral.com.ar\/#website"},"primaryImageOfPage":{"@id":"https:\/\/informelitoral.com.ar\/reactivan-una-obra-clave-para-asegurar-el-suministro-de-agua-en-nogoya\/#primaryimage"},"image":{"@id":"https:\/\/informelitoral.com.ar\/reactivan-una-obra-clave-para-asegurar-el-suministro-de-agua-en-nogoya\/#primaryimage"},"thumbnailUrl":"https:\/\/www.senadoer.gob.ar\/%77%70%2d%63%6f%6e%74%65%6e%74\/uploads\/2025\/11\/DSC_6536-2379-860x573.jpg","datePublished":"2025-11-18T10:05:56+00:00","breadcrumb":{"@id":"https:\/\/informelitoral.com.ar\/reactivan-una-obra-clave-para-asegurar-el-suministro-de-agua-en-nogoya\/#breadcrumb"},"inLanguage":"es","potentialAction":[{"@type":"ReadAction","target":["https:\/\/informelitoral.com.ar\/reactivan-una-obra-clave-para-asegurar-el-suministro-de-agua-en-nogoya\/"]}]},{"@type":"ImageObject","inLanguage":"es","@id":"https:\/\/informelitoral.com.ar\/reactivan-una-obra-clave-para-asegurar-el-suministro-de-agua-en-nogoya\/#primaryimage","url":"https:\/\/www.senadoer.gob.ar\/%77%70%2d%63%6f%6e%74%65%6e%74\/uploads\/2025\/11\/DSC_6536-2379-860x573.jpg","contentUrl":"https:\/\/www.senadoer.gob.ar\/%77%70%2d%63%6f%6e%74%65%6e%74\/uploads\/2025\/11\/DSC_6536-2379-860x573.jpg","width":"860","height":"573"},{"@type":"BreadcrumbList","@id":"https:\/\/informelitoral.com.ar\/reactivan-una-obra-clave-para-asegurar-el-suministro-de-agua-en-nogoya\/#breadcrumb","itemListElement":[{"@type":"ListItem","position":1,"name":"Portada","item":"https:\/\/informelitoral.com.ar\/"},{"@type":"ListItem","position":2,"name":"Reactivan una obra clave para asegurar el suministro de agua en Nogoy\u00e1"}]},{"@type":"WebSite","@id":"https:\/\/informelitoral.com.ar\/#website","url":"https:\/\/informelitoral.com.ar\/","name":"Informe Litoral","description":"&quot;Nos informamos&quot; ","publisher":{"@id":"https:\/\/informelitoral.com.ar\/#organization"},"potentialAction":[{"@type":"SearchAction","target":{"@type":"EntryPoint","urlTemplate":"https:\/\/informelitoral.com.ar\/?s={search_term_string}"},"query-input":{"@type":"PropertyValueSpecification","valueRequired":true,"valueName":"search_term_string"}}],"inLanguage":"es"},{"@type":"Organization","@id":"https:\/\/informelitoral.com.ar\/#organization","name":"Informe Litoral","url":"https:\/\/informelitoral.com.ar\/","logo":{"@type":"ImageObject","inLanguage":"es","@id":"https:\/\/informelitoral.com.ar\/#\/schema\/logo\/image\/","url":"https:\/\/informelitoral.com.ar\/%77%70%2d%63%6f%6e%74%65%6e%74\/uploads\/2021\/01\/circulo.png","contentUrl":"https:\/\/informelitoral.com.ar\/%77%70%2d%63%6f%6e%74%65%6e%74\/uploads\/2021\/01\/circulo.png","width":723,"height":731,"caption":"Informe Litoral"},"image":{"@id":"https:\/\/informelitoral.com.ar\/#\/schema\/logo\/image\/"},"sameAs":["https:\/\/www.facebook.com\/informelitoral\/","https:\/\/x.com\/InformeLitoral","https:\/\/www.instagram.com\/informelitoral\/","https:\/\/www.youtube.com\/channel\/UCua4Qvz8Icb6MYqhoq9xLXw"]},{"@type":"Person","@id":"https:\/\/informelitoral.com.ar\/#\/schema\/person\/b9d00407c836482871ef1d57bf8e3180","name":"Gonzalo Schmidt","image":{"@type":"ImageObject","inLanguage":"es","@id":"https:\/\/secure.gravatar.com\/avatar\/31a1a7b66ff2de83bd0e9fd79d026630d2d99e55e8bfe501287647b4fd9743de?s=96&d=mm&r=g","url":"https:\/\/secure.gravatar.com\/avatar\/31a1a7b66ff2de83bd0e9fd79d026630d2d99e55e8bfe501287647b4fd9743de?s=96&d=mm&r=g","contentUrl":"https:\/\/secure.gravatar.com\/avatar\/31a1a7b66ff2de83bd0e9fd79d026630d2d99e55e8bfe501287647b4fd9743de?s=96&d=mm&r=g","caption":"Gonzalo Schmidt"},"description":"Sitio web de noticias de la provincia de Entre R\u00edos, Argentina. Informaci\u00f3n y entretenimiento. Informe Litoral, nos informamos.","sameAs":["http:\/\/www.isletasnoticias.com.ar"],"url":"https:\/\/informelitoral.com.ar\/author\/gonzalo\/"}]}},"fifu_image_url":"https:\/\/www.senadoer.gob.ar\/wp-content\/uploads\/2025\/11\/DSC_6536-2379-860x573.jpg","_links":{"self":[{"href":"https:\/\/informelitoral.com.ar\/%77%70%2d%6a%73%6f%6e\/wp\/v2\/posts\/240913","targetHints":{"allow":["GET"]}}],"collection":[{"href":"https:\/\/informelitoral.com.ar\/%77%70%2d%6a%73%6f%6e\/wp\/v2\/posts"}],"about":[{"href":"https:\/\/informelitoral.com.ar\/%77%70%2d%6a%73%6f%6e\/wp\/v2\/types\/post"}],"author":[{"embeddable":true,"href":"https:\/\/informelitoral.com.ar\/%77%70%2d%6a%73%6f%6e\/wp\/v2\/users\/2"}],"replies":[{"embeddable":true,"href":"https:\/\/informelitoral.com.ar\/%77%70%2d%6a%73%6f%6e\/wp\/v2\/comments?post=240913"}],"version-history":[{"count":1,"href":"https:\/\/informelitoral.com.ar\/%77%70%2d%6a%73%6f%6e\/wp\/v2\/posts\/240913\/revisions"}],"predecessor-version":[{"id":240915,"href":"https:\/\/informelitoral.com.ar\/%77%70%2d%6a%73%6f%6e\/wp\/v2\/posts\/240913\/revisions\/240915"}],"wp:featuredmedia":[{"embeddable":true,"href":"https:\/\/informelitoral.com.ar\/%77%70%2d%6a%73%6f%6e\/wp\/v2\/media\/240914"}],"wp:attachment":[{"href":"https:\/\/informelitoral.com.ar\/%77%70%2d%6a%73%6f%6e\/wp\/v2\/media?parent=240913"}],"wp:term":[{"taxonomy":"category","embeddable":true,"href":"https:\/\/informelitoral.com.ar\/%77%70%2d%6a%73%6f%6e\/wp\/v2\/categories?post=240913"},{"taxonomy":"post_tag","embeddable":true,"href":"https:\/\/informelitoral.com.ar\/%77%70%2d%6a%73%6f%6e\/wp\/v2\/tags?post=240913"}],"curies":[{"name":"wp","href":"https:\/\/api.w.org\/{rel}","templated":true}]}}