{"id":240570,"date":"2025-11-14T11:11:55","date_gmt":"2025-11-14T14:11:55","guid":{"rendered":"https:\/\/informelitoral.com.ar\/?p=240570"},"modified":"2025-11-14T15:42:58","modified_gmt":"2025-11-14T18:42:58","slug":"el-embajador-giusto-prometio-cooperacion-con-el-consorcio-afideer","status":"publish","type":"post","link":"https:\/\/informelitoral.com.ar\/el-embajador-giusto-prometio-cooperacion-con-el-consorcio-afideer\/","title":{"rendered":"Italia: el embajador Marcelo Giusto prometi\u00f3 cooperaci\u00f3n con el Consorcio AFIDEER"},"content":{"rendered":"<p data-path-to-node=\"2\">Miembros del <b>Consorcio AFIDEER<\/b> (Asociaci\u00f3n para el Fomento de la Investigaci\u00f3n, el Desarrollo y el Emprendimiento en Entre R\u00edos) fueron recibidos este jueves 13 de noviembre por el embajador argentino en Italia, <b>Marcelo Giusto<\/b>, en la Embajada Argentina en Roma. El encuentro se llev\u00f3 a cabo en el marco de las actividades de la delegaci\u00f3n provincial en el XIII Congreso Internacional de Emprendimiento e Innovaci\u00f3n AFIDE 2025.<\/p>\n<p data-path-to-node=\"2\"><img decoding=\"async\" src=\"https:\/\/www.ellitoral.com\/images\/2024\/05\/21\/OUyX5OJMy_870x580__1.jpg\" alt=\"Marcelo Giusto fue designado como nuevo embajador en Italia\" \/><\/p>\n<h6 data-path-to-node=\"2\"><em><strong>Del archivo:\u00a0<a href=\"https:\/\/informelitoral.com.ar\/240361-2\/\" target=\"_blank\" rel=\"noopener\">Emprendedores pueden participar de la Feria Navide\u00f1a en General Ram\u00edrez<\/a><\/strong><\/em><\/h6>\n<p data-path-to-node=\"5\">Durante la reuni\u00f3n, el di\u00e1logo se centr\u00f3 en las diversas <b>posibilidades de cooperaci\u00f3n<\/b> entre Italia y la provincia de Entre R\u00edos, con el objetivo primordial de impulsar el <b>fortalecimiento acad\u00e9mico<\/b> y el <b>est\u00edmulo a los emprendedores<\/b>. Ambas partes coincidieron en la gran potencialidad del <b>capital humano<\/b> entrerriano como motor para promover el desarrollo de las comunidades.<\/p>\n<p data-path-to-node=\"6\"><b>H\u00e9ctor Motta<\/b>, presidente del Consorcio AFIDEER, expuso sobre la trayectoria de la entidad desde su creaci\u00f3n en 2022. Destac\u00f3 el hito de haber reunido al sector privado con cinco casas de estudio provinciales: la UNER, Uader, UTN Regional Paran\u00e1, UAP y UCA Sede Paran\u00e1, sumando posteriormente a la Bolsa de Comercio, el Polo Tecnol\u00f3gico del Paran\u00e1 y el Banco Entre R\u00edos.<\/p>\n<h2><b>Logros y proyecciones de AFIDEER<\/b><\/h2>\n<p data-path-to-node=\"9\">Motta resalt\u00f3 dos logros recientes que impulsaron el v\u00ednculo con Italia:<\/p>\n<ol start=\"1\" data-path-to-node=\"10\">\n<li>\n<p data-path-to-node=\"10,0,0\"><b>XII Congreso AFIDE Entre R\u00edos 2024:<\/b> Considerado el evento m\u00e1s importante de su tipo en la historia provincial, se realiz\u00f3 en Paran\u00e1 y Villa Libertador San Mart\u00edn, superando los 800 participantes.<\/p>\n<\/li>\n<li>\n<p data-path-to-node=\"10,1,0\"><b>Desaf\u00edo de Innovaci\u00f3n Entre R\u00edos 2025:<\/b> Esta iniciativa moviliz\u00f3 a m\u00e1s de 130 estudiantes para buscar soluciones a retos empresariales. Los tres equipos ganadores obtuvieron como premio la posibilidad de exponer sus proyectos en el XIII Congreso de AFIDE en Roma.<\/p>\n<\/li>\n<\/ol>\n<p data-path-to-node=\"11\">La delegaci\u00f3n tambi\u00e9n present\u00f3 al Embajador el trabajo de las universidades en investigaci\u00f3n e innovaci\u00f3n, las acciones de fortalecimiento del ecosistema emprendedor y el desarrollo del <b>Mirador TEC<\/b> en Paran\u00e1.<\/p>\n<h2><b>Inter\u00e9s Italiano y perspectivas de inversi\u00f3n<\/b><\/h2>\n<p data-path-to-node=\"13\">Por su parte, el embajador Giusto detall\u00f3 el rol de la Embajada como promotor de relaciones econ\u00f3micas, comerciales, acad\u00e9micas y sociales. Hizo hincapi\u00e9 en el <b>inter\u00e9s particular de las universidades italianas<\/b> por el intercambio y la formaci\u00f3n de j\u00f3venes argentinos.<\/p>\n<p data-path-to-node=\"14\">El diplom\u00e1tico reflexion\u00f3 sobre las oportunidades de asociativismo y las <b>potencialidades de inversi\u00f3n en Argentina<\/b>. Giusto subray\u00f3 la necesidad de consolidar un camino de estabilidad macroecon\u00f3mica, seguridad jur\u00eddica y reglas claras como base de confianza para estrechar estas relaciones.<\/p>\n<h6 data-path-to-node=\"14\"><em><strong>Del archivo:\u00a0<a href=\"https:\/\/informelitoral.com.ar\/desde-isletas-destacan-mejoras-viales-en-conjunto-con-vialidad\/\" target=\"_blank\" rel=\"noopener\">Desde Isletas destacan mejoras viales en conjunto con Vialidad<\/a><\/strong><\/em><\/h6>\n<p data-path-to-node=\"15\">La delegaci\u00f3n entrerriana en Roma estuvo compuesta por rectores y decanos de las principales universidades, secretarios de Ciencia y Tecnolog\u00eda, y referentes del sector productivo, lo que subraya la importancia estrat\u00e9gica de la misi\u00f3n para la provincia.(<em>Informe Litoral<\/em>)<\/p>\n","protected":false},"excerpt":{"rendered":"<p>La delegaci\u00f3n entrerriana de AFIDEER fue recibida en Roma para explorar oportunidades de fortalecimiento acad\u00e9mico, impulso emprendedor e inversi\u00f3n, destacando el capital humano provincial.<\/p>\n","protected":false},"author":8,"featured_media":240572,"comment_status":"open","ping_status":"open","sticky":false,"template":"","format":"standard","meta":{"fifu_image_url":"","fifu_image_alt":"","footnotes":""},"categories":[8],"tags":[6000,3433,773,6209,642],"class_list":{"0":"post-240570","1":"post","2":"type-post","3":"status-publish","4":"format-standard","5":"has-post-thumbnail","7":"category-internacionales","8":"tag-afideer","9":"tag-embajador","10":"tag-italia","11":"tag-marcelo-giusto","12":"tag-reunion"},"yoast_head":"<title>Italia: el embajador Marcelo Giusto prometi\u00f3 cooperaci\u00f3n con el Consorcio AFIDEER - Informe Litoral<\/title>\n<meta name=\"robots\" content=\"index, follow, max-snippet:-1, max-image-preview:large, max-video-preview:-1\" \/>\n<link rel=\"canonical\" href=\"https:\/\/informelitoral.com.ar\/el-embajador-giusto-prometio-cooperacion-con-el-consorcio-afideer\/\" \/>\n<meta property=\"og:locale\" content=\"es_ES\" \/>\n<meta property=\"og:type\" content=\"article\" \/>\n<meta property=\"og:title\" content=\"Italia: el embajador Marcelo Giusto prometi\u00f3 cooperaci\u00f3n con el Consorcio AFIDEER - Informe Litoral\" \/>\n<meta property=\"og:description\" content=\"La delegaci\u00f3n entrerriana de AFIDEER fue recibida en Roma para explorar oportunidades de fortalecimiento acad\u00e9mico, impulso emprendedor e inversi\u00f3n, destacando el capital humano provincial.\" \/>\n<meta property=\"og:url\" content=\"https:\/\/informelitoral.com.ar\/el-embajador-giusto-prometio-cooperacion-con-el-consorcio-afideer\/\" \/>\n<meta property=\"og:site_name\" content=\"Informe Litoral\" \/>\n<meta property=\"article:publisher\" content=\"https:\/\/www.facebook.com\/informelitoral\/\" \/>\n<meta property=\"article:published_time\" content=\"2025-11-14T14:11:55+00:00\" \/>\n<meta property=\"article:modified_time\" content=\"2025-11-14T18:42:58+00:00\" \/>\n<meta property=\"og:image\" content=\"https:\/\/drive.google.com\/thumbnail?id=1wYmGEpeoG3fkAkLGleHxotDnaEeXflWe&sz=w2048\" \/>\n\t<meta property=\"og:image:width\" content=\"1280\" \/>\n\t<meta property=\"og:image:height\" content=\"960\" \/>\n\t<meta property=\"og:image:type\" content=\"image\/jpeg\" \/>\n<meta name=\"author\" content=\"Sebastian\" \/>\n<meta name=\"twitter:card\" content=\"summary_large_image\" \/>\n<meta name=\"twitter:creator\" content=\"@InformeLitoral\" \/>\n<meta name=\"twitter:site\" content=\"@InformeLitoral\" \/>\n<meta name=\"twitter:label1\" content=\"Escrito por\" \/>\n\t<meta name=\"twitter:data1\" content=\"Sebastian\" \/>\n\t<meta name=\"twitter:label2\" content=\"Tiempo de lectura\" \/>\n\t<meta name=\"twitter:data2\" content=\"3 minutos\" \/>\n<script type=\"application\/ld+json\" class=\"yoast-schema-graph\">{\"@context\":\"https:\\\/\\\/schema.org\",\"@graph\":[{\"@type\":\"Article\",\"@id\":\"https:\\\/\\\/informelitoral.com.ar\\\/el-embajador-giusto-prometio-cooperacion-con-el-consorcio-afideer\\\/#article\",\"isPartOf\":{\"@id\":\"https:\\\/\\\/informelitoral.com.ar\\\/el-embajador-giusto-prometio-cooperacion-con-el-consorcio-afideer\\\/\"},\"author\":{\"name\":\"Sebastian\",\"@id\":\"https:\\\/\\\/informelitoral.com.ar\\\/#\\\/schema\\\/person\\\/f05f9f461677119578717524b127d6d5\"},\"headline\":\"Italia: el embajador Marcelo Giusto prometi\u00f3 cooperaci\u00f3n con el Consorcio AFIDEER\",\"datePublished\":\"2025-11-14T14:11:55+00:00\",\"dateModified\":\"2025-11-14T18:42:58+00:00\",\"mainEntityOfPage\":{\"@id\":\"https:\\\/\\\/informelitoral.com.ar\\\/el-embajador-giusto-prometio-cooperacion-con-el-consorcio-afideer\\\/\"},\"wordCount\":498,\"commentCount\":0,\"publisher\":{\"@id\":\"https:\\\/\\\/informelitoral.com.ar\\\/#organization\"},\"image\":{\"@id\":\"https:\\\/\\\/informelitoral.com.ar\\\/el-embajador-giusto-prometio-cooperacion-con-el-consorcio-afideer\\\/#primaryimage\"},\"thumbnailUrl\":\"https:\\\/\\\/drive.google.com\\\/thumbnail?id=1wYmGEpeoG3fkAkLGleHxotDnaEeXflWe&sz=w2048\",\"keywords\":[\"Afideer\",\"Embajador\",\"Italia\",\"Marcelo Giusto\",\"Reuni\u00f3n\"],\"articleSection\":[\"Internacionales\"],\"inLanguage\":\"es\",\"potentialAction\":[{\"@type\":\"CommentAction\",\"name\":\"Comment\",\"target\":[\"https:\\\/\\\/informelitoral.com.ar\\\/el-embajador-giusto-prometio-cooperacion-con-el-consorcio-afideer\\\/#respond\"]}]},{\"@type\":\"WebPage\",\"@id\":\"https:\\\/\\\/informelitoral.com.ar\\\/el-embajador-giusto-prometio-cooperacion-con-el-consorcio-afideer\\\/\",\"url\":\"https:\\\/\\\/informelitoral.com.ar\\\/el-embajador-giusto-prometio-cooperacion-con-el-consorcio-afideer\\\/\",\"name\":\"Italia: el embajador Marcelo Giusto prometi\u00f3 cooperaci\u00f3n con el Consorcio AFIDEER - Informe Litoral\",\"isPartOf\":{\"@id\":\"https:\\\/\\\/informelitoral.com.ar\\\/#website\"},\"primaryImageOfPage\":{\"@id\":\"https:\\\/\\\/informelitoral.com.ar\\\/el-embajador-giusto-prometio-cooperacion-con-el-consorcio-afideer\\\/#primaryimage\"},\"image\":{\"@id\":\"https:\\\/\\\/informelitoral.com.ar\\\/el-embajador-giusto-prometio-cooperacion-con-el-consorcio-afideer\\\/#primaryimage\"},\"thumbnailUrl\":\"https:\\\/\\\/drive.google.com\\\/thumbnail?id=1wYmGEpeoG3fkAkLGleHxotDnaEeXflWe&sz=w2048\",\"datePublished\":\"2025-11-14T14:11:55+00:00\",\"dateModified\":\"2025-11-14T18:42:58+00:00\",\"breadcrumb\":{\"@id\":\"https:\\\/\\\/informelitoral.com.ar\\\/el-embajador-giusto-prometio-cooperacion-con-el-consorcio-afideer\\\/#breadcrumb\"},\"inLanguage\":\"es\",\"potentialAction\":[{\"@type\":\"ReadAction\",\"target\":[\"https:\\\/\\\/informelitoral.com.ar\\\/el-embajador-giusto-prometio-cooperacion-con-el-consorcio-afideer\\\/\"]}]},{\"@type\":\"ImageObject\",\"inLanguage\":\"es\",\"@id\":\"https:\\\/\\\/informelitoral.com.ar\\\/el-embajador-giusto-prometio-cooperacion-con-el-consorcio-afideer\\\/#primaryimage\",\"url\":\"https:\\\/\\\/drive.google.com\\\/thumbnail?id=1wYmGEpeoG3fkAkLGleHxotDnaEeXflWe&sz=w2048\",\"contentUrl\":\"https:\\\/\\\/drive.google.com\\\/thumbnail?id=1wYmGEpeoG3fkAkLGleHxotDnaEeXflWe&sz=w2048\",\"width\":1280,\"height\":960},{\"@type\":\"BreadcrumbList\",\"@id\":\"https:\\\/\\\/informelitoral.com.ar\\\/el-embajador-giusto-prometio-cooperacion-con-el-consorcio-afideer\\\/#breadcrumb\",\"itemListElement\":[{\"@type\":\"ListItem\",\"position\":1,\"name\":\"Portada\",\"item\":\"https:\\\/\\\/informelitoral.com.ar\\\/\"},{\"@type\":\"ListItem\",\"position\":2,\"name\":\"Italia: el embajador Marcelo Giusto prometi\u00f3 cooperaci\u00f3n con el Consorcio AFIDEER\"}]},{\"@type\":\"WebSite\",\"@id\":\"https:\\\/\\\/informelitoral.com.ar\\\/#website\",\"url\":\"https:\\\/\\\/informelitoral.com.ar\\\/\",\"name\":\"Informe Litoral\",\"description\":\"&quot;Nos informamos&quot; \",\"publisher\":{\"@id\":\"https:\\\/\\\/informelitoral.com.ar\\\/#organization\"},\"potentialAction\":[{\"@type\":\"SearchAction\",\"target\":{\"@type\":\"EntryPoint\",\"urlTemplate\":\"https:\\\/\\\/informelitoral.com.ar\\\/?s={search_term_string}\"},\"query-input\":{\"@type\":\"PropertyValueSpecification\",\"valueRequired\":true,\"valueName\":\"search_term_string\"}}],\"inLanguage\":\"es\"},{\"@type\":\"Organization\",\"@id\":\"https:\\\/\\\/informelitoral.com.ar\\\/#organization\",\"name\":\"Informe Litoral\",\"url\":\"https:\\\/\\\/informelitoral.com.ar\\\/\",\"logo\":{\"@type\":\"ImageObject\",\"inLanguage\":\"es\",\"@id\":\"https:\\\/\\\/informelitoral.com.ar\\\/#\\\/schema\\\/logo\\\/image\\\/\",\"url\":\"https:\\\/\\\/informelitoral.com.ar\\\/%77%70%2d%63%6f%6e%74%65%6e%74\\\/uploads\\\/2021\\\/01\\\/circulo.png\",\"contentUrl\":\"https:\\\/\\\/informelitoral.com.ar\\\/%77%70%2d%63%6f%6e%74%65%6e%74\\\/uploads\\\/2021\\\/01\\\/circulo.png\",\"width\":723,\"height\":731,\"caption\":\"Informe Litoral\"},\"image\":{\"@id\":\"https:\\\/\\\/informelitoral.com.ar\\\/#\\\/schema\\\/logo\\\/image\\\/\"},\"sameAs\":[\"https:\\\/\\\/www.facebook.com\\\/informelitoral\\\/\",\"https:\\\/\\\/x.com\\\/InformeLitoral\",\"https:\\\/\\\/www.instagram.com\\\/informelitoral\\\/\",\"https:\\\/\\\/www.youtube.com\\\/channel\\\/UCua4Qvz8Icb6MYqhoq9xLXw\"]},{\"@type\":\"Person\",\"@id\":\"https:\\\/\\\/informelitoral.com.ar\\\/#\\\/schema\\\/person\\\/f05f9f461677119578717524b127d6d5\",\"name\":\"Sebastian\",\"image\":{\"@type\":\"ImageObject\",\"inLanguage\":\"es\",\"@id\":\"https:\\\/\\\/secure.gravatar.com\\\/avatar\\\/b71bf7481d447dfb9583c7f2798e7cc64de6efb9067b74633ed8c31059a3bd82?s=96&d=mm&r=g\",\"url\":\"https:\\\/\\\/secure.gravatar.com\\\/avatar\\\/b71bf7481d447dfb9583c7f2798e7cc64de6efb9067b74633ed8c31059a3bd82?s=96&d=mm&r=g\",\"contentUrl\":\"https:\\\/\\\/secure.gravatar.com\\\/avatar\\\/b71bf7481d447dfb9583c7f2798e7cc64de6efb9067b74633ed8c31059a3bd82?s=96&d=mm&r=g\",\"caption\":\"Sebastian\"},\"url\":\"https:\\\/\\\/informelitoral.com.ar\\\/author\\\/sebastian\\\/\"}]}<\/script>","yoast_head_json":{"title":"Italia: el embajador Marcelo Giusto prometi\u00f3 cooperaci\u00f3n con el Consorcio AFIDEER - Informe Litoral","robots":{"index":"index","follow":"follow","max-snippet":"max-snippet:-1","max-image-preview":"max-image-preview:large","max-video-preview":"max-video-preview:-1"},"canonical":"https:\/\/informelitoral.com.ar\/el-embajador-giusto-prometio-cooperacion-con-el-consorcio-afideer\/","og_locale":"es_ES","og_type":"article","og_title":"Italia: el embajador Marcelo Giusto prometi\u00f3 cooperaci\u00f3n con el Consorcio AFIDEER - Informe Litoral","og_description":"La delegaci\u00f3n entrerriana de AFIDEER fue recibida en Roma para explorar oportunidades de fortalecimiento acad\u00e9mico, impulso emprendedor e inversi\u00f3n, destacando el capital humano provincial.","og_url":"https:\/\/informelitoral.com.ar\/el-embajador-giusto-prometio-cooperacion-con-el-consorcio-afideer\/","og_site_name":"Informe Litoral","article_publisher":"https:\/\/www.facebook.com\/informelitoral\/","article_published_time":"2025-11-14T14:11:55+00:00","article_modified_time":"2025-11-14T18:42:58+00:00","og_image":[{"width":1280,"height":960,"url":"https:\/\/drive.google.com\/thumbnail?id=1wYmGEpeoG3fkAkLGleHxotDnaEeXflWe&sz=w2048","type":"image\/jpeg"}],"author":"Sebastian","twitter_card":"summary_large_image","twitter_creator":"@InformeLitoral","twitter_site":"@InformeLitoral","twitter_misc":{"Escrito por":"Sebastian","Tiempo de lectura":"3 minutos"},"schema":{"@context":"https:\/\/schema.org","@graph":[{"@type":"Article","@id":"https:\/\/informelitoral.com.ar\/el-embajador-giusto-prometio-cooperacion-con-el-consorcio-afideer\/#article","isPartOf":{"@id":"https:\/\/informelitoral.com.ar\/el-embajador-giusto-prometio-cooperacion-con-el-consorcio-afideer\/"},"author":{"name":"Sebastian","@id":"https:\/\/informelitoral.com.ar\/#\/schema\/person\/f05f9f461677119578717524b127d6d5"},"headline":"Italia: el embajador Marcelo Giusto prometi\u00f3 cooperaci\u00f3n con el Consorcio AFIDEER","datePublished":"2025-11-14T14:11:55+00:00","dateModified":"2025-11-14T18:42:58+00:00","mainEntityOfPage":{"@id":"https:\/\/informelitoral.com.ar\/el-embajador-giusto-prometio-cooperacion-con-el-consorcio-afideer\/"},"wordCount":498,"commentCount":0,"publisher":{"@id":"https:\/\/informelitoral.com.ar\/#organization"},"image":{"@id":"https:\/\/informelitoral.com.ar\/el-embajador-giusto-prometio-cooperacion-con-el-consorcio-afideer\/#primaryimage"},"thumbnailUrl":"https:\/\/drive.google.com\/thumbnail?id=1wYmGEpeoG3fkAkLGleHxotDnaEeXflWe&sz=w2048","keywords":["Afideer","Embajador","Italia","Marcelo Giusto","Reuni\u00f3n"],"articleSection":["Internacionales"],"inLanguage":"es","potentialAction":[{"@type":"CommentAction","name":"Comment","target":["https:\/\/informelitoral.com.ar\/el-embajador-giusto-prometio-cooperacion-con-el-consorcio-afideer\/#respond"]}]},{"@type":"WebPage","@id":"https:\/\/informelitoral.com.ar\/el-embajador-giusto-prometio-cooperacion-con-el-consorcio-afideer\/","url":"https:\/\/informelitoral.com.ar\/el-embajador-giusto-prometio-cooperacion-con-el-consorcio-afideer\/","name":"Italia: el embajador Marcelo Giusto prometi\u00f3 cooperaci\u00f3n con el Consorcio AFIDEER - Informe Litoral","isPartOf":{"@id":"https:\/\/informelitoral.com.ar\/#website"},"primaryImageOfPage":{"@id":"https:\/\/informelitoral.com.ar\/el-embajador-giusto-prometio-cooperacion-con-el-consorcio-afideer\/#primaryimage"},"image":{"@id":"https:\/\/informelitoral.com.ar\/el-embajador-giusto-prometio-cooperacion-con-el-consorcio-afideer\/#primaryimage"},"thumbnailUrl":"https:\/\/drive.google.com\/thumbnail?id=1wYmGEpeoG3fkAkLGleHxotDnaEeXflWe&sz=w2048","datePublished":"2025-11-14T14:11:55+00:00","dateModified":"2025-11-14T18:42:58+00:00","breadcrumb":{"@id":"https:\/\/informelitoral.com.ar\/el-embajador-giusto-prometio-cooperacion-con-el-consorcio-afideer\/#breadcrumb"},"inLanguage":"es","potentialAction":[{"@type":"ReadAction","target":["https:\/\/informelitoral.com.ar\/el-embajador-giusto-prometio-cooperacion-con-el-consorcio-afideer\/"]}]},{"@type":"ImageObject","inLanguage":"es","@id":"https:\/\/informelitoral.com.ar\/el-embajador-giusto-prometio-cooperacion-con-el-consorcio-afideer\/#primaryimage","url":"https:\/\/drive.google.com\/thumbnail?id=1wYmGEpeoG3fkAkLGleHxotDnaEeXflWe&sz=w2048","contentUrl":"https:\/\/drive.google.com\/thumbnail?id=1wYmGEpeoG3fkAkLGleHxotDnaEeXflWe&sz=w2048","width":1280,"height":960},{"@type":"BreadcrumbList","@id":"https:\/\/informelitoral.com.ar\/el-embajador-giusto-prometio-cooperacion-con-el-consorcio-afideer\/#breadcrumb","itemListElement":[{"@type":"ListItem","position":1,"name":"Portada","item":"https:\/\/informelitoral.com.ar\/"},{"@type":"ListItem","position":2,"name":"Italia: el embajador Marcelo Giusto prometi\u00f3 cooperaci\u00f3n con el Consorcio AFIDEER"}]},{"@type":"WebSite","@id":"https:\/\/informelitoral.com.ar\/#website","url":"https:\/\/informelitoral.com.ar\/","name":"Informe Litoral","description":"&quot;Nos informamos&quot; ","publisher":{"@id":"https:\/\/informelitoral.com.ar\/#organization"},"potentialAction":[{"@type":"SearchAction","target":{"@type":"EntryPoint","urlTemplate":"https:\/\/informelitoral.com.ar\/?s={search_term_string}"},"query-input":{"@type":"PropertyValueSpecification","valueRequired":true,"valueName":"search_term_string"}}],"inLanguage":"es"},{"@type":"Organization","@id":"https:\/\/informelitoral.com.ar\/#organization","name":"Informe Litoral","url":"https:\/\/informelitoral.com.ar\/","logo":{"@type":"ImageObject","inLanguage":"es","@id":"https:\/\/informelitoral.com.ar\/#\/schema\/logo\/image\/","url":"https:\/\/informelitoral.com.ar\/%77%70%2d%63%6f%6e%74%65%6e%74\/uploads\/2021\/01\/circulo.png","contentUrl":"https:\/\/informelitoral.com.ar\/%77%70%2d%63%6f%6e%74%65%6e%74\/uploads\/2021\/01\/circulo.png","width":723,"height":731,"caption":"Informe Litoral"},"image":{"@id":"https:\/\/informelitoral.com.ar\/#\/schema\/logo\/image\/"},"sameAs":["https:\/\/www.facebook.com\/informelitoral\/","https:\/\/x.com\/InformeLitoral","https:\/\/www.instagram.com\/informelitoral\/","https:\/\/www.youtube.com\/channel\/UCua4Qvz8Icb6MYqhoq9xLXw"]},{"@type":"Person","@id":"https:\/\/informelitoral.com.ar\/#\/schema\/person\/f05f9f461677119578717524b127d6d5","name":"Sebastian","image":{"@type":"ImageObject","inLanguage":"es","@id":"https:\/\/secure.gravatar.com\/avatar\/b71bf7481d447dfb9583c7f2798e7cc64de6efb9067b74633ed8c31059a3bd82?s=96&d=mm&r=g","url":"https:\/\/secure.gravatar.com\/avatar\/b71bf7481d447dfb9583c7f2798e7cc64de6efb9067b74633ed8c31059a3bd82?s=96&d=mm&r=g","contentUrl":"https:\/\/secure.gravatar.com\/avatar\/b71bf7481d447dfb9583c7f2798e7cc64de6efb9067b74633ed8c31059a3bd82?s=96&d=mm&r=g","caption":"Sebastian"},"url":"https:\/\/informelitoral.com.ar\/author\/sebastian\/"}]}},"_links":{"self":[{"href":"https:\/\/informelitoral.com.ar\/%77%70%2d%6a%73%6f%6e\/wp\/v2\/posts\/240570","targetHints":{"allow":["GET"]}}],"collection":[{"href":"https:\/\/informelitoral.com.ar\/%77%70%2d%6a%73%6f%6e\/wp\/v2\/posts"}],"about":[{"href":"https:\/\/informelitoral.com.ar\/%77%70%2d%6a%73%6f%6e\/wp\/v2\/types\/post"}],"author":[{"embeddable":true,"href":"https:\/\/informelitoral.com.ar\/%77%70%2d%6a%73%6f%6e\/wp\/v2\/users\/8"}],"replies":[{"embeddable":true,"href":"https:\/\/informelitoral.com.ar\/%77%70%2d%6a%73%6f%6e\/wp\/v2\/comments?post=240570"}],"version-history":[{"count":5,"href":"https:\/\/informelitoral.com.ar\/%77%70%2d%6a%73%6f%6e\/wp\/v2\/posts\/240570\/revisions"}],"predecessor-version":[{"id":240576,"href":"https:\/\/informelitoral.com.ar\/%77%70%2d%6a%73%6f%6e\/wp\/v2\/posts\/240570\/revisions\/240576"}],"wp:featuredmedia":[{"embeddable":true,"href":"https:\/\/informelitoral.com.ar\/%77%70%2d%6a%73%6f%6e\/wp\/v2\/media\/240572"}],"wp:attachment":[{"href":"https:\/\/informelitoral.com.ar\/%77%70%2d%6a%73%6f%6e\/wp\/v2\/media?parent=240570"}],"wp:term":[{"taxonomy":"category","embeddable":true,"href":"https:\/\/informelitoral.com.ar\/%77%70%2d%6a%73%6f%6e\/wp\/v2\/categories?post=240570"},{"taxonomy":"post_tag","embeddable":true,"href":"https:\/\/informelitoral.com.ar\/%77%70%2d%6a%73%6f%6e\/wp\/v2\/tags?post=240570"}],"curies":[{"name":"wp","href":"https:\/\/api.w.org\/{rel}","templated":true}]}}