{"id":240225,"date":"2025-11-11T12:13:39","date_gmt":"2025-11-11T15:13:39","guid":{"rendered":"https:\/\/informelitoral.com.ar\/?p=240225"},"modified":"2025-11-11T21:09:43","modified_gmt":"2025-11-12T00:09:43","slug":"diego-santilli-hara-su-primera-gira-en-entre-rios","status":"publish","type":"post","link":"https:\/\/informelitoral.com.ar\/diego-santilli-hara-su-primera-gira-en-entre-rios\/","title":{"rendered":"Diego Santilli har\u00e1 su primera gira en Entre R\u00edos"},"content":{"rendered":"<p>El diputado nacional electo por La Libertad Avanza (LLA), <b>Diego Santilli<\/b>, jurar\u00e1 este martes a las 15:00 horas como nuevo titular del <b>Ministerio del Interior<\/b> ante el presidente de la Naci\u00f3n, Javier Milei, en el Sal\u00f3n Blanco de Casa Rosada. Apenas oficializado en el cargo, el flamante funcionario nacional tiene en agenda una r\u00e1pida puesta en marcha de su gesti\u00f3n con una gira de visitas a las provincias.<\/p>\n<p><img decoding=\"async\" src=\"https:\/\/fotos.perfil.com\/2021\/11\/16\/trim\/987\/555\/rogelio-frigerio-20211116-1270642.jpg\" alt=\"Frigerio, cr\u00edtico con el gobierno: &quot;Se tienen que poner de acuerdo, definir qui\u00e9n manda y cu\u00e1l es la agenda&quot; | Perfil\" \/><\/p>\n<p>Seg\u00fan trascendi\u00f3, la primera estaci\u00f3n de esta gira ser\u00e1 <b>Entre R\u00edos<\/b> este mismo mi\u00e9rcoles, donde ser\u00e1 recibido por el gobernador <b>Rogelio Frigerio<\/b>, uno de los principales aliados de Casa Rosada en el interior del pa\u00eds.<\/p>\n<p>A\u00fan sin la oficializaci\u00f3n en el cargo, Santilli ya ha mantenido reuniones preliminares con varios gobernadores, entre ellos Ignacio Torres (Chubut), Ra\u00fal Jalil (Catamarca), Mart\u00edn Llaryora (C\u00f3rdoba), Gustavo S\u00e1enz (Salta) y Marcelo Orrego (San Juan).<\/p>\n<p>La tarea primordial de Santilli como principal responsable de las relaciones con los gobernadores es <b>conseguir los votos suficientes<\/b> en el Congreso para la aprobaci\u00f3n del <b>Presupuesto Nacional 2026<\/b>. Posteriormente, su gesti\u00f3n se centrar\u00e1 en tejer acuerdos para las grandes reformas que impulsa el Gobierno libertario: laboral, tributaria y del C\u00f3digo Penal.<\/p>\n<p><img decoding=\"async\" src=\"https:\/\/media.ambito.com\/p\/4bec651a875c001101d44d21043e2ad3\/adjuntos\/239\/imagenes\/042\/894\/0042894825\/diego-santilli.jpeg\" alt=\"Diego Santilli jurar\u00e1 como ministro de Interior este martes.\" \/><\/p>\n<p>Al confirmarse su designaci\u00f3n, el gobernador Frigerio poste\u00f3 en X: \u201cFelicitaciones, querido @diegosantilli por tu designaci\u00f3n como ministro del Interior. Para m\u00ed, como gobernador de Entre R\u00edos, es una gran noticia que el Presidente haya confiado en vos para esta tarea. Sos una persona de <b>di\u00e1logo, de consensos y de trabajo<\/b>\u201d. La relaci\u00f3n entre ambos es estrecha, habiendo compartido gran parte de las gestiones de Mauricio Macri tanto en Capital Federal como a nivel nacional.<\/p>\n<p>En el caso espec\u00edfico de Entre R\u00edos, Santilli ya cuenta con una base s\u00f3lida: tiene asegurados los <b>cinco votos en Diputados y los dos en el Senado<\/b> que responden a Frigerio o a Milei, esenciales para la aprobaci\u00f3n de la Ley de Leyes.<\/p>\n<p>El Presupuesto 2026, adem\u00e1s, incluye una importante bater\u00eda de <b>obras p\u00fablicas<\/b> para la provincia. Estos temas, junto con asuntos cruciales del v\u00ednculo Entre R\u00edos-Casa Rosada, estar\u00e1n sobre la mesa durante la visita de Santilli. Entre ellos se destacan la <b>reparaci\u00f3n hist\u00f3rica de ANSES a la Caja de Jubilaciones de la Provincia<\/b> y la discusi\u00f3n sobre un aumento del precio que cobra la represa generadora de energ\u00eda el\u00e9ctrica <b>Salto Grande<\/b>.(<em>Ahora<\/em>)<\/p>\n<h6><em><strong>Del archivo:\u00a0<a href=\"https:\/\/informelitoral.com.ar\/exceso-lacteo-global-el-mundo-produce-mas-leche-de-la-que-el-mercado-puede-absorber\/\" target=\"_blank\" rel=\"noopener\">Exceso l\u00e1cteo global: el mundo produce m\u00e1s leche de la que el mercado puede absorber<\/a><\/strong><\/em><\/h6>\n","protected":false},"excerpt":{"rendered":"<p>El flamante ministro del Interior asume formalmente este martes a las 15 y el mi\u00e9rcoles comenzar\u00eda su gira por provincias en un encuentro con Rogelio Frigerio.<\/p>\n","protected":false},"author":8,"featured_media":240226,"comment_status":"open","ping_status":"open","sticky":false,"template":"","format":"standard","meta":{"fifu_image_url":"https:\/\/i0.wp.com\/ahora.com.ar\/wp-content\/uploads\/2025\/11\/santilli-frigerio.jpg?resize=696%2C335&quality=89&ssl=1","fifu_image_alt":"","footnotes":""},"categories":[16],"tags":[6184,81,949,1807],"class_list":{"0":"post-240225","1":"post","2":"type-post","3":"status-publish","4":"format-standard","5":"has-post-thumbnail","7":"category-politi","8":"tag-diego-santilli","9":"tag-entre-rios","10":"tag-rogelio-frigerio","11":"tag-visita"},"yoast_head":"<title>Diego Santilli har\u00e1 su primera gira en Entre R\u00edos - Informe Litoral<\/title>\n<meta name=\"robots\" content=\"index, follow, max-snippet:-1, max-image-preview:large, max-video-preview:-1\" \/>\n<link rel=\"canonical\" href=\"https:\/\/informelitoral.com.ar\/diego-santilli-hara-su-primera-gira-en-entre-rios\/\" \/>\n<meta property=\"og:locale\" content=\"es_ES\" \/>\n<meta property=\"og:type\" content=\"article\" \/>\n<meta property=\"og:title\" content=\"Diego Santilli har\u00e1 su primera gira en Entre R\u00edos - Informe Litoral\" \/>\n<meta property=\"og:description\" content=\"El flamante ministro del Interior asume formalmente este martes a las 15 y el mi\u00e9rcoles comenzar\u00eda su gira por provincias en un encuentro con Rogelio Frigerio.\" \/>\n<meta property=\"og:url\" content=\"https:\/\/informelitoral.com.ar\/diego-santilli-hara-su-primera-gira-en-entre-rios\/\" \/>\n<meta property=\"og:site_name\" content=\"Informe Litoral\" \/>\n<meta property=\"article:publisher\" content=\"https:\/\/www.facebook.com\/informelitoral\/\" \/>\n<meta property=\"article:published_time\" content=\"2025-11-11T15:13:39+00:00\" \/>\n<meta property=\"article:modified_time\" content=\"2025-11-12T00:09:43+00:00\" \/>\n<meta property=\"og:image\" content=\"https:\/\/i0.wp.com\/ahora.com.ar\/%77%70%2d%63%6f%6e%74%65%6e%74\/uploads\/2025\/11\/santilli-frigerio.jpg?resize=696%2C335&quality=89&ssl=1\" \/>\n<meta name=\"author\" content=\"Sebastian\" \/>\n<meta name=\"twitter:card\" content=\"summary_large_image\" \/>\n<meta name=\"twitter:image\" content=\"https:\/\/i0.wp.com\/ahora.com.ar\/%77%70%2d%63%6f%6e%74%65%6e%74\/uploads\/2025\/11\/santilli-frigerio.jpg?resize=696%2C335&quality=89&ssl=1\" \/>\n<meta name=\"twitter:creator\" content=\"@InformeLitoral\" \/>\n<meta name=\"twitter:site\" content=\"@InformeLitoral\" \/>\n<meta name=\"twitter:label1\" content=\"Escrito por\" \/>\n\t<meta name=\"twitter:data1\" content=\"Sebastian\" \/>\n\t<meta name=\"twitter:label2\" content=\"Tiempo de lectura\" \/>\n\t<meta name=\"twitter:data2\" content=\"3 minutos\" \/>\n<script type=\"application\/ld+json\" class=\"yoast-schema-graph\">{\"@context\":\"https:\\\/\\\/schema.org\",\"@graph\":[{\"@type\":\"Article\",\"@id\":\"https:\\\/\\\/informelitoral.com.ar\\\/diego-santilli-hara-su-primera-gira-en-entre-rios\\\/#article\",\"isPartOf\":{\"@id\":\"https:\\\/\\\/informelitoral.com.ar\\\/diego-santilli-hara-su-primera-gira-en-entre-rios\\\/\"},\"author\":{\"name\":\"Sebastian\",\"@id\":\"https:\\\/\\\/informelitoral.com.ar\\\/#\\\/schema\\\/person\\\/f05f9f461677119578717524b127d6d5\"},\"headline\":\"Diego Santilli har\u00e1 su primera gira en Entre R\u00edos\",\"datePublished\":\"2025-11-11T15:13:39+00:00\",\"dateModified\":\"2025-11-12T00:09:43+00:00\",\"mainEntityOfPage\":{\"@id\":\"https:\\\/\\\/informelitoral.com.ar\\\/diego-santilli-hara-su-primera-gira-en-entre-rios\\\/\"},\"wordCount\":442,\"commentCount\":0,\"publisher\":{\"@id\":\"https:\\\/\\\/informelitoral.com.ar\\\/#organization\"},\"image\":{\"@id\":\"https:\\\/\\\/informelitoral.com.ar\\\/diego-santilli-hara-su-primera-gira-en-entre-rios\\\/#primaryimage\"},\"thumbnailUrl\":\"https:\\\/\\\/i0.wp.com\\\/ahora.com.ar\\\/%77%70%2d%63%6f%6e%74%65%6e%74\\\/uploads\\\/2025\\\/11\\\/santilli-frigerio.jpg?resize=696%2C335&quality=89&ssl=1\",\"keywords\":[\"Diego Santilli\",\"Entre R\u00edos\",\"Rogelio Frigerio\",\"Visita\"],\"articleSection\":[\"Politica\"],\"inLanguage\":\"es\",\"potentialAction\":[{\"@type\":\"CommentAction\",\"name\":\"Comment\",\"target\":[\"https:\\\/\\\/informelitoral.com.ar\\\/diego-santilli-hara-su-primera-gira-en-entre-rios\\\/#respond\"]}]},{\"@type\":\"WebPage\",\"@id\":\"https:\\\/\\\/informelitoral.com.ar\\\/diego-santilli-hara-su-primera-gira-en-entre-rios\\\/\",\"url\":\"https:\\\/\\\/informelitoral.com.ar\\\/diego-santilli-hara-su-primera-gira-en-entre-rios\\\/\",\"name\":\"Diego Santilli har\u00e1 su primera gira en Entre R\u00edos - Informe Litoral\",\"isPartOf\":{\"@id\":\"https:\\\/\\\/informelitoral.com.ar\\\/#website\"},\"primaryImageOfPage\":{\"@id\":\"https:\\\/\\\/informelitoral.com.ar\\\/diego-santilli-hara-su-primera-gira-en-entre-rios\\\/#primaryimage\"},\"image\":{\"@id\":\"https:\\\/\\\/informelitoral.com.ar\\\/diego-santilli-hara-su-primera-gira-en-entre-rios\\\/#primaryimage\"},\"thumbnailUrl\":\"https:\\\/\\\/i0.wp.com\\\/ahora.com.ar\\\/%77%70%2d%63%6f%6e%74%65%6e%74\\\/uploads\\\/2025\\\/11\\\/santilli-frigerio.jpg?resize=696%2C335&quality=89&ssl=1\",\"datePublished\":\"2025-11-11T15:13:39+00:00\",\"dateModified\":\"2025-11-12T00:09:43+00:00\",\"breadcrumb\":{\"@id\":\"https:\\\/\\\/informelitoral.com.ar\\\/diego-santilli-hara-su-primera-gira-en-entre-rios\\\/#breadcrumb\"},\"inLanguage\":\"es\",\"potentialAction\":[{\"@type\":\"ReadAction\",\"target\":[\"https:\\\/\\\/informelitoral.com.ar\\\/diego-santilli-hara-su-primera-gira-en-entre-rios\\\/\"]}]},{\"@type\":\"ImageObject\",\"inLanguage\":\"es\",\"@id\":\"https:\\\/\\\/informelitoral.com.ar\\\/diego-santilli-hara-su-primera-gira-en-entre-rios\\\/#primaryimage\",\"url\":\"https:\\\/\\\/i0.wp.com\\\/ahora.com.ar\\\/%77%70%2d%63%6f%6e%74%65%6e%74\\\/uploads\\\/2025\\\/11\\\/santilli-frigerio.jpg?resize=696%2C335&quality=89&ssl=1\",\"contentUrl\":\"https:\\\/\\\/i0.wp.com\\\/ahora.com.ar\\\/%77%70%2d%63%6f%6e%74%65%6e%74\\\/uploads\\\/2025\\\/11\\\/santilli-frigerio.jpg?resize=696%2C335&quality=89&ssl=1\",\"width\":\"696\",\"height\":\"335\"},{\"@type\":\"BreadcrumbList\",\"@id\":\"https:\\\/\\\/informelitoral.com.ar\\\/diego-santilli-hara-su-primera-gira-en-entre-rios\\\/#breadcrumb\",\"itemListElement\":[{\"@type\":\"ListItem\",\"position\":1,\"name\":\"Portada\",\"item\":\"https:\\\/\\\/informelitoral.com.ar\\\/\"},{\"@type\":\"ListItem\",\"position\":2,\"name\":\"Diego Santilli har\u00e1 su primera gira en Entre R\u00edos\"}]},{\"@type\":\"WebSite\",\"@id\":\"https:\\\/\\\/informelitoral.com.ar\\\/#website\",\"url\":\"https:\\\/\\\/informelitoral.com.ar\\\/\",\"name\":\"Informe Litoral\",\"description\":\"&quot;Nos informamos&quot; \",\"publisher\":{\"@id\":\"https:\\\/\\\/informelitoral.com.ar\\\/#organization\"},\"potentialAction\":[{\"@type\":\"SearchAction\",\"target\":{\"@type\":\"EntryPoint\",\"urlTemplate\":\"https:\\\/\\\/informelitoral.com.ar\\\/?s={search_term_string}\"},\"query-input\":{\"@type\":\"PropertyValueSpecification\",\"valueRequired\":true,\"valueName\":\"search_term_string\"}}],\"inLanguage\":\"es\"},{\"@type\":\"Organization\",\"@id\":\"https:\\\/\\\/informelitoral.com.ar\\\/#organization\",\"name\":\"Informe Litoral\",\"url\":\"https:\\\/\\\/informelitoral.com.ar\\\/\",\"logo\":{\"@type\":\"ImageObject\",\"inLanguage\":\"es\",\"@id\":\"https:\\\/\\\/informelitoral.com.ar\\\/#\\\/schema\\\/logo\\\/image\\\/\",\"url\":\"https:\\\/\\\/informelitoral.com.ar\\\/%77%70%2d%63%6f%6e%74%65%6e%74\\\/uploads\\\/2021\\\/01\\\/circulo.png\",\"contentUrl\":\"https:\\\/\\\/informelitoral.com.ar\\\/%77%70%2d%63%6f%6e%74%65%6e%74\\\/uploads\\\/2021\\\/01\\\/circulo.png\",\"width\":723,\"height\":731,\"caption\":\"Informe Litoral\"},\"image\":{\"@id\":\"https:\\\/\\\/informelitoral.com.ar\\\/#\\\/schema\\\/logo\\\/image\\\/\"},\"sameAs\":[\"https:\\\/\\\/www.facebook.com\\\/informelitoral\\\/\",\"https:\\\/\\\/x.com\\\/InformeLitoral\",\"https:\\\/\\\/www.instagram.com\\\/informelitoral\\\/\",\"https:\\\/\\\/www.youtube.com\\\/channel\\\/UCua4Qvz8Icb6MYqhoq9xLXw\"]},{\"@type\":\"Person\",\"@id\":\"https:\\\/\\\/informelitoral.com.ar\\\/#\\\/schema\\\/person\\\/f05f9f461677119578717524b127d6d5\",\"name\":\"Sebastian\",\"image\":{\"@type\":\"ImageObject\",\"inLanguage\":\"es\",\"@id\":\"https:\\\/\\\/secure.gravatar.com\\\/avatar\\\/b71bf7481d447dfb9583c7f2798e7cc64de6efb9067b74633ed8c31059a3bd82?s=96&d=mm&r=g\",\"url\":\"https:\\\/\\\/secure.gravatar.com\\\/avatar\\\/b71bf7481d447dfb9583c7f2798e7cc64de6efb9067b74633ed8c31059a3bd82?s=96&d=mm&r=g\",\"contentUrl\":\"https:\\\/\\\/secure.gravatar.com\\\/avatar\\\/b71bf7481d447dfb9583c7f2798e7cc64de6efb9067b74633ed8c31059a3bd82?s=96&d=mm&r=g\",\"caption\":\"Sebastian\"},\"url\":\"https:\\\/\\\/informelitoral.com.ar\\\/author\\\/sebastian\\\/\"}]}<\/script>","yoast_head_json":{"title":"Diego Santilli har\u00e1 su primera gira en Entre R\u00edos - Informe Litoral","robots":{"index":"index","follow":"follow","max-snippet":"max-snippet:-1","max-image-preview":"max-image-preview:large","max-video-preview":"max-video-preview:-1"},"canonical":"https:\/\/informelitoral.com.ar\/diego-santilli-hara-su-primera-gira-en-entre-rios\/","og_locale":"es_ES","og_type":"article","og_title":"Diego Santilli har\u00e1 su primera gira en Entre R\u00edos - Informe Litoral","og_description":"El flamante ministro del Interior asume formalmente este martes a las 15 y el mi\u00e9rcoles comenzar\u00eda su gira por provincias en un encuentro con Rogelio Frigerio.","og_url":"https:\/\/informelitoral.com.ar\/diego-santilli-hara-su-primera-gira-en-entre-rios\/","og_site_name":"Informe Litoral","article_publisher":"https:\/\/www.facebook.com\/informelitoral\/","article_published_time":"2025-11-11T15:13:39+00:00","article_modified_time":"2025-11-12T00:09:43+00:00","og_image":[{"url":"https:\/\/i0.wp.com\/ahora.com.ar\/wp-content\/uploads\/2025\/11\/santilli-frigerio.jpg?resize=696%2C335&quality=89&ssl=1","type":"","width":"","height":""}],"author":"Sebastian","twitter_card":"summary_large_image","twitter_image":"https:\/\/i0.wp.com\/ahora.com.ar\/wp-content\/uploads\/2025\/11\/santilli-frigerio.jpg?resize=696%2C335&quality=89&ssl=1","twitter_creator":"@InformeLitoral","twitter_site":"@InformeLitoral","twitter_misc":{"Escrito por":"Sebastian","Tiempo de lectura":"3 minutos"},"schema":{"@context":"https:\/\/schema.org","@graph":[{"@type":"Article","@id":"https:\/\/informelitoral.com.ar\/diego-santilli-hara-su-primera-gira-en-entre-rios\/#article","isPartOf":{"@id":"https:\/\/informelitoral.com.ar\/diego-santilli-hara-su-primera-gira-en-entre-rios\/"},"author":{"name":"Sebastian","@id":"https:\/\/informelitoral.com.ar\/#\/schema\/person\/f05f9f461677119578717524b127d6d5"},"headline":"Diego Santilli har\u00e1 su primera gira en Entre R\u00edos","datePublished":"2025-11-11T15:13:39+00:00","dateModified":"2025-11-12T00:09:43+00:00","mainEntityOfPage":{"@id":"https:\/\/informelitoral.com.ar\/diego-santilli-hara-su-primera-gira-en-entre-rios\/"},"wordCount":442,"commentCount":0,"publisher":{"@id":"https:\/\/informelitoral.com.ar\/#organization"},"image":{"@id":"https:\/\/informelitoral.com.ar\/diego-santilli-hara-su-primera-gira-en-entre-rios\/#primaryimage"},"thumbnailUrl":"https:\/\/i0.wp.com\/ahora.com.ar\/%77%70%2d%63%6f%6e%74%65%6e%74\/uploads\/2025\/11\/santilli-frigerio.jpg?resize=696%2C335&quality=89&ssl=1","keywords":["Diego Santilli","Entre R\u00edos","Rogelio Frigerio","Visita"],"articleSection":["Politica"],"inLanguage":"es","potentialAction":[{"@type":"CommentAction","name":"Comment","target":["https:\/\/informelitoral.com.ar\/diego-santilli-hara-su-primera-gira-en-entre-rios\/#respond"]}]},{"@type":"WebPage","@id":"https:\/\/informelitoral.com.ar\/diego-santilli-hara-su-primera-gira-en-entre-rios\/","url":"https:\/\/informelitoral.com.ar\/diego-santilli-hara-su-primera-gira-en-entre-rios\/","name":"Diego Santilli har\u00e1 su primera gira en Entre R\u00edos - Informe Litoral","isPartOf":{"@id":"https:\/\/informelitoral.com.ar\/#website"},"primaryImageOfPage":{"@id":"https:\/\/informelitoral.com.ar\/diego-santilli-hara-su-primera-gira-en-entre-rios\/#primaryimage"},"image":{"@id":"https:\/\/informelitoral.com.ar\/diego-santilli-hara-su-primera-gira-en-entre-rios\/#primaryimage"},"thumbnailUrl":"https:\/\/i0.wp.com\/ahora.com.ar\/%77%70%2d%63%6f%6e%74%65%6e%74\/uploads\/2025\/11\/santilli-frigerio.jpg?resize=696%2C335&quality=89&ssl=1","datePublished":"2025-11-11T15:13:39+00:00","dateModified":"2025-11-12T00:09:43+00:00","breadcrumb":{"@id":"https:\/\/informelitoral.com.ar\/diego-santilli-hara-su-primera-gira-en-entre-rios\/#breadcrumb"},"inLanguage":"es","potentialAction":[{"@type":"ReadAction","target":["https:\/\/informelitoral.com.ar\/diego-santilli-hara-su-primera-gira-en-entre-rios\/"]}]},{"@type":"ImageObject","inLanguage":"es","@id":"https:\/\/informelitoral.com.ar\/diego-santilli-hara-su-primera-gira-en-entre-rios\/#primaryimage","url":"https:\/\/i0.wp.com\/ahora.com.ar\/%77%70%2d%63%6f%6e%74%65%6e%74\/uploads\/2025\/11\/santilli-frigerio.jpg?resize=696%2C335&quality=89&ssl=1","contentUrl":"https:\/\/i0.wp.com\/ahora.com.ar\/%77%70%2d%63%6f%6e%74%65%6e%74\/uploads\/2025\/11\/santilli-frigerio.jpg?resize=696%2C335&quality=89&ssl=1","width":"696","height":"335"},{"@type":"BreadcrumbList","@id":"https:\/\/informelitoral.com.ar\/diego-santilli-hara-su-primera-gira-en-entre-rios\/#breadcrumb","itemListElement":[{"@type":"ListItem","position":1,"name":"Portada","item":"https:\/\/informelitoral.com.ar\/"},{"@type":"ListItem","position":2,"name":"Diego Santilli har\u00e1 su primera gira en Entre R\u00edos"}]},{"@type":"WebSite","@id":"https:\/\/informelitoral.com.ar\/#website","url":"https:\/\/informelitoral.com.ar\/","name":"Informe Litoral","description":"&quot;Nos informamos&quot; ","publisher":{"@id":"https:\/\/informelitoral.com.ar\/#organization"},"potentialAction":[{"@type":"SearchAction","target":{"@type":"EntryPoint","urlTemplate":"https:\/\/informelitoral.com.ar\/?s={search_term_string}"},"query-input":{"@type":"PropertyValueSpecification","valueRequired":true,"valueName":"search_term_string"}}],"inLanguage":"es"},{"@type":"Organization","@id":"https:\/\/informelitoral.com.ar\/#organization","name":"Informe Litoral","url":"https:\/\/informelitoral.com.ar\/","logo":{"@type":"ImageObject","inLanguage":"es","@id":"https:\/\/informelitoral.com.ar\/#\/schema\/logo\/image\/","url":"https:\/\/informelitoral.com.ar\/%77%70%2d%63%6f%6e%74%65%6e%74\/uploads\/2021\/01\/circulo.png","contentUrl":"https:\/\/informelitoral.com.ar\/%77%70%2d%63%6f%6e%74%65%6e%74\/uploads\/2021\/01\/circulo.png","width":723,"height":731,"caption":"Informe Litoral"},"image":{"@id":"https:\/\/informelitoral.com.ar\/#\/schema\/logo\/image\/"},"sameAs":["https:\/\/www.facebook.com\/informelitoral\/","https:\/\/x.com\/InformeLitoral","https:\/\/www.instagram.com\/informelitoral\/","https:\/\/www.youtube.com\/channel\/UCua4Qvz8Icb6MYqhoq9xLXw"]},{"@type":"Person","@id":"https:\/\/informelitoral.com.ar\/#\/schema\/person\/f05f9f461677119578717524b127d6d5","name":"Sebastian","image":{"@type":"ImageObject","inLanguage":"es","@id":"https:\/\/secure.gravatar.com\/avatar\/b71bf7481d447dfb9583c7f2798e7cc64de6efb9067b74633ed8c31059a3bd82?s=96&d=mm&r=g","url":"https:\/\/secure.gravatar.com\/avatar\/b71bf7481d447dfb9583c7f2798e7cc64de6efb9067b74633ed8c31059a3bd82?s=96&d=mm&r=g","contentUrl":"https:\/\/secure.gravatar.com\/avatar\/b71bf7481d447dfb9583c7f2798e7cc64de6efb9067b74633ed8c31059a3bd82?s=96&d=mm&r=g","caption":"Sebastian"},"url":"https:\/\/informelitoral.com.ar\/author\/sebastian\/"}]}},"fifu_image_url":"https:\/\/i0.wp.com\/ahora.com.ar\/wp-content\/uploads\/2025\/11\/santilli-frigerio.jpg?resize=696%2C335&quality=89&ssl=1","_links":{"self":[{"href":"https:\/\/informelitoral.com.ar\/%77%70%2d%6a%73%6f%6e\/wp\/v2\/posts\/240225","targetHints":{"allow":["GET"]}}],"collection":[{"href":"https:\/\/informelitoral.com.ar\/%77%70%2d%6a%73%6f%6e\/wp\/v2\/posts"}],"about":[{"href":"https:\/\/informelitoral.com.ar\/%77%70%2d%6a%73%6f%6e\/wp\/v2\/types\/post"}],"author":[{"embeddable":true,"href":"https:\/\/informelitoral.com.ar\/%77%70%2d%6a%73%6f%6e\/wp\/v2\/users\/8"}],"replies":[{"embeddable":true,"href":"https:\/\/informelitoral.com.ar\/%77%70%2d%6a%73%6f%6e\/wp\/v2\/comments?post=240225"}],"version-history":[{"count":5,"href":"https:\/\/informelitoral.com.ar\/%77%70%2d%6a%73%6f%6e\/wp\/v2\/posts\/240225\/revisions"}],"predecessor-version":[{"id":240254,"href":"https:\/\/informelitoral.com.ar\/%77%70%2d%6a%73%6f%6e\/wp\/v2\/posts\/240225\/revisions\/240254"}],"wp:featuredmedia":[{"embeddable":true,"href":"https:\/\/informelitoral.com.ar\/%77%70%2d%6a%73%6f%6e\/wp\/v2\/media\/240226"}],"wp:attachment":[{"href":"https:\/\/informelitoral.com.ar\/%77%70%2d%6a%73%6f%6e\/wp\/v2\/media?parent=240225"}],"wp:term":[{"taxonomy":"category","embeddable":true,"href":"https:\/\/informelitoral.com.ar\/%77%70%2d%6a%73%6f%6e\/wp\/v2\/categories?post=240225"},{"taxonomy":"post_tag","embeddable":true,"href":"https:\/\/informelitoral.com.ar\/%77%70%2d%6a%73%6f%6e\/wp\/v2\/tags?post=240225"}],"curies":[{"name":"wp","href":"https:\/\/api.w.org\/{rel}","templated":true}]}}