{"id":240201,"date":"2025-11-11T10:08:50","date_gmt":"2025-11-11T13:08:50","guid":{"rendered":"https:\/\/informelitoral.com.ar\/?p=240201"},"modified":"2025-11-11T21:21:57","modified_gmt":"2025-11-12T00:21:57","slug":"anses-se-agota-el-plazo-final-para-presentar-la-libreta-auh","status":"publish","type":"post","link":"https:\/\/informelitoral.com.ar\/anses-se-agota-el-plazo-final-para-presentar-la-libreta-auh\/","title":{"rendered":"ANSES: se agota el plazo final para presentar la Libreta AUH"},"content":{"rendered":"<p>La <b>Administraci\u00f3n Nacional de la Seguridad Social (ANSES)<\/b> activ\u00f3 su calendario de pagos de noviembre de 2025 con una importante novedad: un <b>aumento del 2,08%<\/b> en todas las prestaciones, incluyendo la <b>Asignaci\u00f3n Universal por Hijo (AUH)<\/b>. Este incremento se oficializ\u00f3 de acuerdo con la f\u00f3rmula de movilidad establecida por el Decreto 274\/24, que toma como referencia el \u00cdndice de Precios al Consumidor (IPC) de dos meses atr\u00e1s.<\/p>\n<p>La AUH, destinada a garantizar los derechos fundamentales de salud y educaci\u00f3n para ni\u00f1os en situaci\u00f3n de vulnerabilidad, tendr\u00e1 un monto total de <b>$119.691<\/b> por cada menor a cargo. Sin embargo, los titulares percibir\u00e1n mensualmente el <b>80% de ese total, es decir, $95.751,8<\/b>. El 20% restante se retiene y se cobra en una \u00fanica cuota anual.<\/p>\n<h2><strong>La importancia crucial de la libreta AUH<\/strong><\/h2>\n<p>Para acceder al cobro del <b>20% del monto retenido durante el a\u00f1o anterior (2024)<\/b>, los titulares deben presentar obligatoriamente la <b>Libreta AUH<\/b>.<\/p>\n<p><b>\u00bfQu\u00e9 es la Libreta AUH?<\/b> Es un formulario obligatorio que certifica que el ni\u00f1o cumple con los requisitos de la prestaci\u00f3n:<\/p>\n<ul>\n<li><b>Controles de Salud<\/b><\/li>\n<li><b>Esquema de Vacunaci\u00f3n<\/b><\/li>\n<li><b>Asistencia Escolar.<\/b><\/li>\n<\/ul>\n<h6><em><strong>Del archivo:\u00a0<a href=\"https:\/\/informelitoral.com.ar\/este-miercoles-habra-un-corte-de-agua-programado-en-la-zona-oeste-y-centro-de-parana\/\" target=\"_blank\" rel=\"noopener\">Este mi\u00e9rcoles habr\u00e1 un corte de agua programado en la zona oeste y centro de Paran\u00e1<\/a><\/strong><\/em><\/h6>\n","protected":false},"excerpt":{"rendered":"<p>El tr\u00e1mite es obligatorio para cobrar el 20% retenido de la Asignaci\u00f3n Universal por Hijo del a\u00f1o anterior. La falta de presentaci\u00f3n implica la p\u00e9rdida del monto acumulado.<\/p>\n","protected":false},"author":8,"featured_media":72746,"comment_status":"open","ping_status":"open","sticky":false,"template":"","format":"standard","meta":{"fifu_image_url":"","fifu_image_alt":"","footnotes":""},"categories":[1594],"tags":[269,979,5381],"class_list":{"0":"post-240201","1":"post","2":"type-post","3":"status-publish","4":"format-standard","5":"has-post-thumbnail","7":"category-economia","8":"tag-anses","9":"tag-auh","10":"tag-libreta"},"yoast_head":"<title>ANSES: se agota el plazo final para presentar la Libreta AUH - Informe Litoral<\/title>\n<meta name=\"robots\" content=\"index, follow, max-snippet:-1, max-image-preview:large, max-video-preview:-1\" \/>\n<link rel=\"canonical\" href=\"https:\/\/informelitoral.com.ar\/anses-se-agota-el-plazo-final-para-presentar-la-libreta-auh\/\" \/>\n<meta property=\"og:locale\" content=\"es_ES\" \/>\n<meta property=\"og:type\" content=\"article\" \/>\n<meta property=\"og:title\" content=\"ANSES: se agota el plazo final para presentar la Libreta AUH - Informe Litoral\" \/>\n<meta property=\"og:description\" content=\"El tr\u00e1mite es obligatorio para cobrar el 20% retenido de la Asignaci\u00f3n Universal por Hijo del a\u00f1o anterior. La falta de presentaci\u00f3n implica la p\u00e9rdida del monto acumulado.\" \/>\n<meta property=\"og:url\" content=\"https:\/\/informelitoral.com.ar\/anses-se-agota-el-plazo-final-para-presentar-la-libreta-auh\/\" \/>\n<meta property=\"og:site_name\" content=\"Informe Litoral\" \/>\n<meta property=\"article:publisher\" content=\"https:\/\/www.facebook.com\/informelitoral\/\" \/>\n<meta property=\"article:published_time\" content=\"2025-11-11T13:08:50+00:00\" \/>\n<meta property=\"article:modified_time\" content=\"2025-11-12T00:21:57+00:00\" \/>\n<meta property=\"og:image\" content=\"https:\/\/informelitoral.com.ar\/%77%70%2d%63%6f%6e%74%65%6e%74\/uploads\/2022\/03\/anses1200.jpg\" \/>\n\t<meta property=\"og:image:width\" content=\"1200\" \/>\n\t<meta property=\"og:image:height\" content=\"675\" \/>\n\t<meta property=\"og:image:type\" content=\"image\/jpeg\" \/>\n<meta name=\"author\" content=\"Sebastian\" \/>\n<meta name=\"twitter:card\" content=\"summary_large_image\" \/>\n<meta name=\"twitter:creator\" content=\"@InformeLitoral\" \/>\n<meta name=\"twitter:site\" content=\"@InformeLitoral\" \/>\n<meta name=\"twitter:label1\" content=\"Escrito por\" \/>\n\t<meta name=\"twitter:data1\" content=\"Sebastian\" \/>\n\t<meta name=\"twitter:label2\" content=\"Tiempo de lectura\" \/>\n\t<meta name=\"twitter:data2\" content=\"2 minutos\" \/>\n<script type=\"application\/ld+json\" class=\"yoast-schema-graph\">{\"@context\":\"https:\\\/\\\/schema.org\",\"@graph\":[{\"@type\":\"Article\",\"@id\":\"https:\\\/\\\/informelitoral.com.ar\\\/anses-se-agota-el-plazo-final-para-presentar-la-libreta-auh\\\/#article\",\"isPartOf\":{\"@id\":\"https:\\\/\\\/informelitoral.com.ar\\\/anses-se-agota-el-plazo-final-para-presentar-la-libreta-auh\\\/\"},\"author\":{\"name\":\"Sebastian\",\"@id\":\"https:\\\/\\\/informelitoral.com.ar\\\/#\\\/schema\\\/person\\\/f05f9f461677119578717524b127d6d5\"},\"headline\":\"ANSES: se agota el plazo final para presentar la Libreta AUH\",\"datePublished\":\"2025-11-11T13:08:50+00:00\",\"dateModified\":\"2025-11-12T00:21:57+00:00\",\"mainEntityOfPage\":{\"@id\":\"https:\\\/\\\/informelitoral.com.ar\\\/anses-se-agota-el-plazo-final-para-presentar-la-libreta-auh\\\/\"},\"wordCount\":214,\"commentCount\":0,\"publisher\":{\"@id\":\"https:\\\/\\\/informelitoral.com.ar\\\/#organization\"},\"image\":{\"@id\":\"https:\\\/\\\/informelitoral.com.ar\\\/anses-se-agota-el-plazo-final-para-presentar-la-libreta-auh\\\/#primaryimage\"},\"thumbnailUrl\":\"https:\\\/\\\/informelitoral.com.ar\\\/%77%70%2d%63%6f%6e%74%65%6e%74\\\/uploads\\\/2022\\\/03\\\/anses1200.jpg\",\"keywords\":[\"Anses\",\"AUH\",\"Libreta\"],\"articleSection\":[\"Econom\u00eda\"],\"inLanguage\":\"es\",\"potentialAction\":[{\"@type\":\"CommentAction\",\"name\":\"Comment\",\"target\":[\"https:\\\/\\\/informelitoral.com.ar\\\/anses-se-agota-el-plazo-final-para-presentar-la-libreta-auh\\\/#respond\"]}]},{\"@type\":\"WebPage\",\"@id\":\"https:\\\/\\\/informelitoral.com.ar\\\/anses-se-agota-el-plazo-final-para-presentar-la-libreta-auh\\\/\",\"url\":\"https:\\\/\\\/informelitoral.com.ar\\\/anses-se-agota-el-plazo-final-para-presentar-la-libreta-auh\\\/\",\"name\":\"ANSES: se agota el plazo final para presentar la Libreta AUH - Informe Litoral\",\"isPartOf\":{\"@id\":\"https:\\\/\\\/informelitoral.com.ar\\\/#website\"},\"primaryImageOfPage\":{\"@id\":\"https:\\\/\\\/informelitoral.com.ar\\\/anses-se-agota-el-plazo-final-para-presentar-la-libreta-auh\\\/#primaryimage\"},\"image\":{\"@id\":\"https:\\\/\\\/informelitoral.com.ar\\\/anses-se-agota-el-plazo-final-para-presentar-la-libreta-auh\\\/#primaryimage\"},\"thumbnailUrl\":\"https:\\\/\\\/informelitoral.com.ar\\\/%77%70%2d%63%6f%6e%74%65%6e%74\\\/uploads\\\/2022\\\/03\\\/anses1200.jpg\",\"datePublished\":\"2025-11-11T13:08:50+00:00\",\"dateModified\":\"2025-11-12T00:21:57+00:00\",\"breadcrumb\":{\"@id\":\"https:\\\/\\\/informelitoral.com.ar\\\/anses-se-agota-el-plazo-final-para-presentar-la-libreta-auh\\\/#breadcrumb\"},\"inLanguage\":\"es\",\"potentialAction\":[{\"@type\":\"ReadAction\",\"target\":[\"https:\\\/\\\/informelitoral.com.ar\\\/anses-se-agota-el-plazo-final-para-presentar-la-libreta-auh\\\/\"]}]},{\"@type\":\"ImageObject\",\"inLanguage\":\"es\",\"@id\":\"https:\\\/\\\/informelitoral.com.ar\\\/anses-se-agota-el-plazo-final-para-presentar-la-libreta-auh\\\/#primaryimage\",\"url\":\"https:\\\/\\\/informelitoral.com.ar\\\/%77%70%2d%63%6f%6e%74%65%6e%74\\\/uploads\\\/2022\\\/03\\\/anses1200.jpg\",\"contentUrl\":\"https:\\\/\\\/informelitoral.com.ar\\\/%77%70%2d%63%6f%6e%74%65%6e%74\\\/uploads\\\/2022\\\/03\\\/anses1200.jpg\",\"width\":1200,\"height\":675},{\"@type\":\"BreadcrumbList\",\"@id\":\"https:\\\/\\\/informelitoral.com.ar\\\/anses-se-agota-el-plazo-final-para-presentar-la-libreta-auh\\\/#breadcrumb\",\"itemListElement\":[{\"@type\":\"ListItem\",\"position\":1,\"name\":\"Portada\",\"item\":\"https:\\\/\\\/informelitoral.com.ar\\\/\"},{\"@type\":\"ListItem\",\"position\":2,\"name\":\"ANSES: se agota el plazo final para presentar la Libreta AUH\"}]},{\"@type\":\"WebSite\",\"@id\":\"https:\\\/\\\/informelitoral.com.ar\\\/#website\",\"url\":\"https:\\\/\\\/informelitoral.com.ar\\\/\",\"name\":\"Informe Litoral\",\"description\":\"&quot;Nos informamos&quot; \",\"publisher\":{\"@id\":\"https:\\\/\\\/informelitoral.com.ar\\\/#organization\"},\"potentialAction\":[{\"@type\":\"SearchAction\",\"target\":{\"@type\":\"EntryPoint\",\"urlTemplate\":\"https:\\\/\\\/informelitoral.com.ar\\\/?s={search_term_string}\"},\"query-input\":{\"@type\":\"PropertyValueSpecification\",\"valueRequired\":true,\"valueName\":\"search_term_string\"}}],\"inLanguage\":\"es\"},{\"@type\":\"Organization\",\"@id\":\"https:\\\/\\\/informelitoral.com.ar\\\/#organization\",\"name\":\"Informe Litoral\",\"url\":\"https:\\\/\\\/informelitoral.com.ar\\\/\",\"logo\":{\"@type\":\"ImageObject\",\"inLanguage\":\"es\",\"@id\":\"https:\\\/\\\/informelitoral.com.ar\\\/#\\\/schema\\\/logo\\\/image\\\/\",\"url\":\"https:\\\/\\\/informelitoral.com.ar\\\/%77%70%2d%63%6f%6e%74%65%6e%74\\\/uploads\\\/2021\\\/01\\\/circulo.png\",\"contentUrl\":\"https:\\\/\\\/informelitoral.com.ar\\\/%77%70%2d%63%6f%6e%74%65%6e%74\\\/uploads\\\/2021\\\/01\\\/circulo.png\",\"width\":723,\"height\":731,\"caption\":\"Informe Litoral\"},\"image\":{\"@id\":\"https:\\\/\\\/informelitoral.com.ar\\\/#\\\/schema\\\/logo\\\/image\\\/\"},\"sameAs\":[\"https:\\\/\\\/www.facebook.com\\\/informelitoral\\\/\",\"https:\\\/\\\/x.com\\\/InformeLitoral\",\"https:\\\/\\\/www.instagram.com\\\/informelitoral\\\/\",\"https:\\\/\\\/www.youtube.com\\\/channel\\\/UCua4Qvz8Icb6MYqhoq9xLXw\"]},{\"@type\":\"Person\",\"@id\":\"https:\\\/\\\/informelitoral.com.ar\\\/#\\\/schema\\\/person\\\/f05f9f461677119578717524b127d6d5\",\"name\":\"Sebastian\",\"image\":{\"@type\":\"ImageObject\",\"inLanguage\":\"es\",\"@id\":\"https:\\\/\\\/secure.gravatar.com\\\/avatar\\\/b71bf7481d447dfb9583c7f2798e7cc64de6efb9067b74633ed8c31059a3bd82?s=96&d=mm&r=g\",\"url\":\"https:\\\/\\\/secure.gravatar.com\\\/avatar\\\/b71bf7481d447dfb9583c7f2798e7cc64de6efb9067b74633ed8c31059a3bd82?s=96&d=mm&r=g\",\"contentUrl\":\"https:\\\/\\\/secure.gravatar.com\\\/avatar\\\/b71bf7481d447dfb9583c7f2798e7cc64de6efb9067b74633ed8c31059a3bd82?s=96&d=mm&r=g\",\"caption\":\"Sebastian\"},\"url\":\"https:\\\/\\\/informelitoral.com.ar\\\/author\\\/sebastian\\\/\"}]}<\/script>","yoast_head_json":{"title":"ANSES: se agota el plazo final para presentar la Libreta AUH - Informe Litoral","robots":{"index":"index","follow":"follow","max-snippet":"max-snippet:-1","max-image-preview":"max-image-preview:large","max-video-preview":"max-video-preview:-1"},"canonical":"https:\/\/informelitoral.com.ar\/anses-se-agota-el-plazo-final-para-presentar-la-libreta-auh\/","og_locale":"es_ES","og_type":"article","og_title":"ANSES: se agota el plazo final para presentar la Libreta AUH - Informe Litoral","og_description":"El tr\u00e1mite es obligatorio para cobrar el 20% retenido de la Asignaci\u00f3n Universal por Hijo del a\u00f1o anterior. La falta de presentaci\u00f3n implica la p\u00e9rdida del monto acumulado.","og_url":"https:\/\/informelitoral.com.ar\/anses-se-agota-el-plazo-final-para-presentar-la-libreta-auh\/","og_site_name":"Informe Litoral","article_publisher":"https:\/\/www.facebook.com\/informelitoral\/","article_published_time":"2025-11-11T13:08:50+00:00","article_modified_time":"2025-11-12T00:21:57+00:00","og_image":[{"width":1200,"height":675,"url":"https:\/\/informelitoral.com.ar\/%77%70%2d%63%6f%6e%74%65%6e%74\/uploads\/2022\/03\/anses1200.jpg","type":"image\/jpeg"}],"author":"Sebastian","twitter_card":"summary_large_image","twitter_creator":"@InformeLitoral","twitter_site":"@InformeLitoral","twitter_misc":{"Escrito por":"Sebastian","Tiempo de lectura":"2 minutos"},"schema":{"@context":"https:\/\/schema.org","@graph":[{"@type":"Article","@id":"https:\/\/informelitoral.com.ar\/anses-se-agota-el-plazo-final-para-presentar-la-libreta-auh\/#article","isPartOf":{"@id":"https:\/\/informelitoral.com.ar\/anses-se-agota-el-plazo-final-para-presentar-la-libreta-auh\/"},"author":{"name":"Sebastian","@id":"https:\/\/informelitoral.com.ar\/#\/schema\/person\/f05f9f461677119578717524b127d6d5"},"headline":"ANSES: se agota el plazo final para presentar la Libreta AUH","datePublished":"2025-11-11T13:08:50+00:00","dateModified":"2025-11-12T00:21:57+00:00","mainEntityOfPage":{"@id":"https:\/\/informelitoral.com.ar\/anses-se-agota-el-plazo-final-para-presentar-la-libreta-auh\/"},"wordCount":214,"commentCount":0,"publisher":{"@id":"https:\/\/informelitoral.com.ar\/#organization"},"image":{"@id":"https:\/\/informelitoral.com.ar\/anses-se-agota-el-plazo-final-para-presentar-la-libreta-auh\/#primaryimage"},"thumbnailUrl":"https:\/\/informelitoral.com.ar\/%77%70%2d%63%6f%6e%74%65%6e%74\/uploads\/2022\/03\/anses1200.jpg","keywords":["Anses","AUH","Libreta"],"articleSection":["Econom\u00eda"],"inLanguage":"es","potentialAction":[{"@type":"CommentAction","name":"Comment","target":["https:\/\/informelitoral.com.ar\/anses-se-agota-el-plazo-final-para-presentar-la-libreta-auh\/#respond"]}]},{"@type":"WebPage","@id":"https:\/\/informelitoral.com.ar\/anses-se-agota-el-plazo-final-para-presentar-la-libreta-auh\/","url":"https:\/\/informelitoral.com.ar\/anses-se-agota-el-plazo-final-para-presentar-la-libreta-auh\/","name":"ANSES: se agota el plazo final para presentar la Libreta AUH - Informe Litoral","isPartOf":{"@id":"https:\/\/informelitoral.com.ar\/#website"},"primaryImageOfPage":{"@id":"https:\/\/informelitoral.com.ar\/anses-se-agota-el-plazo-final-para-presentar-la-libreta-auh\/#primaryimage"},"image":{"@id":"https:\/\/informelitoral.com.ar\/anses-se-agota-el-plazo-final-para-presentar-la-libreta-auh\/#primaryimage"},"thumbnailUrl":"https:\/\/informelitoral.com.ar\/%77%70%2d%63%6f%6e%74%65%6e%74\/uploads\/2022\/03\/anses1200.jpg","datePublished":"2025-11-11T13:08:50+00:00","dateModified":"2025-11-12T00:21:57+00:00","breadcrumb":{"@id":"https:\/\/informelitoral.com.ar\/anses-se-agota-el-plazo-final-para-presentar-la-libreta-auh\/#breadcrumb"},"inLanguage":"es","potentialAction":[{"@type":"ReadAction","target":["https:\/\/informelitoral.com.ar\/anses-se-agota-el-plazo-final-para-presentar-la-libreta-auh\/"]}]},{"@type":"ImageObject","inLanguage":"es","@id":"https:\/\/informelitoral.com.ar\/anses-se-agota-el-plazo-final-para-presentar-la-libreta-auh\/#primaryimage","url":"https:\/\/informelitoral.com.ar\/%77%70%2d%63%6f%6e%74%65%6e%74\/uploads\/2022\/03\/anses1200.jpg","contentUrl":"https:\/\/informelitoral.com.ar\/%77%70%2d%63%6f%6e%74%65%6e%74\/uploads\/2022\/03\/anses1200.jpg","width":1200,"height":675},{"@type":"BreadcrumbList","@id":"https:\/\/informelitoral.com.ar\/anses-se-agota-el-plazo-final-para-presentar-la-libreta-auh\/#breadcrumb","itemListElement":[{"@type":"ListItem","position":1,"name":"Portada","item":"https:\/\/informelitoral.com.ar\/"},{"@type":"ListItem","position":2,"name":"ANSES: se agota el plazo final para presentar la Libreta AUH"}]},{"@type":"WebSite","@id":"https:\/\/informelitoral.com.ar\/#website","url":"https:\/\/informelitoral.com.ar\/","name":"Informe Litoral","description":"&quot;Nos informamos&quot; ","publisher":{"@id":"https:\/\/informelitoral.com.ar\/#organization"},"potentialAction":[{"@type":"SearchAction","target":{"@type":"EntryPoint","urlTemplate":"https:\/\/informelitoral.com.ar\/?s={search_term_string}"},"query-input":{"@type":"PropertyValueSpecification","valueRequired":true,"valueName":"search_term_string"}}],"inLanguage":"es"},{"@type":"Organization","@id":"https:\/\/informelitoral.com.ar\/#organization","name":"Informe Litoral","url":"https:\/\/informelitoral.com.ar\/","logo":{"@type":"ImageObject","inLanguage":"es","@id":"https:\/\/informelitoral.com.ar\/#\/schema\/logo\/image\/","url":"https:\/\/informelitoral.com.ar\/%77%70%2d%63%6f%6e%74%65%6e%74\/uploads\/2021\/01\/circulo.png","contentUrl":"https:\/\/informelitoral.com.ar\/%77%70%2d%63%6f%6e%74%65%6e%74\/uploads\/2021\/01\/circulo.png","width":723,"height":731,"caption":"Informe Litoral"},"image":{"@id":"https:\/\/informelitoral.com.ar\/#\/schema\/logo\/image\/"},"sameAs":["https:\/\/www.facebook.com\/informelitoral\/","https:\/\/x.com\/InformeLitoral","https:\/\/www.instagram.com\/informelitoral\/","https:\/\/www.youtube.com\/channel\/UCua4Qvz8Icb6MYqhoq9xLXw"]},{"@type":"Person","@id":"https:\/\/informelitoral.com.ar\/#\/schema\/person\/f05f9f461677119578717524b127d6d5","name":"Sebastian","image":{"@type":"ImageObject","inLanguage":"es","@id":"https:\/\/secure.gravatar.com\/avatar\/b71bf7481d447dfb9583c7f2798e7cc64de6efb9067b74633ed8c31059a3bd82?s=96&d=mm&r=g","url":"https:\/\/secure.gravatar.com\/avatar\/b71bf7481d447dfb9583c7f2798e7cc64de6efb9067b74633ed8c31059a3bd82?s=96&d=mm&r=g","contentUrl":"https:\/\/secure.gravatar.com\/avatar\/b71bf7481d447dfb9583c7f2798e7cc64de6efb9067b74633ed8c31059a3bd82?s=96&d=mm&r=g","caption":"Sebastian"},"url":"https:\/\/informelitoral.com.ar\/author\/sebastian\/"}]}},"_links":{"self":[{"href":"https:\/\/informelitoral.com.ar\/%77%70%2d%6a%73%6f%6e\/wp\/v2\/posts\/240201","targetHints":{"allow":["GET"]}}],"collection":[{"href":"https:\/\/informelitoral.com.ar\/%77%70%2d%6a%73%6f%6e\/wp\/v2\/posts"}],"about":[{"href":"https:\/\/informelitoral.com.ar\/%77%70%2d%6a%73%6f%6e\/wp\/v2\/types\/post"}],"author":[{"embeddable":true,"href":"https:\/\/informelitoral.com.ar\/%77%70%2d%6a%73%6f%6e\/wp\/v2\/users\/8"}],"replies":[{"embeddable":true,"href":"https:\/\/informelitoral.com.ar\/%77%70%2d%6a%73%6f%6e\/wp\/v2\/comments?post=240201"}],"version-history":[{"count":2,"href":"https:\/\/informelitoral.com.ar\/%77%70%2d%6a%73%6f%6e\/wp\/v2\/posts\/240201\/revisions"}],"predecessor-version":[{"id":240259,"href":"https:\/\/informelitoral.com.ar\/%77%70%2d%6a%73%6f%6e\/wp\/v2\/posts\/240201\/revisions\/240259"}],"wp:featuredmedia":[{"embeddable":true,"href":"https:\/\/informelitoral.com.ar\/%77%70%2d%6a%73%6f%6e\/wp\/v2\/media\/72746"}],"wp:attachment":[{"href":"https:\/\/informelitoral.com.ar\/%77%70%2d%6a%73%6f%6e\/wp\/v2\/media?parent=240201"}],"wp:term":[{"taxonomy":"category","embeddable":true,"href":"https:\/\/informelitoral.com.ar\/%77%70%2d%6a%73%6f%6e\/wp\/v2\/categories?post=240201"},{"taxonomy":"post_tag","embeddable":true,"href":"https:\/\/informelitoral.com.ar\/%77%70%2d%6a%73%6f%6e\/wp\/v2\/tags?post=240201"}],"curies":[{"name":"wp","href":"https:\/\/api.w.org\/{rel}","templated":true}]}}