{"id":2401,"date":"2013-07-08T19:52:40","date_gmt":"2013-07-08T22:52:40","guid":{"rendered":"http:\/\/www.isletasnoticias.com.ar\/?p=2401"},"modified":"2013-07-08T19:56:57","modified_gmt":"2013-07-08T22:56:57","slug":"ramirez-ex-candidato-a-intendente-corta-adobes-en-su-obra","status":"publish","type":"post","link":"https:\/\/informelitoral.com.ar\/ramirez-ex-candidato-a-intendente-corta-adobes-en-su-obra\/","title":{"rendered":"Ram\u00edrez: Ex candidato a intendente corta adobes en su obra"},"content":{"rendered":"<p><strong><em>Claudio Mantovani<\/em> fue candidato a Intendente de General Ram\u00edrez por el FEF en las elecciones de 2011. El dirigente comparti\u00f3 im\u00e1genes donde se lo ve cortando adobes en su obra de ladrillos.<\/strong><\/p>\n<p style=\"text-align: center;\"><img loading=\"lazy\" decoding=\"async\" class=\"size-medium wp-image-2402 aligncenter\" title=\"En la imagen se lo ve a Mantovani cortando adobes \" alt=\"mantovani\" src=\"http:\/\/www.isletasnoticias.com.ar\/%77%70%2d%63%6f%6e%74%65%6e%74\/uploads\/2013\/07\/mantovani-300x225.jpg\" width=\"300\" height=\"225\" srcset=\"https:\/\/informelitoral.com.ar\/%77%70%2d%63%6f%6e%74%65%6e%74\/uploads\/2013\/07\/mantovani-300x225.jpg 300w, https:\/\/informelitoral.com.ar\/%77%70%2d%63%6f%6e%74%65%6e%74\/uploads\/2013\/07\/mantovani.jpg 320w\" sizes=\"auto, (max-width: 300px) 100vw, 300px\" \/><\/p>\n<p>\u00a0 El ramirense <strong>Claudio Mantovani, <\/strong>adem\u00e1s de trabajar en el Hospital \u00abNuestra Se\u00f1ora del Luj\u00e1n\u00bb de Ram\u00edrez, fue candidato a intendente en las \u00faltimas elecciones por el Frente Entrerriano Federal, que llevaba como postulante a gobernador a <strong>Jorge Pedro Busti<\/strong>.<\/p>\n<p>Ahora, adem\u00e1s de seguir siendo el referente del bustismo en dicha ciudad, tambi\u00e9n le volvi\u00f3 a \u00a0dedicar un tiempo al trabajo en una obra de ladrillos, aprovechando que se encuentra de vacaciones. El emprendimiento familiar est\u00e1 ubicado al costado de un camino de ripio a Isletas, en las afueras de la ciudad.<\/p>\n<p>El propio Mantovani subi\u00f3 fotos a su cuenta de Facebook, donde se lo ve junto a otros empleados en la obra, comentando: \u00ab876. Es el n\u00famero de adobes que corte en 6 horas y media despu\u00e9s de 25 a\u00f1os que no cortaba\u00bb. Reconoci\u00f3 el dirigente.<\/p>\n<p>Luego public\u00f3 en la misma red social: \u00abRompiendo mi propio r\u00e9cord: 820 adobes en 3 horas y media,&#8230; pero con el mejor barrero: mi hijo Juan, junto a Zorrito Negro y el Pipie, descanso con mate y crepl. Y para completarla apilamos mil adobes. No hay frio que nos pare!!! Que vacaciones che!!!\u00bb Se content\u00f3 el dirigente.<\/p>\n<p style=\"text-align: left;\">Mantovani, es ahora el referente en Ram\u00edrez y la zona, de \u00abUni\u00f3n por Entre R\u00edos\u00bb el frente que lleva como candidato a senador al ex dirigente agropecuario<strong> Alfredo De Angeli, <\/strong>mientras que\u00a0la lista de diputados es encabezada por <strong>Cristina Cremer<\/strong>, esposa del ex gobernador Jorge Busti.<\/p>\n","protected":false},"excerpt":{"rendered":"<p>Claudio Mantovani fue candidato a Intendente de General Ram&iacute;rez por el FEF en las elecciones de 2011. El dirigente comparti&oacute; im&aacute;genes donde se lo ve cortando adobes en su obra de ladrillos. &nbsp; El ramirense Claudio Mantovani, adem&aacute;s de trabajar en el Hospital &laquo;Nuestra Se&ntilde;ora del Luj&aacute;n&raquo; de Ram&iacute;rez, fue candidato a intendente en las [&hellip;]<\/p>\n","protected":false},"author":2,"featured_media":0,"comment_status":"open","ping_status":"open","sticky":false,"template":"","format":"standard","meta":{"fifu_image_url":"","fifu_image_alt":"","footnotes":""},"categories":[5,16],"tags":[],"class_list":{"0":"post-2401","1":"post","2":"type-post","3":"status-publish","4":"format-standard","6":"category-zonales","7":"category-politi"},"yoast_head":"<title>Ram\u00edrez: Ex candidato a intendente corta adobes en su obra - Informe Litoral<\/title>\n<meta name=\"robots\" content=\"index, follow, max-snippet:-1, max-image-preview:large, max-video-preview:-1\" \/>\n<link rel=\"canonical\" href=\"https:\/\/informelitoral.com.ar\/ramirez-ex-candidato-a-intendente-corta-adobes-en-su-obra\/\" \/>\n<meta property=\"og:locale\" content=\"es_ES\" \/>\n<meta property=\"og:type\" content=\"article\" \/>\n<meta property=\"og:title\" content=\"Ram\u00edrez: Ex candidato a intendente corta adobes en su obra - Informe Litoral\" \/>\n<meta property=\"og:description\" content=\"Claudio Mantovani fue candidato a Intendente de General Ram&iacute;rez por el FEF en las elecciones de 2011. El dirigente comparti&oacute; im&aacute;genes donde se lo ve cortando adobes en su obra de ladrillos. &nbsp; El ramirense Claudio Mantovani, adem&aacute;s de trabajar en el Hospital &laquo;Nuestra Se&ntilde;ora del Luj&aacute;n&raquo; de Ram&iacute;rez, fue candidato a intendente en las [&hellip;]\" \/>\n<meta property=\"og:url\" content=\"https:\/\/informelitoral.com.ar\/ramirez-ex-candidato-a-intendente-corta-adobes-en-su-obra\/\" \/>\n<meta property=\"og:site_name\" content=\"Informe Litoral\" \/>\n<meta property=\"article:publisher\" content=\"https:\/\/www.facebook.com\/informelitoral\/\" \/>\n<meta property=\"article:published_time\" content=\"2013-07-08T22:52:40+00:00\" \/>\n<meta property=\"article:modified_time\" content=\"2013-07-08T22:56:57+00:00\" \/>\n<meta property=\"og:image\" content=\"https:\/\/informelitoral.com.ar\/%77%70%2d%63%6f%6e%74%65%6e%74\/uploads\/2013\/07\/mantovani.jpg\" \/>\n\t<meta property=\"og:image:width\" content=\"320\" \/>\n\t<meta property=\"og:image:height\" content=\"240\" \/>\n\t<meta property=\"og:image:type\" content=\"image\/jpeg\" \/>\n<meta name=\"author\" content=\"Gonzalo Schmidt\" \/>\n<meta name=\"twitter:card\" content=\"summary_large_image\" \/>\n<meta name=\"twitter:creator\" content=\"@InformeLitoral\" \/>\n<meta name=\"twitter:site\" content=\"@InformeLitoral\" \/>\n<meta name=\"twitter:label1\" content=\"Escrito por\" \/>\n\t<meta name=\"twitter:data1\" content=\"Gonzalo Schmidt\" \/>\n\t<meta name=\"twitter:label2\" content=\"Tiempo de lectura\" \/>\n\t<meta name=\"twitter:data2\" content=\"1 minuto\" \/>\n<script type=\"application\/ld+json\" class=\"yoast-schema-graph\">{\"@context\":\"https:\\\/\\\/schema.org\",\"@graph\":[{\"@type\":\"Article\",\"@id\":\"https:\\\/\\\/informelitoral.com.ar\\\/ramirez-ex-candidato-a-intendente-corta-adobes-en-su-obra\\\/#article\",\"isPartOf\":{\"@id\":\"https:\\\/\\\/informelitoral.com.ar\\\/ramirez-ex-candidato-a-intendente-corta-adobes-en-su-obra\\\/\"},\"author\":{\"name\":\"Gonzalo Schmidt\",\"@id\":\"https:\\\/\\\/informelitoral.com.ar\\\/#\\\/schema\\\/person\\\/b9d00407c836482871ef1d57bf8e3180\"},\"headline\":\"Ram\u00edrez: Ex candidato a intendente corta adobes en su obra\",\"datePublished\":\"2013-07-08T22:52:40+00:00\",\"dateModified\":\"2013-07-08T22:56:57+00:00\",\"mainEntityOfPage\":{\"@id\":\"https:\\\/\\\/informelitoral.com.ar\\\/ramirez-ex-candidato-a-intendente-corta-adobes-en-su-obra\\\/\"},\"wordCount\":292,\"commentCount\":0,\"publisher\":{\"@id\":\"https:\\\/\\\/informelitoral.com.ar\\\/#organization\"},\"image\":{\"@id\":\"https:\\\/\\\/informelitoral.com.ar\\\/ramirez-ex-candidato-a-intendente-corta-adobes-en-su-obra\\\/#primaryimage\"},\"thumbnailUrl\":\"http:\\\/\\\/www.isletasnoticias.com.ar\\\/%77%70%2d%63%6f%6e%74%65%6e%74\\\/uploads\\\/2013\\\/07\\\/mantovani-300x225.jpg\",\"articleSection\":[\"Departamento Diamante\",\"Politica\"],\"inLanguage\":\"es\",\"potentialAction\":[{\"@type\":\"CommentAction\",\"name\":\"Comment\",\"target\":[\"https:\\\/\\\/informelitoral.com.ar\\\/ramirez-ex-candidato-a-intendente-corta-adobes-en-su-obra\\\/#respond\"]}]},{\"@type\":\"WebPage\",\"@id\":\"https:\\\/\\\/informelitoral.com.ar\\\/ramirez-ex-candidato-a-intendente-corta-adobes-en-su-obra\\\/\",\"url\":\"https:\\\/\\\/informelitoral.com.ar\\\/ramirez-ex-candidato-a-intendente-corta-adobes-en-su-obra\\\/\",\"name\":\"Ram\u00edrez: Ex candidato a intendente corta adobes en su obra - Informe Litoral\",\"isPartOf\":{\"@id\":\"https:\\\/\\\/informelitoral.com.ar\\\/#website\"},\"primaryImageOfPage\":{\"@id\":\"https:\\\/\\\/informelitoral.com.ar\\\/ramirez-ex-candidato-a-intendente-corta-adobes-en-su-obra\\\/#primaryimage\"},\"image\":{\"@id\":\"https:\\\/\\\/informelitoral.com.ar\\\/ramirez-ex-candidato-a-intendente-corta-adobes-en-su-obra\\\/#primaryimage\"},\"thumbnailUrl\":\"http:\\\/\\\/www.isletasnoticias.com.ar\\\/%77%70%2d%63%6f%6e%74%65%6e%74\\\/uploads\\\/2013\\\/07\\\/mantovani-300x225.jpg\",\"datePublished\":\"2013-07-08T22:52:40+00:00\",\"dateModified\":\"2013-07-08T22:56:57+00:00\",\"breadcrumb\":{\"@id\":\"https:\\\/\\\/informelitoral.com.ar\\\/ramirez-ex-candidato-a-intendente-corta-adobes-en-su-obra\\\/#breadcrumb\"},\"inLanguage\":\"es\",\"potentialAction\":[{\"@type\":\"ReadAction\",\"target\":[\"https:\\\/\\\/informelitoral.com.ar\\\/ramirez-ex-candidato-a-intendente-corta-adobes-en-su-obra\\\/\"]}]},{\"@type\":\"ImageObject\",\"inLanguage\":\"es\",\"@id\":\"https:\\\/\\\/informelitoral.com.ar\\\/ramirez-ex-candidato-a-intendente-corta-adobes-en-su-obra\\\/#primaryimage\",\"url\":\"http:\\\/\\\/www.isletasnoticias.com.ar\\\/%77%70%2d%63%6f%6e%74%65%6e%74\\\/uploads\\\/2013\\\/07\\\/mantovani-300x225.jpg\",\"contentUrl\":\"http:\\\/\\\/www.isletasnoticias.com.ar\\\/%77%70%2d%63%6f%6e%74%65%6e%74\\\/uploads\\\/2013\\\/07\\\/mantovani-300x225.jpg\"},{\"@type\":\"BreadcrumbList\",\"@id\":\"https:\\\/\\\/informelitoral.com.ar\\\/ramirez-ex-candidato-a-intendente-corta-adobes-en-su-obra\\\/#breadcrumb\",\"itemListElement\":[{\"@type\":\"ListItem\",\"position\":1,\"name\":\"Portada\",\"item\":\"https:\\\/\\\/informelitoral.com.ar\\\/\"},{\"@type\":\"ListItem\",\"position\":2,\"name\":\"Ram\u00edrez: Ex candidato a intendente corta adobes en su obra\"}]},{\"@type\":\"WebSite\",\"@id\":\"https:\\\/\\\/informelitoral.com.ar\\\/#website\",\"url\":\"https:\\\/\\\/informelitoral.com.ar\\\/\",\"name\":\"Informe Litoral\",\"description\":\"&quot;Nos informamos&quot; \",\"publisher\":{\"@id\":\"https:\\\/\\\/informelitoral.com.ar\\\/#organization\"},\"potentialAction\":[{\"@type\":\"SearchAction\",\"target\":{\"@type\":\"EntryPoint\",\"urlTemplate\":\"https:\\\/\\\/informelitoral.com.ar\\\/?s={search_term_string}\"},\"query-input\":{\"@type\":\"PropertyValueSpecification\",\"valueRequired\":true,\"valueName\":\"search_term_string\"}}],\"inLanguage\":\"es\"},{\"@type\":\"Organization\",\"@id\":\"https:\\\/\\\/informelitoral.com.ar\\\/#organization\",\"name\":\"Informe Litoral\",\"url\":\"https:\\\/\\\/informelitoral.com.ar\\\/\",\"logo\":{\"@type\":\"ImageObject\",\"inLanguage\":\"es\",\"@id\":\"https:\\\/\\\/informelitoral.com.ar\\\/#\\\/schema\\\/logo\\\/image\\\/\",\"url\":\"https:\\\/\\\/informelitoral.com.ar\\\/%77%70%2d%63%6f%6e%74%65%6e%74\\\/uploads\\\/2021\\\/01\\\/circulo.png\",\"contentUrl\":\"https:\\\/\\\/informelitoral.com.ar\\\/%77%70%2d%63%6f%6e%74%65%6e%74\\\/uploads\\\/2021\\\/01\\\/circulo.png\",\"width\":723,\"height\":731,\"caption\":\"Informe Litoral\"},\"image\":{\"@id\":\"https:\\\/\\\/informelitoral.com.ar\\\/#\\\/schema\\\/logo\\\/image\\\/\"},\"sameAs\":[\"https:\\\/\\\/www.facebook.com\\\/informelitoral\\\/\",\"https:\\\/\\\/x.com\\\/InformeLitoral\",\"https:\\\/\\\/www.instagram.com\\\/informelitoral\\\/\",\"https:\\\/\\\/www.youtube.com\\\/channel\\\/UCua4Qvz8Icb6MYqhoq9xLXw\"]},{\"@type\":\"Person\",\"@id\":\"https:\\\/\\\/informelitoral.com.ar\\\/#\\\/schema\\\/person\\\/b9d00407c836482871ef1d57bf8e3180\",\"name\":\"Gonzalo Schmidt\",\"image\":{\"@type\":\"ImageObject\",\"inLanguage\":\"es\",\"@id\":\"https:\\\/\\\/secure.gravatar.com\\\/avatar\\\/31a1a7b66ff2de83bd0e9fd79d026630d2d99e55e8bfe501287647b4fd9743de?s=96&d=mm&r=g\",\"url\":\"https:\\\/\\\/secure.gravatar.com\\\/avatar\\\/31a1a7b66ff2de83bd0e9fd79d026630d2d99e55e8bfe501287647b4fd9743de?s=96&d=mm&r=g\",\"contentUrl\":\"https:\\\/\\\/secure.gravatar.com\\\/avatar\\\/31a1a7b66ff2de83bd0e9fd79d026630d2d99e55e8bfe501287647b4fd9743de?s=96&d=mm&r=g\",\"caption\":\"Gonzalo Schmidt\"},\"description\":\"Sitio web de noticias de la provincia de Entre R\u00edos, Argentina. Informaci\u00f3n y entretenimiento. Informe Litoral, nos informamos.\",\"sameAs\":[\"http:\\\/\\\/www.isletasnoticias.com.ar\"],\"url\":\"https:\\\/\\\/informelitoral.com.ar\\\/author\\\/gonzalo\\\/\"}]}<\/script>","yoast_head_json":{"title":"Ram\u00edrez: Ex candidato a intendente corta adobes en su obra - Informe Litoral","robots":{"index":"index","follow":"follow","max-snippet":"max-snippet:-1","max-image-preview":"max-image-preview:large","max-video-preview":"max-video-preview:-1"},"canonical":"https:\/\/informelitoral.com.ar\/ramirez-ex-candidato-a-intendente-corta-adobes-en-su-obra\/","og_locale":"es_ES","og_type":"article","og_title":"Ram\u00edrez: Ex candidato a intendente corta adobes en su obra - Informe Litoral","og_description":"Claudio Mantovani fue candidato a Intendente de General Ram&iacute;rez por el FEF en las elecciones de 2011. El dirigente comparti&oacute; im&aacute;genes donde se lo ve cortando adobes en su obra de ladrillos. &nbsp; El ramirense Claudio Mantovani, adem&aacute;s de trabajar en el Hospital &laquo;Nuestra Se&ntilde;ora del Luj&aacute;n&raquo; de Ram&iacute;rez, fue candidato a intendente en las [&hellip;]","og_url":"https:\/\/informelitoral.com.ar\/ramirez-ex-candidato-a-intendente-corta-adobes-en-su-obra\/","og_site_name":"Informe Litoral","article_publisher":"https:\/\/www.facebook.com\/informelitoral\/","article_published_time":"2013-07-08T22:52:40+00:00","article_modified_time":"2013-07-08T22:56:57+00:00","og_image":[{"width":320,"height":240,"url":"https:\/\/informelitoral.com.ar\/%77%70%2d%63%6f%6e%74%65%6e%74\/uploads\/2013\/07\/mantovani.jpg","type":"image\/jpeg"}],"author":"Gonzalo Schmidt","twitter_card":"summary_large_image","twitter_creator":"@InformeLitoral","twitter_site":"@InformeLitoral","twitter_misc":{"Escrito por":"Gonzalo Schmidt","Tiempo de lectura":"1 minuto"},"schema":{"@context":"https:\/\/schema.org","@graph":[{"@type":"Article","@id":"https:\/\/informelitoral.com.ar\/ramirez-ex-candidato-a-intendente-corta-adobes-en-su-obra\/#article","isPartOf":{"@id":"https:\/\/informelitoral.com.ar\/ramirez-ex-candidato-a-intendente-corta-adobes-en-su-obra\/"},"author":{"name":"Gonzalo Schmidt","@id":"https:\/\/informelitoral.com.ar\/#\/schema\/person\/b9d00407c836482871ef1d57bf8e3180"},"headline":"Ram\u00edrez: Ex candidato a intendente corta adobes en su obra","datePublished":"2013-07-08T22:52:40+00:00","dateModified":"2013-07-08T22:56:57+00:00","mainEntityOfPage":{"@id":"https:\/\/informelitoral.com.ar\/ramirez-ex-candidato-a-intendente-corta-adobes-en-su-obra\/"},"wordCount":292,"commentCount":0,"publisher":{"@id":"https:\/\/informelitoral.com.ar\/#organization"},"image":{"@id":"https:\/\/informelitoral.com.ar\/ramirez-ex-candidato-a-intendente-corta-adobes-en-su-obra\/#primaryimage"},"thumbnailUrl":"http:\/\/www.isletasnoticias.com.ar\/%77%70%2d%63%6f%6e%74%65%6e%74\/uploads\/2013\/07\/mantovani-300x225.jpg","articleSection":["Departamento Diamante","Politica"],"inLanguage":"es","potentialAction":[{"@type":"CommentAction","name":"Comment","target":["https:\/\/informelitoral.com.ar\/ramirez-ex-candidato-a-intendente-corta-adobes-en-su-obra\/#respond"]}]},{"@type":"WebPage","@id":"https:\/\/informelitoral.com.ar\/ramirez-ex-candidato-a-intendente-corta-adobes-en-su-obra\/","url":"https:\/\/informelitoral.com.ar\/ramirez-ex-candidato-a-intendente-corta-adobes-en-su-obra\/","name":"Ram\u00edrez: Ex candidato a intendente corta adobes en su obra - Informe Litoral","isPartOf":{"@id":"https:\/\/informelitoral.com.ar\/#website"},"primaryImageOfPage":{"@id":"https:\/\/informelitoral.com.ar\/ramirez-ex-candidato-a-intendente-corta-adobes-en-su-obra\/#primaryimage"},"image":{"@id":"https:\/\/informelitoral.com.ar\/ramirez-ex-candidato-a-intendente-corta-adobes-en-su-obra\/#primaryimage"},"thumbnailUrl":"http:\/\/www.isletasnoticias.com.ar\/%77%70%2d%63%6f%6e%74%65%6e%74\/uploads\/2013\/07\/mantovani-300x225.jpg","datePublished":"2013-07-08T22:52:40+00:00","dateModified":"2013-07-08T22:56:57+00:00","breadcrumb":{"@id":"https:\/\/informelitoral.com.ar\/ramirez-ex-candidato-a-intendente-corta-adobes-en-su-obra\/#breadcrumb"},"inLanguage":"es","potentialAction":[{"@type":"ReadAction","target":["https:\/\/informelitoral.com.ar\/ramirez-ex-candidato-a-intendente-corta-adobes-en-su-obra\/"]}]},{"@type":"ImageObject","inLanguage":"es","@id":"https:\/\/informelitoral.com.ar\/ramirez-ex-candidato-a-intendente-corta-adobes-en-su-obra\/#primaryimage","url":"http:\/\/www.isletasnoticias.com.ar\/%77%70%2d%63%6f%6e%74%65%6e%74\/uploads\/2013\/07\/mantovani-300x225.jpg","contentUrl":"http:\/\/www.isletasnoticias.com.ar\/%77%70%2d%63%6f%6e%74%65%6e%74\/uploads\/2013\/07\/mantovani-300x225.jpg"},{"@type":"BreadcrumbList","@id":"https:\/\/informelitoral.com.ar\/ramirez-ex-candidato-a-intendente-corta-adobes-en-su-obra\/#breadcrumb","itemListElement":[{"@type":"ListItem","position":1,"name":"Portada","item":"https:\/\/informelitoral.com.ar\/"},{"@type":"ListItem","position":2,"name":"Ram\u00edrez: Ex candidato a intendente corta adobes en su obra"}]},{"@type":"WebSite","@id":"https:\/\/informelitoral.com.ar\/#website","url":"https:\/\/informelitoral.com.ar\/","name":"Informe Litoral","description":"&quot;Nos informamos&quot; ","publisher":{"@id":"https:\/\/informelitoral.com.ar\/#organization"},"potentialAction":[{"@type":"SearchAction","target":{"@type":"EntryPoint","urlTemplate":"https:\/\/informelitoral.com.ar\/?s={search_term_string}"},"query-input":{"@type":"PropertyValueSpecification","valueRequired":true,"valueName":"search_term_string"}}],"inLanguage":"es"},{"@type":"Organization","@id":"https:\/\/informelitoral.com.ar\/#organization","name":"Informe Litoral","url":"https:\/\/informelitoral.com.ar\/","logo":{"@type":"ImageObject","inLanguage":"es","@id":"https:\/\/informelitoral.com.ar\/#\/schema\/logo\/image\/","url":"https:\/\/informelitoral.com.ar\/%77%70%2d%63%6f%6e%74%65%6e%74\/uploads\/2021\/01\/circulo.png","contentUrl":"https:\/\/informelitoral.com.ar\/%77%70%2d%63%6f%6e%74%65%6e%74\/uploads\/2021\/01\/circulo.png","width":723,"height":731,"caption":"Informe Litoral"},"image":{"@id":"https:\/\/informelitoral.com.ar\/#\/schema\/logo\/image\/"},"sameAs":["https:\/\/www.facebook.com\/informelitoral\/","https:\/\/x.com\/InformeLitoral","https:\/\/www.instagram.com\/informelitoral\/","https:\/\/www.youtube.com\/channel\/UCua4Qvz8Icb6MYqhoq9xLXw"]},{"@type":"Person","@id":"https:\/\/informelitoral.com.ar\/#\/schema\/person\/b9d00407c836482871ef1d57bf8e3180","name":"Gonzalo Schmidt","image":{"@type":"ImageObject","inLanguage":"es","@id":"https:\/\/secure.gravatar.com\/avatar\/31a1a7b66ff2de83bd0e9fd79d026630d2d99e55e8bfe501287647b4fd9743de?s=96&d=mm&r=g","url":"https:\/\/secure.gravatar.com\/avatar\/31a1a7b66ff2de83bd0e9fd79d026630d2d99e55e8bfe501287647b4fd9743de?s=96&d=mm&r=g","contentUrl":"https:\/\/secure.gravatar.com\/avatar\/31a1a7b66ff2de83bd0e9fd79d026630d2d99e55e8bfe501287647b4fd9743de?s=96&d=mm&r=g","caption":"Gonzalo Schmidt"},"description":"Sitio web de noticias de la provincia de Entre R\u00edos, Argentina. Informaci\u00f3n y entretenimiento. Informe Litoral, nos informamos.","sameAs":["http:\/\/www.isletasnoticias.com.ar"],"url":"https:\/\/informelitoral.com.ar\/author\/gonzalo\/"}]}},"_links":{"self":[{"href":"https:\/\/informelitoral.com.ar\/%77%70%2d%6a%73%6f%6e\/wp\/v2\/posts\/2401","targetHints":{"allow":["GET"]}}],"collection":[{"href":"https:\/\/informelitoral.com.ar\/%77%70%2d%6a%73%6f%6e\/wp\/v2\/posts"}],"about":[{"href":"https:\/\/informelitoral.com.ar\/%77%70%2d%6a%73%6f%6e\/wp\/v2\/types\/post"}],"author":[{"embeddable":true,"href":"https:\/\/informelitoral.com.ar\/%77%70%2d%6a%73%6f%6e\/wp\/v2\/users\/2"}],"replies":[{"embeddable":true,"href":"https:\/\/informelitoral.com.ar\/%77%70%2d%6a%73%6f%6e\/wp\/v2\/comments?post=2401"}],"version-history":[{"count":0,"href":"https:\/\/informelitoral.com.ar\/%77%70%2d%6a%73%6f%6e\/wp\/v2\/posts\/2401\/revisions"}],"wp:attachment":[{"href":"https:\/\/informelitoral.com.ar\/%77%70%2d%6a%73%6f%6e\/wp\/v2\/media?parent=2401"}],"wp:term":[{"taxonomy":"category","embeddable":true,"href":"https:\/\/informelitoral.com.ar\/%77%70%2d%6a%73%6f%6e\/wp\/v2\/categories?post=2401"},{"taxonomy":"post_tag","embeddable":true,"href":"https:\/\/informelitoral.com.ar\/%77%70%2d%6a%73%6f%6e\/wp\/v2\/tags?post=2401"}],"curies":[{"name":"wp","href":"https:\/\/api.w.org\/{rel}","templated":true}]}}