{"id":239997,"date":"2025-11-10T10:07:51","date_gmt":"2025-11-10T13:07:51","guid":{"rendered":"https:\/\/informelitoral.com.ar\/?p=239997"},"modified":"2025-11-10T10:13:42","modified_gmt":"2025-11-10T13:13:42","slug":"239997-2","status":"publish","type":"post","link":"https:\/\/informelitoral.com.ar\/239997-2\/","title":{"rendered":"Qu\u00e9 necesita River para clasificar a la Copa Libertadores 2026"},"content":{"rendered":"<p class=\"paragraph font__body-regular\"><b>River visit\u00f3 a Boca<\/b>\u00a0por la fecha 15 del\u00a0<b>Clausura 2025\u00a0<\/b>y sufri\u00f3 una derrota que lo complic\u00f3 en sus aspiraciones por cumplir su m\u00e1ximo objetivo del semestre: poder clasificarse a la\u00a0<b>Copa Libertadores 2026<\/b>. El Millonario viene participando del m\u00e1ximo torneo continental desde 2015 de forma ininterrumpida.<\/p>\n<p class=\"paragraph font__body-regular\">Con este resultado,\u00a0<b>el club de N\u00fa\u00f1ez se mantiene tercero en la tabla anual con 52 puntos<\/b>, en puestos de Repechaje para la pr\u00f3xima edici\u00f3n de la Libertadores. Sin embargo, apenas una unidad por debajo est\u00e1n\u00a0<b>Deportivo Riestra y Argentinos Juniors<\/b>, que todav\u00eda no jugaron sus respectivos compromisos de la actual jornada del campeonato.<\/p>\n<figure class=\"\" data-testid=\"figure-testid\">\n<div class=\"aspect_ratio__container\"><picture class=\"responsive-image\"><source srcset=\"https:\/\/tn.com.ar\/resizer\/v2\/boca-y-river-se-enfrentaron-en-la-bombonera-foto-reuters-XOEHJLZQ2RGH3AQW5VCUNJICXU.jpg?auth=dcd09fe481acdbf4e42e8e26cd63b01fd2af7298bf126f3fb72c255db74273dc&amp;width=767\" type=\"image\/jpg\" media=\"(max-width: 728px)\" \/><source srcset=\"https:\/\/tn.com.ar\/resizer\/v2\/boca-y-river-se-enfrentaron-en-la-bombonera-foto-reuters-XOEHJLZQ2RGH3AQW5VCUNJICXU.jpg?auth=dcd09fe481acdbf4e42e8e26cd63b01fd2af7298bf126f3fb72c255db74273dc&amp;width=1023\" type=\"image\/jpg\" media=\"(max-width: 1023px)\" \/><source srcset=\"https:\/\/tn.com.ar\/resizer\/v2\/boca-y-river-se-enfrentaron-en-la-bombonera-foto-reuters-XOEHJLZQ2RGH3AQW5VCUNJICXU.jpg?auth=dcd09fe481acdbf4e42e8e26cd63b01fd2af7298bf126f3fb72c255db74273dc&amp;width=1440\" type=\"image\/jpg\" \/><img loading=\"lazy\" decoding=\"async\" class=\"image content-image image_placeholder\" src=\"https:\/\/tn.com.ar\/resizer\/v2\/boca-y-river-se-enfrentaron-en-la-bombonera-foto-reuters-XOEHJLZQ2RGH3AQW5VCUNJICXU.jpg?auth=dcd09fe481acdbf4e42e8e26cd63b01fd2af7298bf126f3fb72c255db74273dc&amp;width=767\" alt=\"Boca y River se enfrentaron en la Bombonera (Foto: Reuters)\" width=\"767\" height=\"430\" data-testid=\"loading-testid\" \/><\/picture><\/div>\n<\/figure>\n<p class=\"paragraph font__body-regular\">El Malevo recibir\u00e1 a Independiente este lunes desde las 19, mientras que el Bicho har\u00e1 lo propio dos horas m\u00e1s tarde contra Belgrano. All\u00ed, el panorama tendr\u00e1 mayor claridad antes de disputarse la \u00faltima fecha de la fase regular del torneo.<\/p>\n<h6><em><strong>Del archivo: <a href=\"https:\/\/informelitoral.com.ar\/boca-le-gano-a-river-en-el-superclasico-y-se-clasifico-a-la-copa-libertadores-2026\/\" target=\"_blank\" rel=\"noopener\">Boca le gan\u00f3 a River en el Supercl\u00e1sico y se clasific\u00f3 a la Copa Libertadores 2026<\/a><\/strong><\/em><\/h6>\n<p class=\"paragraph font__body-regular\">Ante este escenario,\u00a0<b>River necesita sumar puntos contra V\u00e9lez y esperar a no ser superado por Deportivo Riestra y Argentinos Juniors\u00a0<\/b>en la jornada de cierre. Boca asegur\u00f3 el segundo puesto en la tabla anual, por lo que el Millonario solo puede aspirar al tercer lugar.<\/p>\n<p><img loading=\"lazy\" decoding=\"async\" class=\"\" src=\"https:\/\/www.infobae.com\/resizer\/v2\/HAOLPOT52JDFHETOHOQ2ISA7BE.JPG?auth=4ab4dffc08238c34153ac3e610f35afdc1f078fd409ae36dcf509d6a53076f72&amp;smart=true&amp;width=350&amp;height=246&amp;quality=85\" alt=\"Marcelo Gallardo no habl\u00f3 en\" width=\"661\" height=\"464\" \/><\/p>\n<p class=\"paragraph font__body-regular\">M\u00e1s all\u00e1 de esta situaci\u00f3n complicada, el Millonario podr\u00eda recibir ayuda de sus competidores:\u00a0<b>si Central o Boca salen campeones del Torneo Clausura liberar\u00e1n un cupo, por lo que entrar\u00eda a fase de grupos\u00a0<\/b>si se mantiene por detr\u00e1s de los clasificados. Al mismo tiempo,\u00a0<b>en caso de salir campe\u00f3n del torneo local, conseguir\u00e1 el pase directo<\/b>.(<em>TN<\/em>)<\/p>\n","protected":false},"excerpt":{"rendered":"<p>El Millonario cay\u00f3 ante Boca y ahora se juega la clasificaci\u00f3n en las \u00faltimas fechas, acechado por Deportivo Riestra y Argentinos Juniors en la Tabla Anual.<\/p>\n","protected":false},"author":8,"featured_media":239998,"comment_status":"open","ping_status":"open","sticky":false,"template":"","format":"standard","meta":{"fifu_image_url":"https:\/\/www.ole.com.ar\/images\/2025\/11\/09\/FnyA41n9S_1290x760__2.jpg#1762776889403","fifu_image_alt":"","footnotes":""},"categories":[13],"tags":[400,3528],"class_list":{"0":"post-239997","1":"post","2":"type-post","3":"status-publish","4":"format-standard","5":"has-post-thumbnail","7":"category-deportes","8":"tag-copa-libertadores","9":"tag-river-plate"},"yoast_head":"<title>Qu\u00e9 necesita River para clasificar a la Copa Libertadores 2026 - Informe Litoral<\/title>\n<meta name=\"robots\" content=\"index, follow, max-snippet:-1, max-image-preview:large, max-video-preview:-1\" \/>\n<link rel=\"canonical\" href=\"https:\/\/informelitoral.com.ar\/239997-2\/\" \/>\n<meta property=\"og:locale\" content=\"es_ES\" \/>\n<meta property=\"og:type\" content=\"article\" \/>\n<meta property=\"og:title\" content=\"Qu\u00e9 necesita River para clasificar a la Copa Libertadores 2026 - Informe Litoral\" \/>\n<meta property=\"og:description\" content=\"El Millonario cay\u00f3 ante Boca y ahora se juega la clasificaci\u00f3n en las \u00faltimas fechas, acechado por Deportivo Riestra y Argentinos Juniors en la Tabla Anual.\" \/>\n<meta property=\"og:url\" content=\"https:\/\/informelitoral.com.ar\/239997-2\/\" \/>\n<meta property=\"og:site_name\" content=\"Informe Litoral\" \/>\n<meta property=\"article:publisher\" content=\"https:\/\/www.facebook.com\/informelitoral\/\" \/>\n<meta property=\"article:published_time\" content=\"2025-11-10T13:07:51+00:00\" \/>\n<meta property=\"article:modified_time\" content=\"2025-11-10T13:13:42+00:00\" \/>\n<meta property=\"og:image\" content=\"https:\/\/www.ole.com.ar\/images\/2025\/11\/09\/FnyA41n9S_1290x760__2.jpg#1762776889403\" \/>\n<meta name=\"author\" content=\"Sebastian\" \/>\n<meta name=\"twitter:card\" content=\"summary_large_image\" \/>\n<meta name=\"twitter:image\" content=\"https:\/\/www.ole.com.ar\/images\/2025\/11\/09\/FnyA41n9S_1290x760__2.jpg#1762776889403\" \/>\n<meta name=\"twitter:creator\" content=\"@InformeLitoral\" \/>\n<meta name=\"twitter:site\" content=\"@InformeLitoral\" \/>\n<meta name=\"twitter:label1\" content=\"Escrito por\" \/>\n\t<meta name=\"twitter:data1\" content=\"Sebastian\" \/>\n\t<meta name=\"twitter:label2\" content=\"Tiempo de lectura\" \/>\n\t<meta name=\"twitter:data2\" content=\"2 minutos\" \/>\n<script type=\"application\/ld+json\" class=\"yoast-schema-graph\">{\"@context\":\"https:\\\/\\\/schema.org\",\"@graph\":[{\"@type\":\"Article\",\"@id\":\"https:\\\/\\\/informelitoral.com.ar\\\/239997-2\\\/#article\",\"isPartOf\":{\"@id\":\"https:\\\/\\\/informelitoral.com.ar\\\/239997-2\\\/\"},\"author\":{\"name\":\"Sebastian\",\"@id\":\"https:\\\/\\\/informelitoral.com.ar\\\/#\\\/schema\\\/person\\\/f05f9f461677119578717524b127d6d5\"},\"headline\":\"Qu\u00e9 necesita River para clasificar a la Copa Libertadores 2026\",\"datePublished\":\"2025-11-10T13:07:51+00:00\",\"dateModified\":\"2025-11-10T13:13:42+00:00\",\"mainEntityOfPage\":{\"@id\":\"https:\\\/\\\/informelitoral.com.ar\\\/239997-2\\\/\"},\"wordCount\":284,\"commentCount\":0,\"publisher\":{\"@id\":\"https:\\\/\\\/informelitoral.com.ar\\\/#organization\"},\"image\":{\"@id\":\"https:\\\/\\\/informelitoral.com.ar\\\/239997-2\\\/#primaryimage\"},\"thumbnailUrl\":\"https:\\\/\\\/www.ole.com.ar\\\/images\\\/2025\\\/11\\\/09\\\/FnyA41n9S_1290x760__2.jpg#1762776889403\",\"keywords\":[\"Copa Libertadores\",\"River Plate\"],\"articleSection\":[\"Deportes\"],\"inLanguage\":\"es\",\"potentialAction\":[{\"@type\":\"CommentAction\",\"name\":\"Comment\",\"target\":[\"https:\\\/\\\/informelitoral.com.ar\\\/239997-2\\\/#respond\"]}]},{\"@type\":\"WebPage\",\"@id\":\"https:\\\/\\\/informelitoral.com.ar\\\/239997-2\\\/\",\"url\":\"https:\\\/\\\/informelitoral.com.ar\\\/239997-2\\\/\",\"name\":\"Qu\u00e9 necesita River para clasificar a la Copa Libertadores 2026 - Informe Litoral\",\"isPartOf\":{\"@id\":\"https:\\\/\\\/informelitoral.com.ar\\\/#website\"},\"primaryImageOfPage\":{\"@id\":\"https:\\\/\\\/informelitoral.com.ar\\\/239997-2\\\/#primaryimage\"},\"image\":{\"@id\":\"https:\\\/\\\/informelitoral.com.ar\\\/239997-2\\\/#primaryimage\"},\"thumbnailUrl\":\"https:\\\/\\\/www.ole.com.ar\\\/images\\\/2025\\\/11\\\/09\\\/FnyA41n9S_1290x760__2.jpg#1762776889403\",\"datePublished\":\"2025-11-10T13:07:51+00:00\",\"dateModified\":\"2025-11-10T13:13:42+00:00\",\"breadcrumb\":{\"@id\":\"https:\\\/\\\/informelitoral.com.ar\\\/239997-2\\\/#breadcrumb\"},\"inLanguage\":\"es\",\"potentialAction\":[{\"@type\":\"ReadAction\",\"target\":[\"https:\\\/\\\/informelitoral.com.ar\\\/239997-2\\\/\"]}]},{\"@type\":\"ImageObject\",\"inLanguage\":\"es\",\"@id\":\"https:\\\/\\\/informelitoral.com.ar\\\/239997-2\\\/#primaryimage\",\"url\":\"https:\\\/\\\/www.ole.com.ar\\\/images\\\/2025\\\/11\\\/09\\\/FnyA41n9S_1290x760__2.jpg#1762776889403\",\"contentUrl\":\"https:\\\/\\\/www.ole.com.ar\\\/images\\\/2025\\\/11\\\/09\\\/FnyA41n9S_1290x760__2.jpg#1762776889403\",\"width\":\"1228\",\"height\":\"760\"},{\"@type\":\"BreadcrumbList\",\"@id\":\"https:\\\/\\\/informelitoral.com.ar\\\/239997-2\\\/#breadcrumb\",\"itemListElement\":[{\"@type\":\"ListItem\",\"position\":1,\"name\":\"Portada\",\"item\":\"https:\\\/\\\/informelitoral.com.ar\\\/\"},{\"@type\":\"ListItem\",\"position\":2,\"name\":\"Qu\u00e9 necesita River para clasificar a la Copa Libertadores 2026\"}]},{\"@type\":\"WebSite\",\"@id\":\"https:\\\/\\\/informelitoral.com.ar\\\/#website\",\"url\":\"https:\\\/\\\/informelitoral.com.ar\\\/\",\"name\":\"Informe Litoral\",\"description\":\"&quot;Nos informamos&quot; \",\"publisher\":{\"@id\":\"https:\\\/\\\/informelitoral.com.ar\\\/#organization\"},\"potentialAction\":[{\"@type\":\"SearchAction\",\"target\":{\"@type\":\"EntryPoint\",\"urlTemplate\":\"https:\\\/\\\/informelitoral.com.ar\\\/?s={search_term_string}\"},\"query-input\":{\"@type\":\"PropertyValueSpecification\",\"valueRequired\":true,\"valueName\":\"search_term_string\"}}],\"inLanguage\":\"es\"},{\"@type\":\"Organization\",\"@id\":\"https:\\\/\\\/informelitoral.com.ar\\\/#organization\",\"name\":\"Informe Litoral\",\"url\":\"https:\\\/\\\/informelitoral.com.ar\\\/\",\"logo\":{\"@type\":\"ImageObject\",\"inLanguage\":\"es\",\"@id\":\"https:\\\/\\\/informelitoral.com.ar\\\/#\\\/schema\\\/logo\\\/image\\\/\",\"url\":\"https:\\\/\\\/informelitoral.com.ar\\\/%77%70%2d%63%6f%6e%74%65%6e%74\\\/uploads\\\/2021\\\/01\\\/circulo.png\",\"contentUrl\":\"https:\\\/\\\/informelitoral.com.ar\\\/%77%70%2d%63%6f%6e%74%65%6e%74\\\/uploads\\\/2021\\\/01\\\/circulo.png\",\"width\":723,\"height\":731,\"caption\":\"Informe Litoral\"},\"image\":{\"@id\":\"https:\\\/\\\/informelitoral.com.ar\\\/#\\\/schema\\\/logo\\\/image\\\/\"},\"sameAs\":[\"https:\\\/\\\/www.facebook.com\\\/informelitoral\\\/\",\"https:\\\/\\\/x.com\\\/InformeLitoral\",\"https:\\\/\\\/www.instagram.com\\\/informelitoral\\\/\",\"https:\\\/\\\/www.youtube.com\\\/channel\\\/UCua4Qvz8Icb6MYqhoq9xLXw\"]},{\"@type\":\"Person\",\"@id\":\"https:\\\/\\\/informelitoral.com.ar\\\/#\\\/schema\\\/person\\\/f05f9f461677119578717524b127d6d5\",\"name\":\"Sebastian\",\"image\":{\"@type\":\"ImageObject\",\"inLanguage\":\"es\",\"@id\":\"https:\\\/\\\/secure.gravatar.com\\\/avatar\\\/b71bf7481d447dfb9583c7f2798e7cc64de6efb9067b74633ed8c31059a3bd82?s=96&d=mm&r=g\",\"url\":\"https:\\\/\\\/secure.gravatar.com\\\/avatar\\\/b71bf7481d447dfb9583c7f2798e7cc64de6efb9067b74633ed8c31059a3bd82?s=96&d=mm&r=g\",\"contentUrl\":\"https:\\\/\\\/secure.gravatar.com\\\/avatar\\\/b71bf7481d447dfb9583c7f2798e7cc64de6efb9067b74633ed8c31059a3bd82?s=96&d=mm&r=g\",\"caption\":\"Sebastian\"},\"url\":\"https:\\\/\\\/informelitoral.com.ar\\\/author\\\/sebastian\\\/\"}]}<\/script>","yoast_head_json":{"title":"Qu\u00e9 necesita River para clasificar a la Copa Libertadores 2026 - Informe Litoral","robots":{"index":"index","follow":"follow","max-snippet":"max-snippet:-1","max-image-preview":"max-image-preview:large","max-video-preview":"max-video-preview:-1"},"canonical":"https:\/\/informelitoral.com.ar\/239997-2\/","og_locale":"es_ES","og_type":"article","og_title":"Qu\u00e9 necesita River para clasificar a la Copa Libertadores 2026 - Informe Litoral","og_description":"El Millonario cay\u00f3 ante Boca y ahora se juega la clasificaci\u00f3n en las \u00faltimas fechas, acechado por Deportivo Riestra y Argentinos Juniors en la Tabla Anual.","og_url":"https:\/\/informelitoral.com.ar\/239997-2\/","og_site_name":"Informe Litoral","article_publisher":"https:\/\/www.facebook.com\/informelitoral\/","article_published_time":"2025-11-10T13:07:51+00:00","article_modified_time":"2025-11-10T13:13:42+00:00","og_image":[{"url":"https:\/\/www.ole.com.ar\/images\/2025\/11\/09\/FnyA41n9S_1290x760__2.jpg#1762776889403","type":"","width":"","height":""}],"author":"Sebastian","twitter_card":"summary_large_image","twitter_image":"https:\/\/www.ole.com.ar\/images\/2025\/11\/09\/FnyA41n9S_1290x760__2.jpg#1762776889403","twitter_creator":"@InformeLitoral","twitter_site":"@InformeLitoral","twitter_misc":{"Escrito por":"Sebastian","Tiempo de lectura":"2 minutos"},"schema":{"@context":"https:\/\/schema.org","@graph":[{"@type":"Article","@id":"https:\/\/informelitoral.com.ar\/239997-2\/#article","isPartOf":{"@id":"https:\/\/informelitoral.com.ar\/239997-2\/"},"author":{"name":"Sebastian","@id":"https:\/\/informelitoral.com.ar\/#\/schema\/person\/f05f9f461677119578717524b127d6d5"},"headline":"Qu\u00e9 necesita River para clasificar a la Copa Libertadores 2026","datePublished":"2025-11-10T13:07:51+00:00","dateModified":"2025-11-10T13:13:42+00:00","mainEntityOfPage":{"@id":"https:\/\/informelitoral.com.ar\/239997-2\/"},"wordCount":284,"commentCount":0,"publisher":{"@id":"https:\/\/informelitoral.com.ar\/#organization"},"image":{"@id":"https:\/\/informelitoral.com.ar\/239997-2\/#primaryimage"},"thumbnailUrl":"https:\/\/www.ole.com.ar\/images\/2025\/11\/09\/FnyA41n9S_1290x760__2.jpg#1762776889403","keywords":["Copa Libertadores","River Plate"],"articleSection":["Deportes"],"inLanguage":"es","potentialAction":[{"@type":"CommentAction","name":"Comment","target":["https:\/\/informelitoral.com.ar\/239997-2\/#respond"]}]},{"@type":"WebPage","@id":"https:\/\/informelitoral.com.ar\/239997-2\/","url":"https:\/\/informelitoral.com.ar\/239997-2\/","name":"Qu\u00e9 necesita River para clasificar a la Copa Libertadores 2026 - Informe Litoral","isPartOf":{"@id":"https:\/\/informelitoral.com.ar\/#website"},"primaryImageOfPage":{"@id":"https:\/\/informelitoral.com.ar\/239997-2\/#primaryimage"},"image":{"@id":"https:\/\/informelitoral.com.ar\/239997-2\/#primaryimage"},"thumbnailUrl":"https:\/\/www.ole.com.ar\/images\/2025\/11\/09\/FnyA41n9S_1290x760__2.jpg#1762776889403","datePublished":"2025-11-10T13:07:51+00:00","dateModified":"2025-11-10T13:13:42+00:00","breadcrumb":{"@id":"https:\/\/informelitoral.com.ar\/239997-2\/#breadcrumb"},"inLanguage":"es","potentialAction":[{"@type":"ReadAction","target":["https:\/\/informelitoral.com.ar\/239997-2\/"]}]},{"@type":"ImageObject","inLanguage":"es","@id":"https:\/\/informelitoral.com.ar\/239997-2\/#primaryimage","url":"https:\/\/www.ole.com.ar\/images\/2025\/11\/09\/FnyA41n9S_1290x760__2.jpg#1762776889403","contentUrl":"https:\/\/www.ole.com.ar\/images\/2025\/11\/09\/FnyA41n9S_1290x760__2.jpg#1762776889403","width":"1228","height":"760"},{"@type":"BreadcrumbList","@id":"https:\/\/informelitoral.com.ar\/239997-2\/#breadcrumb","itemListElement":[{"@type":"ListItem","position":1,"name":"Portada","item":"https:\/\/informelitoral.com.ar\/"},{"@type":"ListItem","position":2,"name":"Qu\u00e9 necesita River para clasificar a la Copa Libertadores 2026"}]},{"@type":"WebSite","@id":"https:\/\/informelitoral.com.ar\/#website","url":"https:\/\/informelitoral.com.ar\/","name":"Informe Litoral","description":"&quot;Nos informamos&quot; ","publisher":{"@id":"https:\/\/informelitoral.com.ar\/#organization"},"potentialAction":[{"@type":"SearchAction","target":{"@type":"EntryPoint","urlTemplate":"https:\/\/informelitoral.com.ar\/?s={search_term_string}"},"query-input":{"@type":"PropertyValueSpecification","valueRequired":true,"valueName":"search_term_string"}}],"inLanguage":"es"},{"@type":"Organization","@id":"https:\/\/informelitoral.com.ar\/#organization","name":"Informe Litoral","url":"https:\/\/informelitoral.com.ar\/","logo":{"@type":"ImageObject","inLanguage":"es","@id":"https:\/\/informelitoral.com.ar\/#\/schema\/logo\/image\/","url":"https:\/\/informelitoral.com.ar\/%77%70%2d%63%6f%6e%74%65%6e%74\/uploads\/2021\/01\/circulo.png","contentUrl":"https:\/\/informelitoral.com.ar\/%77%70%2d%63%6f%6e%74%65%6e%74\/uploads\/2021\/01\/circulo.png","width":723,"height":731,"caption":"Informe Litoral"},"image":{"@id":"https:\/\/informelitoral.com.ar\/#\/schema\/logo\/image\/"},"sameAs":["https:\/\/www.facebook.com\/informelitoral\/","https:\/\/x.com\/InformeLitoral","https:\/\/www.instagram.com\/informelitoral\/","https:\/\/www.youtube.com\/channel\/UCua4Qvz8Icb6MYqhoq9xLXw"]},{"@type":"Person","@id":"https:\/\/informelitoral.com.ar\/#\/schema\/person\/f05f9f461677119578717524b127d6d5","name":"Sebastian","image":{"@type":"ImageObject","inLanguage":"es","@id":"https:\/\/secure.gravatar.com\/avatar\/b71bf7481d447dfb9583c7f2798e7cc64de6efb9067b74633ed8c31059a3bd82?s=96&d=mm&r=g","url":"https:\/\/secure.gravatar.com\/avatar\/b71bf7481d447dfb9583c7f2798e7cc64de6efb9067b74633ed8c31059a3bd82?s=96&d=mm&r=g","contentUrl":"https:\/\/secure.gravatar.com\/avatar\/b71bf7481d447dfb9583c7f2798e7cc64de6efb9067b74633ed8c31059a3bd82?s=96&d=mm&r=g","caption":"Sebastian"},"url":"https:\/\/informelitoral.com.ar\/author\/sebastian\/"}]}},"fifu_image_url":"https:\/\/www.ole.com.ar\/images\/2025\/11\/09\/FnyA41n9S_1290x760__2.jpg#1762776889403","_links":{"self":[{"href":"https:\/\/informelitoral.com.ar\/%77%70%2d%6a%73%6f%6e\/wp\/v2\/posts\/239997","targetHints":{"allow":["GET"]}}],"collection":[{"href":"https:\/\/informelitoral.com.ar\/%77%70%2d%6a%73%6f%6e\/wp\/v2\/posts"}],"about":[{"href":"https:\/\/informelitoral.com.ar\/%77%70%2d%6a%73%6f%6e\/wp\/v2\/types\/post"}],"author":[{"embeddable":true,"href":"https:\/\/informelitoral.com.ar\/%77%70%2d%6a%73%6f%6e\/wp\/v2\/users\/8"}],"replies":[{"embeddable":true,"href":"https:\/\/informelitoral.com.ar\/%77%70%2d%6a%73%6f%6e\/wp\/v2\/comments?post=239997"}],"version-history":[{"count":3,"href":"https:\/\/informelitoral.com.ar\/%77%70%2d%6a%73%6f%6e\/wp\/v2\/posts\/239997\/revisions"}],"predecessor-version":[{"id":240003,"href":"https:\/\/informelitoral.com.ar\/%77%70%2d%6a%73%6f%6e\/wp\/v2\/posts\/239997\/revisions\/240003"}],"wp:featuredmedia":[{"embeddable":true,"href":"https:\/\/informelitoral.com.ar\/%77%70%2d%6a%73%6f%6e\/wp\/v2\/media\/239998"}],"wp:attachment":[{"href":"https:\/\/informelitoral.com.ar\/%77%70%2d%6a%73%6f%6e\/wp\/v2\/media?parent=239997"}],"wp:term":[{"taxonomy":"category","embeddable":true,"href":"https:\/\/informelitoral.com.ar\/%77%70%2d%6a%73%6f%6e\/wp\/v2\/categories?post=239997"},{"taxonomy":"post_tag","embeddable":true,"href":"https:\/\/informelitoral.com.ar\/%77%70%2d%6a%73%6f%6e\/wp\/v2\/tags?post=239997"}],"curies":[{"name":"wp","href":"https:\/\/api.w.org\/{rel}","templated":true}]}}