{"id":239962,"date":"2025-11-10T09:19:06","date_gmt":"2025-11-10T12:19:06","guid":{"rendered":"https:\/\/informelitoral.com.ar\/?p=239962"},"modified":"2025-11-10T14:58:21","modified_gmt":"2025-11-10T17:58:21","slug":"docentes-universitarios-confirmaron-paro-nacional-de-72-horas","status":"publish","type":"post","link":"https:\/\/informelitoral.com.ar\/docentes-universitarios-confirmaron-paro-nacional-de-72-horas\/","title":{"rendered":"Docentes universitarios confirmaron paro nacional de 72 horas"},"content":{"rendered":"<p>Las federaciones de docentes universitarios <b>Conadu<\/b> y <b>Conadu Hist\u00f3rica<\/b> han ratificado un <b>paro nacional de 72 horas<\/b> que se llevar\u00e1 a cabo desde el <b>mi\u00e9rcoles 12 hasta el viernes 14 de noviembre<\/b> en todas las universidades p\u00fablicas del pa\u00eds.<\/p>\n<p><img decoding=\"async\" src=\"https:\/\/media.ambito.com\/p\/4873ea50a8fd90f96b0b1351d1abf961\/adjuntos\/239\/imagenes\/038\/540\/0038540492\/aulas-docentes.jpg\" alt=\"aulas. \u00daltimas noticias de aulas | Ambito.com\" \/><\/p>\n<p>La medida de fuerza responde a la <b>p\u00e9rdida del poder adquisitivo<\/b> de los salarios y al <b>incumplimiento de la Ley 27.795 de Financiamiento de la Educaci\u00f3n Universitaria y Recomposici\u00f3n Salarial<\/b>, cuya implementaci\u00f3n fue suspendida por el Poder Ejecutivo a pesar de su rechazo legislativo al veto presidencial.<\/p>\n<p>Desde los sindicatos se advirti\u00f3 que la profundizaci\u00f3n del conflicto, en un contexto de alta tensi\u00f3n con el Gobierno de Javier Milei, podr\u00eda <b>afectar el inicio del ciclo lectivo 2026<\/b> si no se obtienen respuestas a sus reclamos.<\/p>\n<h6><em><strong>Del archivo:\u00a0<a href=\"https:\/\/informelitoral.com.ar\/se-desarrolla-en-parana-el-congreso-regional-de-educacion-agropecuaria-region-centro-ii\/\" target=\"_blank\" rel=\"noopener\">Se desarrolla en Paran\u00e1 el Congreso Regional de Educaci\u00f3n Agropecuaria \u2013 Regi\u00f3n Centro II<\/a><\/strong><\/em><\/h6>\n<p>El conflicto entre el Gobierno y el sistema universitario se centra en la aplicaci\u00f3n de la <b>Ley de Financiamiento Universitario<\/b>. A pesar de la aprobaci\u00f3n de la norma por parte del Congreso, el Ejecutivo la promulg\u00f3, pero suspendi\u00f3 su implementaci\u00f3n, alegando que el Poder Legislativo debe definir las fuentes de financiamiento.<\/p>\n<p>Esta decisi\u00f3n ha sido <b>judicializada<\/b> por entidades como el Consejo Superior de la <b>Universidad de Buenos Aires (UBA)<\/b>, que cuestion\u00f3 el decreto presidencial por considerar que vulnera el sistema republicano de frenos y contrapesos y la voluntad del Congreso.<\/p>\n<p><b>Conadu<\/b> y <b>Conadu Hist\u00f3rica<\/b> fueron las federaciones m\u00e1s firmes en la convocatoria, se\u00f1alando que la huelga fue el resultado de una consulta nacional y advirtiendo que, de persistir la situaci\u00f3n, judicializar\u00e1n la falta de apertura de paritarias.<\/p>\n<h6><em><strong>Del archivo: <a href=\"https:\/\/informelitoral.com.ar\/frigerio-en-educacion-solo-ajusta-llamarlo-inversion-inteligente-es-una-hipocresia-mas\/\" target=\"_blank\" rel=\"noopener\">Frigerio en educaci\u00f3n s\u00f3lo ajusta: llamarlo \u201cinversi\u00f3n inteligente\u201d es una hipocres\u00eda m\u00e1s<\/a><\/strong><\/em><\/h6>\n<p>No obstante, el <b>Frente Sindical Universitario<\/b> no logr\u00f3 una postura unificada para el paro. La federaci\u00f3n <b>FAGDUT<\/b> (docentes de la UTN) declar\u00f3 el \u00abestado de alerta\u00bb y envi\u00f3 una carta documento al Ejecutivo exigiendo la apertura de negociaciones, aunque su plan de acci\u00f3n inicial incluye clases p\u00fablicas y jornadas de visibilizaci\u00f3n.<\/p>\n<p><img decoding=\"async\" src=\"https:\/\/prensa.cba.gov.ar\/%77%70%2d%63%6f%6e%74%65%6e%74\/uploads\/2019\/08\/Aulas_Aurora_SanBasilio1.jpg\" alt=\"Plan Aurora: nuevas aulas para San Basilio - Web de Noticias - Gobierno de C\u00f3rdoba\" \/><\/p>\n<p>Mientras tanto, otras organizaciones como <b>FATUN<\/b> y <b>FEDUN<\/b> no han emitido comunicados definitivos. La <b>Uni\u00f3n de Docentes Argentinos (UDA)<\/b> opt\u00f3 por mantener una mesa de di\u00e1logo con la ministra de Capital Humano, Sandra Pettovello, responsable del presupuesto universitario.<\/p>\n<p>El paro de 72 horas es una de las medidas m\u00e1s extensas del a\u00f1o en el sector y marca un <b>escenario de conflicto abierto<\/b> hasta que el Gobierno convoque a discutir la recomposici\u00f3n salarial y restablezca los fondos previstos por ley.<\/p>\n","protected":false},"excerpt":{"rendered":"<p>Conadu y Conadu Hist\u00f3rica inician una huelga del 12 al 14 de noviembre en reclamo por la reapertura de paritarias y el financiamiento universitario.<\/p>\n","protected":false},"author":8,"featured_media":239963,"comment_status":"open","ping_status":"open","sticky":false,"template":"","format":"standard","meta":{"fifu_image_url":"https:\/\/www.salta.gob.ar\/public\/images\/noticias\/82347-plan-de-obras-para-construir-49-aulas-en-establecimientos-educativos.JPG","fifu_image_alt":"","footnotes":""},"categories":[7],"tags":[5895,1014,954],"class_list":{"0":"post-239962","1":"post","2":"type-post","3":"status-publish","4":"format-standard","5":"has-post-thumbnail","7":"category-nacionales","8":"tag-aulas","9":"tag-paro-docente","10":"tag-universidades"},"yoast_head":"<title>Docentes universitarios confirmaron paro nacional de 72 horas - Informe Litoral<\/title>\n<meta name=\"robots\" content=\"index, follow, max-snippet:-1, max-image-preview:large, max-video-preview:-1\" \/>\n<link rel=\"canonical\" href=\"https:\/\/informelitoral.com.ar\/docentes-universitarios-confirmaron-paro-nacional-de-72-horas\/\" \/>\n<meta property=\"og:locale\" content=\"es_ES\" \/>\n<meta property=\"og:type\" content=\"article\" \/>\n<meta property=\"og:title\" content=\"Docentes universitarios confirmaron paro nacional de 72 horas - Informe Litoral\" \/>\n<meta property=\"og:description\" content=\"Conadu y Conadu Hist\u00f3rica inician una huelga del 12 al 14 de noviembre en reclamo por la reapertura de paritarias y el financiamiento universitario.\" \/>\n<meta property=\"og:url\" content=\"https:\/\/informelitoral.com.ar\/docentes-universitarios-confirmaron-paro-nacional-de-72-horas\/\" \/>\n<meta property=\"og:site_name\" content=\"Informe Litoral\" \/>\n<meta property=\"article:publisher\" content=\"https:\/\/www.facebook.com\/informelitoral\/\" \/>\n<meta property=\"article:published_time\" content=\"2025-11-10T12:19:06+00:00\" \/>\n<meta property=\"article:modified_time\" content=\"2025-11-10T17:58:21+00:00\" \/>\n<meta property=\"og:image\" content=\"https:\/\/www.salta.gob.ar\/public\/images\/noticias\/82347-plan-de-obras-para-construir-49-aulas-en-establecimientos-educativos.JPG\" \/>\n<meta name=\"author\" content=\"Sebastian\" \/>\n<meta name=\"twitter:card\" content=\"summary_large_image\" \/>\n<meta name=\"twitter:image\" content=\"https:\/\/www.salta.gob.ar\/public\/images\/noticias\/82347-plan-de-obras-para-construir-49-aulas-en-establecimientos-educativos.JPG\" \/>\n<meta name=\"twitter:creator\" content=\"@InformeLitoral\" \/>\n<meta name=\"twitter:site\" content=\"@InformeLitoral\" \/>\n<meta name=\"twitter:label1\" content=\"Escrito por\" \/>\n\t<meta name=\"twitter:data1\" content=\"Sebastian\" \/>\n\t<meta name=\"twitter:label2\" content=\"Tiempo de lectura\" \/>\n\t<meta name=\"twitter:data2\" content=\"3 minutos\" \/>\n<script type=\"application\/ld+json\" class=\"yoast-schema-graph\">{\"@context\":\"https:\\\/\\\/schema.org\",\"@graph\":[{\"@type\":\"Article\",\"@id\":\"https:\\\/\\\/informelitoral.com.ar\\\/docentes-universitarios-confirmaron-paro-nacional-de-72-horas\\\/#article\",\"isPartOf\":{\"@id\":\"https:\\\/\\\/informelitoral.com.ar\\\/docentes-universitarios-confirmaron-paro-nacional-de-72-horas\\\/\"},\"author\":{\"name\":\"Sebastian\",\"@id\":\"https:\\\/\\\/informelitoral.com.ar\\\/#\\\/schema\\\/person\\\/f05f9f461677119578717524b127d6d5\"},\"headline\":\"Docentes universitarios confirmaron paro nacional de 72 horas\",\"datePublished\":\"2025-11-10T12:19:06+00:00\",\"dateModified\":\"2025-11-10T17:58:21+00:00\",\"mainEntityOfPage\":{\"@id\":\"https:\\\/\\\/informelitoral.com.ar\\\/docentes-universitarios-confirmaron-paro-nacional-de-72-horas\\\/\"},\"wordCount\":447,\"commentCount\":0,\"publisher\":{\"@id\":\"https:\\\/\\\/informelitoral.com.ar\\\/#organization\"},\"image\":{\"@id\":\"https:\\\/\\\/informelitoral.com.ar\\\/docentes-universitarios-confirmaron-paro-nacional-de-72-horas\\\/#primaryimage\"},\"thumbnailUrl\":\"https:\\\/\\\/www.salta.gob.ar\\\/public\\\/images\\\/noticias\\\/82347-plan-de-obras-para-construir-49-aulas-en-establecimientos-educativos.JPG\",\"keywords\":[\"Aulas\",\"Paro docente\",\"Universidades\"],\"articleSection\":[\"Nacionales\"],\"inLanguage\":\"es\",\"potentialAction\":[{\"@type\":\"CommentAction\",\"name\":\"Comment\",\"target\":[\"https:\\\/\\\/informelitoral.com.ar\\\/docentes-universitarios-confirmaron-paro-nacional-de-72-horas\\\/#respond\"]}]},{\"@type\":\"WebPage\",\"@id\":\"https:\\\/\\\/informelitoral.com.ar\\\/docentes-universitarios-confirmaron-paro-nacional-de-72-horas\\\/\",\"url\":\"https:\\\/\\\/informelitoral.com.ar\\\/docentes-universitarios-confirmaron-paro-nacional-de-72-horas\\\/\",\"name\":\"Docentes universitarios confirmaron paro nacional de 72 horas - Informe Litoral\",\"isPartOf\":{\"@id\":\"https:\\\/\\\/informelitoral.com.ar\\\/#website\"},\"primaryImageOfPage\":{\"@id\":\"https:\\\/\\\/informelitoral.com.ar\\\/docentes-universitarios-confirmaron-paro-nacional-de-72-horas\\\/#primaryimage\"},\"image\":{\"@id\":\"https:\\\/\\\/informelitoral.com.ar\\\/docentes-universitarios-confirmaron-paro-nacional-de-72-horas\\\/#primaryimage\"},\"thumbnailUrl\":\"https:\\\/\\\/www.salta.gob.ar\\\/public\\\/images\\\/noticias\\\/82347-plan-de-obras-para-construir-49-aulas-en-establecimientos-educativos.JPG\",\"datePublished\":\"2025-11-10T12:19:06+00:00\",\"dateModified\":\"2025-11-10T17:58:21+00:00\",\"breadcrumb\":{\"@id\":\"https:\\\/\\\/informelitoral.com.ar\\\/docentes-universitarios-confirmaron-paro-nacional-de-72-horas\\\/#breadcrumb\"},\"inLanguage\":\"es\",\"potentialAction\":[{\"@type\":\"ReadAction\",\"target\":[\"https:\\\/\\\/informelitoral.com.ar\\\/docentes-universitarios-confirmaron-paro-nacional-de-72-horas\\\/\"]}]},{\"@type\":\"ImageObject\",\"inLanguage\":\"es\",\"@id\":\"https:\\\/\\\/informelitoral.com.ar\\\/docentes-universitarios-confirmaron-paro-nacional-de-72-horas\\\/#primaryimage\",\"url\":\"https:\\\/\\\/www.salta.gob.ar\\\/public\\\/images\\\/noticias\\\/82347-plan-de-obras-para-construir-49-aulas-en-establecimientos-educativos.JPG\",\"contentUrl\":\"https:\\\/\\\/www.salta.gob.ar\\\/public\\\/images\\\/noticias\\\/82347-plan-de-obras-para-construir-49-aulas-en-establecimientos-educativos.JPG\",\"width\":\"800\",\"height\":\"600\"},{\"@type\":\"BreadcrumbList\",\"@id\":\"https:\\\/\\\/informelitoral.com.ar\\\/docentes-universitarios-confirmaron-paro-nacional-de-72-horas\\\/#breadcrumb\",\"itemListElement\":[{\"@type\":\"ListItem\",\"position\":1,\"name\":\"Portada\",\"item\":\"https:\\\/\\\/informelitoral.com.ar\\\/\"},{\"@type\":\"ListItem\",\"position\":2,\"name\":\"Docentes universitarios confirmaron paro nacional de 72 horas\"}]},{\"@type\":\"WebSite\",\"@id\":\"https:\\\/\\\/informelitoral.com.ar\\\/#website\",\"url\":\"https:\\\/\\\/informelitoral.com.ar\\\/\",\"name\":\"Informe Litoral\",\"description\":\"&quot;Nos informamos&quot; \",\"publisher\":{\"@id\":\"https:\\\/\\\/informelitoral.com.ar\\\/#organization\"},\"potentialAction\":[{\"@type\":\"SearchAction\",\"target\":{\"@type\":\"EntryPoint\",\"urlTemplate\":\"https:\\\/\\\/informelitoral.com.ar\\\/?s={search_term_string}\"},\"query-input\":{\"@type\":\"PropertyValueSpecification\",\"valueRequired\":true,\"valueName\":\"search_term_string\"}}],\"inLanguage\":\"es\"},{\"@type\":\"Organization\",\"@id\":\"https:\\\/\\\/informelitoral.com.ar\\\/#organization\",\"name\":\"Informe Litoral\",\"url\":\"https:\\\/\\\/informelitoral.com.ar\\\/\",\"logo\":{\"@type\":\"ImageObject\",\"inLanguage\":\"es\",\"@id\":\"https:\\\/\\\/informelitoral.com.ar\\\/#\\\/schema\\\/logo\\\/image\\\/\",\"url\":\"https:\\\/\\\/informelitoral.com.ar\\\/%77%70%2d%63%6f%6e%74%65%6e%74\\\/uploads\\\/2021\\\/01\\\/circulo.png\",\"contentUrl\":\"https:\\\/\\\/informelitoral.com.ar\\\/%77%70%2d%63%6f%6e%74%65%6e%74\\\/uploads\\\/2021\\\/01\\\/circulo.png\",\"width\":723,\"height\":731,\"caption\":\"Informe Litoral\"},\"image\":{\"@id\":\"https:\\\/\\\/informelitoral.com.ar\\\/#\\\/schema\\\/logo\\\/image\\\/\"},\"sameAs\":[\"https:\\\/\\\/www.facebook.com\\\/informelitoral\\\/\",\"https:\\\/\\\/x.com\\\/InformeLitoral\",\"https:\\\/\\\/www.instagram.com\\\/informelitoral\\\/\",\"https:\\\/\\\/www.youtube.com\\\/channel\\\/UCua4Qvz8Icb6MYqhoq9xLXw\"]},{\"@type\":\"Person\",\"@id\":\"https:\\\/\\\/informelitoral.com.ar\\\/#\\\/schema\\\/person\\\/f05f9f461677119578717524b127d6d5\",\"name\":\"Sebastian\",\"image\":{\"@type\":\"ImageObject\",\"inLanguage\":\"es\",\"@id\":\"https:\\\/\\\/secure.gravatar.com\\\/avatar\\\/b71bf7481d447dfb9583c7f2798e7cc64de6efb9067b74633ed8c31059a3bd82?s=96&d=mm&r=g\",\"url\":\"https:\\\/\\\/secure.gravatar.com\\\/avatar\\\/b71bf7481d447dfb9583c7f2798e7cc64de6efb9067b74633ed8c31059a3bd82?s=96&d=mm&r=g\",\"contentUrl\":\"https:\\\/\\\/secure.gravatar.com\\\/avatar\\\/b71bf7481d447dfb9583c7f2798e7cc64de6efb9067b74633ed8c31059a3bd82?s=96&d=mm&r=g\",\"caption\":\"Sebastian\"},\"url\":\"https:\\\/\\\/informelitoral.com.ar\\\/author\\\/sebastian\\\/\"}]}<\/script>","yoast_head_json":{"title":"Docentes universitarios confirmaron paro nacional de 72 horas - Informe Litoral","robots":{"index":"index","follow":"follow","max-snippet":"max-snippet:-1","max-image-preview":"max-image-preview:large","max-video-preview":"max-video-preview:-1"},"canonical":"https:\/\/informelitoral.com.ar\/docentes-universitarios-confirmaron-paro-nacional-de-72-horas\/","og_locale":"es_ES","og_type":"article","og_title":"Docentes universitarios confirmaron paro nacional de 72 horas - Informe Litoral","og_description":"Conadu y Conadu Hist\u00f3rica inician una huelga del 12 al 14 de noviembre en reclamo por la reapertura de paritarias y el financiamiento universitario.","og_url":"https:\/\/informelitoral.com.ar\/docentes-universitarios-confirmaron-paro-nacional-de-72-horas\/","og_site_name":"Informe Litoral","article_publisher":"https:\/\/www.facebook.com\/informelitoral\/","article_published_time":"2025-11-10T12:19:06+00:00","article_modified_time":"2025-11-10T17:58:21+00:00","og_image":[{"url":"https:\/\/www.salta.gob.ar\/public\/images\/noticias\/82347-plan-de-obras-para-construir-49-aulas-en-establecimientos-educativos.JPG","type":"","width":"","height":""}],"author":"Sebastian","twitter_card":"summary_large_image","twitter_image":"https:\/\/www.salta.gob.ar\/public\/images\/noticias\/82347-plan-de-obras-para-construir-49-aulas-en-establecimientos-educativos.JPG","twitter_creator":"@InformeLitoral","twitter_site":"@InformeLitoral","twitter_misc":{"Escrito por":"Sebastian","Tiempo de lectura":"3 minutos"},"schema":{"@context":"https:\/\/schema.org","@graph":[{"@type":"Article","@id":"https:\/\/informelitoral.com.ar\/docentes-universitarios-confirmaron-paro-nacional-de-72-horas\/#article","isPartOf":{"@id":"https:\/\/informelitoral.com.ar\/docentes-universitarios-confirmaron-paro-nacional-de-72-horas\/"},"author":{"name":"Sebastian","@id":"https:\/\/informelitoral.com.ar\/#\/schema\/person\/f05f9f461677119578717524b127d6d5"},"headline":"Docentes universitarios confirmaron paro nacional de 72 horas","datePublished":"2025-11-10T12:19:06+00:00","dateModified":"2025-11-10T17:58:21+00:00","mainEntityOfPage":{"@id":"https:\/\/informelitoral.com.ar\/docentes-universitarios-confirmaron-paro-nacional-de-72-horas\/"},"wordCount":447,"commentCount":0,"publisher":{"@id":"https:\/\/informelitoral.com.ar\/#organization"},"image":{"@id":"https:\/\/informelitoral.com.ar\/docentes-universitarios-confirmaron-paro-nacional-de-72-horas\/#primaryimage"},"thumbnailUrl":"https:\/\/www.salta.gob.ar\/public\/images\/noticias\/82347-plan-de-obras-para-construir-49-aulas-en-establecimientos-educativos.JPG","keywords":["Aulas","Paro docente","Universidades"],"articleSection":["Nacionales"],"inLanguage":"es","potentialAction":[{"@type":"CommentAction","name":"Comment","target":["https:\/\/informelitoral.com.ar\/docentes-universitarios-confirmaron-paro-nacional-de-72-horas\/#respond"]}]},{"@type":"WebPage","@id":"https:\/\/informelitoral.com.ar\/docentes-universitarios-confirmaron-paro-nacional-de-72-horas\/","url":"https:\/\/informelitoral.com.ar\/docentes-universitarios-confirmaron-paro-nacional-de-72-horas\/","name":"Docentes universitarios confirmaron paro nacional de 72 horas - Informe Litoral","isPartOf":{"@id":"https:\/\/informelitoral.com.ar\/#website"},"primaryImageOfPage":{"@id":"https:\/\/informelitoral.com.ar\/docentes-universitarios-confirmaron-paro-nacional-de-72-horas\/#primaryimage"},"image":{"@id":"https:\/\/informelitoral.com.ar\/docentes-universitarios-confirmaron-paro-nacional-de-72-horas\/#primaryimage"},"thumbnailUrl":"https:\/\/www.salta.gob.ar\/public\/images\/noticias\/82347-plan-de-obras-para-construir-49-aulas-en-establecimientos-educativos.JPG","datePublished":"2025-11-10T12:19:06+00:00","dateModified":"2025-11-10T17:58:21+00:00","breadcrumb":{"@id":"https:\/\/informelitoral.com.ar\/docentes-universitarios-confirmaron-paro-nacional-de-72-horas\/#breadcrumb"},"inLanguage":"es","potentialAction":[{"@type":"ReadAction","target":["https:\/\/informelitoral.com.ar\/docentes-universitarios-confirmaron-paro-nacional-de-72-horas\/"]}]},{"@type":"ImageObject","inLanguage":"es","@id":"https:\/\/informelitoral.com.ar\/docentes-universitarios-confirmaron-paro-nacional-de-72-horas\/#primaryimage","url":"https:\/\/www.salta.gob.ar\/public\/images\/noticias\/82347-plan-de-obras-para-construir-49-aulas-en-establecimientos-educativos.JPG","contentUrl":"https:\/\/www.salta.gob.ar\/public\/images\/noticias\/82347-plan-de-obras-para-construir-49-aulas-en-establecimientos-educativos.JPG","width":"800","height":"600"},{"@type":"BreadcrumbList","@id":"https:\/\/informelitoral.com.ar\/docentes-universitarios-confirmaron-paro-nacional-de-72-horas\/#breadcrumb","itemListElement":[{"@type":"ListItem","position":1,"name":"Portada","item":"https:\/\/informelitoral.com.ar\/"},{"@type":"ListItem","position":2,"name":"Docentes universitarios confirmaron paro nacional de 72 horas"}]},{"@type":"WebSite","@id":"https:\/\/informelitoral.com.ar\/#website","url":"https:\/\/informelitoral.com.ar\/","name":"Informe Litoral","description":"&quot;Nos informamos&quot; ","publisher":{"@id":"https:\/\/informelitoral.com.ar\/#organization"},"potentialAction":[{"@type":"SearchAction","target":{"@type":"EntryPoint","urlTemplate":"https:\/\/informelitoral.com.ar\/?s={search_term_string}"},"query-input":{"@type":"PropertyValueSpecification","valueRequired":true,"valueName":"search_term_string"}}],"inLanguage":"es"},{"@type":"Organization","@id":"https:\/\/informelitoral.com.ar\/#organization","name":"Informe Litoral","url":"https:\/\/informelitoral.com.ar\/","logo":{"@type":"ImageObject","inLanguage":"es","@id":"https:\/\/informelitoral.com.ar\/#\/schema\/logo\/image\/","url":"https:\/\/informelitoral.com.ar\/%77%70%2d%63%6f%6e%74%65%6e%74\/uploads\/2021\/01\/circulo.png","contentUrl":"https:\/\/informelitoral.com.ar\/%77%70%2d%63%6f%6e%74%65%6e%74\/uploads\/2021\/01\/circulo.png","width":723,"height":731,"caption":"Informe Litoral"},"image":{"@id":"https:\/\/informelitoral.com.ar\/#\/schema\/logo\/image\/"},"sameAs":["https:\/\/www.facebook.com\/informelitoral\/","https:\/\/x.com\/InformeLitoral","https:\/\/www.instagram.com\/informelitoral\/","https:\/\/www.youtube.com\/channel\/UCua4Qvz8Icb6MYqhoq9xLXw"]},{"@type":"Person","@id":"https:\/\/informelitoral.com.ar\/#\/schema\/person\/f05f9f461677119578717524b127d6d5","name":"Sebastian","image":{"@type":"ImageObject","inLanguage":"es","@id":"https:\/\/secure.gravatar.com\/avatar\/b71bf7481d447dfb9583c7f2798e7cc64de6efb9067b74633ed8c31059a3bd82?s=96&d=mm&r=g","url":"https:\/\/secure.gravatar.com\/avatar\/b71bf7481d447dfb9583c7f2798e7cc64de6efb9067b74633ed8c31059a3bd82?s=96&d=mm&r=g","contentUrl":"https:\/\/secure.gravatar.com\/avatar\/b71bf7481d447dfb9583c7f2798e7cc64de6efb9067b74633ed8c31059a3bd82?s=96&d=mm&r=g","caption":"Sebastian"},"url":"https:\/\/informelitoral.com.ar\/author\/sebastian\/"}]}},"fifu_image_url":"https:\/\/www.salta.gob.ar\/public\/images\/noticias\/82347-plan-de-obras-para-construir-49-aulas-en-establecimientos-educativos.JPG","_links":{"self":[{"href":"https:\/\/informelitoral.com.ar\/%77%70%2d%6a%73%6f%6e\/wp\/v2\/posts\/239962","targetHints":{"allow":["GET"]}}],"collection":[{"href":"https:\/\/informelitoral.com.ar\/%77%70%2d%6a%73%6f%6e\/wp\/v2\/posts"}],"about":[{"href":"https:\/\/informelitoral.com.ar\/%77%70%2d%6a%73%6f%6e\/wp\/v2\/types\/post"}],"author":[{"embeddable":true,"href":"https:\/\/informelitoral.com.ar\/%77%70%2d%6a%73%6f%6e\/wp\/v2\/users\/8"}],"replies":[{"embeddable":true,"href":"https:\/\/informelitoral.com.ar\/%77%70%2d%6a%73%6f%6e\/wp\/v2\/comments?post=239962"}],"version-history":[{"count":4,"href":"https:\/\/informelitoral.com.ar\/%77%70%2d%6a%73%6f%6e\/wp\/v2\/posts\/239962\/revisions"}],"predecessor-version":[{"id":239967,"href":"https:\/\/informelitoral.com.ar\/%77%70%2d%6a%73%6f%6e\/wp\/v2\/posts\/239962\/revisions\/239967"}],"wp:featuredmedia":[{"embeddable":true,"href":"https:\/\/informelitoral.com.ar\/%77%70%2d%6a%73%6f%6e\/wp\/v2\/media\/239963"}],"wp:attachment":[{"href":"https:\/\/informelitoral.com.ar\/%77%70%2d%6a%73%6f%6e\/wp\/v2\/media?parent=239962"}],"wp:term":[{"taxonomy":"category","embeddable":true,"href":"https:\/\/informelitoral.com.ar\/%77%70%2d%6a%73%6f%6e\/wp\/v2\/categories?post=239962"},{"taxonomy":"post_tag","embeddable":true,"href":"https:\/\/informelitoral.com.ar\/%77%70%2d%6a%73%6f%6e\/wp\/v2\/tags?post=239962"}],"curies":[{"name":"wp","href":"https:\/\/api.w.org\/{rel}","templated":true}]}}