{"id":239952,"date":"2025-11-10T09:05:24","date_gmt":"2025-11-10T12:05:24","guid":{"rendered":"https:\/\/informelitoral.com.ar\/?p=239952"},"modified":"2025-11-10T09:07:47","modified_gmt":"2025-11-10T12:07:47","slug":"dos-autos-chocaron-en-ruta-11","status":"publish","type":"post","link":"https:\/\/informelitoral.com.ar\/dos-autos-chocaron-en-ruta-11\/","title":{"rendered":"Dos autos chocaron en ruta 11"},"content":{"rendered":"<p>En la tarde de ayer domingo, se registr\u00f3 un accidente de tr\u00e1nsito en la <b>Ruta Provincial n\u00ba 11<\/b>, espec\u00edficamente en el <b>km 18.5<\/b>, que moviliz\u00f3 al personal de la Comisar\u00eda de Aldea Brasilera y a los servicios de emergencia.<\/p>\n<p>El siniestro involucr\u00f3 a dos veh\u00edculos de la marca Toyota Corolla que circulaban en el mismo sentido, de norte a sur. Seg\u00fan los primeros reportes policiales, se trat\u00f3 de una <b>colisi\u00f3n por alcance<\/b>, cuyas causas exactas est\u00e1n siendo investigadas por los peritos viales.<\/p>\n<h6><em><strong>Del archivo: <a href=\"https:\/\/informelitoral.com.ar\/parana-sera-sede-del-primer-encuentro-exclusivo-sobre-energias-renovables-en-entre-rios\/\" target=\"_blank\" rel=\"noopener\">Paran\u00e1 ser\u00e1 sede del primer encuentro exclusivo sobre energ\u00edas renovables en Entre R\u00edos<\/a><\/strong><\/em><\/h6>\n<p>El primer veh\u00edculo involucrado era conducido por una mujer de 43 a\u00f1os, residente en Aldea Brasilera, mientras que el segundo rodado era manejado por un hombre de 70 a\u00f1os de edad.<\/p>\n<p>A pesar de la fuerte colisi\u00f3n, que dej\u00f3 a ambos veh\u00edculos con da\u00f1os materiales visibles, los ocupantes afortunadamente no sufrieron lesiones ni heridas de gravedad.<\/p>\n<h6><em><strong>Del archivo:\u00a0<a href=\"https:\/\/informelitoral.com.ar\/violento-altercado-familiar-y-vecinal-en-general-ramirez\/\" target=\"_blank\" rel=\"noopener\">Violento altercado familiar y vecinal en General Ram\u00edrez<\/a><\/strong><\/em><\/h6>\n<p>Ambos conductores fueron asistidos inmediatamente en el lugar por el personal m\u00e9dico y los servicios de emergencia coordinados por la polic\u00eda de la Comisar\u00eda de Aldea Brasilera. Tras ser evaluados, se confirm\u00f3 que las heridas eran leves.(<em>Informe Litoral<\/em>)<\/p>\n","protected":false},"excerpt":{"rendered":"<p>El siniestro vial ocurri\u00f3 a la altura del km 18.5, cerca de Aldea Brasilera; los dos conductores resultaron ilesos.<\/p>\n","protected":false},"author":8,"featured_media":239953,"comment_status":"open","ping_status":"open","sticky":false,"template":"","format":"standard","meta":{"fifu_image_url":"","fifu_image_alt":"","footnotes":""},"categories":[14],"tags":[304,199,1143,1192],"class_list":{"0":"post-239952","1":"post","2":"type-post","3":"status-publish","4":"format-standard","5":"has-post-thumbnail","7":"category-policiales","8":"tag-accidente-vial","9":"tag-aldea-brasilera","10":"tag-autos","11":"tag-ruta-11"},"yoast_head":"<title>Dos autos chocaron en ruta 11 - Informe Litoral<\/title>\n<meta name=\"robots\" content=\"index, follow, max-snippet:-1, max-image-preview:large, max-video-preview:-1\" \/>\n<link rel=\"canonical\" href=\"https:\/\/informelitoral.com.ar\/dos-autos-chocaron-en-ruta-11\/\" \/>\n<meta property=\"og:locale\" content=\"es_ES\" \/>\n<meta property=\"og:type\" content=\"article\" \/>\n<meta property=\"og:title\" content=\"Dos autos chocaron en ruta 11 - Informe Litoral\" \/>\n<meta property=\"og:description\" content=\"El siniestro vial ocurri\u00f3 a la altura del km 18.5, cerca de Aldea Brasilera; los dos conductores resultaron ilesos.\" \/>\n<meta property=\"og:url\" content=\"https:\/\/informelitoral.com.ar\/dos-autos-chocaron-en-ruta-11\/\" \/>\n<meta property=\"og:site_name\" content=\"Informe Litoral\" \/>\n<meta property=\"article:publisher\" content=\"https:\/\/www.facebook.com\/informelitoral\/\" \/>\n<meta property=\"article:published_time\" content=\"2025-11-10T12:05:24+00:00\" \/>\n<meta property=\"article:modified_time\" content=\"2025-11-10T12:07:47+00:00\" \/>\n<meta property=\"og:image\" content=\"https:\/\/drive.google.com\/thumbnail?id=1j4GIicIaAJYTPcwUTNqHcxEVzJD-3XEz&sz=w2048\" \/>\n\t<meta property=\"og:image:width\" content=\"425\" \/>\n\t<meta property=\"og:image:height\" content=\"283\" \/>\n\t<meta property=\"og:image:type\" content=\"image\/png\" \/>\n<meta name=\"author\" content=\"Sebastian\" \/>\n<meta name=\"twitter:card\" content=\"summary_large_image\" \/>\n<meta name=\"twitter:creator\" content=\"@InformeLitoral\" \/>\n<meta name=\"twitter:site\" content=\"@InformeLitoral\" \/>\n<meta name=\"twitter:label1\" content=\"Escrito por\" \/>\n\t<meta name=\"twitter:data1\" content=\"Sebastian\" \/>\n\t<meta name=\"twitter:label2\" content=\"Tiempo de lectura\" \/>\n\t<meta name=\"twitter:data2\" content=\"2 minutos\" \/>\n<script type=\"application\/ld+json\" class=\"yoast-schema-graph\">{\"@context\":\"https:\\\/\\\/schema.org\",\"@graph\":[{\"@type\":\"Article\",\"@id\":\"https:\\\/\\\/informelitoral.com.ar\\\/dos-autos-chocaron-en-ruta-11\\\/#article\",\"isPartOf\":{\"@id\":\"https:\\\/\\\/informelitoral.com.ar\\\/dos-autos-chocaron-en-ruta-11\\\/\"},\"author\":{\"name\":\"Sebastian\",\"@id\":\"https:\\\/\\\/informelitoral.com.ar\\\/#\\\/schema\\\/person\\\/f05f9f461677119578717524b127d6d5\"},\"headline\":\"Dos autos chocaron en ruta 11\",\"datePublished\":\"2025-11-10T12:05:24+00:00\",\"dateModified\":\"2025-11-10T12:07:47+00:00\",\"mainEntityOfPage\":{\"@id\":\"https:\\\/\\\/informelitoral.com.ar\\\/dos-autos-chocaron-en-ruta-11\\\/\"},\"wordCount\":222,\"commentCount\":0,\"publisher\":{\"@id\":\"https:\\\/\\\/informelitoral.com.ar\\\/#organization\"},\"image\":{\"@id\":\"https:\\\/\\\/informelitoral.com.ar\\\/dos-autos-chocaron-en-ruta-11\\\/#primaryimage\"},\"thumbnailUrl\":\"https:\\\/\\\/drive.google.com\\\/thumbnail?id=1j4GIicIaAJYTPcwUTNqHcxEVzJD-3XEz&sz=w2048\",\"keywords\":[\"Accidente vial\",\"Aldea Brasilera\",\"Autos\",\"Ruta 11\"],\"articleSection\":[\"Policiales\"],\"inLanguage\":\"es\",\"potentialAction\":[{\"@type\":\"CommentAction\",\"name\":\"Comment\",\"target\":[\"https:\\\/\\\/informelitoral.com.ar\\\/dos-autos-chocaron-en-ruta-11\\\/#respond\"]}]},{\"@type\":\"WebPage\",\"@id\":\"https:\\\/\\\/informelitoral.com.ar\\\/dos-autos-chocaron-en-ruta-11\\\/\",\"url\":\"https:\\\/\\\/informelitoral.com.ar\\\/dos-autos-chocaron-en-ruta-11\\\/\",\"name\":\"Dos autos chocaron en ruta 11 - Informe Litoral\",\"isPartOf\":{\"@id\":\"https:\\\/\\\/informelitoral.com.ar\\\/#website\"},\"primaryImageOfPage\":{\"@id\":\"https:\\\/\\\/informelitoral.com.ar\\\/dos-autos-chocaron-en-ruta-11\\\/#primaryimage\"},\"image\":{\"@id\":\"https:\\\/\\\/informelitoral.com.ar\\\/dos-autos-chocaron-en-ruta-11\\\/#primaryimage\"},\"thumbnailUrl\":\"https:\\\/\\\/drive.google.com\\\/thumbnail?id=1j4GIicIaAJYTPcwUTNqHcxEVzJD-3XEz&sz=w2048\",\"datePublished\":\"2025-11-10T12:05:24+00:00\",\"dateModified\":\"2025-11-10T12:07:47+00:00\",\"breadcrumb\":{\"@id\":\"https:\\\/\\\/informelitoral.com.ar\\\/dos-autos-chocaron-en-ruta-11\\\/#breadcrumb\"},\"inLanguage\":\"es\",\"potentialAction\":[{\"@type\":\"ReadAction\",\"target\":[\"https:\\\/\\\/informelitoral.com.ar\\\/dos-autos-chocaron-en-ruta-11\\\/\"]}]},{\"@type\":\"ImageObject\",\"inLanguage\":\"es\",\"@id\":\"https:\\\/\\\/informelitoral.com.ar\\\/dos-autos-chocaron-en-ruta-11\\\/#primaryimage\",\"url\":\"https:\\\/\\\/drive.google.com\\\/thumbnail?id=1j4GIicIaAJYTPcwUTNqHcxEVzJD-3XEz&sz=w2048\",\"contentUrl\":\"https:\\\/\\\/drive.google.com\\\/thumbnail?id=1j4GIicIaAJYTPcwUTNqHcxEVzJD-3XEz&sz=w2048\",\"width\":425,\"height\":283},{\"@type\":\"BreadcrumbList\",\"@id\":\"https:\\\/\\\/informelitoral.com.ar\\\/dos-autos-chocaron-en-ruta-11\\\/#breadcrumb\",\"itemListElement\":[{\"@type\":\"ListItem\",\"position\":1,\"name\":\"Portada\",\"item\":\"https:\\\/\\\/informelitoral.com.ar\\\/\"},{\"@type\":\"ListItem\",\"position\":2,\"name\":\"Dos autos chocaron en ruta 11\"}]},{\"@type\":\"WebSite\",\"@id\":\"https:\\\/\\\/informelitoral.com.ar\\\/#website\",\"url\":\"https:\\\/\\\/informelitoral.com.ar\\\/\",\"name\":\"Informe Litoral\",\"description\":\"&quot;Nos informamos&quot; \",\"publisher\":{\"@id\":\"https:\\\/\\\/informelitoral.com.ar\\\/#organization\"},\"potentialAction\":[{\"@type\":\"SearchAction\",\"target\":{\"@type\":\"EntryPoint\",\"urlTemplate\":\"https:\\\/\\\/informelitoral.com.ar\\\/?s={search_term_string}\"},\"query-input\":{\"@type\":\"PropertyValueSpecification\",\"valueRequired\":true,\"valueName\":\"search_term_string\"}}],\"inLanguage\":\"es\"},{\"@type\":\"Organization\",\"@id\":\"https:\\\/\\\/informelitoral.com.ar\\\/#organization\",\"name\":\"Informe Litoral\",\"url\":\"https:\\\/\\\/informelitoral.com.ar\\\/\",\"logo\":{\"@type\":\"ImageObject\",\"inLanguage\":\"es\",\"@id\":\"https:\\\/\\\/informelitoral.com.ar\\\/#\\\/schema\\\/logo\\\/image\\\/\",\"url\":\"https:\\\/\\\/informelitoral.com.ar\\\/%77%70%2d%63%6f%6e%74%65%6e%74\\\/uploads\\\/2021\\\/01\\\/circulo.png\",\"contentUrl\":\"https:\\\/\\\/informelitoral.com.ar\\\/%77%70%2d%63%6f%6e%74%65%6e%74\\\/uploads\\\/2021\\\/01\\\/circulo.png\",\"width\":723,\"height\":731,\"caption\":\"Informe Litoral\"},\"image\":{\"@id\":\"https:\\\/\\\/informelitoral.com.ar\\\/#\\\/schema\\\/logo\\\/image\\\/\"},\"sameAs\":[\"https:\\\/\\\/www.facebook.com\\\/informelitoral\\\/\",\"https:\\\/\\\/x.com\\\/InformeLitoral\",\"https:\\\/\\\/www.instagram.com\\\/informelitoral\\\/\",\"https:\\\/\\\/www.youtube.com\\\/channel\\\/UCua4Qvz8Icb6MYqhoq9xLXw\"]},{\"@type\":\"Person\",\"@id\":\"https:\\\/\\\/informelitoral.com.ar\\\/#\\\/schema\\\/person\\\/f05f9f461677119578717524b127d6d5\",\"name\":\"Sebastian\",\"image\":{\"@type\":\"ImageObject\",\"inLanguage\":\"es\",\"@id\":\"https:\\\/\\\/secure.gravatar.com\\\/avatar\\\/b71bf7481d447dfb9583c7f2798e7cc64de6efb9067b74633ed8c31059a3bd82?s=96&d=mm&r=g\",\"url\":\"https:\\\/\\\/secure.gravatar.com\\\/avatar\\\/b71bf7481d447dfb9583c7f2798e7cc64de6efb9067b74633ed8c31059a3bd82?s=96&d=mm&r=g\",\"contentUrl\":\"https:\\\/\\\/secure.gravatar.com\\\/avatar\\\/b71bf7481d447dfb9583c7f2798e7cc64de6efb9067b74633ed8c31059a3bd82?s=96&d=mm&r=g\",\"caption\":\"Sebastian\"},\"url\":\"https:\\\/\\\/informelitoral.com.ar\\\/author\\\/sebastian\\\/\"}]}<\/script>","yoast_head_json":{"title":"Dos autos chocaron en ruta 11 - Informe Litoral","robots":{"index":"index","follow":"follow","max-snippet":"max-snippet:-1","max-image-preview":"max-image-preview:large","max-video-preview":"max-video-preview:-1"},"canonical":"https:\/\/informelitoral.com.ar\/dos-autos-chocaron-en-ruta-11\/","og_locale":"es_ES","og_type":"article","og_title":"Dos autos chocaron en ruta 11 - Informe Litoral","og_description":"El siniestro vial ocurri\u00f3 a la altura del km 18.5, cerca de Aldea Brasilera; los dos conductores resultaron ilesos.","og_url":"https:\/\/informelitoral.com.ar\/dos-autos-chocaron-en-ruta-11\/","og_site_name":"Informe Litoral","article_publisher":"https:\/\/www.facebook.com\/informelitoral\/","article_published_time":"2025-11-10T12:05:24+00:00","article_modified_time":"2025-11-10T12:07:47+00:00","og_image":[{"width":425,"height":283,"url":"https:\/\/drive.google.com\/thumbnail?id=1j4GIicIaAJYTPcwUTNqHcxEVzJD-3XEz&sz=w2048","type":"image\/png"}],"author":"Sebastian","twitter_card":"summary_large_image","twitter_creator":"@InformeLitoral","twitter_site":"@InformeLitoral","twitter_misc":{"Escrito por":"Sebastian","Tiempo de lectura":"2 minutos"},"schema":{"@context":"https:\/\/schema.org","@graph":[{"@type":"Article","@id":"https:\/\/informelitoral.com.ar\/dos-autos-chocaron-en-ruta-11\/#article","isPartOf":{"@id":"https:\/\/informelitoral.com.ar\/dos-autos-chocaron-en-ruta-11\/"},"author":{"name":"Sebastian","@id":"https:\/\/informelitoral.com.ar\/#\/schema\/person\/f05f9f461677119578717524b127d6d5"},"headline":"Dos autos chocaron en ruta 11","datePublished":"2025-11-10T12:05:24+00:00","dateModified":"2025-11-10T12:07:47+00:00","mainEntityOfPage":{"@id":"https:\/\/informelitoral.com.ar\/dos-autos-chocaron-en-ruta-11\/"},"wordCount":222,"commentCount":0,"publisher":{"@id":"https:\/\/informelitoral.com.ar\/#organization"},"image":{"@id":"https:\/\/informelitoral.com.ar\/dos-autos-chocaron-en-ruta-11\/#primaryimage"},"thumbnailUrl":"https:\/\/drive.google.com\/thumbnail?id=1j4GIicIaAJYTPcwUTNqHcxEVzJD-3XEz&sz=w2048","keywords":["Accidente vial","Aldea Brasilera","Autos","Ruta 11"],"articleSection":["Policiales"],"inLanguage":"es","potentialAction":[{"@type":"CommentAction","name":"Comment","target":["https:\/\/informelitoral.com.ar\/dos-autos-chocaron-en-ruta-11\/#respond"]}]},{"@type":"WebPage","@id":"https:\/\/informelitoral.com.ar\/dos-autos-chocaron-en-ruta-11\/","url":"https:\/\/informelitoral.com.ar\/dos-autos-chocaron-en-ruta-11\/","name":"Dos autos chocaron en ruta 11 - Informe Litoral","isPartOf":{"@id":"https:\/\/informelitoral.com.ar\/#website"},"primaryImageOfPage":{"@id":"https:\/\/informelitoral.com.ar\/dos-autos-chocaron-en-ruta-11\/#primaryimage"},"image":{"@id":"https:\/\/informelitoral.com.ar\/dos-autos-chocaron-en-ruta-11\/#primaryimage"},"thumbnailUrl":"https:\/\/drive.google.com\/thumbnail?id=1j4GIicIaAJYTPcwUTNqHcxEVzJD-3XEz&sz=w2048","datePublished":"2025-11-10T12:05:24+00:00","dateModified":"2025-11-10T12:07:47+00:00","breadcrumb":{"@id":"https:\/\/informelitoral.com.ar\/dos-autos-chocaron-en-ruta-11\/#breadcrumb"},"inLanguage":"es","potentialAction":[{"@type":"ReadAction","target":["https:\/\/informelitoral.com.ar\/dos-autos-chocaron-en-ruta-11\/"]}]},{"@type":"ImageObject","inLanguage":"es","@id":"https:\/\/informelitoral.com.ar\/dos-autos-chocaron-en-ruta-11\/#primaryimage","url":"https:\/\/drive.google.com\/thumbnail?id=1j4GIicIaAJYTPcwUTNqHcxEVzJD-3XEz&sz=w2048","contentUrl":"https:\/\/drive.google.com\/thumbnail?id=1j4GIicIaAJYTPcwUTNqHcxEVzJD-3XEz&sz=w2048","width":425,"height":283},{"@type":"BreadcrumbList","@id":"https:\/\/informelitoral.com.ar\/dos-autos-chocaron-en-ruta-11\/#breadcrumb","itemListElement":[{"@type":"ListItem","position":1,"name":"Portada","item":"https:\/\/informelitoral.com.ar\/"},{"@type":"ListItem","position":2,"name":"Dos autos chocaron en ruta 11"}]},{"@type":"WebSite","@id":"https:\/\/informelitoral.com.ar\/#website","url":"https:\/\/informelitoral.com.ar\/","name":"Informe Litoral","description":"&quot;Nos informamos&quot; ","publisher":{"@id":"https:\/\/informelitoral.com.ar\/#organization"},"potentialAction":[{"@type":"SearchAction","target":{"@type":"EntryPoint","urlTemplate":"https:\/\/informelitoral.com.ar\/?s={search_term_string}"},"query-input":{"@type":"PropertyValueSpecification","valueRequired":true,"valueName":"search_term_string"}}],"inLanguage":"es"},{"@type":"Organization","@id":"https:\/\/informelitoral.com.ar\/#organization","name":"Informe Litoral","url":"https:\/\/informelitoral.com.ar\/","logo":{"@type":"ImageObject","inLanguage":"es","@id":"https:\/\/informelitoral.com.ar\/#\/schema\/logo\/image\/","url":"https:\/\/informelitoral.com.ar\/%77%70%2d%63%6f%6e%74%65%6e%74\/uploads\/2021\/01\/circulo.png","contentUrl":"https:\/\/informelitoral.com.ar\/%77%70%2d%63%6f%6e%74%65%6e%74\/uploads\/2021\/01\/circulo.png","width":723,"height":731,"caption":"Informe Litoral"},"image":{"@id":"https:\/\/informelitoral.com.ar\/#\/schema\/logo\/image\/"},"sameAs":["https:\/\/www.facebook.com\/informelitoral\/","https:\/\/x.com\/InformeLitoral","https:\/\/www.instagram.com\/informelitoral\/","https:\/\/www.youtube.com\/channel\/UCua4Qvz8Icb6MYqhoq9xLXw"]},{"@type":"Person","@id":"https:\/\/informelitoral.com.ar\/#\/schema\/person\/f05f9f461677119578717524b127d6d5","name":"Sebastian","image":{"@type":"ImageObject","inLanguage":"es","@id":"https:\/\/secure.gravatar.com\/avatar\/b71bf7481d447dfb9583c7f2798e7cc64de6efb9067b74633ed8c31059a3bd82?s=96&d=mm&r=g","url":"https:\/\/secure.gravatar.com\/avatar\/b71bf7481d447dfb9583c7f2798e7cc64de6efb9067b74633ed8c31059a3bd82?s=96&d=mm&r=g","contentUrl":"https:\/\/secure.gravatar.com\/avatar\/b71bf7481d447dfb9583c7f2798e7cc64de6efb9067b74633ed8c31059a3bd82?s=96&d=mm&r=g","caption":"Sebastian"},"url":"https:\/\/informelitoral.com.ar\/author\/sebastian\/"}]}},"_links":{"self":[{"href":"https:\/\/informelitoral.com.ar\/%77%70%2d%6a%73%6f%6e\/wp\/v2\/posts\/239952","targetHints":{"allow":["GET"]}}],"collection":[{"href":"https:\/\/informelitoral.com.ar\/%77%70%2d%6a%73%6f%6e\/wp\/v2\/posts"}],"about":[{"href":"https:\/\/informelitoral.com.ar\/%77%70%2d%6a%73%6f%6e\/wp\/v2\/types\/post"}],"author":[{"embeddable":true,"href":"https:\/\/informelitoral.com.ar\/%77%70%2d%6a%73%6f%6e\/wp\/v2\/users\/8"}],"replies":[{"embeddable":true,"href":"https:\/\/informelitoral.com.ar\/%77%70%2d%6a%73%6f%6e\/wp\/v2\/comments?post=239952"}],"version-history":[{"count":3,"href":"https:\/\/informelitoral.com.ar\/%77%70%2d%6a%73%6f%6e\/wp\/v2\/posts\/239952\/revisions"}],"predecessor-version":[{"id":239956,"href":"https:\/\/informelitoral.com.ar\/%77%70%2d%6a%73%6f%6e\/wp\/v2\/posts\/239952\/revisions\/239956"}],"wp:featuredmedia":[{"embeddable":true,"href":"https:\/\/informelitoral.com.ar\/%77%70%2d%6a%73%6f%6e\/wp\/v2\/media\/239953"}],"wp:attachment":[{"href":"https:\/\/informelitoral.com.ar\/%77%70%2d%6a%73%6f%6e\/wp\/v2\/media?parent=239952"}],"wp:term":[{"taxonomy":"category","embeddable":true,"href":"https:\/\/informelitoral.com.ar\/%77%70%2d%6a%73%6f%6e\/wp\/v2\/categories?post=239952"},{"taxonomy":"post_tag","embeddable":true,"href":"https:\/\/informelitoral.com.ar\/%77%70%2d%6a%73%6f%6e\/wp\/v2\/tags?post=239952"}],"curies":[{"name":"wp","href":"https:\/\/api.w.org\/{rel}","templated":true}]}}