{"id":239917,"date":"2025-11-10T05:02:23","date_gmt":"2025-11-10T08:02:23","guid":{"rendered":"https:\/\/informelitoral.com.ar\/?p=239917"},"modified":"2025-11-10T07:02:49","modified_gmt":"2025-11-10T10:02:49","slug":"boca-le-gano-a-river-en-el-superclasico-y-se-clasifico-a-la-copa-libertadores-2026","status":"publish","type":"post","link":"https:\/\/informelitoral.com.ar\/boca-le-gano-a-river-en-el-superclasico-y-se-clasifico-a-la-copa-libertadores-2026\/","title":{"rendered":"Boca le gan\u00f3 a River en el Supercl\u00e1sico y se clasific\u00f3 a la Copa Libertadores 2026"},"content":{"rendered":"<p><strong>Boca venci\u00f3 este domingo por 2-0 como local a River<\/strong>\u00a0en una nueva edici\u00f3n del Supercl\u00e1sico correspondiente a la decimoquinta fecha del Torneo Clausura, llevado a cabo en La Bombonera, y se clasific\u00f3 a la Copa Libertadores 2026.<\/p>\n<p>Los goles del encuentro para el \u2019Xeneize\u2019 los convirtieron\u00a0<strong>Exequiel Zeballos, a los 46 minutos del primer tiempo, y Miguel Merentiel, a los 2\u2019 del complemento.<\/strong><\/p>\n<p>Con este resultado, el conjunto comandado por\u00a0<strong>Claudio \u00dabeda<\/strong>\u00a0se afianz\u00f3 en lo m\u00e1s alto de la Zona A del campeonato local y asegur\u00f3 su participaci\u00f3n en la pr\u00f3xima edici\u00f3n del torneo m\u00e1s importante del continente al asegurar el segundo lugar de la tabla anual.<\/p>\n<p>Por su parte, los dirigidos por\u00a0<strong>Marcelo Gallardo<\/strong>, quien recientemente extendi\u00f3 su v\u00ednculo con la \u2018Banda\u2019, no logran levantar cabeza y sumaron una nueva derrota (la quinta en los \u00faltimos seis duelos) que los coloc\u00f3 en la sexta plaza de la Zona B con 21 puntos y los dej\u00f3 sin posibilidades de acceder a la Copa Libertadores por la clasificaci\u00f3n general de la Liga Profesional.<\/p>\n<p>El desarrollo del primer tiempo fue m\u00e1s bien trabado y no cont\u00f3 con un claro dominador. Si bien\u00a0<strong>Boca era el equipo que m\u00e1s insist\u00eda y que generaba m\u00e1s peligro<\/strong>, las llegadas no contaban con la claridad necesaria para romper el cero.<\/p>\n<p>Sin embargo, cuando parec\u00eda que el cotejo se ir\u00eda al descanso con igualdad sin goles,\u00a0<strong>Ayrton Costa<\/strong>\u00a0envi\u00f3 un bal\u00f3n largo para Zeballos, quien captur\u00f3 la pelota tras un error defensivo de\u00a0<strong>Paulo D\u00edaz<\/strong>\u00a0y dispar\u00f3 al arco. Si bien\u00a0<strong>Franco Armani<\/strong>\u00a0logr\u00f3 tapar el primer disparo, el atacante azul y oro aprovech\u00f3 el rebote y esta vez no fall\u00f3.<\/p>\n<p>De esta manera, los dirigidos por Claudio \u00dabeda se fueron al descanso son ventaja en el marcador y con la confianza de haber conseguido adelantarse a pocos minutos del cierre de la primera mitad.<\/p>\n<p>Tal es as\u00ed que, en el comienzo de la segunda etapa, los de La Ribera salieron decididos a ampliar la ventaja en el partido y lo obtuvieron en los pies del uruguayo\u00a0<strong>Miguel Merentiel<\/strong>, quien solo debi\u00f3 empujar la pelota al fono de la red luego de una gran corrida de Zeballos.<\/p>\n<p>Un golpeado River tuvo la chance de descontar en el partido en los pies de\u00a0<strong>Gonzalo Montiel<\/strong>, pero el defensor campe\u00f3n del mundo con la Selecci\u00f3n argentina en el Mundial de Qatar 2022 no pudo rematar con comodidad.<\/p>\n<p>Minutos despu\u00e9s lleg\u00f3 una nueva pol\u00e9mica cuando\u00a0<strong>Miguel Borja<\/strong>, en un intento por disparar al arco defendido por\u00a0<strong>Agust\u00edn Marches\u00edn<\/strong>, impact\u00f3 a la altura de la rodilla de Ayrton Costa y el \u00e1rbitro\u00a0<strong>Nicol\u00e1s Ram\u00edrez<\/strong>\u00a0le mostr\u00f3 la tarjeta amarilla. Dicha decisi\u00f3n desat\u00f3 el enojo de todo el banco de suplentes xeneize que exig\u00edan la expulsi\u00f3n del delantero colombiano.<\/p>\n<p>A los 34 minutos, el encargado de impartir justicia hab\u00eda decidido sancionar la pena m\u00e1xima a favor de Boca luego de que Armani cometiera una presunta infracci\u00f3n sobre\u00a0<strong>Milton Gim\u00e9nez<\/strong>\u00a0dentro del \u00e1rea. No obstante, a instancias de VAR, Ram\u00edrez revirti\u00f3 la decisi\u00f3n y anul\u00f3 el penal.<\/p>\n<p>En los instantes finales, el partido se rompi\u00f3 y ambos elencos contaron con chances de convertir. Primero el guardameta de los de N\u00fa\u00f1ez le gan\u00f3 un duelo mano a mano al propio Gim\u00e9nez, mientras que, en la siguiente acci\u00f3n,\u00a0<strong>Mat\u00edas Galarza Fonda<\/strong>\u00a0tuvo en la cabeza la chance para descontar en el marcador para el cuadro millonario, pero remat\u00f3 desviado.<\/p>\n<p>Finalmente, el marcador no sufri\u00f3 modificaciones y\u00a0<strong>Boca se qued\u00f3 con tres puntos trascendentales para sellar su clasificaci\u00f3n a la Copa Libertadores 2026.<\/strong>\u00a0El cuadro azul y oro cerrar\u00e1 la fase regular ante Tigre, el domingo 16 de noviembre, mientras que River har\u00e1 lo propio ante V\u00e9lez en condici\u00f3n de visitante.<\/p>\n<h2><strong>S\u00edntesis de Boca \u2013 River por la decimoquinta fecha del Torneo Clausura 2025:<\/strong><\/h2>\n<p><strong>Torneo Clausura.<\/strong><\/p>\n<p><strong>Fecha 15.<\/strong><\/p>\n<p><strong>Boca 2 \u2013 0 River.<\/strong><\/p>\n<p><strong>Estadio: La Bombonera.<\/strong><\/p>\n<p><strong>\u00c1rbitro: Nicol\u00e1s Ram\u00edrez.<\/strong><\/p>\n<p><strong>VAR: H\u00e9ctor Paletta.<\/strong><\/p>\n<p><strong>Boca:<\/strong>\u00a0Agust\u00edn Marches\u00edn; Juan Barinaga, Lautaro Di Lollo, Ayrton Costa, Lautaro Blanco; Milton Delgado, Leandro Paredes, Carlos Palacios, Exequiel Zeballos; Miguel Merentiel y Milton Gim\u00e9nez. DT: Claudio \u00dabeda.<\/p>\n<p><strong>River:<\/strong> Franco Armani; Gonzalo Montiel, Lucas Mart\u00ednez Quarta, Paulo D\u00edaz, Lautaro Rivero, Marcos Acu\u00f1a; Kevin Casta\u00f1o, Juan Carlos Portillo, Maximiliano Meza; Sebasti\u00e1n Driussi y Maximiliano Salas. DT: Marcelo Gallardo. <em>(Fuente: NA)<\/em><\/p>\n","protected":false},"excerpt":{"rendered":"<p>Los goles del encuentro para el \u2019Xeneize\u2019 los convirtieron Exequiel Zeballos, a los 46 minutos del primer tiempo, y Miguel Merentiel, a los 2\u2019 del complemento.<\/p>\n","protected":false},"author":2,"featured_media":239918,"comment_status":"open","ping_status":"open","sticky":false,"template":"","format":"standard","meta":{"fifu_image_url":"https:\/\/alpha-assets.tadevel-cdn.com\/6910fbea5c163acf8399eed2\/720.webp","fifu_image_alt":"","footnotes":""},"categories":[13],"tags":[1253,400,58,57,1254,3403],"class_list":{"0":"post-239917","1":"post","2":"type-post","3":"status-publish","4":"format-standard","5":"has-post-thumbnail","7":"category-deportes","8":"tag-boca","9":"tag-copa-libertadores","10":"tag-deportes","11":"tag-futbol","12":"tag-river","13":"tag-superclasico"},"yoast_head":"<title>Boca le gan\u00f3 a River en el Supercl\u00e1sico y se clasific\u00f3 a la Copa Libertadores 2026 - Informe Litoral<\/title>\n<meta name=\"robots\" content=\"index, follow, max-snippet:-1, max-image-preview:large, max-video-preview:-1\" \/>\n<link rel=\"canonical\" href=\"https:\/\/informelitoral.com.ar\/boca-le-gano-a-river-en-el-superclasico-y-se-clasifico-a-la-copa-libertadores-2026\/\" \/>\n<meta property=\"og:locale\" content=\"es_ES\" \/>\n<meta property=\"og:type\" content=\"article\" \/>\n<meta property=\"og:title\" content=\"Boca le gan\u00f3 a River en el Supercl\u00e1sico y se clasific\u00f3 a la Copa Libertadores 2026 - Informe Litoral\" \/>\n<meta property=\"og:description\" content=\"Los goles del encuentro para el \u2019Xeneize\u2019 los convirtieron Exequiel Zeballos, a los 46 minutos del primer tiempo, y Miguel Merentiel, a los 2\u2019 del complemento.\" \/>\n<meta property=\"og:url\" content=\"https:\/\/informelitoral.com.ar\/boca-le-gano-a-river-en-el-superclasico-y-se-clasifico-a-la-copa-libertadores-2026\/\" \/>\n<meta property=\"og:site_name\" content=\"Informe Litoral\" \/>\n<meta property=\"article:publisher\" content=\"https:\/\/www.facebook.com\/informelitoral\/\" \/>\n<meta property=\"article:published_time\" content=\"2025-11-10T08:02:23+00:00\" \/>\n<meta property=\"article:modified_time\" content=\"2025-11-10T10:02:49+00:00\" \/>\n<meta property=\"og:image\" content=\"https:\/\/alpha-assets.tadevel-cdn.com\/6910fbea5c163acf8399eed2\/720.webp\" \/>\n<meta name=\"author\" content=\"Gonzalo Schmidt\" \/>\n<meta name=\"twitter:card\" content=\"summary_large_image\" \/>\n<meta name=\"twitter:image\" content=\"https:\/\/alpha-assets.tadevel-cdn.com\/6910fbea5c163acf8399eed2\/720.webp\" \/>\n<meta name=\"twitter:creator\" content=\"@InformeLitoral\" \/>\n<meta name=\"twitter:site\" content=\"@InformeLitoral\" \/>\n<meta name=\"twitter:label1\" content=\"Escrito por\" \/>\n\t<meta name=\"twitter:data1\" content=\"Gonzalo Schmidt\" \/>\n\t<meta name=\"twitter:label2\" content=\"Tiempo de lectura\" \/>\n\t<meta name=\"twitter:data2\" content=\"4 minutos\" \/>\n<script type=\"application\/ld+json\" class=\"yoast-schema-graph\">{\"@context\":\"https:\\\/\\\/schema.org\",\"@graph\":[{\"@type\":\"Article\",\"@id\":\"https:\\\/\\\/informelitoral.com.ar\\\/boca-le-gano-a-river-en-el-superclasico-y-se-clasifico-a-la-copa-libertadores-2026\\\/#article\",\"isPartOf\":{\"@id\":\"https:\\\/\\\/informelitoral.com.ar\\\/boca-le-gano-a-river-en-el-superclasico-y-se-clasifico-a-la-copa-libertadores-2026\\\/\"},\"author\":{\"name\":\"Gonzalo Schmidt\",\"@id\":\"https:\\\/\\\/informelitoral.com.ar\\\/#\\\/schema\\\/person\\\/b9d00407c836482871ef1d57bf8e3180\"},\"headline\":\"Boca le gan\u00f3 a River en el Supercl\u00e1sico y se clasific\u00f3 a la Copa Libertadores 2026\",\"datePublished\":\"2025-11-10T08:02:23+00:00\",\"dateModified\":\"2025-11-10T10:02:49+00:00\",\"mainEntityOfPage\":{\"@id\":\"https:\\\/\\\/informelitoral.com.ar\\\/boca-le-gano-a-river-en-el-superclasico-y-se-clasifico-a-la-copa-libertadores-2026\\\/\"},\"wordCount\":762,\"commentCount\":0,\"publisher\":{\"@id\":\"https:\\\/\\\/informelitoral.com.ar\\\/#organization\"},\"image\":{\"@id\":\"https:\\\/\\\/informelitoral.com.ar\\\/boca-le-gano-a-river-en-el-superclasico-y-se-clasifico-a-la-copa-libertadores-2026\\\/#primaryimage\"},\"thumbnailUrl\":\"https:\\\/\\\/alpha-assets.tadevel-cdn.com\\\/6910fbea5c163acf8399eed2\\\/720.webp\",\"keywords\":[\"Boca\",\"Copa Libertadores\",\"Deportes\",\"F\u00fatbol\",\"River\",\"Supercl\u00e1sico\"],\"articleSection\":[\"Deportes\"],\"inLanguage\":\"es\",\"potentialAction\":[{\"@type\":\"CommentAction\",\"name\":\"Comment\",\"target\":[\"https:\\\/\\\/informelitoral.com.ar\\\/boca-le-gano-a-river-en-el-superclasico-y-se-clasifico-a-la-copa-libertadores-2026\\\/#respond\"]}]},{\"@type\":\"WebPage\",\"@id\":\"https:\\\/\\\/informelitoral.com.ar\\\/boca-le-gano-a-river-en-el-superclasico-y-se-clasifico-a-la-copa-libertadores-2026\\\/\",\"url\":\"https:\\\/\\\/informelitoral.com.ar\\\/boca-le-gano-a-river-en-el-superclasico-y-se-clasifico-a-la-copa-libertadores-2026\\\/\",\"name\":\"Boca le gan\u00f3 a River en el Supercl\u00e1sico y se clasific\u00f3 a la Copa Libertadores 2026 - Informe Litoral\",\"isPartOf\":{\"@id\":\"https:\\\/\\\/informelitoral.com.ar\\\/#website\"},\"primaryImageOfPage\":{\"@id\":\"https:\\\/\\\/informelitoral.com.ar\\\/boca-le-gano-a-river-en-el-superclasico-y-se-clasifico-a-la-copa-libertadores-2026\\\/#primaryimage\"},\"image\":{\"@id\":\"https:\\\/\\\/informelitoral.com.ar\\\/boca-le-gano-a-river-en-el-superclasico-y-se-clasifico-a-la-copa-libertadores-2026\\\/#primaryimage\"},\"thumbnailUrl\":\"https:\\\/\\\/alpha-assets.tadevel-cdn.com\\\/6910fbea5c163acf8399eed2\\\/720.webp\",\"datePublished\":\"2025-11-10T08:02:23+00:00\",\"dateModified\":\"2025-11-10T10:02:49+00:00\",\"breadcrumb\":{\"@id\":\"https:\\\/\\\/informelitoral.com.ar\\\/boca-le-gano-a-river-en-el-superclasico-y-se-clasifico-a-la-copa-libertadores-2026\\\/#breadcrumb\"},\"inLanguage\":\"es\",\"potentialAction\":[{\"@type\":\"ReadAction\",\"target\":[\"https:\\\/\\\/informelitoral.com.ar\\\/boca-le-gano-a-river-en-el-superclasico-y-se-clasifico-a-la-copa-libertadores-2026\\\/\"]}]},{\"@type\":\"ImageObject\",\"inLanguage\":\"es\",\"@id\":\"https:\\\/\\\/informelitoral.com.ar\\\/boca-le-gano-a-river-en-el-superclasico-y-se-clasifico-a-la-copa-libertadores-2026\\\/#primaryimage\",\"url\":\"https:\\\/\\\/alpha-assets.tadevel-cdn.com\\\/6910fbea5c163acf8399eed2\\\/720.webp\",\"contentUrl\":\"https:\\\/\\\/alpha-assets.tadevel-cdn.com\\\/6910fbea5c163acf8399eed2\\\/720.webp\",\"width\":\"1197\",\"height\":\"720\"},{\"@type\":\"BreadcrumbList\",\"@id\":\"https:\\\/\\\/informelitoral.com.ar\\\/boca-le-gano-a-river-en-el-superclasico-y-se-clasifico-a-la-copa-libertadores-2026\\\/#breadcrumb\",\"itemListElement\":[{\"@type\":\"ListItem\",\"position\":1,\"name\":\"Portada\",\"item\":\"https:\\\/\\\/informelitoral.com.ar\\\/\"},{\"@type\":\"ListItem\",\"position\":2,\"name\":\"Boca le gan\u00f3 a River en el Supercl\u00e1sico y se clasific\u00f3 a la Copa Libertadores 2026\"}]},{\"@type\":\"WebSite\",\"@id\":\"https:\\\/\\\/informelitoral.com.ar\\\/#website\",\"url\":\"https:\\\/\\\/informelitoral.com.ar\\\/\",\"name\":\"Informe Litoral\",\"description\":\"&quot;Nos informamos&quot; \",\"publisher\":{\"@id\":\"https:\\\/\\\/informelitoral.com.ar\\\/#organization\"},\"potentialAction\":[{\"@type\":\"SearchAction\",\"target\":{\"@type\":\"EntryPoint\",\"urlTemplate\":\"https:\\\/\\\/informelitoral.com.ar\\\/?s={search_term_string}\"},\"query-input\":{\"@type\":\"PropertyValueSpecification\",\"valueRequired\":true,\"valueName\":\"search_term_string\"}}],\"inLanguage\":\"es\"},{\"@type\":\"Organization\",\"@id\":\"https:\\\/\\\/informelitoral.com.ar\\\/#organization\",\"name\":\"Informe Litoral\",\"url\":\"https:\\\/\\\/informelitoral.com.ar\\\/\",\"logo\":{\"@type\":\"ImageObject\",\"inLanguage\":\"es\",\"@id\":\"https:\\\/\\\/informelitoral.com.ar\\\/#\\\/schema\\\/logo\\\/image\\\/\",\"url\":\"https:\\\/\\\/informelitoral.com.ar\\\/%77%70%2d%63%6f%6e%74%65%6e%74\\\/uploads\\\/2021\\\/01\\\/circulo.png\",\"contentUrl\":\"https:\\\/\\\/informelitoral.com.ar\\\/%77%70%2d%63%6f%6e%74%65%6e%74\\\/uploads\\\/2021\\\/01\\\/circulo.png\",\"width\":723,\"height\":731,\"caption\":\"Informe Litoral\"},\"image\":{\"@id\":\"https:\\\/\\\/informelitoral.com.ar\\\/#\\\/schema\\\/logo\\\/image\\\/\"},\"sameAs\":[\"https:\\\/\\\/www.facebook.com\\\/informelitoral\\\/\",\"https:\\\/\\\/x.com\\\/InformeLitoral\",\"https:\\\/\\\/www.instagram.com\\\/informelitoral\\\/\",\"https:\\\/\\\/www.youtube.com\\\/channel\\\/UCua4Qvz8Icb6MYqhoq9xLXw\"]},{\"@type\":\"Person\",\"@id\":\"https:\\\/\\\/informelitoral.com.ar\\\/#\\\/schema\\\/person\\\/b9d00407c836482871ef1d57bf8e3180\",\"name\":\"Gonzalo Schmidt\",\"image\":{\"@type\":\"ImageObject\",\"inLanguage\":\"es\",\"@id\":\"https:\\\/\\\/secure.gravatar.com\\\/avatar\\\/31a1a7b66ff2de83bd0e9fd79d026630d2d99e55e8bfe501287647b4fd9743de?s=96&d=mm&r=g\",\"url\":\"https:\\\/\\\/secure.gravatar.com\\\/avatar\\\/31a1a7b66ff2de83bd0e9fd79d026630d2d99e55e8bfe501287647b4fd9743de?s=96&d=mm&r=g\",\"contentUrl\":\"https:\\\/\\\/secure.gravatar.com\\\/avatar\\\/31a1a7b66ff2de83bd0e9fd79d026630d2d99e55e8bfe501287647b4fd9743de?s=96&d=mm&r=g\",\"caption\":\"Gonzalo Schmidt\"},\"description\":\"Sitio web de noticias de la provincia de Entre R\u00edos, Argentina. Informaci\u00f3n y entretenimiento. Informe Litoral, nos informamos.\",\"sameAs\":[\"http:\\\/\\\/www.isletasnoticias.com.ar\"],\"url\":\"https:\\\/\\\/informelitoral.com.ar\\\/author\\\/gonzalo\\\/\"}]}<\/script>","yoast_head_json":{"title":"Boca le gan\u00f3 a River en el Supercl\u00e1sico y se clasific\u00f3 a la Copa Libertadores 2026 - Informe Litoral","robots":{"index":"index","follow":"follow","max-snippet":"max-snippet:-1","max-image-preview":"max-image-preview:large","max-video-preview":"max-video-preview:-1"},"canonical":"https:\/\/informelitoral.com.ar\/boca-le-gano-a-river-en-el-superclasico-y-se-clasifico-a-la-copa-libertadores-2026\/","og_locale":"es_ES","og_type":"article","og_title":"Boca le gan\u00f3 a River en el Supercl\u00e1sico y se clasific\u00f3 a la Copa Libertadores 2026 - Informe Litoral","og_description":"Los goles del encuentro para el \u2019Xeneize\u2019 los convirtieron Exequiel Zeballos, a los 46 minutos del primer tiempo, y Miguel Merentiel, a los 2\u2019 del complemento.","og_url":"https:\/\/informelitoral.com.ar\/boca-le-gano-a-river-en-el-superclasico-y-se-clasifico-a-la-copa-libertadores-2026\/","og_site_name":"Informe Litoral","article_publisher":"https:\/\/www.facebook.com\/informelitoral\/","article_published_time":"2025-11-10T08:02:23+00:00","article_modified_time":"2025-11-10T10:02:49+00:00","og_image":[{"url":"https:\/\/alpha-assets.tadevel-cdn.com\/6910fbea5c163acf8399eed2\/720.webp","type":"","width":"","height":""}],"author":"Gonzalo Schmidt","twitter_card":"summary_large_image","twitter_image":"https:\/\/alpha-assets.tadevel-cdn.com\/6910fbea5c163acf8399eed2\/720.webp","twitter_creator":"@InformeLitoral","twitter_site":"@InformeLitoral","twitter_misc":{"Escrito por":"Gonzalo Schmidt","Tiempo de lectura":"4 minutos"},"schema":{"@context":"https:\/\/schema.org","@graph":[{"@type":"Article","@id":"https:\/\/informelitoral.com.ar\/boca-le-gano-a-river-en-el-superclasico-y-se-clasifico-a-la-copa-libertadores-2026\/#article","isPartOf":{"@id":"https:\/\/informelitoral.com.ar\/boca-le-gano-a-river-en-el-superclasico-y-se-clasifico-a-la-copa-libertadores-2026\/"},"author":{"name":"Gonzalo Schmidt","@id":"https:\/\/informelitoral.com.ar\/#\/schema\/person\/b9d00407c836482871ef1d57bf8e3180"},"headline":"Boca le gan\u00f3 a River en el Supercl\u00e1sico y se clasific\u00f3 a la Copa Libertadores 2026","datePublished":"2025-11-10T08:02:23+00:00","dateModified":"2025-11-10T10:02:49+00:00","mainEntityOfPage":{"@id":"https:\/\/informelitoral.com.ar\/boca-le-gano-a-river-en-el-superclasico-y-se-clasifico-a-la-copa-libertadores-2026\/"},"wordCount":762,"commentCount":0,"publisher":{"@id":"https:\/\/informelitoral.com.ar\/#organization"},"image":{"@id":"https:\/\/informelitoral.com.ar\/boca-le-gano-a-river-en-el-superclasico-y-se-clasifico-a-la-copa-libertadores-2026\/#primaryimage"},"thumbnailUrl":"https:\/\/alpha-assets.tadevel-cdn.com\/6910fbea5c163acf8399eed2\/720.webp","keywords":["Boca","Copa Libertadores","Deportes","F\u00fatbol","River","Supercl\u00e1sico"],"articleSection":["Deportes"],"inLanguage":"es","potentialAction":[{"@type":"CommentAction","name":"Comment","target":["https:\/\/informelitoral.com.ar\/boca-le-gano-a-river-en-el-superclasico-y-se-clasifico-a-la-copa-libertadores-2026\/#respond"]}]},{"@type":"WebPage","@id":"https:\/\/informelitoral.com.ar\/boca-le-gano-a-river-en-el-superclasico-y-se-clasifico-a-la-copa-libertadores-2026\/","url":"https:\/\/informelitoral.com.ar\/boca-le-gano-a-river-en-el-superclasico-y-se-clasifico-a-la-copa-libertadores-2026\/","name":"Boca le gan\u00f3 a River en el Supercl\u00e1sico y se clasific\u00f3 a la Copa Libertadores 2026 - Informe Litoral","isPartOf":{"@id":"https:\/\/informelitoral.com.ar\/#website"},"primaryImageOfPage":{"@id":"https:\/\/informelitoral.com.ar\/boca-le-gano-a-river-en-el-superclasico-y-se-clasifico-a-la-copa-libertadores-2026\/#primaryimage"},"image":{"@id":"https:\/\/informelitoral.com.ar\/boca-le-gano-a-river-en-el-superclasico-y-se-clasifico-a-la-copa-libertadores-2026\/#primaryimage"},"thumbnailUrl":"https:\/\/alpha-assets.tadevel-cdn.com\/6910fbea5c163acf8399eed2\/720.webp","datePublished":"2025-11-10T08:02:23+00:00","dateModified":"2025-11-10T10:02:49+00:00","breadcrumb":{"@id":"https:\/\/informelitoral.com.ar\/boca-le-gano-a-river-en-el-superclasico-y-se-clasifico-a-la-copa-libertadores-2026\/#breadcrumb"},"inLanguage":"es","potentialAction":[{"@type":"ReadAction","target":["https:\/\/informelitoral.com.ar\/boca-le-gano-a-river-en-el-superclasico-y-se-clasifico-a-la-copa-libertadores-2026\/"]}]},{"@type":"ImageObject","inLanguage":"es","@id":"https:\/\/informelitoral.com.ar\/boca-le-gano-a-river-en-el-superclasico-y-se-clasifico-a-la-copa-libertadores-2026\/#primaryimage","url":"https:\/\/alpha-assets.tadevel-cdn.com\/6910fbea5c163acf8399eed2\/720.webp","contentUrl":"https:\/\/alpha-assets.tadevel-cdn.com\/6910fbea5c163acf8399eed2\/720.webp","width":"1197","height":"720"},{"@type":"BreadcrumbList","@id":"https:\/\/informelitoral.com.ar\/boca-le-gano-a-river-en-el-superclasico-y-se-clasifico-a-la-copa-libertadores-2026\/#breadcrumb","itemListElement":[{"@type":"ListItem","position":1,"name":"Portada","item":"https:\/\/informelitoral.com.ar\/"},{"@type":"ListItem","position":2,"name":"Boca le gan\u00f3 a River en el Supercl\u00e1sico y se clasific\u00f3 a la Copa Libertadores 2026"}]},{"@type":"WebSite","@id":"https:\/\/informelitoral.com.ar\/#website","url":"https:\/\/informelitoral.com.ar\/","name":"Informe Litoral","description":"&quot;Nos informamos&quot; ","publisher":{"@id":"https:\/\/informelitoral.com.ar\/#organization"},"potentialAction":[{"@type":"SearchAction","target":{"@type":"EntryPoint","urlTemplate":"https:\/\/informelitoral.com.ar\/?s={search_term_string}"},"query-input":{"@type":"PropertyValueSpecification","valueRequired":true,"valueName":"search_term_string"}}],"inLanguage":"es"},{"@type":"Organization","@id":"https:\/\/informelitoral.com.ar\/#organization","name":"Informe Litoral","url":"https:\/\/informelitoral.com.ar\/","logo":{"@type":"ImageObject","inLanguage":"es","@id":"https:\/\/informelitoral.com.ar\/#\/schema\/logo\/image\/","url":"https:\/\/informelitoral.com.ar\/%77%70%2d%63%6f%6e%74%65%6e%74\/uploads\/2021\/01\/circulo.png","contentUrl":"https:\/\/informelitoral.com.ar\/%77%70%2d%63%6f%6e%74%65%6e%74\/uploads\/2021\/01\/circulo.png","width":723,"height":731,"caption":"Informe Litoral"},"image":{"@id":"https:\/\/informelitoral.com.ar\/#\/schema\/logo\/image\/"},"sameAs":["https:\/\/www.facebook.com\/informelitoral\/","https:\/\/x.com\/InformeLitoral","https:\/\/www.instagram.com\/informelitoral\/","https:\/\/www.youtube.com\/channel\/UCua4Qvz8Icb6MYqhoq9xLXw"]},{"@type":"Person","@id":"https:\/\/informelitoral.com.ar\/#\/schema\/person\/b9d00407c836482871ef1d57bf8e3180","name":"Gonzalo Schmidt","image":{"@type":"ImageObject","inLanguage":"es","@id":"https:\/\/secure.gravatar.com\/avatar\/31a1a7b66ff2de83bd0e9fd79d026630d2d99e55e8bfe501287647b4fd9743de?s=96&d=mm&r=g","url":"https:\/\/secure.gravatar.com\/avatar\/31a1a7b66ff2de83bd0e9fd79d026630d2d99e55e8bfe501287647b4fd9743de?s=96&d=mm&r=g","contentUrl":"https:\/\/secure.gravatar.com\/avatar\/31a1a7b66ff2de83bd0e9fd79d026630d2d99e55e8bfe501287647b4fd9743de?s=96&d=mm&r=g","caption":"Gonzalo Schmidt"},"description":"Sitio web de noticias de la provincia de Entre R\u00edos, Argentina. Informaci\u00f3n y entretenimiento. Informe Litoral, nos informamos.","sameAs":["http:\/\/www.isletasnoticias.com.ar"],"url":"https:\/\/informelitoral.com.ar\/author\/gonzalo\/"}]}},"fifu_image_url":"https:\/\/alpha-assets.tadevel-cdn.com\/6910fbea5c163acf8399eed2\/720.webp","_links":{"self":[{"href":"https:\/\/informelitoral.com.ar\/%77%70%2d%6a%73%6f%6e\/wp\/v2\/posts\/239917","targetHints":{"allow":["GET"]}}],"collection":[{"href":"https:\/\/informelitoral.com.ar\/%77%70%2d%6a%73%6f%6e\/wp\/v2\/posts"}],"about":[{"href":"https:\/\/informelitoral.com.ar\/%77%70%2d%6a%73%6f%6e\/wp\/v2\/types\/post"}],"author":[{"embeddable":true,"href":"https:\/\/informelitoral.com.ar\/%77%70%2d%6a%73%6f%6e\/wp\/v2\/users\/2"}],"replies":[{"embeddable":true,"href":"https:\/\/informelitoral.com.ar\/%77%70%2d%6a%73%6f%6e\/wp\/v2\/comments?post=239917"}],"version-history":[{"count":1,"href":"https:\/\/informelitoral.com.ar\/%77%70%2d%6a%73%6f%6e\/wp\/v2\/posts\/239917\/revisions"}],"predecessor-version":[{"id":239919,"href":"https:\/\/informelitoral.com.ar\/%77%70%2d%6a%73%6f%6e\/wp\/v2\/posts\/239917\/revisions\/239919"}],"wp:featuredmedia":[{"embeddable":true,"href":"https:\/\/informelitoral.com.ar\/%77%70%2d%6a%73%6f%6e\/wp\/v2\/media\/239918"}],"wp:attachment":[{"href":"https:\/\/informelitoral.com.ar\/%77%70%2d%6a%73%6f%6e\/wp\/v2\/media?parent=239917"}],"wp:term":[{"taxonomy":"category","embeddable":true,"href":"https:\/\/informelitoral.com.ar\/%77%70%2d%6a%73%6f%6e\/wp\/v2\/categories?post=239917"},{"taxonomy":"post_tag","embeddable":true,"href":"https:\/\/informelitoral.com.ar\/%77%70%2d%6a%73%6f%6e\/wp\/v2\/tags?post=239917"}],"curies":[{"name":"wp","href":"https:\/\/api.w.org\/{rel}","templated":true}]}}