{"id":239808,"date":"2025-11-07T10:02:23","date_gmt":"2025-11-07T13:02:23","guid":{"rendered":"https:\/\/informelitoral.com.ar\/?p=239808"},"modified":"2025-11-07T13:01:46","modified_gmt":"2025-11-07T16:01:46","slug":"aldea-salto-la-justicia-suspendio-fumigaciones-con-drones-por-dano-genotoxico-en-una-nina","status":"publish","type":"post","link":"https:\/\/informelitoral.com.ar\/aldea-salto-la-justicia-suspendio-fumigaciones-con-drones-por-dano-genotoxico-en-una-nina\/","title":{"rendered":"Aldea Salto: la Justicia suspendi\u00f3 fumigaciones con drones por da\u00f1o genot\u00f3xico en una ni\u00f1a"},"content":{"rendered":"<p>En un resonante fallo con fecha 5 de noviembre, la vocal de la C\u00e1mara en lo Contencioso Administrativo de Paran\u00e1, <b>Adriana Beatriz Acevedo<\/b>, orden\u00f3 la <b>suspensi\u00f3n inmediata<\/b> de las fumigaciones con <b>Veh\u00edculos A\u00e9reos No Tripulados (VANT)<\/b>, com\u00fanmente conocidos como drones, en campos linderos a una vivienda de <b>Aldea Salto<\/b>, departamento Diamante.<\/p>\n<h6><em><strong>Del archivo:\u00a0<a href=\"https:\/\/informelitoral.com.ar\/fuerte-expansion-del-maiz-de-primera-en-entre-rios-el-95-presenta-una-condicion-entre-buena-y-muy-buena\/\" target=\"_blank\" rel=\"noopener\">Fuerte expansi\u00f3n del ma\u00edz de primera en Entre R\u00edos: el 95% presenta una condici\u00f3n entre buena y muy buena<\/a><\/strong><\/em><\/h6>\n<p>La decisi\u00f3n fue tomada en el marco de una <b>acci\u00f3n de amparo ambiental<\/b> presentada por el vecino Gerardo Gareis, quien denunci\u00f3 la exposici\u00f3n a agrot\u00f3xicos de su familia. El fallo se mantendr\u00e1 vigente como <b>medida cautelar<\/b> hasta que se resuelva la demanda de fondo.<\/p>\n<p>El aspecto central que determin\u00f3 la resoluci\u00f3n judicial fue la <b>prueba aportada<\/b> por el litigante: estudios gen\u00e9ticos realizados a su hija de 12 a\u00f1os en el Laboratorio de Gen\u00e9tica de R\u00edo Cuarto. Los an\u00e1lisis, firmados por especialistas en toxicogen\u00e9tica, indicaron <b>\u00abDa\u00f1o gen\u00e9tico sostenido\u00bb<\/b> e <b>\u00abIndicadores de genotoxicidad cr\u00f3nica\u00bb<\/b>, vinculados a la exposici\u00f3n continua a los agroqu\u00edmicos.<\/p>\n<p><img decoding=\"async\" src=\"https:\/\/eraverde.com.ar\/%77%70%2d%63%6f%6e%74%65%6e%74\/uploads\/2025\/09\/drone-fumigador-1.jpg\" \/><\/p>\n<p>La jueza Acevedo consider\u00f3 que esta prueba, sumada al riesgo para la ni\u00f1ez, acredit\u00f3 la <b>\u00abverosimilitud del derecho y el peligro en la demora\u00bb<\/b>, se\u00f1alando que una negativa podr\u00eda provocar <b>lesiones irreparables<\/b> a la salud de la ni\u00f1a y al ambiente. Por ello, y aplicando el <b>principio precautorio<\/b>, dispuso el cese inmediato de las fumigaciones con VANT.<\/p>\n<h6><em><strong>Del archivo:\u00a0<a href=\"https:\/\/informelitoral.com.ar\/parana-se-desarrollara-el-taller-de-aplicacion-de-drones-a-la-produccion-agropecuaria\/\" target=\"_blank\" rel=\"noopener\">Paran\u00e1: se desarrollar\u00e1 el taller de Aplicaci\u00f3n de Drones a la Producci\u00f3n Agropecuaria<\/a><\/strong><\/em><\/h6>\n<p>Otro pilar del fallo es la <b>ilegalidad<\/b> de la fumigaci\u00f3n con drones en la provincia. La magistrada tom\u00f3 en cuenta un informe oficial que confirma que, si bien la Ley provincial de Agroqu\u00edmicos N\u00b0 11.178 y su Decreto Reglamentario N\u00b0 1719\/2025 facultan el uso de drones, <b>a\u00fan no se han implementado<\/b> en Entre R\u00edos los requisitos esenciales de <b>inscripci\u00f3n, registro y habilitaci\u00f3n<\/b> necesarios para su aplicaci\u00f3n.<\/p>\n<p><img decoding=\"async\" src=\"https:\/\/eraverde.com.ar\/%77%70%2d%63%6f%6e%74%65%6e%74\/uploads\/2025\/09\/drone-fumigador-2.jpg\" \/><\/p>\n<p>La sentencia subraya que, al incumplir la normativa vigente, las aplicaciones con VANT <b>\u00abconstituyen actualmente una infracci\u00f3n a la Ley 11.178\u00bb<\/b>, y que las recetas agron\u00f3micas a\u00fan no son v\u00e1lidas para este tipo de veh\u00edculos.<\/p>\n<p>El amparo, representado por los abogados Aldana Sasia y Lisandro Garabentos, busca, en el fondo, fijar <b>\u00abzonas de resguardo conforme el est\u00e1ndar cient\u00edfico y constitucional\u00bb<\/b>. Entre las peticiones, se solicita:<\/p>\n<ul>\n<li><b>Prohibici\u00f3n de fumigaciones terrestres<\/b> (con \u00abmosquitos\u00bb) en un radio no menor a <b>1.000 metros<\/b> del per\u00edmetro de la vivienda.<\/li>\n<li><b>Prohibici\u00f3n de fumigaciones a\u00e9reas y con VANT<\/b> en un radio no menor a <b>3.000 metros<\/b>.<\/li>\n<\/ul>\n<p>Adicionalmente, se pide la <b>declaraci\u00f3n de inconstitucionalidad de los art\u00edculos 63\u00ba y 66\u00ba de la Ley N.\u00ba 11.178<\/b> y su Decreto Reglamentario, ya que las distancias actuales que establecen (solo <b>10 metros<\/b> para drones, 100 metros para mosquitos y 200 metros para avionetas) vulneran, seg\u00fan los demandantes, el <b>\u00abderecho a la salud, el derecho a un ambiente sano, los derechos de ni\u00f1os, ni\u00f1as y adolescentes y el principio de progresividad\/no regresi\u00f3n\u00bb<\/b>.<\/p>\n","protected":false},"excerpt":{"rendered":"<p>Una jueza dict\u00f3 una medida cautelar contra las pulverizaciones, declarando la ilegalidad de la pr\u00e1ctica por la falta de reglamentaci\u00f3n.<\/p>\n","protected":false},"author":8,"featured_media":239809,"comment_status":"open","ping_status":"open","sticky":false,"template":"","format":"standard","meta":{"fifu_image_url":"https:\/\/elonce-media.elonce.com\/fotos\/2025\/11\/07\/e_1762511142_3.webp","fifu_image_alt":"","footnotes":""},"categories":[10],"tags":[1581,236,4819],"class_list":{"0":"post-239808","1":"post","2":"type-post","3":"status-publish","4":"format-standard","5":"has-post-thumbnail","7":"category-campo","8":"tag-aldea-salto","9":"tag-fumigaciones","10":"tag-suspension"},"yoast_head":"<title>Aldea Salto: la Justicia suspendi\u00f3 fumigaciones con drones por da\u00f1o genot\u00f3xico en una ni\u00f1a - Informe Litoral<\/title>\n<meta name=\"robots\" content=\"index, follow, max-snippet:-1, max-image-preview:large, max-video-preview:-1\" \/>\n<link rel=\"canonical\" href=\"https:\/\/informelitoral.com.ar\/aldea-salto-la-justicia-suspendio-fumigaciones-con-drones-por-dano-genotoxico-en-una-nina\/\" \/>\n<meta property=\"og:locale\" content=\"es_ES\" \/>\n<meta property=\"og:type\" content=\"article\" \/>\n<meta property=\"og:title\" content=\"Aldea Salto: la Justicia suspendi\u00f3 fumigaciones con drones por da\u00f1o genot\u00f3xico en una ni\u00f1a - Informe Litoral\" \/>\n<meta property=\"og:description\" content=\"Una jueza dict\u00f3 una medida cautelar contra las pulverizaciones, declarando la ilegalidad de la pr\u00e1ctica por la falta de reglamentaci\u00f3n.\" \/>\n<meta property=\"og:url\" content=\"https:\/\/informelitoral.com.ar\/aldea-salto-la-justicia-suspendio-fumigaciones-con-drones-por-dano-genotoxico-en-una-nina\/\" \/>\n<meta property=\"og:site_name\" content=\"Informe Litoral\" \/>\n<meta property=\"article:publisher\" content=\"https:\/\/www.facebook.com\/informelitoral\/\" \/>\n<meta property=\"article:published_time\" content=\"2025-11-07T13:02:23+00:00\" \/>\n<meta property=\"article:modified_time\" content=\"2025-11-07T16:01:46+00:00\" \/>\n<meta property=\"og:image\" content=\"https:\/\/elonce-media.elonce.com\/fotos\/2025\/11\/07\/e_1762511142_3.webp\" \/>\n<meta name=\"author\" content=\"Sebastian\" \/>\n<meta name=\"twitter:card\" content=\"summary_large_image\" \/>\n<meta name=\"twitter:image\" content=\"https:\/\/elonce-media.elonce.com\/fotos\/2025\/11\/07\/e_1762511142_3.webp\" \/>\n<meta name=\"twitter:creator\" content=\"@InformeLitoral\" \/>\n<meta name=\"twitter:site\" content=\"@InformeLitoral\" \/>\n<meta name=\"twitter:label1\" content=\"Escrito por\" \/>\n\t<meta name=\"twitter:data1\" content=\"Sebastian\" \/>\n\t<meta name=\"twitter:label2\" content=\"Tiempo de lectura\" \/>\n\t<meta name=\"twitter:data2\" content=\"3 minutos\" \/>\n<script type=\"application\/ld+json\" class=\"yoast-schema-graph\">{\"@context\":\"https:\\\/\\\/schema.org\",\"@graph\":[{\"@type\":\"Article\",\"@id\":\"https:\\\/\\\/informelitoral.com.ar\\\/aldea-salto-la-justicia-suspendio-fumigaciones-con-drones-por-dano-genotoxico-en-una-nina\\\/#article\",\"isPartOf\":{\"@id\":\"https:\\\/\\\/informelitoral.com.ar\\\/aldea-salto-la-justicia-suspendio-fumigaciones-con-drones-por-dano-genotoxico-en-una-nina\\\/\"},\"author\":{\"name\":\"Sebastian\",\"@id\":\"https:\\\/\\\/informelitoral.com.ar\\\/#\\\/schema\\\/person\\\/f05f9f461677119578717524b127d6d5\"},\"headline\":\"Aldea Salto: la Justicia suspendi\u00f3 fumigaciones con drones por da\u00f1o genot\u00f3xico en una ni\u00f1a\",\"datePublished\":\"2025-11-07T13:02:23+00:00\",\"dateModified\":\"2025-11-07T16:01:46+00:00\",\"mainEntityOfPage\":{\"@id\":\"https:\\\/\\\/informelitoral.com.ar\\\/aldea-salto-la-justicia-suspendio-fumigaciones-con-drones-por-dano-genotoxico-en-una-nina\\\/\"},\"wordCount\":539,\"commentCount\":0,\"publisher\":{\"@id\":\"https:\\\/\\\/informelitoral.com.ar\\\/#organization\"},\"image\":{\"@id\":\"https:\\\/\\\/informelitoral.com.ar\\\/aldea-salto-la-justicia-suspendio-fumigaciones-con-drones-por-dano-genotoxico-en-una-nina\\\/#primaryimage\"},\"thumbnailUrl\":\"https:\\\/\\\/elonce-media.elonce.com\\\/fotos\\\/2025\\\/11\\\/07\\\/e_1762511142_3.webp\",\"keywords\":[\"Aldea Salto\",\"Fumigaciones\",\"Suspensi\u00f3n\"],\"articleSection\":[\"Campo\"],\"inLanguage\":\"es\",\"potentialAction\":[{\"@type\":\"CommentAction\",\"name\":\"Comment\",\"target\":[\"https:\\\/\\\/informelitoral.com.ar\\\/aldea-salto-la-justicia-suspendio-fumigaciones-con-drones-por-dano-genotoxico-en-una-nina\\\/#respond\"]}]},{\"@type\":\"WebPage\",\"@id\":\"https:\\\/\\\/informelitoral.com.ar\\\/aldea-salto-la-justicia-suspendio-fumigaciones-con-drones-por-dano-genotoxico-en-una-nina\\\/\",\"url\":\"https:\\\/\\\/informelitoral.com.ar\\\/aldea-salto-la-justicia-suspendio-fumigaciones-con-drones-por-dano-genotoxico-en-una-nina\\\/\",\"name\":\"Aldea Salto: la Justicia suspendi\u00f3 fumigaciones con drones por da\u00f1o genot\u00f3xico en una ni\u00f1a - Informe Litoral\",\"isPartOf\":{\"@id\":\"https:\\\/\\\/informelitoral.com.ar\\\/#website\"},\"primaryImageOfPage\":{\"@id\":\"https:\\\/\\\/informelitoral.com.ar\\\/aldea-salto-la-justicia-suspendio-fumigaciones-con-drones-por-dano-genotoxico-en-una-nina\\\/#primaryimage\"},\"image\":{\"@id\":\"https:\\\/\\\/informelitoral.com.ar\\\/aldea-salto-la-justicia-suspendio-fumigaciones-con-drones-por-dano-genotoxico-en-una-nina\\\/#primaryimage\"},\"thumbnailUrl\":\"https:\\\/\\\/elonce-media.elonce.com\\\/fotos\\\/2025\\\/11\\\/07\\\/e_1762511142_3.webp\",\"datePublished\":\"2025-11-07T13:02:23+00:00\",\"dateModified\":\"2025-11-07T16:01:46+00:00\",\"breadcrumb\":{\"@id\":\"https:\\\/\\\/informelitoral.com.ar\\\/aldea-salto-la-justicia-suspendio-fumigaciones-con-drones-por-dano-genotoxico-en-una-nina\\\/#breadcrumb\"},\"inLanguage\":\"es\",\"potentialAction\":[{\"@type\":\"ReadAction\",\"target\":[\"https:\\\/\\\/informelitoral.com.ar\\\/aldea-salto-la-justicia-suspendio-fumigaciones-con-drones-por-dano-genotoxico-en-una-nina\\\/\"]}]},{\"@type\":\"ImageObject\",\"inLanguage\":\"es\",\"@id\":\"https:\\\/\\\/informelitoral.com.ar\\\/aldea-salto-la-justicia-suspendio-fumigaciones-con-drones-por-dano-genotoxico-en-una-nina\\\/#primaryimage\",\"url\":\"https:\\\/\\\/elonce-media.elonce.com\\\/fotos\\\/2025\\\/11\\\/07\\\/e_1762511142_3.webp\",\"contentUrl\":\"https:\\\/\\\/elonce-media.elonce.com\\\/fotos\\\/2025\\\/11\\\/07\\\/e_1762511142_3.webp\",\"width\":\"900\",\"height\":\"600\"},{\"@type\":\"BreadcrumbList\",\"@id\":\"https:\\\/\\\/informelitoral.com.ar\\\/aldea-salto-la-justicia-suspendio-fumigaciones-con-drones-por-dano-genotoxico-en-una-nina\\\/#breadcrumb\",\"itemListElement\":[{\"@type\":\"ListItem\",\"position\":1,\"name\":\"Portada\",\"item\":\"https:\\\/\\\/informelitoral.com.ar\\\/\"},{\"@type\":\"ListItem\",\"position\":2,\"name\":\"Aldea Salto: la Justicia suspendi\u00f3 fumigaciones con drones por da\u00f1o genot\u00f3xico en una ni\u00f1a\"}]},{\"@type\":\"WebSite\",\"@id\":\"https:\\\/\\\/informelitoral.com.ar\\\/#website\",\"url\":\"https:\\\/\\\/informelitoral.com.ar\\\/\",\"name\":\"Informe Litoral\",\"description\":\"&quot;Nos informamos&quot; \",\"publisher\":{\"@id\":\"https:\\\/\\\/informelitoral.com.ar\\\/#organization\"},\"potentialAction\":[{\"@type\":\"SearchAction\",\"target\":{\"@type\":\"EntryPoint\",\"urlTemplate\":\"https:\\\/\\\/informelitoral.com.ar\\\/?s={search_term_string}\"},\"query-input\":{\"@type\":\"PropertyValueSpecification\",\"valueRequired\":true,\"valueName\":\"search_term_string\"}}],\"inLanguage\":\"es\"},{\"@type\":\"Organization\",\"@id\":\"https:\\\/\\\/informelitoral.com.ar\\\/#organization\",\"name\":\"Informe Litoral\",\"url\":\"https:\\\/\\\/informelitoral.com.ar\\\/\",\"logo\":{\"@type\":\"ImageObject\",\"inLanguage\":\"es\",\"@id\":\"https:\\\/\\\/informelitoral.com.ar\\\/#\\\/schema\\\/logo\\\/image\\\/\",\"url\":\"https:\\\/\\\/informelitoral.com.ar\\\/%77%70%2d%63%6f%6e%74%65%6e%74\\\/uploads\\\/2021\\\/01\\\/circulo.png\",\"contentUrl\":\"https:\\\/\\\/informelitoral.com.ar\\\/%77%70%2d%63%6f%6e%74%65%6e%74\\\/uploads\\\/2021\\\/01\\\/circulo.png\",\"width\":723,\"height\":731,\"caption\":\"Informe Litoral\"},\"image\":{\"@id\":\"https:\\\/\\\/informelitoral.com.ar\\\/#\\\/schema\\\/logo\\\/image\\\/\"},\"sameAs\":[\"https:\\\/\\\/www.facebook.com\\\/informelitoral\\\/\",\"https:\\\/\\\/x.com\\\/InformeLitoral\",\"https:\\\/\\\/www.instagram.com\\\/informelitoral\\\/\",\"https:\\\/\\\/www.youtube.com\\\/channel\\\/UCua4Qvz8Icb6MYqhoq9xLXw\"]},{\"@type\":\"Person\",\"@id\":\"https:\\\/\\\/informelitoral.com.ar\\\/#\\\/schema\\\/person\\\/f05f9f461677119578717524b127d6d5\",\"name\":\"Sebastian\",\"image\":{\"@type\":\"ImageObject\",\"inLanguage\":\"es\",\"@id\":\"https:\\\/\\\/secure.gravatar.com\\\/avatar\\\/b71bf7481d447dfb9583c7f2798e7cc64de6efb9067b74633ed8c31059a3bd82?s=96&d=mm&r=g\",\"url\":\"https:\\\/\\\/secure.gravatar.com\\\/avatar\\\/b71bf7481d447dfb9583c7f2798e7cc64de6efb9067b74633ed8c31059a3bd82?s=96&d=mm&r=g\",\"contentUrl\":\"https:\\\/\\\/secure.gravatar.com\\\/avatar\\\/b71bf7481d447dfb9583c7f2798e7cc64de6efb9067b74633ed8c31059a3bd82?s=96&d=mm&r=g\",\"caption\":\"Sebastian\"},\"url\":\"https:\\\/\\\/informelitoral.com.ar\\\/author\\\/sebastian\\\/\"}]}<\/script>","yoast_head_json":{"title":"Aldea Salto: la Justicia suspendi\u00f3 fumigaciones con drones por da\u00f1o genot\u00f3xico en una ni\u00f1a - Informe Litoral","robots":{"index":"index","follow":"follow","max-snippet":"max-snippet:-1","max-image-preview":"max-image-preview:large","max-video-preview":"max-video-preview:-1"},"canonical":"https:\/\/informelitoral.com.ar\/aldea-salto-la-justicia-suspendio-fumigaciones-con-drones-por-dano-genotoxico-en-una-nina\/","og_locale":"es_ES","og_type":"article","og_title":"Aldea Salto: la Justicia suspendi\u00f3 fumigaciones con drones por da\u00f1o genot\u00f3xico en una ni\u00f1a - Informe Litoral","og_description":"Una jueza dict\u00f3 una medida cautelar contra las pulverizaciones, declarando la ilegalidad de la pr\u00e1ctica por la falta de reglamentaci\u00f3n.","og_url":"https:\/\/informelitoral.com.ar\/aldea-salto-la-justicia-suspendio-fumigaciones-con-drones-por-dano-genotoxico-en-una-nina\/","og_site_name":"Informe Litoral","article_publisher":"https:\/\/www.facebook.com\/informelitoral\/","article_published_time":"2025-11-07T13:02:23+00:00","article_modified_time":"2025-11-07T16:01:46+00:00","og_image":[{"url":"https:\/\/elonce-media.elonce.com\/fotos\/2025\/11\/07\/e_1762511142_3.webp","type":"","width":"","height":""}],"author":"Sebastian","twitter_card":"summary_large_image","twitter_image":"https:\/\/elonce-media.elonce.com\/fotos\/2025\/11\/07\/e_1762511142_3.webp","twitter_creator":"@InformeLitoral","twitter_site":"@InformeLitoral","twitter_misc":{"Escrito por":"Sebastian","Tiempo de lectura":"3 minutos"},"schema":{"@context":"https:\/\/schema.org","@graph":[{"@type":"Article","@id":"https:\/\/informelitoral.com.ar\/aldea-salto-la-justicia-suspendio-fumigaciones-con-drones-por-dano-genotoxico-en-una-nina\/#article","isPartOf":{"@id":"https:\/\/informelitoral.com.ar\/aldea-salto-la-justicia-suspendio-fumigaciones-con-drones-por-dano-genotoxico-en-una-nina\/"},"author":{"name":"Sebastian","@id":"https:\/\/informelitoral.com.ar\/#\/schema\/person\/f05f9f461677119578717524b127d6d5"},"headline":"Aldea Salto: la Justicia suspendi\u00f3 fumigaciones con drones por da\u00f1o genot\u00f3xico en una ni\u00f1a","datePublished":"2025-11-07T13:02:23+00:00","dateModified":"2025-11-07T16:01:46+00:00","mainEntityOfPage":{"@id":"https:\/\/informelitoral.com.ar\/aldea-salto-la-justicia-suspendio-fumigaciones-con-drones-por-dano-genotoxico-en-una-nina\/"},"wordCount":539,"commentCount":0,"publisher":{"@id":"https:\/\/informelitoral.com.ar\/#organization"},"image":{"@id":"https:\/\/informelitoral.com.ar\/aldea-salto-la-justicia-suspendio-fumigaciones-con-drones-por-dano-genotoxico-en-una-nina\/#primaryimage"},"thumbnailUrl":"https:\/\/elonce-media.elonce.com\/fotos\/2025\/11\/07\/e_1762511142_3.webp","keywords":["Aldea Salto","Fumigaciones","Suspensi\u00f3n"],"articleSection":["Campo"],"inLanguage":"es","potentialAction":[{"@type":"CommentAction","name":"Comment","target":["https:\/\/informelitoral.com.ar\/aldea-salto-la-justicia-suspendio-fumigaciones-con-drones-por-dano-genotoxico-en-una-nina\/#respond"]}]},{"@type":"WebPage","@id":"https:\/\/informelitoral.com.ar\/aldea-salto-la-justicia-suspendio-fumigaciones-con-drones-por-dano-genotoxico-en-una-nina\/","url":"https:\/\/informelitoral.com.ar\/aldea-salto-la-justicia-suspendio-fumigaciones-con-drones-por-dano-genotoxico-en-una-nina\/","name":"Aldea Salto: la Justicia suspendi\u00f3 fumigaciones con drones por da\u00f1o genot\u00f3xico en una ni\u00f1a - Informe Litoral","isPartOf":{"@id":"https:\/\/informelitoral.com.ar\/#website"},"primaryImageOfPage":{"@id":"https:\/\/informelitoral.com.ar\/aldea-salto-la-justicia-suspendio-fumigaciones-con-drones-por-dano-genotoxico-en-una-nina\/#primaryimage"},"image":{"@id":"https:\/\/informelitoral.com.ar\/aldea-salto-la-justicia-suspendio-fumigaciones-con-drones-por-dano-genotoxico-en-una-nina\/#primaryimage"},"thumbnailUrl":"https:\/\/elonce-media.elonce.com\/fotos\/2025\/11\/07\/e_1762511142_3.webp","datePublished":"2025-11-07T13:02:23+00:00","dateModified":"2025-11-07T16:01:46+00:00","breadcrumb":{"@id":"https:\/\/informelitoral.com.ar\/aldea-salto-la-justicia-suspendio-fumigaciones-con-drones-por-dano-genotoxico-en-una-nina\/#breadcrumb"},"inLanguage":"es","potentialAction":[{"@type":"ReadAction","target":["https:\/\/informelitoral.com.ar\/aldea-salto-la-justicia-suspendio-fumigaciones-con-drones-por-dano-genotoxico-en-una-nina\/"]}]},{"@type":"ImageObject","inLanguage":"es","@id":"https:\/\/informelitoral.com.ar\/aldea-salto-la-justicia-suspendio-fumigaciones-con-drones-por-dano-genotoxico-en-una-nina\/#primaryimage","url":"https:\/\/elonce-media.elonce.com\/fotos\/2025\/11\/07\/e_1762511142_3.webp","contentUrl":"https:\/\/elonce-media.elonce.com\/fotos\/2025\/11\/07\/e_1762511142_3.webp","width":"900","height":"600"},{"@type":"BreadcrumbList","@id":"https:\/\/informelitoral.com.ar\/aldea-salto-la-justicia-suspendio-fumigaciones-con-drones-por-dano-genotoxico-en-una-nina\/#breadcrumb","itemListElement":[{"@type":"ListItem","position":1,"name":"Portada","item":"https:\/\/informelitoral.com.ar\/"},{"@type":"ListItem","position":2,"name":"Aldea Salto: la Justicia suspendi\u00f3 fumigaciones con drones por da\u00f1o genot\u00f3xico en una ni\u00f1a"}]},{"@type":"WebSite","@id":"https:\/\/informelitoral.com.ar\/#website","url":"https:\/\/informelitoral.com.ar\/","name":"Informe Litoral","description":"&quot;Nos informamos&quot; ","publisher":{"@id":"https:\/\/informelitoral.com.ar\/#organization"},"potentialAction":[{"@type":"SearchAction","target":{"@type":"EntryPoint","urlTemplate":"https:\/\/informelitoral.com.ar\/?s={search_term_string}"},"query-input":{"@type":"PropertyValueSpecification","valueRequired":true,"valueName":"search_term_string"}}],"inLanguage":"es"},{"@type":"Organization","@id":"https:\/\/informelitoral.com.ar\/#organization","name":"Informe Litoral","url":"https:\/\/informelitoral.com.ar\/","logo":{"@type":"ImageObject","inLanguage":"es","@id":"https:\/\/informelitoral.com.ar\/#\/schema\/logo\/image\/","url":"https:\/\/informelitoral.com.ar\/%77%70%2d%63%6f%6e%74%65%6e%74\/uploads\/2021\/01\/circulo.png","contentUrl":"https:\/\/informelitoral.com.ar\/%77%70%2d%63%6f%6e%74%65%6e%74\/uploads\/2021\/01\/circulo.png","width":723,"height":731,"caption":"Informe Litoral"},"image":{"@id":"https:\/\/informelitoral.com.ar\/#\/schema\/logo\/image\/"},"sameAs":["https:\/\/www.facebook.com\/informelitoral\/","https:\/\/x.com\/InformeLitoral","https:\/\/www.instagram.com\/informelitoral\/","https:\/\/www.youtube.com\/channel\/UCua4Qvz8Icb6MYqhoq9xLXw"]},{"@type":"Person","@id":"https:\/\/informelitoral.com.ar\/#\/schema\/person\/f05f9f461677119578717524b127d6d5","name":"Sebastian","image":{"@type":"ImageObject","inLanguage":"es","@id":"https:\/\/secure.gravatar.com\/avatar\/b71bf7481d447dfb9583c7f2798e7cc64de6efb9067b74633ed8c31059a3bd82?s=96&d=mm&r=g","url":"https:\/\/secure.gravatar.com\/avatar\/b71bf7481d447dfb9583c7f2798e7cc64de6efb9067b74633ed8c31059a3bd82?s=96&d=mm&r=g","contentUrl":"https:\/\/secure.gravatar.com\/avatar\/b71bf7481d447dfb9583c7f2798e7cc64de6efb9067b74633ed8c31059a3bd82?s=96&d=mm&r=g","caption":"Sebastian"},"url":"https:\/\/informelitoral.com.ar\/author\/sebastian\/"}]}},"fifu_image_url":"https:\/\/elonce-media.elonce.com\/fotos\/2025\/11\/07\/e_1762511142_3.webp","_links":{"self":[{"href":"https:\/\/informelitoral.com.ar\/%77%70%2d%6a%73%6f%6e\/wp\/v2\/posts\/239808","targetHints":{"allow":["GET"]}}],"collection":[{"href":"https:\/\/informelitoral.com.ar\/%77%70%2d%6a%73%6f%6e\/wp\/v2\/posts"}],"about":[{"href":"https:\/\/informelitoral.com.ar\/%77%70%2d%6a%73%6f%6e\/wp\/v2\/types\/post"}],"author":[{"embeddable":true,"href":"https:\/\/informelitoral.com.ar\/%77%70%2d%6a%73%6f%6e\/wp\/v2\/users\/8"}],"replies":[{"embeddable":true,"href":"https:\/\/informelitoral.com.ar\/%77%70%2d%6a%73%6f%6e\/wp\/v2\/comments?post=239808"}],"version-history":[{"count":6,"href":"https:\/\/informelitoral.com.ar\/%77%70%2d%6a%73%6f%6e\/wp\/v2\/posts\/239808\/revisions"}],"predecessor-version":[{"id":239866,"href":"https:\/\/informelitoral.com.ar\/%77%70%2d%6a%73%6f%6e\/wp\/v2\/posts\/239808\/revisions\/239866"}],"wp:featuredmedia":[{"embeddable":true,"href":"https:\/\/informelitoral.com.ar\/%77%70%2d%6a%73%6f%6e\/wp\/v2\/media\/239809"}],"wp:attachment":[{"href":"https:\/\/informelitoral.com.ar\/%77%70%2d%6a%73%6f%6e\/wp\/v2\/media?parent=239808"}],"wp:term":[{"taxonomy":"category","embeddable":true,"href":"https:\/\/informelitoral.com.ar\/%77%70%2d%6a%73%6f%6e\/wp\/v2\/categories?post=239808"},{"taxonomy":"post_tag","embeddable":true,"href":"https:\/\/informelitoral.com.ar\/%77%70%2d%6a%73%6f%6e\/wp\/v2\/tags?post=239808"}],"curies":[{"name":"wp","href":"https:\/\/api.w.org\/{rel}","templated":true}]}}