{"id":239801,"date":"2025-11-07T09:50:06","date_gmt":"2025-11-07T12:50:06","guid":{"rendered":"https:\/\/informelitoral.com.ar\/?p=239801"},"modified":"2025-11-07T11:05:36","modified_gmt":"2025-11-07T14:05:36","slug":"enjambre-de-avispas-causo-caos-e-internaciones-en-una-localidad-entrerriana","status":"publish","type":"post","link":"https:\/\/informelitoral.com.ar\/enjambre-de-avispas-causo-caos-e-internaciones-en-una-localidad-entrerriana\/","title":{"rendered":"Enjambre de avispas caus\u00f3 caos e internaciones en una localidad entrerriana"},"content":{"rendered":"<p>Un\u00a0<strong>enjambre de avispas provoc\u00f3 heridos y caos\u00a0<\/strong>en\u00a0<strong>Santa Elena\u00a0<\/strong>este jueves. Los insectos atacaron a ni\u00f1os y vecinos en la zona de los barrios 120 Viviendas y 16 Viviendas, cerca de un jard\u00edn de infantes. Una mujer se desmay\u00f3 con un beb\u00e9 en brazos y varias personas fueron trasladadas en ambulancia.<\/p>\n<h6><strong><em>Del archivo:\u00a0<a href=\"https:\/\/informelitoral.com.ar\/accidente-en-la-ruta-32-un-auto-volco-cerca-de-viale\/\" target=\"_blank\" rel=\"noopener\">Accidente en la ruta 32: un auto volc\u00f3 cerca de Viale<\/a><\/em><\/strong><\/h6>\n<p>Las avipas, incluso,\u00a0<strong>alcanzaron a ingresar al jard\u00edn, por lo que hubo alumnos y padres que tambi\u00e9n sufrieron las consecuencias.<\/strong>\u00a0En el hecho intervino personal de bomberos y del municipio, para organizar la situaci\u00f3n vehicular e interrumpir el tr\u00e1nsito con el objetivo de asistir a las personas afectadas.<\/p>\n<figure style=\"width: 683px\" class=\"wp-caption alignnone\"><img loading=\"lazy\" decoding=\"async\" src=\"https:\/\/argentinalomejor.com\/%77%70%2d%63%6f%6e%74%65%6e%74\/uploads\/2018\/05\/SANTA-ELENA-1.jpg\" alt=\"Santa Elena Entre R\u00edos: historia, clima, turismo, ubicaci\u00f3n y m\u00e1s\" width=\"683\" height=\"447\" \/><figcaption class=\"wp-caption-text\">Santa Elena<\/figcaption><\/figure>\n<p>Seg\u00fan medios locales,\u00a0<strong>una mujer, que ten\u00eda un beb\u00e9 en brazos, se desvaneci\u00f3<\/strong>\u00a0en la v\u00eda p\u00fablica y tap\u00f3 al peque\u00f1o para impedir que los insectos lo picaran. Sus otras dos hijas, que la acompa\u00f1aban, sufrieron el ataque de m\u00e1s de una decena de avispas, lo que provoc\u00f3 desesperaci\u00f3n total entre vecinos.<\/p>\n<h6><em><strong>Del archivo:\u00a0<a href=\"https:\/\/informelitoral.com.ar\/precios-del-remate-de-hacienda-de-la-ganadera-en-general-ramirez-del-jueves-6-de-noviembre-de-2025\/\" target=\"_blank\" rel=\"noopener\">Precios del remate de hacienda de La Ganadera en General Ram\u00edrez del jueves 6 de noviembre de 2025<\/a><\/strong><\/em><\/h6>\n<p>De acuerdo a los primeros testimonios, se presume que el episodio se produjo luego de que\u00a0<strong>un grupo de ni\u00f1os golpeara y rompiera un panal con un elemento contundente o un proyectil<\/strong>, lo que habr\u00eda provocado la reacci\u00f3n violenta de los insectos y su posterior ataque en la zona del preescolar.(<em>Con informaci\u00f3n de Ahora<\/em>)<\/p>\n","protected":false},"excerpt":{"rendered":"<p>La violenta reacci\u00f3n de los insectos afect\u00f3 a ni\u00f1os y vecinos cerca de un jard\u00edn de infantes, generando una r\u00e1pida movilizaci\u00f3n de servicios de emergencia.<\/p>\n","protected":false},"author":8,"featured_media":239802,"comment_status":"open","ping_status":"open","sticky":false,"template":"","format":"standard","meta":{"fifu_image_url":"https:\/\/i0.wp.com\/ahora.com.ar\/wp-content\/uploads\/2025\/11\/enjambre-avispas.jpg?resize=696%2C385&quality=89&ssl=1","fifu_image_alt":"","footnotes":""},"categories":[9],"tags":[6181,2984,1363],"class_list":{"0":"post-239801","1":"post","2":"type-post","3":"status-publish","4":"format-standard","5":"has-post-thumbnail","7":"category-sociedad","8":"tag-avispas","9":"tag-heridos","10":"tag-santa-elena"},"yoast_head":"<title>Enjambre de avispas caus\u00f3 caos e internaciones en una localidad entrerriana - Informe Litoral<\/title>\n<meta name=\"robots\" content=\"index, follow, max-snippet:-1, max-image-preview:large, max-video-preview:-1\" \/>\n<link rel=\"canonical\" href=\"https:\/\/informelitoral.com.ar\/enjambre-de-avispas-causo-caos-e-internaciones-en-una-localidad-entrerriana\/\" \/>\n<meta property=\"og:locale\" content=\"es_ES\" \/>\n<meta property=\"og:type\" content=\"article\" \/>\n<meta property=\"og:title\" content=\"Enjambre de avispas caus\u00f3 caos e internaciones en una localidad entrerriana - Informe Litoral\" \/>\n<meta property=\"og:description\" content=\"La violenta reacci\u00f3n de los insectos afect\u00f3 a ni\u00f1os y vecinos cerca de un jard\u00edn de infantes, generando una r\u00e1pida movilizaci\u00f3n de servicios de emergencia.\" \/>\n<meta property=\"og:url\" content=\"https:\/\/informelitoral.com.ar\/enjambre-de-avispas-causo-caos-e-internaciones-en-una-localidad-entrerriana\/\" \/>\n<meta property=\"og:site_name\" content=\"Informe Litoral\" \/>\n<meta property=\"article:publisher\" content=\"https:\/\/www.facebook.com\/informelitoral\/\" \/>\n<meta property=\"article:published_time\" content=\"2025-11-07T12:50:06+00:00\" \/>\n<meta property=\"article:modified_time\" content=\"2025-11-07T14:05:36+00:00\" \/>\n<meta property=\"og:image\" content=\"https:\/\/i0.wp.com\/ahora.com.ar\/%77%70%2d%63%6f%6e%74%65%6e%74\/uploads\/2025\/11\/enjambre-avispas.jpg?resize=696%2C385&quality=89&ssl=1\" \/>\n<meta name=\"author\" content=\"Sebastian\" \/>\n<meta name=\"twitter:card\" content=\"summary_large_image\" \/>\n<meta name=\"twitter:image\" content=\"https:\/\/i0.wp.com\/ahora.com.ar\/%77%70%2d%63%6f%6e%74%65%6e%74\/uploads\/2025\/11\/enjambre-avispas.jpg?resize=696%2C385&quality=89&ssl=1\" \/>\n<meta name=\"twitter:creator\" content=\"@InformeLitoral\" \/>\n<meta name=\"twitter:site\" content=\"@InformeLitoral\" \/>\n<meta name=\"twitter:label1\" content=\"Escrito por\" \/>\n\t<meta name=\"twitter:data1\" content=\"Sebastian\" \/>\n\t<meta name=\"twitter:label2\" content=\"Tiempo de lectura\" \/>\n\t<meta name=\"twitter:data2\" content=\"2 minutos\" \/>\n<script type=\"application\/ld+json\" class=\"yoast-schema-graph\">{\"@context\":\"https:\\\/\\\/schema.org\",\"@graph\":[{\"@type\":\"Article\",\"@id\":\"https:\\\/\\\/informelitoral.com.ar\\\/enjambre-de-avispas-causo-caos-e-internaciones-en-una-localidad-entrerriana\\\/#article\",\"isPartOf\":{\"@id\":\"https:\\\/\\\/informelitoral.com.ar\\\/enjambre-de-avispas-causo-caos-e-internaciones-en-una-localidad-entrerriana\\\/\"},\"author\":{\"name\":\"Sebastian\",\"@id\":\"https:\\\/\\\/informelitoral.com.ar\\\/#\\\/schema\\\/person\\\/f05f9f461677119578717524b127d6d5\"},\"headline\":\"Enjambre de avispas caus\u00f3 caos e internaciones en una localidad entrerriana\",\"datePublished\":\"2025-11-07T12:50:06+00:00\",\"dateModified\":\"2025-11-07T14:05:36+00:00\",\"mainEntityOfPage\":{\"@id\":\"https:\\\/\\\/informelitoral.com.ar\\\/enjambre-de-avispas-causo-caos-e-internaciones-en-una-localidad-entrerriana\\\/\"},\"wordCount\":274,\"commentCount\":0,\"publisher\":{\"@id\":\"https:\\\/\\\/informelitoral.com.ar\\\/#organization\"},\"image\":{\"@id\":\"https:\\\/\\\/informelitoral.com.ar\\\/enjambre-de-avispas-causo-caos-e-internaciones-en-una-localidad-entrerriana\\\/#primaryimage\"},\"thumbnailUrl\":\"https:\\\/\\\/i0.wp.com\\\/ahora.com.ar\\\/%77%70%2d%63%6f%6e%74%65%6e%74\\\/uploads\\\/2025\\\/11\\\/enjambre-avispas.jpg?resize=696%2C385&quality=89&ssl=1\",\"keywords\":[\"Avispas\",\"Heridos\",\"Santa Elena\"],\"articleSection\":[\"Sociedad\"],\"inLanguage\":\"es\",\"potentialAction\":[{\"@type\":\"CommentAction\",\"name\":\"Comment\",\"target\":[\"https:\\\/\\\/informelitoral.com.ar\\\/enjambre-de-avispas-causo-caos-e-internaciones-en-una-localidad-entrerriana\\\/#respond\"]}]},{\"@type\":\"WebPage\",\"@id\":\"https:\\\/\\\/informelitoral.com.ar\\\/enjambre-de-avispas-causo-caos-e-internaciones-en-una-localidad-entrerriana\\\/\",\"url\":\"https:\\\/\\\/informelitoral.com.ar\\\/enjambre-de-avispas-causo-caos-e-internaciones-en-una-localidad-entrerriana\\\/\",\"name\":\"Enjambre de avispas caus\u00f3 caos e internaciones en una localidad entrerriana - Informe Litoral\",\"isPartOf\":{\"@id\":\"https:\\\/\\\/informelitoral.com.ar\\\/#website\"},\"primaryImageOfPage\":{\"@id\":\"https:\\\/\\\/informelitoral.com.ar\\\/enjambre-de-avispas-causo-caos-e-internaciones-en-una-localidad-entrerriana\\\/#primaryimage\"},\"image\":{\"@id\":\"https:\\\/\\\/informelitoral.com.ar\\\/enjambre-de-avispas-causo-caos-e-internaciones-en-una-localidad-entrerriana\\\/#primaryimage\"},\"thumbnailUrl\":\"https:\\\/\\\/i0.wp.com\\\/ahora.com.ar\\\/%77%70%2d%63%6f%6e%74%65%6e%74\\\/uploads\\\/2025\\\/11\\\/enjambre-avispas.jpg?resize=696%2C385&quality=89&ssl=1\",\"datePublished\":\"2025-11-07T12:50:06+00:00\",\"dateModified\":\"2025-11-07T14:05:36+00:00\",\"breadcrumb\":{\"@id\":\"https:\\\/\\\/informelitoral.com.ar\\\/enjambre-de-avispas-causo-caos-e-internaciones-en-una-localidad-entrerriana\\\/#breadcrumb\"},\"inLanguage\":\"es\",\"potentialAction\":[{\"@type\":\"ReadAction\",\"target\":[\"https:\\\/\\\/informelitoral.com.ar\\\/enjambre-de-avispas-causo-caos-e-internaciones-en-una-localidad-entrerriana\\\/\"]}]},{\"@type\":\"ImageObject\",\"inLanguage\":\"es\",\"@id\":\"https:\\\/\\\/informelitoral.com.ar\\\/enjambre-de-avispas-causo-caos-e-internaciones-en-una-localidad-entrerriana\\\/#primaryimage\",\"url\":\"https:\\\/\\\/i0.wp.com\\\/ahora.com.ar\\\/%77%70%2d%63%6f%6e%74%65%6e%74\\\/uploads\\\/2025\\\/11\\\/enjambre-avispas.jpg?resize=696%2C385&quality=89&ssl=1\",\"contentUrl\":\"https:\\\/\\\/i0.wp.com\\\/ahora.com.ar\\\/%77%70%2d%63%6f%6e%74%65%6e%74\\\/uploads\\\/2025\\\/11\\\/enjambre-avispas.jpg?resize=696%2C385&quality=89&ssl=1\",\"width\":\"696\",\"height\":\"385\"},{\"@type\":\"BreadcrumbList\",\"@id\":\"https:\\\/\\\/informelitoral.com.ar\\\/enjambre-de-avispas-causo-caos-e-internaciones-en-una-localidad-entrerriana\\\/#breadcrumb\",\"itemListElement\":[{\"@type\":\"ListItem\",\"position\":1,\"name\":\"Portada\",\"item\":\"https:\\\/\\\/informelitoral.com.ar\\\/\"},{\"@type\":\"ListItem\",\"position\":2,\"name\":\"Enjambre de avispas caus\u00f3 caos e internaciones en una localidad entrerriana\"}]},{\"@type\":\"WebSite\",\"@id\":\"https:\\\/\\\/informelitoral.com.ar\\\/#website\",\"url\":\"https:\\\/\\\/informelitoral.com.ar\\\/\",\"name\":\"Informe Litoral\",\"description\":\"&quot;Nos informamos&quot; \",\"publisher\":{\"@id\":\"https:\\\/\\\/informelitoral.com.ar\\\/#organization\"},\"potentialAction\":[{\"@type\":\"SearchAction\",\"target\":{\"@type\":\"EntryPoint\",\"urlTemplate\":\"https:\\\/\\\/informelitoral.com.ar\\\/?s={search_term_string}\"},\"query-input\":{\"@type\":\"PropertyValueSpecification\",\"valueRequired\":true,\"valueName\":\"search_term_string\"}}],\"inLanguage\":\"es\"},{\"@type\":\"Organization\",\"@id\":\"https:\\\/\\\/informelitoral.com.ar\\\/#organization\",\"name\":\"Informe Litoral\",\"url\":\"https:\\\/\\\/informelitoral.com.ar\\\/\",\"logo\":{\"@type\":\"ImageObject\",\"inLanguage\":\"es\",\"@id\":\"https:\\\/\\\/informelitoral.com.ar\\\/#\\\/schema\\\/logo\\\/image\\\/\",\"url\":\"https:\\\/\\\/informelitoral.com.ar\\\/%77%70%2d%63%6f%6e%74%65%6e%74\\\/uploads\\\/2021\\\/01\\\/circulo.png\",\"contentUrl\":\"https:\\\/\\\/informelitoral.com.ar\\\/%77%70%2d%63%6f%6e%74%65%6e%74\\\/uploads\\\/2021\\\/01\\\/circulo.png\",\"width\":723,\"height\":731,\"caption\":\"Informe Litoral\"},\"image\":{\"@id\":\"https:\\\/\\\/informelitoral.com.ar\\\/#\\\/schema\\\/logo\\\/image\\\/\"},\"sameAs\":[\"https:\\\/\\\/www.facebook.com\\\/informelitoral\\\/\",\"https:\\\/\\\/x.com\\\/InformeLitoral\",\"https:\\\/\\\/www.instagram.com\\\/informelitoral\\\/\",\"https:\\\/\\\/www.youtube.com\\\/channel\\\/UCua4Qvz8Icb6MYqhoq9xLXw\"]},{\"@type\":\"Person\",\"@id\":\"https:\\\/\\\/informelitoral.com.ar\\\/#\\\/schema\\\/person\\\/f05f9f461677119578717524b127d6d5\",\"name\":\"Sebastian\",\"image\":{\"@type\":\"ImageObject\",\"inLanguage\":\"es\",\"@id\":\"https:\\\/\\\/secure.gravatar.com\\\/avatar\\\/b71bf7481d447dfb9583c7f2798e7cc64de6efb9067b74633ed8c31059a3bd82?s=96&d=mm&r=g\",\"url\":\"https:\\\/\\\/secure.gravatar.com\\\/avatar\\\/b71bf7481d447dfb9583c7f2798e7cc64de6efb9067b74633ed8c31059a3bd82?s=96&d=mm&r=g\",\"contentUrl\":\"https:\\\/\\\/secure.gravatar.com\\\/avatar\\\/b71bf7481d447dfb9583c7f2798e7cc64de6efb9067b74633ed8c31059a3bd82?s=96&d=mm&r=g\",\"caption\":\"Sebastian\"},\"url\":\"https:\\\/\\\/informelitoral.com.ar\\\/author\\\/sebastian\\\/\"}]}<\/script>","yoast_head_json":{"title":"Enjambre de avispas caus\u00f3 caos e internaciones en una localidad entrerriana - Informe Litoral","robots":{"index":"index","follow":"follow","max-snippet":"max-snippet:-1","max-image-preview":"max-image-preview:large","max-video-preview":"max-video-preview:-1"},"canonical":"https:\/\/informelitoral.com.ar\/enjambre-de-avispas-causo-caos-e-internaciones-en-una-localidad-entrerriana\/","og_locale":"es_ES","og_type":"article","og_title":"Enjambre de avispas caus\u00f3 caos e internaciones en una localidad entrerriana - Informe Litoral","og_description":"La violenta reacci\u00f3n de los insectos afect\u00f3 a ni\u00f1os y vecinos cerca de un jard\u00edn de infantes, generando una r\u00e1pida movilizaci\u00f3n de servicios de emergencia.","og_url":"https:\/\/informelitoral.com.ar\/enjambre-de-avispas-causo-caos-e-internaciones-en-una-localidad-entrerriana\/","og_site_name":"Informe Litoral","article_publisher":"https:\/\/www.facebook.com\/informelitoral\/","article_published_time":"2025-11-07T12:50:06+00:00","article_modified_time":"2025-11-07T14:05:36+00:00","og_image":[{"url":"https:\/\/i0.wp.com\/ahora.com.ar\/wp-content\/uploads\/2025\/11\/enjambre-avispas.jpg?resize=696%2C385&quality=89&ssl=1","type":"","width":"","height":""}],"author":"Sebastian","twitter_card":"summary_large_image","twitter_image":"https:\/\/i0.wp.com\/ahora.com.ar\/wp-content\/uploads\/2025\/11\/enjambre-avispas.jpg?resize=696%2C385&quality=89&ssl=1","twitter_creator":"@InformeLitoral","twitter_site":"@InformeLitoral","twitter_misc":{"Escrito por":"Sebastian","Tiempo de lectura":"2 minutos"},"schema":{"@context":"https:\/\/schema.org","@graph":[{"@type":"Article","@id":"https:\/\/informelitoral.com.ar\/enjambre-de-avispas-causo-caos-e-internaciones-en-una-localidad-entrerriana\/#article","isPartOf":{"@id":"https:\/\/informelitoral.com.ar\/enjambre-de-avispas-causo-caos-e-internaciones-en-una-localidad-entrerriana\/"},"author":{"name":"Sebastian","@id":"https:\/\/informelitoral.com.ar\/#\/schema\/person\/f05f9f461677119578717524b127d6d5"},"headline":"Enjambre de avispas caus\u00f3 caos e internaciones en una localidad entrerriana","datePublished":"2025-11-07T12:50:06+00:00","dateModified":"2025-11-07T14:05:36+00:00","mainEntityOfPage":{"@id":"https:\/\/informelitoral.com.ar\/enjambre-de-avispas-causo-caos-e-internaciones-en-una-localidad-entrerriana\/"},"wordCount":274,"commentCount":0,"publisher":{"@id":"https:\/\/informelitoral.com.ar\/#organization"},"image":{"@id":"https:\/\/informelitoral.com.ar\/enjambre-de-avispas-causo-caos-e-internaciones-en-una-localidad-entrerriana\/#primaryimage"},"thumbnailUrl":"https:\/\/i0.wp.com\/ahora.com.ar\/%77%70%2d%63%6f%6e%74%65%6e%74\/uploads\/2025\/11\/enjambre-avispas.jpg?resize=696%2C385&quality=89&ssl=1","keywords":["Avispas","Heridos","Santa Elena"],"articleSection":["Sociedad"],"inLanguage":"es","potentialAction":[{"@type":"CommentAction","name":"Comment","target":["https:\/\/informelitoral.com.ar\/enjambre-de-avispas-causo-caos-e-internaciones-en-una-localidad-entrerriana\/#respond"]}]},{"@type":"WebPage","@id":"https:\/\/informelitoral.com.ar\/enjambre-de-avispas-causo-caos-e-internaciones-en-una-localidad-entrerriana\/","url":"https:\/\/informelitoral.com.ar\/enjambre-de-avispas-causo-caos-e-internaciones-en-una-localidad-entrerriana\/","name":"Enjambre de avispas caus\u00f3 caos e internaciones en una localidad entrerriana - Informe Litoral","isPartOf":{"@id":"https:\/\/informelitoral.com.ar\/#website"},"primaryImageOfPage":{"@id":"https:\/\/informelitoral.com.ar\/enjambre-de-avispas-causo-caos-e-internaciones-en-una-localidad-entrerriana\/#primaryimage"},"image":{"@id":"https:\/\/informelitoral.com.ar\/enjambre-de-avispas-causo-caos-e-internaciones-en-una-localidad-entrerriana\/#primaryimage"},"thumbnailUrl":"https:\/\/i0.wp.com\/ahora.com.ar\/%77%70%2d%63%6f%6e%74%65%6e%74\/uploads\/2025\/11\/enjambre-avispas.jpg?resize=696%2C385&quality=89&ssl=1","datePublished":"2025-11-07T12:50:06+00:00","dateModified":"2025-11-07T14:05:36+00:00","breadcrumb":{"@id":"https:\/\/informelitoral.com.ar\/enjambre-de-avispas-causo-caos-e-internaciones-en-una-localidad-entrerriana\/#breadcrumb"},"inLanguage":"es","potentialAction":[{"@type":"ReadAction","target":["https:\/\/informelitoral.com.ar\/enjambre-de-avispas-causo-caos-e-internaciones-en-una-localidad-entrerriana\/"]}]},{"@type":"ImageObject","inLanguage":"es","@id":"https:\/\/informelitoral.com.ar\/enjambre-de-avispas-causo-caos-e-internaciones-en-una-localidad-entrerriana\/#primaryimage","url":"https:\/\/i0.wp.com\/ahora.com.ar\/%77%70%2d%63%6f%6e%74%65%6e%74\/uploads\/2025\/11\/enjambre-avispas.jpg?resize=696%2C385&quality=89&ssl=1","contentUrl":"https:\/\/i0.wp.com\/ahora.com.ar\/%77%70%2d%63%6f%6e%74%65%6e%74\/uploads\/2025\/11\/enjambre-avispas.jpg?resize=696%2C385&quality=89&ssl=1","width":"696","height":"385"},{"@type":"BreadcrumbList","@id":"https:\/\/informelitoral.com.ar\/enjambre-de-avispas-causo-caos-e-internaciones-en-una-localidad-entrerriana\/#breadcrumb","itemListElement":[{"@type":"ListItem","position":1,"name":"Portada","item":"https:\/\/informelitoral.com.ar\/"},{"@type":"ListItem","position":2,"name":"Enjambre de avispas caus\u00f3 caos e internaciones en una localidad entrerriana"}]},{"@type":"WebSite","@id":"https:\/\/informelitoral.com.ar\/#website","url":"https:\/\/informelitoral.com.ar\/","name":"Informe Litoral","description":"&quot;Nos informamos&quot; ","publisher":{"@id":"https:\/\/informelitoral.com.ar\/#organization"},"potentialAction":[{"@type":"SearchAction","target":{"@type":"EntryPoint","urlTemplate":"https:\/\/informelitoral.com.ar\/?s={search_term_string}"},"query-input":{"@type":"PropertyValueSpecification","valueRequired":true,"valueName":"search_term_string"}}],"inLanguage":"es"},{"@type":"Organization","@id":"https:\/\/informelitoral.com.ar\/#organization","name":"Informe Litoral","url":"https:\/\/informelitoral.com.ar\/","logo":{"@type":"ImageObject","inLanguage":"es","@id":"https:\/\/informelitoral.com.ar\/#\/schema\/logo\/image\/","url":"https:\/\/informelitoral.com.ar\/%77%70%2d%63%6f%6e%74%65%6e%74\/uploads\/2021\/01\/circulo.png","contentUrl":"https:\/\/informelitoral.com.ar\/%77%70%2d%63%6f%6e%74%65%6e%74\/uploads\/2021\/01\/circulo.png","width":723,"height":731,"caption":"Informe Litoral"},"image":{"@id":"https:\/\/informelitoral.com.ar\/#\/schema\/logo\/image\/"},"sameAs":["https:\/\/www.facebook.com\/informelitoral\/","https:\/\/x.com\/InformeLitoral","https:\/\/www.instagram.com\/informelitoral\/","https:\/\/www.youtube.com\/channel\/UCua4Qvz8Icb6MYqhoq9xLXw"]},{"@type":"Person","@id":"https:\/\/informelitoral.com.ar\/#\/schema\/person\/f05f9f461677119578717524b127d6d5","name":"Sebastian","image":{"@type":"ImageObject","inLanguage":"es","@id":"https:\/\/secure.gravatar.com\/avatar\/b71bf7481d447dfb9583c7f2798e7cc64de6efb9067b74633ed8c31059a3bd82?s=96&d=mm&r=g","url":"https:\/\/secure.gravatar.com\/avatar\/b71bf7481d447dfb9583c7f2798e7cc64de6efb9067b74633ed8c31059a3bd82?s=96&d=mm&r=g","contentUrl":"https:\/\/secure.gravatar.com\/avatar\/b71bf7481d447dfb9583c7f2798e7cc64de6efb9067b74633ed8c31059a3bd82?s=96&d=mm&r=g","caption":"Sebastian"},"url":"https:\/\/informelitoral.com.ar\/author\/sebastian\/"}]}},"fifu_image_url":"https:\/\/i0.wp.com\/ahora.com.ar\/wp-content\/uploads\/2025\/11\/enjambre-avispas.jpg?resize=696%2C385&quality=89&ssl=1","_links":{"self":[{"href":"https:\/\/informelitoral.com.ar\/%77%70%2d%6a%73%6f%6e\/wp\/v2\/posts\/239801","targetHints":{"allow":["GET"]}}],"collection":[{"href":"https:\/\/informelitoral.com.ar\/%77%70%2d%6a%73%6f%6e\/wp\/v2\/posts"}],"about":[{"href":"https:\/\/informelitoral.com.ar\/%77%70%2d%6a%73%6f%6e\/wp\/v2\/types\/post"}],"author":[{"embeddable":true,"href":"https:\/\/informelitoral.com.ar\/%77%70%2d%6a%73%6f%6e\/wp\/v2\/users\/8"}],"replies":[{"embeddable":true,"href":"https:\/\/informelitoral.com.ar\/%77%70%2d%6a%73%6f%6e\/wp\/v2\/comments?post=239801"}],"version-history":[{"count":4,"href":"https:\/\/informelitoral.com.ar\/%77%70%2d%6a%73%6f%6e\/wp\/v2\/posts\/239801\/revisions"}],"predecessor-version":[{"id":239844,"href":"https:\/\/informelitoral.com.ar\/%77%70%2d%6a%73%6f%6e\/wp\/v2\/posts\/239801\/revisions\/239844"}],"wp:featuredmedia":[{"embeddable":true,"href":"https:\/\/informelitoral.com.ar\/%77%70%2d%6a%73%6f%6e\/wp\/v2\/media\/239802"}],"wp:attachment":[{"href":"https:\/\/informelitoral.com.ar\/%77%70%2d%6a%73%6f%6e\/wp\/v2\/media?parent=239801"}],"wp:term":[{"taxonomy":"category","embeddable":true,"href":"https:\/\/informelitoral.com.ar\/%77%70%2d%6a%73%6f%6e\/wp\/v2\/categories?post=239801"},{"taxonomy":"post_tag","embeddable":true,"href":"https:\/\/informelitoral.com.ar\/%77%70%2d%6a%73%6f%6e\/wp\/v2\/tags?post=239801"}],"curies":[{"name":"wp","href":"https:\/\/api.w.org\/{rel}","templated":true}]}}