{"id":239715,"date":"2025-11-06T15:23:32","date_gmt":"2025-11-06T18:23:32","guid":{"rendered":"https:\/\/informelitoral.com.ar\/?p=239715"},"modified":"2025-11-06T15:29:46","modified_gmt":"2025-11-06T18:29:46","slug":"apicultura-reducen-el-virus-de-la-paralisis-aguda-con-biotecnologia","status":"publish","type":"post","link":"https:\/\/informelitoral.com.ar\/apicultura-reducen-el-virus-de-la-paralisis-aguda-con-biotecnologia\/","title":{"rendered":"Apicultura: reducen el virus de la par\u00e1lisis aguda con biotecnolog\u00eda"},"content":{"rendered":"<p>Un avance significativo para la apicultura nacional e internacional fue anunciado por cient\u00edficos argentinos. Un equipo del Instituto de Virolog\u00eda del INTA (Instituto Nacional de Tecnolog\u00eda Agropecuaria) ha logrado reducir el impacto del <b>Virus de la Par\u00e1lisis Aguda de la Abeja (ABPV)<\/b>, uno de los pat\u00f3genos m\u00e1s destructivos para las colmenas, utilizando la tecnolog\u00eda de <b>interferencia por ARN (RNAi)<\/b>.<\/p>\n<p>El ABPV es conocido por causar temblores, p\u00e9rdida de pelo, incapacidad de vuelo y muerte s\u00fabita en las abejas.<\/p>\n<p>La investigadora responsable del desarrollo, <b>Cecilia Ferrufino<\/b>, explic\u00f3 que la administraci\u00f3n oral de este ARN interferente demostr\u00f3 ser altamente efectiva. \u201cDemostramos que la administraci\u00f3n oral de ARN interferente reduce la carga viral y mejora de manera significativa la supervivencia de las abejas infectadas con ABPV\u201d, se\u00f1al\u00f3.<\/p>\n<p><a href=\"https:\/\/informelitoral.com.ar\/%77%70%2d%63%6f%6e%74%65%6e%74\/uploads\/2024\/07\/Apicultores.jpg\"><img loading=\"lazy\" decoding=\"async\" class=\"alignnone size-full wp-image-191670\" src=\"https:\/\/informelitoral.com.ar\/%77%70%2d%63%6f%6e%74%65%6e%74\/uploads\/2024\/07\/Apicultores.jpg\" alt=\"\" width=\"1927\" height=\"1280\" srcset=\"https:\/\/informelitoral.com.ar\/%77%70%2d%63%6f%6e%74%65%6e%74\/uploads\/2024\/07\/Apicultores.jpg 1927w, https:\/\/informelitoral.com.ar\/%77%70%2d%63%6f%6e%74%65%6e%74\/uploads\/2024\/07\/Apicultores-300x199.jpg 300w, https:\/\/informelitoral.com.ar\/%77%70%2d%63%6f%6e%74%65%6e%74\/uploads\/2024\/07\/Apicultores-1024x680.jpg 1024w, https:\/\/informelitoral.com.ar\/%77%70%2d%63%6f%6e%74%65%6e%74\/uploads\/2024\/07\/Apicultores-768x510.jpg 768w, https:\/\/informelitoral.com.ar\/%77%70%2d%63%6f%6e%74%65%6e%74\/uploads\/2024\/07\/Apicultores-1536x1020.jpg 1536w, https:\/\/informelitoral.com.ar\/%77%70%2d%63%6f%6e%74%65%6e%74\/uploads\/2024\/07\/Apicultores-632x420.jpg 632w, https:\/\/informelitoral.com.ar\/%77%70%2d%63%6f%6e%74%65%6e%74\/uploads\/2024\/07\/Apicultores-696x462.jpg 696w, https:\/\/informelitoral.com.ar\/%77%70%2d%63%6f%6e%74%65%6e%74\/uploads\/2024\/07\/Apicultores-1068x709.jpg 1068w, https:\/\/informelitoral.com.ar\/%77%70%2d%63%6f%6e%74%65%6e%74\/uploads\/2024\/07\/Apicultores-1920x1275.jpg 1920w\" sizes=\"auto, (max-width: 1927px) 100vw, 1927px\" \/><\/a><\/p>\n<p>Durante el ensayo, las abejas tratadas con el ARNi espec\u00edfico mostraron una <b>mortalidad significativamente menor<\/b> en comparaci\u00f3n con los grupos no tratados. El mecanismo funciona introduciendo mol\u00e9culas de ARN de doble cadena que logran <b>bloquear la replicaci\u00f3n del virus<\/b> dentro de la abeja, activando as\u00ed un mecanismo natural de defensa del insecto.<\/p>\n<p><b>Mar\u00eda Jos\u00e9 Dus Santos<\/b>, otra investigadora del INTA, resalt\u00f3 el potencial de la t\u00e9cnica: \u00abEstos resultados muestran que la interferencia por ARN es una <b>herramienta biotecnol\u00f3gica promisoria<\/b> para enfrentar infecciones virales en las colmenas.\u00bb<\/p>\n<p>El estudio no solo valida la eficacia contra el ABPV, sino que tambi\u00e9n sugiere su potencial para combatir otras amenazas virales, como el Virus de las Alas Deformes (DWV). El siguiente paso clave, seg\u00fan Dus Santos, es \u00abescalar esta tecnolog\u00eda y evaluar su aplicaci\u00f3n en condiciones de campo\u00bb.<\/p>\n<h6><em><strong>Del archivo:\u00a0<a href=\"https:\/\/informelitoral.com.ar\/desarrollan-en-argentina-una-vacuna-experimental-contra-la-mastitis-bovina\/\" target=\"_blank\" rel=\"noopener\">Desarrollaron en Argentina una vacuna experimental contra la mastitis bovina<\/a><\/strong><\/em><\/h6>\n<p>Los cient\u00edficos advierten que las infecciones por ABPV se vuelven m\u00e1s letales en contextos de estr\u00e9s, como durante el transporte de material vivo o la producci\u00f3n de reinas. Por ello, contar con una <b>herramienta preventiva<\/b> como esta resulta crucial para proteger la salud de las colmenas y la <b>sostenibilidad de la actividad<\/b>.<\/p>\n<p>Con m\u00e1s de 2,5 millones de colmenas, Argentina es uno de los principales exportadores mundiales de miel. La incorporaci\u00f3n de esta biotecnolog\u00eda no busca reemplazar las buenas pr\u00e1cticas ap\u00edcolas, sino <b>complementarlas<\/b> con soluciones innovadoras para fortalecer la competitividad nacional y asegurar el rol vital de las abejas como polinizadoras.<\/p>\n","protected":false},"excerpt":{"rendered":"<p>Investigadores del INTA logran disminuir la carga viral y aumentar la supervivencia en colmenas usando tecnolog\u00eda de interferencia por ARN.<\/p>\n","protected":false},"author":8,"featured_media":174245,"comment_status":"open","ping_status":"open","sticky":false,"template":"","format":"standard","meta":{"fifu_image_url":"","fifu_image_alt":"","footnotes":""},"categories":[10],"tags":[203,206,160],"class_list":{"0":"post-239715","1":"post","2":"type-post","3":"status-publish","4":"format-standard","5":"has-post-thumbnail","7":"category-campo","8":"tag-abejas","9":"tag-apicultura","10":"tag-inta"},"yoast_head":"<title>Apicultura: reducen el virus de la par\u00e1lisis aguda con biotecnolog\u00eda - Informe Litoral<\/title>\n<meta name=\"robots\" content=\"index, follow, max-snippet:-1, max-image-preview:large, max-video-preview:-1\" \/>\n<link rel=\"canonical\" href=\"https:\/\/informelitoral.com.ar\/apicultura-reducen-el-virus-de-la-paralisis-aguda-con-biotecnologia\/\" \/>\n<meta property=\"og:locale\" content=\"es_ES\" \/>\n<meta property=\"og:type\" content=\"article\" \/>\n<meta property=\"og:title\" content=\"Apicultura: reducen el virus de la par\u00e1lisis aguda con biotecnolog\u00eda - Informe Litoral\" \/>\n<meta property=\"og:description\" content=\"Investigadores del INTA logran disminuir la carga viral y aumentar la supervivencia en colmenas usando tecnolog\u00eda de interferencia por ARN.\" \/>\n<meta property=\"og:url\" content=\"https:\/\/informelitoral.com.ar\/apicultura-reducen-el-virus-de-la-paralisis-aguda-con-biotecnologia\/\" \/>\n<meta property=\"og:site_name\" content=\"Informe Litoral\" \/>\n<meta property=\"article:publisher\" content=\"https:\/\/www.facebook.com\/informelitoral\/\" \/>\n<meta property=\"article:published_time\" content=\"2025-11-06T18:23:32+00:00\" \/>\n<meta property=\"article:modified_time\" content=\"2025-11-06T18:29:46+00:00\" \/>\n<meta property=\"og:image\" content=\"https:\/\/informelitoral.com.ar\/%77%70%2d%63%6f%6e%74%65%6e%74\/uploads\/2023\/11\/abejas-en-panal-828x548-1.jpg\" \/>\n\t<meta property=\"og:image:width\" content=\"828\" \/>\n\t<meta property=\"og:image:height\" content=\"548\" \/>\n\t<meta property=\"og:image:type\" content=\"image\/jpeg\" \/>\n<meta name=\"author\" content=\"Sebastian\" \/>\n<meta name=\"twitter:card\" content=\"summary_large_image\" \/>\n<meta name=\"twitter:creator\" content=\"@InformeLitoral\" \/>\n<meta name=\"twitter:site\" content=\"@InformeLitoral\" \/>\n<meta name=\"twitter:label1\" content=\"Escrito por\" \/>\n\t<meta name=\"twitter:data1\" content=\"Sebastian\" \/>\n\t<meta name=\"twitter:label2\" content=\"Tiempo de lectura\" \/>\n\t<meta name=\"twitter:data2\" content=\"3 minutos\" \/>\n<script type=\"application\/ld+json\" class=\"yoast-schema-graph\">{\"@context\":\"https:\\\/\\\/schema.org\",\"@graph\":[{\"@type\":\"Article\",\"@id\":\"https:\\\/\\\/informelitoral.com.ar\\\/apicultura-reducen-el-virus-de-la-paralisis-aguda-con-biotecnologia\\\/#article\",\"isPartOf\":{\"@id\":\"https:\\\/\\\/informelitoral.com.ar\\\/apicultura-reducen-el-virus-de-la-paralisis-aguda-con-biotecnologia\\\/\"},\"author\":{\"name\":\"Sebastian\",\"@id\":\"https:\\\/\\\/informelitoral.com.ar\\\/#\\\/schema\\\/person\\\/f05f9f461677119578717524b127d6d5\"},\"headline\":\"Apicultura: reducen el virus de la par\u00e1lisis aguda con biotecnolog\u00eda\",\"datePublished\":\"2025-11-06T18:23:32+00:00\",\"dateModified\":\"2025-11-06T18:29:46+00:00\",\"mainEntityOfPage\":{\"@id\":\"https:\\\/\\\/informelitoral.com.ar\\\/apicultura-reducen-el-virus-de-la-paralisis-aguda-con-biotecnologia\\\/\"},\"wordCount\":414,\"commentCount\":0,\"publisher\":{\"@id\":\"https:\\\/\\\/informelitoral.com.ar\\\/#organization\"},\"image\":{\"@id\":\"https:\\\/\\\/informelitoral.com.ar\\\/apicultura-reducen-el-virus-de-la-paralisis-aguda-con-biotecnologia\\\/#primaryimage\"},\"thumbnailUrl\":\"https:\\\/\\\/informelitoral.com.ar\\\/%77%70%2d%63%6f%6e%74%65%6e%74\\\/uploads\\\/2023\\\/11\\\/abejas-en-panal-828x548-1.jpg\",\"keywords\":[\"Abejas\",\"Apicultura\",\"INTA\"],\"articleSection\":[\"Campo\"],\"inLanguage\":\"es\",\"potentialAction\":[{\"@type\":\"CommentAction\",\"name\":\"Comment\",\"target\":[\"https:\\\/\\\/informelitoral.com.ar\\\/apicultura-reducen-el-virus-de-la-paralisis-aguda-con-biotecnologia\\\/#respond\"]}]},{\"@type\":\"WebPage\",\"@id\":\"https:\\\/\\\/informelitoral.com.ar\\\/apicultura-reducen-el-virus-de-la-paralisis-aguda-con-biotecnologia\\\/\",\"url\":\"https:\\\/\\\/informelitoral.com.ar\\\/apicultura-reducen-el-virus-de-la-paralisis-aguda-con-biotecnologia\\\/\",\"name\":\"Apicultura: reducen el virus de la par\u00e1lisis aguda con biotecnolog\u00eda - Informe Litoral\",\"isPartOf\":{\"@id\":\"https:\\\/\\\/informelitoral.com.ar\\\/#website\"},\"primaryImageOfPage\":{\"@id\":\"https:\\\/\\\/informelitoral.com.ar\\\/apicultura-reducen-el-virus-de-la-paralisis-aguda-con-biotecnologia\\\/#primaryimage\"},\"image\":{\"@id\":\"https:\\\/\\\/informelitoral.com.ar\\\/apicultura-reducen-el-virus-de-la-paralisis-aguda-con-biotecnologia\\\/#primaryimage\"},\"thumbnailUrl\":\"https:\\\/\\\/informelitoral.com.ar\\\/%77%70%2d%63%6f%6e%74%65%6e%74\\\/uploads\\\/2023\\\/11\\\/abejas-en-panal-828x548-1.jpg\",\"datePublished\":\"2025-11-06T18:23:32+00:00\",\"dateModified\":\"2025-11-06T18:29:46+00:00\",\"breadcrumb\":{\"@id\":\"https:\\\/\\\/informelitoral.com.ar\\\/apicultura-reducen-el-virus-de-la-paralisis-aguda-con-biotecnologia\\\/#breadcrumb\"},\"inLanguage\":\"es\",\"potentialAction\":[{\"@type\":\"ReadAction\",\"target\":[\"https:\\\/\\\/informelitoral.com.ar\\\/apicultura-reducen-el-virus-de-la-paralisis-aguda-con-biotecnologia\\\/\"]}]},{\"@type\":\"ImageObject\",\"inLanguage\":\"es\",\"@id\":\"https:\\\/\\\/informelitoral.com.ar\\\/apicultura-reducen-el-virus-de-la-paralisis-aguda-con-biotecnologia\\\/#primaryimage\",\"url\":\"https:\\\/\\\/informelitoral.com.ar\\\/%77%70%2d%63%6f%6e%74%65%6e%74\\\/uploads\\\/2023\\\/11\\\/abejas-en-panal-828x548-1.jpg\",\"contentUrl\":\"https:\\\/\\\/informelitoral.com.ar\\\/%77%70%2d%63%6f%6e%74%65%6e%74\\\/uploads\\\/2023\\\/11\\\/abejas-en-panal-828x548-1.jpg\",\"width\":828,\"height\":548},{\"@type\":\"BreadcrumbList\",\"@id\":\"https:\\\/\\\/informelitoral.com.ar\\\/apicultura-reducen-el-virus-de-la-paralisis-aguda-con-biotecnologia\\\/#breadcrumb\",\"itemListElement\":[{\"@type\":\"ListItem\",\"position\":1,\"name\":\"Portada\",\"item\":\"https:\\\/\\\/informelitoral.com.ar\\\/\"},{\"@type\":\"ListItem\",\"position\":2,\"name\":\"Apicultura: reducen el virus de la par\u00e1lisis aguda con biotecnolog\u00eda\"}]},{\"@type\":\"WebSite\",\"@id\":\"https:\\\/\\\/informelitoral.com.ar\\\/#website\",\"url\":\"https:\\\/\\\/informelitoral.com.ar\\\/\",\"name\":\"Informe Litoral\",\"description\":\"&quot;Nos informamos&quot; \",\"publisher\":{\"@id\":\"https:\\\/\\\/informelitoral.com.ar\\\/#organization\"},\"potentialAction\":[{\"@type\":\"SearchAction\",\"target\":{\"@type\":\"EntryPoint\",\"urlTemplate\":\"https:\\\/\\\/informelitoral.com.ar\\\/?s={search_term_string}\"},\"query-input\":{\"@type\":\"PropertyValueSpecification\",\"valueRequired\":true,\"valueName\":\"search_term_string\"}}],\"inLanguage\":\"es\"},{\"@type\":\"Organization\",\"@id\":\"https:\\\/\\\/informelitoral.com.ar\\\/#organization\",\"name\":\"Informe Litoral\",\"url\":\"https:\\\/\\\/informelitoral.com.ar\\\/\",\"logo\":{\"@type\":\"ImageObject\",\"inLanguage\":\"es\",\"@id\":\"https:\\\/\\\/informelitoral.com.ar\\\/#\\\/schema\\\/logo\\\/image\\\/\",\"url\":\"https:\\\/\\\/informelitoral.com.ar\\\/%77%70%2d%63%6f%6e%74%65%6e%74\\\/uploads\\\/2021\\\/01\\\/circulo.png\",\"contentUrl\":\"https:\\\/\\\/informelitoral.com.ar\\\/%77%70%2d%63%6f%6e%74%65%6e%74\\\/uploads\\\/2021\\\/01\\\/circulo.png\",\"width\":723,\"height\":731,\"caption\":\"Informe Litoral\"},\"image\":{\"@id\":\"https:\\\/\\\/informelitoral.com.ar\\\/#\\\/schema\\\/logo\\\/image\\\/\"},\"sameAs\":[\"https:\\\/\\\/www.facebook.com\\\/informelitoral\\\/\",\"https:\\\/\\\/x.com\\\/InformeLitoral\",\"https:\\\/\\\/www.instagram.com\\\/informelitoral\\\/\",\"https:\\\/\\\/www.youtube.com\\\/channel\\\/UCua4Qvz8Icb6MYqhoq9xLXw\"]},{\"@type\":\"Person\",\"@id\":\"https:\\\/\\\/informelitoral.com.ar\\\/#\\\/schema\\\/person\\\/f05f9f461677119578717524b127d6d5\",\"name\":\"Sebastian\",\"image\":{\"@type\":\"ImageObject\",\"inLanguage\":\"es\",\"@id\":\"https:\\\/\\\/secure.gravatar.com\\\/avatar\\\/b71bf7481d447dfb9583c7f2798e7cc64de6efb9067b74633ed8c31059a3bd82?s=96&d=mm&r=g\",\"url\":\"https:\\\/\\\/secure.gravatar.com\\\/avatar\\\/b71bf7481d447dfb9583c7f2798e7cc64de6efb9067b74633ed8c31059a3bd82?s=96&d=mm&r=g\",\"contentUrl\":\"https:\\\/\\\/secure.gravatar.com\\\/avatar\\\/b71bf7481d447dfb9583c7f2798e7cc64de6efb9067b74633ed8c31059a3bd82?s=96&d=mm&r=g\",\"caption\":\"Sebastian\"},\"url\":\"https:\\\/\\\/informelitoral.com.ar\\\/author\\\/sebastian\\\/\"}]}<\/script>","yoast_head_json":{"title":"Apicultura: reducen el virus de la par\u00e1lisis aguda con biotecnolog\u00eda - Informe Litoral","robots":{"index":"index","follow":"follow","max-snippet":"max-snippet:-1","max-image-preview":"max-image-preview:large","max-video-preview":"max-video-preview:-1"},"canonical":"https:\/\/informelitoral.com.ar\/apicultura-reducen-el-virus-de-la-paralisis-aguda-con-biotecnologia\/","og_locale":"es_ES","og_type":"article","og_title":"Apicultura: reducen el virus de la par\u00e1lisis aguda con biotecnolog\u00eda - Informe Litoral","og_description":"Investigadores del INTA logran disminuir la carga viral y aumentar la supervivencia en colmenas usando tecnolog\u00eda de interferencia por ARN.","og_url":"https:\/\/informelitoral.com.ar\/apicultura-reducen-el-virus-de-la-paralisis-aguda-con-biotecnologia\/","og_site_name":"Informe Litoral","article_publisher":"https:\/\/www.facebook.com\/informelitoral\/","article_published_time":"2025-11-06T18:23:32+00:00","article_modified_time":"2025-11-06T18:29:46+00:00","og_image":[{"width":828,"height":548,"url":"https:\/\/informelitoral.com.ar\/%77%70%2d%63%6f%6e%74%65%6e%74\/uploads\/2023\/11\/abejas-en-panal-828x548-1.jpg","type":"image\/jpeg"}],"author":"Sebastian","twitter_card":"summary_large_image","twitter_creator":"@InformeLitoral","twitter_site":"@InformeLitoral","twitter_misc":{"Escrito por":"Sebastian","Tiempo de lectura":"3 minutos"},"schema":{"@context":"https:\/\/schema.org","@graph":[{"@type":"Article","@id":"https:\/\/informelitoral.com.ar\/apicultura-reducen-el-virus-de-la-paralisis-aguda-con-biotecnologia\/#article","isPartOf":{"@id":"https:\/\/informelitoral.com.ar\/apicultura-reducen-el-virus-de-la-paralisis-aguda-con-biotecnologia\/"},"author":{"name":"Sebastian","@id":"https:\/\/informelitoral.com.ar\/#\/schema\/person\/f05f9f461677119578717524b127d6d5"},"headline":"Apicultura: reducen el virus de la par\u00e1lisis aguda con biotecnolog\u00eda","datePublished":"2025-11-06T18:23:32+00:00","dateModified":"2025-11-06T18:29:46+00:00","mainEntityOfPage":{"@id":"https:\/\/informelitoral.com.ar\/apicultura-reducen-el-virus-de-la-paralisis-aguda-con-biotecnologia\/"},"wordCount":414,"commentCount":0,"publisher":{"@id":"https:\/\/informelitoral.com.ar\/#organization"},"image":{"@id":"https:\/\/informelitoral.com.ar\/apicultura-reducen-el-virus-de-la-paralisis-aguda-con-biotecnologia\/#primaryimage"},"thumbnailUrl":"https:\/\/informelitoral.com.ar\/%77%70%2d%63%6f%6e%74%65%6e%74\/uploads\/2023\/11\/abejas-en-panal-828x548-1.jpg","keywords":["Abejas","Apicultura","INTA"],"articleSection":["Campo"],"inLanguage":"es","potentialAction":[{"@type":"CommentAction","name":"Comment","target":["https:\/\/informelitoral.com.ar\/apicultura-reducen-el-virus-de-la-paralisis-aguda-con-biotecnologia\/#respond"]}]},{"@type":"WebPage","@id":"https:\/\/informelitoral.com.ar\/apicultura-reducen-el-virus-de-la-paralisis-aguda-con-biotecnologia\/","url":"https:\/\/informelitoral.com.ar\/apicultura-reducen-el-virus-de-la-paralisis-aguda-con-biotecnologia\/","name":"Apicultura: reducen el virus de la par\u00e1lisis aguda con biotecnolog\u00eda - Informe Litoral","isPartOf":{"@id":"https:\/\/informelitoral.com.ar\/#website"},"primaryImageOfPage":{"@id":"https:\/\/informelitoral.com.ar\/apicultura-reducen-el-virus-de-la-paralisis-aguda-con-biotecnologia\/#primaryimage"},"image":{"@id":"https:\/\/informelitoral.com.ar\/apicultura-reducen-el-virus-de-la-paralisis-aguda-con-biotecnologia\/#primaryimage"},"thumbnailUrl":"https:\/\/informelitoral.com.ar\/%77%70%2d%63%6f%6e%74%65%6e%74\/uploads\/2023\/11\/abejas-en-panal-828x548-1.jpg","datePublished":"2025-11-06T18:23:32+00:00","dateModified":"2025-11-06T18:29:46+00:00","breadcrumb":{"@id":"https:\/\/informelitoral.com.ar\/apicultura-reducen-el-virus-de-la-paralisis-aguda-con-biotecnologia\/#breadcrumb"},"inLanguage":"es","potentialAction":[{"@type":"ReadAction","target":["https:\/\/informelitoral.com.ar\/apicultura-reducen-el-virus-de-la-paralisis-aguda-con-biotecnologia\/"]}]},{"@type":"ImageObject","inLanguage":"es","@id":"https:\/\/informelitoral.com.ar\/apicultura-reducen-el-virus-de-la-paralisis-aguda-con-biotecnologia\/#primaryimage","url":"https:\/\/informelitoral.com.ar\/%77%70%2d%63%6f%6e%74%65%6e%74\/uploads\/2023\/11\/abejas-en-panal-828x548-1.jpg","contentUrl":"https:\/\/informelitoral.com.ar\/%77%70%2d%63%6f%6e%74%65%6e%74\/uploads\/2023\/11\/abejas-en-panal-828x548-1.jpg","width":828,"height":548},{"@type":"BreadcrumbList","@id":"https:\/\/informelitoral.com.ar\/apicultura-reducen-el-virus-de-la-paralisis-aguda-con-biotecnologia\/#breadcrumb","itemListElement":[{"@type":"ListItem","position":1,"name":"Portada","item":"https:\/\/informelitoral.com.ar\/"},{"@type":"ListItem","position":2,"name":"Apicultura: reducen el virus de la par\u00e1lisis aguda con biotecnolog\u00eda"}]},{"@type":"WebSite","@id":"https:\/\/informelitoral.com.ar\/#website","url":"https:\/\/informelitoral.com.ar\/","name":"Informe Litoral","description":"&quot;Nos informamos&quot; ","publisher":{"@id":"https:\/\/informelitoral.com.ar\/#organization"},"potentialAction":[{"@type":"SearchAction","target":{"@type":"EntryPoint","urlTemplate":"https:\/\/informelitoral.com.ar\/?s={search_term_string}"},"query-input":{"@type":"PropertyValueSpecification","valueRequired":true,"valueName":"search_term_string"}}],"inLanguage":"es"},{"@type":"Organization","@id":"https:\/\/informelitoral.com.ar\/#organization","name":"Informe Litoral","url":"https:\/\/informelitoral.com.ar\/","logo":{"@type":"ImageObject","inLanguage":"es","@id":"https:\/\/informelitoral.com.ar\/#\/schema\/logo\/image\/","url":"https:\/\/informelitoral.com.ar\/%77%70%2d%63%6f%6e%74%65%6e%74\/uploads\/2021\/01\/circulo.png","contentUrl":"https:\/\/informelitoral.com.ar\/%77%70%2d%63%6f%6e%74%65%6e%74\/uploads\/2021\/01\/circulo.png","width":723,"height":731,"caption":"Informe Litoral"},"image":{"@id":"https:\/\/informelitoral.com.ar\/#\/schema\/logo\/image\/"},"sameAs":["https:\/\/www.facebook.com\/informelitoral\/","https:\/\/x.com\/InformeLitoral","https:\/\/www.instagram.com\/informelitoral\/","https:\/\/www.youtube.com\/channel\/UCua4Qvz8Icb6MYqhoq9xLXw"]},{"@type":"Person","@id":"https:\/\/informelitoral.com.ar\/#\/schema\/person\/f05f9f461677119578717524b127d6d5","name":"Sebastian","image":{"@type":"ImageObject","inLanguage":"es","@id":"https:\/\/secure.gravatar.com\/avatar\/b71bf7481d447dfb9583c7f2798e7cc64de6efb9067b74633ed8c31059a3bd82?s=96&d=mm&r=g","url":"https:\/\/secure.gravatar.com\/avatar\/b71bf7481d447dfb9583c7f2798e7cc64de6efb9067b74633ed8c31059a3bd82?s=96&d=mm&r=g","contentUrl":"https:\/\/secure.gravatar.com\/avatar\/b71bf7481d447dfb9583c7f2798e7cc64de6efb9067b74633ed8c31059a3bd82?s=96&d=mm&r=g","caption":"Sebastian"},"url":"https:\/\/informelitoral.com.ar\/author\/sebastian\/"}]}},"_links":{"self":[{"href":"https:\/\/informelitoral.com.ar\/%77%70%2d%6a%73%6f%6e\/wp\/v2\/posts\/239715","targetHints":{"allow":["GET"]}}],"collection":[{"href":"https:\/\/informelitoral.com.ar\/%77%70%2d%6a%73%6f%6e\/wp\/v2\/posts"}],"about":[{"href":"https:\/\/informelitoral.com.ar\/%77%70%2d%6a%73%6f%6e\/wp\/v2\/types\/post"}],"author":[{"embeddable":true,"href":"https:\/\/informelitoral.com.ar\/%77%70%2d%6a%73%6f%6e\/wp\/v2\/users\/8"}],"replies":[{"embeddable":true,"href":"https:\/\/informelitoral.com.ar\/%77%70%2d%6a%73%6f%6e\/wp\/v2\/comments?post=239715"}],"version-history":[{"count":3,"href":"https:\/\/informelitoral.com.ar\/%77%70%2d%6a%73%6f%6e\/wp\/v2\/posts\/239715\/revisions"}],"predecessor-version":[{"id":239719,"href":"https:\/\/informelitoral.com.ar\/%77%70%2d%6a%73%6f%6e\/wp\/v2\/posts\/239715\/revisions\/239719"}],"wp:featuredmedia":[{"embeddable":true,"href":"https:\/\/informelitoral.com.ar\/%77%70%2d%6a%73%6f%6e\/wp\/v2\/media\/174245"}],"wp:attachment":[{"href":"https:\/\/informelitoral.com.ar\/%77%70%2d%6a%73%6f%6e\/wp\/v2\/media?parent=239715"}],"wp:term":[{"taxonomy":"category","embeddable":true,"href":"https:\/\/informelitoral.com.ar\/%77%70%2d%6a%73%6f%6e\/wp\/v2\/categories?post=239715"},{"taxonomy":"post_tag","embeddable":true,"href":"https:\/\/informelitoral.com.ar\/%77%70%2d%6a%73%6f%6e\/wp\/v2\/tags?post=239715"}],"curies":[{"name":"wp","href":"https:\/\/api.w.org\/{rel}","templated":true}]}}