{"id":239676,"date":"2025-11-06T10:55:17","date_gmt":"2025-11-06T13:55:17","guid":{"rendered":"https:\/\/informelitoral.com.ar\/?p=239676"},"modified":"2025-11-06T10:55:17","modified_gmt":"2025-11-06T13:55:17","slug":"estados-unidos-javier-milei-llego-a-miami-para-el-america-business-forum","status":"publish","type":"post","link":"https:\/\/informelitoral.com.ar\/estados-unidos-javier-milei-llego-a-miami-para-el-america-business-forum\/","title":{"rendered":"Estados Unidos: Javier Milei lleg\u00f3 a Miami para el America Business Forum"},"content":{"rendered":"<p>El presidente <b>Javier Milei<\/b> arrib\u00f3 a Estados Unidos para iniciar una agenda cargada de compromisos que incluye cumbres de liderazgo, visitas religiosas y encuentros empresariales. El mandatario aterriz\u00f3 en Miami a las 02:45 (hora de Argentina), donde fue recibido por el embajador argentino en Estados Unidos, Alec Oxenford.<\/p>\n<p>El viaje, que hab\u00eda partido desde Buenos Aires a las 15:30 del mi\u00e9rcoles, tuvo una <b>sorpresiva escala t\u00e9cnica no informada previamente<\/b> en el Aeropuerto Jorge Ch\u00e1vez de Lima, Per\u00fa. El avi\u00f3n presidencial, ARG01, permaneci\u00f3 en la capital peruana cerca de dos horas antes de despegar nuevamente con destino a Florida.<\/p>\n<p>Milei ser\u00e1 uno de los oradores principales en el <b>America Business Forum<\/b>, una cumbre de l\u00edderes mundiales que se lleva a cabo este jueves y ma\u00f1ana en el Kaseya Center de Miami.<\/p>\n<p>El evento contar\u00e1 con una asistencia de figuras destacadas a nivel global, incluyendo:<\/p>\n<ul>\n<li>El expresidente de EE. UU., <b>Donald Trump<\/b>.<\/li>\n<li>El astro del f\u00fatbol argentino, <b>Lionel Messi<\/b>.<\/li>\n<li><b>Gianni Infantino<\/b> (presidente de la FIFA).<\/li>\n<li><b>Mar\u00eda Corina Machado<\/b> (dirigente opositora venezolana y Premio Nobel de la Paz 2025).<\/li>\n<li><b>Jamie Dimon<\/b> (CEO de JP Morgan Chase).<\/li>\n<li><b>Will Smith<\/b> (actor) y <b>Stefano Domenicali<\/b> (presidente de la F\u00f3rmula 1).<\/li>\n<\/ul>\n<p>A pesar de los esfuerzos de coordinaci\u00f3n, <b>no ser\u00e1 posible concretar una reuni\u00f3n o foto oficial con Donald Trump<\/b> debido a la falta de coincidencia en los horarios de sus respectivas presentaciones en la cumbre.<\/p>\n<p>Una vez finalizada su participaci\u00f3n en Miami, Milei continuar\u00e1 su gira con dos objetivos principales en <b>Nueva York<\/b>:<\/p>\n<ol start=\"1\">\n<li><b>Visita Religiosa:<\/b> Acudir\u00e1 a la tumba del Rebe de Lubavitch, <b>Menachem Mendel Schneerson<\/b>, para agradecer por el triunfo electoral de La Libertad Avanza.<\/li>\n<li><b>Encuentro Empresarial:<\/b> Asistir\u00e1 a una reuni\u00f3n organizada por el <b>Consejo de las Am\u00e9ricas<\/b> (<i>Council of the Americas<\/i>) con empresarios inversores interesados en el pa\u00eds. Se espera que en este \u00e1mbito pueda cruzarse con Trump de manera informal.<\/li>\n<\/ol>\n<p>La \u00faltima parada de su viaje antes de regresar a Buenos Aires ser\u00e1 <b>La Paz, Bolivia<\/b>, donde el presidente asistir\u00e1 a la asunci\u00f3n del nuevo mandatario, <b>Rodrigo Paz Pereira<\/b> (Partido Dem\u00f3crata Cristiano), que pondr\u00e1 fin a dos d\u00e9cadas de administraciones del Movimiento al Socialismo (MAS).<\/p>\n","protected":false},"excerpt":{"rendered":"<p>El mandatario aterriz\u00f3 tras una escala no informada en Lima y participar\u00e1 hoy de la cumbre de l\u00edderes junto a figuras globales como Donald Trump, Lionel Messi y el CEO de JP Morgan.<\/p>\n","protected":false},"author":8,"featured_media":239677,"comment_status":"open","ping_status":"open","sticky":false,"template":"","format":"standard","meta":{"fifu_image_url":"https:\/\/elonce-media.elonce.com\/fotos\/2025\/11\/06\/m_1762428744_21691.webp","fifu_image_alt":"","footnotes":""},"categories":[16],"tags":[86,2603],"class_list":{"0":"post-239676","1":"post","2":"type-post","3":"status-publish","4":"format-standard","5":"has-post-thumbnail","7":"category-politi","8":"tag-estados-unidos","9":"tag-javier-milei"},"yoast_head":"<title>Estados Unidos: Javier Milei lleg\u00f3 a Miami para el America Business Forum - Informe Litoral<\/title>\n<meta name=\"robots\" content=\"index, follow, max-snippet:-1, max-image-preview:large, max-video-preview:-1\" \/>\n<link rel=\"canonical\" href=\"https:\/\/informelitoral.com.ar\/estados-unidos-javier-milei-llego-a-miami-para-el-america-business-forum\/\" \/>\n<meta property=\"og:locale\" content=\"es_ES\" \/>\n<meta property=\"og:type\" content=\"article\" \/>\n<meta property=\"og:title\" content=\"Estados Unidos: Javier Milei lleg\u00f3 a Miami para el America Business Forum - Informe Litoral\" \/>\n<meta property=\"og:description\" content=\"El mandatario aterriz\u00f3 tras una escala no informada en Lima y participar\u00e1 hoy de la cumbre de l\u00edderes junto a figuras globales como Donald Trump, Lionel Messi y el CEO de JP Morgan.\" \/>\n<meta property=\"og:url\" content=\"https:\/\/informelitoral.com.ar\/estados-unidos-javier-milei-llego-a-miami-para-el-america-business-forum\/\" \/>\n<meta property=\"og:site_name\" content=\"Informe Litoral\" \/>\n<meta property=\"article:publisher\" content=\"https:\/\/www.facebook.com\/informelitoral\/\" \/>\n<meta property=\"article:published_time\" content=\"2025-11-06T13:55:17+00:00\" \/>\n<meta property=\"og:image\" content=\"https:\/\/elonce-media.elonce.com\/fotos\/2025\/11\/06\/m_1762428744_21691.webp\" \/>\n<meta name=\"author\" content=\"Sebastian\" \/>\n<meta name=\"twitter:card\" content=\"summary_large_image\" \/>\n<meta name=\"twitter:image\" content=\"https:\/\/elonce-media.elonce.com\/fotos\/2025\/11\/06\/m_1762428744_21691.webp\" \/>\n<meta name=\"twitter:creator\" content=\"@InformeLitoral\" \/>\n<meta name=\"twitter:site\" content=\"@InformeLitoral\" \/>\n<meta name=\"twitter:label1\" content=\"Escrito por\" \/>\n\t<meta name=\"twitter:data1\" content=\"Sebastian\" \/>\n\t<meta name=\"twitter:label2\" content=\"Tiempo de lectura\" \/>\n\t<meta name=\"twitter:data2\" content=\"2 minutos\" \/>\n<script type=\"application\/ld+json\" class=\"yoast-schema-graph\">{\"@context\":\"https:\\\/\\\/schema.org\",\"@graph\":[{\"@type\":\"Article\",\"@id\":\"https:\\\/\\\/informelitoral.com.ar\\\/estados-unidos-javier-milei-llego-a-miami-para-el-america-business-forum\\\/#article\",\"isPartOf\":{\"@id\":\"https:\\\/\\\/informelitoral.com.ar\\\/estados-unidos-javier-milei-llego-a-miami-para-el-america-business-forum\\\/\"},\"author\":{\"name\":\"Sebastian\",\"@id\":\"https:\\\/\\\/informelitoral.com.ar\\\/#\\\/schema\\\/person\\\/f05f9f461677119578717524b127d6d5\"},\"headline\":\"Estados Unidos: Javier Milei lleg\u00f3 a Miami para el America Business Forum\",\"datePublished\":\"2025-11-06T13:55:17+00:00\",\"mainEntityOfPage\":{\"@id\":\"https:\\\/\\\/informelitoral.com.ar\\\/estados-unidos-javier-milei-llego-a-miami-para-el-america-business-forum\\\/\"},\"wordCount\":379,\"commentCount\":0,\"publisher\":{\"@id\":\"https:\\\/\\\/informelitoral.com.ar\\\/#organization\"},\"image\":{\"@id\":\"https:\\\/\\\/informelitoral.com.ar\\\/estados-unidos-javier-milei-llego-a-miami-para-el-america-business-forum\\\/#primaryimage\"},\"thumbnailUrl\":\"https:\\\/\\\/elonce-media.elonce.com\\\/fotos\\\/2025\\\/11\\\/06\\\/m_1762428744_21691.webp\",\"keywords\":[\"Estados Unidos\",\"Javier Milei\"],\"articleSection\":[\"Politica\"],\"inLanguage\":\"es\",\"potentialAction\":[{\"@type\":\"CommentAction\",\"name\":\"Comment\",\"target\":[\"https:\\\/\\\/informelitoral.com.ar\\\/estados-unidos-javier-milei-llego-a-miami-para-el-america-business-forum\\\/#respond\"]}]},{\"@type\":\"WebPage\",\"@id\":\"https:\\\/\\\/informelitoral.com.ar\\\/estados-unidos-javier-milei-llego-a-miami-para-el-america-business-forum\\\/\",\"url\":\"https:\\\/\\\/informelitoral.com.ar\\\/estados-unidos-javier-milei-llego-a-miami-para-el-america-business-forum\\\/\",\"name\":\"Estados Unidos: Javier Milei lleg\u00f3 a Miami para el America Business Forum - Informe Litoral\",\"isPartOf\":{\"@id\":\"https:\\\/\\\/informelitoral.com.ar\\\/#website\"},\"primaryImageOfPage\":{\"@id\":\"https:\\\/\\\/informelitoral.com.ar\\\/estados-unidos-javier-milei-llego-a-miami-para-el-america-business-forum\\\/#primaryimage\"},\"image\":{\"@id\":\"https:\\\/\\\/informelitoral.com.ar\\\/estados-unidos-javier-milei-llego-a-miami-para-el-america-business-forum\\\/#primaryimage\"},\"thumbnailUrl\":\"https:\\\/\\\/elonce-media.elonce.com\\\/fotos\\\/2025\\\/11\\\/06\\\/m_1762428744_21691.webp\",\"datePublished\":\"2025-11-06T13:55:17+00:00\",\"breadcrumb\":{\"@id\":\"https:\\\/\\\/informelitoral.com.ar\\\/estados-unidos-javier-milei-llego-a-miami-para-el-america-business-forum\\\/#breadcrumb\"},\"inLanguage\":\"es\",\"potentialAction\":[{\"@type\":\"ReadAction\",\"target\":[\"https:\\\/\\\/informelitoral.com.ar\\\/estados-unidos-javier-milei-llego-a-miami-para-el-america-business-forum\\\/\"]}]},{\"@type\":\"ImageObject\",\"inLanguage\":\"es\",\"@id\":\"https:\\\/\\\/informelitoral.com.ar\\\/estados-unidos-javier-milei-llego-a-miami-para-el-america-business-forum\\\/#primaryimage\",\"url\":\"https:\\\/\\\/elonce-media.elonce.com\\\/fotos\\\/2025\\\/11\\\/06\\\/m_1762428744_21691.webp\",\"contentUrl\":\"https:\\\/\\\/elonce-media.elonce.com\\\/fotos\\\/2025\\\/11\\\/06\\\/m_1762428744_21691.webp\",\"width\":\"765\",\"height\":\"510\"},{\"@type\":\"BreadcrumbList\",\"@id\":\"https:\\\/\\\/informelitoral.com.ar\\\/estados-unidos-javier-milei-llego-a-miami-para-el-america-business-forum\\\/#breadcrumb\",\"itemListElement\":[{\"@type\":\"ListItem\",\"position\":1,\"name\":\"Portada\",\"item\":\"https:\\\/\\\/informelitoral.com.ar\\\/\"},{\"@type\":\"ListItem\",\"position\":2,\"name\":\"Estados Unidos: Javier Milei lleg\u00f3 a Miami para el America Business Forum\"}]},{\"@type\":\"WebSite\",\"@id\":\"https:\\\/\\\/informelitoral.com.ar\\\/#website\",\"url\":\"https:\\\/\\\/informelitoral.com.ar\\\/\",\"name\":\"Informe Litoral\",\"description\":\"&quot;Nos informamos&quot; \",\"publisher\":{\"@id\":\"https:\\\/\\\/informelitoral.com.ar\\\/#organization\"},\"potentialAction\":[{\"@type\":\"SearchAction\",\"target\":{\"@type\":\"EntryPoint\",\"urlTemplate\":\"https:\\\/\\\/informelitoral.com.ar\\\/?s={search_term_string}\"},\"query-input\":{\"@type\":\"PropertyValueSpecification\",\"valueRequired\":true,\"valueName\":\"search_term_string\"}}],\"inLanguage\":\"es\"},{\"@type\":\"Organization\",\"@id\":\"https:\\\/\\\/informelitoral.com.ar\\\/#organization\",\"name\":\"Informe Litoral\",\"url\":\"https:\\\/\\\/informelitoral.com.ar\\\/\",\"logo\":{\"@type\":\"ImageObject\",\"inLanguage\":\"es\",\"@id\":\"https:\\\/\\\/informelitoral.com.ar\\\/#\\\/schema\\\/logo\\\/image\\\/\",\"url\":\"https:\\\/\\\/informelitoral.com.ar\\\/%77%70%2d%63%6f%6e%74%65%6e%74\\\/uploads\\\/2021\\\/01\\\/circulo.png\",\"contentUrl\":\"https:\\\/\\\/informelitoral.com.ar\\\/%77%70%2d%63%6f%6e%74%65%6e%74\\\/uploads\\\/2021\\\/01\\\/circulo.png\",\"width\":723,\"height\":731,\"caption\":\"Informe Litoral\"},\"image\":{\"@id\":\"https:\\\/\\\/informelitoral.com.ar\\\/#\\\/schema\\\/logo\\\/image\\\/\"},\"sameAs\":[\"https:\\\/\\\/www.facebook.com\\\/informelitoral\\\/\",\"https:\\\/\\\/x.com\\\/InformeLitoral\",\"https:\\\/\\\/www.instagram.com\\\/informelitoral\\\/\",\"https:\\\/\\\/www.youtube.com\\\/channel\\\/UCua4Qvz8Icb6MYqhoq9xLXw\"]},{\"@type\":\"Person\",\"@id\":\"https:\\\/\\\/informelitoral.com.ar\\\/#\\\/schema\\\/person\\\/f05f9f461677119578717524b127d6d5\",\"name\":\"Sebastian\",\"image\":{\"@type\":\"ImageObject\",\"inLanguage\":\"es\",\"@id\":\"https:\\\/\\\/secure.gravatar.com\\\/avatar\\\/b71bf7481d447dfb9583c7f2798e7cc64de6efb9067b74633ed8c31059a3bd82?s=96&d=mm&r=g\",\"url\":\"https:\\\/\\\/secure.gravatar.com\\\/avatar\\\/b71bf7481d447dfb9583c7f2798e7cc64de6efb9067b74633ed8c31059a3bd82?s=96&d=mm&r=g\",\"contentUrl\":\"https:\\\/\\\/secure.gravatar.com\\\/avatar\\\/b71bf7481d447dfb9583c7f2798e7cc64de6efb9067b74633ed8c31059a3bd82?s=96&d=mm&r=g\",\"caption\":\"Sebastian\"},\"url\":\"https:\\\/\\\/informelitoral.com.ar\\\/author\\\/sebastian\\\/\"}]}<\/script>","yoast_head_json":{"title":"Estados Unidos: Javier Milei lleg\u00f3 a Miami para el America Business Forum - Informe Litoral","robots":{"index":"index","follow":"follow","max-snippet":"max-snippet:-1","max-image-preview":"max-image-preview:large","max-video-preview":"max-video-preview:-1"},"canonical":"https:\/\/informelitoral.com.ar\/estados-unidos-javier-milei-llego-a-miami-para-el-america-business-forum\/","og_locale":"es_ES","og_type":"article","og_title":"Estados Unidos: Javier Milei lleg\u00f3 a Miami para el America Business Forum - Informe Litoral","og_description":"El mandatario aterriz\u00f3 tras una escala no informada en Lima y participar\u00e1 hoy de la cumbre de l\u00edderes junto a figuras globales como Donald Trump, Lionel Messi y el CEO de JP Morgan.","og_url":"https:\/\/informelitoral.com.ar\/estados-unidos-javier-milei-llego-a-miami-para-el-america-business-forum\/","og_site_name":"Informe Litoral","article_publisher":"https:\/\/www.facebook.com\/informelitoral\/","article_published_time":"2025-11-06T13:55:17+00:00","og_image":[{"url":"https:\/\/elonce-media.elonce.com\/fotos\/2025\/11\/06\/m_1762428744_21691.webp","type":"","width":"","height":""}],"author":"Sebastian","twitter_card":"summary_large_image","twitter_image":"https:\/\/elonce-media.elonce.com\/fotos\/2025\/11\/06\/m_1762428744_21691.webp","twitter_creator":"@InformeLitoral","twitter_site":"@InformeLitoral","twitter_misc":{"Escrito por":"Sebastian","Tiempo de lectura":"2 minutos"},"schema":{"@context":"https:\/\/schema.org","@graph":[{"@type":"Article","@id":"https:\/\/informelitoral.com.ar\/estados-unidos-javier-milei-llego-a-miami-para-el-america-business-forum\/#article","isPartOf":{"@id":"https:\/\/informelitoral.com.ar\/estados-unidos-javier-milei-llego-a-miami-para-el-america-business-forum\/"},"author":{"name":"Sebastian","@id":"https:\/\/informelitoral.com.ar\/#\/schema\/person\/f05f9f461677119578717524b127d6d5"},"headline":"Estados Unidos: Javier Milei lleg\u00f3 a Miami para el America Business Forum","datePublished":"2025-11-06T13:55:17+00:00","mainEntityOfPage":{"@id":"https:\/\/informelitoral.com.ar\/estados-unidos-javier-milei-llego-a-miami-para-el-america-business-forum\/"},"wordCount":379,"commentCount":0,"publisher":{"@id":"https:\/\/informelitoral.com.ar\/#organization"},"image":{"@id":"https:\/\/informelitoral.com.ar\/estados-unidos-javier-milei-llego-a-miami-para-el-america-business-forum\/#primaryimage"},"thumbnailUrl":"https:\/\/elonce-media.elonce.com\/fotos\/2025\/11\/06\/m_1762428744_21691.webp","keywords":["Estados Unidos","Javier Milei"],"articleSection":["Politica"],"inLanguage":"es","potentialAction":[{"@type":"CommentAction","name":"Comment","target":["https:\/\/informelitoral.com.ar\/estados-unidos-javier-milei-llego-a-miami-para-el-america-business-forum\/#respond"]}]},{"@type":"WebPage","@id":"https:\/\/informelitoral.com.ar\/estados-unidos-javier-milei-llego-a-miami-para-el-america-business-forum\/","url":"https:\/\/informelitoral.com.ar\/estados-unidos-javier-milei-llego-a-miami-para-el-america-business-forum\/","name":"Estados Unidos: Javier Milei lleg\u00f3 a Miami para el America Business Forum - Informe Litoral","isPartOf":{"@id":"https:\/\/informelitoral.com.ar\/#website"},"primaryImageOfPage":{"@id":"https:\/\/informelitoral.com.ar\/estados-unidos-javier-milei-llego-a-miami-para-el-america-business-forum\/#primaryimage"},"image":{"@id":"https:\/\/informelitoral.com.ar\/estados-unidos-javier-milei-llego-a-miami-para-el-america-business-forum\/#primaryimage"},"thumbnailUrl":"https:\/\/elonce-media.elonce.com\/fotos\/2025\/11\/06\/m_1762428744_21691.webp","datePublished":"2025-11-06T13:55:17+00:00","breadcrumb":{"@id":"https:\/\/informelitoral.com.ar\/estados-unidos-javier-milei-llego-a-miami-para-el-america-business-forum\/#breadcrumb"},"inLanguage":"es","potentialAction":[{"@type":"ReadAction","target":["https:\/\/informelitoral.com.ar\/estados-unidos-javier-milei-llego-a-miami-para-el-america-business-forum\/"]}]},{"@type":"ImageObject","inLanguage":"es","@id":"https:\/\/informelitoral.com.ar\/estados-unidos-javier-milei-llego-a-miami-para-el-america-business-forum\/#primaryimage","url":"https:\/\/elonce-media.elonce.com\/fotos\/2025\/11\/06\/m_1762428744_21691.webp","contentUrl":"https:\/\/elonce-media.elonce.com\/fotos\/2025\/11\/06\/m_1762428744_21691.webp","width":"765","height":"510"},{"@type":"BreadcrumbList","@id":"https:\/\/informelitoral.com.ar\/estados-unidos-javier-milei-llego-a-miami-para-el-america-business-forum\/#breadcrumb","itemListElement":[{"@type":"ListItem","position":1,"name":"Portada","item":"https:\/\/informelitoral.com.ar\/"},{"@type":"ListItem","position":2,"name":"Estados Unidos: Javier Milei lleg\u00f3 a Miami para el America Business Forum"}]},{"@type":"WebSite","@id":"https:\/\/informelitoral.com.ar\/#website","url":"https:\/\/informelitoral.com.ar\/","name":"Informe Litoral","description":"&quot;Nos informamos&quot; ","publisher":{"@id":"https:\/\/informelitoral.com.ar\/#organization"},"potentialAction":[{"@type":"SearchAction","target":{"@type":"EntryPoint","urlTemplate":"https:\/\/informelitoral.com.ar\/?s={search_term_string}"},"query-input":{"@type":"PropertyValueSpecification","valueRequired":true,"valueName":"search_term_string"}}],"inLanguage":"es"},{"@type":"Organization","@id":"https:\/\/informelitoral.com.ar\/#organization","name":"Informe Litoral","url":"https:\/\/informelitoral.com.ar\/","logo":{"@type":"ImageObject","inLanguage":"es","@id":"https:\/\/informelitoral.com.ar\/#\/schema\/logo\/image\/","url":"https:\/\/informelitoral.com.ar\/%77%70%2d%63%6f%6e%74%65%6e%74\/uploads\/2021\/01\/circulo.png","contentUrl":"https:\/\/informelitoral.com.ar\/%77%70%2d%63%6f%6e%74%65%6e%74\/uploads\/2021\/01\/circulo.png","width":723,"height":731,"caption":"Informe Litoral"},"image":{"@id":"https:\/\/informelitoral.com.ar\/#\/schema\/logo\/image\/"},"sameAs":["https:\/\/www.facebook.com\/informelitoral\/","https:\/\/x.com\/InformeLitoral","https:\/\/www.instagram.com\/informelitoral\/","https:\/\/www.youtube.com\/channel\/UCua4Qvz8Icb6MYqhoq9xLXw"]},{"@type":"Person","@id":"https:\/\/informelitoral.com.ar\/#\/schema\/person\/f05f9f461677119578717524b127d6d5","name":"Sebastian","image":{"@type":"ImageObject","inLanguage":"es","@id":"https:\/\/secure.gravatar.com\/avatar\/b71bf7481d447dfb9583c7f2798e7cc64de6efb9067b74633ed8c31059a3bd82?s=96&d=mm&r=g","url":"https:\/\/secure.gravatar.com\/avatar\/b71bf7481d447dfb9583c7f2798e7cc64de6efb9067b74633ed8c31059a3bd82?s=96&d=mm&r=g","contentUrl":"https:\/\/secure.gravatar.com\/avatar\/b71bf7481d447dfb9583c7f2798e7cc64de6efb9067b74633ed8c31059a3bd82?s=96&d=mm&r=g","caption":"Sebastian"},"url":"https:\/\/informelitoral.com.ar\/author\/sebastian\/"}]}},"fifu_image_url":"https:\/\/elonce-media.elonce.com\/fotos\/2025\/11\/06\/m_1762428744_21691.webp","_links":{"self":[{"href":"https:\/\/informelitoral.com.ar\/%77%70%2d%6a%73%6f%6e\/wp\/v2\/posts\/239676","targetHints":{"allow":["GET"]}}],"collection":[{"href":"https:\/\/informelitoral.com.ar\/%77%70%2d%6a%73%6f%6e\/wp\/v2\/posts"}],"about":[{"href":"https:\/\/informelitoral.com.ar\/%77%70%2d%6a%73%6f%6e\/wp\/v2\/types\/post"}],"author":[{"embeddable":true,"href":"https:\/\/informelitoral.com.ar\/%77%70%2d%6a%73%6f%6e\/wp\/v2\/users\/8"}],"replies":[{"embeddable":true,"href":"https:\/\/informelitoral.com.ar\/%77%70%2d%6a%73%6f%6e\/wp\/v2\/comments?post=239676"}],"version-history":[{"count":1,"href":"https:\/\/informelitoral.com.ar\/%77%70%2d%6a%73%6f%6e\/wp\/v2\/posts\/239676\/revisions"}],"predecessor-version":[{"id":239678,"href":"https:\/\/informelitoral.com.ar\/%77%70%2d%6a%73%6f%6e\/wp\/v2\/posts\/239676\/revisions\/239678"}],"wp:featuredmedia":[{"embeddable":true,"href":"https:\/\/informelitoral.com.ar\/%77%70%2d%6a%73%6f%6e\/wp\/v2\/media\/239677"}],"wp:attachment":[{"href":"https:\/\/informelitoral.com.ar\/%77%70%2d%6a%73%6f%6e\/wp\/v2\/media?parent=239676"}],"wp:term":[{"taxonomy":"category","embeddable":true,"href":"https:\/\/informelitoral.com.ar\/%77%70%2d%6a%73%6f%6e\/wp\/v2\/categories?post=239676"},{"taxonomy":"post_tag","embeddable":true,"href":"https:\/\/informelitoral.com.ar\/%77%70%2d%6a%73%6f%6e\/wp\/v2\/tags?post=239676"}],"curies":[{"name":"wp","href":"https:\/\/api.w.org\/{rel}","templated":true}]}}