{"id":239625,"date":"2025-11-06T10:04:19","date_gmt":"2025-11-06T13:04:19","guid":{"rendered":"https:\/\/informelitoral.com.ar\/?p=239625"},"modified":"2025-11-06T10:07:30","modified_gmt":"2025-11-06T13:07:30","slug":"entre-rios-refuerza-el-combate-contra-la-tristeza-bovina-con-capacitacion-y-unificacion-de-protocolos","status":"publish","type":"post","link":"https:\/\/informelitoral.com.ar\/entre-rios-refuerza-el-combate-contra-la-tristeza-bovina-con-capacitacion-y-unificacion-de-protocolos\/","title":{"rendered":"Entre R\u00edos refuerza el combate contra la \u00abTristeza Bovina\u00bb con capacitaci\u00f3n y unificaci\u00f3n de protocolos"},"content":{"rendered":"<p>El Ministerio de Desarrollo Econ\u00f3mico de Entre R\u00edos impuls\u00f3 un significativo encuentro en Villaguay este mi\u00e9rcoles con el prop\u00f3sito de <b>profundizar las pol\u00edticas p\u00fablicas<\/b> destinadas a la lucha contra la <b>\u00abTristeza Bovina\u00bb<\/b>. La jornada congreg\u00f3 a una amplia representaci\u00f3n de los sectores p\u00fablico y privado, incluyendo productores, cooperativas, entes sanitarios y universidades, respondiendo a una demanda concreta del sector ganadero.<\/p>\n<h6><em><strong>Del archivo:\u00a0<a href=\"https:\/\/informelitoral.com.ar\/horacio-gross-es-el-nuevo-presidente-de-lar-cooperativa-limitada\/\" target=\"_blank\" rel=\"noopener\">Horacio Gross es el nuevo presidente de LAR Cooperativa Limitada<\/a><\/strong><\/em><\/h6>\n<p><b>Mart\u00edn Sieber<\/b>, director de Producci\u00f3n Animal de la provincia, destac\u00f3 que el combate contra este flagelo se integr\u00f3 en una tarea com\u00fan que sum\u00f3 al Colegio de M\u00e9dicos Veterinarios, la Federaci\u00f3n Agraria, la Federaci\u00f3n Entrerriana de Cooperativas, la Sociedad Rural, la Federaci\u00f3n de Asociaciones Rurales (FARER), el Instituto Nacional de Tecnolog\u00eda Agropecuaria (INTA) y el Servicio Nacional de Sanidad y Calidad Agroalimentaria (Senasa).<\/p>\n<p>La <b>\u00abTristeza Bovina\u00bb<\/b> es el t\u00e9rmino utilizado para describir la babesiosis y la anaplasmosis, enfermedades transmitidas por la garrapata que tienen como caracter\u00edstica com\u00fan la destrucci\u00f3n de los gl\u00f3bulos rojos del ganado, causando serias p\u00e9rdidas productivas y econ\u00f3micas.<\/p>\n<p><a href=\"https:\/\/drive.google.com\/thumbnail?id=1bDgzhoCXLecsxGcOJ-Ss8uCVNWu3YTAq&amp;sz=w2048\"><img loading=\"lazy\" decoding=\"async\" class=\"alignnone  wp-image-239627\" src=\"https:\/\/drive.google.com\/thumbnail?id=1bDgzhoCXLecsxGcOJ-Ss8uCVNWu3YTAq&amp;sz=w2048\" alt=\"\" width=\"683\" height=\"455\" \/><\/a><\/p>\n<p>Un aspecto central abordado por los expertos fue la <b>detecci\u00f3n temprana<\/b> y la <b>notificaci\u00f3n inmediata<\/b> de la sospecha a los veterinarios. Sieber explic\u00f3 que esta celeridad es crucial para poder \u00abaccionar con mayor eficiencia en el control y vigilancia\u00bb del avance de la enfermedad.<\/p>\n<p>El encuentro, realizado en la Rural de Villaguay, se centr\u00f3 en la <b>capacitaci\u00f3n de profesionales<\/b> con el objetivo primordial de <b>unificar los protocolos de acci\u00f3n<\/b> y sensibilizar a los productores. Los temas clave de la capacitaci\u00f3n fueron: Prevenci\u00f3n, Inmunizaci\u00f3n y Tratamiento.<\/p>\n<p>La jornada cont\u00f3 con la participaci\u00f3n de expertos de alto nivel, incluyendo a Nicol\u00e1s Morel y Santiago Nava, de la Estaci\u00f3n Experimental Agropecuaria INTA Rafaela, y a Mart\u00edn Allasia, de la Facultad de Ciencias Veterinarias de la Universidad Nacional del Litoral, quienes compartieron los avances en investigaci\u00f3n y las mejores pr\u00e1cticas para el manejo de la enfermedad.<\/p>\n<p><em><strong>Del archivo:\u00a0<a href=\"https:\/\/informelitoral.com.ar\/grano-entero-o-molido-un-especialista-ganadero-revelo-cual-es-el-mas-eficiente-para-los-bovinos\/\" target=\"_blank\" rel=\"noopener\">\u00bfGrano entero o molido? Un especialista ganadero revel\u00f3 cual es el m\u00e1s eficiente para los bovinos<\/a><\/strong><\/em><\/p>\n","protected":false},"excerpt":{"rendered":"<p>El Ministerio de Desarrollo Econ\u00f3mico provincial reuni\u00f3 en Villaguay a entes p\u00fablicos y privados para profundizar la lucha contra la enfermedad que afecta a los gl\u00f3bulos rojos del ganado.<\/p>\n","protected":false},"author":8,"featured_media":239626,"comment_status":"open","ping_status":"open","sticky":false,"template":"","format":"standard","meta":{"fifu_image_url":"","fifu_image_alt":"","footnotes":""},"categories":[10],"tags":[54,81,6146],"class_list":{"0":"post-239625","1":"post","2":"type-post","3":"status-publish","4":"format-standard","5":"has-post-thumbnail","7":"category-campo","8":"tag-capacitacion","9":"tag-entre-rios","10":"tag-tristeza-bovina"},"yoast_head":"<title>Entre R\u00edos refuerza el combate contra la &quot;Tristeza Bovina&quot; con capacitaci\u00f3n y unificaci\u00f3n de protocolos - Informe Litoral<\/title>\n<meta name=\"robots\" content=\"index, follow, max-snippet:-1, max-image-preview:large, max-video-preview:-1\" \/>\n<link rel=\"canonical\" href=\"https:\/\/informelitoral.com.ar\/entre-rios-refuerza-el-combate-contra-la-tristeza-bovina-con-capacitacion-y-unificacion-de-protocolos\/\" \/>\n<meta property=\"og:locale\" content=\"es_ES\" \/>\n<meta property=\"og:type\" content=\"article\" \/>\n<meta property=\"og:title\" content=\"Entre R\u00edos refuerza el combate contra la &quot;Tristeza Bovina&quot; con capacitaci\u00f3n y unificaci\u00f3n de protocolos - Informe Litoral\" \/>\n<meta property=\"og:description\" content=\"El Ministerio de Desarrollo Econ\u00f3mico provincial reuni\u00f3 en Villaguay a entes p\u00fablicos y privados para profundizar la lucha contra la enfermedad que afecta a los gl\u00f3bulos rojos del ganado.\" \/>\n<meta property=\"og:url\" content=\"https:\/\/informelitoral.com.ar\/entre-rios-refuerza-el-combate-contra-la-tristeza-bovina-con-capacitacion-y-unificacion-de-protocolos\/\" \/>\n<meta property=\"og:site_name\" content=\"Informe Litoral\" \/>\n<meta property=\"article:publisher\" content=\"https:\/\/www.facebook.com\/informelitoral\/\" \/>\n<meta property=\"article:published_time\" content=\"2025-11-06T13:04:19+00:00\" \/>\n<meta property=\"article:modified_time\" content=\"2025-11-06T13:07:30+00:00\" \/>\n<meta property=\"og:image\" content=\"https:\/\/drive.google.com\/thumbnail?id=1M_uBXAyxCxUY1WmgCPDGlxIUSs1tVlF1&sz=w2048\" \/>\n\t<meta property=\"og:image:width\" content=\"1600\" \/>\n\t<meta property=\"og:image:height\" content=\"1068\" \/>\n\t<meta property=\"og:image:type\" content=\"image\/jpeg\" \/>\n<meta name=\"author\" content=\"Sebastian\" \/>\n<meta name=\"twitter:card\" content=\"summary_large_image\" \/>\n<meta name=\"twitter:creator\" content=\"@InformeLitoral\" \/>\n<meta name=\"twitter:site\" content=\"@InformeLitoral\" \/>\n<meta name=\"twitter:label1\" content=\"Escrito por\" \/>\n\t<meta name=\"twitter:data1\" content=\"Sebastian\" \/>\n\t<meta name=\"twitter:label2\" content=\"Tiempo de lectura\" \/>\n\t<meta name=\"twitter:data2\" content=\"2 minutos\" \/>\n<script type=\"application\/ld+json\" class=\"yoast-schema-graph\">{\"@context\":\"https:\\\/\\\/schema.org\",\"@graph\":[{\"@type\":\"Article\",\"@id\":\"https:\\\/\\\/informelitoral.com.ar\\\/entre-rios-refuerza-el-combate-contra-la-tristeza-bovina-con-capacitacion-y-unificacion-de-protocolos\\\/#article\",\"isPartOf\":{\"@id\":\"https:\\\/\\\/informelitoral.com.ar\\\/entre-rios-refuerza-el-combate-contra-la-tristeza-bovina-con-capacitacion-y-unificacion-de-protocolos\\\/\"},\"author\":{\"name\":\"Sebastian\",\"@id\":\"https:\\\/\\\/informelitoral.com.ar\\\/#\\\/schema\\\/person\\\/f05f9f461677119578717524b127d6d5\"},\"headline\":\"Entre R\u00edos refuerza el combate contra la \u00abTristeza Bovina\u00bb con capacitaci\u00f3n y unificaci\u00f3n de protocolos\",\"datePublished\":\"2025-11-06T13:04:19+00:00\",\"dateModified\":\"2025-11-06T13:07:30+00:00\",\"mainEntityOfPage\":{\"@id\":\"https:\\\/\\\/informelitoral.com.ar\\\/entre-rios-refuerza-el-combate-contra-la-tristeza-bovina-con-capacitacion-y-unificacion-de-protocolos\\\/\"},\"wordCount\":388,\"commentCount\":0,\"publisher\":{\"@id\":\"https:\\\/\\\/informelitoral.com.ar\\\/#organization\"},\"image\":{\"@id\":\"https:\\\/\\\/informelitoral.com.ar\\\/entre-rios-refuerza-el-combate-contra-la-tristeza-bovina-con-capacitacion-y-unificacion-de-protocolos\\\/#primaryimage\"},\"thumbnailUrl\":\"https:\\\/\\\/drive.google.com\\\/thumbnail?id=1M_uBXAyxCxUY1WmgCPDGlxIUSs1tVlF1&sz=w2048\",\"keywords\":[\"Capacitaci\u00f3n\",\"Entre R\u00edos\",\"Tristeza Bovina\"],\"articleSection\":[\"Campo\"],\"inLanguage\":\"es\",\"potentialAction\":[{\"@type\":\"CommentAction\",\"name\":\"Comment\",\"target\":[\"https:\\\/\\\/informelitoral.com.ar\\\/entre-rios-refuerza-el-combate-contra-la-tristeza-bovina-con-capacitacion-y-unificacion-de-protocolos\\\/#respond\"]}]},{\"@type\":\"WebPage\",\"@id\":\"https:\\\/\\\/informelitoral.com.ar\\\/entre-rios-refuerza-el-combate-contra-la-tristeza-bovina-con-capacitacion-y-unificacion-de-protocolos\\\/\",\"url\":\"https:\\\/\\\/informelitoral.com.ar\\\/entre-rios-refuerza-el-combate-contra-la-tristeza-bovina-con-capacitacion-y-unificacion-de-protocolos\\\/\",\"name\":\"Entre R\u00edos refuerza el combate contra la \\\"Tristeza Bovina\\\" con capacitaci\u00f3n y unificaci\u00f3n de protocolos - Informe Litoral\",\"isPartOf\":{\"@id\":\"https:\\\/\\\/informelitoral.com.ar\\\/#website\"},\"primaryImageOfPage\":{\"@id\":\"https:\\\/\\\/informelitoral.com.ar\\\/entre-rios-refuerza-el-combate-contra-la-tristeza-bovina-con-capacitacion-y-unificacion-de-protocolos\\\/#primaryimage\"},\"image\":{\"@id\":\"https:\\\/\\\/informelitoral.com.ar\\\/entre-rios-refuerza-el-combate-contra-la-tristeza-bovina-con-capacitacion-y-unificacion-de-protocolos\\\/#primaryimage\"},\"thumbnailUrl\":\"https:\\\/\\\/drive.google.com\\\/thumbnail?id=1M_uBXAyxCxUY1WmgCPDGlxIUSs1tVlF1&sz=w2048\",\"datePublished\":\"2025-11-06T13:04:19+00:00\",\"dateModified\":\"2025-11-06T13:07:30+00:00\",\"breadcrumb\":{\"@id\":\"https:\\\/\\\/informelitoral.com.ar\\\/entre-rios-refuerza-el-combate-contra-la-tristeza-bovina-con-capacitacion-y-unificacion-de-protocolos\\\/#breadcrumb\"},\"inLanguage\":\"es\",\"potentialAction\":[{\"@type\":\"ReadAction\",\"target\":[\"https:\\\/\\\/informelitoral.com.ar\\\/entre-rios-refuerza-el-combate-contra-la-tristeza-bovina-con-capacitacion-y-unificacion-de-protocolos\\\/\"]}]},{\"@type\":\"ImageObject\",\"inLanguage\":\"es\",\"@id\":\"https:\\\/\\\/informelitoral.com.ar\\\/entre-rios-refuerza-el-combate-contra-la-tristeza-bovina-con-capacitacion-y-unificacion-de-protocolos\\\/#primaryimage\",\"url\":\"https:\\\/\\\/drive.google.com\\\/thumbnail?id=1M_uBXAyxCxUY1WmgCPDGlxIUSs1tVlF1&sz=w2048\",\"contentUrl\":\"https:\\\/\\\/drive.google.com\\\/thumbnail?id=1M_uBXAyxCxUY1WmgCPDGlxIUSs1tVlF1&sz=w2048\",\"width\":1600,\"height\":1068},{\"@type\":\"BreadcrumbList\",\"@id\":\"https:\\\/\\\/informelitoral.com.ar\\\/entre-rios-refuerza-el-combate-contra-la-tristeza-bovina-con-capacitacion-y-unificacion-de-protocolos\\\/#breadcrumb\",\"itemListElement\":[{\"@type\":\"ListItem\",\"position\":1,\"name\":\"Portada\",\"item\":\"https:\\\/\\\/informelitoral.com.ar\\\/\"},{\"@type\":\"ListItem\",\"position\":2,\"name\":\"Entre R\u00edos refuerza el combate contra la \u00abTristeza Bovina\u00bb con capacitaci\u00f3n y unificaci\u00f3n de protocolos\"}]},{\"@type\":\"WebSite\",\"@id\":\"https:\\\/\\\/informelitoral.com.ar\\\/#website\",\"url\":\"https:\\\/\\\/informelitoral.com.ar\\\/\",\"name\":\"Informe Litoral\",\"description\":\"&quot;Nos informamos&quot; \",\"publisher\":{\"@id\":\"https:\\\/\\\/informelitoral.com.ar\\\/#organization\"},\"potentialAction\":[{\"@type\":\"SearchAction\",\"target\":{\"@type\":\"EntryPoint\",\"urlTemplate\":\"https:\\\/\\\/informelitoral.com.ar\\\/?s={search_term_string}\"},\"query-input\":{\"@type\":\"PropertyValueSpecification\",\"valueRequired\":true,\"valueName\":\"search_term_string\"}}],\"inLanguage\":\"es\"},{\"@type\":\"Organization\",\"@id\":\"https:\\\/\\\/informelitoral.com.ar\\\/#organization\",\"name\":\"Informe Litoral\",\"url\":\"https:\\\/\\\/informelitoral.com.ar\\\/\",\"logo\":{\"@type\":\"ImageObject\",\"inLanguage\":\"es\",\"@id\":\"https:\\\/\\\/informelitoral.com.ar\\\/#\\\/schema\\\/logo\\\/image\\\/\",\"url\":\"https:\\\/\\\/informelitoral.com.ar\\\/%77%70%2d%63%6f%6e%74%65%6e%74\\\/uploads\\\/2021\\\/01\\\/circulo.png\",\"contentUrl\":\"https:\\\/\\\/informelitoral.com.ar\\\/%77%70%2d%63%6f%6e%74%65%6e%74\\\/uploads\\\/2021\\\/01\\\/circulo.png\",\"width\":723,\"height\":731,\"caption\":\"Informe Litoral\"},\"image\":{\"@id\":\"https:\\\/\\\/informelitoral.com.ar\\\/#\\\/schema\\\/logo\\\/image\\\/\"},\"sameAs\":[\"https:\\\/\\\/www.facebook.com\\\/informelitoral\\\/\",\"https:\\\/\\\/x.com\\\/InformeLitoral\",\"https:\\\/\\\/www.instagram.com\\\/informelitoral\\\/\",\"https:\\\/\\\/www.youtube.com\\\/channel\\\/UCua4Qvz8Icb6MYqhoq9xLXw\"]},{\"@type\":\"Person\",\"@id\":\"https:\\\/\\\/informelitoral.com.ar\\\/#\\\/schema\\\/person\\\/f05f9f461677119578717524b127d6d5\",\"name\":\"Sebastian\",\"image\":{\"@type\":\"ImageObject\",\"inLanguage\":\"es\",\"@id\":\"https:\\\/\\\/secure.gravatar.com\\\/avatar\\\/b71bf7481d447dfb9583c7f2798e7cc64de6efb9067b74633ed8c31059a3bd82?s=96&d=mm&r=g\",\"url\":\"https:\\\/\\\/secure.gravatar.com\\\/avatar\\\/b71bf7481d447dfb9583c7f2798e7cc64de6efb9067b74633ed8c31059a3bd82?s=96&d=mm&r=g\",\"contentUrl\":\"https:\\\/\\\/secure.gravatar.com\\\/avatar\\\/b71bf7481d447dfb9583c7f2798e7cc64de6efb9067b74633ed8c31059a3bd82?s=96&d=mm&r=g\",\"caption\":\"Sebastian\"},\"url\":\"https:\\\/\\\/informelitoral.com.ar\\\/author\\\/sebastian\\\/\"}]}<\/script>","yoast_head_json":{"title":"Entre R\u00edos refuerza el combate contra la \"Tristeza Bovina\" con capacitaci\u00f3n y unificaci\u00f3n de protocolos - Informe Litoral","robots":{"index":"index","follow":"follow","max-snippet":"max-snippet:-1","max-image-preview":"max-image-preview:large","max-video-preview":"max-video-preview:-1"},"canonical":"https:\/\/informelitoral.com.ar\/entre-rios-refuerza-el-combate-contra-la-tristeza-bovina-con-capacitacion-y-unificacion-de-protocolos\/","og_locale":"es_ES","og_type":"article","og_title":"Entre R\u00edos refuerza el combate contra la \"Tristeza Bovina\" con capacitaci\u00f3n y unificaci\u00f3n de protocolos - Informe Litoral","og_description":"El Ministerio de Desarrollo Econ\u00f3mico provincial reuni\u00f3 en Villaguay a entes p\u00fablicos y privados para profundizar la lucha contra la enfermedad que afecta a los gl\u00f3bulos rojos del ganado.","og_url":"https:\/\/informelitoral.com.ar\/entre-rios-refuerza-el-combate-contra-la-tristeza-bovina-con-capacitacion-y-unificacion-de-protocolos\/","og_site_name":"Informe Litoral","article_publisher":"https:\/\/www.facebook.com\/informelitoral\/","article_published_time":"2025-11-06T13:04:19+00:00","article_modified_time":"2025-11-06T13:07:30+00:00","og_image":[{"width":1600,"height":1068,"url":"https:\/\/drive.google.com\/thumbnail?id=1M_uBXAyxCxUY1WmgCPDGlxIUSs1tVlF1&sz=w2048","type":"image\/jpeg"}],"author":"Sebastian","twitter_card":"summary_large_image","twitter_creator":"@InformeLitoral","twitter_site":"@InformeLitoral","twitter_misc":{"Escrito por":"Sebastian","Tiempo de lectura":"2 minutos"},"schema":{"@context":"https:\/\/schema.org","@graph":[{"@type":"Article","@id":"https:\/\/informelitoral.com.ar\/entre-rios-refuerza-el-combate-contra-la-tristeza-bovina-con-capacitacion-y-unificacion-de-protocolos\/#article","isPartOf":{"@id":"https:\/\/informelitoral.com.ar\/entre-rios-refuerza-el-combate-contra-la-tristeza-bovina-con-capacitacion-y-unificacion-de-protocolos\/"},"author":{"name":"Sebastian","@id":"https:\/\/informelitoral.com.ar\/#\/schema\/person\/f05f9f461677119578717524b127d6d5"},"headline":"Entre R\u00edos refuerza el combate contra la \u00abTristeza Bovina\u00bb con capacitaci\u00f3n y unificaci\u00f3n de protocolos","datePublished":"2025-11-06T13:04:19+00:00","dateModified":"2025-11-06T13:07:30+00:00","mainEntityOfPage":{"@id":"https:\/\/informelitoral.com.ar\/entre-rios-refuerza-el-combate-contra-la-tristeza-bovina-con-capacitacion-y-unificacion-de-protocolos\/"},"wordCount":388,"commentCount":0,"publisher":{"@id":"https:\/\/informelitoral.com.ar\/#organization"},"image":{"@id":"https:\/\/informelitoral.com.ar\/entre-rios-refuerza-el-combate-contra-la-tristeza-bovina-con-capacitacion-y-unificacion-de-protocolos\/#primaryimage"},"thumbnailUrl":"https:\/\/drive.google.com\/thumbnail?id=1M_uBXAyxCxUY1WmgCPDGlxIUSs1tVlF1&sz=w2048","keywords":["Capacitaci\u00f3n","Entre R\u00edos","Tristeza Bovina"],"articleSection":["Campo"],"inLanguage":"es","potentialAction":[{"@type":"CommentAction","name":"Comment","target":["https:\/\/informelitoral.com.ar\/entre-rios-refuerza-el-combate-contra-la-tristeza-bovina-con-capacitacion-y-unificacion-de-protocolos\/#respond"]}]},{"@type":"WebPage","@id":"https:\/\/informelitoral.com.ar\/entre-rios-refuerza-el-combate-contra-la-tristeza-bovina-con-capacitacion-y-unificacion-de-protocolos\/","url":"https:\/\/informelitoral.com.ar\/entre-rios-refuerza-el-combate-contra-la-tristeza-bovina-con-capacitacion-y-unificacion-de-protocolos\/","name":"Entre R\u00edos refuerza el combate contra la \"Tristeza Bovina\" con capacitaci\u00f3n y unificaci\u00f3n de protocolos - Informe Litoral","isPartOf":{"@id":"https:\/\/informelitoral.com.ar\/#website"},"primaryImageOfPage":{"@id":"https:\/\/informelitoral.com.ar\/entre-rios-refuerza-el-combate-contra-la-tristeza-bovina-con-capacitacion-y-unificacion-de-protocolos\/#primaryimage"},"image":{"@id":"https:\/\/informelitoral.com.ar\/entre-rios-refuerza-el-combate-contra-la-tristeza-bovina-con-capacitacion-y-unificacion-de-protocolos\/#primaryimage"},"thumbnailUrl":"https:\/\/drive.google.com\/thumbnail?id=1M_uBXAyxCxUY1WmgCPDGlxIUSs1tVlF1&sz=w2048","datePublished":"2025-11-06T13:04:19+00:00","dateModified":"2025-11-06T13:07:30+00:00","breadcrumb":{"@id":"https:\/\/informelitoral.com.ar\/entre-rios-refuerza-el-combate-contra-la-tristeza-bovina-con-capacitacion-y-unificacion-de-protocolos\/#breadcrumb"},"inLanguage":"es","potentialAction":[{"@type":"ReadAction","target":["https:\/\/informelitoral.com.ar\/entre-rios-refuerza-el-combate-contra-la-tristeza-bovina-con-capacitacion-y-unificacion-de-protocolos\/"]}]},{"@type":"ImageObject","inLanguage":"es","@id":"https:\/\/informelitoral.com.ar\/entre-rios-refuerza-el-combate-contra-la-tristeza-bovina-con-capacitacion-y-unificacion-de-protocolos\/#primaryimage","url":"https:\/\/drive.google.com\/thumbnail?id=1M_uBXAyxCxUY1WmgCPDGlxIUSs1tVlF1&sz=w2048","contentUrl":"https:\/\/drive.google.com\/thumbnail?id=1M_uBXAyxCxUY1WmgCPDGlxIUSs1tVlF1&sz=w2048","width":1600,"height":1068},{"@type":"BreadcrumbList","@id":"https:\/\/informelitoral.com.ar\/entre-rios-refuerza-el-combate-contra-la-tristeza-bovina-con-capacitacion-y-unificacion-de-protocolos\/#breadcrumb","itemListElement":[{"@type":"ListItem","position":1,"name":"Portada","item":"https:\/\/informelitoral.com.ar\/"},{"@type":"ListItem","position":2,"name":"Entre R\u00edos refuerza el combate contra la \u00abTristeza Bovina\u00bb con capacitaci\u00f3n y unificaci\u00f3n de protocolos"}]},{"@type":"WebSite","@id":"https:\/\/informelitoral.com.ar\/#website","url":"https:\/\/informelitoral.com.ar\/","name":"Informe Litoral","description":"&quot;Nos informamos&quot; ","publisher":{"@id":"https:\/\/informelitoral.com.ar\/#organization"},"potentialAction":[{"@type":"SearchAction","target":{"@type":"EntryPoint","urlTemplate":"https:\/\/informelitoral.com.ar\/?s={search_term_string}"},"query-input":{"@type":"PropertyValueSpecification","valueRequired":true,"valueName":"search_term_string"}}],"inLanguage":"es"},{"@type":"Organization","@id":"https:\/\/informelitoral.com.ar\/#organization","name":"Informe Litoral","url":"https:\/\/informelitoral.com.ar\/","logo":{"@type":"ImageObject","inLanguage":"es","@id":"https:\/\/informelitoral.com.ar\/#\/schema\/logo\/image\/","url":"https:\/\/informelitoral.com.ar\/%77%70%2d%63%6f%6e%74%65%6e%74\/uploads\/2021\/01\/circulo.png","contentUrl":"https:\/\/informelitoral.com.ar\/%77%70%2d%63%6f%6e%74%65%6e%74\/uploads\/2021\/01\/circulo.png","width":723,"height":731,"caption":"Informe Litoral"},"image":{"@id":"https:\/\/informelitoral.com.ar\/#\/schema\/logo\/image\/"},"sameAs":["https:\/\/www.facebook.com\/informelitoral\/","https:\/\/x.com\/InformeLitoral","https:\/\/www.instagram.com\/informelitoral\/","https:\/\/www.youtube.com\/channel\/UCua4Qvz8Icb6MYqhoq9xLXw"]},{"@type":"Person","@id":"https:\/\/informelitoral.com.ar\/#\/schema\/person\/f05f9f461677119578717524b127d6d5","name":"Sebastian","image":{"@type":"ImageObject","inLanguage":"es","@id":"https:\/\/secure.gravatar.com\/avatar\/b71bf7481d447dfb9583c7f2798e7cc64de6efb9067b74633ed8c31059a3bd82?s=96&d=mm&r=g","url":"https:\/\/secure.gravatar.com\/avatar\/b71bf7481d447dfb9583c7f2798e7cc64de6efb9067b74633ed8c31059a3bd82?s=96&d=mm&r=g","contentUrl":"https:\/\/secure.gravatar.com\/avatar\/b71bf7481d447dfb9583c7f2798e7cc64de6efb9067b74633ed8c31059a3bd82?s=96&d=mm&r=g","caption":"Sebastian"},"url":"https:\/\/informelitoral.com.ar\/author\/sebastian\/"}]}},"_links":{"self":[{"href":"https:\/\/informelitoral.com.ar\/%77%70%2d%6a%73%6f%6e\/wp\/v2\/posts\/239625","targetHints":{"allow":["GET"]}}],"collection":[{"href":"https:\/\/informelitoral.com.ar\/%77%70%2d%6a%73%6f%6e\/wp\/v2\/posts"}],"about":[{"href":"https:\/\/informelitoral.com.ar\/%77%70%2d%6a%73%6f%6e\/wp\/v2\/types\/post"}],"author":[{"embeddable":true,"href":"https:\/\/informelitoral.com.ar\/%77%70%2d%6a%73%6f%6e\/wp\/v2\/users\/8"}],"replies":[{"embeddable":true,"href":"https:\/\/informelitoral.com.ar\/%77%70%2d%6a%73%6f%6e\/wp\/v2\/comments?post=239625"}],"version-history":[{"count":3,"href":"https:\/\/informelitoral.com.ar\/%77%70%2d%6a%73%6f%6e\/wp\/v2\/posts\/239625\/revisions"}],"predecessor-version":[{"id":239630,"href":"https:\/\/informelitoral.com.ar\/%77%70%2d%6a%73%6f%6e\/wp\/v2\/posts\/239625\/revisions\/239630"}],"wp:featuredmedia":[{"embeddable":true,"href":"https:\/\/informelitoral.com.ar\/%77%70%2d%6a%73%6f%6e\/wp\/v2\/media\/239626"}],"wp:attachment":[{"href":"https:\/\/informelitoral.com.ar\/%77%70%2d%6a%73%6f%6e\/wp\/v2\/media?parent=239625"}],"wp:term":[{"taxonomy":"category","embeddable":true,"href":"https:\/\/informelitoral.com.ar\/%77%70%2d%6a%73%6f%6e\/wp\/v2\/categories?post=239625"},{"taxonomy":"post_tag","embeddable":true,"href":"https:\/\/informelitoral.com.ar\/%77%70%2d%6a%73%6f%6e\/wp\/v2\/tags?post=239625"}],"curies":[{"name":"wp","href":"https:\/\/api.w.org\/{rel}","templated":true}]}}