{"id":239551,"date":"2025-11-06T05:05:14","date_gmt":"2025-11-06T08:05:14","guid":{"rendered":"https:\/\/informelitoral.com.ar\/?p=239551"},"modified":"2025-11-06T07:13:31","modified_gmt":"2025-11-06T10:13:31","slug":"a-sala-repleta-se-celebro-la-asamblea-de-coopar","status":"publish","type":"post","link":"https:\/\/informelitoral.com.ar\/a-sala-repleta-se-celebro-la-asamblea-de-coopar\/","title":{"rendered":"A sala repleta se celebr\u00f3 la asamblea de Coopar"},"content":{"rendered":"<p>El encuentro se desarroll\u00f3 a sala llena en el sal\u00f3n auditorio de la entidad, en cumplimiento de las disposiciones legales y estatutarias vigentes.<\/p>\n<p>Durante la jornada se abordaron los puntos del orden del d\u00eda, incluyendo la lectura y consideraci\u00f3n de la Memoria y Balance, los informes del S\u00edndico y la Auditor\u00eda Externa, el proyecto de distribuci\u00f3n de excedentes y el ajuste al capital social. Adem\u00e1s, se procedi\u00f3 a la renovaci\u00f3n parcial del Consejo de Administraci\u00f3n y del \u00f3rgano de fiscalizaci\u00f3n, mediante la elecci\u00f3n de tres consejeros titulares, tres suplentes y los s\u00edndicos titular y suplente, conforme a lo establecido en el Estatuto Social. Adem\u00e1s se realiz\u00f3 un minuto de silencio por los socios fallecidos.<\/p>\n<h2><strong>Palabras del presidente Gonzalo Salgado<\/strong><\/h2>\n<p>El presidente de Coopar, <strong>Gonzalo Eduardo Salgado<\/strong>, encabez\u00f3 la asamblea y expres\u00f3 su satisfacci\u00f3n por los resultados obtenidos: \u201cEstoy sumamente contento con el acopio de este ejercicio, con 348.751 toneladas. Esto significa que la masa de asociados responde cuando hay buena cosecha; se ven los resultados y estamos muy agradecidos con nuestros asociados.\u201d<\/p>\n<p>Salgado destac\u00f3 el compromiso del personal en todas las \u00e1reas \u2014administraci\u00f3n, campo, ingenier\u00eda, granja Reynaf\u00e9 y sucursales\u2014 y valor\u00f3 el acompa\u00f1amiento del Consejo de Administraci\u00f3n y los equipos t\u00e9cnicos.<\/p>\n<p>\u201cNecesitamos una buena administraci\u00f3n en facturaci\u00f3n y liquidaciones; la parte tecnol\u00f3gica avanza r\u00e1pido y tenemos una nueva generaci\u00f3n de empleados que nos tienen paciencia a los mayores, ya que hoy todo pasa por internet y la electr\u00f3nica\u201d, se\u00f1al\u00f3.<\/p>\n<p>Tambi\u00e9n subray\u00f3 el trabajo institucional y la participaci\u00f3n activa de Coopar en FEDECO y CAFER, as\u00ed como el impulso de los grupos juvenil \u201cUnidos por el Agro\u201d coordinados por el Ing. Sergio Fettolini y Natalia Herman y \u201cSembrando Valores\u201d, guiado por Zulma Mayer.<\/p>\n<p>\u201cCoopar\u00a0 sigue invirtiendo y apoyando al productor. Inauguramos oficinas nuevas en Victoria, adquirimos maquinaria, y la extrusora de soja abastece en un 80% a la f\u00e1brica de alimentos balanceados, permitiendo elaborar productos de mejor calidad con materia prima propia\u201d, destac\u00f3.<\/p>\n<p>En materia de infraestructura, mencion\u00f3 la construcci\u00f3n de nuevos silos de 5.000 toneladas en Victoria y Don Crist\u00f3bal Segunda, y otros dos que se est\u00e1n ejecutando en Aranguren, gracias a cr\u00e9ditos gestionados a tasas favorables.<\/p>\n<p>Salgado tambi\u00e9n hizo referencia a la situaci\u00f3n generada por la ca\u00edda de Vicentin, y al reciente convenio firmado con la Municipalidad de Victoria, que permitir\u00e1 el acopio solo de colza hasta febrero de 2027.<\/p>\n<p>\u201cSeguimos tomando nuevo personal y renovando nuestro staff. A todos, much\u00edsimas gracias por la aprobaci\u00f3n del balance y por acompa\u00f1ar una asamblea tan convocante\u201d, concluy\u00f3.<\/p>\n<p><a href=\"https:\/\/drive.google.com\/thumbnail?id=1ZZ7mOH17HRcEAlfFCetMMvpGcZZ3wELz&amp;sz=w2048\"><img loading=\"lazy\" decoding=\"async\" class=\"aligncenter wp-image-239547 size-full\" src=\"https:\/\/drive.google.com\/thumbnail?id=1ZZ7mOH17HRcEAlfFCetMMvpGcZZ3wELz&amp;sz=w2048\" alt=\"\" width=\"1600\" height=\"1067\" \/><\/a><\/p>\n<h2><strong>El valor del recambio generacional<\/strong><\/h2>\n<p>Por su parte, <strong>Juan Adolfo Balbi<\/strong>, vicepresidente de Coopar, hizo hincapi\u00e9 en la importancia de formar nuevas generaciones de dirigentes dentro del movimiento cooperativo: \u201cEs fundamental ense\u00f1arle a la juventud lo que es el cooperativismo, para que este semillero siga avanzando. Nosotros estamos cumpliendo una etapa y debe venir gente nueva. Tenemos que sembrar esa semilla dentro del cooperativismo, porque necesitamos formar dirigentes.\u201d<\/p>\n<p>Balbi dio la bienvenida al consejero Javier Bravo, quien se incorpor\u00f3 hace un a\u00f1o al Directorio de Coopar y recientemente a CAFER, y valor\u00f3 la combinaci\u00f3n de experiencia y juventud como un equilibrio que fortalece la gesti\u00f3n.<\/p>\n<h2><strong>Participaci\u00f3n y acompa\u00f1amiento<\/strong><\/h2>\n<p>De la asamblea participaron<strong> Ronald Garnier<\/strong> (presidente de FEDECO),<strong> Roberto Frigo<\/strong> (presidente de CAFER) y <strong>Diego Camu\u00f1a<\/strong> (gerente de CAFER y tesorero de la Bolsa de Cereales de Entre R\u00edos).<\/p>\n<p>Tambi\u00e9n estuvieron presentes <strong>Alfredo Bel,<\/strong> en representaci\u00f3n de Federaci\u00f3n Agraria Argentina, y <strong>Sebasti\u00e1n Bouzada<\/strong>, gerente de PONDESUR S.A.<\/p>\n<p>El encuentro reflej\u00f3 una vez m\u00e1s el esp\u00edritu cooperativo, la transparencia y el compromiso institucional que caracterizan el accionar de Coopar.<\/p>\n<h6><em><strong>Del archivo:\u00a0<a href=\"https:\/\/informelitoral.com.ar\/se-reafirma-articulacion-publico-privada-como-pilar-para-fortalecer-al-sector-ganadero\/\" target=\"_blank\" rel=\"noopener\">Entre R\u00edos: SENASA convoc\u00f3 a expertos para actualizar estrategias contra garrapata, aftosa y brucelosis bovina<\/a><\/strong><\/em><\/h6>\n","protected":false},"excerpt":{"rendered":"<p>Tal como estaba previsto, el pasado viernes 31 de octubre se realiz\u00f3 la Asamblea General Ordinaria de la Cooperativa Agr\u00edcola Ganadera y de Servicios P\u00fablicos Aranguren Ltda. (COOPAR), correspondiente al 72\u00ba Ejercicio Econ\u00f3mico, comprendido entre el 1\u00b0 de julio de 2024 y el 30 de junio de 2025.<\/p>\n","protected":false},"author":2,"featured_media":239546,"comment_status":"open","ping_status":"open","sticky":false,"template":"","format":"standard","meta":{"fifu_image_url":"","fifu_image_alt":"","footnotes":""},"categories":[4592],"tags":[143,3266,1611,137],"class_list":{"0":"post-239551","1":"post","2":"type-post","3":"status-publish","4":"format-standard","5":"has-post-thumbnail","7":"category-departamento-nogoya","8":"tag-aranguren","9":"tag-asamblea","10":"tag-coopar","11":"tag-cooperativa"},"yoast_head":"<title>A sala repleta se celebr\u00f3 la asamblea de Coopar - Informe Litoral<\/title>\n<meta name=\"robots\" content=\"index, follow, max-snippet:-1, max-image-preview:large, max-video-preview:-1\" \/>\n<link rel=\"canonical\" href=\"https:\/\/informelitoral.com.ar\/a-sala-repleta-se-celebro-la-asamblea-de-coopar\/\" \/>\n<meta property=\"og:locale\" content=\"es_ES\" \/>\n<meta property=\"og:type\" content=\"article\" \/>\n<meta property=\"og:title\" content=\"A sala repleta se celebr\u00f3 la asamblea de Coopar - Informe Litoral\" \/>\n<meta property=\"og:description\" content=\"Tal como estaba previsto, el pasado viernes 31 de octubre se realiz\u00f3 la Asamblea General Ordinaria de la Cooperativa Agr\u00edcola Ganadera y de Servicios P\u00fablicos Aranguren Ltda. (COOPAR), correspondiente al 72\u00ba Ejercicio Econ\u00f3mico, comprendido entre el 1\u00b0 de julio de 2024 y el 30 de junio de 2025.\" \/>\n<meta property=\"og:url\" content=\"https:\/\/informelitoral.com.ar\/a-sala-repleta-se-celebro-la-asamblea-de-coopar\/\" \/>\n<meta property=\"og:site_name\" content=\"Informe Litoral\" \/>\n<meta property=\"article:publisher\" content=\"https:\/\/www.facebook.com\/informelitoral\/\" \/>\n<meta property=\"article:published_time\" content=\"2025-11-06T08:05:14+00:00\" \/>\n<meta property=\"article:modified_time\" content=\"2025-11-06T10:13:31+00:00\" \/>\n<meta property=\"og:image\" content=\"https:\/\/drive.google.com\/https:\/\/lh3.googleusercontent.com\/drive-storage\/AJQWtBN7GjOm81IZ1j6o0n5oqx2p6G6AwhO4GZfRJgFxP1zGJPL-HS5DgbWnsEINTG5RqLI1V3oH_Zf7NLG1t8p_92a75PmF9ZEfxyv1zK5OgS-u4m4=2048-h2048\" \/>\n\t<meta property=\"og:image:width\" content=\"1024\" \/>\n\t<meta property=\"og:image:height\" content=\"1024\" \/>\n\t<meta property=\"og:image:type\" content=\"image\/jpeg\" \/>\n<meta name=\"author\" content=\"Gonzalo Schmidt\" \/>\n<meta name=\"twitter:card\" content=\"summary_large_image\" \/>\n<meta name=\"twitter:creator\" content=\"@InformeLitoral\" \/>\n<meta name=\"twitter:site\" content=\"@InformeLitoral\" \/>\n<meta name=\"twitter:label1\" content=\"Escrito por\" \/>\n\t<meta name=\"twitter:data1\" content=\"Gonzalo Schmidt\" \/>\n\t<meta name=\"twitter:label2\" content=\"Tiempo de lectura\" \/>\n\t<meta name=\"twitter:data2\" content=\"4 minutos\" \/>\n<script type=\"application\/ld+json\" class=\"yoast-schema-graph\">{\"@context\":\"https:\\\/\\\/schema.org\",\"@graph\":[{\"@type\":\"Article\",\"@id\":\"https:\\\/\\\/informelitoral.com.ar\\\/a-sala-repleta-se-celebro-la-asamblea-de-coopar\\\/#article\",\"isPartOf\":{\"@id\":\"https:\\\/\\\/informelitoral.com.ar\\\/a-sala-repleta-se-celebro-la-asamblea-de-coopar\\\/\"},\"author\":{\"name\":\"Gonzalo Schmidt\",\"@id\":\"https:\\\/\\\/informelitoral.com.ar\\\/#\\\/schema\\\/person\\\/b9d00407c836482871ef1d57bf8e3180\"},\"headline\":\"A sala repleta se celebr\u00f3 la asamblea de Coopar\",\"datePublished\":\"2025-11-06T08:05:14+00:00\",\"dateModified\":\"2025-11-06T10:13:31+00:00\",\"mainEntityOfPage\":{\"@id\":\"https:\\\/\\\/informelitoral.com.ar\\\/a-sala-repleta-se-celebro-la-asamblea-de-coopar\\\/\"},\"wordCount\":670,\"commentCount\":0,\"publisher\":{\"@id\":\"https:\\\/\\\/informelitoral.com.ar\\\/#organization\"},\"image\":{\"@id\":\"https:\\\/\\\/informelitoral.com.ar\\\/a-sala-repleta-se-celebro-la-asamblea-de-coopar\\\/#primaryimage\"},\"thumbnailUrl\":\"https:\\\/\\\/drive.google.com\\\/thumbnail?id=1HX2ccXzLjqRvncshuCMPXDD_5UNkMGzD&sz=w2048\",\"keywords\":[\"Aranguren\",\"Asamblea\",\"Coopar\",\"Cooperativa\"],\"articleSection\":[\"Departamento Nogoy\u00e1\"],\"inLanguage\":\"es\",\"potentialAction\":[{\"@type\":\"CommentAction\",\"name\":\"Comment\",\"target\":[\"https:\\\/\\\/informelitoral.com.ar\\\/a-sala-repleta-se-celebro-la-asamblea-de-coopar\\\/#respond\"]}]},{\"@type\":\"WebPage\",\"@id\":\"https:\\\/\\\/informelitoral.com.ar\\\/a-sala-repleta-se-celebro-la-asamblea-de-coopar\\\/\",\"url\":\"https:\\\/\\\/informelitoral.com.ar\\\/a-sala-repleta-se-celebro-la-asamblea-de-coopar\\\/\",\"name\":\"A sala repleta se celebr\u00f3 la asamblea de Coopar - Informe Litoral\",\"isPartOf\":{\"@id\":\"https:\\\/\\\/informelitoral.com.ar\\\/#website\"},\"primaryImageOfPage\":{\"@id\":\"https:\\\/\\\/informelitoral.com.ar\\\/a-sala-repleta-se-celebro-la-asamblea-de-coopar\\\/#primaryimage\"},\"image\":{\"@id\":\"https:\\\/\\\/informelitoral.com.ar\\\/a-sala-repleta-se-celebro-la-asamblea-de-coopar\\\/#primaryimage\"},\"thumbnailUrl\":\"https:\\\/\\\/drive.google.com\\\/thumbnail?id=1HX2ccXzLjqRvncshuCMPXDD_5UNkMGzD&sz=w2048\",\"datePublished\":\"2025-11-06T08:05:14+00:00\",\"dateModified\":\"2025-11-06T10:13:31+00:00\",\"breadcrumb\":{\"@id\":\"https:\\\/\\\/informelitoral.com.ar\\\/a-sala-repleta-se-celebro-la-asamblea-de-coopar\\\/#breadcrumb\"},\"inLanguage\":\"es\",\"potentialAction\":[{\"@type\":\"ReadAction\",\"target\":[\"https:\\\/\\\/informelitoral.com.ar\\\/a-sala-repleta-se-celebro-la-asamblea-de-coopar\\\/\"]}]},{\"@type\":\"ImageObject\",\"inLanguage\":\"es\",\"@id\":\"https:\\\/\\\/informelitoral.com.ar\\\/a-sala-repleta-se-celebro-la-asamblea-de-coopar\\\/#primaryimage\",\"url\":\"https:\\\/\\\/drive.google.com\\\/thumbnail?id=1HX2ccXzLjqRvncshuCMPXDD_5UNkMGzD&sz=w2048\",\"contentUrl\":\"https:\\\/\\\/drive.google.com\\\/thumbnail?id=1HX2ccXzLjqRvncshuCMPXDD_5UNkMGzD&sz=w2048\",\"width\":1600,\"height\":1067},{\"@type\":\"BreadcrumbList\",\"@id\":\"https:\\\/\\\/informelitoral.com.ar\\\/a-sala-repleta-se-celebro-la-asamblea-de-coopar\\\/#breadcrumb\",\"itemListElement\":[{\"@type\":\"ListItem\",\"position\":1,\"name\":\"Portada\",\"item\":\"https:\\\/\\\/informelitoral.com.ar\\\/\"},{\"@type\":\"ListItem\",\"position\":2,\"name\":\"A sala repleta se celebr\u00f3 la asamblea de Coopar\"}]},{\"@type\":\"WebSite\",\"@id\":\"https:\\\/\\\/informelitoral.com.ar\\\/#website\",\"url\":\"https:\\\/\\\/informelitoral.com.ar\\\/\",\"name\":\"Informe Litoral\",\"description\":\"&quot;Nos informamos&quot; \",\"publisher\":{\"@id\":\"https:\\\/\\\/informelitoral.com.ar\\\/#organization\"},\"potentialAction\":[{\"@type\":\"SearchAction\",\"target\":{\"@type\":\"EntryPoint\",\"urlTemplate\":\"https:\\\/\\\/informelitoral.com.ar\\\/?s={search_term_string}\"},\"query-input\":{\"@type\":\"PropertyValueSpecification\",\"valueRequired\":true,\"valueName\":\"search_term_string\"}}],\"inLanguage\":\"es\"},{\"@type\":\"Organization\",\"@id\":\"https:\\\/\\\/informelitoral.com.ar\\\/#organization\",\"name\":\"Informe Litoral\",\"url\":\"https:\\\/\\\/informelitoral.com.ar\\\/\",\"logo\":{\"@type\":\"ImageObject\",\"inLanguage\":\"es\",\"@id\":\"https:\\\/\\\/informelitoral.com.ar\\\/#\\\/schema\\\/logo\\\/image\\\/\",\"url\":\"https:\\\/\\\/informelitoral.com.ar\\\/%77%70%2d%63%6f%6e%74%65%6e%74\\\/uploads\\\/2021\\\/01\\\/circulo.png\",\"contentUrl\":\"https:\\\/\\\/informelitoral.com.ar\\\/%77%70%2d%63%6f%6e%74%65%6e%74\\\/uploads\\\/2021\\\/01\\\/circulo.png\",\"width\":723,\"height\":731,\"caption\":\"Informe Litoral\"},\"image\":{\"@id\":\"https:\\\/\\\/informelitoral.com.ar\\\/#\\\/schema\\\/logo\\\/image\\\/\"},\"sameAs\":[\"https:\\\/\\\/www.facebook.com\\\/informelitoral\\\/\",\"https:\\\/\\\/x.com\\\/InformeLitoral\",\"https:\\\/\\\/www.instagram.com\\\/informelitoral\\\/\",\"https:\\\/\\\/www.youtube.com\\\/channel\\\/UCua4Qvz8Icb6MYqhoq9xLXw\"]},{\"@type\":\"Person\",\"@id\":\"https:\\\/\\\/informelitoral.com.ar\\\/#\\\/schema\\\/person\\\/b9d00407c836482871ef1d57bf8e3180\",\"name\":\"Gonzalo Schmidt\",\"image\":{\"@type\":\"ImageObject\",\"inLanguage\":\"es\",\"@id\":\"https:\\\/\\\/secure.gravatar.com\\\/avatar\\\/31a1a7b66ff2de83bd0e9fd79d026630d2d99e55e8bfe501287647b4fd9743de?s=96&d=mm&r=g\",\"url\":\"https:\\\/\\\/secure.gravatar.com\\\/avatar\\\/31a1a7b66ff2de83bd0e9fd79d026630d2d99e55e8bfe501287647b4fd9743de?s=96&d=mm&r=g\",\"contentUrl\":\"https:\\\/\\\/secure.gravatar.com\\\/avatar\\\/31a1a7b66ff2de83bd0e9fd79d026630d2d99e55e8bfe501287647b4fd9743de?s=96&d=mm&r=g\",\"caption\":\"Gonzalo Schmidt\"},\"description\":\"Sitio web de noticias de la provincia de Entre R\u00edos, Argentina. Informaci\u00f3n y entretenimiento. Informe Litoral, nos informamos.\",\"sameAs\":[\"http:\\\/\\\/www.isletasnoticias.com.ar\"],\"url\":\"https:\\\/\\\/informelitoral.com.ar\\\/author\\\/gonzalo\\\/\"}]}<\/script>","yoast_head_json":{"title":"A sala repleta se celebr\u00f3 la asamblea de Coopar - Informe Litoral","robots":{"index":"index","follow":"follow","max-snippet":"max-snippet:-1","max-image-preview":"max-image-preview:large","max-video-preview":"max-video-preview:-1"},"canonical":"https:\/\/informelitoral.com.ar\/a-sala-repleta-se-celebro-la-asamblea-de-coopar\/","og_locale":"es_ES","og_type":"article","og_title":"A sala repleta se celebr\u00f3 la asamblea de Coopar - Informe Litoral","og_description":"Tal como estaba previsto, el pasado viernes 31 de octubre se realiz\u00f3 la Asamblea General Ordinaria de la Cooperativa Agr\u00edcola Ganadera y de Servicios P\u00fablicos Aranguren Ltda. (COOPAR), correspondiente al 72\u00ba Ejercicio Econ\u00f3mico, comprendido entre el 1\u00b0 de julio de 2024 y el 30 de junio de 2025.","og_url":"https:\/\/informelitoral.com.ar\/a-sala-repleta-se-celebro-la-asamblea-de-coopar\/","og_site_name":"Informe Litoral","article_publisher":"https:\/\/www.facebook.com\/informelitoral\/","article_published_time":"2025-11-06T08:05:14+00:00","article_modified_time":"2025-11-06T10:13:31+00:00","og_image":[{"width":1024,"height":1024,"url":"https:\/\/drive.google.com\/https:\/\/lh3.googleusercontent.com\/drive-storage\/AJQWtBN7GjOm81IZ1j6o0n5oqx2p6G6AwhO4GZfRJgFxP1zGJPL-HS5DgbWnsEINTG5RqLI1V3oH_Zf7NLG1t8p_92a75PmF9ZEfxyv1zK5OgS-u4m4=2048-h2048","type":"image\/jpeg"}],"author":"Gonzalo Schmidt","twitter_card":"summary_large_image","twitter_creator":"@InformeLitoral","twitter_site":"@InformeLitoral","twitter_misc":{"Escrito por":"Gonzalo Schmidt","Tiempo de lectura":"4 minutos"},"schema":{"@context":"https:\/\/schema.org","@graph":[{"@type":"Article","@id":"https:\/\/informelitoral.com.ar\/a-sala-repleta-se-celebro-la-asamblea-de-coopar\/#article","isPartOf":{"@id":"https:\/\/informelitoral.com.ar\/a-sala-repleta-se-celebro-la-asamblea-de-coopar\/"},"author":{"name":"Gonzalo Schmidt","@id":"https:\/\/informelitoral.com.ar\/#\/schema\/person\/b9d00407c836482871ef1d57bf8e3180"},"headline":"A sala repleta se celebr\u00f3 la asamblea de Coopar","datePublished":"2025-11-06T08:05:14+00:00","dateModified":"2025-11-06T10:13:31+00:00","mainEntityOfPage":{"@id":"https:\/\/informelitoral.com.ar\/a-sala-repleta-se-celebro-la-asamblea-de-coopar\/"},"wordCount":670,"commentCount":0,"publisher":{"@id":"https:\/\/informelitoral.com.ar\/#organization"},"image":{"@id":"https:\/\/informelitoral.com.ar\/a-sala-repleta-se-celebro-la-asamblea-de-coopar\/#primaryimage"},"thumbnailUrl":"https:\/\/drive.google.com\/thumbnail?id=1HX2ccXzLjqRvncshuCMPXDD_5UNkMGzD&sz=w2048","keywords":["Aranguren","Asamblea","Coopar","Cooperativa"],"articleSection":["Departamento Nogoy\u00e1"],"inLanguage":"es","potentialAction":[{"@type":"CommentAction","name":"Comment","target":["https:\/\/informelitoral.com.ar\/a-sala-repleta-se-celebro-la-asamblea-de-coopar\/#respond"]}]},{"@type":"WebPage","@id":"https:\/\/informelitoral.com.ar\/a-sala-repleta-se-celebro-la-asamblea-de-coopar\/","url":"https:\/\/informelitoral.com.ar\/a-sala-repleta-se-celebro-la-asamblea-de-coopar\/","name":"A sala repleta se celebr\u00f3 la asamblea de Coopar - Informe Litoral","isPartOf":{"@id":"https:\/\/informelitoral.com.ar\/#website"},"primaryImageOfPage":{"@id":"https:\/\/informelitoral.com.ar\/a-sala-repleta-se-celebro-la-asamblea-de-coopar\/#primaryimage"},"image":{"@id":"https:\/\/informelitoral.com.ar\/a-sala-repleta-se-celebro-la-asamblea-de-coopar\/#primaryimage"},"thumbnailUrl":"https:\/\/drive.google.com\/thumbnail?id=1HX2ccXzLjqRvncshuCMPXDD_5UNkMGzD&sz=w2048","datePublished":"2025-11-06T08:05:14+00:00","dateModified":"2025-11-06T10:13:31+00:00","breadcrumb":{"@id":"https:\/\/informelitoral.com.ar\/a-sala-repleta-se-celebro-la-asamblea-de-coopar\/#breadcrumb"},"inLanguage":"es","potentialAction":[{"@type":"ReadAction","target":["https:\/\/informelitoral.com.ar\/a-sala-repleta-se-celebro-la-asamblea-de-coopar\/"]}]},{"@type":"ImageObject","inLanguage":"es","@id":"https:\/\/informelitoral.com.ar\/a-sala-repleta-se-celebro-la-asamblea-de-coopar\/#primaryimage","url":"https:\/\/drive.google.com\/thumbnail?id=1HX2ccXzLjqRvncshuCMPXDD_5UNkMGzD&sz=w2048","contentUrl":"https:\/\/drive.google.com\/thumbnail?id=1HX2ccXzLjqRvncshuCMPXDD_5UNkMGzD&sz=w2048","width":1600,"height":1067},{"@type":"BreadcrumbList","@id":"https:\/\/informelitoral.com.ar\/a-sala-repleta-se-celebro-la-asamblea-de-coopar\/#breadcrumb","itemListElement":[{"@type":"ListItem","position":1,"name":"Portada","item":"https:\/\/informelitoral.com.ar\/"},{"@type":"ListItem","position":2,"name":"A sala repleta se celebr\u00f3 la asamblea de Coopar"}]},{"@type":"WebSite","@id":"https:\/\/informelitoral.com.ar\/#website","url":"https:\/\/informelitoral.com.ar\/","name":"Informe Litoral","description":"&quot;Nos informamos&quot; ","publisher":{"@id":"https:\/\/informelitoral.com.ar\/#organization"},"potentialAction":[{"@type":"SearchAction","target":{"@type":"EntryPoint","urlTemplate":"https:\/\/informelitoral.com.ar\/?s={search_term_string}"},"query-input":{"@type":"PropertyValueSpecification","valueRequired":true,"valueName":"search_term_string"}}],"inLanguage":"es"},{"@type":"Organization","@id":"https:\/\/informelitoral.com.ar\/#organization","name":"Informe Litoral","url":"https:\/\/informelitoral.com.ar\/","logo":{"@type":"ImageObject","inLanguage":"es","@id":"https:\/\/informelitoral.com.ar\/#\/schema\/logo\/image\/","url":"https:\/\/informelitoral.com.ar\/%77%70%2d%63%6f%6e%74%65%6e%74\/uploads\/2021\/01\/circulo.png","contentUrl":"https:\/\/informelitoral.com.ar\/%77%70%2d%63%6f%6e%74%65%6e%74\/uploads\/2021\/01\/circulo.png","width":723,"height":731,"caption":"Informe Litoral"},"image":{"@id":"https:\/\/informelitoral.com.ar\/#\/schema\/logo\/image\/"},"sameAs":["https:\/\/www.facebook.com\/informelitoral\/","https:\/\/x.com\/InformeLitoral","https:\/\/www.instagram.com\/informelitoral\/","https:\/\/www.youtube.com\/channel\/UCua4Qvz8Icb6MYqhoq9xLXw"]},{"@type":"Person","@id":"https:\/\/informelitoral.com.ar\/#\/schema\/person\/b9d00407c836482871ef1d57bf8e3180","name":"Gonzalo Schmidt","image":{"@type":"ImageObject","inLanguage":"es","@id":"https:\/\/secure.gravatar.com\/avatar\/31a1a7b66ff2de83bd0e9fd79d026630d2d99e55e8bfe501287647b4fd9743de?s=96&d=mm&r=g","url":"https:\/\/secure.gravatar.com\/avatar\/31a1a7b66ff2de83bd0e9fd79d026630d2d99e55e8bfe501287647b4fd9743de?s=96&d=mm&r=g","contentUrl":"https:\/\/secure.gravatar.com\/avatar\/31a1a7b66ff2de83bd0e9fd79d026630d2d99e55e8bfe501287647b4fd9743de?s=96&d=mm&r=g","caption":"Gonzalo Schmidt"},"description":"Sitio web de noticias de la provincia de Entre R\u00edos, Argentina. Informaci\u00f3n y entretenimiento. Informe Litoral, nos informamos.","sameAs":["http:\/\/www.isletasnoticias.com.ar"],"url":"https:\/\/informelitoral.com.ar\/author\/gonzalo\/"}]}},"_links":{"self":[{"href":"https:\/\/informelitoral.com.ar\/%77%70%2d%6a%73%6f%6e\/wp\/v2\/posts\/239551","targetHints":{"allow":["GET"]}}],"collection":[{"href":"https:\/\/informelitoral.com.ar\/%77%70%2d%6a%73%6f%6e\/wp\/v2\/posts"}],"about":[{"href":"https:\/\/informelitoral.com.ar\/%77%70%2d%6a%73%6f%6e\/wp\/v2\/types\/post"}],"author":[{"embeddable":true,"href":"https:\/\/informelitoral.com.ar\/%77%70%2d%6a%73%6f%6e\/wp\/v2\/users\/2"}],"replies":[{"embeddable":true,"href":"https:\/\/informelitoral.com.ar\/%77%70%2d%6a%73%6f%6e\/wp\/v2\/comments?post=239551"}],"version-history":[{"count":1,"href":"https:\/\/informelitoral.com.ar\/%77%70%2d%6a%73%6f%6e\/wp\/v2\/posts\/239551\/revisions"}],"predecessor-version":[{"id":239552,"href":"https:\/\/informelitoral.com.ar\/%77%70%2d%6a%73%6f%6e\/wp\/v2\/posts\/239551\/revisions\/239552"}],"wp:featuredmedia":[{"embeddable":true,"href":"https:\/\/informelitoral.com.ar\/%77%70%2d%6a%73%6f%6e\/wp\/v2\/media\/239546"}],"wp:attachment":[{"href":"https:\/\/informelitoral.com.ar\/%77%70%2d%6a%73%6f%6e\/wp\/v2\/media?parent=239551"}],"wp:term":[{"taxonomy":"category","embeddable":true,"href":"https:\/\/informelitoral.com.ar\/%77%70%2d%6a%73%6f%6e\/wp\/v2\/categories?post=239551"},{"taxonomy":"post_tag","embeddable":true,"href":"https:\/\/informelitoral.com.ar\/%77%70%2d%6a%73%6f%6e\/wp\/v2\/tags?post=239551"}],"curies":[{"name":"wp","href":"https:\/\/api.w.org\/{rel}","templated":true}]}}