{"id":239530,"date":"2025-11-05T15:26:43","date_gmt":"2025-11-05T18:26:43","guid":{"rendered":"https:\/\/informelitoral.com.ar\/?p=239530"},"modified":"2025-11-05T15:59:08","modified_gmt":"2025-11-05T18:59:08","slug":"video-completo-detienen-a-un-hombre-que-acoso-a-la-presidenta-claudia-sheinbaum-durante-un-recorrido-en-el-centro-historico","status":"publish","type":"post","link":"https:\/\/informelitoral.com.ar\/video-completo-detienen-a-un-hombre-que-acoso-a-la-presidenta-claudia-sheinbaum-durante-un-recorrido-en-el-centro-historico\/","title":{"rendered":"Video completo: detienen a un hombre que acos\u00f3 a la presidenta de M\u00e9xico durante un recorrido en el Centro Hist\u00f3rico"},"content":{"rendered":"<p>Elementos de la Secretar\u00eda de Seguridad y Protecci\u00f3n Ciudadana (SSPC) y la Secretar\u00eda de Seguridad Ciudadana (SSC) de la Ciudad de M\u00e9xico lograron la detenci\u00f3n de <b>Uriel \u201cN\u201d<\/b>, el hombre que acos\u00f3 a la presidenta Claudia Sheinbaum durante un evento p\u00fablico en el Centro Hist\u00f3rico, este martes 4 de noviembre.<\/p>\n<p>El incidente, captado en video y r\u00e1pidamente viralizado, ocurri\u00f3 frente a Palacio Nacional mientras Sheinbaum se dirig\u00eda a un evento en la Secretar\u00eda de Educaci\u00f3n P\u00fablica (SEP) y saludaba a los transe\u00fantes.<\/p>\n<h6><em><strong>Del archivo:\u00a0<a href=\"https:\/\/informelitoral.com.ar\/milei-encabezo-el-primer-encuentro-con-su-gabinete-renovado\/\" target=\"_blank\" rel=\"noopener\">Milei encabez\u00f3 el primer encuentro con su gabinete renovado<\/a><\/strong><\/em><\/h6>\n<p>En las im\u00e1genes difundidas se observa c\u00f3mo Uriel \u201cN\u201d se aproxim\u00f3 a la presidenta y, sin su consentimiento, la <b>abraz\u00f3 e intent\u00f3 besarla en el cuello<\/b>, realizando contacto f\u00edsico indebido.<\/p>\n<p><img loading=\"lazy\" decoding=\"async\" class=\"\" src=\"https:\/\/www.infobae.com\/resizer\/v2\/BBI7ZUGUQJFEDLCILXB7M6OZK4.jpg?auth=3d3fab997d3fe3d70ff4912a70b253eac3a25ba18a7dfa1b815ea27e9811ecd5&amp;smart=true&amp;width=350&amp;height=197&amp;quality=85\" alt=\"Uriel &quot;N&quot;, hombre que habr\u00eda\" width=\"689\" height=\"388\" \/><\/p>\n<p>A pesar de que la presidenta intent\u00f3 manejar la situaci\u00f3n con calma diciendo \u201cNos tomamos la foto, no te preocupes\u201d, el sujeto mostr\u00f3 un comportamiento alterado, llegando a pronunciar la frase \u201cClaudia de Am\u00e9rica\u201d antes de ser finalmente contenido y retirado por los elementos de seguridad.<\/p>\n<p>La detenci\u00f3n, confirmada por el periodista Carlos Jim\u00e9nez, se efectu\u00f3 horas despu\u00e9s del suceso en la Zona Centro. El acoso desencaden\u00f3 una fuerte <b>indignaci\u00f3n nacional<\/b> en redes sociales, con internautas, pol\u00edticos y colectivos feministas condenando el acto y expresando preocupaci\u00f3n por la seguridad de la mandataria.<\/p>\n<p>La reacci\u00f3n pol\u00edtica fue inmediata. La <b>bancada de Morena<\/b> en el Congreso de la Ciudad de M\u00e9xico expres\u00f3 su solidaridad con Sheinbaum y calific\u00f3 el acto como una muestra de <b>misoginia y cultura machista<\/b>.<\/p>\n<p><img decoding=\"async\" src=\"https:\/\/pbs.twimg.com\/media\/G4_7nOIaoAA9qL_?format=jpg&amp;name=small\" alt=\"Crowded outdoor street scene with multiple people including a woman in a blue top wearing glasses and a ponytail standing among others some in casual clothes holding phones and papers a man in a suit nearby red circles highlight hands on her shoulder and another area suggesting touch context from the incident.\" \/><\/p>\n<p>Por su parte, el coordinador parlamentario de Morena en la C\u00e1mara de Diputados, <b>Ricardo Monreal<\/b>, solicit\u00f3 reforzar la seguridad de la presidenta. \u201cNo debe haber un exceso de confianza. Las condiciones no est\u00e1n para eso. Basta un hombre que est\u00e9 desequilibrado para ponerla en riesgo y lo que el pa\u00eds puede perder es mucho\u201d, manifest\u00f3 el legislador.<\/p>\n<p>El hecho subraya la demanda de diversos sectores para que el acoso sexual, especialmente en el espacio p\u00fablico, sea sancionado con todo el peso de la ley.<\/p>\n<h6><em><strong>Del archivo:\u00a0<a href=\"https:\/\/informelitoral.com.ar\/el-gobierno-nacional-oficializo-los-requisitos-para-adquirir-armas-semiautomaticas-de-alto-calibre\/\" target=\"_blank\" rel=\"noopener\">El Gobierno nacional oficializ\u00f3 los requisitos para adquirir armas semiautom\u00e1ticas de alto calibre<\/a><\/strong><\/em><\/h6>\n<p>De acuerdo con el marco legal mexicano, Uriel \u201cN\u201d podr\u00eda enfrentar severas penas, cuya gravedad depender\u00e1 de la calificaci\u00f3n jur\u00eddica del hecho.<\/p>\n<p><b>C\u00f3digo Penal Federal (Art\u00edculo 259 Bis):<\/b> En casos de hostigamiento o acoso sexual que se tipifiquen como <b>abuso sexual agravado<\/b>, la pena podr\u00eda ser de <b>seis a diez a\u00f1os de prisi\u00f3n<\/b> y hasta 200 d\u00edas multa.<\/p>\n<p><b>C\u00f3digo Penal de la Ciudad de M\u00e9xico:<\/b> Contempla penas de <b>uno a tres a\u00f1os de prisi\u00f3n<\/b> y multas de 100 a 200 d\u00edas por acoso con contacto f\u00edsico no consentido.(<em>Infobae<\/em>)<\/p>\n<blockquote class=\"twitter-tweet\" data-width=\"550\" data-dnt=\"true\">\n<p lang=\"es\" dir=\"ltr\">\ud83c\uddf2\ud83c\uddfd\u2757\ufe0fClaudia Sheinbaum vivi\u00f3 un desafortunado momento cuando un hombre se acerc\u00f3 a ella y la toc\u00f3 de manera indebida<\/p>\n<p>M\u00e1s noticias\u2b07\ufe0f<a href=\"https:\/\/t.co\/caSrkkV498\">https:\/\/t.co\/caSrkkV498<\/a> <a href=\"https:\/\/t.co\/KH3FHqeHQd\">pic.twitter.com\/KH3FHqeHQd<\/a><\/p>\n<p>&mdash; RT en Espa\u00f1ol (@ActualidadRT) <a href=\"https:\/\/twitter.com\/ActualidadRT\/status\/1985836994791162236?ref_src=twsrc%5Etfw\">November 4, 2025<\/a><\/p><\/blockquote>\n<p><script async src=\"https:\/\/platform.twitter.com\/widgets.js\" charset=\"utf-8\"><\/script><\/p>\n","protected":false},"excerpt":{"rendered":"<p>Pol\u00edticos y colectivos feministas exigen sanci\u00f3n, mientras se analizan las penas de prisi\u00f3n que podr\u00eda enfrentar el agresor por acoso sexual.<\/p>\n","protected":false},"author":8,"featured_media":239531,"comment_status":"open","ping_status":"open","sticky":false,"template":"","format":"standard","meta":{"fifu_image_url":"","fifu_image_alt":"","footnotes":""},"categories":[8],"tags":[608,4166],"class_list":{"0":"post-239530","1":"post","2":"type-post","3":"status-publish","4":"format-standard","5":"has-post-thumbnail","7":"category-internacionales","8":"tag-mexico","9":"tag-presidenta"},"yoast_head":"<title>Video completo: detienen a un hombre que acos\u00f3 a la presidenta de M\u00e9xico durante un recorrido en el Centro Hist\u00f3rico - Informe Litoral<\/title>\n<meta name=\"robots\" content=\"index, follow, max-snippet:-1, max-image-preview:large, max-video-preview:-1\" \/>\n<link rel=\"canonical\" href=\"https:\/\/informelitoral.com.ar\/video-completo-detienen-a-un-hombre-que-acoso-a-la-presidenta-claudia-sheinbaum-durante-un-recorrido-en-el-centro-historico\/\" \/>\n<meta property=\"og:locale\" content=\"es_ES\" \/>\n<meta property=\"og:type\" content=\"article\" \/>\n<meta property=\"og:title\" content=\"Video completo: detienen a un hombre que acos\u00f3 a la presidenta de M\u00e9xico durante un recorrido en el Centro Hist\u00f3rico - Informe Litoral\" \/>\n<meta property=\"og:description\" content=\"Pol\u00edticos y colectivos feministas exigen sanci\u00f3n, mientras se analizan las penas de prisi\u00f3n que podr\u00eda enfrentar el agresor por acoso sexual.\" \/>\n<meta property=\"og:url\" content=\"https:\/\/informelitoral.com.ar\/video-completo-detienen-a-un-hombre-que-acoso-a-la-presidenta-claudia-sheinbaum-durante-un-recorrido-en-el-centro-historico\/\" \/>\n<meta property=\"og:site_name\" content=\"Informe Litoral\" \/>\n<meta property=\"article:publisher\" content=\"https:\/\/www.facebook.com\/informelitoral\/\" \/>\n<meta property=\"article:published_time\" content=\"2025-11-05T18:26:43+00:00\" \/>\n<meta property=\"article:modified_time\" content=\"2025-11-05T18:59:08+00:00\" \/>\n<meta property=\"og:image\" content=\"https:\/\/drive.google.com\/thumbnail?id=1U5IJLK5gom4J-_7o3GvrB75rIjpsI6uS&sz=w2048\" \/>\n\t<meta property=\"og:image:width\" content=\"1280\" \/>\n\t<meta property=\"og:image:height\" content=\"720\" \/>\n\t<meta property=\"og:image:type\" content=\"image\/jpeg\" \/>\n<meta name=\"author\" content=\"Sebastian\" \/>\n<meta name=\"twitter:card\" content=\"summary_large_image\" \/>\n<meta name=\"twitter:creator\" content=\"@InformeLitoral\" \/>\n<meta name=\"twitter:site\" content=\"@InformeLitoral\" \/>\n<meta name=\"twitter:label1\" content=\"Escrito por\" \/>\n\t<meta name=\"twitter:data1\" content=\"Sebastian\" \/>\n\t<meta name=\"twitter:label2\" content=\"Tiempo de lectura\" \/>\n\t<meta name=\"twitter:data2\" content=\"3 minutos\" \/>\n<script type=\"application\/ld+json\" class=\"yoast-schema-graph\">{\"@context\":\"https:\\\/\\\/schema.org\",\"@graph\":[{\"@type\":\"Article\",\"@id\":\"https:\\\/\\\/informelitoral.com.ar\\\/video-completo-detienen-a-un-hombre-que-acoso-a-la-presidenta-claudia-sheinbaum-durante-un-recorrido-en-el-centro-historico\\\/#article\",\"isPartOf\":{\"@id\":\"https:\\\/\\\/informelitoral.com.ar\\\/video-completo-detienen-a-un-hombre-que-acoso-a-la-presidenta-claudia-sheinbaum-durante-un-recorrido-en-el-centro-historico\\\/\"},\"author\":{\"name\":\"Sebastian\",\"@id\":\"https:\\\/\\\/informelitoral.com.ar\\\/#\\\/schema\\\/person\\\/f05f9f461677119578717524b127d6d5\"},\"headline\":\"Video completo: detienen a un hombre que acos\u00f3 a la presidenta de M\u00e9xico durante un recorrido en el Centro Hist\u00f3rico\",\"datePublished\":\"2025-11-05T18:26:43+00:00\",\"dateModified\":\"2025-11-05T18:59:08+00:00\",\"mainEntityOfPage\":{\"@id\":\"https:\\\/\\\/informelitoral.com.ar\\\/video-completo-detienen-a-un-hombre-que-acoso-a-la-presidenta-claudia-sheinbaum-durante-un-recorrido-en-el-centro-historico\\\/\"},\"wordCount\":506,\"commentCount\":0,\"publisher\":{\"@id\":\"https:\\\/\\\/informelitoral.com.ar\\\/#organization\"},\"image\":{\"@id\":\"https:\\\/\\\/informelitoral.com.ar\\\/video-completo-detienen-a-un-hombre-que-acoso-a-la-presidenta-claudia-sheinbaum-durante-un-recorrido-en-el-centro-historico\\\/#primaryimage\"},\"thumbnailUrl\":\"https:\\\/\\\/drive.google.com\\\/thumbnail?id=1U5IJLK5gom4J-_7o3GvrB75rIjpsI6uS&sz=w2048\",\"keywords\":[\"M\u00e9xico\",\"Presidenta\"],\"articleSection\":[\"Internacionales\"],\"inLanguage\":\"es\",\"potentialAction\":[{\"@type\":\"CommentAction\",\"name\":\"Comment\",\"target\":[\"https:\\\/\\\/informelitoral.com.ar\\\/video-completo-detienen-a-un-hombre-que-acoso-a-la-presidenta-claudia-sheinbaum-durante-un-recorrido-en-el-centro-historico\\\/#respond\"]}]},{\"@type\":\"WebPage\",\"@id\":\"https:\\\/\\\/informelitoral.com.ar\\\/video-completo-detienen-a-un-hombre-que-acoso-a-la-presidenta-claudia-sheinbaum-durante-un-recorrido-en-el-centro-historico\\\/\",\"url\":\"https:\\\/\\\/informelitoral.com.ar\\\/video-completo-detienen-a-un-hombre-que-acoso-a-la-presidenta-claudia-sheinbaum-durante-un-recorrido-en-el-centro-historico\\\/\",\"name\":\"Video completo: detienen a un hombre que acos\u00f3 a la presidenta de M\u00e9xico durante un recorrido en el Centro Hist\u00f3rico - Informe Litoral\",\"isPartOf\":{\"@id\":\"https:\\\/\\\/informelitoral.com.ar\\\/#website\"},\"primaryImageOfPage\":{\"@id\":\"https:\\\/\\\/informelitoral.com.ar\\\/video-completo-detienen-a-un-hombre-que-acoso-a-la-presidenta-claudia-sheinbaum-durante-un-recorrido-en-el-centro-historico\\\/#primaryimage\"},\"image\":{\"@id\":\"https:\\\/\\\/informelitoral.com.ar\\\/video-completo-detienen-a-un-hombre-que-acoso-a-la-presidenta-claudia-sheinbaum-durante-un-recorrido-en-el-centro-historico\\\/#primaryimage\"},\"thumbnailUrl\":\"https:\\\/\\\/drive.google.com\\\/thumbnail?id=1U5IJLK5gom4J-_7o3GvrB75rIjpsI6uS&sz=w2048\",\"datePublished\":\"2025-11-05T18:26:43+00:00\",\"dateModified\":\"2025-11-05T18:59:08+00:00\",\"breadcrumb\":{\"@id\":\"https:\\\/\\\/informelitoral.com.ar\\\/video-completo-detienen-a-un-hombre-que-acoso-a-la-presidenta-claudia-sheinbaum-durante-un-recorrido-en-el-centro-historico\\\/#breadcrumb\"},\"inLanguage\":\"es\",\"potentialAction\":[{\"@type\":\"ReadAction\",\"target\":[\"https:\\\/\\\/informelitoral.com.ar\\\/video-completo-detienen-a-un-hombre-que-acoso-a-la-presidenta-claudia-sheinbaum-durante-un-recorrido-en-el-centro-historico\\\/\"]}]},{\"@type\":\"ImageObject\",\"inLanguage\":\"es\",\"@id\":\"https:\\\/\\\/informelitoral.com.ar\\\/video-completo-detienen-a-un-hombre-que-acoso-a-la-presidenta-claudia-sheinbaum-durante-un-recorrido-en-el-centro-historico\\\/#primaryimage\",\"url\":\"https:\\\/\\\/drive.google.com\\\/thumbnail?id=1U5IJLK5gom4J-_7o3GvrB75rIjpsI6uS&sz=w2048\",\"contentUrl\":\"https:\\\/\\\/drive.google.com\\\/thumbnail?id=1U5IJLK5gom4J-_7o3GvrB75rIjpsI6uS&sz=w2048\",\"width\":1280,\"height\":720},{\"@type\":\"BreadcrumbList\",\"@id\":\"https:\\\/\\\/informelitoral.com.ar\\\/video-completo-detienen-a-un-hombre-que-acoso-a-la-presidenta-claudia-sheinbaum-durante-un-recorrido-en-el-centro-historico\\\/#breadcrumb\",\"itemListElement\":[{\"@type\":\"ListItem\",\"position\":1,\"name\":\"Portada\",\"item\":\"https:\\\/\\\/informelitoral.com.ar\\\/\"},{\"@type\":\"ListItem\",\"position\":2,\"name\":\"Video completo: detienen a un hombre que acos\u00f3 a la presidenta de M\u00e9xico durante un recorrido en el Centro Hist\u00f3rico\"}]},{\"@type\":\"WebSite\",\"@id\":\"https:\\\/\\\/informelitoral.com.ar\\\/#website\",\"url\":\"https:\\\/\\\/informelitoral.com.ar\\\/\",\"name\":\"Informe Litoral\",\"description\":\"&quot;Nos informamos&quot; \",\"publisher\":{\"@id\":\"https:\\\/\\\/informelitoral.com.ar\\\/#organization\"},\"potentialAction\":[{\"@type\":\"SearchAction\",\"target\":{\"@type\":\"EntryPoint\",\"urlTemplate\":\"https:\\\/\\\/informelitoral.com.ar\\\/?s={search_term_string}\"},\"query-input\":{\"@type\":\"PropertyValueSpecification\",\"valueRequired\":true,\"valueName\":\"search_term_string\"}}],\"inLanguage\":\"es\"},{\"@type\":\"Organization\",\"@id\":\"https:\\\/\\\/informelitoral.com.ar\\\/#organization\",\"name\":\"Informe Litoral\",\"url\":\"https:\\\/\\\/informelitoral.com.ar\\\/\",\"logo\":{\"@type\":\"ImageObject\",\"inLanguage\":\"es\",\"@id\":\"https:\\\/\\\/informelitoral.com.ar\\\/#\\\/schema\\\/logo\\\/image\\\/\",\"url\":\"https:\\\/\\\/informelitoral.com.ar\\\/%77%70%2d%63%6f%6e%74%65%6e%74\\\/uploads\\\/2021\\\/01\\\/circulo.png\",\"contentUrl\":\"https:\\\/\\\/informelitoral.com.ar\\\/%77%70%2d%63%6f%6e%74%65%6e%74\\\/uploads\\\/2021\\\/01\\\/circulo.png\",\"width\":723,\"height\":731,\"caption\":\"Informe Litoral\"},\"image\":{\"@id\":\"https:\\\/\\\/informelitoral.com.ar\\\/#\\\/schema\\\/logo\\\/image\\\/\"},\"sameAs\":[\"https:\\\/\\\/www.facebook.com\\\/informelitoral\\\/\",\"https:\\\/\\\/x.com\\\/InformeLitoral\",\"https:\\\/\\\/www.instagram.com\\\/informelitoral\\\/\",\"https:\\\/\\\/www.youtube.com\\\/channel\\\/UCua4Qvz8Icb6MYqhoq9xLXw\"]},{\"@type\":\"Person\",\"@id\":\"https:\\\/\\\/informelitoral.com.ar\\\/#\\\/schema\\\/person\\\/f05f9f461677119578717524b127d6d5\",\"name\":\"Sebastian\",\"image\":{\"@type\":\"ImageObject\",\"inLanguage\":\"es\",\"@id\":\"https:\\\/\\\/secure.gravatar.com\\\/avatar\\\/b71bf7481d447dfb9583c7f2798e7cc64de6efb9067b74633ed8c31059a3bd82?s=96&d=mm&r=g\",\"url\":\"https:\\\/\\\/secure.gravatar.com\\\/avatar\\\/b71bf7481d447dfb9583c7f2798e7cc64de6efb9067b74633ed8c31059a3bd82?s=96&d=mm&r=g\",\"contentUrl\":\"https:\\\/\\\/secure.gravatar.com\\\/avatar\\\/b71bf7481d447dfb9583c7f2798e7cc64de6efb9067b74633ed8c31059a3bd82?s=96&d=mm&r=g\",\"caption\":\"Sebastian\"},\"url\":\"https:\\\/\\\/informelitoral.com.ar\\\/author\\\/sebastian\\\/\"}]}<\/script>","yoast_head_json":{"title":"Video completo: detienen a un hombre que acos\u00f3 a la presidenta de M\u00e9xico durante un recorrido en el Centro Hist\u00f3rico - Informe Litoral","robots":{"index":"index","follow":"follow","max-snippet":"max-snippet:-1","max-image-preview":"max-image-preview:large","max-video-preview":"max-video-preview:-1"},"canonical":"https:\/\/informelitoral.com.ar\/video-completo-detienen-a-un-hombre-que-acoso-a-la-presidenta-claudia-sheinbaum-durante-un-recorrido-en-el-centro-historico\/","og_locale":"es_ES","og_type":"article","og_title":"Video completo: detienen a un hombre que acos\u00f3 a la presidenta de M\u00e9xico durante un recorrido en el Centro Hist\u00f3rico - Informe Litoral","og_description":"Pol\u00edticos y colectivos feministas exigen sanci\u00f3n, mientras se analizan las penas de prisi\u00f3n que podr\u00eda enfrentar el agresor por acoso sexual.","og_url":"https:\/\/informelitoral.com.ar\/video-completo-detienen-a-un-hombre-que-acoso-a-la-presidenta-claudia-sheinbaum-durante-un-recorrido-en-el-centro-historico\/","og_site_name":"Informe Litoral","article_publisher":"https:\/\/www.facebook.com\/informelitoral\/","article_published_time":"2025-11-05T18:26:43+00:00","article_modified_time":"2025-11-05T18:59:08+00:00","og_image":[{"width":1280,"height":720,"url":"https:\/\/drive.google.com\/thumbnail?id=1U5IJLK5gom4J-_7o3GvrB75rIjpsI6uS&sz=w2048","type":"image\/jpeg"}],"author":"Sebastian","twitter_card":"summary_large_image","twitter_creator":"@InformeLitoral","twitter_site":"@InformeLitoral","twitter_misc":{"Escrito por":"Sebastian","Tiempo de lectura":"3 minutos"},"schema":{"@context":"https:\/\/schema.org","@graph":[{"@type":"Article","@id":"https:\/\/informelitoral.com.ar\/video-completo-detienen-a-un-hombre-que-acoso-a-la-presidenta-claudia-sheinbaum-durante-un-recorrido-en-el-centro-historico\/#article","isPartOf":{"@id":"https:\/\/informelitoral.com.ar\/video-completo-detienen-a-un-hombre-que-acoso-a-la-presidenta-claudia-sheinbaum-durante-un-recorrido-en-el-centro-historico\/"},"author":{"name":"Sebastian","@id":"https:\/\/informelitoral.com.ar\/#\/schema\/person\/f05f9f461677119578717524b127d6d5"},"headline":"Video completo: detienen a un hombre que acos\u00f3 a la presidenta de M\u00e9xico durante un recorrido en el Centro Hist\u00f3rico","datePublished":"2025-11-05T18:26:43+00:00","dateModified":"2025-11-05T18:59:08+00:00","mainEntityOfPage":{"@id":"https:\/\/informelitoral.com.ar\/video-completo-detienen-a-un-hombre-que-acoso-a-la-presidenta-claudia-sheinbaum-durante-un-recorrido-en-el-centro-historico\/"},"wordCount":506,"commentCount":0,"publisher":{"@id":"https:\/\/informelitoral.com.ar\/#organization"},"image":{"@id":"https:\/\/informelitoral.com.ar\/video-completo-detienen-a-un-hombre-que-acoso-a-la-presidenta-claudia-sheinbaum-durante-un-recorrido-en-el-centro-historico\/#primaryimage"},"thumbnailUrl":"https:\/\/drive.google.com\/thumbnail?id=1U5IJLK5gom4J-_7o3GvrB75rIjpsI6uS&sz=w2048","keywords":["M\u00e9xico","Presidenta"],"articleSection":["Internacionales"],"inLanguage":"es","potentialAction":[{"@type":"CommentAction","name":"Comment","target":["https:\/\/informelitoral.com.ar\/video-completo-detienen-a-un-hombre-que-acoso-a-la-presidenta-claudia-sheinbaum-durante-un-recorrido-en-el-centro-historico\/#respond"]}]},{"@type":"WebPage","@id":"https:\/\/informelitoral.com.ar\/video-completo-detienen-a-un-hombre-que-acoso-a-la-presidenta-claudia-sheinbaum-durante-un-recorrido-en-el-centro-historico\/","url":"https:\/\/informelitoral.com.ar\/video-completo-detienen-a-un-hombre-que-acoso-a-la-presidenta-claudia-sheinbaum-durante-un-recorrido-en-el-centro-historico\/","name":"Video completo: detienen a un hombre que acos\u00f3 a la presidenta de M\u00e9xico durante un recorrido en el Centro Hist\u00f3rico - Informe Litoral","isPartOf":{"@id":"https:\/\/informelitoral.com.ar\/#website"},"primaryImageOfPage":{"@id":"https:\/\/informelitoral.com.ar\/video-completo-detienen-a-un-hombre-que-acoso-a-la-presidenta-claudia-sheinbaum-durante-un-recorrido-en-el-centro-historico\/#primaryimage"},"image":{"@id":"https:\/\/informelitoral.com.ar\/video-completo-detienen-a-un-hombre-que-acoso-a-la-presidenta-claudia-sheinbaum-durante-un-recorrido-en-el-centro-historico\/#primaryimage"},"thumbnailUrl":"https:\/\/drive.google.com\/thumbnail?id=1U5IJLK5gom4J-_7o3GvrB75rIjpsI6uS&sz=w2048","datePublished":"2025-11-05T18:26:43+00:00","dateModified":"2025-11-05T18:59:08+00:00","breadcrumb":{"@id":"https:\/\/informelitoral.com.ar\/video-completo-detienen-a-un-hombre-que-acoso-a-la-presidenta-claudia-sheinbaum-durante-un-recorrido-en-el-centro-historico\/#breadcrumb"},"inLanguage":"es","potentialAction":[{"@type":"ReadAction","target":["https:\/\/informelitoral.com.ar\/video-completo-detienen-a-un-hombre-que-acoso-a-la-presidenta-claudia-sheinbaum-durante-un-recorrido-en-el-centro-historico\/"]}]},{"@type":"ImageObject","inLanguage":"es","@id":"https:\/\/informelitoral.com.ar\/video-completo-detienen-a-un-hombre-que-acoso-a-la-presidenta-claudia-sheinbaum-durante-un-recorrido-en-el-centro-historico\/#primaryimage","url":"https:\/\/drive.google.com\/thumbnail?id=1U5IJLK5gom4J-_7o3GvrB75rIjpsI6uS&sz=w2048","contentUrl":"https:\/\/drive.google.com\/thumbnail?id=1U5IJLK5gom4J-_7o3GvrB75rIjpsI6uS&sz=w2048","width":1280,"height":720},{"@type":"BreadcrumbList","@id":"https:\/\/informelitoral.com.ar\/video-completo-detienen-a-un-hombre-que-acoso-a-la-presidenta-claudia-sheinbaum-durante-un-recorrido-en-el-centro-historico\/#breadcrumb","itemListElement":[{"@type":"ListItem","position":1,"name":"Portada","item":"https:\/\/informelitoral.com.ar\/"},{"@type":"ListItem","position":2,"name":"Video completo: detienen a un hombre que acos\u00f3 a la presidenta de M\u00e9xico durante un recorrido en el Centro Hist\u00f3rico"}]},{"@type":"WebSite","@id":"https:\/\/informelitoral.com.ar\/#website","url":"https:\/\/informelitoral.com.ar\/","name":"Informe Litoral","description":"&quot;Nos informamos&quot; ","publisher":{"@id":"https:\/\/informelitoral.com.ar\/#organization"},"potentialAction":[{"@type":"SearchAction","target":{"@type":"EntryPoint","urlTemplate":"https:\/\/informelitoral.com.ar\/?s={search_term_string}"},"query-input":{"@type":"PropertyValueSpecification","valueRequired":true,"valueName":"search_term_string"}}],"inLanguage":"es"},{"@type":"Organization","@id":"https:\/\/informelitoral.com.ar\/#organization","name":"Informe Litoral","url":"https:\/\/informelitoral.com.ar\/","logo":{"@type":"ImageObject","inLanguage":"es","@id":"https:\/\/informelitoral.com.ar\/#\/schema\/logo\/image\/","url":"https:\/\/informelitoral.com.ar\/%77%70%2d%63%6f%6e%74%65%6e%74\/uploads\/2021\/01\/circulo.png","contentUrl":"https:\/\/informelitoral.com.ar\/%77%70%2d%63%6f%6e%74%65%6e%74\/uploads\/2021\/01\/circulo.png","width":723,"height":731,"caption":"Informe Litoral"},"image":{"@id":"https:\/\/informelitoral.com.ar\/#\/schema\/logo\/image\/"},"sameAs":["https:\/\/www.facebook.com\/informelitoral\/","https:\/\/x.com\/InformeLitoral","https:\/\/www.instagram.com\/informelitoral\/","https:\/\/www.youtube.com\/channel\/UCua4Qvz8Icb6MYqhoq9xLXw"]},{"@type":"Person","@id":"https:\/\/informelitoral.com.ar\/#\/schema\/person\/f05f9f461677119578717524b127d6d5","name":"Sebastian","image":{"@type":"ImageObject","inLanguage":"es","@id":"https:\/\/secure.gravatar.com\/avatar\/b71bf7481d447dfb9583c7f2798e7cc64de6efb9067b74633ed8c31059a3bd82?s=96&d=mm&r=g","url":"https:\/\/secure.gravatar.com\/avatar\/b71bf7481d447dfb9583c7f2798e7cc64de6efb9067b74633ed8c31059a3bd82?s=96&d=mm&r=g","contentUrl":"https:\/\/secure.gravatar.com\/avatar\/b71bf7481d447dfb9583c7f2798e7cc64de6efb9067b74633ed8c31059a3bd82?s=96&d=mm&r=g","caption":"Sebastian"},"url":"https:\/\/informelitoral.com.ar\/author\/sebastian\/"}]}},"_links":{"self":[{"href":"https:\/\/informelitoral.com.ar\/%77%70%2d%6a%73%6f%6e\/wp\/v2\/posts\/239530","targetHints":{"allow":["GET"]}}],"collection":[{"href":"https:\/\/informelitoral.com.ar\/%77%70%2d%6a%73%6f%6e\/wp\/v2\/posts"}],"about":[{"href":"https:\/\/informelitoral.com.ar\/%77%70%2d%6a%73%6f%6e\/wp\/v2\/types\/post"}],"author":[{"embeddable":true,"href":"https:\/\/informelitoral.com.ar\/%77%70%2d%6a%73%6f%6e\/wp\/v2\/users\/8"}],"replies":[{"embeddable":true,"href":"https:\/\/informelitoral.com.ar\/%77%70%2d%6a%73%6f%6e\/wp\/v2\/comments?post=239530"}],"version-history":[{"count":6,"href":"https:\/\/informelitoral.com.ar\/%77%70%2d%6a%73%6f%6e\/wp\/v2\/posts\/239530\/revisions"}],"predecessor-version":[{"id":239538,"href":"https:\/\/informelitoral.com.ar\/%77%70%2d%6a%73%6f%6e\/wp\/v2\/posts\/239530\/revisions\/239538"}],"wp:featuredmedia":[{"embeddable":true,"href":"https:\/\/informelitoral.com.ar\/%77%70%2d%6a%73%6f%6e\/wp\/v2\/media\/239531"}],"wp:attachment":[{"href":"https:\/\/informelitoral.com.ar\/%77%70%2d%6a%73%6f%6e\/wp\/v2\/media?parent=239530"}],"wp:term":[{"taxonomy":"category","embeddable":true,"href":"https:\/\/informelitoral.com.ar\/%77%70%2d%6a%73%6f%6e\/wp\/v2\/categories?post=239530"},{"taxonomy":"post_tag","embeddable":true,"href":"https:\/\/informelitoral.com.ar\/%77%70%2d%6a%73%6f%6e\/wp\/v2\/tags?post=239530"}],"curies":[{"name":"wp","href":"https:\/\/api.w.org\/{rel}","templated":true}]}}