{"id":2395,"date":"2013-07-08T18:54:41","date_gmt":"2013-07-08T21:54:41","guid":{"rendered":"http:\/\/www.isletasnoticias.com.ar\/?p=2395"},"modified":"2013-07-08T18:54:41","modified_gmt":"2013-07-08T21:54:41","slug":"jorge-rial-furioso-con-lanata-no-me-rompas-mas-las-pelotas","status":"publish","type":"post","link":"https:\/\/informelitoral.com.ar\/jorge-rial-furioso-con-lanata-no-me-rompas-mas-las-pelotas\/","title":{"rendered":"Jorge Rial, furioso con Lanata: \u00abNo me rompas m\u00e1s las pelotas\u00bb"},"content":{"rendered":"<p><strong>El conductor de Intrusos le dedic\u00f3 duras pal<strong>abras a su colega de El Trece.<\/strong><\/strong><\/p>\n<p><img loading=\"lazy\" decoding=\"async\" class=\"size-medium wp-image-2396 aligncenter\" alt=\"lll\" src=\"http:\/\/www.isletasnoticias.com.ar\/%77%70%2d%63%6f%6e%74%65%6e%74\/uploads\/2013\/07\/lll-300x151.jpg\" width=\"300\" height=\"151\" srcset=\"https:\/\/informelitoral.com.ar\/%77%70%2d%63%6f%6e%74%65%6e%74\/uploads\/2013\/07\/lll-300x151.jpg 300w, https:\/\/informelitoral.com.ar\/%77%70%2d%63%6f%6e%74%65%6e%74\/uploads\/2013\/07\/lll.jpg 611w\" sizes=\"auto, (max-width: 300px) 100vw, 300px\" \/><\/p>\n<p><strong>Jorge Lanata<\/strong>\u00a0present\u00f3 un informe sobre<strong>\u00a0Luis D&#8217;El\u00eda<\/strong>\u00a0en su programa\u00a0<em>Periodismo para Todos<\/em>\u00a0y nombr\u00f3 a<strong>\u00a0Jorge Rial<\/strong> y<strong> Luis Ventura<\/strong>, entre otras figuras de Am\u00e9rica, como los posibles periodistas que podr\u00edan llevar\u00a0al canal\u00a0al dirigente para dar su versi\u00f3n.<\/p>\n<p>Al conductor de\u00a0<em>Intrusos<\/em>\u00a0le molest\u00f3 que Lanata volviera a nombrarlo (ya lo hab\u00eda involucrado en el esc\u00e1ndalo de Leo Fari\u00f1a), y decidi\u00f3 dedicarle unos minutos de su programa.<\/p>\n<p>\u00abJorge, \u00bfqu\u00e9 te pasa conmigo? No te entiendo. Me cae p\u00e9simo D&#8217;El\u00eda y no va a venir ac\u00e1, quedate tranquilo. De \u00faltima, si lo quisiera traer, no te tengo que pedir permiso a vos.\u00a0Sino, te mando la rutina de\u00a0<em>Intrusos<\/em>\u00a0todos los d\u00edas a las 10 de la ma\u00f1ana y me das el\u00a0<em>okey<\/em>\u00ab, dijo Rial.<\/p>\n<p>\u00abSab\u00e9s qu\u00e9, Jorge, vos crees que ten\u00e9s\u00a0mucha libertad en Canal 13 y la \u00fanica diferencia es que vos ten\u00e9s la cadena un poco m\u00e1s larga porque hoy le serv\u00eds al grupo. El d\u00eda que llegues a mandarte una cagadita, vas a sentir un tir\u00f3n en el cuello y vas a terminar siendo de la manada, con un solo paseador que es el que te maneja\u00bb, agreg\u00f3.<\/p>\n<p>Rial adem\u00e1s volvi\u00f3 a explicar que no le interesa meterse en los problemas que plantea en su programa:\u00a0\u00abNo me rompas m\u00e1s las pelotas<strong>.<\/strong>\u00a0Ac\u00e1 ten\u00edas un lugar siempre para hablar, \u00bfpor qu\u00e9 esto? No me interesa que venga D&#8217;El\u00eda, s\u00ed vamos a hablar de Jelinek y Fari\u00f1a, pero vamos a hablar de la frivolidad, \u00bfpuedo?, si no puedo llamame, vos ten\u00e9s mi tel\u00e9fono\u00bb.<\/p>\n<p>\u00abAyer D&#8217;El\u00eda, personaje que me cae p\u00e9simo, te desminti\u00f3 inmediatamente con una c\u00e1mara hecha. No me involucren, arr\u00e9glense entre ustedes.\u00a0Me volv\u00e9s a meter en algo que a m\u00ed no me interesa, si llevaban langostinos con falopa, que vayan en cana. Si te pusiste nervioso porque te avisaron que estaba saliendo ese video, no es mi culpa\u00bb, asegur\u00f3.<\/p>\n<p>\u00abTodos los d\u00edas me nombras, no me hace falta que me nombren. Me est\u00e1s hinchando las pelotas, yo no meo agua bendita y vos tampoco. No sos intocable. Revis\u00e1 el pasado, mir\u00e1, hac\u00e9 un mea culpa. Muchos tuvieron en alg\u00fan momento la correa tan larga como vos, hoy la tienen cortita. Pero ac\u00e1, como siempre, vas a tener un lugar para hablar\u00bb, le\u00a0se\u00f1al\u00f3 Rial.<\/p>\n<p>Por \u00faltimo, el conductor de\u00a0<em>Intrusos<\/em>\u00a0le pidi\u00f3 al programa\u00a0<em>678<\/em>\u00a0que no hiciera eco de sus palabras:\u00a0\u00abTampoco<em>\u00a0678<\/em>\u00a0tomen esto, no lo editen, ustedes tambi\u00e9n tienen la correa un poco m\u00e1s larga\u00bb.<\/p>\n<p style=\"text-align: left;\">Fuente: Teleshow.<\/p>\n","protected":false},"excerpt":{"rendered":"<p>El conductor de Intrusos le dedic&oacute; duras palabras a su colega de El Trece. Jorge Lanata&nbsp;present&oacute; un informe sobre&nbsp;Luis D&rsquo;El&iacute;a&nbsp;en su programa&nbsp;Periodismo para Todos&nbsp;y nombr&oacute; a&nbsp;Jorge Rial y Luis Ventura, entre otras figuras de Am&eacute;rica, como los posibles periodistas que podr&iacute;an llevar&nbsp;al canal&nbsp;al dirigente para dar su versi&oacute;n. Al conductor de&nbsp;Intrusos&nbsp;le molest&oacute; que Lanata volviera [&hellip;]<\/p>\n","protected":false},"author":2,"featured_media":0,"comment_status":"open","ping_status":"open","sticky":false,"template":"","format":"standard","meta":{"fifu_image_url":"","fifu_image_alt":"","footnotes":""},"categories":[12],"tags":[],"class_list":{"0":"post-2395","1":"post","2":"type-post","3":"status-publish","4":"format-standard","6":"category-espectaculos"},"yoast_head":"<title>Jorge Rial, furioso con Lanata: &quot;No me rompas m\u00e1s las pelotas&quot; - Informe Litoral<\/title>\n<meta name=\"robots\" content=\"index, follow, max-snippet:-1, max-image-preview:large, max-video-preview:-1\" \/>\n<link rel=\"canonical\" href=\"https:\/\/informelitoral.com.ar\/jorge-rial-furioso-con-lanata-no-me-rompas-mas-las-pelotas\/\" \/>\n<meta property=\"og:locale\" content=\"es_ES\" \/>\n<meta property=\"og:type\" content=\"article\" \/>\n<meta property=\"og:title\" content=\"Jorge Rial, furioso con Lanata: &quot;No me rompas m\u00e1s las pelotas&quot; - Informe Litoral\" \/>\n<meta property=\"og:description\" content=\"El conductor de Intrusos le dedic&oacute; duras palabras a su colega de El Trece. Jorge Lanata&nbsp;present&oacute; un informe sobre&nbsp;Luis D&rsquo;El&iacute;a&nbsp;en su programa&nbsp;Periodismo para Todos&nbsp;y nombr&oacute; a&nbsp;Jorge Rial y Luis Ventura, entre otras figuras de Am&eacute;rica, como los posibles periodistas que podr&iacute;an llevar&nbsp;al canal&nbsp;al dirigente para dar su versi&oacute;n. Al conductor de&nbsp;Intrusos&nbsp;le molest&oacute; que Lanata volviera [&hellip;]\" \/>\n<meta property=\"og:url\" content=\"https:\/\/informelitoral.com.ar\/jorge-rial-furioso-con-lanata-no-me-rompas-mas-las-pelotas\/\" \/>\n<meta property=\"og:site_name\" content=\"Informe Litoral\" \/>\n<meta property=\"article:publisher\" content=\"https:\/\/www.facebook.com\/informelitoral\/\" \/>\n<meta property=\"article:published_time\" content=\"2013-07-08T21:54:41+00:00\" \/>\n<meta property=\"og:image\" content=\"https:\/\/informelitoral.com.ar\/%77%70%2d%63%6f%6e%74%65%6e%74\/uploads\/2013\/07\/lll.jpg\" \/>\n\t<meta property=\"og:image:width\" content=\"611\" \/>\n\t<meta property=\"og:image:height\" content=\"308\" \/>\n\t<meta property=\"og:image:type\" content=\"image\/jpeg\" \/>\n<meta name=\"author\" content=\"Gonzalo Schmidt\" \/>\n<meta name=\"twitter:card\" content=\"summary_large_image\" \/>\n<meta name=\"twitter:creator\" content=\"@InformeLitoral\" \/>\n<meta name=\"twitter:site\" content=\"@InformeLitoral\" \/>\n<meta name=\"twitter:label1\" content=\"Escrito por\" \/>\n\t<meta name=\"twitter:data1\" content=\"Gonzalo Schmidt\" \/>\n\t<meta name=\"twitter:label2\" content=\"Tiempo de lectura\" \/>\n\t<meta name=\"twitter:data2\" content=\"2 minutos\" \/>\n<script type=\"application\/ld+json\" class=\"yoast-schema-graph\">{\"@context\":\"https:\\\/\\\/schema.org\",\"@graph\":[{\"@type\":\"Article\",\"@id\":\"https:\\\/\\\/informelitoral.com.ar\\\/jorge-rial-furioso-con-lanata-no-me-rompas-mas-las-pelotas\\\/#article\",\"isPartOf\":{\"@id\":\"https:\\\/\\\/informelitoral.com.ar\\\/jorge-rial-furioso-con-lanata-no-me-rompas-mas-las-pelotas\\\/\"},\"author\":{\"name\":\"Gonzalo Schmidt\",\"@id\":\"https:\\\/\\\/informelitoral.com.ar\\\/#\\\/schema\\\/person\\\/b9d00407c836482871ef1d57bf8e3180\"},\"headline\":\"Jorge Rial, furioso con Lanata: \u00abNo me rompas m\u00e1s las pelotas\u00bb\",\"datePublished\":\"2013-07-08T21:54:41+00:00\",\"mainEntityOfPage\":{\"@id\":\"https:\\\/\\\/informelitoral.com.ar\\\/jorge-rial-furioso-con-lanata-no-me-rompas-mas-las-pelotas\\\/\"},\"wordCount\":480,\"commentCount\":0,\"publisher\":{\"@id\":\"https:\\\/\\\/informelitoral.com.ar\\\/#organization\"},\"image\":{\"@id\":\"https:\\\/\\\/informelitoral.com.ar\\\/jorge-rial-furioso-con-lanata-no-me-rompas-mas-las-pelotas\\\/#primaryimage\"},\"thumbnailUrl\":\"http:\\\/\\\/www.isletasnoticias.com.ar\\\/%77%70%2d%63%6f%6e%74%65%6e%74\\\/uploads\\\/2013\\\/07\\\/lll-300x151.jpg\",\"articleSection\":[\"Espect\u00e1culos\"],\"inLanguage\":\"es\",\"potentialAction\":[{\"@type\":\"CommentAction\",\"name\":\"Comment\",\"target\":[\"https:\\\/\\\/informelitoral.com.ar\\\/jorge-rial-furioso-con-lanata-no-me-rompas-mas-las-pelotas\\\/#respond\"]}]},{\"@type\":\"WebPage\",\"@id\":\"https:\\\/\\\/informelitoral.com.ar\\\/jorge-rial-furioso-con-lanata-no-me-rompas-mas-las-pelotas\\\/\",\"url\":\"https:\\\/\\\/informelitoral.com.ar\\\/jorge-rial-furioso-con-lanata-no-me-rompas-mas-las-pelotas\\\/\",\"name\":\"Jorge Rial, furioso con Lanata: \\\"No me rompas m\u00e1s las pelotas\\\" - Informe Litoral\",\"isPartOf\":{\"@id\":\"https:\\\/\\\/informelitoral.com.ar\\\/#website\"},\"primaryImageOfPage\":{\"@id\":\"https:\\\/\\\/informelitoral.com.ar\\\/jorge-rial-furioso-con-lanata-no-me-rompas-mas-las-pelotas\\\/#primaryimage\"},\"image\":{\"@id\":\"https:\\\/\\\/informelitoral.com.ar\\\/jorge-rial-furioso-con-lanata-no-me-rompas-mas-las-pelotas\\\/#primaryimage\"},\"thumbnailUrl\":\"http:\\\/\\\/www.isletasnoticias.com.ar\\\/%77%70%2d%63%6f%6e%74%65%6e%74\\\/uploads\\\/2013\\\/07\\\/lll-300x151.jpg\",\"datePublished\":\"2013-07-08T21:54:41+00:00\",\"breadcrumb\":{\"@id\":\"https:\\\/\\\/informelitoral.com.ar\\\/jorge-rial-furioso-con-lanata-no-me-rompas-mas-las-pelotas\\\/#breadcrumb\"},\"inLanguage\":\"es\",\"potentialAction\":[{\"@type\":\"ReadAction\",\"target\":[\"https:\\\/\\\/informelitoral.com.ar\\\/jorge-rial-furioso-con-lanata-no-me-rompas-mas-las-pelotas\\\/\"]}]},{\"@type\":\"ImageObject\",\"inLanguage\":\"es\",\"@id\":\"https:\\\/\\\/informelitoral.com.ar\\\/jorge-rial-furioso-con-lanata-no-me-rompas-mas-las-pelotas\\\/#primaryimage\",\"url\":\"http:\\\/\\\/www.isletasnoticias.com.ar\\\/%77%70%2d%63%6f%6e%74%65%6e%74\\\/uploads\\\/2013\\\/07\\\/lll-300x151.jpg\",\"contentUrl\":\"http:\\\/\\\/www.isletasnoticias.com.ar\\\/%77%70%2d%63%6f%6e%74%65%6e%74\\\/uploads\\\/2013\\\/07\\\/lll-300x151.jpg\"},{\"@type\":\"BreadcrumbList\",\"@id\":\"https:\\\/\\\/informelitoral.com.ar\\\/jorge-rial-furioso-con-lanata-no-me-rompas-mas-las-pelotas\\\/#breadcrumb\",\"itemListElement\":[{\"@type\":\"ListItem\",\"position\":1,\"name\":\"Portada\",\"item\":\"https:\\\/\\\/informelitoral.com.ar\\\/\"},{\"@type\":\"ListItem\",\"position\":2,\"name\":\"Jorge Rial, furioso con Lanata: \u00abNo me rompas m\u00e1s las pelotas\u00bb\"}]},{\"@type\":\"WebSite\",\"@id\":\"https:\\\/\\\/informelitoral.com.ar\\\/#website\",\"url\":\"https:\\\/\\\/informelitoral.com.ar\\\/\",\"name\":\"Informe Litoral\",\"description\":\"&quot;Nos informamos&quot; \",\"publisher\":{\"@id\":\"https:\\\/\\\/informelitoral.com.ar\\\/#organization\"},\"potentialAction\":[{\"@type\":\"SearchAction\",\"target\":{\"@type\":\"EntryPoint\",\"urlTemplate\":\"https:\\\/\\\/informelitoral.com.ar\\\/?s={search_term_string}\"},\"query-input\":{\"@type\":\"PropertyValueSpecification\",\"valueRequired\":true,\"valueName\":\"search_term_string\"}}],\"inLanguage\":\"es\"},{\"@type\":\"Organization\",\"@id\":\"https:\\\/\\\/informelitoral.com.ar\\\/#organization\",\"name\":\"Informe Litoral\",\"url\":\"https:\\\/\\\/informelitoral.com.ar\\\/\",\"logo\":{\"@type\":\"ImageObject\",\"inLanguage\":\"es\",\"@id\":\"https:\\\/\\\/informelitoral.com.ar\\\/#\\\/schema\\\/logo\\\/image\\\/\",\"url\":\"https:\\\/\\\/informelitoral.com.ar\\\/%77%70%2d%63%6f%6e%74%65%6e%74\\\/uploads\\\/2021\\\/01\\\/circulo.png\",\"contentUrl\":\"https:\\\/\\\/informelitoral.com.ar\\\/%77%70%2d%63%6f%6e%74%65%6e%74\\\/uploads\\\/2021\\\/01\\\/circulo.png\",\"width\":723,\"height\":731,\"caption\":\"Informe Litoral\"},\"image\":{\"@id\":\"https:\\\/\\\/informelitoral.com.ar\\\/#\\\/schema\\\/logo\\\/image\\\/\"},\"sameAs\":[\"https:\\\/\\\/www.facebook.com\\\/informelitoral\\\/\",\"https:\\\/\\\/x.com\\\/InformeLitoral\",\"https:\\\/\\\/www.instagram.com\\\/informelitoral\\\/\",\"https:\\\/\\\/www.youtube.com\\\/channel\\\/UCua4Qvz8Icb6MYqhoq9xLXw\"]},{\"@type\":\"Person\",\"@id\":\"https:\\\/\\\/informelitoral.com.ar\\\/#\\\/schema\\\/person\\\/b9d00407c836482871ef1d57bf8e3180\",\"name\":\"Gonzalo Schmidt\",\"image\":{\"@type\":\"ImageObject\",\"inLanguage\":\"es\",\"@id\":\"https:\\\/\\\/secure.gravatar.com\\\/avatar\\\/31a1a7b66ff2de83bd0e9fd79d026630d2d99e55e8bfe501287647b4fd9743de?s=96&d=mm&r=g\",\"url\":\"https:\\\/\\\/secure.gravatar.com\\\/avatar\\\/31a1a7b66ff2de83bd0e9fd79d026630d2d99e55e8bfe501287647b4fd9743de?s=96&d=mm&r=g\",\"contentUrl\":\"https:\\\/\\\/secure.gravatar.com\\\/avatar\\\/31a1a7b66ff2de83bd0e9fd79d026630d2d99e55e8bfe501287647b4fd9743de?s=96&d=mm&r=g\",\"caption\":\"Gonzalo Schmidt\"},\"description\":\"Sitio web de noticias de la provincia de Entre R\u00edos, Argentina. Informaci\u00f3n y entretenimiento. Informe Litoral, nos informamos.\",\"sameAs\":[\"http:\\\/\\\/www.isletasnoticias.com.ar\"],\"url\":\"https:\\\/\\\/informelitoral.com.ar\\\/author\\\/gonzalo\\\/\"}]}<\/script>","yoast_head_json":{"title":"Jorge Rial, furioso con Lanata: \"No me rompas m\u00e1s las pelotas\" - Informe Litoral","robots":{"index":"index","follow":"follow","max-snippet":"max-snippet:-1","max-image-preview":"max-image-preview:large","max-video-preview":"max-video-preview:-1"},"canonical":"https:\/\/informelitoral.com.ar\/jorge-rial-furioso-con-lanata-no-me-rompas-mas-las-pelotas\/","og_locale":"es_ES","og_type":"article","og_title":"Jorge Rial, furioso con Lanata: \"No me rompas m\u00e1s las pelotas\" - Informe Litoral","og_description":"El conductor de Intrusos le dedic&oacute; duras palabras a su colega de El Trece. Jorge Lanata&nbsp;present&oacute; un informe sobre&nbsp;Luis D&rsquo;El&iacute;a&nbsp;en su programa&nbsp;Periodismo para Todos&nbsp;y nombr&oacute; a&nbsp;Jorge Rial y Luis Ventura, entre otras figuras de Am&eacute;rica, como los posibles periodistas que podr&iacute;an llevar&nbsp;al canal&nbsp;al dirigente para dar su versi&oacute;n. Al conductor de&nbsp;Intrusos&nbsp;le molest&oacute; que Lanata volviera [&hellip;]","og_url":"https:\/\/informelitoral.com.ar\/jorge-rial-furioso-con-lanata-no-me-rompas-mas-las-pelotas\/","og_site_name":"Informe Litoral","article_publisher":"https:\/\/www.facebook.com\/informelitoral\/","article_published_time":"2013-07-08T21:54:41+00:00","og_image":[{"width":611,"height":308,"url":"https:\/\/informelitoral.com.ar\/%77%70%2d%63%6f%6e%74%65%6e%74\/uploads\/2013\/07\/lll.jpg","type":"image\/jpeg"}],"author":"Gonzalo Schmidt","twitter_card":"summary_large_image","twitter_creator":"@InformeLitoral","twitter_site":"@InformeLitoral","twitter_misc":{"Escrito por":"Gonzalo Schmidt","Tiempo de lectura":"2 minutos"},"schema":{"@context":"https:\/\/schema.org","@graph":[{"@type":"Article","@id":"https:\/\/informelitoral.com.ar\/jorge-rial-furioso-con-lanata-no-me-rompas-mas-las-pelotas\/#article","isPartOf":{"@id":"https:\/\/informelitoral.com.ar\/jorge-rial-furioso-con-lanata-no-me-rompas-mas-las-pelotas\/"},"author":{"name":"Gonzalo Schmidt","@id":"https:\/\/informelitoral.com.ar\/#\/schema\/person\/b9d00407c836482871ef1d57bf8e3180"},"headline":"Jorge Rial, furioso con Lanata: \u00abNo me rompas m\u00e1s las pelotas\u00bb","datePublished":"2013-07-08T21:54:41+00:00","mainEntityOfPage":{"@id":"https:\/\/informelitoral.com.ar\/jorge-rial-furioso-con-lanata-no-me-rompas-mas-las-pelotas\/"},"wordCount":480,"commentCount":0,"publisher":{"@id":"https:\/\/informelitoral.com.ar\/#organization"},"image":{"@id":"https:\/\/informelitoral.com.ar\/jorge-rial-furioso-con-lanata-no-me-rompas-mas-las-pelotas\/#primaryimage"},"thumbnailUrl":"http:\/\/www.isletasnoticias.com.ar\/%77%70%2d%63%6f%6e%74%65%6e%74\/uploads\/2013\/07\/lll-300x151.jpg","articleSection":["Espect\u00e1culos"],"inLanguage":"es","potentialAction":[{"@type":"CommentAction","name":"Comment","target":["https:\/\/informelitoral.com.ar\/jorge-rial-furioso-con-lanata-no-me-rompas-mas-las-pelotas\/#respond"]}]},{"@type":"WebPage","@id":"https:\/\/informelitoral.com.ar\/jorge-rial-furioso-con-lanata-no-me-rompas-mas-las-pelotas\/","url":"https:\/\/informelitoral.com.ar\/jorge-rial-furioso-con-lanata-no-me-rompas-mas-las-pelotas\/","name":"Jorge Rial, furioso con Lanata: \"No me rompas m\u00e1s las pelotas\" - Informe Litoral","isPartOf":{"@id":"https:\/\/informelitoral.com.ar\/#website"},"primaryImageOfPage":{"@id":"https:\/\/informelitoral.com.ar\/jorge-rial-furioso-con-lanata-no-me-rompas-mas-las-pelotas\/#primaryimage"},"image":{"@id":"https:\/\/informelitoral.com.ar\/jorge-rial-furioso-con-lanata-no-me-rompas-mas-las-pelotas\/#primaryimage"},"thumbnailUrl":"http:\/\/www.isletasnoticias.com.ar\/%77%70%2d%63%6f%6e%74%65%6e%74\/uploads\/2013\/07\/lll-300x151.jpg","datePublished":"2013-07-08T21:54:41+00:00","breadcrumb":{"@id":"https:\/\/informelitoral.com.ar\/jorge-rial-furioso-con-lanata-no-me-rompas-mas-las-pelotas\/#breadcrumb"},"inLanguage":"es","potentialAction":[{"@type":"ReadAction","target":["https:\/\/informelitoral.com.ar\/jorge-rial-furioso-con-lanata-no-me-rompas-mas-las-pelotas\/"]}]},{"@type":"ImageObject","inLanguage":"es","@id":"https:\/\/informelitoral.com.ar\/jorge-rial-furioso-con-lanata-no-me-rompas-mas-las-pelotas\/#primaryimage","url":"http:\/\/www.isletasnoticias.com.ar\/%77%70%2d%63%6f%6e%74%65%6e%74\/uploads\/2013\/07\/lll-300x151.jpg","contentUrl":"http:\/\/www.isletasnoticias.com.ar\/%77%70%2d%63%6f%6e%74%65%6e%74\/uploads\/2013\/07\/lll-300x151.jpg"},{"@type":"BreadcrumbList","@id":"https:\/\/informelitoral.com.ar\/jorge-rial-furioso-con-lanata-no-me-rompas-mas-las-pelotas\/#breadcrumb","itemListElement":[{"@type":"ListItem","position":1,"name":"Portada","item":"https:\/\/informelitoral.com.ar\/"},{"@type":"ListItem","position":2,"name":"Jorge Rial, furioso con Lanata: \u00abNo me rompas m\u00e1s las pelotas\u00bb"}]},{"@type":"WebSite","@id":"https:\/\/informelitoral.com.ar\/#website","url":"https:\/\/informelitoral.com.ar\/","name":"Informe Litoral","description":"&quot;Nos informamos&quot; ","publisher":{"@id":"https:\/\/informelitoral.com.ar\/#organization"},"potentialAction":[{"@type":"SearchAction","target":{"@type":"EntryPoint","urlTemplate":"https:\/\/informelitoral.com.ar\/?s={search_term_string}"},"query-input":{"@type":"PropertyValueSpecification","valueRequired":true,"valueName":"search_term_string"}}],"inLanguage":"es"},{"@type":"Organization","@id":"https:\/\/informelitoral.com.ar\/#organization","name":"Informe Litoral","url":"https:\/\/informelitoral.com.ar\/","logo":{"@type":"ImageObject","inLanguage":"es","@id":"https:\/\/informelitoral.com.ar\/#\/schema\/logo\/image\/","url":"https:\/\/informelitoral.com.ar\/%77%70%2d%63%6f%6e%74%65%6e%74\/uploads\/2021\/01\/circulo.png","contentUrl":"https:\/\/informelitoral.com.ar\/%77%70%2d%63%6f%6e%74%65%6e%74\/uploads\/2021\/01\/circulo.png","width":723,"height":731,"caption":"Informe Litoral"},"image":{"@id":"https:\/\/informelitoral.com.ar\/#\/schema\/logo\/image\/"},"sameAs":["https:\/\/www.facebook.com\/informelitoral\/","https:\/\/x.com\/InformeLitoral","https:\/\/www.instagram.com\/informelitoral\/","https:\/\/www.youtube.com\/channel\/UCua4Qvz8Icb6MYqhoq9xLXw"]},{"@type":"Person","@id":"https:\/\/informelitoral.com.ar\/#\/schema\/person\/b9d00407c836482871ef1d57bf8e3180","name":"Gonzalo Schmidt","image":{"@type":"ImageObject","inLanguage":"es","@id":"https:\/\/secure.gravatar.com\/avatar\/31a1a7b66ff2de83bd0e9fd79d026630d2d99e55e8bfe501287647b4fd9743de?s=96&d=mm&r=g","url":"https:\/\/secure.gravatar.com\/avatar\/31a1a7b66ff2de83bd0e9fd79d026630d2d99e55e8bfe501287647b4fd9743de?s=96&d=mm&r=g","contentUrl":"https:\/\/secure.gravatar.com\/avatar\/31a1a7b66ff2de83bd0e9fd79d026630d2d99e55e8bfe501287647b4fd9743de?s=96&d=mm&r=g","caption":"Gonzalo Schmidt"},"description":"Sitio web de noticias de la provincia de Entre R\u00edos, Argentina. Informaci\u00f3n y entretenimiento. Informe Litoral, nos informamos.","sameAs":["http:\/\/www.isletasnoticias.com.ar"],"url":"https:\/\/informelitoral.com.ar\/author\/gonzalo\/"}]}},"_links":{"self":[{"href":"https:\/\/informelitoral.com.ar\/%77%70%2d%6a%73%6f%6e\/wp\/v2\/posts\/2395","targetHints":{"allow":["GET"]}}],"collection":[{"href":"https:\/\/informelitoral.com.ar\/%77%70%2d%6a%73%6f%6e\/wp\/v2\/posts"}],"about":[{"href":"https:\/\/informelitoral.com.ar\/%77%70%2d%6a%73%6f%6e\/wp\/v2\/types\/post"}],"author":[{"embeddable":true,"href":"https:\/\/informelitoral.com.ar\/%77%70%2d%6a%73%6f%6e\/wp\/v2\/users\/2"}],"replies":[{"embeddable":true,"href":"https:\/\/informelitoral.com.ar\/%77%70%2d%6a%73%6f%6e\/wp\/v2\/comments?post=2395"}],"version-history":[{"count":0,"href":"https:\/\/informelitoral.com.ar\/%77%70%2d%6a%73%6f%6e\/wp\/v2\/posts\/2395\/revisions"}],"wp:attachment":[{"href":"https:\/\/informelitoral.com.ar\/%77%70%2d%6a%73%6f%6e\/wp\/v2\/media?parent=2395"}],"wp:term":[{"taxonomy":"category","embeddable":true,"href":"https:\/\/informelitoral.com.ar\/%77%70%2d%6a%73%6f%6e\/wp\/v2\/categories?post=2395"},{"taxonomy":"post_tag","embeddable":true,"href":"https:\/\/informelitoral.com.ar\/%77%70%2d%6a%73%6f%6e\/wp\/v2\/tags?post=2395"}],"curies":[{"name":"wp","href":"https:\/\/api.w.org\/{rel}","templated":true}]}}