{"id":239431,"date":"2025-11-05T10:48:43","date_gmt":"2025-11-05T13:48:43","guid":{"rendered":"https:\/\/informelitoral.com.ar\/?p=239431"},"modified":"2025-11-05T13:06:18","modified_gmt":"2025-11-05T16:06:18","slug":"se-reafirma-articulacion-publico-privada-como-pilar-para-fortalecer-al-sector-ganadero","status":"publish","type":"post","link":"https:\/\/informelitoral.com.ar\/se-reafirma-articulacion-publico-privada-como-pilar-para-fortalecer-al-sector-ganadero\/","title":{"rendered":"Entre R\u00edos: SENASA convoc\u00f3 a expertos para actualizar estrategias contra garrapata, aftosa y brucelosis bovina"},"content":{"rendered":"<p>El\u00a0<strong>Servicio Nacional de Sanidad y Calidad Agroalimentaria (SENASA)<\/strong>\u00a0particip\u00f3 de un\u00a0<strong>encuentro t\u00e9cnico con productores, profesionales veterinarios y referentes del sector ganadero<\/strong>, donde se abordaron\u00a0<strong>aspectos centrales vinculados a la sanidad animal<\/strong>.<\/p>\n<p>La jornada, realizada en la ciudad de\u00a0<strong>San Salvador<\/strong>,\u00a0<strong>provincia de Entre R\u00edos<\/strong>, tuvo como ejes principales el\u00a0<strong>control de la garrapata, la prevenci\u00f3n de la fiebre aftosa y la lucha contra la brucelosis bovina<\/strong>.<\/p>\n<h6><em><strong>Del archivo:\u00a0<a href=\"https:\/\/informelitoral.com.ar\/simplificaron-viajes-con-mascotas-senasa-lanzo-el-certificado-veterinario-internacional-digital\/\" target=\"_blank\" rel=\"noopener\">Simplificaron viajes con mascotas: Senasa lanz\u00f3 el certificado veterinario internacional digital<\/a><\/strong><\/em><\/h6>\n<p>En relaci\u00f3n con la\u00a0<strong>garrapata<\/strong>, se compartieron experiencias sobre\u00a0<strong>estrategias integradas de control y manejo del pastoreo<\/strong>, junto con la importancia del\u00a0<strong>monitoreo permanente para evitar la aparici\u00f3n de resistencias<\/strong>.<\/p>\n<p>Respecto a la\u00a0<strong>fiebre aftosa<\/strong>, se repasaron las acciones del Plan Nacional de Vacunaci\u00f3n, y la relevancia de\u00a0<strong>mantener actualizados los registros sanitarios<\/strong>, con el fin de\u00a0<strong>preservar el estatus del pa\u00eds como libre de la enfermedad<\/strong>.<\/p>\n<p><a href=\"https:\/\/informelitoral.com.ar\/%77%70%2d%63%6f%6e%74%65%6e%74\/uploads\/2024\/07\/nuevo-protocolo-bienestar-animal-feedlots.webp\"><img loading=\"lazy\" decoding=\"async\" class=\"alignnone size-full wp-image-192526\" src=\"https:\/\/informelitoral.com.ar\/%77%70%2d%63%6f%6e%74%65%6e%74\/uploads\/2024\/07\/nuevo-protocolo-bienestar-animal-feedlots.webp\" alt=\"\" width=\"700\" height=\"360\" srcset=\"https:\/\/informelitoral.com.ar\/%77%70%2d%63%6f%6e%74%65%6e%74\/uploads\/2024\/07\/nuevo-protocolo-bienestar-animal-feedlots.webp 700w, https:\/\/informelitoral.com.ar\/%77%70%2d%63%6f%6e%74%65%6e%74\/uploads\/2024\/07\/nuevo-protocolo-bienestar-animal-feedlots-300x154.webp 300w, https:\/\/informelitoral.com.ar\/%77%70%2d%63%6f%6e%74%65%6e%74\/uploads\/2024\/07\/nuevo-protocolo-bienestar-animal-feedlots-696x358.webp 696w\" sizes=\"auto, (max-width: 700px) 100vw, 700px\" \/><\/a><\/p>\n<p>En cuanto a la\u00a0<strong>brucelosis bovina<\/strong>, se trataron los\u00a0<strong>avances en diagn\u00f3stico y vacunaci\u00f3n<\/strong>, adem\u00e1s de la necesidad de\u00a0<strong>reforzar la vigilancia epidemiol\u00f3gica y las medidas de bioseguridad en los establecimientos<\/strong>, para proteger tanto la sanidad animal como la salud p\u00fablica.<\/p>\n<p>Las autoridades regionales del Senasa presentes en el encuentro destacaron la importancia de\u00a0<strong>optimizar el manejo sanitario y garantizar la calidad e inocuidad de los productos de origen animal<\/strong>.<\/p>\n<p><img decoding=\"async\" src=\"https:\/\/www.argentina.gob.ar\/sites\/default\/files\/25-10-31_er_sanidad_animal_3.jpeg\" \/><\/p>\n<p>Durante el encuentro, se remarc\u00f3 la necesidad de\u00a0<strong>fortalecer la articulaci\u00f3n entre el sector p\u00fablico y privado<\/strong>, entendida como una estrategia esencial para\u00a0<strong>sostener y mejorar la competitividad de la carne argentina en los mercados internacionales<\/strong>. Este enfoque permite consolidar una cadena de valor ganadera m\u00e1s eficiente, flexible y alineada con las exigencias sanitarias globales, asegurando la sostenibilidad de las pol\u00edticas p\u00fablicas orientadas al desarrollo del sector.<\/p>\n<h6><em><strong>Del archivo:\u00a0<a href=\"https:\/\/informelitoral.com.ar\/el-inta-propone-estrategia-integrada-para-aumentar-la-produccion-de-carne-y-combatir-la-garrapata\/\" target=\"_blank\" rel=\"noopener\">El INTA propone estrategia integrada para aumentar la producci\u00f3n de carne y combatir la garrapata<\/a><\/strong><\/em><\/h6>\n","protected":false},"excerpt":{"rendered":"<p>El encuentro se realiz\u00f3 en San Salvador y se destac\u00f3 la articulaci\u00f3n p\u00fablico-privada como pilar de la competitividad internacional.<\/p>\n","protected":false},"author":8,"featured_media":239433,"comment_status":"open","ping_status":"open","sticky":false,"template":"","format":"standard","meta":{"fifu_image_url":"https:\/\/www.argentina.gob.ar\/sites\/default\/files\/25-10-31_er_sanidad_animal_2.jpeg","fifu_image_alt":"","footnotes":""},"categories":[10],"tags":[5077,162,4570,4140,204],"class_list":{"0":"post-239431","1":"post","2":"type-post","3":"status-publish","4":"format-standard","5":"has-post-thumbnail","7":"category-campo","8":"tag-brucelosis-bovina","9":"tag-ganaderia","10":"tag-garrapatas","11":"tag-san-salvador","12":"tag-senasa"},"yoast_head":"<title>Entre R\u00edos: SENASA convoc\u00f3 a expertos para actualizar estrategias contra garrapata, aftosa y brucelosis bovina - Informe Litoral<\/title>\n<meta name=\"robots\" content=\"index, follow, max-snippet:-1, max-image-preview:large, max-video-preview:-1\" \/>\n<link rel=\"canonical\" href=\"https:\/\/informelitoral.com.ar\/se-reafirma-articulacion-publico-privada-como-pilar-para-fortalecer-al-sector-ganadero\/\" \/>\n<meta property=\"og:locale\" content=\"es_ES\" \/>\n<meta property=\"og:type\" content=\"article\" \/>\n<meta property=\"og:title\" content=\"Entre R\u00edos: SENASA convoc\u00f3 a expertos para actualizar estrategias contra garrapata, aftosa y brucelosis bovina - Informe Litoral\" \/>\n<meta property=\"og:description\" content=\"El encuentro se realiz\u00f3 en San Salvador y se destac\u00f3 la articulaci\u00f3n p\u00fablico-privada como pilar de la competitividad internacional.\" \/>\n<meta property=\"og:url\" content=\"https:\/\/informelitoral.com.ar\/se-reafirma-articulacion-publico-privada-como-pilar-para-fortalecer-al-sector-ganadero\/\" \/>\n<meta property=\"og:site_name\" content=\"Informe Litoral\" \/>\n<meta property=\"article:publisher\" content=\"https:\/\/www.facebook.com\/informelitoral\/\" \/>\n<meta property=\"article:published_time\" content=\"2025-11-05T13:48:43+00:00\" \/>\n<meta property=\"article:modified_time\" content=\"2025-11-05T16:06:18+00:00\" \/>\n<meta property=\"og:image\" content=\"https:\/\/www.argentina.gob.ar\/sites\/default\/files\/25-10-31_er_sanidad_animal_2.jpeg\" \/>\n<meta name=\"author\" content=\"Sebastian\" \/>\n<meta name=\"twitter:card\" content=\"summary_large_image\" \/>\n<meta name=\"twitter:image\" content=\"https:\/\/www.argentina.gob.ar\/sites\/default\/files\/25-10-31_er_sanidad_animal_2.jpeg\" \/>\n<meta name=\"twitter:creator\" content=\"@InformeLitoral\" \/>\n<meta name=\"twitter:site\" content=\"@InformeLitoral\" \/>\n<meta name=\"twitter:label1\" content=\"Escrito por\" \/>\n\t<meta name=\"twitter:data1\" content=\"Sebastian\" \/>\n\t<meta name=\"twitter:label2\" content=\"Tiempo de lectura\" \/>\n\t<meta name=\"twitter:data2\" content=\"2 minutos\" \/>\n<script type=\"application\/ld+json\" class=\"yoast-schema-graph\">{\"@context\":\"https:\\\/\\\/schema.org\",\"@graph\":[{\"@type\":\"Article\",\"@id\":\"https:\\\/\\\/informelitoral.com.ar\\\/se-reafirma-articulacion-publico-privada-como-pilar-para-fortalecer-al-sector-ganadero\\\/#article\",\"isPartOf\":{\"@id\":\"https:\\\/\\\/informelitoral.com.ar\\\/se-reafirma-articulacion-publico-privada-como-pilar-para-fortalecer-al-sector-ganadero\\\/\"},\"author\":{\"name\":\"Sebastian\",\"@id\":\"https:\\\/\\\/informelitoral.com.ar\\\/#\\\/schema\\\/person\\\/f05f9f461677119578717524b127d6d5\"},\"headline\":\"Entre R\u00edos: SENASA convoc\u00f3 a expertos para actualizar estrategias contra garrapata, aftosa y brucelosis bovina\",\"datePublished\":\"2025-11-05T13:48:43+00:00\",\"dateModified\":\"2025-11-05T16:06:18+00:00\",\"mainEntityOfPage\":{\"@id\":\"https:\\\/\\\/informelitoral.com.ar\\\/se-reafirma-articulacion-publico-privada-como-pilar-para-fortalecer-al-sector-ganadero\\\/\"},\"wordCount\":336,\"commentCount\":0,\"publisher\":{\"@id\":\"https:\\\/\\\/informelitoral.com.ar\\\/#organization\"},\"image\":{\"@id\":\"https:\\\/\\\/informelitoral.com.ar\\\/se-reafirma-articulacion-publico-privada-como-pilar-para-fortalecer-al-sector-ganadero\\\/#primaryimage\"},\"thumbnailUrl\":\"https:\\\/\\\/www.argentina.gob.ar\\\/sites\\\/default\\\/files\\\/25-10-31_er_sanidad_animal_2.jpeg\",\"keywords\":[\"Brucelosis Bovina\",\"Ganader\u00eda\",\"Garrapatas\",\"San Salvador\",\"Senasa\"],\"articleSection\":[\"Campo\"],\"inLanguage\":\"es\",\"potentialAction\":[{\"@type\":\"CommentAction\",\"name\":\"Comment\",\"target\":[\"https:\\\/\\\/informelitoral.com.ar\\\/se-reafirma-articulacion-publico-privada-como-pilar-para-fortalecer-al-sector-ganadero\\\/#respond\"]}]},{\"@type\":\"WebPage\",\"@id\":\"https:\\\/\\\/informelitoral.com.ar\\\/se-reafirma-articulacion-publico-privada-como-pilar-para-fortalecer-al-sector-ganadero\\\/\",\"url\":\"https:\\\/\\\/informelitoral.com.ar\\\/se-reafirma-articulacion-publico-privada-como-pilar-para-fortalecer-al-sector-ganadero\\\/\",\"name\":\"Entre R\u00edos: SENASA convoc\u00f3 a expertos para actualizar estrategias contra garrapata, aftosa y brucelosis bovina - Informe Litoral\",\"isPartOf\":{\"@id\":\"https:\\\/\\\/informelitoral.com.ar\\\/#website\"},\"primaryImageOfPage\":{\"@id\":\"https:\\\/\\\/informelitoral.com.ar\\\/se-reafirma-articulacion-publico-privada-como-pilar-para-fortalecer-al-sector-ganadero\\\/#primaryimage\"},\"image\":{\"@id\":\"https:\\\/\\\/informelitoral.com.ar\\\/se-reafirma-articulacion-publico-privada-como-pilar-para-fortalecer-al-sector-ganadero\\\/#primaryimage\"},\"thumbnailUrl\":\"https:\\\/\\\/www.argentina.gob.ar\\\/sites\\\/default\\\/files\\\/25-10-31_er_sanidad_animal_2.jpeg\",\"datePublished\":\"2025-11-05T13:48:43+00:00\",\"dateModified\":\"2025-11-05T16:06:18+00:00\",\"breadcrumb\":{\"@id\":\"https:\\\/\\\/informelitoral.com.ar\\\/se-reafirma-articulacion-publico-privada-como-pilar-para-fortalecer-al-sector-ganadero\\\/#breadcrumb\"},\"inLanguage\":\"es\",\"potentialAction\":[{\"@type\":\"ReadAction\",\"target\":[\"https:\\\/\\\/informelitoral.com.ar\\\/se-reafirma-articulacion-publico-privada-como-pilar-para-fortalecer-al-sector-ganadero\\\/\"]}]},{\"@type\":\"ImageObject\",\"inLanguage\":\"es\",\"@id\":\"https:\\\/\\\/informelitoral.com.ar\\\/se-reafirma-articulacion-publico-privada-como-pilar-para-fortalecer-al-sector-ganadero\\\/#primaryimage\",\"url\":\"https:\\\/\\\/www.argentina.gob.ar\\\/sites\\\/default\\\/files\\\/25-10-31_er_sanidad_animal_2.jpeg\",\"contentUrl\":\"https:\\\/\\\/www.argentina.gob.ar\\\/sites\\\/default\\\/files\\\/25-10-31_er_sanidad_animal_2.jpeg\",\"width\":\"582\",\"height\":\"296\"},{\"@type\":\"BreadcrumbList\",\"@id\":\"https:\\\/\\\/informelitoral.com.ar\\\/se-reafirma-articulacion-publico-privada-como-pilar-para-fortalecer-al-sector-ganadero\\\/#breadcrumb\",\"itemListElement\":[{\"@type\":\"ListItem\",\"position\":1,\"name\":\"Portada\",\"item\":\"https:\\\/\\\/informelitoral.com.ar\\\/\"},{\"@type\":\"ListItem\",\"position\":2,\"name\":\"Entre R\u00edos: SENASA convoc\u00f3 a expertos para actualizar estrategias contra garrapata, aftosa y brucelosis bovina\"}]},{\"@type\":\"WebSite\",\"@id\":\"https:\\\/\\\/informelitoral.com.ar\\\/#website\",\"url\":\"https:\\\/\\\/informelitoral.com.ar\\\/\",\"name\":\"Informe Litoral\",\"description\":\"&quot;Nos informamos&quot; \",\"publisher\":{\"@id\":\"https:\\\/\\\/informelitoral.com.ar\\\/#organization\"},\"potentialAction\":[{\"@type\":\"SearchAction\",\"target\":{\"@type\":\"EntryPoint\",\"urlTemplate\":\"https:\\\/\\\/informelitoral.com.ar\\\/?s={search_term_string}\"},\"query-input\":{\"@type\":\"PropertyValueSpecification\",\"valueRequired\":true,\"valueName\":\"search_term_string\"}}],\"inLanguage\":\"es\"},{\"@type\":\"Organization\",\"@id\":\"https:\\\/\\\/informelitoral.com.ar\\\/#organization\",\"name\":\"Informe Litoral\",\"url\":\"https:\\\/\\\/informelitoral.com.ar\\\/\",\"logo\":{\"@type\":\"ImageObject\",\"inLanguage\":\"es\",\"@id\":\"https:\\\/\\\/informelitoral.com.ar\\\/#\\\/schema\\\/logo\\\/image\\\/\",\"url\":\"https:\\\/\\\/informelitoral.com.ar\\\/%77%70%2d%63%6f%6e%74%65%6e%74\\\/uploads\\\/2021\\\/01\\\/circulo.png\",\"contentUrl\":\"https:\\\/\\\/informelitoral.com.ar\\\/%77%70%2d%63%6f%6e%74%65%6e%74\\\/uploads\\\/2021\\\/01\\\/circulo.png\",\"width\":723,\"height\":731,\"caption\":\"Informe Litoral\"},\"image\":{\"@id\":\"https:\\\/\\\/informelitoral.com.ar\\\/#\\\/schema\\\/logo\\\/image\\\/\"},\"sameAs\":[\"https:\\\/\\\/www.facebook.com\\\/informelitoral\\\/\",\"https:\\\/\\\/x.com\\\/InformeLitoral\",\"https:\\\/\\\/www.instagram.com\\\/informelitoral\\\/\",\"https:\\\/\\\/www.youtube.com\\\/channel\\\/UCua4Qvz8Icb6MYqhoq9xLXw\"]},{\"@type\":\"Person\",\"@id\":\"https:\\\/\\\/informelitoral.com.ar\\\/#\\\/schema\\\/person\\\/f05f9f461677119578717524b127d6d5\",\"name\":\"Sebastian\",\"image\":{\"@type\":\"ImageObject\",\"inLanguage\":\"es\",\"@id\":\"https:\\\/\\\/secure.gravatar.com\\\/avatar\\\/b71bf7481d447dfb9583c7f2798e7cc64de6efb9067b74633ed8c31059a3bd82?s=96&d=mm&r=g\",\"url\":\"https:\\\/\\\/secure.gravatar.com\\\/avatar\\\/b71bf7481d447dfb9583c7f2798e7cc64de6efb9067b74633ed8c31059a3bd82?s=96&d=mm&r=g\",\"contentUrl\":\"https:\\\/\\\/secure.gravatar.com\\\/avatar\\\/b71bf7481d447dfb9583c7f2798e7cc64de6efb9067b74633ed8c31059a3bd82?s=96&d=mm&r=g\",\"caption\":\"Sebastian\"},\"url\":\"https:\\\/\\\/informelitoral.com.ar\\\/author\\\/sebastian\\\/\"}]}<\/script>","yoast_head_json":{"title":"Entre R\u00edos: SENASA convoc\u00f3 a expertos para actualizar estrategias contra garrapata, aftosa y brucelosis bovina - Informe Litoral","robots":{"index":"index","follow":"follow","max-snippet":"max-snippet:-1","max-image-preview":"max-image-preview:large","max-video-preview":"max-video-preview:-1"},"canonical":"https:\/\/informelitoral.com.ar\/se-reafirma-articulacion-publico-privada-como-pilar-para-fortalecer-al-sector-ganadero\/","og_locale":"es_ES","og_type":"article","og_title":"Entre R\u00edos: SENASA convoc\u00f3 a expertos para actualizar estrategias contra garrapata, aftosa y brucelosis bovina - Informe Litoral","og_description":"El encuentro se realiz\u00f3 en San Salvador y se destac\u00f3 la articulaci\u00f3n p\u00fablico-privada como pilar de la competitividad internacional.","og_url":"https:\/\/informelitoral.com.ar\/se-reafirma-articulacion-publico-privada-como-pilar-para-fortalecer-al-sector-ganadero\/","og_site_name":"Informe Litoral","article_publisher":"https:\/\/www.facebook.com\/informelitoral\/","article_published_time":"2025-11-05T13:48:43+00:00","article_modified_time":"2025-11-05T16:06:18+00:00","og_image":[{"url":"https:\/\/www.argentina.gob.ar\/sites\/default\/files\/25-10-31_er_sanidad_animal_2.jpeg","type":"","width":"","height":""}],"author":"Sebastian","twitter_card":"summary_large_image","twitter_image":"https:\/\/www.argentina.gob.ar\/sites\/default\/files\/25-10-31_er_sanidad_animal_2.jpeg","twitter_creator":"@InformeLitoral","twitter_site":"@InformeLitoral","twitter_misc":{"Escrito por":"Sebastian","Tiempo de lectura":"2 minutos"},"schema":{"@context":"https:\/\/schema.org","@graph":[{"@type":"Article","@id":"https:\/\/informelitoral.com.ar\/se-reafirma-articulacion-publico-privada-como-pilar-para-fortalecer-al-sector-ganadero\/#article","isPartOf":{"@id":"https:\/\/informelitoral.com.ar\/se-reafirma-articulacion-publico-privada-como-pilar-para-fortalecer-al-sector-ganadero\/"},"author":{"name":"Sebastian","@id":"https:\/\/informelitoral.com.ar\/#\/schema\/person\/f05f9f461677119578717524b127d6d5"},"headline":"Entre R\u00edos: SENASA convoc\u00f3 a expertos para actualizar estrategias contra garrapata, aftosa y brucelosis bovina","datePublished":"2025-11-05T13:48:43+00:00","dateModified":"2025-11-05T16:06:18+00:00","mainEntityOfPage":{"@id":"https:\/\/informelitoral.com.ar\/se-reafirma-articulacion-publico-privada-como-pilar-para-fortalecer-al-sector-ganadero\/"},"wordCount":336,"commentCount":0,"publisher":{"@id":"https:\/\/informelitoral.com.ar\/#organization"},"image":{"@id":"https:\/\/informelitoral.com.ar\/se-reafirma-articulacion-publico-privada-como-pilar-para-fortalecer-al-sector-ganadero\/#primaryimage"},"thumbnailUrl":"https:\/\/www.argentina.gob.ar\/sites\/default\/files\/25-10-31_er_sanidad_animal_2.jpeg","keywords":["Brucelosis Bovina","Ganader\u00eda","Garrapatas","San Salvador","Senasa"],"articleSection":["Campo"],"inLanguage":"es","potentialAction":[{"@type":"CommentAction","name":"Comment","target":["https:\/\/informelitoral.com.ar\/se-reafirma-articulacion-publico-privada-como-pilar-para-fortalecer-al-sector-ganadero\/#respond"]}]},{"@type":"WebPage","@id":"https:\/\/informelitoral.com.ar\/se-reafirma-articulacion-publico-privada-como-pilar-para-fortalecer-al-sector-ganadero\/","url":"https:\/\/informelitoral.com.ar\/se-reafirma-articulacion-publico-privada-como-pilar-para-fortalecer-al-sector-ganadero\/","name":"Entre R\u00edos: SENASA convoc\u00f3 a expertos para actualizar estrategias contra garrapata, aftosa y brucelosis bovina - Informe Litoral","isPartOf":{"@id":"https:\/\/informelitoral.com.ar\/#website"},"primaryImageOfPage":{"@id":"https:\/\/informelitoral.com.ar\/se-reafirma-articulacion-publico-privada-como-pilar-para-fortalecer-al-sector-ganadero\/#primaryimage"},"image":{"@id":"https:\/\/informelitoral.com.ar\/se-reafirma-articulacion-publico-privada-como-pilar-para-fortalecer-al-sector-ganadero\/#primaryimage"},"thumbnailUrl":"https:\/\/www.argentina.gob.ar\/sites\/default\/files\/25-10-31_er_sanidad_animal_2.jpeg","datePublished":"2025-11-05T13:48:43+00:00","dateModified":"2025-11-05T16:06:18+00:00","breadcrumb":{"@id":"https:\/\/informelitoral.com.ar\/se-reafirma-articulacion-publico-privada-como-pilar-para-fortalecer-al-sector-ganadero\/#breadcrumb"},"inLanguage":"es","potentialAction":[{"@type":"ReadAction","target":["https:\/\/informelitoral.com.ar\/se-reafirma-articulacion-publico-privada-como-pilar-para-fortalecer-al-sector-ganadero\/"]}]},{"@type":"ImageObject","inLanguage":"es","@id":"https:\/\/informelitoral.com.ar\/se-reafirma-articulacion-publico-privada-como-pilar-para-fortalecer-al-sector-ganadero\/#primaryimage","url":"https:\/\/www.argentina.gob.ar\/sites\/default\/files\/25-10-31_er_sanidad_animal_2.jpeg","contentUrl":"https:\/\/www.argentina.gob.ar\/sites\/default\/files\/25-10-31_er_sanidad_animal_2.jpeg","width":"582","height":"296"},{"@type":"BreadcrumbList","@id":"https:\/\/informelitoral.com.ar\/se-reafirma-articulacion-publico-privada-como-pilar-para-fortalecer-al-sector-ganadero\/#breadcrumb","itemListElement":[{"@type":"ListItem","position":1,"name":"Portada","item":"https:\/\/informelitoral.com.ar\/"},{"@type":"ListItem","position":2,"name":"Entre R\u00edos: SENASA convoc\u00f3 a expertos para actualizar estrategias contra garrapata, aftosa y brucelosis bovina"}]},{"@type":"WebSite","@id":"https:\/\/informelitoral.com.ar\/#website","url":"https:\/\/informelitoral.com.ar\/","name":"Informe Litoral","description":"&quot;Nos informamos&quot; ","publisher":{"@id":"https:\/\/informelitoral.com.ar\/#organization"},"potentialAction":[{"@type":"SearchAction","target":{"@type":"EntryPoint","urlTemplate":"https:\/\/informelitoral.com.ar\/?s={search_term_string}"},"query-input":{"@type":"PropertyValueSpecification","valueRequired":true,"valueName":"search_term_string"}}],"inLanguage":"es"},{"@type":"Organization","@id":"https:\/\/informelitoral.com.ar\/#organization","name":"Informe Litoral","url":"https:\/\/informelitoral.com.ar\/","logo":{"@type":"ImageObject","inLanguage":"es","@id":"https:\/\/informelitoral.com.ar\/#\/schema\/logo\/image\/","url":"https:\/\/informelitoral.com.ar\/%77%70%2d%63%6f%6e%74%65%6e%74\/uploads\/2021\/01\/circulo.png","contentUrl":"https:\/\/informelitoral.com.ar\/%77%70%2d%63%6f%6e%74%65%6e%74\/uploads\/2021\/01\/circulo.png","width":723,"height":731,"caption":"Informe Litoral"},"image":{"@id":"https:\/\/informelitoral.com.ar\/#\/schema\/logo\/image\/"},"sameAs":["https:\/\/www.facebook.com\/informelitoral\/","https:\/\/x.com\/InformeLitoral","https:\/\/www.instagram.com\/informelitoral\/","https:\/\/www.youtube.com\/channel\/UCua4Qvz8Icb6MYqhoq9xLXw"]},{"@type":"Person","@id":"https:\/\/informelitoral.com.ar\/#\/schema\/person\/f05f9f461677119578717524b127d6d5","name":"Sebastian","image":{"@type":"ImageObject","inLanguage":"es","@id":"https:\/\/secure.gravatar.com\/avatar\/b71bf7481d447dfb9583c7f2798e7cc64de6efb9067b74633ed8c31059a3bd82?s=96&d=mm&r=g","url":"https:\/\/secure.gravatar.com\/avatar\/b71bf7481d447dfb9583c7f2798e7cc64de6efb9067b74633ed8c31059a3bd82?s=96&d=mm&r=g","contentUrl":"https:\/\/secure.gravatar.com\/avatar\/b71bf7481d447dfb9583c7f2798e7cc64de6efb9067b74633ed8c31059a3bd82?s=96&d=mm&r=g","caption":"Sebastian"},"url":"https:\/\/informelitoral.com.ar\/author\/sebastian\/"}]}},"fifu_image_url":"https:\/\/www.argentina.gob.ar\/sites\/default\/files\/25-10-31_er_sanidad_animal_2.jpeg","_links":{"self":[{"href":"https:\/\/informelitoral.com.ar\/%77%70%2d%6a%73%6f%6e\/wp\/v2\/posts\/239431","targetHints":{"allow":["GET"]}}],"collection":[{"href":"https:\/\/informelitoral.com.ar\/%77%70%2d%6a%73%6f%6e\/wp\/v2\/posts"}],"about":[{"href":"https:\/\/informelitoral.com.ar\/%77%70%2d%6a%73%6f%6e\/wp\/v2\/types\/post"}],"author":[{"embeddable":true,"href":"https:\/\/informelitoral.com.ar\/%77%70%2d%6a%73%6f%6e\/wp\/v2\/users\/8"}],"replies":[{"embeddable":true,"href":"https:\/\/informelitoral.com.ar\/%77%70%2d%6a%73%6f%6e\/wp\/v2\/comments?post=239431"}],"version-history":[{"count":5,"href":"https:\/\/informelitoral.com.ar\/%77%70%2d%6a%73%6f%6e\/wp\/v2\/posts\/239431\/revisions"}],"predecessor-version":[{"id":239472,"href":"https:\/\/informelitoral.com.ar\/%77%70%2d%6a%73%6f%6e\/wp\/v2\/posts\/239431\/revisions\/239472"}],"wp:featuredmedia":[{"embeddable":true,"href":"https:\/\/informelitoral.com.ar\/%77%70%2d%6a%73%6f%6e\/wp\/v2\/media\/239433"}],"wp:attachment":[{"href":"https:\/\/informelitoral.com.ar\/%77%70%2d%6a%73%6f%6e\/wp\/v2\/media?parent=239431"}],"wp:term":[{"taxonomy":"category","embeddable":true,"href":"https:\/\/informelitoral.com.ar\/%77%70%2d%6a%73%6f%6e\/wp\/v2\/categories?post=239431"},{"taxonomy":"post_tag","embeddable":true,"href":"https:\/\/informelitoral.com.ar\/%77%70%2d%6a%73%6f%6e\/wp\/v2\/tags?post=239431"}],"curies":[{"name":"wp","href":"https:\/\/api.w.org\/{rel}","templated":true}]}}