{"id":239351,"date":"2025-11-05T08:10:39","date_gmt":"2025-11-05T11:10:39","guid":{"rendered":"https:\/\/informelitoral.com.ar\/?p=239351"},"modified":"2025-11-05T08:17:24","modified_gmt":"2025-11-05T11:17:24","slug":"aporte-de-los-actores-de-la-cadena-del-maiz-al-diagnostico-sanitario-en-entre-rios","status":"publish","type":"post","link":"https:\/\/informelitoral.com.ar\/aporte-de-los-actores-de-la-cadena-del-maiz-al-diagnostico-sanitario-en-entre-rios\/","title":{"rendered":"Aporte de los actores de la cadena del ma\u00edz al diagn\u00f3stico sanitario en Entre R\u00edos"},"content":{"rendered":"<p>La iniciativa se dio en respuesta a una demanda del sector productivo y en articulaci\u00f3n con la <strong>Mesa de Buenas Pr\u00e1cticas Agr\u00edcolas de Entre R\u00edos y la Bolsa de Cereales de Entre R\u00edos<\/strong>. El <strong>INTA Paran\u00e1<\/strong> avanza en la mejora de un laboratorio para el servicio destinado al diagn\u00f3stico de pat\u00f3genos asociados al achaparramiento del ma\u00edz, especialmente el Spiroplasma, una de las principales problem\u00e1ticas sanitarias que afect\u00f3 duramente la producci\u00f3n maicera durante la campa\u00f1a 2023\/24.<\/p>\n<p>Gracias al compromiso y colaboraci\u00f3n de empresas, asociaciones y entidades vinculadas a la cadena del ma\u00edz, canalizado a trav\u00e9s de la Bolsa de Cereales de Entre R\u00edos, se reuni\u00f3 el capital necesario para adquirir equipamiento e insumos esenciales para el funcionamiento del laboratorio.<\/p>\n<h6><em><strong>Del archivo:\u00a0<a href=\"https:\/\/informelitoral.com.ar\/agro-la-soja-en-chicago-se-dispara-a-su-nivel-mas-alto-en-15-meses\/\" target=\"_blank\" rel=\"noopener\">Agro: la soja en Chicago se dispara a su nivel m\u00e1s alto en 15 meses<\/a><\/strong><\/em><\/h6>\n<p>La entrega de los aportes materializados en un equipo e insumos se realiz\u00f3 el martes 4 de noviembre en la Bolsa de Cereales de Entre R\u00edos, con la participaci\u00f3n de representantes de empresas, organizaciones del sector, autoridades de la Bolsa y del INTA Entre R\u00edos.<\/p>\n<p>El nuevo espacio permitir\u00e1 fortalecer la capacidad de diagn\u00f3stico regional y brindar un servicio t\u00e9cnico clave para productores, asesores y empresas.<\/p>\n<p><img decoding=\"async\" src=\"https:\/\/bolsacer.org.ar\/site\/%77%70%2d%63%6f%6e%74%65%6e%74\/uploads\/2025\/11\/WhatsApp-Image-2025-11-04-at-10.57.51-AM.jpeg\" \/><\/p>\n<p>\u201cEste aporte es una muestra concreta de articulaci\u00f3n p\u00fablico-privada, donde el aporte del sector maicero se traduce en infraestructura cient\u00edfica que aportar\u00e1 a la regi\u00f3n\u201d, destac\u00f3 Jorge Gvozdenovich, director del INTA Entre R\u00edos. Y agreg\u00f3: \u201cContar con un laboratorio de servicio de diagn\u00f3stico especializado en Paran\u00e1 no solo mejora la capacidad de respuesta frente a enfermedades emergentes, sino que tambi\u00e9n genera conocimiento y herramientas para la toma de decisiones en el manejo del cultivo, dando una respuesta r\u00e1pida al productor de Entre R\u00edos as\u00ed como de las provincias vecinas\u201d.<\/p>\n<h6><em><strong>Del archivo: <a href=\"https:\/\/informelitoral.com.ar\/comenzo-la-cosecha-de-brassicaceas-en-entre-rios\/\" target=\"_blank\" rel=\"noopener\">Comenz\u00f3 la cosecha de brassicaceas en Entre R\u00edos<\/a><\/strong><\/em><\/h6>\n<p>Por su parte, H\u00e9ctor Bolz\u00e1n, presidente de la Bolsa de Cereales de Entre R\u00edos, subray\u00f3 la importancia del trabajo conjunto: \u201cDesde la Bolsa consideramos fundamental acompa\u00f1ar iniciativas que fortalecen el sistema productivo y la investigaci\u00f3n aplicada. Canalizar los aportes del sector hacia un objetivo tan concreto como este laboratorio es una forma de potenciar al INTA presente en el territorio y reconocer el valor que genera la cadena del ma\u00edz\u201d.<\/p>\n<p>Una vez puesto en marcha, este laboratorio ofrecer\u00e1 un servicio rentado de diagn\u00f3stico m\u00e1s accesible y cercano al sector entrerriano, para apoyar la toma de decisiones en el manejo del cultivo y a la sustentabilidad del sistema productivo maicero en Entre R\u00edos.<\/p>\n","protected":false},"excerpt":{"rendered":"<p>Empresas y organizaciones de la cadena del ma\u00edz realizaron aportes para la compra de equipamiento e insumos destinados a un laboratorio de diagn\u00f3stico de pat\u00f3genos asociados al achaparramiento del ma\u00edz en el INTA Paran\u00e1. La iniciativa fue canalizada a trav\u00e9s de la Mesa de Buenas Pr\u00e1cticas y gestionada por la Bolsa de Cereales de Entre R\u00edos<\/p>\n","protected":false},"author":8,"featured_media":239352,"comment_status":"open","ping_status":"open","sticky":false,"template":"","format":"standard","meta":{"fifu_image_url":"","fifu_image_alt":"","footnotes":""},"categories":[10],"tags":[3486,160,45,6174],"class_list":{"0":"post-239351","1":"post","2":"type-post","3":"status-publish","4":"format-standard","5":"has-post-thumbnail","7":"category-campo","8":"tag-bolsa-de-cereales-de-entre-rios","9":"tag-inta","10":"tag-parana","11":"tag-spiroplasma"},"yoast_head":"<title>Aporte de los actores de la cadena del ma\u00edz al diagn\u00f3stico sanitario en Entre R\u00edos - Informe Litoral<\/title>\n<meta name=\"robots\" content=\"index, follow, max-snippet:-1, max-image-preview:large, max-video-preview:-1\" \/>\n<link rel=\"canonical\" href=\"https:\/\/informelitoral.com.ar\/aporte-de-los-actores-de-la-cadena-del-maiz-al-diagnostico-sanitario-en-entre-rios\/\" \/>\n<meta property=\"og:locale\" content=\"es_ES\" \/>\n<meta property=\"og:type\" content=\"article\" \/>\n<meta property=\"og:title\" content=\"Aporte de los actores de la cadena del ma\u00edz al diagn\u00f3stico sanitario en Entre R\u00edos - Informe Litoral\" \/>\n<meta property=\"og:description\" content=\"Empresas y organizaciones de la cadena del ma\u00edz realizaron aportes para la compra de equipamiento e insumos destinados a un laboratorio de diagn\u00f3stico de pat\u00f3genos asociados al achaparramiento del ma\u00edz en el INTA Paran\u00e1. La iniciativa fue canalizada a trav\u00e9s de la Mesa de Buenas Pr\u00e1cticas y gestionada por la Bolsa de Cereales de Entre R\u00edos\" \/>\n<meta property=\"og:url\" content=\"https:\/\/informelitoral.com.ar\/aporte-de-los-actores-de-la-cadena-del-maiz-al-diagnostico-sanitario-en-entre-rios\/\" \/>\n<meta property=\"og:site_name\" content=\"Informe Litoral\" \/>\n<meta property=\"article:publisher\" content=\"https:\/\/www.facebook.com\/informelitoral\/\" \/>\n<meta property=\"article:published_time\" content=\"2025-11-05T11:10:39+00:00\" \/>\n<meta property=\"article:modified_time\" content=\"2025-11-05T11:17:24+00:00\" \/>\n<meta property=\"og:image\" content=\"https:\/\/drive.google.com\/thumbnail?id=1zd_3yYRf_mimXaRI-DW0ldoIc86BZGEH&sz=w2048\" \/>\n\t<meta property=\"og:image:width\" content=\"1600\" \/>\n\t<meta property=\"og:image:height\" content=\"1200\" \/>\n\t<meta property=\"og:image:type\" content=\"image\/jpeg\" \/>\n<meta name=\"author\" content=\"Sebastian\" \/>\n<meta name=\"twitter:card\" content=\"summary_large_image\" \/>\n<meta name=\"twitter:creator\" content=\"@InformeLitoral\" \/>\n<meta name=\"twitter:site\" content=\"@InformeLitoral\" \/>\n<meta name=\"twitter:label1\" content=\"Escrito por\" \/>\n\t<meta name=\"twitter:data1\" content=\"Sebastian\" \/>\n\t<meta name=\"twitter:label2\" content=\"Tiempo de lectura\" \/>\n\t<meta name=\"twitter:data2\" content=\"3 minutos\" \/>\n<script type=\"application\/ld+json\" class=\"yoast-schema-graph\">{\"@context\":\"https:\\\/\\\/schema.org\",\"@graph\":[{\"@type\":\"Article\",\"@id\":\"https:\\\/\\\/informelitoral.com.ar\\\/aporte-de-los-actores-de-la-cadena-del-maiz-al-diagnostico-sanitario-en-entre-rios\\\/#article\",\"isPartOf\":{\"@id\":\"https:\\\/\\\/informelitoral.com.ar\\\/aporte-de-los-actores-de-la-cadena-del-maiz-al-diagnostico-sanitario-en-entre-rios\\\/\"},\"author\":{\"name\":\"Sebastian\",\"@id\":\"https:\\\/\\\/informelitoral.com.ar\\\/#\\\/schema\\\/person\\\/f05f9f461677119578717524b127d6d5\"},\"headline\":\"Aporte de los actores de la cadena del ma\u00edz al diagn\u00f3stico sanitario en Entre R\u00edos\",\"datePublished\":\"2025-11-05T11:10:39+00:00\",\"dateModified\":\"2025-11-05T11:17:24+00:00\",\"mainEntityOfPage\":{\"@id\":\"https:\\\/\\\/informelitoral.com.ar\\\/aporte-de-los-actores-de-la-cadena-del-maiz-al-diagnostico-sanitario-en-entre-rios\\\/\"},\"wordCount\":467,\"commentCount\":0,\"publisher\":{\"@id\":\"https:\\\/\\\/informelitoral.com.ar\\\/#organization\"},\"image\":{\"@id\":\"https:\\\/\\\/informelitoral.com.ar\\\/aporte-de-los-actores-de-la-cadena-del-maiz-al-diagnostico-sanitario-en-entre-rios\\\/#primaryimage\"},\"thumbnailUrl\":\"https:\\\/\\\/drive.google.com\\\/thumbnail?id=1zd_3yYRf_mimXaRI-DW0ldoIc86BZGEH&sz=w2048\",\"keywords\":[\"Bolsa de Cereales de Entre R\u00edos\",\"INTA\",\"Paran\u00e1\",\"Spiroplasma\"],\"articleSection\":[\"Campo\"],\"inLanguage\":\"es\",\"potentialAction\":[{\"@type\":\"CommentAction\",\"name\":\"Comment\",\"target\":[\"https:\\\/\\\/informelitoral.com.ar\\\/aporte-de-los-actores-de-la-cadena-del-maiz-al-diagnostico-sanitario-en-entre-rios\\\/#respond\"]}]},{\"@type\":\"WebPage\",\"@id\":\"https:\\\/\\\/informelitoral.com.ar\\\/aporte-de-los-actores-de-la-cadena-del-maiz-al-diagnostico-sanitario-en-entre-rios\\\/\",\"url\":\"https:\\\/\\\/informelitoral.com.ar\\\/aporte-de-los-actores-de-la-cadena-del-maiz-al-diagnostico-sanitario-en-entre-rios\\\/\",\"name\":\"Aporte de los actores de la cadena del ma\u00edz al diagn\u00f3stico sanitario en Entre R\u00edos - Informe Litoral\",\"isPartOf\":{\"@id\":\"https:\\\/\\\/informelitoral.com.ar\\\/#website\"},\"primaryImageOfPage\":{\"@id\":\"https:\\\/\\\/informelitoral.com.ar\\\/aporte-de-los-actores-de-la-cadena-del-maiz-al-diagnostico-sanitario-en-entre-rios\\\/#primaryimage\"},\"image\":{\"@id\":\"https:\\\/\\\/informelitoral.com.ar\\\/aporte-de-los-actores-de-la-cadena-del-maiz-al-diagnostico-sanitario-en-entre-rios\\\/#primaryimage\"},\"thumbnailUrl\":\"https:\\\/\\\/drive.google.com\\\/thumbnail?id=1zd_3yYRf_mimXaRI-DW0ldoIc86BZGEH&sz=w2048\",\"datePublished\":\"2025-11-05T11:10:39+00:00\",\"dateModified\":\"2025-11-05T11:17:24+00:00\",\"breadcrumb\":{\"@id\":\"https:\\\/\\\/informelitoral.com.ar\\\/aporte-de-los-actores-de-la-cadena-del-maiz-al-diagnostico-sanitario-en-entre-rios\\\/#breadcrumb\"},\"inLanguage\":\"es\",\"potentialAction\":[{\"@type\":\"ReadAction\",\"target\":[\"https:\\\/\\\/informelitoral.com.ar\\\/aporte-de-los-actores-de-la-cadena-del-maiz-al-diagnostico-sanitario-en-entre-rios\\\/\"]}]},{\"@type\":\"ImageObject\",\"inLanguage\":\"es\",\"@id\":\"https:\\\/\\\/informelitoral.com.ar\\\/aporte-de-los-actores-de-la-cadena-del-maiz-al-diagnostico-sanitario-en-entre-rios\\\/#primaryimage\",\"url\":\"https:\\\/\\\/drive.google.com\\\/thumbnail?id=1zd_3yYRf_mimXaRI-DW0ldoIc86BZGEH&sz=w2048\",\"contentUrl\":\"https:\\\/\\\/drive.google.com\\\/thumbnail?id=1zd_3yYRf_mimXaRI-DW0ldoIc86BZGEH&sz=w2048\",\"width\":1600,\"height\":1200},{\"@type\":\"BreadcrumbList\",\"@id\":\"https:\\\/\\\/informelitoral.com.ar\\\/aporte-de-los-actores-de-la-cadena-del-maiz-al-diagnostico-sanitario-en-entre-rios\\\/#breadcrumb\",\"itemListElement\":[{\"@type\":\"ListItem\",\"position\":1,\"name\":\"Portada\",\"item\":\"https:\\\/\\\/informelitoral.com.ar\\\/\"},{\"@type\":\"ListItem\",\"position\":2,\"name\":\"Aporte de los actores de la cadena del ma\u00edz al diagn\u00f3stico sanitario en Entre R\u00edos\"}]},{\"@type\":\"WebSite\",\"@id\":\"https:\\\/\\\/informelitoral.com.ar\\\/#website\",\"url\":\"https:\\\/\\\/informelitoral.com.ar\\\/\",\"name\":\"Informe Litoral\",\"description\":\"&quot;Nos informamos&quot; \",\"publisher\":{\"@id\":\"https:\\\/\\\/informelitoral.com.ar\\\/#organization\"},\"potentialAction\":[{\"@type\":\"SearchAction\",\"target\":{\"@type\":\"EntryPoint\",\"urlTemplate\":\"https:\\\/\\\/informelitoral.com.ar\\\/?s={search_term_string}\"},\"query-input\":{\"@type\":\"PropertyValueSpecification\",\"valueRequired\":true,\"valueName\":\"search_term_string\"}}],\"inLanguage\":\"es\"},{\"@type\":\"Organization\",\"@id\":\"https:\\\/\\\/informelitoral.com.ar\\\/#organization\",\"name\":\"Informe Litoral\",\"url\":\"https:\\\/\\\/informelitoral.com.ar\\\/\",\"logo\":{\"@type\":\"ImageObject\",\"inLanguage\":\"es\",\"@id\":\"https:\\\/\\\/informelitoral.com.ar\\\/#\\\/schema\\\/logo\\\/image\\\/\",\"url\":\"https:\\\/\\\/informelitoral.com.ar\\\/%77%70%2d%63%6f%6e%74%65%6e%74\\\/uploads\\\/2021\\\/01\\\/circulo.png\",\"contentUrl\":\"https:\\\/\\\/informelitoral.com.ar\\\/%77%70%2d%63%6f%6e%74%65%6e%74\\\/uploads\\\/2021\\\/01\\\/circulo.png\",\"width\":723,\"height\":731,\"caption\":\"Informe Litoral\"},\"image\":{\"@id\":\"https:\\\/\\\/informelitoral.com.ar\\\/#\\\/schema\\\/logo\\\/image\\\/\"},\"sameAs\":[\"https:\\\/\\\/www.facebook.com\\\/informelitoral\\\/\",\"https:\\\/\\\/x.com\\\/InformeLitoral\",\"https:\\\/\\\/www.instagram.com\\\/informelitoral\\\/\",\"https:\\\/\\\/www.youtube.com\\\/channel\\\/UCua4Qvz8Icb6MYqhoq9xLXw\"]},{\"@type\":\"Person\",\"@id\":\"https:\\\/\\\/informelitoral.com.ar\\\/#\\\/schema\\\/person\\\/f05f9f461677119578717524b127d6d5\",\"name\":\"Sebastian\",\"image\":{\"@type\":\"ImageObject\",\"inLanguage\":\"es\",\"@id\":\"https:\\\/\\\/secure.gravatar.com\\\/avatar\\\/b71bf7481d447dfb9583c7f2798e7cc64de6efb9067b74633ed8c31059a3bd82?s=96&d=mm&r=g\",\"url\":\"https:\\\/\\\/secure.gravatar.com\\\/avatar\\\/b71bf7481d447dfb9583c7f2798e7cc64de6efb9067b74633ed8c31059a3bd82?s=96&d=mm&r=g\",\"contentUrl\":\"https:\\\/\\\/secure.gravatar.com\\\/avatar\\\/b71bf7481d447dfb9583c7f2798e7cc64de6efb9067b74633ed8c31059a3bd82?s=96&d=mm&r=g\",\"caption\":\"Sebastian\"},\"url\":\"https:\\\/\\\/informelitoral.com.ar\\\/author\\\/sebastian\\\/\"}]}<\/script>","yoast_head_json":{"title":"Aporte de los actores de la cadena del ma\u00edz al diagn\u00f3stico sanitario en Entre R\u00edos - Informe Litoral","robots":{"index":"index","follow":"follow","max-snippet":"max-snippet:-1","max-image-preview":"max-image-preview:large","max-video-preview":"max-video-preview:-1"},"canonical":"https:\/\/informelitoral.com.ar\/aporte-de-los-actores-de-la-cadena-del-maiz-al-diagnostico-sanitario-en-entre-rios\/","og_locale":"es_ES","og_type":"article","og_title":"Aporte de los actores de la cadena del ma\u00edz al diagn\u00f3stico sanitario en Entre R\u00edos - Informe Litoral","og_description":"Empresas y organizaciones de la cadena del ma\u00edz realizaron aportes para la compra de equipamiento e insumos destinados a un laboratorio de diagn\u00f3stico de pat\u00f3genos asociados al achaparramiento del ma\u00edz en el INTA Paran\u00e1. La iniciativa fue canalizada a trav\u00e9s de la Mesa de Buenas Pr\u00e1cticas y gestionada por la Bolsa de Cereales de Entre R\u00edos","og_url":"https:\/\/informelitoral.com.ar\/aporte-de-los-actores-de-la-cadena-del-maiz-al-diagnostico-sanitario-en-entre-rios\/","og_site_name":"Informe Litoral","article_publisher":"https:\/\/www.facebook.com\/informelitoral\/","article_published_time":"2025-11-05T11:10:39+00:00","article_modified_time":"2025-11-05T11:17:24+00:00","og_image":[{"width":1600,"height":1200,"url":"https:\/\/drive.google.com\/thumbnail?id=1zd_3yYRf_mimXaRI-DW0ldoIc86BZGEH&sz=w2048","type":"image\/jpeg"}],"author":"Sebastian","twitter_card":"summary_large_image","twitter_creator":"@InformeLitoral","twitter_site":"@InformeLitoral","twitter_misc":{"Escrito por":"Sebastian","Tiempo de lectura":"3 minutos"},"schema":{"@context":"https:\/\/schema.org","@graph":[{"@type":"Article","@id":"https:\/\/informelitoral.com.ar\/aporte-de-los-actores-de-la-cadena-del-maiz-al-diagnostico-sanitario-en-entre-rios\/#article","isPartOf":{"@id":"https:\/\/informelitoral.com.ar\/aporte-de-los-actores-de-la-cadena-del-maiz-al-diagnostico-sanitario-en-entre-rios\/"},"author":{"name":"Sebastian","@id":"https:\/\/informelitoral.com.ar\/#\/schema\/person\/f05f9f461677119578717524b127d6d5"},"headline":"Aporte de los actores de la cadena del ma\u00edz al diagn\u00f3stico sanitario en Entre R\u00edos","datePublished":"2025-11-05T11:10:39+00:00","dateModified":"2025-11-05T11:17:24+00:00","mainEntityOfPage":{"@id":"https:\/\/informelitoral.com.ar\/aporte-de-los-actores-de-la-cadena-del-maiz-al-diagnostico-sanitario-en-entre-rios\/"},"wordCount":467,"commentCount":0,"publisher":{"@id":"https:\/\/informelitoral.com.ar\/#organization"},"image":{"@id":"https:\/\/informelitoral.com.ar\/aporte-de-los-actores-de-la-cadena-del-maiz-al-diagnostico-sanitario-en-entre-rios\/#primaryimage"},"thumbnailUrl":"https:\/\/drive.google.com\/thumbnail?id=1zd_3yYRf_mimXaRI-DW0ldoIc86BZGEH&sz=w2048","keywords":["Bolsa de Cereales de Entre R\u00edos","INTA","Paran\u00e1","Spiroplasma"],"articleSection":["Campo"],"inLanguage":"es","potentialAction":[{"@type":"CommentAction","name":"Comment","target":["https:\/\/informelitoral.com.ar\/aporte-de-los-actores-de-la-cadena-del-maiz-al-diagnostico-sanitario-en-entre-rios\/#respond"]}]},{"@type":"WebPage","@id":"https:\/\/informelitoral.com.ar\/aporte-de-los-actores-de-la-cadena-del-maiz-al-diagnostico-sanitario-en-entre-rios\/","url":"https:\/\/informelitoral.com.ar\/aporte-de-los-actores-de-la-cadena-del-maiz-al-diagnostico-sanitario-en-entre-rios\/","name":"Aporte de los actores de la cadena del ma\u00edz al diagn\u00f3stico sanitario en Entre R\u00edos - Informe Litoral","isPartOf":{"@id":"https:\/\/informelitoral.com.ar\/#website"},"primaryImageOfPage":{"@id":"https:\/\/informelitoral.com.ar\/aporte-de-los-actores-de-la-cadena-del-maiz-al-diagnostico-sanitario-en-entre-rios\/#primaryimage"},"image":{"@id":"https:\/\/informelitoral.com.ar\/aporte-de-los-actores-de-la-cadena-del-maiz-al-diagnostico-sanitario-en-entre-rios\/#primaryimage"},"thumbnailUrl":"https:\/\/drive.google.com\/thumbnail?id=1zd_3yYRf_mimXaRI-DW0ldoIc86BZGEH&sz=w2048","datePublished":"2025-11-05T11:10:39+00:00","dateModified":"2025-11-05T11:17:24+00:00","breadcrumb":{"@id":"https:\/\/informelitoral.com.ar\/aporte-de-los-actores-de-la-cadena-del-maiz-al-diagnostico-sanitario-en-entre-rios\/#breadcrumb"},"inLanguage":"es","potentialAction":[{"@type":"ReadAction","target":["https:\/\/informelitoral.com.ar\/aporte-de-los-actores-de-la-cadena-del-maiz-al-diagnostico-sanitario-en-entre-rios\/"]}]},{"@type":"ImageObject","inLanguage":"es","@id":"https:\/\/informelitoral.com.ar\/aporte-de-los-actores-de-la-cadena-del-maiz-al-diagnostico-sanitario-en-entre-rios\/#primaryimage","url":"https:\/\/drive.google.com\/thumbnail?id=1zd_3yYRf_mimXaRI-DW0ldoIc86BZGEH&sz=w2048","contentUrl":"https:\/\/drive.google.com\/thumbnail?id=1zd_3yYRf_mimXaRI-DW0ldoIc86BZGEH&sz=w2048","width":1600,"height":1200},{"@type":"BreadcrumbList","@id":"https:\/\/informelitoral.com.ar\/aporte-de-los-actores-de-la-cadena-del-maiz-al-diagnostico-sanitario-en-entre-rios\/#breadcrumb","itemListElement":[{"@type":"ListItem","position":1,"name":"Portada","item":"https:\/\/informelitoral.com.ar\/"},{"@type":"ListItem","position":2,"name":"Aporte de los actores de la cadena del ma\u00edz al diagn\u00f3stico sanitario en Entre R\u00edos"}]},{"@type":"WebSite","@id":"https:\/\/informelitoral.com.ar\/#website","url":"https:\/\/informelitoral.com.ar\/","name":"Informe Litoral","description":"&quot;Nos informamos&quot; ","publisher":{"@id":"https:\/\/informelitoral.com.ar\/#organization"},"potentialAction":[{"@type":"SearchAction","target":{"@type":"EntryPoint","urlTemplate":"https:\/\/informelitoral.com.ar\/?s={search_term_string}"},"query-input":{"@type":"PropertyValueSpecification","valueRequired":true,"valueName":"search_term_string"}}],"inLanguage":"es"},{"@type":"Organization","@id":"https:\/\/informelitoral.com.ar\/#organization","name":"Informe Litoral","url":"https:\/\/informelitoral.com.ar\/","logo":{"@type":"ImageObject","inLanguage":"es","@id":"https:\/\/informelitoral.com.ar\/#\/schema\/logo\/image\/","url":"https:\/\/informelitoral.com.ar\/%77%70%2d%63%6f%6e%74%65%6e%74\/uploads\/2021\/01\/circulo.png","contentUrl":"https:\/\/informelitoral.com.ar\/%77%70%2d%63%6f%6e%74%65%6e%74\/uploads\/2021\/01\/circulo.png","width":723,"height":731,"caption":"Informe Litoral"},"image":{"@id":"https:\/\/informelitoral.com.ar\/#\/schema\/logo\/image\/"},"sameAs":["https:\/\/www.facebook.com\/informelitoral\/","https:\/\/x.com\/InformeLitoral","https:\/\/www.instagram.com\/informelitoral\/","https:\/\/www.youtube.com\/channel\/UCua4Qvz8Icb6MYqhoq9xLXw"]},{"@type":"Person","@id":"https:\/\/informelitoral.com.ar\/#\/schema\/person\/f05f9f461677119578717524b127d6d5","name":"Sebastian","image":{"@type":"ImageObject","inLanguage":"es","@id":"https:\/\/secure.gravatar.com\/avatar\/b71bf7481d447dfb9583c7f2798e7cc64de6efb9067b74633ed8c31059a3bd82?s=96&d=mm&r=g","url":"https:\/\/secure.gravatar.com\/avatar\/b71bf7481d447dfb9583c7f2798e7cc64de6efb9067b74633ed8c31059a3bd82?s=96&d=mm&r=g","contentUrl":"https:\/\/secure.gravatar.com\/avatar\/b71bf7481d447dfb9583c7f2798e7cc64de6efb9067b74633ed8c31059a3bd82?s=96&d=mm&r=g","caption":"Sebastian"},"url":"https:\/\/informelitoral.com.ar\/author\/sebastian\/"}]}},"_links":{"self":[{"href":"https:\/\/informelitoral.com.ar\/%77%70%2d%6a%73%6f%6e\/wp\/v2\/posts\/239351","targetHints":{"allow":["GET"]}}],"collection":[{"href":"https:\/\/informelitoral.com.ar\/%77%70%2d%6a%73%6f%6e\/wp\/v2\/posts"}],"about":[{"href":"https:\/\/informelitoral.com.ar\/%77%70%2d%6a%73%6f%6e\/wp\/v2\/types\/post"}],"author":[{"embeddable":true,"href":"https:\/\/informelitoral.com.ar\/%77%70%2d%6a%73%6f%6e\/wp\/v2\/users\/8"}],"replies":[{"embeddable":true,"href":"https:\/\/informelitoral.com.ar\/%77%70%2d%6a%73%6f%6e\/wp\/v2\/comments?post=239351"}],"version-history":[{"count":3,"href":"https:\/\/informelitoral.com.ar\/%77%70%2d%6a%73%6f%6e\/wp\/v2\/posts\/239351\/revisions"}],"predecessor-version":[{"id":239355,"href":"https:\/\/informelitoral.com.ar\/%77%70%2d%6a%73%6f%6e\/wp\/v2\/posts\/239351\/revisions\/239355"}],"wp:featuredmedia":[{"embeddable":true,"href":"https:\/\/informelitoral.com.ar\/%77%70%2d%6a%73%6f%6e\/wp\/v2\/media\/239352"}],"wp:attachment":[{"href":"https:\/\/informelitoral.com.ar\/%77%70%2d%6a%73%6f%6e\/wp\/v2\/media?parent=239351"}],"wp:term":[{"taxonomy":"category","embeddable":true,"href":"https:\/\/informelitoral.com.ar\/%77%70%2d%6a%73%6f%6e\/wp\/v2\/categories?post=239351"},{"taxonomy":"post_tag","embeddable":true,"href":"https:\/\/informelitoral.com.ar\/%77%70%2d%6a%73%6f%6e\/wp\/v2\/tags?post=239351"}],"curies":[{"name":"wp","href":"https:\/\/api.w.org\/{rel}","templated":true}]}}