{"id":239343,"date":"2025-11-05T07:33:55","date_gmt":"2025-11-05T10:33:55","guid":{"rendered":"https:\/\/informelitoral.com.ar\/?p=239343"},"modified":"2025-11-05T07:33:55","modified_gmt":"2025-11-05T10:33:55","slug":"comenzo-la-ultima-etapa-del-plan-de-facilidades-de-pago-de-ater","status":"publish","type":"post","link":"https:\/\/informelitoral.com.ar\/comenzo-la-ultima-etapa-del-plan-de-facilidades-de-pago-de-ater\/","title":{"rendered":"Comenz\u00f3 la \u00faltima etapa del Plan de Facilidades de Pago de ATER"},"content":{"rendered":"<p>Esta iniciativa es impulsada por el Gobierno de Entre R\u00edos para acompa\u00f1ar, aliviar y facilitar el cumplimiento de las obligaciones tributarias.<\/p>\n<p>La adhesi\u00f3n a este tramo final estar\u00e1 vigente \u00fanicamente hasta el 30 de noviembre de 2025, fecha en la que caducan todos los beneficios del plan.<\/p>\n<p>Este r\u00e9gimen especial permite regularizar obligaciones adeudadas de todos los tributos provinciales, cuyos vencimientos hubieran operado hasta el 30 de junio de 2025.<\/p>\n<h2><strong>Etapa 3: Beneficios vigentes del 1\u00b0 al 30 de noviembre de 2025<\/strong><\/h2>\n<p>El Plan ofrece la posibilidad de regularizar deudas con las siguientes opciones de pago y condonaciones:<\/p>\n<p>-Contado: 60 por ciento de condonaci\u00f3n de multas y 60 por ciento de intereses.<\/p>\n<p>-Tres Cuotas: 40 por ciento de condonaci\u00f3n en multas y 50 por ciento en intereses. Anticipo: 20 por ciento.<\/p>\n<p>-Cinco Cuotas: 20 por ciento de condonaci\u00f3n en multas y 30 por ciento en intereses. Anticipo: 25 por ciento.<\/p>\n<h2><strong>Requisitos<\/strong><\/h2>\n<p>Para acceder a los beneficios del Plan, los contribuyentes deber\u00e1n:<\/p>\n<p>-Estar adheridos a la Boleta Digital.<\/p>\n<p>-Haber cancelado las obligaciones con vencimiento posterior al 30 de junio de 2025 correspondiente a los imponibles que pretenden regularizar.<\/p>\n<p>La modalidad general de acogimiento es v\u00eda web, ingresando con Clave Fiscal a trav\u00e9s del sitio oficial de ARCA, secci\u00f3n Servicios de ATER.<\/p>\n<h2><strong>\u00daltima oportunidad<\/strong><\/h2>\n<p>En este marco, desde ATER destacaron que \u00abeste plan es una herramienta pr\u00e1ctica y accesible que el Gobierno de Entre R\u00edos ha puesto a disposici\u00f3n de los contribuyentes. En las primeras etapas hubo un alto grado de adhesi\u00f3n, posibilitando al Estado un significativo recupero de deuda, confirm\u00e1ndose esta tendencia en las consultas recibidas al iniciar esta instancia final\u00bb.<\/p>\n<p>Por su parte, la directora de Relaci\u00f3n con el Contribuyente de ATER, Mar\u00eda Liz Rodr\u00edguez Ar\u00e9stico, enfatiz\u00f3 la conveniencia de acogerse sin demora: \u00abSi bien los mayores beneficios se aplicaron en la primera etapa, los porcentajes de condonaci\u00f3n de multas e intereses en noviembre siguen siendo muy ventajosos. Es fundamental no esperar a \u00faltimo momento para aprovechar estas condiciones especiales\u00bb, advirti\u00f3.<\/p>\n<h2><strong>V\u00edas de contacto<\/strong><\/h2>\n<p>Para consultas y asistencia personalizada, ATER ofrece sus canales habituales de atenci\u00f3n:<\/p>\n<p>-Tel\u00e9fono: 0810-888-2837 de lunes a viernes de 8 a 13.<\/p>\n<p>-Correo electr\u00f3nico:\u00a0<a href=\"mailto:consultas@ater.gob.ar\">consultas@ater.gob.ar<\/a><\/p>\n<p>-Sitio web oficial:\u00a0<a href=\"http:\/\/www.ater.gob.ar\/\">www.ater.gob.ar<\/a>, disponible las 24 horas.<\/p>\n<p>-Atenci\u00f3n presencial: En las oficinas y receptor\u00edas de ATER en toda la provincia.<\/p>\n","protected":false},"excerpt":{"rendered":"<p>La Administradora Tributaria de Entre R\u00edos (ATER) recuerda a los contribuyentes que, a partir del 1\u00b0 de noviembre, rige la tercera y \u00faltima etapa del Plan Especial de Facilidades de Pago 2025. <\/p>\n","protected":false},"author":8,"featured_media":68358,"comment_status":"open","ping_status":"open","sticky":false,"template":"","format":"standard","meta":{"fifu_image_url":"","fifu_image_alt":"","footnotes":""},"categories":[1594],"tags":[591,1130],"class_list":{"0":"post-239343","1":"post","2":"type-post","3":"status-publish","4":"format-standard","5":"has-post-thumbnail","7":"category-economia","8":"tag-ater","9":"tag-pagos"},"yoast_head":"<title>Comenz\u00f3 la \u00faltima etapa del Plan de Facilidades de Pago de ATER - Informe Litoral<\/title>\n<meta name=\"robots\" content=\"index, follow, max-snippet:-1, max-image-preview:large, max-video-preview:-1\" \/>\n<link rel=\"canonical\" href=\"https:\/\/informelitoral.com.ar\/comenzo-la-ultima-etapa-del-plan-de-facilidades-de-pago-de-ater\/\" \/>\n<meta property=\"og:locale\" content=\"es_ES\" \/>\n<meta property=\"og:type\" content=\"article\" \/>\n<meta property=\"og:title\" content=\"Comenz\u00f3 la \u00faltima etapa del Plan de Facilidades de Pago de ATER - Informe Litoral\" \/>\n<meta property=\"og:description\" content=\"La Administradora Tributaria de Entre R\u00edos (ATER) recuerda a los contribuyentes que, a partir del 1\u00b0 de noviembre, rige la tercera y \u00faltima etapa del Plan Especial de Facilidades de Pago 2025.\" \/>\n<meta property=\"og:url\" content=\"https:\/\/informelitoral.com.ar\/comenzo-la-ultima-etapa-del-plan-de-facilidades-de-pago-de-ater\/\" \/>\n<meta property=\"og:site_name\" content=\"Informe Litoral\" \/>\n<meta property=\"article:publisher\" content=\"https:\/\/www.facebook.com\/informelitoral\/\" \/>\n<meta property=\"article:published_time\" content=\"2025-11-05T10:33:55+00:00\" \/>\n<meta property=\"og:image\" content=\"https:\/\/informelitoral.com.ar\/%77%70%2d%63%6f%6e%74%65%6e%74\/uploads\/2021\/12\/ater.jpg\" \/>\n\t<meta property=\"og:image:width\" content=\"1920\" \/>\n\t<meta property=\"og:image:height\" content=\"800\" \/>\n\t<meta property=\"og:image:type\" content=\"image\/jpeg\" \/>\n<meta name=\"author\" content=\"Sebastian\" \/>\n<meta name=\"twitter:card\" content=\"summary_large_image\" \/>\n<meta name=\"twitter:creator\" content=\"@InformeLitoral\" \/>\n<meta name=\"twitter:site\" content=\"@InformeLitoral\" \/>\n<meta name=\"twitter:label1\" content=\"Escrito por\" \/>\n\t<meta name=\"twitter:data1\" content=\"Sebastian\" \/>\n\t<meta name=\"twitter:label2\" content=\"Tiempo de lectura\" \/>\n\t<meta name=\"twitter:data2\" content=\"2 minutos\" \/>\n<script type=\"application\/ld+json\" class=\"yoast-schema-graph\">{\"@context\":\"https:\\\/\\\/schema.org\",\"@graph\":[{\"@type\":\"Article\",\"@id\":\"https:\\\/\\\/informelitoral.com.ar\\\/comenzo-la-ultima-etapa-del-plan-de-facilidades-de-pago-de-ater\\\/#article\",\"isPartOf\":{\"@id\":\"https:\\\/\\\/informelitoral.com.ar\\\/comenzo-la-ultima-etapa-del-plan-de-facilidades-de-pago-de-ater\\\/\"},\"author\":{\"name\":\"Sebastian\",\"@id\":\"https:\\\/\\\/informelitoral.com.ar\\\/#\\\/schema\\\/person\\\/f05f9f461677119578717524b127d6d5\"},\"headline\":\"Comenz\u00f3 la \u00faltima etapa del Plan de Facilidades de Pago de ATER\",\"datePublished\":\"2025-11-05T10:33:55+00:00\",\"mainEntityOfPage\":{\"@id\":\"https:\\\/\\\/informelitoral.com.ar\\\/comenzo-la-ultima-etapa-del-plan-de-facilidades-de-pago-de-ater\\\/\"},\"wordCount\":405,\"commentCount\":0,\"publisher\":{\"@id\":\"https:\\\/\\\/informelitoral.com.ar\\\/#organization\"},\"image\":{\"@id\":\"https:\\\/\\\/informelitoral.com.ar\\\/comenzo-la-ultima-etapa-del-plan-de-facilidades-de-pago-de-ater\\\/#primaryimage\"},\"thumbnailUrl\":\"https:\\\/\\\/informelitoral.com.ar\\\/%77%70%2d%63%6f%6e%74%65%6e%74\\\/uploads\\\/2021\\\/12\\\/ater.jpg\",\"keywords\":[\"ATER\",\"Pagos\"],\"articleSection\":[\"Econom\u00eda\"],\"inLanguage\":\"es\",\"potentialAction\":[{\"@type\":\"CommentAction\",\"name\":\"Comment\",\"target\":[\"https:\\\/\\\/informelitoral.com.ar\\\/comenzo-la-ultima-etapa-del-plan-de-facilidades-de-pago-de-ater\\\/#respond\"]}]},{\"@type\":\"WebPage\",\"@id\":\"https:\\\/\\\/informelitoral.com.ar\\\/comenzo-la-ultima-etapa-del-plan-de-facilidades-de-pago-de-ater\\\/\",\"url\":\"https:\\\/\\\/informelitoral.com.ar\\\/comenzo-la-ultima-etapa-del-plan-de-facilidades-de-pago-de-ater\\\/\",\"name\":\"Comenz\u00f3 la \u00faltima etapa del Plan de Facilidades de Pago de ATER - Informe Litoral\",\"isPartOf\":{\"@id\":\"https:\\\/\\\/informelitoral.com.ar\\\/#website\"},\"primaryImageOfPage\":{\"@id\":\"https:\\\/\\\/informelitoral.com.ar\\\/comenzo-la-ultima-etapa-del-plan-de-facilidades-de-pago-de-ater\\\/#primaryimage\"},\"image\":{\"@id\":\"https:\\\/\\\/informelitoral.com.ar\\\/comenzo-la-ultima-etapa-del-plan-de-facilidades-de-pago-de-ater\\\/#primaryimage\"},\"thumbnailUrl\":\"https:\\\/\\\/informelitoral.com.ar\\\/%77%70%2d%63%6f%6e%74%65%6e%74\\\/uploads\\\/2021\\\/12\\\/ater.jpg\",\"datePublished\":\"2025-11-05T10:33:55+00:00\",\"breadcrumb\":{\"@id\":\"https:\\\/\\\/informelitoral.com.ar\\\/comenzo-la-ultima-etapa-del-plan-de-facilidades-de-pago-de-ater\\\/#breadcrumb\"},\"inLanguage\":\"es\",\"potentialAction\":[{\"@type\":\"ReadAction\",\"target\":[\"https:\\\/\\\/informelitoral.com.ar\\\/comenzo-la-ultima-etapa-del-plan-de-facilidades-de-pago-de-ater\\\/\"]}]},{\"@type\":\"ImageObject\",\"inLanguage\":\"es\",\"@id\":\"https:\\\/\\\/informelitoral.com.ar\\\/comenzo-la-ultima-etapa-del-plan-de-facilidades-de-pago-de-ater\\\/#primaryimage\",\"url\":\"https:\\\/\\\/informelitoral.com.ar\\\/%77%70%2d%63%6f%6e%74%65%6e%74\\\/uploads\\\/2021\\\/12\\\/ater.jpg\",\"contentUrl\":\"https:\\\/\\\/informelitoral.com.ar\\\/%77%70%2d%63%6f%6e%74%65%6e%74\\\/uploads\\\/2021\\\/12\\\/ater.jpg\",\"width\":1920,\"height\":800},{\"@type\":\"BreadcrumbList\",\"@id\":\"https:\\\/\\\/informelitoral.com.ar\\\/comenzo-la-ultima-etapa-del-plan-de-facilidades-de-pago-de-ater\\\/#breadcrumb\",\"itemListElement\":[{\"@type\":\"ListItem\",\"position\":1,\"name\":\"Portada\",\"item\":\"https:\\\/\\\/informelitoral.com.ar\\\/\"},{\"@type\":\"ListItem\",\"position\":2,\"name\":\"Comenz\u00f3 la \u00faltima etapa del Plan de Facilidades de Pago de ATER\"}]},{\"@type\":\"WebSite\",\"@id\":\"https:\\\/\\\/informelitoral.com.ar\\\/#website\",\"url\":\"https:\\\/\\\/informelitoral.com.ar\\\/\",\"name\":\"Informe Litoral\",\"description\":\"&quot;Nos informamos&quot; \",\"publisher\":{\"@id\":\"https:\\\/\\\/informelitoral.com.ar\\\/#organization\"},\"potentialAction\":[{\"@type\":\"SearchAction\",\"target\":{\"@type\":\"EntryPoint\",\"urlTemplate\":\"https:\\\/\\\/informelitoral.com.ar\\\/?s={search_term_string}\"},\"query-input\":{\"@type\":\"PropertyValueSpecification\",\"valueRequired\":true,\"valueName\":\"search_term_string\"}}],\"inLanguage\":\"es\"},{\"@type\":\"Organization\",\"@id\":\"https:\\\/\\\/informelitoral.com.ar\\\/#organization\",\"name\":\"Informe Litoral\",\"url\":\"https:\\\/\\\/informelitoral.com.ar\\\/\",\"logo\":{\"@type\":\"ImageObject\",\"inLanguage\":\"es\",\"@id\":\"https:\\\/\\\/informelitoral.com.ar\\\/#\\\/schema\\\/logo\\\/image\\\/\",\"url\":\"https:\\\/\\\/informelitoral.com.ar\\\/%77%70%2d%63%6f%6e%74%65%6e%74\\\/uploads\\\/2021\\\/01\\\/circulo.png\",\"contentUrl\":\"https:\\\/\\\/informelitoral.com.ar\\\/%77%70%2d%63%6f%6e%74%65%6e%74\\\/uploads\\\/2021\\\/01\\\/circulo.png\",\"width\":723,\"height\":731,\"caption\":\"Informe Litoral\"},\"image\":{\"@id\":\"https:\\\/\\\/informelitoral.com.ar\\\/#\\\/schema\\\/logo\\\/image\\\/\"},\"sameAs\":[\"https:\\\/\\\/www.facebook.com\\\/informelitoral\\\/\",\"https:\\\/\\\/x.com\\\/InformeLitoral\",\"https:\\\/\\\/www.instagram.com\\\/informelitoral\\\/\",\"https:\\\/\\\/www.youtube.com\\\/channel\\\/UCua4Qvz8Icb6MYqhoq9xLXw\"]},{\"@type\":\"Person\",\"@id\":\"https:\\\/\\\/informelitoral.com.ar\\\/#\\\/schema\\\/person\\\/f05f9f461677119578717524b127d6d5\",\"name\":\"Sebastian\",\"image\":{\"@type\":\"ImageObject\",\"inLanguage\":\"es\",\"@id\":\"https:\\\/\\\/secure.gravatar.com\\\/avatar\\\/b71bf7481d447dfb9583c7f2798e7cc64de6efb9067b74633ed8c31059a3bd82?s=96&d=mm&r=g\",\"url\":\"https:\\\/\\\/secure.gravatar.com\\\/avatar\\\/b71bf7481d447dfb9583c7f2798e7cc64de6efb9067b74633ed8c31059a3bd82?s=96&d=mm&r=g\",\"contentUrl\":\"https:\\\/\\\/secure.gravatar.com\\\/avatar\\\/b71bf7481d447dfb9583c7f2798e7cc64de6efb9067b74633ed8c31059a3bd82?s=96&d=mm&r=g\",\"caption\":\"Sebastian\"},\"url\":\"https:\\\/\\\/informelitoral.com.ar\\\/author\\\/sebastian\\\/\"}]}<\/script>","yoast_head_json":{"title":"Comenz\u00f3 la \u00faltima etapa del Plan de Facilidades de Pago de ATER - Informe Litoral","robots":{"index":"index","follow":"follow","max-snippet":"max-snippet:-1","max-image-preview":"max-image-preview:large","max-video-preview":"max-video-preview:-1"},"canonical":"https:\/\/informelitoral.com.ar\/comenzo-la-ultima-etapa-del-plan-de-facilidades-de-pago-de-ater\/","og_locale":"es_ES","og_type":"article","og_title":"Comenz\u00f3 la \u00faltima etapa del Plan de Facilidades de Pago de ATER - Informe Litoral","og_description":"La Administradora Tributaria de Entre R\u00edos (ATER) recuerda a los contribuyentes que, a partir del 1\u00b0 de noviembre, rige la tercera y \u00faltima etapa del Plan Especial de Facilidades de Pago 2025.","og_url":"https:\/\/informelitoral.com.ar\/comenzo-la-ultima-etapa-del-plan-de-facilidades-de-pago-de-ater\/","og_site_name":"Informe Litoral","article_publisher":"https:\/\/www.facebook.com\/informelitoral\/","article_published_time":"2025-11-05T10:33:55+00:00","og_image":[{"width":1920,"height":800,"url":"https:\/\/informelitoral.com.ar\/%77%70%2d%63%6f%6e%74%65%6e%74\/uploads\/2021\/12\/ater.jpg","type":"image\/jpeg"}],"author":"Sebastian","twitter_card":"summary_large_image","twitter_creator":"@InformeLitoral","twitter_site":"@InformeLitoral","twitter_misc":{"Escrito por":"Sebastian","Tiempo de lectura":"2 minutos"},"schema":{"@context":"https:\/\/schema.org","@graph":[{"@type":"Article","@id":"https:\/\/informelitoral.com.ar\/comenzo-la-ultima-etapa-del-plan-de-facilidades-de-pago-de-ater\/#article","isPartOf":{"@id":"https:\/\/informelitoral.com.ar\/comenzo-la-ultima-etapa-del-plan-de-facilidades-de-pago-de-ater\/"},"author":{"name":"Sebastian","@id":"https:\/\/informelitoral.com.ar\/#\/schema\/person\/f05f9f461677119578717524b127d6d5"},"headline":"Comenz\u00f3 la \u00faltima etapa del Plan de Facilidades de Pago de ATER","datePublished":"2025-11-05T10:33:55+00:00","mainEntityOfPage":{"@id":"https:\/\/informelitoral.com.ar\/comenzo-la-ultima-etapa-del-plan-de-facilidades-de-pago-de-ater\/"},"wordCount":405,"commentCount":0,"publisher":{"@id":"https:\/\/informelitoral.com.ar\/#organization"},"image":{"@id":"https:\/\/informelitoral.com.ar\/comenzo-la-ultima-etapa-del-plan-de-facilidades-de-pago-de-ater\/#primaryimage"},"thumbnailUrl":"https:\/\/informelitoral.com.ar\/%77%70%2d%63%6f%6e%74%65%6e%74\/uploads\/2021\/12\/ater.jpg","keywords":["ATER","Pagos"],"articleSection":["Econom\u00eda"],"inLanguage":"es","potentialAction":[{"@type":"CommentAction","name":"Comment","target":["https:\/\/informelitoral.com.ar\/comenzo-la-ultima-etapa-del-plan-de-facilidades-de-pago-de-ater\/#respond"]}]},{"@type":"WebPage","@id":"https:\/\/informelitoral.com.ar\/comenzo-la-ultima-etapa-del-plan-de-facilidades-de-pago-de-ater\/","url":"https:\/\/informelitoral.com.ar\/comenzo-la-ultima-etapa-del-plan-de-facilidades-de-pago-de-ater\/","name":"Comenz\u00f3 la \u00faltima etapa del Plan de Facilidades de Pago de ATER - Informe Litoral","isPartOf":{"@id":"https:\/\/informelitoral.com.ar\/#website"},"primaryImageOfPage":{"@id":"https:\/\/informelitoral.com.ar\/comenzo-la-ultima-etapa-del-plan-de-facilidades-de-pago-de-ater\/#primaryimage"},"image":{"@id":"https:\/\/informelitoral.com.ar\/comenzo-la-ultima-etapa-del-plan-de-facilidades-de-pago-de-ater\/#primaryimage"},"thumbnailUrl":"https:\/\/informelitoral.com.ar\/%77%70%2d%63%6f%6e%74%65%6e%74\/uploads\/2021\/12\/ater.jpg","datePublished":"2025-11-05T10:33:55+00:00","breadcrumb":{"@id":"https:\/\/informelitoral.com.ar\/comenzo-la-ultima-etapa-del-plan-de-facilidades-de-pago-de-ater\/#breadcrumb"},"inLanguage":"es","potentialAction":[{"@type":"ReadAction","target":["https:\/\/informelitoral.com.ar\/comenzo-la-ultima-etapa-del-plan-de-facilidades-de-pago-de-ater\/"]}]},{"@type":"ImageObject","inLanguage":"es","@id":"https:\/\/informelitoral.com.ar\/comenzo-la-ultima-etapa-del-plan-de-facilidades-de-pago-de-ater\/#primaryimage","url":"https:\/\/informelitoral.com.ar\/%77%70%2d%63%6f%6e%74%65%6e%74\/uploads\/2021\/12\/ater.jpg","contentUrl":"https:\/\/informelitoral.com.ar\/%77%70%2d%63%6f%6e%74%65%6e%74\/uploads\/2021\/12\/ater.jpg","width":1920,"height":800},{"@type":"BreadcrumbList","@id":"https:\/\/informelitoral.com.ar\/comenzo-la-ultima-etapa-del-plan-de-facilidades-de-pago-de-ater\/#breadcrumb","itemListElement":[{"@type":"ListItem","position":1,"name":"Portada","item":"https:\/\/informelitoral.com.ar\/"},{"@type":"ListItem","position":2,"name":"Comenz\u00f3 la \u00faltima etapa del Plan de Facilidades de Pago de ATER"}]},{"@type":"WebSite","@id":"https:\/\/informelitoral.com.ar\/#website","url":"https:\/\/informelitoral.com.ar\/","name":"Informe Litoral","description":"&quot;Nos informamos&quot; ","publisher":{"@id":"https:\/\/informelitoral.com.ar\/#organization"},"potentialAction":[{"@type":"SearchAction","target":{"@type":"EntryPoint","urlTemplate":"https:\/\/informelitoral.com.ar\/?s={search_term_string}"},"query-input":{"@type":"PropertyValueSpecification","valueRequired":true,"valueName":"search_term_string"}}],"inLanguage":"es"},{"@type":"Organization","@id":"https:\/\/informelitoral.com.ar\/#organization","name":"Informe Litoral","url":"https:\/\/informelitoral.com.ar\/","logo":{"@type":"ImageObject","inLanguage":"es","@id":"https:\/\/informelitoral.com.ar\/#\/schema\/logo\/image\/","url":"https:\/\/informelitoral.com.ar\/%77%70%2d%63%6f%6e%74%65%6e%74\/uploads\/2021\/01\/circulo.png","contentUrl":"https:\/\/informelitoral.com.ar\/%77%70%2d%63%6f%6e%74%65%6e%74\/uploads\/2021\/01\/circulo.png","width":723,"height":731,"caption":"Informe Litoral"},"image":{"@id":"https:\/\/informelitoral.com.ar\/#\/schema\/logo\/image\/"},"sameAs":["https:\/\/www.facebook.com\/informelitoral\/","https:\/\/x.com\/InformeLitoral","https:\/\/www.instagram.com\/informelitoral\/","https:\/\/www.youtube.com\/channel\/UCua4Qvz8Icb6MYqhoq9xLXw"]},{"@type":"Person","@id":"https:\/\/informelitoral.com.ar\/#\/schema\/person\/f05f9f461677119578717524b127d6d5","name":"Sebastian","image":{"@type":"ImageObject","inLanguage":"es","@id":"https:\/\/secure.gravatar.com\/avatar\/b71bf7481d447dfb9583c7f2798e7cc64de6efb9067b74633ed8c31059a3bd82?s=96&d=mm&r=g","url":"https:\/\/secure.gravatar.com\/avatar\/b71bf7481d447dfb9583c7f2798e7cc64de6efb9067b74633ed8c31059a3bd82?s=96&d=mm&r=g","contentUrl":"https:\/\/secure.gravatar.com\/avatar\/b71bf7481d447dfb9583c7f2798e7cc64de6efb9067b74633ed8c31059a3bd82?s=96&d=mm&r=g","caption":"Sebastian"},"url":"https:\/\/informelitoral.com.ar\/author\/sebastian\/"}]}},"_links":{"self":[{"href":"https:\/\/informelitoral.com.ar\/%77%70%2d%6a%73%6f%6e\/wp\/v2\/posts\/239343","targetHints":{"allow":["GET"]}}],"collection":[{"href":"https:\/\/informelitoral.com.ar\/%77%70%2d%6a%73%6f%6e\/wp\/v2\/posts"}],"about":[{"href":"https:\/\/informelitoral.com.ar\/%77%70%2d%6a%73%6f%6e\/wp\/v2\/types\/post"}],"author":[{"embeddable":true,"href":"https:\/\/informelitoral.com.ar\/%77%70%2d%6a%73%6f%6e\/wp\/v2\/users\/8"}],"replies":[{"embeddable":true,"href":"https:\/\/informelitoral.com.ar\/%77%70%2d%6a%73%6f%6e\/wp\/v2\/comments?post=239343"}],"version-history":[{"count":1,"href":"https:\/\/informelitoral.com.ar\/%77%70%2d%6a%73%6f%6e\/wp\/v2\/posts\/239343\/revisions"}],"predecessor-version":[{"id":239344,"href":"https:\/\/informelitoral.com.ar\/%77%70%2d%6a%73%6f%6e\/wp\/v2\/posts\/239343\/revisions\/239344"}],"wp:featuredmedia":[{"embeddable":true,"href":"https:\/\/informelitoral.com.ar\/%77%70%2d%6a%73%6f%6e\/wp\/v2\/media\/68358"}],"wp:attachment":[{"href":"https:\/\/informelitoral.com.ar\/%77%70%2d%6a%73%6f%6e\/wp\/v2\/media?parent=239343"}],"wp:term":[{"taxonomy":"category","embeddable":true,"href":"https:\/\/informelitoral.com.ar\/%77%70%2d%6a%73%6f%6e\/wp\/v2\/categories?post=239343"},{"taxonomy":"post_tag","embeddable":true,"href":"https:\/\/informelitoral.com.ar\/%77%70%2d%6a%73%6f%6e\/wp\/v2\/tags?post=239343"}],"curies":[{"name":"wp","href":"https:\/\/api.w.org\/{rel}","templated":true}]}}