{"id":239327,"date":"2025-11-04T16:25:51","date_gmt":"2025-11-04T19:25:51","guid":{"rendered":"https:\/\/informelitoral.com.ar\/?p=239327"},"modified":"2025-11-04T21:07:58","modified_gmt":"2025-11-05T00:07:58","slug":"come-vos-yo-ya-estoy-llena-luck-ra-emociono-a-todos-en-masterchef-celebrity","status":"publish","type":"post","link":"https:\/\/informelitoral.com.ar\/come-vos-yo-ya-estoy-llena-luck-ra-emociono-a-todos-en-masterchef-celebrity\/","title":{"rendered":"\u00abCom\u00e9 vos, yo ya estoy llena\u00bb: Luck Ra emocion\u00f3 a todos en MasterChef Celebrity"},"content":{"rendered":"<p class=\"paragraph\" data-mrf-recirculation=\"Links inline\">La emoci\u00f3n marc\u00f3 la jornada de\u00a0<i><b>MasterChef Celebrity<\/b><\/i>\u00a0este lunes, cuando\u00a0<b>Luck Ra<\/b>\u00a0asumi\u00f3\u00a0el desaf\u00edo de reemplazar temporalmente\u00a0a\u00a0<b>La Joaqui<\/b>\u00a0y present\u00f3 un\u00a0<b>plato emotivo<\/b> que conmovi\u00f3 tanto al jurado como a la audiencia. El joven participante eligi\u00f3 rendir homenaje a las madres con una propuesta culinaria cargada de significado, generando uno de los momentos m\u00e1s sensibles de la temporada.<\/p>\n<p class=\"paragraph\" data-mrf-recirculation=\"Links inline\">La presencia de<b>\u00a0Luck Ra en el certamen respondi\u00f3 a la ausencia de su novia.<\/b>\u00a0En su debut, el artista llev\u00f3 a la mesa una\u00a0<b>milanesa a la napolitana con una guarnici\u00f3n de arroz y mayonesa<\/b>. La particularidad es que present\u00f3 dos platos, pero uno de ellos con una pieza m\u00e1s peque\u00f1a. Eligi\u00f3 titularlo\u00a0<b>\u201cCom\u00e9 vos, yo ya estoy llena\u201d<\/b>, una frase que encierra el sacrificio de su madre y cuyo trasfondo explic\u00f3 con palabras que impactaron en el estudio.<\/p>\n<p class=\"paragraph\" data-mrf-recirculation=\"Links inline\">Detall\u00f3 que la creaci\u00f3n constaba de dos platos, uno m\u00e1s lleno y otro m\u00e1s vac\u00edo, pero ambos impregnados de amor y con un link directo a una historia de esfuerzos y carencias. \u201c<b>Por ah\u00ed de ni\u00f1o uno no se da cuenta o tratan de no mostrarte alg\u00fan tipo de falta, porque un padre y una madre, lo dejan todo<\/b>\u201d, explic\u00f3 el artista. De all\u00ed que su propuesta busc\u00f3 reflejar ese esfuerzo y la entrega incondicional de las madres, afirmando que \u201clo que te llena el est\u00f3mago y el alma es el amor\u201d.<\/p>\n<div class=\"visual__image\">\n<picture><source srcset=\"https:\/\/www.infobae.com\/resizer\/v2\/D4TLR3U3ZRDTFMIUECBBH5HHH4.jpg?auth=b513453ca40e15f5eade2ba2ef75e8966158e73f6247b259349147035d92290d&amp;smart=true&amp;width=992&amp;height=558&amp;quality=85\" media=\"(min-width: 1000px)\" \/><source srcset=\"https:\/\/www.infobae.com\/resizer\/v2\/D4TLR3U3ZRDTFMIUECBBH5HHH4.jpg?auth=b513453ca40e15f5eade2ba2ef75e8966158e73f6247b259349147035d92290d&amp;smart=true&amp;width=768&amp;height=432&amp;quality=85\" media=\"(min-width: 768px)\" \/><source srcset=\"https:\/\/www.infobae.com\/resizer\/v2\/D4TLR3U3ZRDTFMIUECBBH5HHH4.jpg?auth=b513453ca40e15f5eade2ba2ef75e8966158e73f6247b259349147035d92290d&amp;smart=true&amp;width=577&amp;height=325&amp;quality=85\" media=\"(min-width: 580px)\" \/><source srcset=\"https:\/\/www.infobae.com\/resizer\/v2\/D4TLR3U3ZRDTFMIUECBBH5HHH4.jpg?auth=b513453ca40e15f5eade2ba2ef75e8966158e73f6247b259349147035d92290d&amp;smart=true&amp;width=420&amp;height=236&amp;quality=85\" media=\"(min-width: 350px)\" \/><source srcset=\"https:\/\/www.infobae.com\/resizer\/v2\/D4TLR3U3ZRDTFMIUECBBH5HHH4.jpg?auth=b513453ca40e15f5eade2ba2ef75e8966158e73f6247b259349147035d92290d&amp;smart=true&amp;width=350&amp;height=197&amp;quality=85\" media=\"(min-width: 80px)\" \/><\/picture>\n<figure style=\"width: 1920px\" class=\"wp-caption alignnone\"><img loading=\"lazy\" decoding=\"async\" class=\"global-image\" src=\"https:\/\/www.infobae.com\/resizer\/v2\/D4TLR3U3ZRDTFMIUECBBH5HHH4.jpg?auth=b513453ca40e15f5eade2ba2ef75e8966158e73f6247b259349147035d92290d&amp;smart=true&amp;width=350&amp;height=197&amp;quality=85\" alt=\"Donato de Santis calific\u00f3 la\" width=\"1920\" height=\"1080\" \/><figcaption class=\"wp-caption-text\">Donato de Santis calific\u00f3 la preparaci\u00f3n de Luck Ra como &#8216;un plato sanador&#8217; por su carga emocional<\/figcaption><\/figure>\n<\/div>\n<p class=\"paragraph\" data-mrf-recirculation=\"Links inline\">La reacci\u00f3n del\u00a0<b>jurado<\/b>\u00a0fue inmediata.\u00a0<b>Donato de Santis<\/b>, visiblemente conmovido, expres\u00f3 su inquietud por la intensidad emocional del momento y calific\u00f3 la preparaci\u00f3n como \u201cun plato sanador\u201d.\u00a0<b>Dami\u00e1n Betular<\/b>\u00a0destac\u00f3 la sensibilidad transmitida a trav\u00e9s de la comida y celebr\u00f3 la presencia de Luck Ra en el programa, se\u00f1alando que\u00a0<b>\u201ces un placer tenerte en MasterChef\u201d<\/b>.<\/p>\n<p class=\"paragraph\" data-mrf-recirculation=\"Links inline\"><b>Germ\u00e1n Martitegui<\/b>\u00a0sum\u00f3 su perspectiva, describiendo la experiencia como\u00a0<b>\u201cuna trompada de lo que es la vida misma, la paternidad y la maternidad\u201d,<\/b> y subray\u00f3 el car\u00e1cter profundamente emotivo de la jornada.<\/p>\n<p class=\"paragraph\" data-mrf-recirculation=\"Links inline\">La conductora <b>Wanda Nara<\/b>\u00a0intervino para profundizar en la dedicatoria, preguntando a Luck Ra qu\u00e9 mensaje le gustar\u00eda enviar a su madre. El participante respondi\u00f3 con sinceridad, asegurando que su madre ya conoce sus sentimientos, que la ama y que espera que est\u00e9 orgullosa de la persona en la que se ha convertido.<\/p>\n<p class=\"paragraph\" data-mrf-recirculation=\"Links inline\"><b>El ambiente en el estudio se impregn\u00f3 de una atm\u00f3sfera de gratitud y reconocimiento familiar<\/b>, sumando un nuevo cap\u00edtulo emotivo a la historia del programa, donde la cocina se convierte en un espacio para la reflexi\u00f3n y el homenaje a los afectos m\u00e1s profundos.<\/p>\n<div class=\"visual__image\">\n<picture><source srcset=\"https:\/\/www.infobae.com\/resizer\/v2\/PTJ5O6GLORH53CHXKJ2HKJF2YE.jpg?auth=3b3babe68390982694b6091717744127d4d31731aceea2eb19d316cd16a115e6&amp;smart=true&amp;width=992&amp;height=558&amp;quality=85\" media=\"(min-width: 1000px)\" \/><source srcset=\"https:\/\/www.infobae.com\/resizer\/v2\/PTJ5O6GLORH53CHXKJ2HKJF2YE.jpg?auth=3b3babe68390982694b6091717744127d4d31731aceea2eb19d316cd16a115e6&amp;smart=true&amp;width=768&amp;height=432&amp;quality=85\" media=\"(min-width: 768px)\" \/><source srcset=\"https:\/\/www.infobae.com\/resizer\/v2\/PTJ5O6GLORH53CHXKJ2HKJF2YE.jpg?auth=3b3babe68390982694b6091717744127d4d31731aceea2eb19d316cd16a115e6&amp;smart=true&amp;width=577&amp;height=325&amp;quality=85\" media=\"(min-width: 580px)\" \/><source srcset=\"https:\/\/www.infobae.com\/resizer\/v2\/PTJ5O6GLORH53CHXKJ2HKJF2YE.jpg?auth=3b3babe68390982694b6091717744127d4d31731aceea2eb19d316cd16a115e6&amp;smart=true&amp;width=420&amp;height=236&amp;quality=85\" media=\"(min-width: 350px)\" \/><source srcset=\"https:\/\/www.infobae.com\/resizer\/v2\/PTJ5O6GLORH53CHXKJ2HKJF2YE.jpg?auth=3b3babe68390982694b6091717744127d4d31731aceea2eb19d316cd16a115e6&amp;smart=true&amp;width=350&amp;height=197&amp;quality=85\" media=\"(min-width: 80px)\" \/><\/picture>\n<figure style=\"width: 1920px\" class=\"wp-caption alignnone\"><img loading=\"lazy\" decoding=\"async\" class=\"global-image\" src=\"https:\/\/www.infobae.com\/resizer\/v2\/PTJ5O6GLORH53CHXKJ2HKJF2YE.jpg?auth=3b3babe68390982694b6091717744127d4d31731aceea2eb19d316cd16a115e6&amp;smart=true&amp;width=350&amp;height=197&amp;quality=85\" alt=\"La dedicatoria de Luck Ra\" width=\"1920\" height=\"1080\" \/><figcaption class=\"wp-caption-text\">La dedicatoria de Luck Ra se extendi\u00f3 a todos los padres y madres, resaltando el valor de los lazos familiares en Masterchef<\/figcaption><\/figure>\n<\/div>\n<p class=\"paragraph\" data-mrf-recirculation=\"Links inline\"><b>La participaci\u00f3n de Luck Ra evidenci\u00f3 que, m\u00e1s all\u00e1 de la competencia, la cocina puede ser un puente para honrar a quienes acompa\u00f1an y sostienen<\/b>, resaltando el valor de los lazos familiares y el agradecimiento que crece con los a\u00f1os.<em> (Infobae)<\/em><\/p>\n<div class=\"headline-wrapper\">\n<h2 class=\"header headline-class-h3\"><strong><span class=\"\">Mir\u00e1 el video del momento:<\/span><\/strong><\/h2>\n<div class=\"youtube-embed\" data-video_id=\"swQ1dtqx5kw\"><iframe loading=\"lazy\" title=\"Luck Ra homenaje\u00f3 a las madres con un plato que emocion\u00f3 al jurado - Masterchef Celebrity\" width=\"696\" height=\"392\" src=\"https:\/\/www.youtube.com\/embed\/swQ1dtqx5kw?feature=oembed&#038;enablejsapi=1\" frameborder=\"0\" allow=\"accelerometer; autoplay; clipboard-write; encrypted-media; gyroscope; picture-in-picture; web-share\" referrerpolicy=\"strict-origin-when-cross-origin\" allowfullscreen><\/iframe><\/div>\n<h6><em><strong>Del archivo:\u00a0<a href=\"https:\/\/informelitoral.com.ar\/berghain-la-impresionante-cancion-de-rosalia-con-alma-alemana\/\" target=\"_blank\" rel=\"noopener\">Video completo de \u2018Berghain\u2019: la impresionante canci\u00f3n de Rosal\u00eda con alma alemana<\/a><\/strong><\/em><\/h6>\n<\/div>\n","protected":false},"excerpt":{"rendered":"<p>Mientras ocupa el lugar de su novia, La Joaqui, en MasterChef, el cantante cocin\u00f3 desde el coraz\u00f3n y record\u00f3 el esfuerzo de sus padres con un plato cargado de simbolismo.<\/p>\n","protected":false},"author":2,"featured_media":239328,"comment_status":"open","ping_status":"open","sticky":false,"template":"","format":"standard","meta":{"fifu_image_url":"https:\/\/images-tools.cadena3.com\/tools\/r\/077ce8e3-e3e9-4a3d-a061-69a48fbc5e32.jpg?width=1200&height=740","fifu_image_alt":"","footnotes":""},"categories":[12],"tags":[6121,357],"class_list":{"0":"post-239327","1":"post","2":"type-post","3":"status-publish","4":"format-standard","5":"has-post-thumbnail","7":"category-espectaculos","8":"tag-luck-ra","9":"tag-television"},"yoast_head":"<title>&quot;Com\u00e9 vos, yo ya estoy llena&quot;: Luck Ra emocion\u00f3 a todos en MasterChef Celebrity - Informe Litoral<\/title>\n<meta name=\"robots\" content=\"index, follow, max-snippet:-1, max-image-preview:large, max-video-preview:-1\" \/>\n<link rel=\"canonical\" href=\"https:\/\/informelitoral.com.ar\/come-vos-yo-ya-estoy-llena-luck-ra-emociono-a-todos-en-masterchef-celebrity\/\" \/>\n<meta property=\"og:locale\" content=\"es_ES\" \/>\n<meta property=\"og:type\" content=\"article\" \/>\n<meta property=\"og:title\" content=\"&quot;Com\u00e9 vos, yo ya estoy llena&quot;: Luck Ra emocion\u00f3 a todos en MasterChef Celebrity - Informe Litoral\" \/>\n<meta property=\"og:description\" content=\"Mientras ocupa el lugar de su novia, La Joaqui, en MasterChef, el cantante cocin\u00f3 desde el coraz\u00f3n y record\u00f3 el esfuerzo de sus padres con un plato cargado de simbolismo.\" \/>\n<meta property=\"og:url\" content=\"https:\/\/informelitoral.com.ar\/come-vos-yo-ya-estoy-llena-luck-ra-emociono-a-todos-en-masterchef-celebrity\/\" \/>\n<meta property=\"og:site_name\" content=\"Informe Litoral\" \/>\n<meta property=\"article:publisher\" content=\"https:\/\/www.facebook.com\/informelitoral\/\" \/>\n<meta property=\"article:published_time\" content=\"2025-11-04T19:25:51+00:00\" \/>\n<meta property=\"article:modified_time\" content=\"2025-11-05T00:07:58+00:00\" \/>\n<meta property=\"og:image\" content=\"https:\/\/images-tools.cadena3.com\/tools\/r\/077ce8e3-e3e9-4a3d-a061-69a48fbc5e32.jpg?width=1200&height=740\" \/>\n<meta name=\"author\" content=\"Gonzalo Schmidt\" \/>\n<meta name=\"twitter:card\" content=\"summary_large_image\" \/>\n<meta name=\"twitter:image\" content=\"https:\/\/images-tools.cadena3.com\/tools\/r\/077ce8e3-e3e9-4a3d-a061-69a48fbc5e32.jpg?width=1200&height=740\" \/>\n<meta name=\"twitter:creator\" content=\"@InformeLitoral\" \/>\n<meta name=\"twitter:site\" content=\"@InformeLitoral\" \/>\n<meta name=\"twitter:label1\" content=\"Escrito por\" \/>\n\t<meta name=\"twitter:data1\" content=\"Gonzalo Schmidt\" \/>\n\t<meta name=\"twitter:label2\" content=\"Tiempo de lectura\" \/>\n\t<meta name=\"twitter:data2\" content=\"4 minutos\" \/>\n<script type=\"application\/ld+json\" class=\"yoast-schema-graph\">{\"@context\":\"https:\\\/\\\/schema.org\",\"@graph\":[{\"@type\":\"Article\",\"@id\":\"https:\\\/\\\/informelitoral.com.ar\\\/come-vos-yo-ya-estoy-llena-luck-ra-emociono-a-todos-en-masterchef-celebrity\\\/#article\",\"isPartOf\":{\"@id\":\"https:\\\/\\\/informelitoral.com.ar\\\/come-vos-yo-ya-estoy-llena-luck-ra-emociono-a-todos-en-masterchef-celebrity\\\/\"},\"author\":{\"name\":\"Gonzalo Schmidt\",\"@id\":\"https:\\\/\\\/informelitoral.com.ar\\\/#\\\/schema\\\/person\\\/b9d00407c836482871ef1d57bf8e3180\"},\"headline\":\"\u00abCom\u00e9 vos, yo ya estoy llena\u00bb: Luck Ra emocion\u00f3 a todos en MasterChef Celebrity\",\"datePublished\":\"2025-11-04T19:25:51+00:00\",\"dateModified\":\"2025-11-05T00:07:58+00:00\",\"mainEntityOfPage\":{\"@id\":\"https:\\\/\\\/informelitoral.com.ar\\\/come-vos-yo-ya-estoy-llena-luck-ra-emociono-a-todos-en-masterchef-celebrity\\\/\"},\"wordCount\":586,\"commentCount\":0,\"publisher\":{\"@id\":\"https:\\\/\\\/informelitoral.com.ar\\\/#organization\"},\"image\":{\"@id\":\"https:\\\/\\\/informelitoral.com.ar\\\/come-vos-yo-ya-estoy-llena-luck-ra-emociono-a-todos-en-masterchef-celebrity\\\/#primaryimage\"},\"thumbnailUrl\":\"https:\\\/\\\/images-tools.cadena3.com\\\/tools\\\/r\\\/077ce8e3-e3e9-4a3d-a061-69a48fbc5e32.jpg?width=1200&height=740\",\"keywords\":[\"Luck Ra\",\"Televisi\u00f3n\"],\"articleSection\":[\"Espect\u00e1culos\"],\"inLanguage\":\"es\",\"potentialAction\":[{\"@type\":\"CommentAction\",\"name\":\"Comment\",\"target\":[\"https:\\\/\\\/informelitoral.com.ar\\\/come-vos-yo-ya-estoy-llena-luck-ra-emociono-a-todos-en-masterchef-celebrity\\\/#respond\"]}]},{\"@type\":\"WebPage\",\"@id\":\"https:\\\/\\\/informelitoral.com.ar\\\/come-vos-yo-ya-estoy-llena-luck-ra-emociono-a-todos-en-masterchef-celebrity\\\/\",\"url\":\"https:\\\/\\\/informelitoral.com.ar\\\/come-vos-yo-ya-estoy-llena-luck-ra-emociono-a-todos-en-masterchef-celebrity\\\/\",\"name\":\"\\\"Com\u00e9 vos, yo ya estoy llena\\\": Luck Ra emocion\u00f3 a todos en MasterChef Celebrity - Informe Litoral\",\"isPartOf\":{\"@id\":\"https:\\\/\\\/informelitoral.com.ar\\\/#website\"},\"primaryImageOfPage\":{\"@id\":\"https:\\\/\\\/informelitoral.com.ar\\\/come-vos-yo-ya-estoy-llena-luck-ra-emociono-a-todos-en-masterchef-celebrity\\\/#primaryimage\"},\"image\":{\"@id\":\"https:\\\/\\\/informelitoral.com.ar\\\/come-vos-yo-ya-estoy-llena-luck-ra-emociono-a-todos-en-masterchef-celebrity\\\/#primaryimage\"},\"thumbnailUrl\":\"https:\\\/\\\/images-tools.cadena3.com\\\/tools\\\/r\\\/077ce8e3-e3e9-4a3d-a061-69a48fbc5e32.jpg?width=1200&height=740\",\"datePublished\":\"2025-11-04T19:25:51+00:00\",\"dateModified\":\"2025-11-05T00:07:58+00:00\",\"breadcrumb\":{\"@id\":\"https:\\\/\\\/informelitoral.com.ar\\\/come-vos-yo-ya-estoy-llena-luck-ra-emociono-a-todos-en-masterchef-celebrity\\\/#breadcrumb\"},\"inLanguage\":\"es\",\"potentialAction\":[{\"@type\":\"ReadAction\",\"target\":[\"https:\\\/\\\/informelitoral.com.ar\\\/come-vos-yo-ya-estoy-llena-luck-ra-emociono-a-todos-en-masterchef-celebrity\\\/\"]}]},{\"@type\":\"ImageObject\",\"inLanguage\":\"es\",\"@id\":\"https:\\\/\\\/informelitoral.com.ar\\\/come-vos-yo-ya-estoy-llena-luck-ra-emociono-a-todos-en-masterchef-celebrity\\\/#primaryimage\",\"url\":\"https:\\\/\\\/images-tools.cadena3.com\\\/tools\\\/r\\\/077ce8e3-e3e9-4a3d-a061-69a48fbc5e32.jpg?width=1200&height=740\",\"contentUrl\":\"https:\\\/\\\/images-tools.cadena3.com\\\/tools\\\/r\\\/077ce8e3-e3e9-4a3d-a061-69a48fbc5e32.jpg?width=1200&height=740\",\"width\":\"1200\",\"height\":\"740\"},{\"@type\":\"BreadcrumbList\",\"@id\":\"https:\\\/\\\/informelitoral.com.ar\\\/come-vos-yo-ya-estoy-llena-luck-ra-emociono-a-todos-en-masterchef-celebrity\\\/#breadcrumb\",\"itemListElement\":[{\"@type\":\"ListItem\",\"position\":1,\"name\":\"Portada\",\"item\":\"https:\\\/\\\/informelitoral.com.ar\\\/\"},{\"@type\":\"ListItem\",\"position\":2,\"name\":\"\u00abCom\u00e9 vos, yo ya estoy llena\u00bb: Luck Ra emocion\u00f3 a todos en MasterChef Celebrity\"}]},{\"@type\":\"WebSite\",\"@id\":\"https:\\\/\\\/informelitoral.com.ar\\\/#website\",\"url\":\"https:\\\/\\\/informelitoral.com.ar\\\/\",\"name\":\"Informe Litoral\",\"description\":\"&quot;Nos informamos&quot; \",\"publisher\":{\"@id\":\"https:\\\/\\\/informelitoral.com.ar\\\/#organization\"},\"potentialAction\":[{\"@type\":\"SearchAction\",\"target\":{\"@type\":\"EntryPoint\",\"urlTemplate\":\"https:\\\/\\\/informelitoral.com.ar\\\/?s={search_term_string}\"},\"query-input\":{\"@type\":\"PropertyValueSpecification\",\"valueRequired\":true,\"valueName\":\"search_term_string\"}}],\"inLanguage\":\"es\"},{\"@type\":\"Organization\",\"@id\":\"https:\\\/\\\/informelitoral.com.ar\\\/#organization\",\"name\":\"Informe Litoral\",\"url\":\"https:\\\/\\\/informelitoral.com.ar\\\/\",\"logo\":{\"@type\":\"ImageObject\",\"inLanguage\":\"es\",\"@id\":\"https:\\\/\\\/informelitoral.com.ar\\\/#\\\/schema\\\/logo\\\/image\\\/\",\"url\":\"https:\\\/\\\/informelitoral.com.ar\\\/%77%70%2d%63%6f%6e%74%65%6e%74\\\/uploads\\\/2021\\\/01\\\/circulo.png\",\"contentUrl\":\"https:\\\/\\\/informelitoral.com.ar\\\/%77%70%2d%63%6f%6e%74%65%6e%74\\\/uploads\\\/2021\\\/01\\\/circulo.png\",\"width\":723,\"height\":731,\"caption\":\"Informe Litoral\"},\"image\":{\"@id\":\"https:\\\/\\\/informelitoral.com.ar\\\/#\\\/schema\\\/logo\\\/image\\\/\"},\"sameAs\":[\"https:\\\/\\\/www.facebook.com\\\/informelitoral\\\/\",\"https:\\\/\\\/x.com\\\/InformeLitoral\",\"https:\\\/\\\/www.instagram.com\\\/informelitoral\\\/\",\"https:\\\/\\\/www.youtube.com\\\/channel\\\/UCua4Qvz8Icb6MYqhoq9xLXw\"]},{\"@type\":\"Person\",\"@id\":\"https:\\\/\\\/informelitoral.com.ar\\\/#\\\/schema\\\/person\\\/b9d00407c836482871ef1d57bf8e3180\",\"name\":\"Gonzalo Schmidt\",\"image\":{\"@type\":\"ImageObject\",\"inLanguage\":\"es\",\"@id\":\"https:\\\/\\\/secure.gravatar.com\\\/avatar\\\/31a1a7b66ff2de83bd0e9fd79d026630d2d99e55e8bfe501287647b4fd9743de?s=96&d=mm&r=g\",\"url\":\"https:\\\/\\\/secure.gravatar.com\\\/avatar\\\/31a1a7b66ff2de83bd0e9fd79d026630d2d99e55e8bfe501287647b4fd9743de?s=96&d=mm&r=g\",\"contentUrl\":\"https:\\\/\\\/secure.gravatar.com\\\/avatar\\\/31a1a7b66ff2de83bd0e9fd79d026630d2d99e55e8bfe501287647b4fd9743de?s=96&d=mm&r=g\",\"caption\":\"Gonzalo Schmidt\"},\"description\":\"Sitio web de noticias de la provincia de Entre R\u00edos, Argentina. Informaci\u00f3n y entretenimiento. Informe Litoral, nos informamos.\",\"sameAs\":[\"http:\\\/\\\/www.isletasnoticias.com.ar\"],\"url\":\"https:\\\/\\\/informelitoral.com.ar\\\/author\\\/gonzalo\\\/\"}]}<\/script>","yoast_head_json":{"title":"\"Com\u00e9 vos, yo ya estoy llena\": Luck Ra emocion\u00f3 a todos en MasterChef Celebrity - Informe Litoral","robots":{"index":"index","follow":"follow","max-snippet":"max-snippet:-1","max-image-preview":"max-image-preview:large","max-video-preview":"max-video-preview:-1"},"canonical":"https:\/\/informelitoral.com.ar\/come-vos-yo-ya-estoy-llena-luck-ra-emociono-a-todos-en-masterchef-celebrity\/","og_locale":"es_ES","og_type":"article","og_title":"\"Com\u00e9 vos, yo ya estoy llena\": Luck Ra emocion\u00f3 a todos en MasterChef Celebrity - Informe Litoral","og_description":"Mientras ocupa el lugar de su novia, La Joaqui, en MasterChef, el cantante cocin\u00f3 desde el coraz\u00f3n y record\u00f3 el esfuerzo de sus padres con un plato cargado de simbolismo.","og_url":"https:\/\/informelitoral.com.ar\/come-vos-yo-ya-estoy-llena-luck-ra-emociono-a-todos-en-masterchef-celebrity\/","og_site_name":"Informe Litoral","article_publisher":"https:\/\/www.facebook.com\/informelitoral\/","article_published_time":"2025-11-04T19:25:51+00:00","article_modified_time":"2025-11-05T00:07:58+00:00","og_image":[{"url":"https:\/\/images-tools.cadena3.com\/tools\/r\/077ce8e3-e3e9-4a3d-a061-69a48fbc5e32.jpg?width=1200&height=740","type":"","width":"","height":""}],"author":"Gonzalo Schmidt","twitter_card":"summary_large_image","twitter_image":"https:\/\/images-tools.cadena3.com\/tools\/r\/077ce8e3-e3e9-4a3d-a061-69a48fbc5e32.jpg?width=1200&height=740","twitter_creator":"@InformeLitoral","twitter_site":"@InformeLitoral","twitter_misc":{"Escrito por":"Gonzalo Schmidt","Tiempo de lectura":"4 minutos"},"schema":{"@context":"https:\/\/schema.org","@graph":[{"@type":"Article","@id":"https:\/\/informelitoral.com.ar\/come-vos-yo-ya-estoy-llena-luck-ra-emociono-a-todos-en-masterchef-celebrity\/#article","isPartOf":{"@id":"https:\/\/informelitoral.com.ar\/come-vos-yo-ya-estoy-llena-luck-ra-emociono-a-todos-en-masterchef-celebrity\/"},"author":{"name":"Gonzalo Schmidt","@id":"https:\/\/informelitoral.com.ar\/#\/schema\/person\/b9d00407c836482871ef1d57bf8e3180"},"headline":"\u00abCom\u00e9 vos, yo ya estoy llena\u00bb: Luck Ra emocion\u00f3 a todos en MasterChef Celebrity","datePublished":"2025-11-04T19:25:51+00:00","dateModified":"2025-11-05T00:07:58+00:00","mainEntityOfPage":{"@id":"https:\/\/informelitoral.com.ar\/come-vos-yo-ya-estoy-llena-luck-ra-emociono-a-todos-en-masterchef-celebrity\/"},"wordCount":586,"commentCount":0,"publisher":{"@id":"https:\/\/informelitoral.com.ar\/#organization"},"image":{"@id":"https:\/\/informelitoral.com.ar\/come-vos-yo-ya-estoy-llena-luck-ra-emociono-a-todos-en-masterchef-celebrity\/#primaryimage"},"thumbnailUrl":"https:\/\/images-tools.cadena3.com\/tools\/r\/077ce8e3-e3e9-4a3d-a061-69a48fbc5e32.jpg?width=1200&height=740","keywords":["Luck Ra","Televisi\u00f3n"],"articleSection":["Espect\u00e1culos"],"inLanguage":"es","potentialAction":[{"@type":"CommentAction","name":"Comment","target":["https:\/\/informelitoral.com.ar\/come-vos-yo-ya-estoy-llena-luck-ra-emociono-a-todos-en-masterchef-celebrity\/#respond"]}]},{"@type":"WebPage","@id":"https:\/\/informelitoral.com.ar\/come-vos-yo-ya-estoy-llena-luck-ra-emociono-a-todos-en-masterchef-celebrity\/","url":"https:\/\/informelitoral.com.ar\/come-vos-yo-ya-estoy-llena-luck-ra-emociono-a-todos-en-masterchef-celebrity\/","name":"\"Com\u00e9 vos, yo ya estoy llena\": Luck Ra emocion\u00f3 a todos en MasterChef Celebrity - Informe Litoral","isPartOf":{"@id":"https:\/\/informelitoral.com.ar\/#website"},"primaryImageOfPage":{"@id":"https:\/\/informelitoral.com.ar\/come-vos-yo-ya-estoy-llena-luck-ra-emociono-a-todos-en-masterchef-celebrity\/#primaryimage"},"image":{"@id":"https:\/\/informelitoral.com.ar\/come-vos-yo-ya-estoy-llena-luck-ra-emociono-a-todos-en-masterchef-celebrity\/#primaryimage"},"thumbnailUrl":"https:\/\/images-tools.cadena3.com\/tools\/r\/077ce8e3-e3e9-4a3d-a061-69a48fbc5e32.jpg?width=1200&height=740","datePublished":"2025-11-04T19:25:51+00:00","dateModified":"2025-11-05T00:07:58+00:00","breadcrumb":{"@id":"https:\/\/informelitoral.com.ar\/come-vos-yo-ya-estoy-llena-luck-ra-emociono-a-todos-en-masterchef-celebrity\/#breadcrumb"},"inLanguage":"es","potentialAction":[{"@type":"ReadAction","target":["https:\/\/informelitoral.com.ar\/come-vos-yo-ya-estoy-llena-luck-ra-emociono-a-todos-en-masterchef-celebrity\/"]}]},{"@type":"ImageObject","inLanguage":"es","@id":"https:\/\/informelitoral.com.ar\/come-vos-yo-ya-estoy-llena-luck-ra-emociono-a-todos-en-masterchef-celebrity\/#primaryimage","url":"https:\/\/images-tools.cadena3.com\/tools\/r\/077ce8e3-e3e9-4a3d-a061-69a48fbc5e32.jpg?width=1200&height=740","contentUrl":"https:\/\/images-tools.cadena3.com\/tools\/r\/077ce8e3-e3e9-4a3d-a061-69a48fbc5e32.jpg?width=1200&height=740","width":"1200","height":"740"},{"@type":"BreadcrumbList","@id":"https:\/\/informelitoral.com.ar\/come-vos-yo-ya-estoy-llena-luck-ra-emociono-a-todos-en-masterchef-celebrity\/#breadcrumb","itemListElement":[{"@type":"ListItem","position":1,"name":"Portada","item":"https:\/\/informelitoral.com.ar\/"},{"@type":"ListItem","position":2,"name":"\u00abCom\u00e9 vos, yo ya estoy llena\u00bb: Luck Ra emocion\u00f3 a todos en MasterChef Celebrity"}]},{"@type":"WebSite","@id":"https:\/\/informelitoral.com.ar\/#website","url":"https:\/\/informelitoral.com.ar\/","name":"Informe Litoral","description":"&quot;Nos informamos&quot; ","publisher":{"@id":"https:\/\/informelitoral.com.ar\/#organization"},"potentialAction":[{"@type":"SearchAction","target":{"@type":"EntryPoint","urlTemplate":"https:\/\/informelitoral.com.ar\/?s={search_term_string}"},"query-input":{"@type":"PropertyValueSpecification","valueRequired":true,"valueName":"search_term_string"}}],"inLanguage":"es"},{"@type":"Organization","@id":"https:\/\/informelitoral.com.ar\/#organization","name":"Informe Litoral","url":"https:\/\/informelitoral.com.ar\/","logo":{"@type":"ImageObject","inLanguage":"es","@id":"https:\/\/informelitoral.com.ar\/#\/schema\/logo\/image\/","url":"https:\/\/informelitoral.com.ar\/%77%70%2d%63%6f%6e%74%65%6e%74\/uploads\/2021\/01\/circulo.png","contentUrl":"https:\/\/informelitoral.com.ar\/%77%70%2d%63%6f%6e%74%65%6e%74\/uploads\/2021\/01\/circulo.png","width":723,"height":731,"caption":"Informe Litoral"},"image":{"@id":"https:\/\/informelitoral.com.ar\/#\/schema\/logo\/image\/"},"sameAs":["https:\/\/www.facebook.com\/informelitoral\/","https:\/\/x.com\/InformeLitoral","https:\/\/www.instagram.com\/informelitoral\/","https:\/\/www.youtube.com\/channel\/UCua4Qvz8Icb6MYqhoq9xLXw"]},{"@type":"Person","@id":"https:\/\/informelitoral.com.ar\/#\/schema\/person\/b9d00407c836482871ef1d57bf8e3180","name":"Gonzalo Schmidt","image":{"@type":"ImageObject","inLanguage":"es","@id":"https:\/\/secure.gravatar.com\/avatar\/31a1a7b66ff2de83bd0e9fd79d026630d2d99e55e8bfe501287647b4fd9743de?s=96&d=mm&r=g","url":"https:\/\/secure.gravatar.com\/avatar\/31a1a7b66ff2de83bd0e9fd79d026630d2d99e55e8bfe501287647b4fd9743de?s=96&d=mm&r=g","contentUrl":"https:\/\/secure.gravatar.com\/avatar\/31a1a7b66ff2de83bd0e9fd79d026630d2d99e55e8bfe501287647b4fd9743de?s=96&d=mm&r=g","caption":"Gonzalo Schmidt"},"description":"Sitio web de noticias de la provincia de Entre R\u00edos, Argentina. Informaci\u00f3n y entretenimiento. Informe Litoral, nos informamos.","sameAs":["http:\/\/www.isletasnoticias.com.ar"],"url":"https:\/\/informelitoral.com.ar\/author\/gonzalo\/"}]}},"fifu_image_url":"https:\/\/images-tools.cadena3.com\/tools\/r\/077ce8e3-e3e9-4a3d-a061-69a48fbc5e32.jpg?width=1200&height=740","_links":{"self":[{"href":"https:\/\/informelitoral.com.ar\/%77%70%2d%6a%73%6f%6e\/wp\/v2\/posts\/239327","targetHints":{"allow":["GET"]}}],"collection":[{"href":"https:\/\/informelitoral.com.ar\/%77%70%2d%6a%73%6f%6e\/wp\/v2\/posts"}],"about":[{"href":"https:\/\/informelitoral.com.ar\/%77%70%2d%6a%73%6f%6e\/wp\/v2\/types\/post"}],"author":[{"embeddable":true,"href":"https:\/\/informelitoral.com.ar\/%77%70%2d%6a%73%6f%6e\/wp\/v2\/users\/2"}],"replies":[{"embeddable":true,"href":"https:\/\/informelitoral.com.ar\/%77%70%2d%6a%73%6f%6e\/wp\/v2\/comments?post=239327"}],"version-history":[{"count":3,"href":"https:\/\/informelitoral.com.ar\/%77%70%2d%6a%73%6f%6e\/wp\/v2\/posts\/239327\/revisions"}],"predecessor-version":[{"id":239331,"href":"https:\/\/informelitoral.com.ar\/%77%70%2d%6a%73%6f%6e\/wp\/v2\/posts\/239327\/revisions\/239331"}],"wp:featuredmedia":[{"embeddable":true,"href":"https:\/\/informelitoral.com.ar\/%77%70%2d%6a%73%6f%6e\/wp\/v2\/media\/239328"}],"wp:attachment":[{"href":"https:\/\/informelitoral.com.ar\/%77%70%2d%6a%73%6f%6e\/wp\/v2\/media?parent=239327"}],"wp:term":[{"taxonomy":"category","embeddable":true,"href":"https:\/\/informelitoral.com.ar\/%77%70%2d%6a%73%6f%6e\/wp\/v2\/categories?post=239327"},{"taxonomy":"post_tag","embeddable":true,"href":"https:\/\/informelitoral.com.ar\/%77%70%2d%6a%73%6f%6e\/wp\/v2\/tags?post=239327"}],"curies":[{"name":"wp","href":"https:\/\/api.w.org\/{rel}","templated":true}]}}