{"id":239300,"date":"2025-11-04T15:27:43","date_gmt":"2025-11-04T18:27:43","guid":{"rendered":"https:\/\/informelitoral.com.ar\/?p=239300"},"modified":"2025-11-04T16:24:38","modified_gmt":"2025-11-04T19:24:38","slug":"becas-de-entre-rios-aumento-del-500-y-nuevo-cronograma-de-pagos","status":"publish","type":"post","link":"https:\/\/informelitoral.com.ar\/becas-de-entre-rios-aumento-del-500-y-nuevo-cronograma-de-pagos\/","title":{"rendered":"Becas de Entre R\u00edos: nuevo cronograma de pagos"},"content":{"rendered":"<p>El director ejecutivo del Instituto Becario, <b>Mariano Berdi\u00f1as<\/b>, destac\u00f3 el s\u00f3lido acompa\u00f1amiento del gobierno provincial a <b>m\u00e1s de 16.000 estudiantes entrerrianos<\/b>. En declaraciones recientes, Berdi\u00f1as subray\u00f3 que la beca \u00abno s\u00f3lo es un apoyo econ\u00f3mico, sino un incentivo permanente para avanzar y alcanzar nuevos objetivos\u00bb.<\/p>\n<p>El funcionario enfatiz\u00f3 el compromiso gubernamental bajo la gesti\u00f3n del gobernador Rogelio Frigerio. \u00abComo Estado, y a partir de la decisi\u00f3n pol\u00edtica de nuestro gobernador Rogelio Frigerio, hemos trabajado fuertemente en mejorar lo que representa la beca; una inversi\u00f3n que acompa\u00f1a sue\u00f1os de las nuevas generaciones\u00bb, afirm\u00f3.<\/p>\n<p>Berdi\u00f1as resalt\u00f3 el significativo aumento en el apoyo econ\u00f3mico, indicando que <b>los montos de las becas han sido aumentados en un promedio del 500%<\/b> en lo que va de los dos a\u00f1os de gesti\u00f3n. Esta medida busca reafirmar el apoyo a la trayectoria educativa de los j\u00f3venes de la provincia.<\/p>\n<h2><strong>Nuevo cronograma extendido hasta 2026<\/strong><\/h2>\n<p>En cuanto a la administraci\u00f3n del beneficio, el titular del Becario explic\u00f3 que se han implementado cambios en el esquema de pagos. \u00abEl cronograma se extiende hasta este mes de <b>noviembre<\/b>, y despu\u00e9s se vuelve a retomar en <b>marzo<\/b>, acompa\u00f1ando los distintos procesos educativos tanto de nivel secundario como superior\u00bb, detall\u00f3.<\/p>\n<p>Berdi\u00f1as aclar\u00f3 que los estudiantes seguir\u00e1n cobrando el pr\u00f3ximo a\u00f1o:<\/p>\n<ul>\n<li><b>Nivel Secundario:<\/b> Percibir\u00e1n el beneficio en <b>marzo y abril de 2026<\/b>.<\/li>\n<li><b>Nivel Superior:<\/b> Cobrar\u00e1n en <b>marzo, abril y mayo de 2026<\/b>.<\/li>\n<\/ul>\n<p>Finalmente, el director hizo una importante advertencia a los beneficiarios: \u00abEs importante que los becados 2025 est\u00e9n atentos el a\u00f1o que viene para inscribirse en la <b>etapa de renovaci\u00f3n<\/b>\u00ab.<\/p>\n<h2><strong>Cronograma de pagos &#8211; noviembre 2025 (Banco Entre R\u00edos)<\/strong><\/h2>\n<p>El pago de la cuota correspondiente a noviembre se realizar\u00e1 en el Banco Entre R\u00edos, siguiendo el cronograma seg\u00fan la finalizaci\u00f3n del DNI del estudiante:<\/p>\n<p><strong>Mi\u00e9rcoles 5 \/ Finalizaci\u00f3n de DNI en 0 , 1, 2 y 3 \/ Banco Entre R\u00edos<\/strong><\/p>\n<p><strong>Jueves 6 \/ Finalizaci\u00f3n de DNI en 4, 5 y 6 \/ Banco Entre R\u00edos<\/strong><\/p>\n<p><strong>Viernes 7 \/ Finalizaci\u00f3n de DNI en 7, 8 y 9 \/ Banco Entre R\u00edos.<\/strong><\/p>\n<h6><em><strong>Del archivo:\u00a0<a href=\"https:\/\/informelitoral.com.ar\/uner-inscripcion-abierta-para-sociologia-y-relaciones-internacionales-en-2026\/\" target=\"_blank\" rel=\"noopener\">Inscripciones abiertas 2026: la UNER sum\u00f3 Sociolog\u00eda y Relaciones Internaciones a su oferta de grado<\/a><\/strong><\/em><\/h6>\n","protected":false},"excerpt":{"rendered":"<p>El Instituto Becario anunci\u00f3 las fechas de pago correspondientes a noviembre de 2025, extendiendo el acompa\u00f1amiento hasta 2026.<\/p>\n","protected":false},"author":8,"featured_media":239302,"comment_status":"open","ping_status":"open","sticky":false,"template":"","format":"standard","meta":{"fifu_image_url":"","fifu_image_alt":"","footnotes":""},"categories":[6],"tags":[381,122,81],"class_list":{"0":"post-239300","1":"post","2":"type-post","3":"status-publish","4":"format-standard","5":"has-post-thumbnail","7":"category-entre-rios","8":"tag-becas","9":"tag-cronograma-de-pagos","10":"tag-entre-rios"},"yoast_head":"<title>Becas de Entre R\u00edos: nuevo cronograma de pagos - Informe Litoral<\/title>\n<meta name=\"robots\" content=\"index, follow, max-snippet:-1, max-image-preview:large, max-video-preview:-1\" \/>\n<link rel=\"canonical\" href=\"https:\/\/informelitoral.com.ar\/becas-de-entre-rios-aumento-del-500-y-nuevo-cronograma-de-pagos\/\" \/>\n<meta property=\"og:locale\" content=\"es_ES\" \/>\n<meta property=\"og:type\" content=\"article\" \/>\n<meta property=\"og:title\" content=\"Becas de Entre R\u00edos: nuevo cronograma de pagos - Informe Litoral\" \/>\n<meta property=\"og:description\" content=\"El Instituto Becario anunci\u00f3 las fechas de pago correspondientes a noviembre de 2025, extendiendo el acompa\u00f1amiento hasta 2026.\" \/>\n<meta property=\"og:url\" content=\"https:\/\/informelitoral.com.ar\/becas-de-entre-rios-aumento-del-500-y-nuevo-cronograma-de-pagos\/\" \/>\n<meta property=\"og:site_name\" content=\"Informe Litoral\" \/>\n<meta property=\"article:publisher\" content=\"https:\/\/www.facebook.com\/informelitoral\/\" \/>\n<meta property=\"article:published_time\" content=\"2025-11-04T18:27:43+00:00\" \/>\n<meta property=\"article:modified_time\" content=\"2025-11-04T19:24:38+00:00\" \/>\n<meta property=\"og:image\" content=\"https:\/\/drive.google.com\/thumbnail?id=1GFdiDIwR-M-ovXBtA1W8TFEYQTDG_U7t&sz=w2048\" \/>\n\t<meta property=\"og:image:width\" content=\"1600\" \/>\n\t<meta property=\"og:image:height\" content=\"1069\" \/>\n\t<meta property=\"og:image:type\" content=\"image\/jpeg\" \/>\n<meta name=\"author\" content=\"Sebastian\" \/>\n<meta name=\"twitter:card\" content=\"summary_large_image\" \/>\n<meta name=\"twitter:creator\" content=\"@InformeLitoral\" \/>\n<meta name=\"twitter:site\" content=\"@InformeLitoral\" \/>\n<meta name=\"twitter:label1\" content=\"Escrito por\" \/>\n\t<meta name=\"twitter:data1\" content=\"Sebastian\" \/>\n\t<meta name=\"twitter:label2\" content=\"Tiempo de lectura\" \/>\n\t<meta name=\"twitter:data2\" content=\"2 minutos\" \/>\n<script type=\"application\/ld+json\" class=\"yoast-schema-graph\">{\"@context\":\"https:\\\/\\\/schema.org\",\"@graph\":[{\"@type\":\"Article\",\"@id\":\"https:\\\/\\\/informelitoral.com.ar\\\/becas-de-entre-rios-aumento-del-500-y-nuevo-cronograma-de-pagos\\\/#article\",\"isPartOf\":{\"@id\":\"https:\\\/\\\/informelitoral.com.ar\\\/becas-de-entre-rios-aumento-del-500-y-nuevo-cronograma-de-pagos\\\/\"},\"author\":{\"name\":\"Sebastian\",\"@id\":\"https:\\\/\\\/informelitoral.com.ar\\\/#\\\/schema\\\/person\\\/f05f9f461677119578717524b127d6d5\"},\"headline\":\"Becas de Entre R\u00edos: nuevo cronograma de pagos\",\"datePublished\":\"2025-11-04T18:27:43+00:00\",\"dateModified\":\"2025-11-04T19:24:38+00:00\",\"mainEntityOfPage\":{\"@id\":\"https:\\\/\\\/informelitoral.com.ar\\\/becas-de-entre-rios-aumento-del-500-y-nuevo-cronograma-de-pagos\\\/\"},\"wordCount\":379,\"commentCount\":0,\"publisher\":{\"@id\":\"https:\\\/\\\/informelitoral.com.ar\\\/#organization\"},\"image\":{\"@id\":\"https:\\\/\\\/informelitoral.com.ar\\\/becas-de-entre-rios-aumento-del-500-y-nuevo-cronograma-de-pagos\\\/#primaryimage\"},\"thumbnailUrl\":\"https:\\\/\\\/drive.google.com\\\/thumbnail?id=1GFdiDIwR-M-ovXBtA1W8TFEYQTDG_U7t&sz=w2048\",\"keywords\":[\"Becas\",\"Cronograma de pagos\",\"Entre R\u00edos\"],\"articleSection\":[\"Entre R\u00edos\"],\"inLanguage\":\"es\",\"potentialAction\":[{\"@type\":\"CommentAction\",\"name\":\"Comment\",\"target\":[\"https:\\\/\\\/informelitoral.com.ar\\\/becas-de-entre-rios-aumento-del-500-y-nuevo-cronograma-de-pagos\\\/#respond\"]}]},{\"@type\":\"WebPage\",\"@id\":\"https:\\\/\\\/informelitoral.com.ar\\\/becas-de-entre-rios-aumento-del-500-y-nuevo-cronograma-de-pagos\\\/\",\"url\":\"https:\\\/\\\/informelitoral.com.ar\\\/becas-de-entre-rios-aumento-del-500-y-nuevo-cronograma-de-pagos\\\/\",\"name\":\"Becas de Entre R\u00edos: nuevo cronograma de pagos - Informe Litoral\",\"isPartOf\":{\"@id\":\"https:\\\/\\\/informelitoral.com.ar\\\/#website\"},\"primaryImageOfPage\":{\"@id\":\"https:\\\/\\\/informelitoral.com.ar\\\/becas-de-entre-rios-aumento-del-500-y-nuevo-cronograma-de-pagos\\\/#primaryimage\"},\"image\":{\"@id\":\"https:\\\/\\\/informelitoral.com.ar\\\/becas-de-entre-rios-aumento-del-500-y-nuevo-cronograma-de-pagos\\\/#primaryimage\"},\"thumbnailUrl\":\"https:\\\/\\\/drive.google.com\\\/thumbnail?id=1GFdiDIwR-M-ovXBtA1W8TFEYQTDG_U7t&sz=w2048\",\"datePublished\":\"2025-11-04T18:27:43+00:00\",\"dateModified\":\"2025-11-04T19:24:38+00:00\",\"breadcrumb\":{\"@id\":\"https:\\\/\\\/informelitoral.com.ar\\\/becas-de-entre-rios-aumento-del-500-y-nuevo-cronograma-de-pagos\\\/#breadcrumb\"},\"inLanguage\":\"es\",\"potentialAction\":[{\"@type\":\"ReadAction\",\"target\":[\"https:\\\/\\\/informelitoral.com.ar\\\/becas-de-entre-rios-aumento-del-500-y-nuevo-cronograma-de-pagos\\\/\"]}]},{\"@type\":\"ImageObject\",\"inLanguage\":\"es\",\"@id\":\"https:\\\/\\\/informelitoral.com.ar\\\/becas-de-entre-rios-aumento-del-500-y-nuevo-cronograma-de-pagos\\\/#primaryimage\",\"url\":\"https:\\\/\\\/drive.google.com\\\/thumbnail?id=1GFdiDIwR-M-ovXBtA1W8TFEYQTDG_U7t&sz=w2048\",\"contentUrl\":\"https:\\\/\\\/drive.google.com\\\/thumbnail?id=1GFdiDIwR-M-ovXBtA1W8TFEYQTDG_U7t&sz=w2048\",\"width\":1600,\"height\":1069},{\"@type\":\"BreadcrumbList\",\"@id\":\"https:\\\/\\\/informelitoral.com.ar\\\/becas-de-entre-rios-aumento-del-500-y-nuevo-cronograma-de-pagos\\\/#breadcrumb\",\"itemListElement\":[{\"@type\":\"ListItem\",\"position\":1,\"name\":\"Portada\",\"item\":\"https:\\\/\\\/informelitoral.com.ar\\\/\"},{\"@type\":\"ListItem\",\"position\":2,\"name\":\"Becas de Entre R\u00edos: nuevo cronograma de pagos\"}]},{\"@type\":\"WebSite\",\"@id\":\"https:\\\/\\\/informelitoral.com.ar\\\/#website\",\"url\":\"https:\\\/\\\/informelitoral.com.ar\\\/\",\"name\":\"Informe Litoral\",\"description\":\"&quot;Nos informamos&quot; \",\"publisher\":{\"@id\":\"https:\\\/\\\/informelitoral.com.ar\\\/#organization\"},\"potentialAction\":[{\"@type\":\"SearchAction\",\"target\":{\"@type\":\"EntryPoint\",\"urlTemplate\":\"https:\\\/\\\/informelitoral.com.ar\\\/?s={search_term_string}\"},\"query-input\":{\"@type\":\"PropertyValueSpecification\",\"valueRequired\":true,\"valueName\":\"search_term_string\"}}],\"inLanguage\":\"es\"},{\"@type\":\"Organization\",\"@id\":\"https:\\\/\\\/informelitoral.com.ar\\\/#organization\",\"name\":\"Informe Litoral\",\"url\":\"https:\\\/\\\/informelitoral.com.ar\\\/\",\"logo\":{\"@type\":\"ImageObject\",\"inLanguage\":\"es\",\"@id\":\"https:\\\/\\\/informelitoral.com.ar\\\/#\\\/schema\\\/logo\\\/image\\\/\",\"url\":\"https:\\\/\\\/informelitoral.com.ar\\\/%77%70%2d%63%6f%6e%74%65%6e%74\\\/uploads\\\/2021\\\/01\\\/circulo.png\",\"contentUrl\":\"https:\\\/\\\/informelitoral.com.ar\\\/%77%70%2d%63%6f%6e%74%65%6e%74\\\/uploads\\\/2021\\\/01\\\/circulo.png\",\"width\":723,\"height\":731,\"caption\":\"Informe Litoral\"},\"image\":{\"@id\":\"https:\\\/\\\/informelitoral.com.ar\\\/#\\\/schema\\\/logo\\\/image\\\/\"},\"sameAs\":[\"https:\\\/\\\/www.facebook.com\\\/informelitoral\\\/\",\"https:\\\/\\\/x.com\\\/InformeLitoral\",\"https:\\\/\\\/www.instagram.com\\\/informelitoral\\\/\",\"https:\\\/\\\/www.youtube.com\\\/channel\\\/UCua4Qvz8Icb6MYqhoq9xLXw\"]},{\"@type\":\"Person\",\"@id\":\"https:\\\/\\\/informelitoral.com.ar\\\/#\\\/schema\\\/person\\\/f05f9f461677119578717524b127d6d5\",\"name\":\"Sebastian\",\"image\":{\"@type\":\"ImageObject\",\"inLanguage\":\"es\",\"@id\":\"https:\\\/\\\/secure.gravatar.com\\\/avatar\\\/b71bf7481d447dfb9583c7f2798e7cc64de6efb9067b74633ed8c31059a3bd82?s=96&d=mm&r=g\",\"url\":\"https:\\\/\\\/secure.gravatar.com\\\/avatar\\\/b71bf7481d447dfb9583c7f2798e7cc64de6efb9067b74633ed8c31059a3bd82?s=96&d=mm&r=g\",\"contentUrl\":\"https:\\\/\\\/secure.gravatar.com\\\/avatar\\\/b71bf7481d447dfb9583c7f2798e7cc64de6efb9067b74633ed8c31059a3bd82?s=96&d=mm&r=g\",\"caption\":\"Sebastian\"},\"url\":\"https:\\\/\\\/informelitoral.com.ar\\\/author\\\/sebastian\\\/\"}]}<\/script>","yoast_head_json":{"title":"Becas de Entre R\u00edos: nuevo cronograma de pagos - Informe Litoral","robots":{"index":"index","follow":"follow","max-snippet":"max-snippet:-1","max-image-preview":"max-image-preview:large","max-video-preview":"max-video-preview:-1"},"canonical":"https:\/\/informelitoral.com.ar\/becas-de-entre-rios-aumento-del-500-y-nuevo-cronograma-de-pagos\/","og_locale":"es_ES","og_type":"article","og_title":"Becas de Entre R\u00edos: nuevo cronograma de pagos - Informe Litoral","og_description":"El Instituto Becario anunci\u00f3 las fechas de pago correspondientes a noviembre de 2025, extendiendo el acompa\u00f1amiento hasta 2026.","og_url":"https:\/\/informelitoral.com.ar\/becas-de-entre-rios-aumento-del-500-y-nuevo-cronograma-de-pagos\/","og_site_name":"Informe Litoral","article_publisher":"https:\/\/www.facebook.com\/informelitoral\/","article_published_time":"2025-11-04T18:27:43+00:00","article_modified_time":"2025-11-04T19:24:38+00:00","og_image":[{"width":1600,"height":1069,"url":"https:\/\/drive.google.com\/thumbnail?id=1GFdiDIwR-M-ovXBtA1W8TFEYQTDG_U7t&sz=w2048","type":"image\/jpeg"}],"author":"Sebastian","twitter_card":"summary_large_image","twitter_creator":"@InformeLitoral","twitter_site":"@InformeLitoral","twitter_misc":{"Escrito por":"Sebastian","Tiempo de lectura":"2 minutos"},"schema":{"@context":"https:\/\/schema.org","@graph":[{"@type":"Article","@id":"https:\/\/informelitoral.com.ar\/becas-de-entre-rios-aumento-del-500-y-nuevo-cronograma-de-pagos\/#article","isPartOf":{"@id":"https:\/\/informelitoral.com.ar\/becas-de-entre-rios-aumento-del-500-y-nuevo-cronograma-de-pagos\/"},"author":{"name":"Sebastian","@id":"https:\/\/informelitoral.com.ar\/#\/schema\/person\/f05f9f461677119578717524b127d6d5"},"headline":"Becas de Entre R\u00edos: nuevo cronograma de pagos","datePublished":"2025-11-04T18:27:43+00:00","dateModified":"2025-11-04T19:24:38+00:00","mainEntityOfPage":{"@id":"https:\/\/informelitoral.com.ar\/becas-de-entre-rios-aumento-del-500-y-nuevo-cronograma-de-pagos\/"},"wordCount":379,"commentCount":0,"publisher":{"@id":"https:\/\/informelitoral.com.ar\/#organization"},"image":{"@id":"https:\/\/informelitoral.com.ar\/becas-de-entre-rios-aumento-del-500-y-nuevo-cronograma-de-pagos\/#primaryimage"},"thumbnailUrl":"https:\/\/drive.google.com\/thumbnail?id=1GFdiDIwR-M-ovXBtA1W8TFEYQTDG_U7t&sz=w2048","keywords":["Becas","Cronograma de pagos","Entre R\u00edos"],"articleSection":["Entre R\u00edos"],"inLanguage":"es","potentialAction":[{"@type":"CommentAction","name":"Comment","target":["https:\/\/informelitoral.com.ar\/becas-de-entre-rios-aumento-del-500-y-nuevo-cronograma-de-pagos\/#respond"]}]},{"@type":"WebPage","@id":"https:\/\/informelitoral.com.ar\/becas-de-entre-rios-aumento-del-500-y-nuevo-cronograma-de-pagos\/","url":"https:\/\/informelitoral.com.ar\/becas-de-entre-rios-aumento-del-500-y-nuevo-cronograma-de-pagos\/","name":"Becas de Entre R\u00edos: nuevo cronograma de pagos - Informe Litoral","isPartOf":{"@id":"https:\/\/informelitoral.com.ar\/#website"},"primaryImageOfPage":{"@id":"https:\/\/informelitoral.com.ar\/becas-de-entre-rios-aumento-del-500-y-nuevo-cronograma-de-pagos\/#primaryimage"},"image":{"@id":"https:\/\/informelitoral.com.ar\/becas-de-entre-rios-aumento-del-500-y-nuevo-cronograma-de-pagos\/#primaryimage"},"thumbnailUrl":"https:\/\/drive.google.com\/thumbnail?id=1GFdiDIwR-M-ovXBtA1W8TFEYQTDG_U7t&sz=w2048","datePublished":"2025-11-04T18:27:43+00:00","dateModified":"2025-11-04T19:24:38+00:00","breadcrumb":{"@id":"https:\/\/informelitoral.com.ar\/becas-de-entre-rios-aumento-del-500-y-nuevo-cronograma-de-pagos\/#breadcrumb"},"inLanguage":"es","potentialAction":[{"@type":"ReadAction","target":["https:\/\/informelitoral.com.ar\/becas-de-entre-rios-aumento-del-500-y-nuevo-cronograma-de-pagos\/"]}]},{"@type":"ImageObject","inLanguage":"es","@id":"https:\/\/informelitoral.com.ar\/becas-de-entre-rios-aumento-del-500-y-nuevo-cronograma-de-pagos\/#primaryimage","url":"https:\/\/drive.google.com\/thumbnail?id=1GFdiDIwR-M-ovXBtA1W8TFEYQTDG_U7t&sz=w2048","contentUrl":"https:\/\/drive.google.com\/thumbnail?id=1GFdiDIwR-M-ovXBtA1W8TFEYQTDG_U7t&sz=w2048","width":1600,"height":1069},{"@type":"BreadcrumbList","@id":"https:\/\/informelitoral.com.ar\/becas-de-entre-rios-aumento-del-500-y-nuevo-cronograma-de-pagos\/#breadcrumb","itemListElement":[{"@type":"ListItem","position":1,"name":"Portada","item":"https:\/\/informelitoral.com.ar\/"},{"@type":"ListItem","position":2,"name":"Becas de Entre R\u00edos: nuevo cronograma de pagos"}]},{"@type":"WebSite","@id":"https:\/\/informelitoral.com.ar\/#website","url":"https:\/\/informelitoral.com.ar\/","name":"Informe Litoral","description":"&quot;Nos informamos&quot; ","publisher":{"@id":"https:\/\/informelitoral.com.ar\/#organization"},"potentialAction":[{"@type":"SearchAction","target":{"@type":"EntryPoint","urlTemplate":"https:\/\/informelitoral.com.ar\/?s={search_term_string}"},"query-input":{"@type":"PropertyValueSpecification","valueRequired":true,"valueName":"search_term_string"}}],"inLanguage":"es"},{"@type":"Organization","@id":"https:\/\/informelitoral.com.ar\/#organization","name":"Informe Litoral","url":"https:\/\/informelitoral.com.ar\/","logo":{"@type":"ImageObject","inLanguage":"es","@id":"https:\/\/informelitoral.com.ar\/#\/schema\/logo\/image\/","url":"https:\/\/informelitoral.com.ar\/%77%70%2d%63%6f%6e%74%65%6e%74\/uploads\/2021\/01\/circulo.png","contentUrl":"https:\/\/informelitoral.com.ar\/%77%70%2d%63%6f%6e%74%65%6e%74\/uploads\/2021\/01\/circulo.png","width":723,"height":731,"caption":"Informe Litoral"},"image":{"@id":"https:\/\/informelitoral.com.ar\/#\/schema\/logo\/image\/"},"sameAs":["https:\/\/www.facebook.com\/informelitoral\/","https:\/\/x.com\/InformeLitoral","https:\/\/www.instagram.com\/informelitoral\/","https:\/\/www.youtube.com\/channel\/UCua4Qvz8Icb6MYqhoq9xLXw"]},{"@type":"Person","@id":"https:\/\/informelitoral.com.ar\/#\/schema\/person\/f05f9f461677119578717524b127d6d5","name":"Sebastian","image":{"@type":"ImageObject","inLanguage":"es","@id":"https:\/\/secure.gravatar.com\/avatar\/b71bf7481d447dfb9583c7f2798e7cc64de6efb9067b74633ed8c31059a3bd82?s=96&d=mm&r=g","url":"https:\/\/secure.gravatar.com\/avatar\/b71bf7481d447dfb9583c7f2798e7cc64de6efb9067b74633ed8c31059a3bd82?s=96&d=mm&r=g","contentUrl":"https:\/\/secure.gravatar.com\/avatar\/b71bf7481d447dfb9583c7f2798e7cc64de6efb9067b74633ed8c31059a3bd82?s=96&d=mm&r=g","caption":"Sebastian"},"url":"https:\/\/informelitoral.com.ar\/author\/sebastian\/"}]}},"_links":{"self":[{"href":"https:\/\/informelitoral.com.ar\/%77%70%2d%6a%73%6f%6e\/wp\/v2\/posts\/239300","targetHints":{"allow":["GET"]}}],"collection":[{"href":"https:\/\/informelitoral.com.ar\/%77%70%2d%6a%73%6f%6e\/wp\/v2\/posts"}],"about":[{"href":"https:\/\/informelitoral.com.ar\/%77%70%2d%6a%73%6f%6e\/wp\/v2\/types\/post"}],"author":[{"embeddable":true,"href":"https:\/\/informelitoral.com.ar\/%77%70%2d%6a%73%6f%6e\/wp\/v2\/users\/8"}],"replies":[{"embeddable":true,"href":"https:\/\/informelitoral.com.ar\/%77%70%2d%6a%73%6f%6e\/wp\/v2\/comments?post=239300"}],"version-history":[{"count":9,"href":"https:\/\/informelitoral.com.ar\/%77%70%2d%6a%73%6f%6e\/wp\/v2\/posts\/239300\/revisions"}],"predecessor-version":[{"id":239312,"href":"https:\/\/informelitoral.com.ar\/%77%70%2d%6a%73%6f%6e\/wp\/v2\/posts\/239300\/revisions\/239312"}],"wp:featuredmedia":[{"embeddable":true,"href":"https:\/\/informelitoral.com.ar\/%77%70%2d%6a%73%6f%6e\/wp\/v2\/media\/239302"}],"wp:attachment":[{"href":"https:\/\/informelitoral.com.ar\/%77%70%2d%6a%73%6f%6e\/wp\/v2\/media?parent=239300"}],"wp:term":[{"taxonomy":"category","embeddable":true,"href":"https:\/\/informelitoral.com.ar\/%77%70%2d%6a%73%6f%6e\/wp\/v2\/categories?post=239300"},{"taxonomy":"post_tag","embeddable":true,"href":"https:\/\/informelitoral.com.ar\/%77%70%2d%6a%73%6f%6e\/wp\/v2\/tags?post=239300"}],"curies":[{"name":"wp","href":"https:\/\/api.w.org\/{rel}","templated":true}]}}