{"id":239235,"date":"2025-11-04T10:21:01","date_gmt":"2025-11-04T13:21:01","guid":{"rendered":"https:\/\/informelitoral.com.ar\/?p=239235"},"modified":"2025-11-04T16:38:09","modified_gmt":"2025-11-04T19:38:09","slug":"horacio-gross-es-el-nuevo-presidente-de-lar-cooperativa-limitada","status":"publish","type":"post","link":"https:\/\/informelitoral.com.ar\/horacio-gross-es-el-nuevo-presidente-de-lar-cooperativa-limitada\/","title":{"rendered":"Horacio Gross es el nuevo presidente de LAR Cooperativa Limitada"},"content":{"rendered":"<p>La Agr\u00edcola Regional (LAR) Cooperativa Limitada confirm\u00f3 la nueva composici\u00f3n de su \u00f3rgano rector. Luego de la Asamblea General Ordinaria celebrada el pasado 28 de octubre, se concret\u00f3 la distribuci\u00f3n de cargos que design\u00f3 a <b>Horacio Gross<\/b> como el nuevo <b>Presidente del Consejo de Administraci\u00f3n<\/b>.<\/p>\n<p><a href=\"https:\/\/drive.google.com\/thumbnail?id=1r-cb3NrzVOjS3wKIAHMQ4TurFjho37PW&amp;sz=w2048\"><img loading=\"lazy\" decoding=\"async\" class=\"alignnone wp-image-239241\" src=\"https:\/\/drive.google.com\/thumbnail?id=1r-cb3NrzVOjS3wKIAHMQ4TurFjho37PW&amp;sz=w2048\" alt=\"\" width=\"691\" height=\"525\" \/><\/a><\/p>\n<p>Gross no es un reci\u00e9n llegado a la funci\u00f3n, ya que previamente hab\u00eda conducido los destinos de la entidad durante el per\u00edodo 2023-2024. Su regreso a la presidencia marca la continuidad de una l\u00ednea de gesti\u00f3n en la cooperativa, una de las m\u00e1s relevantes del sector agropecuario en la regi\u00f3n.<\/p>\n<p>El nuevo Consejo de Administraci\u00f3n est\u00e1 integrado por un grupo de dirigentes que representan a los asociados de LAR, garantizando la gobernanza y la toma de decisiones estrat\u00e9gicas de la cooperativa.<\/p>\n<p>Acompa\u00f1ando a Horacio Gross, el \u00f3rgano rector qued\u00f3 conformado de la siguiente manera:<\/p>\n<table>\n<thead>\n<tr>\n<td><strong>Cargo<\/strong><\/td>\n<td><strong>Nombre<\/strong><\/td>\n<\/tr>\n<\/thead>\n<tbody>\n<tr>\n<td><b>PRESIDENTE<\/b><\/td>\n<td>Gross Horacio Abelardo<\/td>\n<\/tr>\n<tr>\n<td><b>VICEPRESIDENTE<\/b><\/td>\n<td>Laurencena Jos\u00e9 Miguel<\/td>\n<\/tr>\n<tr>\n<td><b>SECRETARIO<\/b><\/td>\n<td>M\u00fcller Guillermo Ariel<\/td>\n<\/tr>\n<tr>\n<td><b>PROSECRETARIO<\/b><\/td>\n<td>Gebhardt Rodolfo Omar<\/td>\n<\/tr>\n<tr>\n<td><b>TESORERO<\/b><\/td>\n<td>Sacks Estelio Andr\u00e9s<\/td>\n<\/tr>\n<tr>\n<td><b>PROTESORERO<\/b><\/td>\n<td>Rau Roberto Vicente<\/td>\n<\/tr>\n<tr>\n<td><b>S\u00cdNDICO TITULAR<\/b><\/td>\n<td>Bolz\u00e1n Dante Luis<\/td>\n<\/tr>\n<tr>\n<td><b>S\u00cdNDICO SUPLENTE<\/b><\/td>\n<td>Cullen Alicia Pilar<\/td>\n<\/tr>\n<\/tbody>\n<\/table>\n<p>&nbsp;<\/p>\n<p><b>Vocales Titulares:<\/b><\/p>\n<ol start=\"1\">\n<li>Grin\u00f3vero Viviana Patricia<\/li>\n<li>Schneinder Edgardo Heriberto<\/li>\n<li>Trossero Dante Carlos<\/li>\n<\/ol>\n<p><b>Vocales Suplentes:<\/b><\/p>\n<ol start=\"1\">\n<li>Moine Fabi\u00e1n Ariel<\/li>\n<li>Schmidt Edgardo Armando<\/li>\n<li>Fontana Roque Osvaldo<\/li>\n<\/ol>\n<p>La nueva conducci\u00f3n asume el compromiso de impulsar los proyectos de diversificaci\u00f3n e inversi\u00f3n de LAR, que incluyen la expansi\u00f3n en energ\u00edas renovables, avicultura e industrializaci\u00f3n de la nuez pec\u00e1n, marcando el rumbo de la cooperativa para el nuevo ejercicio.<em>(Informe Litoral)<\/em><\/p>\n<h6><em><strong>Del archivo:\u00a0<a href=\"https:\/\/informelitoral.com.ar\/recuperaron-medio-centenar-de-ladrillos-robados-tras-allanamiento-en-victoria\/\" target=\"_blank\" rel=\"noopener\">Recuperaron medio centenar de ladrillos robados tras allanamiento en Victoria<\/a><\/strong><\/em><\/h6>\n<h6><em><strong><a href=\"https:\/\/informelitoral.com.ar\/fuerte-alza-en-los-precios-de-la-hacienda-la-ganadera-cerro-octubre-con-solidos-aumentos\/\" target=\"_blank\" rel=\"noopener\">Fuerte alza en los precios de la hacienda en Entre R\u00edos: suba promedio del 5,82% en octubre<\/a><\/strong><\/em><\/h6>\n","protected":false},"excerpt":{"rendered":"<p>El dirigente asume la funci\u00f3n tras la distribuci\u00f3n de cargos posterior a la Asamblea General Ordinaria. Vuelve a liderar el Consejo de Administraci\u00f3n para el per\u00edodo 2025-2026.<\/p>\n","protected":false},"author":8,"featured_media":239236,"comment_status":"open","ping_status":"open","sticky":false,"template":"","format":"standard","meta":{"fifu_image_url":"https:\/\/www.campoenaccion.com\/galeria\/fotos\/2025\/11\/03\/o_1762173620.jpg","fifu_image_alt":"","footnotes":""},"categories":[10],"tags":[3571,137,208,3586],"class_list":{"0":"post-239235","1":"post","2":"type-post","3":"status-publish","4":"format-standard","5":"has-post-thumbnail","7":"category-campo","8":"tag-asamblea-general-ordinaria","9":"tag-cooperativa","10":"tag-crespo","11":"tag-la-agricola-regional"},"yoast_head":"<title>Horacio Gross es el nuevo presidente de LAR Cooperativa Limitada - Informe Litoral<\/title>\n<meta name=\"robots\" content=\"index, follow, max-snippet:-1, max-image-preview:large, max-video-preview:-1\" \/>\n<link rel=\"canonical\" href=\"https:\/\/informelitoral.com.ar\/horacio-gross-es-el-nuevo-presidente-de-lar-cooperativa-limitada\/\" \/>\n<meta property=\"og:locale\" content=\"es_ES\" \/>\n<meta property=\"og:type\" content=\"article\" \/>\n<meta property=\"og:title\" content=\"Horacio Gross es el nuevo presidente de LAR Cooperativa Limitada - Informe Litoral\" \/>\n<meta property=\"og:description\" content=\"El dirigente asume la funci\u00f3n tras la distribuci\u00f3n de cargos posterior a la Asamblea General Ordinaria. Vuelve a liderar el Consejo de Administraci\u00f3n para el per\u00edodo 2025-2026.\" \/>\n<meta property=\"og:url\" content=\"https:\/\/informelitoral.com.ar\/horacio-gross-es-el-nuevo-presidente-de-lar-cooperativa-limitada\/\" \/>\n<meta property=\"og:site_name\" content=\"Informe Litoral\" \/>\n<meta property=\"article:publisher\" content=\"https:\/\/www.facebook.com\/informelitoral\/\" \/>\n<meta property=\"article:published_time\" content=\"2025-11-04T13:21:01+00:00\" \/>\n<meta property=\"article:modified_time\" content=\"2025-11-04T19:38:09+00:00\" \/>\n<meta property=\"og:image\" content=\"https:\/\/www.campoenaccion.com\/galeria\/fotos\/2025\/11\/03\/o_1762173620.jpg\" \/>\n<meta name=\"author\" content=\"Sebastian\" \/>\n<meta name=\"twitter:card\" content=\"summary_large_image\" \/>\n<meta name=\"twitter:image\" content=\"https:\/\/www.campoenaccion.com\/galeria\/fotos\/2025\/11\/03\/o_1762173620.jpg\" \/>\n<meta name=\"twitter:creator\" content=\"@InformeLitoral\" \/>\n<meta name=\"twitter:site\" content=\"@InformeLitoral\" \/>\n<meta name=\"twitter:label1\" content=\"Escrito por\" \/>\n\t<meta name=\"twitter:data1\" content=\"Sebastian\" \/>\n\t<meta name=\"twitter:label2\" content=\"Tiempo de lectura\" \/>\n\t<meta name=\"twitter:data2\" content=\"2 minutos\" \/>\n<script type=\"application\/ld+json\" class=\"yoast-schema-graph\">{\"@context\":\"https:\\\/\\\/schema.org\",\"@graph\":[{\"@type\":\"Article\",\"@id\":\"https:\\\/\\\/informelitoral.com.ar\\\/horacio-gross-es-el-nuevo-presidente-de-lar-cooperativa-limitada\\\/#article\",\"isPartOf\":{\"@id\":\"https:\\\/\\\/informelitoral.com.ar\\\/horacio-gross-es-el-nuevo-presidente-de-lar-cooperativa-limitada\\\/\"},\"author\":{\"name\":\"Sebastian\",\"@id\":\"https:\\\/\\\/informelitoral.com.ar\\\/#\\\/schema\\\/person\\\/f05f9f461677119578717524b127d6d5\"},\"headline\":\"Horacio Gross es el nuevo presidente de LAR Cooperativa Limitada\",\"datePublished\":\"2025-11-04T13:21:01+00:00\",\"dateModified\":\"2025-11-04T19:38:09+00:00\",\"mainEntityOfPage\":{\"@id\":\"https:\\\/\\\/informelitoral.com.ar\\\/horacio-gross-es-el-nuevo-presidente-de-lar-cooperativa-limitada\\\/\"},\"wordCount\":307,\"commentCount\":0,\"publisher\":{\"@id\":\"https:\\\/\\\/informelitoral.com.ar\\\/#organization\"},\"image\":{\"@id\":\"https:\\\/\\\/informelitoral.com.ar\\\/horacio-gross-es-el-nuevo-presidente-de-lar-cooperativa-limitada\\\/#primaryimage\"},\"thumbnailUrl\":\"https:\\\/\\\/www.campoenaccion.com\\\/galeria\\\/fotos\\\/2025\\\/11\\\/03\\\/o_1762173620.jpg\",\"keywords\":[\"Asamblea General Ordinaria\",\"Cooperativa\",\"Crespo\",\"La Agr\u00edcola Regional\"],\"articleSection\":[\"Campo\"],\"inLanguage\":\"es\",\"potentialAction\":[{\"@type\":\"CommentAction\",\"name\":\"Comment\",\"target\":[\"https:\\\/\\\/informelitoral.com.ar\\\/horacio-gross-es-el-nuevo-presidente-de-lar-cooperativa-limitada\\\/#respond\"]}]},{\"@type\":\"WebPage\",\"@id\":\"https:\\\/\\\/informelitoral.com.ar\\\/horacio-gross-es-el-nuevo-presidente-de-lar-cooperativa-limitada\\\/\",\"url\":\"https:\\\/\\\/informelitoral.com.ar\\\/horacio-gross-es-el-nuevo-presidente-de-lar-cooperativa-limitada\\\/\",\"name\":\"Horacio Gross es el nuevo presidente de LAR Cooperativa Limitada - Informe Litoral\",\"isPartOf\":{\"@id\":\"https:\\\/\\\/informelitoral.com.ar\\\/#website\"},\"primaryImageOfPage\":{\"@id\":\"https:\\\/\\\/informelitoral.com.ar\\\/horacio-gross-es-el-nuevo-presidente-de-lar-cooperativa-limitada\\\/#primaryimage\"},\"image\":{\"@id\":\"https:\\\/\\\/informelitoral.com.ar\\\/horacio-gross-es-el-nuevo-presidente-de-lar-cooperativa-limitada\\\/#primaryimage\"},\"thumbnailUrl\":\"https:\\\/\\\/www.campoenaccion.com\\\/galeria\\\/fotos\\\/2025\\\/11\\\/03\\\/o_1762173620.jpg\",\"datePublished\":\"2025-11-04T13:21:01+00:00\",\"dateModified\":\"2025-11-04T19:38:09+00:00\",\"breadcrumb\":{\"@id\":\"https:\\\/\\\/informelitoral.com.ar\\\/horacio-gross-es-el-nuevo-presidente-de-lar-cooperativa-limitada\\\/#breadcrumb\"},\"inLanguage\":\"es\",\"potentialAction\":[{\"@type\":\"ReadAction\",\"target\":[\"https:\\\/\\\/informelitoral.com.ar\\\/horacio-gross-es-el-nuevo-presidente-de-lar-cooperativa-limitada\\\/\"]}]},{\"@type\":\"ImageObject\",\"inLanguage\":\"es\",\"@id\":\"https:\\\/\\\/informelitoral.com.ar\\\/horacio-gross-es-el-nuevo-presidente-de-lar-cooperativa-limitada\\\/#primaryimage\",\"url\":\"https:\\\/\\\/www.campoenaccion.com\\\/galeria\\\/fotos\\\/2025\\\/11\\\/03\\\/o_1762173620.jpg\",\"contentUrl\":\"https:\\\/\\\/www.campoenaccion.com\\\/galeria\\\/fotos\\\/2025\\\/11\\\/03\\\/o_1762173620.jpg\",\"width\":\"1920\",\"height\":\"1080\"},{\"@type\":\"BreadcrumbList\",\"@id\":\"https:\\\/\\\/informelitoral.com.ar\\\/horacio-gross-es-el-nuevo-presidente-de-lar-cooperativa-limitada\\\/#breadcrumb\",\"itemListElement\":[{\"@type\":\"ListItem\",\"position\":1,\"name\":\"Portada\",\"item\":\"https:\\\/\\\/informelitoral.com.ar\\\/\"},{\"@type\":\"ListItem\",\"position\":2,\"name\":\"Horacio Gross es el nuevo presidente de LAR Cooperativa Limitada\"}]},{\"@type\":\"WebSite\",\"@id\":\"https:\\\/\\\/informelitoral.com.ar\\\/#website\",\"url\":\"https:\\\/\\\/informelitoral.com.ar\\\/\",\"name\":\"Informe Litoral\",\"description\":\"&quot;Nos informamos&quot; \",\"publisher\":{\"@id\":\"https:\\\/\\\/informelitoral.com.ar\\\/#organization\"},\"potentialAction\":[{\"@type\":\"SearchAction\",\"target\":{\"@type\":\"EntryPoint\",\"urlTemplate\":\"https:\\\/\\\/informelitoral.com.ar\\\/?s={search_term_string}\"},\"query-input\":{\"@type\":\"PropertyValueSpecification\",\"valueRequired\":true,\"valueName\":\"search_term_string\"}}],\"inLanguage\":\"es\"},{\"@type\":\"Organization\",\"@id\":\"https:\\\/\\\/informelitoral.com.ar\\\/#organization\",\"name\":\"Informe Litoral\",\"url\":\"https:\\\/\\\/informelitoral.com.ar\\\/\",\"logo\":{\"@type\":\"ImageObject\",\"inLanguage\":\"es\",\"@id\":\"https:\\\/\\\/informelitoral.com.ar\\\/#\\\/schema\\\/logo\\\/image\\\/\",\"url\":\"https:\\\/\\\/informelitoral.com.ar\\\/%77%70%2d%63%6f%6e%74%65%6e%74\\\/uploads\\\/2021\\\/01\\\/circulo.png\",\"contentUrl\":\"https:\\\/\\\/informelitoral.com.ar\\\/%77%70%2d%63%6f%6e%74%65%6e%74\\\/uploads\\\/2021\\\/01\\\/circulo.png\",\"width\":723,\"height\":731,\"caption\":\"Informe Litoral\"},\"image\":{\"@id\":\"https:\\\/\\\/informelitoral.com.ar\\\/#\\\/schema\\\/logo\\\/image\\\/\"},\"sameAs\":[\"https:\\\/\\\/www.facebook.com\\\/informelitoral\\\/\",\"https:\\\/\\\/x.com\\\/InformeLitoral\",\"https:\\\/\\\/www.instagram.com\\\/informelitoral\\\/\",\"https:\\\/\\\/www.youtube.com\\\/channel\\\/UCua4Qvz8Icb6MYqhoq9xLXw\"]},{\"@type\":\"Person\",\"@id\":\"https:\\\/\\\/informelitoral.com.ar\\\/#\\\/schema\\\/person\\\/f05f9f461677119578717524b127d6d5\",\"name\":\"Sebastian\",\"image\":{\"@type\":\"ImageObject\",\"inLanguage\":\"es\",\"@id\":\"https:\\\/\\\/secure.gravatar.com\\\/avatar\\\/b71bf7481d447dfb9583c7f2798e7cc64de6efb9067b74633ed8c31059a3bd82?s=96&d=mm&r=g\",\"url\":\"https:\\\/\\\/secure.gravatar.com\\\/avatar\\\/b71bf7481d447dfb9583c7f2798e7cc64de6efb9067b74633ed8c31059a3bd82?s=96&d=mm&r=g\",\"contentUrl\":\"https:\\\/\\\/secure.gravatar.com\\\/avatar\\\/b71bf7481d447dfb9583c7f2798e7cc64de6efb9067b74633ed8c31059a3bd82?s=96&d=mm&r=g\",\"caption\":\"Sebastian\"},\"url\":\"https:\\\/\\\/informelitoral.com.ar\\\/author\\\/sebastian\\\/\"}]}<\/script>","yoast_head_json":{"title":"Horacio Gross es el nuevo presidente de LAR Cooperativa Limitada - Informe Litoral","robots":{"index":"index","follow":"follow","max-snippet":"max-snippet:-1","max-image-preview":"max-image-preview:large","max-video-preview":"max-video-preview:-1"},"canonical":"https:\/\/informelitoral.com.ar\/horacio-gross-es-el-nuevo-presidente-de-lar-cooperativa-limitada\/","og_locale":"es_ES","og_type":"article","og_title":"Horacio Gross es el nuevo presidente de LAR Cooperativa Limitada - Informe Litoral","og_description":"El dirigente asume la funci\u00f3n tras la distribuci\u00f3n de cargos posterior a la Asamblea General Ordinaria. Vuelve a liderar el Consejo de Administraci\u00f3n para el per\u00edodo 2025-2026.","og_url":"https:\/\/informelitoral.com.ar\/horacio-gross-es-el-nuevo-presidente-de-lar-cooperativa-limitada\/","og_site_name":"Informe Litoral","article_publisher":"https:\/\/www.facebook.com\/informelitoral\/","article_published_time":"2025-11-04T13:21:01+00:00","article_modified_time":"2025-11-04T19:38:09+00:00","og_image":[{"url":"https:\/\/www.campoenaccion.com\/galeria\/fotos\/2025\/11\/03\/o_1762173620.jpg","type":"","width":"","height":""}],"author":"Sebastian","twitter_card":"summary_large_image","twitter_image":"https:\/\/www.campoenaccion.com\/galeria\/fotos\/2025\/11\/03\/o_1762173620.jpg","twitter_creator":"@InformeLitoral","twitter_site":"@InformeLitoral","twitter_misc":{"Escrito por":"Sebastian","Tiempo de lectura":"2 minutos"},"schema":{"@context":"https:\/\/schema.org","@graph":[{"@type":"Article","@id":"https:\/\/informelitoral.com.ar\/horacio-gross-es-el-nuevo-presidente-de-lar-cooperativa-limitada\/#article","isPartOf":{"@id":"https:\/\/informelitoral.com.ar\/horacio-gross-es-el-nuevo-presidente-de-lar-cooperativa-limitada\/"},"author":{"name":"Sebastian","@id":"https:\/\/informelitoral.com.ar\/#\/schema\/person\/f05f9f461677119578717524b127d6d5"},"headline":"Horacio Gross es el nuevo presidente de LAR Cooperativa Limitada","datePublished":"2025-11-04T13:21:01+00:00","dateModified":"2025-11-04T19:38:09+00:00","mainEntityOfPage":{"@id":"https:\/\/informelitoral.com.ar\/horacio-gross-es-el-nuevo-presidente-de-lar-cooperativa-limitada\/"},"wordCount":307,"commentCount":0,"publisher":{"@id":"https:\/\/informelitoral.com.ar\/#organization"},"image":{"@id":"https:\/\/informelitoral.com.ar\/horacio-gross-es-el-nuevo-presidente-de-lar-cooperativa-limitada\/#primaryimage"},"thumbnailUrl":"https:\/\/www.campoenaccion.com\/galeria\/fotos\/2025\/11\/03\/o_1762173620.jpg","keywords":["Asamblea General Ordinaria","Cooperativa","Crespo","La Agr\u00edcola Regional"],"articleSection":["Campo"],"inLanguage":"es","potentialAction":[{"@type":"CommentAction","name":"Comment","target":["https:\/\/informelitoral.com.ar\/horacio-gross-es-el-nuevo-presidente-de-lar-cooperativa-limitada\/#respond"]}]},{"@type":"WebPage","@id":"https:\/\/informelitoral.com.ar\/horacio-gross-es-el-nuevo-presidente-de-lar-cooperativa-limitada\/","url":"https:\/\/informelitoral.com.ar\/horacio-gross-es-el-nuevo-presidente-de-lar-cooperativa-limitada\/","name":"Horacio Gross es el nuevo presidente de LAR Cooperativa Limitada - Informe Litoral","isPartOf":{"@id":"https:\/\/informelitoral.com.ar\/#website"},"primaryImageOfPage":{"@id":"https:\/\/informelitoral.com.ar\/horacio-gross-es-el-nuevo-presidente-de-lar-cooperativa-limitada\/#primaryimage"},"image":{"@id":"https:\/\/informelitoral.com.ar\/horacio-gross-es-el-nuevo-presidente-de-lar-cooperativa-limitada\/#primaryimage"},"thumbnailUrl":"https:\/\/www.campoenaccion.com\/galeria\/fotos\/2025\/11\/03\/o_1762173620.jpg","datePublished":"2025-11-04T13:21:01+00:00","dateModified":"2025-11-04T19:38:09+00:00","breadcrumb":{"@id":"https:\/\/informelitoral.com.ar\/horacio-gross-es-el-nuevo-presidente-de-lar-cooperativa-limitada\/#breadcrumb"},"inLanguage":"es","potentialAction":[{"@type":"ReadAction","target":["https:\/\/informelitoral.com.ar\/horacio-gross-es-el-nuevo-presidente-de-lar-cooperativa-limitada\/"]}]},{"@type":"ImageObject","inLanguage":"es","@id":"https:\/\/informelitoral.com.ar\/horacio-gross-es-el-nuevo-presidente-de-lar-cooperativa-limitada\/#primaryimage","url":"https:\/\/www.campoenaccion.com\/galeria\/fotos\/2025\/11\/03\/o_1762173620.jpg","contentUrl":"https:\/\/www.campoenaccion.com\/galeria\/fotos\/2025\/11\/03\/o_1762173620.jpg","width":"1920","height":"1080"},{"@type":"BreadcrumbList","@id":"https:\/\/informelitoral.com.ar\/horacio-gross-es-el-nuevo-presidente-de-lar-cooperativa-limitada\/#breadcrumb","itemListElement":[{"@type":"ListItem","position":1,"name":"Portada","item":"https:\/\/informelitoral.com.ar\/"},{"@type":"ListItem","position":2,"name":"Horacio Gross es el nuevo presidente de LAR Cooperativa Limitada"}]},{"@type":"WebSite","@id":"https:\/\/informelitoral.com.ar\/#website","url":"https:\/\/informelitoral.com.ar\/","name":"Informe Litoral","description":"&quot;Nos informamos&quot; ","publisher":{"@id":"https:\/\/informelitoral.com.ar\/#organization"},"potentialAction":[{"@type":"SearchAction","target":{"@type":"EntryPoint","urlTemplate":"https:\/\/informelitoral.com.ar\/?s={search_term_string}"},"query-input":{"@type":"PropertyValueSpecification","valueRequired":true,"valueName":"search_term_string"}}],"inLanguage":"es"},{"@type":"Organization","@id":"https:\/\/informelitoral.com.ar\/#organization","name":"Informe Litoral","url":"https:\/\/informelitoral.com.ar\/","logo":{"@type":"ImageObject","inLanguage":"es","@id":"https:\/\/informelitoral.com.ar\/#\/schema\/logo\/image\/","url":"https:\/\/informelitoral.com.ar\/%77%70%2d%63%6f%6e%74%65%6e%74\/uploads\/2021\/01\/circulo.png","contentUrl":"https:\/\/informelitoral.com.ar\/%77%70%2d%63%6f%6e%74%65%6e%74\/uploads\/2021\/01\/circulo.png","width":723,"height":731,"caption":"Informe Litoral"},"image":{"@id":"https:\/\/informelitoral.com.ar\/#\/schema\/logo\/image\/"},"sameAs":["https:\/\/www.facebook.com\/informelitoral\/","https:\/\/x.com\/InformeLitoral","https:\/\/www.instagram.com\/informelitoral\/","https:\/\/www.youtube.com\/channel\/UCua4Qvz8Icb6MYqhoq9xLXw"]},{"@type":"Person","@id":"https:\/\/informelitoral.com.ar\/#\/schema\/person\/f05f9f461677119578717524b127d6d5","name":"Sebastian","image":{"@type":"ImageObject","inLanguage":"es","@id":"https:\/\/secure.gravatar.com\/avatar\/b71bf7481d447dfb9583c7f2798e7cc64de6efb9067b74633ed8c31059a3bd82?s=96&d=mm&r=g","url":"https:\/\/secure.gravatar.com\/avatar\/b71bf7481d447dfb9583c7f2798e7cc64de6efb9067b74633ed8c31059a3bd82?s=96&d=mm&r=g","contentUrl":"https:\/\/secure.gravatar.com\/avatar\/b71bf7481d447dfb9583c7f2798e7cc64de6efb9067b74633ed8c31059a3bd82?s=96&d=mm&r=g","caption":"Sebastian"},"url":"https:\/\/informelitoral.com.ar\/author\/sebastian\/"}]}},"fifu_image_url":"https:\/\/www.campoenaccion.com\/galeria\/fotos\/2025\/11\/03\/o_1762173620.jpg","_links":{"self":[{"href":"https:\/\/informelitoral.com.ar\/%77%70%2d%6a%73%6f%6e\/wp\/v2\/posts\/239235","targetHints":{"allow":["GET"]}}],"collection":[{"href":"https:\/\/informelitoral.com.ar\/%77%70%2d%6a%73%6f%6e\/wp\/v2\/posts"}],"about":[{"href":"https:\/\/informelitoral.com.ar\/%77%70%2d%6a%73%6f%6e\/wp\/v2\/types\/post"}],"author":[{"embeddable":true,"href":"https:\/\/informelitoral.com.ar\/%77%70%2d%6a%73%6f%6e\/wp\/v2\/users\/8"}],"replies":[{"embeddable":true,"href":"https:\/\/informelitoral.com.ar\/%77%70%2d%6a%73%6f%6e\/wp\/v2\/comments?post=239235"}],"version-history":[{"count":5,"href":"https:\/\/informelitoral.com.ar\/%77%70%2d%6a%73%6f%6e\/wp\/v2\/posts\/239235\/revisions"}],"predecessor-version":[{"id":239319,"href":"https:\/\/informelitoral.com.ar\/%77%70%2d%6a%73%6f%6e\/wp\/v2\/posts\/239235\/revisions\/239319"}],"wp:featuredmedia":[{"embeddable":true,"href":"https:\/\/informelitoral.com.ar\/%77%70%2d%6a%73%6f%6e\/wp\/v2\/media\/239236"}],"wp:attachment":[{"href":"https:\/\/informelitoral.com.ar\/%77%70%2d%6a%73%6f%6e\/wp\/v2\/media?parent=239235"}],"wp:term":[{"taxonomy":"category","embeddable":true,"href":"https:\/\/informelitoral.com.ar\/%77%70%2d%6a%73%6f%6e\/wp\/v2\/categories?post=239235"},{"taxonomy":"post_tag","embeddable":true,"href":"https:\/\/informelitoral.com.ar\/%77%70%2d%6a%73%6f%6e\/wp\/v2\/tags?post=239235"}],"curies":[{"name":"wp","href":"https:\/\/api.w.org\/{rel}","templated":true}]}}