{"id":239218,"date":"2025-11-04T09:54:02","date_gmt":"2025-11-04T12:54:02","guid":{"rendered":"https:\/\/informelitoral.com.ar\/?p=239218"},"modified":"2025-11-04T21:45:09","modified_gmt":"2025-11-05T00:45:09","slug":"avance-clave-en-parana-instalan-estructuras-fotovoltaicas-en-el-parque-industrial","status":"publish","type":"post","link":"https:\/\/informelitoral.com.ar\/avance-clave-en-parana-instalan-estructuras-fotovoltaicas-en-el-parque-industrial\/","title":{"rendered":"Avance clave en Paran\u00e1: instalan estructuras fotovoltaicas en el Parque Industrial"},"content":{"rendered":"<p>La Municipalidad de Paran\u00e1 ha dado un paso fundamental en la construcci\u00f3n de su <b>Parque Solar Fotovoltaico<\/b>, la obra de energ\u00eda renovable que se convertir\u00e1 en un hito ambiental para la provincia. Los equipos t\u00e9cnicos est\u00e1n enfocados actualmente en el <b>armado e instalaci\u00f3n de las estructuras fotovoltaicas<\/b> que sostendr\u00e1n los paneles solares.<\/p>\n<p>El predio de 8 hect\u00e1reas elegido para el proyecto se encuentra estrat\u00e9gicamente ubicado <b>al sur del espacio comprendido por el Parque Industrial General Belgrano<\/b>, lo que facilita su conexi\u00f3n y posiciona la obra en una zona clave para la producci\u00f3n.<\/p>\n<p><img decoding=\"async\" src=\"https:\/\/www.parana.gob.ar\/writable\/uploads\/1762224731_6df591097524abb20fc7.jpg\" \/><\/p>\n<p>La intendenta <b>Rosario Romero<\/b> destac\u00f3 que se est\u00e1 \u00abavanzando hacia las energ\u00edas alternativas no contaminantes\u00bb y que este ser\u00e1 \u00abel primer parque municipal\u00bb de gran escala, generando \u00abenerg\u00edas sanas\u00bb.<\/p>\n<h6><em><strong>Del archivo:\u00a0<a href=\"https:\/\/informelitoral.com.ar\/parana-ya-puso-en-marcha-la-obra-de-ruta-12-y-mejora-el-acceso-al-parque-industrial\/\" target=\"_blank\" rel=\"noopener\">Paran\u00e1 ya puso en marcha la obra de Ruta 12 y mejora el acceso al Parque Industrial<\/a><\/strong><\/em><\/h6>\n<p>Los trabajos en el sitio no solo incluyen la fijaci\u00f3n de los bastidores met\u00e1licos (estructuras de soporte), sino tambi\u00e9n la verificaci\u00f3n de su estabilidad y correcta alineaci\u00f3n para maximizar la captaci\u00f3n de energ\u00eda solar.<\/p>\n<p><img decoding=\"async\" src=\"https:\/\/www.parana.gob.ar\/writable\/uploads\/1762224710_8f8944b63a8504d05354.jpg\" \/><\/p>\n<p>El secretario de Planificaci\u00f3n e Infraestructura, <b>Eduardo Lor\u00e9fice<\/b>, confirm\u00f3 que ya ingresaron al predio las veinte unidades de <b>inversores modelo Sineng SP-350K-H1<\/b>, componentes vitales para transformar la energ\u00eda. Paralelamente, se ejecuta la obra civil para el <b>centro de transformaci\u00f3n<\/b>, que incluye el hormigonado de bases y columnas para alojar el transformador principal.<\/p>\n<h2><b>Impacto y proyecciones<\/b><\/h2>\n<p>La instalaci\u00f3n contar\u00e1 con <b>10.400 paneles solares bifaciales<\/b> y se estima que suministrar\u00e1 <b>7,38 MWp de potencia<\/b>. Este nivel de producci\u00f3n generar\u00e1 un ahorro de m\u00e1s de cien mil d\u00f3lares mensuales y, en t\u00e9rminos comparativos, equivale al consumo el\u00e9ctrico de todo el alumbrado p\u00fablico de Paran\u00e1. Adem\u00e1s, se proyecta una reducci\u00f3n anual de 9.000 toneladas de emisiones de carbono a la atm\u00f3sfera.<\/p>\n<p>(<em>Informe Litoral<\/em>)<\/p>\n<p><img decoding=\"async\" src=\"https:\/\/www.parana.gob.ar\/writable\/uploads\/1762224701_74ca1c73d7b1b2367a23.jpg\" \/><\/p>\n","protected":false},"excerpt":{"rendered":"<p>La Municipalidad acelera el montaje de los soportes que albergar\u00e1n 10.400 paneles, proyectando un ahorro energ\u00e9tico equivalente al alumbrado p\u00fablico.<\/p>\n","protected":false},"author":8,"featured_media":239219,"comment_status":"open","ping_status":"open","sticky":false,"template":"","format":"standard","meta":{"fifu_image_url":"https:\/\/www.parana.gob.ar\/writable\/uploads\/6a01851b05dffbdb7bc0706d74357521.jpg","fifu_image_alt":"","footnotes":""},"categories":[1597],"tags":[6170,45],"class_list":{"0":"post-239218","1":"post","2":"type-post","3":"status-publish","4":"format-standard","5":"has-post-thumbnail","7":"category-parana","8":"tag-estructuras-fotovoltaica","9":"tag-parana"},"yoast_head":"<title>Avance clave en Paran\u00e1: instalan estructuras fotovoltaicas en el Parque Industrial - Informe Litoral<\/title>\n<meta name=\"robots\" content=\"index, follow, max-snippet:-1, max-image-preview:large, max-video-preview:-1\" \/>\n<link rel=\"canonical\" href=\"https:\/\/informelitoral.com.ar\/avance-clave-en-parana-instalan-estructuras-fotovoltaicas-en-el-parque-industrial\/\" \/>\n<meta property=\"og:locale\" content=\"es_ES\" \/>\n<meta property=\"og:type\" content=\"article\" \/>\n<meta property=\"og:title\" content=\"Avance clave en Paran\u00e1: instalan estructuras fotovoltaicas en el Parque Industrial - Informe Litoral\" \/>\n<meta property=\"og:description\" content=\"La Municipalidad acelera el montaje de los soportes que albergar\u00e1n 10.400 paneles, proyectando un ahorro energ\u00e9tico equivalente al alumbrado p\u00fablico.\" \/>\n<meta property=\"og:url\" content=\"https:\/\/informelitoral.com.ar\/avance-clave-en-parana-instalan-estructuras-fotovoltaicas-en-el-parque-industrial\/\" \/>\n<meta property=\"og:site_name\" content=\"Informe Litoral\" \/>\n<meta property=\"article:publisher\" content=\"https:\/\/www.facebook.com\/informelitoral\/\" \/>\n<meta property=\"article:published_time\" content=\"2025-11-04T12:54:02+00:00\" \/>\n<meta property=\"article:modified_time\" content=\"2025-11-05T00:45:09+00:00\" \/>\n<meta property=\"og:image\" content=\"https:\/\/www.parana.gob.ar\/writable\/uploads\/6a01851b05dffbdb7bc0706d74357521.jpg\" \/>\n<meta name=\"author\" content=\"Sebastian\" \/>\n<meta name=\"twitter:card\" content=\"summary_large_image\" \/>\n<meta name=\"twitter:image\" content=\"https:\/\/www.parana.gob.ar\/writable\/uploads\/6a01851b05dffbdb7bc0706d74357521.jpg\" \/>\n<meta name=\"twitter:creator\" content=\"@InformeLitoral\" \/>\n<meta name=\"twitter:site\" content=\"@InformeLitoral\" \/>\n<meta name=\"twitter:label1\" content=\"Escrito por\" \/>\n\t<meta name=\"twitter:data1\" content=\"Sebastian\" \/>\n\t<meta name=\"twitter:label2\" content=\"Tiempo de lectura\" \/>\n\t<meta name=\"twitter:data2\" content=\"3 minutos\" \/>\n<script type=\"application\/ld+json\" class=\"yoast-schema-graph\">{\"@context\":\"https:\\\/\\\/schema.org\",\"@graph\":[{\"@type\":\"Article\",\"@id\":\"https:\\\/\\\/informelitoral.com.ar\\\/avance-clave-en-parana-instalan-estructuras-fotovoltaicas-en-el-parque-industrial\\\/#article\",\"isPartOf\":{\"@id\":\"https:\\\/\\\/informelitoral.com.ar\\\/avance-clave-en-parana-instalan-estructuras-fotovoltaicas-en-el-parque-industrial\\\/\"},\"author\":{\"name\":\"Sebastian\",\"@id\":\"https:\\\/\\\/informelitoral.com.ar\\\/#\\\/schema\\\/person\\\/f05f9f461677119578717524b127d6d5\"},\"headline\":\"Avance clave en Paran\u00e1: instalan estructuras fotovoltaicas en el Parque Industrial\",\"datePublished\":\"2025-11-04T12:54:02+00:00\",\"dateModified\":\"2025-11-05T00:45:09+00:00\",\"mainEntityOfPage\":{\"@id\":\"https:\\\/\\\/informelitoral.com.ar\\\/avance-clave-en-parana-instalan-estructuras-fotovoltaicas-en-el-parque-industrial\\\/\"},\"wordCount\":333,\"commentCount\":0,\"publisher\":{\"@id\":\"https:\\\/\\\/informelitoral.com.ar\\\/#organization\"},\"image\":{\"@id\":\"https:\\\/\\\/informelitoral.com.ar\\\/avance-clave-en-parana-instalan-estructuras-fotovoltaicas-en-el-parque-industrial\\\/#primaryimage\"},\"thumbnailUrl\":\"https:\\\/\\\/www.parana.gob.ar\\\/writable\\\/uploads\\\/6a01851b05dffbdb7bc0706d74357521.jpg\",\"keywords\":[\"Estructuras Fotovoltaica\",\"Paran\u00e1\"],\"articleSection\":[\"Paran\u00e1\"],\"inLanguage\":\"es\",\"potentialAction\":[{\"@type\":\"CommentAction\",\"name\":\"Comment\",\"target\":[\"https:\\\/\\\/informelitoral.com.ar\\\/avance-clave-en-parana-instalan-estructuras-fotovoltaicas-en-el-parque-industrial\\\/#respond\"]}]},{\"@type\":\"WebPage\",\"@id\":\"https:\\\/\\\/informelitoral.com.ar\\\/avance-clave-en-parana-instalan-estructuras-fotovoltaicas-en-el-parque-industrial\\\/\",\"url\":\"https:\\\/\\\/informelitoral.com.ar\\\/avance-clave-en-parana-instalan-estructuras-fotovoltaicas-en-el-parque-industrial\\\/\",\"name\":\"Avance clave en Paran\u00e1: instalan estructuras fotovoltaicas en el Parque Industrial - Informe Litoral\",\"isPartOf\":{\"@id\":\"https:\\\/\\\/informelitoral.com.ar\\\/#website\"},\"primaryImageOfPage\":{\"@id\":\"https:\\\/\\\/informelitoral.com.ar\\\/avance-clave-en-parana-instalan-estructuras-fotovoltaicas-en-el-parque-industrial\\\/#primaryimage\"},\"image\":{\"@id\":\"https:\\\/\\\/informelitoral.com.ar\\\/avance-clave-en-parana-instalan-estructuras-fotovoltaicas-en-el-parque-industrial\\\/#primaryimage\"},\"thumbnailUrl\":\"https:\\\/\\\/www.parana.gob.ar\\\/writable\\\/uploads\\\/6a01851b05dffbdb7bc0706d74357521.jpg\",\"datePublished\":\"2025-11-04T12:54:02+00:00\",\"dateModified\":\"2025-11-05T00:45:09+00:00\",\"breadcrumb\":{\"@id\":\"https:\\\/\\\/informelitoral.com.ar\\\/avance-clave-en-parana-instalan-estructuras-fotovoltaicas-en-el-parque-industrial\\\/#breadcrumb\"},\"inLanguage\":\"es\",\"potentialAction\":[{\"@type\":\"ReadAction\",\"target\":[\"https:\\\/\\\/informelitoral.com.ar\\\/avance-clave-en-parana-instalan-estructuras-fotovoltaicas-en-el-parque-industrial\\\/\"]}]},{\"@type\":\"ImageObject\",\"inLanguage\":\"es\",\"@id\":\"https:\\\/\\\/informelitoral.com.ar\\\/avance-clave-en-parana-instalan-estructuras-fotovoltaicas-en-el-parque-industrial\\\/#primaryimage\",\"url\":\"https:\\\/\\\/www.parana.gob.ar\\\/writable\\\/uploads\\\/6a01851b05dffbdb7bc0706d74357521.jpg\",\"contentUrl\":\"https:\\\/\\\/www.parana.gob.ar\\\/writable\\\/uploads\\\/6a01851b05dffbdb7bc0706d74357521.jpg\",\"width\":\"1280\",\"height\":\"854\"},{\"@type\":\"BreadcrumbList\",\"@id\":\"https:\\\/\\\/informelitoral.com.ar\\\/avance-clave-en-parana-instalan-estructuras-fotovoltaicas-en-el-parque-industrial\\\/#breadcrumb\",\"itemListElement\":[{\"@type\":\"ListItem\",\"position\":1,\"name\":\"Portada\",\"item\":\"https:\\\/\\\/informelitoral.com.ar\\\/\"},{\"@type\":\"ListItem\",\"position\":2,\"name\":\"Avance clave en Paran\u00e1: instalan estructuras fotovoltaicas en el Parque Industrial\"}]},{\"@type\":\"WebSite\",\"@id\":\"https:\\\/\\\/informelitoral.com.ar\\\/#website\",\"url\":\"https:\\\/\\\/informelitoral.com.ar\\\/\",\"name\":\"Informe Litoral\",\"description\":\"&quot;Nos informamos&quot; \",\"publisher\":{\"@id\":\"https:\\\/\\\/informelitoral.com.ar\\\/#organization\"},\"potentialAction\":[{\"@type\":\"SearchAction\",\"target\":{\"@type\":\"EntryPoint\",\"urlTemplate\":\"https:\\\/\\\/informelitoral.com.ar\\\/?s={search_term_string}\"},\"query-input\":{\"@type\":\"PropertyValueSpecification\",\"valueRequired\":true,\"valueName\":\"search_term_string\"}}],\"inLanguage\":\"es\"},{\"@type\":\"Organization\",\"@id\":\"https:\\\/\\\/informelitoral.com.ar\\\/#organization\",\"name\":\"Informe Litoral\",\"url\":\"https:\\\/\\\/informelitoral.com.ar\\\/\",\"logo\":{\"@type\":\"ImageObject\",\"inLanguage\":\"es\",\"@id\":\"https:\\\/\\\/informelitoral.com.ar\\\/#\\\/schema\\\/logo\\\/image\\\/\",\"url\":\"https:\\\/\\\/informelitoral.com.ar\\\/%77%70%2d%63%6f%6e%74%65%6e%74\\\/uploads\\\/2021\\\/01\\\/circulo.png\",\"contentUrl\":\"https:\\\/\\\/informelitoral.com.ar\\\/%77%70%2d%63%6f%6e%74%65%6e%74\\\/uploads\\\/2021\\\/01\\\/circulo.png\",\"width\":723,\"height\":731,\"caption\":\"Informe Litoral\"},\"image\":{\"@id\":\"https:\\\/\\\/informelitoral.com.ar\\\/#\\\/schema\\\/logo\\\/image\\\/\"},\"sameAs\":[\"https:\\\/\\\/www.facebook.com\\\/informelitoral\\\/\",\"https:\\\/\\\/x.com\\\/InformeLitoral\",\"https:\\\/\\\/www.instagram.com\\\/informelitoral\\\/\",\"https:\\\/\\\/www.youtube.com\\\/channel\\\/UCua4Qvz8Icb6MYqhoq9xLXw\"]},{\"@type\":\"Person\",\"@id\":\"https:\\\/\\\/informelitoral.com.ar\\\/#\\\/schema\\\/person\\\/f05f9f461677119578717524b127d6d5\",\"name\":\"Sebastian\",\"image\":{\"@type\":\"ImageObject\",\"inLanguage\":\"es\",\"@id\":\"https:\\\/\\\/secure.gravatar.com\\\/avatar\\\/b71bf7481d447dfb9583c7f2798e7cc64de6efb9067b74633ed8c31059a3bd82?s=96&d=mm&r=g\",\"url\":\"https:\\\/\\\/secure.gravatar.com\\\/avatar\\\/b71bf7481d447dfb9583c7f2798e7cc64de6efb9067b74633ed8c31059a3bd82?s=96&d=mm&r=g\",\"contentUrl\":\"https:\\\/\\\/secure.gravatar.com\\\/avatar\\\/b71bf7481d447dfb9583c7f2798e7cc64de6efb9067b74633ed8c31059a3bd82?s=96&d=mm&r=g\",\"caption\":\"Sebastian\"},\"url\":\"https:\\\/\\\/informelitoral.com.ar\\\/author\\\/sebastian\\\/\"}]}<\/script>","yoast_head_json":{"title":"Avance clave en Paran\u00e1: instalan estructuras fotovoltaicas en el Parque Industrial - Informe Litoral","robots":{"index":"index","follow":"follow","max-snippet":"max-snippet:-1","max-image-preview":"max-image-preview:large","max-video-preview":"max-video-preview:-1"},"canonical":"https:\/\/informelitoral.com.ar\/avance-clave-en-parana-instalan-estructuras-fotovoltaicas-en-el-parque-industrial\/","og_locale":"es_ES","og_type":"article","og_title":"Avance clave en Paran\u00e1: instalan estructuras fotovoltaicas en el Parque Industrial - Informe Litoral","og_description":"La Municipalidad acelera el montaje de los soportes que albergar\u00e1n 10.400 paneles, proyectando un ahorro energ\u00e9tico equivalente al alumbrado p\u00fablico.","og_url":"https:\/\/informelitoral.com.ar\/avance-clave-en-parana-instalan-estructuras-fotovoltaicas-en-el-parque-industrial\/","og_site_name":"Informe Litoral","article_publisher":"https:\/\/www.facebook.com\/informelitoral\/","article_published_time":"2025-11-04T12:54:02+00:00","article_modified_time":"2025-11-05T00:45:09+00:00","og_image":[{"url":"https:\/\/www.parana.gob.ar\/writable\/uploads\/6a01851b05dffbdb7bc0706d74357521.jpg","type":"","width":"","height":""}],"author":"Sebastian","twitter_card":"summary_large_image","twitter_image":"https:\/\/www.parana.gob.ar\/writable\/uploads\/6a01851b05dffbdb7bc0706d74357521.jpg","twitter_creator":"@InformeLitoral","twitter_site":"@InformeLitoral","twitter_misc":{"Escrito por":"Sebastian","Tiempo de lectura":"3 minutos"},"schema":{"@context":"https:\/\/schema.org","@graph":[{"@type":"Article","@id":"https:\/\/informelitoral.com.ar\/avance-clave-en-parana-instalan-estructuras-fotovoltaicas-en-el-parque-industrial\/#article","isPartOf":{"@id":"https:\/\/informelitoral.com.ar\/avance-clave-en-parana-instalan-estructuras-fotovoltaicas-en-el-parque-industrial\/"},"author":{"name":"Sebastian","@id":"https:\/\/informelitoral.com.ar\/#\/schema\/person\/f05f9f461677119578717524b127d6d5"},"headline":"Avance clave en Paran\u00e1: instalan estructuras fotovoltaicas en el Parque Industrial","datePublished":"2025-11-04T12:54:02+00:00","dateModified":"2025-11-05T00:45:09+00:00","mainEntityOfPage":{"@id":"https:\/\/informelitoral.com.ar\/avance-clave-en-parana-instalan-estructuras-fotovoltaicas-en-el-parque-industrial\/"},"wordCount":333,"commentCount":0,"publisher":{"@id":"https:\/\/informelitoral.com.ar\/#organization"},"image":{"@id":"https:\/\/informelitoral.com.ar\/avance-clave-en-parana-instalan-estructuras-fotovoltaicas-en-el-parque-industrial\/#primaryimage"},"thumbnailUrl":"https:\/\/www.parana.gob.ar\/writable\/uploads\/6a01851b05dffbdb7bc0706d74357521.jpg","keywords":["Estructuras Fotovoltaica","Paran\u00e1"],"articleSection":["Paran\u00e1"],"inLanguage":"es","potentialAction":[{"@type":"CommentAction","name":"Comment","target":["https:\/\/informelitoral.com.ar\/avance-clave-en-parana-instalan-estructuras-fotovoltaicas-en-el-parque-industrial\/#respond"]}]},{"@type":"WebPage","@id":"https:\/\/informelitoral.com.ar\/avance-clave-en-parana-instalan-estructuras-fotovoltaicas-en-el-parque-industrial\/","url":"https:\/\/informelitoral.com.ar\/avance-clave-en-parana-instalan-estructuras-fotovoltaicas-en-el-parque-industrial\/","name":"Avance clave en Paran\u00e1: instalan estructuras fotovoltaicas en el Parque Industrial - Informe Litoral","isPartOf":{"@id":"https:\/\/informelitoral.com.ar\/#website"},"primaryImageOfPage":{"@id":"https:\/\/informelitoral.com.ar\/avance-clave-en-parana-instalan-estructuras-fotovoltaicas-en-el-parque-industrial\/#primaryimage"},"image":{"@id":"https:\/\/informelitoral.com.ar\/avance-clave-en-parana-instalan-estructuras-fotovoltaicas-en-el-parque-industrial\/#primaryimage"},"thumbnailUrl":"https:\/\/www.parana.gob.ar\/writable\/uploads\/6a01851b05dffbdb7bc0706d74357521.jpg","datePublished":"2025-11-04T12:54:02+00:00","dateModified":"2025-11-05T00:45:09+00:00","breadcrumb":{"@id":"https:\/\/informelitoral.com.ar\/avance-clave-en-parana-instalan-estructuras-fotovoltaicas-en-el-parque-industrial\/#breadcrumb"},"inLanguage":"es","potentialAction":[{"@type":"ReadAction","target":["https:\/\/informelitoral.com.ar\/avance-clave-en-parana-instalan-estructuras-fotovoltaicas-en-el-parque-industrial\/"]}]},{"@type":"ImageObject","inLanguage":"es","@id":"https:\/\/informelitoral.com.ar\/avance-clave-en-parana-instalan-estructuras-fotovoltaicas-en-el-parque-industrial\/#primaryimage","url":"https:\/\/www.parana.gob.ar\/writable\/uploads\/6a01851b05dffbdb7bc0706d74357521.jpg","contentUrl":"https:\/\/www.parana.gob.ar\/writable\/uploads\/6a01851b05dffbdb7bc0706d74357521.jpg","width":"1280","height":"854"},{"@type":"BreadcrumbList","@id":"https:\/\/informelitoral.com.ar\/avance-clave-en-parana-instalan-estructuras-fotovoltaicas-en-el-parque-industrial\/#breadcrumb","itemListElement":[{"@type":"ListItem","position":1,"name":"Portada","item":"https:\/\/informelitoral.com.ar\/"},{"@type":"ListItem","position":2,"name":"Avance clave en Paran\u00e1: instalan estructuras fotovoltaicas en el Parque Industrial"}]},{"@type":"WebSite","@id":"https:\/\/informelitoral.com.ar\/#website","url":"https:\/\/informelitoral.com.ar\/","name":"Informe Litoral","description":"&quot;Nos informamos&quot; ","publisher":{"@id":"https:\/\/informelitoral.com.ar\/#organization"},"potentialAction":[{"@type":"SearchAction","target":{"@type":"EntryPoint","urlTemplate":"https:\/\/informelitoral.com.ar\/?s={search_term_string}"},"query-input":{"@type":"PropertyValueSpecification","valueRequired":true,"valueName":"search_term_string"}}],"inLanguage":"es"},{"@type":"Organization","@id":"https:\/\/informelitoral.com.ar\/#organization","name":"Informe Litoral","url":"https:\/\/informelitoral.com.ar\/","logo":{"@type":"ImageObject","inLanguage":"es","@id":"https:\/\/informelitoral.com.ar\/#\/schema\/logo\/image\/","url":"https:\/\/informelitoral.com.ar\/%77%70%2d%63%6f%6e%74%65%6e%74\/uploads\/2021\/01\/circulo.png","contentUrl":"https:\/\/informelitoral.com.ar\/%77%70%2d%63%6f%6e%74%65%6e%74\/uploads\/2021\/01\/circulo.png","width":723,"height":731,"caption":"Informe Litoral"},"image":{"@id":"https:\/\/informelitoral.com.ar\/#\/schema\/logo\/image\/"},"sameAs":["https:\/\/www.facebook.com\/informelitoral\/","https:\/\/x.com\/InformeLitoral","https:\/\/www.instagram.com\/informelitoral\/","https:\/\/www.youtube.com\/channel\/UCua4Qvz8Icb6MYqhoq9xLXw"]},{"@type":"Person","@id":"https:\/\/informelitoral.com.ar\/#\/schema\/person\/f05f9f461677119578717524b127d6d5","name":"Sebastian","image":{"@type":"ImageObject","inLanguage":"es","@id":"https:\/\/secure.gravatar.com\/avatar\/b71bf7481d447dfb9583c7f2798e7cc64de6efb9067b74633ed8c31059a3bd82?s=96&d=mm&r=g","url":"https:\/\/secure.gravatar.com\/avatar\/b71bf7481d447dfb9583c7f2798e7cc64de6efb9067b74633ed8c31059a3bd82?s=96&d=mm&r=g","contentUrl":"https:\/\/secure.gravatar.com\/avatar\/b71bf7481d447dfb9583c7f2798e7cc64de6efb9067b74633ed8c31059a3bd82?s=96&d=mm&r=g","caption":"Sebastian"},"url":"https:\/\/informelitoral.com.ar\/author\/sebastian\/"}]}},"fifu_image_url":"https:\/\/www.parana.gob.ar\/writable\/uploads\/6a01851b05dffbdb7bc0706d74357521.jpg","_links":{"self":[{"href":"https:\/\/informelitoral.com.ar\/%77%70%2d%6a%73%6f%6e\/wp\/v2\/posts\/239218","targetHints":{"allow":["GET"]}}],"collection":[{"href":"https:\/\/informelitoral.com.ar\/%77%70%2d%6a%73%6f%6e\/wp\/v2\/posts"}],"about":[{"href":"https:\/\/informelitoral.com.ar\/%77%70%2d%6a%73%6f%6e\/wp\/v2\/types\/post"}],"author":[{"embeddable":true,"href":"https:\/\/informelitoral.com.ar\/%77%70%2d%6a%73%6f%6e\/wp\/v2\/users\/8"}],"replies":[{"embeddable":true,"href":"https:\/\/informelitoral.com.ar\/%77%70%2d%6a%73%6f%6e\/wp\/v2\/comments?post=239218"}],"version-history":[{"count":4,"href":"https:\/\/informelitoral.com.ar\/%77%70%2d%6a%73%6f%6e\/wp\/v2\/posts\/239218\/revisions"}],"predecessor-version":[{"id":239334,"href":"https:\/\/informelitoral.com.ar\/%77%70%2d%6a%73%6f%6e\/wp\/v2\/posts\/239218\/revisions\/239334"}],"wp:featuredmedia":[{"embeddable":true,"href":"https:\/\/informelitoral.com.ar\/%77%70%2d%6a%73%6f%6e\/wp\/v2\/media\/239219"}],"wp:attachment":[{"href":"https:\/\/informelitoral.com.ar\/%77%70%2d%6a%73%6f%6e\/wp\/v2\/media?parent=239218"}],"wp:term":[{"taxonomy":"category","embeddable":true,"href":"https:\/\/informelitoral.com.ar\/%77%70%2d%6a%73%6f%6e\/wp\/v2\/categories?post=239218"},{"taxonomy":"post_tag","embeddable":true,"href":"https:\/\/informelitoral.com.ar\/%77%70%2d%6a%73%6f%6e\/wp\/v2\/tags?post=239218"}],"curies":[{"name":"wp","href":"https:\/\/api.w.org\/{rel}","templated":true}]}}