{"id":239174,"date":"2025-11-03T20:52:23","date_gmt":"2025-11-03T23:52:23","guid":{"rendered":"https:\/\/informelitoral.com.ar\/?p=239174"},"modified":"2025-11-03T21:14:53","modified_gmt":"2025-11-04T00:14:53","slug":"recuperaron-medio-centenar-de-ladrillos-robados-tras-allanamiento-en-victoria","status":"publish","type":"post","link":"https:\/\/informelitoral.com.ar\/recuperaron-medio-centenar-de-ladrillos-robados-tras-allanamiento-en-victoria\/","title":{"rendered":"Recuperaron medio centenar de ladrillos robados tras allanamiento en Victoria"},"content":{"rendered":"<p>Una r\u00e1pida y coordinada investigaci\u00f3n policial logr\u00f3 recuperar medio centenar de ladrillos que hab\u00edan sido sustra\u00eddos de la parte externa de una vivienda en la localidad de<strong> Valle Mar\u00eda<\/strong>.<\/p>\n<p>El hecho se produjo sobre la calle Gualeguay de Valle Mar\u00eda, donde el damnificado report\u00f3 la falta de los materiales de construcci\u00f3n. Personal de la Comisar\u00eda de Valle Mar\u00eda, trabajando en conjunto con la <b>Divisi\u00f3n Investigaciones de la Jefatura Departamental Diamante<\/b>, inici\u00f3 las tareas de recolecci\u00f3n de pruebas.<\/p>\n<p>Tras averiguaciones se logr\u00f3 identificar el veh\u00edculo utilizado para retirar y trasladar los elementos robados. Con la evidencia obtenida, se solicit\u00f3 y ejecut\u00f3 una orden de allanamiento en un domicilio de la ciudad de\u00a0Victoria.<\/p>\n<p>Durante el allanamiento de la propiedad, los funcionarios policiales de Diamante lograron <b>hallar y secuestrar la totalidad del material de construcci\u00f3n<\/b>, el cual fue inmediatamente restituido a su leg\u00edtimo due\u00f1o.<\/p>\n<p>En tanto, el proceso penal contin\u00faa su curso sobre una persona que ha sido sindicada como la presunta autora del il\u00edcito, quedando a disposici\u00f3n de la Fiscal\u00eda interviniente.(<em>Informe Litoral<\/em>)<\/p>\n","protected":false},"excerpt":{"rendered":"<p>La investigaci\u00f3n conjunta entre la Comisar\u00eda de Valle Mar\u00eda y la Divisi\u00f3n Investigaciones de Diamante permiti\u00f3 identificar el veh\u00edculo utilizado en el robo.<\/p>\n","protected":false},"author":8,"featured_media":239176,"comment_status":"open","ping_status":"open","sticky":false,"template":"","format":"standard","meta":{"fifu_image_url":"https:\/\/admin.desdeentrerios.com.ar\/wp-content\/uploads\/2025\/11\/valle3.jpg","fifu_image_alt":"","footnotes":""},"categories":[14],"tags":[925,61,507],"class_list":{"0":"post-239174","1":"post","2":"type-post","3":"status-publish","4":"format-standard","5":"has-post-thumbnail","7":"category-policiales","8":"tag-allanamientos","9":"tag-valle-maria","10":"tag-victoria"},"yoast_head":"<title>Recuperaron medio centenar de ladrillos robados tras allanamiento en Victoria - Informe Litoral<\/title>\n<meta name=\"robots\" content=\"index, follow, max-snippet:-1, max-image-preview:large, max-video-preview:-1\" \/>\n<link rel=\"canonical\" href=\"https:\/\/informelitoral.com.ar\/recuperaron-medio-centenar-de-ladrillos-robados-tras-allanamiento-en-victoria\/\" \/>\n<meta property=\"og:locale\" content=\"es_ES\" \/>\n<meta property=\"og:type\" content=\"article\" \/>\n<meta property=\"og:title\" content=\"Recuperaron medio centenar de ladrillos robados tras allanamiento en Victoria - Informe Litoral\" \/>\n<meta property=\"og:description\" content=\"La investigaci\u00f3n conjunta entre la Comisar\u00eda de Valle Mar\u00eda y la Divisi\u00f3n Investigaciones de Diamante permiti\u00f3 identificar el veh\u00edculo utilizado en el robo.\" \/>\n<meta property=\"og:url\" content=\"https:\/\/informelitoral.com.ar\/recuperaron-medio-centenar-de-ladrillos-robados-tras-allanamiento-en-victoria\/\" \/>\n<meta property=\"og:site_name\" content=\"Informe Litoral\" \/>\n<meta property=\"article:publisher\" content=\"https:\/\/www.facebook.com\/informelitoral\/\" \/>\n<meta property=\"article:published_time\" content=\"2025-11-03T23:52:23+00:00\" \/>\n<meta property=\"article:modified_time\" content=\"2025-11-04T00:14:53+00:00\" \/>\n<meta property=\"og:image\" content=\"https:\/\/admin.desdeentrerios.com.ar\/%77%70%2d%63%6f%6e%74%65%6e%74\/uploads\/2025\/11\/valle3.jpg\" \/>\n<meta name=\"author\" content=\"Sebastian\" \/>\n<meta name=\"twitter:card\" content=\"summary_large_image\" \/>\n<meta name=\"twitter:image\" content=\"https:\/\/admin.desdeentrerios.com.ar\/%77%70%2d%63%6f%6e%74%65%6e%74\/uploads\/2025\/11\/valle3.jpg\" \/>\n<meta name=\"twitter:creator\" content=\"@InformeLitoral\" \/>\n<meta name=\"twitter:site\" content=\"@InformeLitoral\" \/>\n<meta name=\"twitter:label1\" content=\"Escrito por\" \/>\n\t<meta name=\"twitter:data1\" content=\"Sebastian\" \/>\n\t<meta name=\"twitter:label2\" content=\"Tiempo de lectura\" \/>\n\t<meta name=\"twitter:data2\" content=\"2 minutos\" \/>\n<script type=\"application\/ld+json\" class=\"yoast-schema-graph\">{\"@context\":\"https:\\\/\\\/schema.org\",\"@graph\":[{\"@type\":\"Article\",\"@id\":\"https:\\\/\\\/informelitoral.com.ar\\\/recuperaron-medio-centenar-de-ladrillos-robados-tras-allanamiento-en-victoria\\\/#article\",\"isPartOf\":{\"@id\":\"https:\\\/\\\/informelitoral.com.ar\\\/recuperaron-medio-centenar-de-ladrillos-robados-tras-allanamiento-en-victoria\\\/\"},\"author\":{\"name\":\"Sebastian\",\"@id\":\"https:\\\/\\\/informelitoral.com.ar\\\/#\\\/schema\\\/person\\\/f05f9f461677119578717524b127d6d5\"},\"headline\":\"Recuperaron medio centenar de ladrillos robados tras allanamiento en Victoria\",\"datePublished\":\"2025-11-03T23:52:23+00:00\",\"dateModified\":\"2025-11-04T00:14:53+00:00\",\"mainEntityOfPage\":{\"@id\":\"https:\\\/\\\/informelitoral.com.ar\\\/recuperaron-medio-centenar-de-ladrillos-robados-tras-allanamiento-en-victoria\\\/\"},\"wordCount\":201,\"commentCount\":0,\"publisher\":{\"@id\":\"https:\\\/\\\/informelitoral.com.ar\\\/#organization\"},\"image\":{\"@id\":\"https:\\\/\\\/informelitoral.com.ar\\\/recuperaron-medio-centenar-de-ladrillos-robados-tras-allanamiento-en-victoria\\\/#primaryimage\"},\"thumbnailUrl\":\"https:\\\/\\\/admin.desdeentrerios.com.ar\\\/%77%70%2d%63%6f%6e%74%65%6e%74\\\/uploads\\\/2025\\\/11\\\/valle3.jpg\",\"keywords\":[\"Allanamientos\",\"Valle Mar\u00eda\",\"Victoria\"],\"articleSection\":[\"Policiales\"],\"inLanguage\":\"es\",\"potentialAction\":[{\"@type\":\"CommentAction\",\"name\":\"Comment\",\"target\":[\"https:\\\/\\\/informelitoral.com.ar\\\/recuperaron-medio-centenar-de-ladrillos-robados-tras-allanamiento-en-victoria\\\/#respond\"]}]},{\"@type\":\"WebPage\",\"@id\":\"https:\\\/\\\/informelitoral.com.ar\\\/recuperaron-medio-centenar-de-ladrillos-robados-tras-allanamiento-en-victoria\\\/\",\"url\":\"https:\\\/\\\/informelitoral.com.ar\\\/recuperaron-medio-centenar-de-ladrillos-robados-tras-allanamiento-en-victoria\\\/\",\"name\":\"Recuperaron medio centenar de ladrillos robados tras allanamiento en Victoria - Informe Litoral\",\"isPartOf\":{\"@id\":\"https:\\\/\\\/informelitoral.com.ar\\\/#website\"},\"primaryImageOfPage\":{\"@id\":\"https:\\\/\\\/informelitoral.com.ar\\\/recuperaron-medio-centenar-de-ladrillos-robados-tras-allanamiento-en-victoria\\\/#primaryimage\"},\"image\":{\"@id\":\"https:\\\/\\\/informelitoral.com.ar\\\/recuperaron-medio-centenar-de-ladrillos-robados-tras-allanamiento-en-victoria\\\/#primaryimage\"},\"thumbnailUrl\":\"https:\\\/\\\/admin.desdeentrerios.com.ar\\\/%77%70%2d%63%6f%6e%74%65%6e%74\\\/uploads\\\/2025\\\/11\\\/valle3.jpg\",\"datePublished\":\"2025-11-03T23:52:23+00:00\",\"dateModified\":\"2025-11-04T00:14:53+00:00\",\"breadcrumb\":{\"@id\":\"https:\\\/\\\/informelitoral.com.ar\\\/recuperaron-medio-centenar-de-ladrillos-robados-tras-allanamiento-en-victoria\\\/#breadcrumb\"},\"inLanguage\":\"es\",\"potentialAction\":[{\"@type\":\"ReadAction\",\"target\":[\"https:\\\/\\\/informelitoral.com.ar\\\/recuperaron-medio-centenar-de-ladrillos-robados-tras-allanamiento-en-victoria\\\/\"]}]},{\"@type\":\"ImageObject\",\"inLanguage\":\"es\",\"@id\":\"https:\\\/\\\/informelitoral.com.ar\\\/recuperaron-medio-centenar-de-ladrillos-robados-tras-allanamiento-en-victoria\\\/#primaryimage\",\"url\":\"https:\\\/\\\/admin.desdeentrerios.com.ar\\\/%77%70%2d%63%6f%6e%74%65%6e%74\\\/uploads\\\/2025\\\/11\\\/valle3.jpg\",\"contentUrl\":\"https:\\\/\\\/admin.desdeentrerios.com.ar\\\/%77%70%2d%63%6f%6e%74%65%6e%74\\\/uploads\\\/2025\\\/11\\\/valle3.jpg\",\"width\":\"843\",\"height\":\"574\"},{\"@type\":\"BreadcrumbList\",\"@id\":\"https:\\\/\\\/informelitoral.com.ar\\\/recuperaron-medio-centenar-de-ladrillos-robados-tras-allanamiento-en-victoria\\\/#breadcrumb\",\"itemListElement\":[{\"@type\":\"ListItem\",\"position\":1,\"name\":\"Portada\",\"item\":\"https:\\\/\\\/informelitoral.com.ar\\\/\"},{\"@type\":\"ListItem\",\"position\":2,\"name\":\"Recuperaron medio centenar de ladrillos robados tras allanamiento en Victoria\"}]},{\"@type\":\"WebSite\",\"@id\":\"https:\\\/\\\/informelitoral.com.ar\\\/#website\",\"url\":\"https:\\\/\\\/informelitoral.com.ar\\\/\",\"name\":\"Informe Litoral\",\"description\":\"&quot;Nos informamos&quot; \",\"publisher\":{\"@id\":\"https:\\\/\\\/informelitoral.com.ar\\\/#organization\"},\"potentialAction\":[{\"@type\":\"SearchAction\",\"target\":{\"@type\":\"EntryPoint\",\"urlTemplate\":\"https:\\\/\\\/informelitoral.com.ar\\\/?s={search_term_string}\"},\"query-input\":{\"@type\":\"PropertyValueSpecification\",\"valueRequired\":true,\"valueName\":\"search_term_string\"}}],\"inLanguage\":\"es\"},{\"@type\":\"Organization\",\"@id\":\"https:\\\/\\\/informelitoral.com.ar\\\/#organization\",\"name\":\"Informe Litoral\",\"url\":\"https:\\\/\\\/informelitoral.com.ar\\\/\",\"logo\":{\"@type\":\"ImageObject\",\"inLanguage\":\"es\",\"@id\":\"https:\\\/\\\/informelitoral.com.ar\\\/#\\\/schema\\\/logo\\\/image\\\/\",\"url\":\"https:\\\/\\\/informelitoral.com.ar\\\/%77%70%2d%63%6f%6e%74%65%6e%74\\\/uploads\\\/2021\\\/01\\\/circulo.png\",\"contentUrl\":\"https:\\\/\\\/informelitoral.com.ar\\\/%77%70%2d%63%6f%6e%74%65%6e%74\\\/uploads\\\/2021\\\/01\\\/circulo.png\",\"width\":723,\"height\":731,\"caption\":\"Informe Litoral\"},\"image\":{\"@id\":\"https:\\\/\\\/informelitoral.com.ar\\\/#\\\/schema\\\/logo\\\/image\\\/\"},\"sameAs\":[\"https:\\\/\\\/www.facebook.com\\\/informelitoral\\\/\",\"https:\\\/\\\/x.com\\\/InformeLitoral\",\"https:\\\/\\\/www.instagram.com\\\/informelitoral\\\/\",\"https:\\\/\\\/www.youtube.com\\\/channel\\\/UCua4Qvz8Icb6MYqhoq9xLXw\"]},{\"@type\":\"Person\",\"@id\":\"https:\\\/\\\/informelitoral.com.ar\\\/#\\\/schema\\\/person\\\/f05f9f461677119578717524b127d6d5\",\"name\":\"Sebastian\",\"image\":{\"@type\":\"ImageObject\",\"inLanguage\":\"es\",\"@id\":\"https:\\\/\\\/secure.gravatar.com\\\/avatar\\\/b71bf7481d447dfb9583c7f2798e7cc64de6efb9067b74633ed8c31059a3bd82?s=96&d=mm&r=g\",\"url\":\"https:\\\/\\\/secure.gravatar.com\\\/avatar\\\/b71bf7481d447dfb9583c7f2798e7cc64de6efb9067b74633ed8c31059a3bd82?s=96&d=mm&r=g\",\"contentUrl\":\"https:\\\/\\\/secure.gravatar.com\\\/avatar\\\/b71bf7481d447dfb9583c7f2798e7cc64de6efb9067b74633ed8c31059a3bd82?s=96&d=mm&r=g\",\"caption\":\"Sebastian\"},\"url\":\"https:\\\/\\\/informelitoral.com.ar\\\/author\\\/sebastian\\\/\"}]}<\/script>","yoast_head_json":{"title":"Recuperaron medio centenar de ladrillos robados tras allanamiento en Victoria - Informe Litoral","robots":{"index":"index","follow":"follow","max-snippet":"max-snippet:-1","max-image-preview":"max-image-preview:large","max-video-preview":"max-video-preview:-1"},"canonical":"https:\/\/informelitoral.com.ar\/recuperaron-medio-centenar-de-ladrillos-robados-tras-allanamiento-en-victoria\/","og_locale":"es_ES","og_type":"article","og_title":"Recuperaron medio centenar de ladrillos robados tras allanamiento en Victoria - Informe Litoral","og_description":"La investigaci\u00f3n conjunta entre la Comisar\u00eda de Valle Mar\u00eda y la Divisi\u00f3n Investigaciones de Diamante permiti\u00f3 identificar el veh\u00edculo utilizado en el robo.","og_url":"https:\/\/informelitoral.com.ar\/recuperaron-medio-centenar-de-ladrillos-robados-tras-allanamiento-en-victoria\/","og_site_name":"Informe Litoral","article_publisher":"https:\/\/www.facebook.com\/informelitoral\/","article_published_time":"2025-11-03T23:52:23+00:00","article_modified_time":"2025-11-04T00:14:53+00:00","og_image":[{"url":"https:\/\/admin.desdeentrerios.com.ar\/wp-content\/uploads\/2025\/11\/valle3.jpg","type":"","width":"","height":""}],"author":"Sebastian","twitter_card":"summary_large_image","twitter_image":"https:\/\/admin.desdeentrerios.com.ar\/wp-content\/uploads\/2025\/11\/valle3.jpg","twitter_creator":"@InformeLitoral","twitter_site":"@InformeLitoral","twitter_misc":{"Escrito por":"Sebastian","Tiempo de lectura":"2 minutos"},"schema":{"@context":"https:\/\/schema.org","@graph":[{"@type":"Article","@id":"https:\/\/informelitoral.com.ar\/recuperaron-medio-centenar-de-ladrillos-robados-tras-allanamiento-en-victoria\/#article","isPartOf":{"@id":"https:\/\/informelitoral.com.ar\/recuperaron-medio-centenar-de-ladrillos-robados-tras-allanamiento-en-victoria\/"},"author":{"name":"Sebastian","@id":"https:\/\/informelitoral.com.ar\/#\/schema\/person\/f05f9f461677119578717524b127d6d5"},"headline":"Recuperaron medio centenar de ladrillos robados tras allanamiento en Victoria","datePublished":"2025-11-03T23:52:23+00:00","dateModified":"2025-11-04T00:14:53+00:00","mainEntityOfPage":{"@id":"https:\/\/informelitoral.com.ar\/recuperaron-medio-centenar-de-ladrillos-robados-tras-allanamiento-en-victoria\/"},"wordCount":201,"commentCount":0,"publisher":{"@id":"https:\/\/informelitoral.com.ar\/#organization"},"image":{"@id":"https:\/\/informelitoral.com.ar\/recuperaron-medio-centenar-de-ladrillos-robados-tras-allanamiento-en-victoria\/#primaryimage"},"thumbnailUrl":"https:\/\/admin.desdeentrerios.com.ar\/%77%70%2d%63%6f%6e%74%65%6e%74\/uploads\/2025\/11\/valle3.jpg","keywords":["Allanamientos","Valle Mar\u00eda","Victoria"],"articleSection":["Policiales"],"inLanguage":"es","potentialAction":[{"@type":"CommentAction","name":"Comment","target":["https:\/\/informelitoral.com.ar\/recuperaron-medio-centenar-de-ladrillos-robados-tras-allanamiento-en-victoria\/#respond"]}]},{"@type":"WebPage","@id":"https:\/\/informelitoral.com.ar\/recuperaron-medio-centenar-de-ladrillos-robados-tras-allanamiento-en-victoria\/","url":"https:\/\/informelitoral.com.ar\/recuperaron-medio-centenar-de-ladrillos-robados-tras-allanamiento-en-victoria\/","name":"Recuperaron medio centenar de ladrillos robados tras allanamiento en Victoria - Informe Litoral","isPartOf":{"@id":"https:\/\/informelitoral.com.ar\/#website"},"primaryImageOfPage":{"@id":"https:\/\/informelitoral.com.ar\/recuperaron-medio-centenar-de-ladrillos-robados-tras-allanamiento-en-victoria\/#primaryimage"},"image":{"@id":"https:\/\/informelitoral.com.ar\/recuperaron-medio-centenar-de-ladrillos-robados-tras-allanamiento-en-victoria\/#primaryimage"},"thumbnailUrl":"https:\/\/admin.desdeentrerios.com.ar\/%77%70%2d%63%6f%6e%74%65%6e%74\/uploads\/2025\/11\/valle3.jpg","datePublished":"2025-11-03T23:52:23+00:00","dateModified":"2025-11-04T00:14:53+00:00","breadcrumb":{"@id":"https:\/\/informelitoral.com.ar\/recuperaron-medio-centenar-de-ladrillos-robados-tras-allanamiento-en-victoria\/#breadcrumb"},"inLanguage":"es","potentialAction":[{"@type":"ReadAction","target":["https:\/\/informelitoral.com.ar\/recuperaron-medio-centenar-de-ladrillos-robados-tras-allanamiento-en-victoria\/"]}]},{"@type":"ImageObject","inLanguage":"es","@id":"https:\/\/informelitoral.com.ar\/recuperaron-medio-centenar-de-ladrillos-robados-tras-allanamiento-en-victoria\/#primaryimage","url":"https:\/\/admin.desdeentrerios.com.ar\/%77%70%2d%63%6f%6e%74%65%6e%74\/uploads\/2025\/11\/valle3.jpg","contentUrl":"https:\/\/admin.desdeentrerios.com.ar\/%77%70%2d%63%6f%6e%74%65%6e%74\/uploads\/2025\/11\/valle3.jpg","width":"843","height":"574"},{"@type":"BreadcrumbList","@id":"https:\/\/informelitoral.com.ar\/recuperaron-medio-centenar-de-ladrillos-robados-tras-allanamiento-en-victoria\/#breadcrumb","itemListElement":[{"@type":"ListItem","position":1,"name":"Portada","item":"https:\/\/informelitoral.com.ar\/"},{"@type":"ListItem","position":2,"name":"Recuperaron medio centenar de ladrillos robados tras allanamiento en Victoria"}]},{"@type":"WebSite","@id":"https:\/\/informelitoral.com.ar\/#website","url":"https:\/\/informelitoral.com.ar\/","name":"Informe Litoral","description":"&quot;Nos informamos&quot; ","publisher":{"@id":"https:\/\/informelitoral.com.ar\/#organization"},"potentialAction":[{"@type":"SearchAction","target":{"@type":"EntryPoint","urlTemplate":"https:\/\/informelitoral.com.ar\/?s={search_term_string}"},"query-input":{"@type":"PropertyValueSpecification","valueRequired":true,"valueName":"search_term_string"}}],"inLanguage":"es"},{"@type":"Organization","@id":"https:\/\/informelitoral.com.ar\/#organization","name":"Informe Litoral","url":"https:\/\/informelitoral.com.ar\/","logo":{"@type":"ImageObject","inLanguage":"es","@id":"https:\/\/informelitoral.com.ar\/#\/schema\/logo\/image\/","url":"https:\/\/informelitoral.com.ar\/%77%70%2d%63%6f%6e%74%65%6e%74\/uploads\/2021\/01\/circulo.png","contentUrl":"https:\/\/informelitoral.com.ar\/%77%70%2d%63%6f%6e%74%65%6e%74\/uploads\/2021\/01\/circulo.png","width":723,"height":731,"caption":"Informe Litoral"},"image":{"@id":"https:\/\/informelitoral.com.ar\/#\/schema\/logo\/image\/"},"sameAs":["https:\/\/www.facebook.com\/informelitoral\/","https:\/\/x.com\/InformeLitoral","https:\/\/www.instagram.com\/informelitoral\/","https:\/\/www.youtube.com\/channel\/UCua4Qvz8Icb6MYqhoq9xLXw"]},{"@type":"Person","@id":"https:\/\/informelitoral.com.ar\/#\/schema\/person\/f05f9f461677119578717524b127d6d5","name":"Sebastian","image":{"@type":"ImageObject","inLanguage":"es","@id":"https:\/\/secure.gravatar.com\/avatar\/b71bf7481d447dfb9583c7f2798e7cc64de6efb9067b74633ed8c31059a3bd82?s=96&d=mm&r=g","url":"https:\/\/secure.gravatar.com\/avatar\/b71bf7481d447dfb9583c7f2798e7cc64de6efb9067b74633ed8c31059a3bd82?s=96&d=mm&r=g","contentUrl":"https:\/\/secure.gravatar.com\/avatar\/b71bf7481d447dfb9583c7f2798e7cc64de6efb9067b74633ed8c31059a3bd82?s=96&d=mm&r=g","caption":"Sebastian"},"url":"https:\/\/informelitoral.com.ar\/author\/sebastian\/"}]}},"fifu_image_url":"https:\/\/admin.desdeentrerios.com.ar\/wp-content\/uploads\/2025\/11\/valle3.jpg","_links":{"self":[{"href":"https:\/\/informelitoral.com.ar\/%77%70%2d%6a%73%6f%6e\/wp\/v2\/posts\/239174","targetHints":{"allow":["GET"]}}],"collection":[{"href":"https:\/\/informelitoral.com.ar\/%77%70%2d%6a%73%6f%6e\/wp\/v2\/posts"}],"about":[{"href":"https:\/\/informelitoral.com.ar\/%77%70%2d%6a%73%6f%6e\/wp\/v2\/types\/post"}],"author":[{"embeddable":true,"href":"https:\/\/informelitoral.com.ar\/%77%70%2d%6a%73%6f%6e\/wp\/v2\/users\/8"}],"replies":[{"embeddable":true,"href":"https:\/\/informelitoral.com.ar\/%77%70%2d%6a%73%6f%6e\/wp\/v2\/comments?post=239174"}],"version-history":[{"count":7,"href":"https:\/\/informelitoral.com.ar\/%77%70%2d%6a%73%6f%6e\/wp\/v2\/posts\/239174\/revisions"}],"predecessor-version":[{"id":239182,"href":"https:\/\/informelitoral.com.ar\/%77%70%2d%6a%73%6f%6e\/wp\/v2\/posts\/239174\/revisions\/239182"}],"wp:featuredmedia":[{"embeddable":true,"href":"https:\/\/informelitoral.com.ar\/%77%70%2d%6a%73%6f%6e\/wp\/v2\/media\/239176"}],"wp:attachment":[{"href":"https:\/\/informelitoral.com.ar\/%77%70%2d%6a%73%6f%6e\/wp\/v2\/media?parent=239174"}],"wp:term":[{"taxonomy":"category","embeddable":true,"href":"https:\/\/informelitoral.com.ar\/%77%70%2d%6a%73%6f%6e\/wp\/v2\/categories?post=239174"},{"taxonomy":"post_tag","embeddable":true,"href":"https:\/\/informelitoral.com.ar\/%77%70%2d%6a%73%6f%6e\/wp\/v2\/tags?post=239174"}],"curies":[{"name":"wp","href":"https:\/\/api.w.org\/{rel}","templated":true}]}}