{"id":239117,"date":"2025-11-03T10:53:27","date_gmt":"2025-11-03T13:53:27","guid":{"rendered":"https:\/\/informelitoral.com.ar\/?p=239117"},"modified":"2025-11-04T06:26:10","modified_gmt":"2025-11-04T09:26:10","slug":"incendio-en-un-quincho-de-libertador-san-martin","status":"publish","type":"post","link":"https:\/\/informelitoral.com.ar\/incendio-en-un-quincho-de-libertador-san-martin\/","title":{"rendered":"Incendio en un quincho de Libertador San Mart\u00edn"},"content":{"rendered":"<p>Personal policial de la Comisar\u00eda de Libertador San Mart\u00edn intervino en la tarde de ayer tras ser alertado de un incendio en una vivienda ubicada sobre la calle Castelli. Al llegar al lugar, los efectivos constataron que el fuego estaba afectando gravemente el \u00e1rea del <b>quincho<\/b> de la propiedad.<\/p>\n<p>La r\u00e1pida acci\u00f3n coordinada de los <b>Bomberos Voluntarios<\/b> del cuartel local y de la ciudad de <b>Diamante<\/b> fue crucial. Los equipos lograron controlar las llamas e impidieron con \u00e9xito que el fuego se propagara al resto de las edificaciones de la casa. El origen del siniestro se presume <b>accidental<\/b>.<\/p>\n<p>El due\u00f1o de la propiedad, un hombre de <b>78 a\u00f1os<\/b>, debi\u00f3 ser asistido m\u00e9dicamente debido a que sufri\u00f3 <b>quemaduras leves en sus manos<\/b>, presumiblemente al intentar controlar el fuego antes de la llegada de los bomberos.<\/p>\n<p>Tras sofocar las llamas, el <b>Ministerio P\u00fablico Fiscal<\/b> dispuso la intervenci\u00f3n de la Divisi\u00f3n <b>Bomberos Zapadores<\/b> de la Polic\u00eda de Entre R\u00edos. Los peritos especializados ser\u00e1n los encargados de realizar las pericias correspondientes para <b>determinar con exactitud las causas<\/b> que originaron el incendio<em>.(Informe Litoral)<\/em><\/p>\n<h6><em><strong>Del archivo:\u00a0<a href=\"https:\/\/informelitoral.com.ar\/empleado-del-ministerio-de-salud-debera-devolver-mas-de-8-millones-al-estado\/\" target=\"_blank\" rel=\"noopener\">Empleado del Ministerio de Salud deber\u00e1 devolver m\u00e1s de $8 millones al Estado<\/a><\/strong><\/em><\/h6>\n","protected":false},"excerpt":{"rendered":"<p>Un hombre de 78 a\u00f1os sufri\u00f3 quemaduras leves al intentar controlar el fuego. Se investigan las causas.<\/p>\n","protected":false},"author":8,"featured_media":239118,"comment_status":"open","ping_status":"open","sticky":false,"template":"","format":"standard","meta":{"fifu_image_url":"","fifu_image_alt":"","footnotes":""},"categories":[14],"tags":[509,187],"class_list":{"0":"post-239117","1":"post","2":"type-post","3":"status-publish","4":"format-standard","5":"has-post-thumbnail","7":"category-policiales","8":"tag-incendio","9":"tag-libertador-san-martin"},"yoast_head":"<title>Incendio en un quincho de Libertador San Mart\u00edn - Informe Litoral<\/title>\n<meta name=\"robots\" content=\"index, follow, max-snippet:-1, max-image-preview:large, max-video-preview:-1\" \/>\n<link rel=\"canonical\" href=\"https:\/\/informelitoral.com.ar\/incendio-en-un-quincho-de-libertador-san-martin\/\" \/>\n<meta property=\"og:locale\" content=\"es_ES\" \/>\n<meta property=\"og:type\" content=\"article\" \/>\n<meta property=\"og:title\" content=\"Incendio en un quincho de Libertador San Mart\u00edn - Informe Litoral\" \/>\n<meta property=\"og:description\" content=\"Un hombre de 78 a\u00f1os sufri\u00f3 quemaduras leves al intentar controlar el fuego. Se investigan las causas.\" \/>\n<meta property=\"og:url\" content=\"https:\/\/informelitoral.com.ar\/incendio-en-un-quincho-de-libertador-san-martin\/\" \/>\n<meta property=\"og:site_name\" content=\"Informe Litoral\" \/>\n<meta property=\"article:publisher\" content=\"https:\/\/www.facebook.com\/informelitoral\/\" \/>\n<meta property=\"article:published_time\" content=\"2025-11-03T13:53:27+00:00\" \/>\n<meta property=\"article:modified_time\" content=\"2025-11-04T09:26:10+00:00\" \/>\n<meta property=\"og:image\" content=\"https:\/\/drive.google.com\/thumbnail?id=1QLVV1CY_lq03wzmKbNoSTun3dqmkAESt&sz=w2048\" \/>\n\t<meta property=\"og:image:width\" content=\"666\" \/>\n\t<meta property=\"og:image:height\" content=\"728\" \/>\n\t<meta property=\"og:image:type\" content=\"image\/jpeg\" \/>\n<meta name=\"author\" content=\"Sebastian\" \/>\n<meta name=\"twitter:card\" content=\"summary_large_image\" \/>\n<meta name=\"twitter:creator\" content=\"@InformeLitoral\" \/>\n<meta name=\"twitter:site\" content=\"@InformeLitoral\" \/>\n<meta name=\"twitter:label1\" content=\"Escrito por\" \/>\n\t<meta name=\"twitter:data1\" content=\"Sebastian\" \/>\n\t<meta name=\"twitter:label2\" content=\"Tiempo de lectura\" \/>\n\t<meta name=\"twitter:data2\" content=\"2 minutos\" \/>\n<script type=\"application\/ld+json\" class=\"yoast-schema-graph\">{\"@context\":\"https:\\\/\\\/schema.org\",\"@graph\":[{\"@type\":\"Article\",\"@id\":\"https:\\\/\\\/informelitoral.com.ar\\\/incendio-en-un-quincho-de-libertador-san-martin\\\/#article\",\"isPartOf\":{\"@id\":\"https:\\\/\\\/informelitoral.com.ar\\\/incendio-en-un-quincho-de-libertador-san-martin\\\/\"},\"author\":{\"name\":\"Sebastian\",\"@id\":\"https:\\\/\\\/informelitoral.com.ar\\\/#\\\/schema\\\/person\\\/f05f9f461677119578717524b127d6d5\"},\"headline\":\"Incendio en un quincho de Libertador San Mart\u00edn\",\"datePublished\":\"2025-11-03T13:53:27+00:00\",\"dateModified\":\"2025-11-04T09:26:10+00:00\",\"mainEntityOfPage\":{\"@id\":\"https:\\\/\\\/informelitoral.com.ar\\\/incendio-en-un-quincho-de-libertador-san-martin\\\/\"},\"wordCount\":215,\"commentCount\":0,\"publisher\":{\"@id\":\"https:\\\/\\\/informelitoral.com.ar\\\/#organization\"},\"image\":{\"@id\":\"https:\\\/\\\/informelitoral.com.ar\\\/incendio-en-un-quincho-de-libertador-san-martin\\\/#primaryimage\"},\"thumbnailUrl\":\"https:\\\/\\\/drive.google.com\\\/thumbnail?id=1QLVV1CY_lq03wzmKbNoSTun3dqmkAESt&sz=w2048\",\"keywords\":[\"Incendio\",\"Libertador San Mart\u00edn\"],\"articleSection\":[\"Policiales\"],\"inLanguage\":\"es\",\"potentialAction\":[{\"@type\":\"CommentAction\",\"name\":\"Comment\",\"target\":[\"https:\\\/\\\/informelitoral.com.ar\\\/incendio-en-un-quincho-de-libertador-san-martin\\\/#respond\"]}]},{\"@type\":\"WebPage\",\"@id\":\"https:\\\/\\\/informelitoral.com.ar\\\/incendio-en-un-quincho-de-libertador-san-martin\\\/\",\"url\":\"https:\\\/\\\/informelitoral.com.ar\\\/incendio-en-un-quincho-de-libertador-san-martin\\\/\",\"name\":\"Incendio en un quincho de Libertador San Mart\u00edn - Informe Litoral\",\"isPartOf\":{\"@id\":\"https:\\\/\\\/informelitoral.com.ar\\\/#website\"},\"primaryImageOfPage\":{\"@id\":\"https:\\\/\\\/informelitoral.com.ar\\\/incendio-en-un-quincho-de-libertador-san-martin\\\/#primaryimage\"},\"image\":{\"@id\":\"https:\\\/\\\/informelitoral.com.ar\\\/incendio-en-un-quincho-de-libertador-san-martin\\\/#primaryimage\"},\"thumbnailUrl\":\"https:\\\/\\\/drive.google.com\\\/thumbnail?id=1QLVV1CY_lq03wzmKbNoSTun3dqmkAESt&sz=w2048\",\"datePublished\":\"2025-11-03T13:53:27+00:00\",\"dateModified\":\"2025-11-04T09:26:10+00:00\",\"breadcrumb\":{\"@id\":\"https:\\\/\\\/informelitoral.com.ar\\\/incendio-en-un-quincho-de-libertador-san-martin\\\/#breadcrumb\"},\"inLanguage\":\"es\",\"potentialAction\":[{\"@type\":\"ReadAction\",\"target\":[\"https:\\\/\\\/informelitoral.com.ar\\\/incendio-en-un-quincho-de-libertador-san-martin\\\/\"]}]},{\"@type\":\"ImageObject\",\"inLanguage\":\"es\",\"@id\":\"https:\\\/\\\/informelitoral.com.ar\\\/incendio-en-un-quincho-de-libertador-san-martin\\\/#primaryimage\",\"url\":\"https:\\\/\\\/drive.google.com\\\/thumbnail?id=1QLVV1CY_lq03wzmKbNoSTun3dqmkAESt&sz=w2048\",\"contentUrl\":\"https:\\\/\\\/drive.google.com\\\/thumbnail?id=1QLVV1CY_lq03wzmKbNoSTun3dqmkAESt&sz=w2048\",\"width\":666,\"height\":728},{\"@type\":\"BreadcrumbList\",\"@id\":\"https:\\\/\\\/informelitoral.com.ar\\\/incendio-en-un-quincho-de-libertador-san-martin\\\/#breadcrumb\",\"itemListElement\":[{\"@type\":\"ListItem\",\"position\":1,\"name\":\"Portada\",\"item\":\"https:\\\/\\\/informelitoral.com.ar\\\/\"},{\"@type\":\"ListItem\",\"position\":2,\"name\":\"Incendio en un quincho de Libertador San Mart\u00edn\"}]},{\"@type\":\"WebSite\",\"@id\":\"https:\\\/\\\/informelitoral.com.ar\\\/#website\",\"url\":\"https:\\\/\\\/informelitoral.com.ar\\\/\",\"name\":\"Informe Litoral\",\"description\":\"&quot;Nos informamos&quot; \",\"publisher\":{\"@id\":\"https:\\\/\\\/informelitoral.com.ar\\\/#organization\"},\"potentialAction\":[{\"@type\":\"SearchAction\",\"target\":{\"@type\":\"EntryPoint\",\"urlTemplate\":\"https:\\\/\\\/informelitoral.com.ar\\\/?s={search_term_string}\"},\"query-input\":{\"@type\":\"PropertyValueSpecification\",\"valueRequired\":true,\"valueName\":\"search_term_string\"}}],\"inLanguage\":\"es\"},{\"@type\":\"Organization\",\"@id\":\"https:\\\/\\\/informelitoral.com.ar\\\/#organization\",\"name\":\"Informe Litoral\",\"url\":\"https:\\\/\\\/informelitoral.com.ar\\\/\",\"logo\":{\"@type\":\"ImageObject\",\"inLanguage\":\"es\",\"@id\":\"https:\\\/\\\/informelitoral.com.ar\\\/#\\\/schema\\\/logo\\\/image\\\/\",\"url\":\"https:\\\/\\\/informelitoral.com.ar\\\/%77%70%2d%63%6f%6e%74%65%6e%74\\\/uploads\\\/2021\\\/01\\\/circulo.png\",\"contentUrl\":\"https:\\\/\\\/informelitoral.com.ar\\\/%77%70%2d%63%6f%6e%74%65%6e%74\\\/uploads\\\/2021\\\/01\\\/circulo.png\",\"width\":723,\"height\":731,\"caption\":\"Informe Litoral\"},\"image\":{\"@id\":\"https:\\\/\\\/informelitoral.com.ar\\\/#\\\/schema\\\/logo\\\/image\\\/\"},\"sameAs\":[\"https:\\\/\\\/www.facebook.com\\\/informelitoral\\\/\",\"https:\\\/\\\/x.com\\\/InformeLitoral\",\"https:\\\/\\\/www.instagram.com\\\/informelitoral\\\/\",\"https:\\\/\\\/www.youtube.com\\\/channel\\\/UCua4Qvz8Icb6MYqhoq9xLXw\"]},{\"@type\":\"Person\",\"@id\":\"https:\\\/\\\/informelitoral.com.ar\\\/#\\\/schema\\\/person\\\/f05f9f461677119578717524b127d6d5\",\"name\":\"Sebastian\",\"image\":{\"@type\":\"ImageObject\",\"inLanguage\":\"es\",\"@id\":\"https:\\\/\\\/secure.gravatar.com\\\/avatar\\\/b71bf7481d447dfb9583c7f2798e7cc64de6efb9067b74633ed8c31059a3bd82?s=96&d=mm&r=g\",\"url\":\"https:\\\/\\\/secure.gravatar.com\\\/avatar\\\/b71bf7481d447dfb9583c7f2798e7cc64de6efb9067b74633ed8c31059a3bd82?s=96&d=mm&r=g\",\"contentUrl\":\"https:\\\/\\\/secure.gravatar.com\\\/avatar\\\/b71bf7481d447dfb9583c7f2798e7cc64de6efb9067b74633ed8c31059a3bd82?s=96&d=mm&r=g\",\"caption\":\"Sebastian\"},\"url\":\"https:\\\/\\\/informelitoral.com.ar\\\/author\\\/sebastian\\\/\"}]}<\/script>","yoast_head_json":{"title":"Incendio en un quincho de Libertador San Mart\u00edn - Informe Litoral","robots":{"index":"index","follow":"follow","max-snippet":"max-snippet:-1","max-image-preview":"max-image-preview:large","max-video-preview":"max-video-preview:-1"},"canonical":"https:\/\/informelitoral.com.ar\/incendio-en-un-quincho-de-libertador-san-martin\/","og_locale":"es_ES","og_type":"article","og_title":"Incendio en un quincho de Libertador San Mart\u00edn - Informe Litoral","og_description":"Un hombre de 78 a\u00f1os sufri\u00f3 quemaduras leves al intentar controlar el fuego. Se investigan las causas.","og_url":"https:\/\/informelitoral.com.ar\/incendio-en-un-quincho-de-libertador-san-martin\/","og_site_name":"Informe Litoral","article_publisher":"https:\/\/www.facebook.com\/informelitoral\/","article_published_time":"2025-11-03T13:53:27+00:00","article_modified_time":"2025-11-04T09:26:10+00:00","og_image":[{"width":666,"height":728,"url":"https:\/\/drive.google.com\/thumbnail?id=1QLVV1CY_lq03wzmKbNoSTun3dqmkAESt&sz=w2048","type":"image\/jpeg"}],"author":"Sebastian","twitter_card":"summary_large_image","twitter_creator":"@InformeLitoral","twitter_site":"@InformeLitoral","twitter_misc":{"Escrito por":"Sebastian","Tiempo de lectura":"2 minutos"},"schema":{"@context":"https:\/\/schema.org","@graph":[{"@type":"Article","@id":"https:\/\/informelitoral.com.ar\/incendio-en-un-quincho-de-libertador-san-martin\/#article","isPartOf":{"@id":"https:\/\/informelitoral.com.ar\/incendio-en-un-quincho-de-libertador-san-martin\/"},"author":{"name":"Sebastian","@id":"https:\/\/informelitoral.com.ar\/#\/schema\/person\/f05f9f461677119578717524b127d6d5"},"headline":"Incendio en un quincho de Libertador San Mart\u00edn","datePublished":"2025-11-03T13:53:27+00:00","dateModified":"2025-11-04T09:26:10+00:00","mainEntityOfPage":{"@id":"https:\/\/informelitoral.com.ar\/incendio-en-un-quincho-de-libertador-san-martin\/"},"wordCount":215,"commentCount":0,"publisher":{"@id":"https:\/\/informelitoral.com.ar\/#organization"},"image":{"@id":"https:\/\/informelitoral.com.ar\/incendio-en-un-quincho-de-libertador-san-martin\/#primaryimage"},"thumbnailUrl":"https:\/\/drive.google.com\/thumbnail?id=1QLVV1CY_lq03wzmKbNoSTun3dqmkAESt&sz=w2048","keywords":["Incendio","Libertador San Mart\u00edn"],"articleSection":["Policiales"],"inLanguage":"es","potentialAction":[{"@type":"CommentAction","name":"Comment","target":["https:\/\/informelitoral.com.ar\/incendio-en-un-quincho-de-libertador-san-martin\/#respond"]}]},{"@type":"WebPage","@id":"https:\/\/informelitoral.com.ar\/incendio-en-un-quincho-de-libertador-san-martin\/","url":"https:\/\/informelitoral.com.ar\/incendio-en-un-quincho-de-libertador-san-martin\/","name":"Incendio en un quincho de Libertador San Mart\u00edn - Informe Litoral","isPartOf":{"@id":"https:\/\/informelitoral.com.ar\/#website"},"primaryImageOfPage":{"@id":"https:\/\/informelitoral.com.ar\/incendio-en-un-quincho-de-libertador-san-martin\/#primaryimage"},"image":{"@id":"https:\/\/informelitoral.com.ar\/incendio-en-un-quincho-de-libertador-san-martin\/#primaryimage"},"thumbnailUrl":"https:\/\/drive.google.com\/thumbnail?id=1QLVV1CY_lq03wzmKbNoSTun3dqmkAESt&sz=w2048","datePublished":"2025-11-03T13:53:27+00:00","dateModified":"2025-11-04T09:26:10+00:00","breadcrumb":{"@id":"https:\/\/informelitoral.com.ar\/incendio-en-un-quincho-de-libertador-san-martin\/#breadcrumb"},"inLanguage":"es","potentialAction":[{"@type":"ReadAction","target":["https:\/\/informelitoral.com.ar\/incendio-en-un-quincho-de-libertador-san-martin\/"]}]},{"@type":"ImageObject","inLanguage":"es","@id":"https:\/\/informelitoral.com.ar\/incendio-en-un-quincho-de-libertador-san-martin\/#primaryimage","url":"https:\/\/drive.google.com\/thumbnail?id=1QLVV1CY_lq03wzmKbNoSTun3dqmkAESt&sz=w2048","contentUrl":"https:\/\/drive.google.com\/thumbnail?id=1QLVV1CY_lq03wzmKbNoSTun3dqmkAESt&sz=w2048","width":666,"height":728},{"@type":"BreadcrumbList","@id":"https:\/\/informelitoral.com.ar\/incendio-en-un-quincho-de-libertador-san-martin\/#breadcrumb","itemListElement":[{"@type":"ListItem","position":1,"name":"Portada","item":"https:\/\/informelitoral.com.ar\/"},{"@type":"ListItem","position":2,"name":"Incendio en un quincho de Libertador San Mart\u00edn"}]},{"@type":"WebSite","@id":"https:\/\/informelitoral.com.ar\/#website","url":"https:\/\/informelitoral.com.ar\/","name":"Informe Litoral","description":"&quot;Nos informamos&quot; ","publisher":{"@id":"https:\/\/informelitoral.com.ar\/#organization"},"potentialAction":[{"@type":"SearchAction","target":{"@type":"EntryPoint","urlTemplate":"https:\/\/informelitoral.com.ar\/?s={search_term_string}"},"query-input":{"@type":"PropertyValueSpecification","valueRequired":true,"valueName":"search_term_string"}}],"inLanguage":"es"},{"@type":"Organization","@id":"https:\/\/informelitoral.com.ar\/#organization","name":"Informe Litoral","url":"https:\/\/informelitoral.com.ar\/","logo":{"@type":"ImageObject","inLanguage":"es","@id":"https:\/\/informelitoral.com.ar\/#\/schema\/logo\/image\/","url":"https:\/\/informelitoral.com.ar\/%77%70%2d%63%6f%6e%74%65%6e%74\/uploads\/2021\/01\/circulo.png","contentUrl":"https:\/\/informelitoral.com.ar\/%77%70%2d%63%6f%6e%74%65%6e%74\/uploads\/2021\/01\/circulo.png","width":723,"height":731,"caption":"Informe Litoral"},"image":{"@id":"https:\/\/informelitoral.com.ar\/#\/schema\/logo\/image\/"},"sameAs":["https:\/\/www.facebook.com\/informelitoral\/","https:\/\/x.com\/InformeLitoral","https:\/\/www.instagram.com\/informelitoral\/","https:\/\/www.youtube.com\/channel\/UCua4Qvz8Icb6MYqhoq9xLXw"]},{"@type":"Person","@id":"https:\/\/informelitoral.com.ar\/#\/schema\/person\/f05f9f461677119578717524b127d6d5","name":"Sebastian","image":{"@type":"ImageObject","inLanguage":"es","@id":"https:\/\/secure.gravatar.com\/avatar\/b71bf7481d447dfb9583c7f2798e7cc64de6efb9067b74633ed8c31059a3bd82?s=96&d=mm&r=g","url":"https:\/\/secure.gravatar.com\/avatar\/b71bf7481d447dfb9583c7f2798e7cc64de6efb9067b74633ed8c31059a3bd82?s=96&d=mm&r=g","contentUrl":"https:\/\/secure.gravatar.com\/avatar\/b71bf7481d447dfb9583c7f2798e7cc64de6efb9067b74633ed8c31059a3bd82?s=96&d=mm&r=g","caption":"Sebastian"},"url":"https:\/\/informelitoral.com.ar\/author\/sebastian\/"}]}},"_links":{"self":[{"href":"https:\/\/informelitoral.com.ar\/%77%70%2d%6a%73%6f%6e\/wp\/v2\/posts\/239117","targetHints":{"allow":["GET"]}}],"collection":[{"href":"https:\/\/informelitoral.com.ar\/%77%70%2d%6a%73%6f%6e\/wp\/v2\/posts"}],"about":[{"href":"https:\/\/informelitoral.com.ar\/%77%70%2d%6a%73%6f%6e\/wp\/v2\/types\/post"}],"author":[{"embeddable":true,"href":"https:\/\/informelitoral.com.ar\/%77%70%2d%6a%73%6f%6e\/wp\/v2\/users\/8"}],"replies":[{"embeddable":true,"href":"https:\/\/informelitoral.com.ar\/%77%70%2d%6a%73%6f%6e\/wp\/v2\/comments?post=239117"}],"version-history":[{"count":3,"href":"https:\/\/informelitoral.com.ar\/%77%70%2d%6a%73%6f%6e\/wp\/v2\/posts\/239117\/revisions"}],"predecessor-version":[{"id":239187,"href":"https:\/\/informelitoral.com.ar\/%77%70%2d%6a%73%6f%6e\/wp\/v2\/posts\/239117\/revisions\/239187"}],"wp:featuredmedia":[{"embeddable":true,"href":"https:\/\/informelitoral.com.ar\/%77%70%2d%6a%73%6f%6e\/wp\/v2\/media\/239118"}],"wp:attachment":[{"href":"https:\/\/informelitoral.com.ar\/%77%70%2d%6a%73%6f%6e\/wp\/v2\/media?parent=239117"}],"wp:term":[{"taxonomy":"category","embeddable":true,"href":"https:\/\/informelitoral.com.ar\/%77%70%2d%6a%73%6f%6e\/wp\/v2\/categories?post=239117"},{"taxonomy":"post_tag","embeddable":true,"href":"https:\/\/informelitoral.com.ar\/%77%70%2d%6a%73%6f%6e\/wp\/v2\/tags?post=239117"}],"curies":[{"name":"wp","href":"https:\/\/api.w.org\/{rel}","templated":true}]}}