{"id":239108,"date":"2025-11-03T10:07:51","date_gmt":"2025-11-03T13:07:51","guid":{"rendered":"https:\/\/informelitoral.com.ar\/?p=239108"},"modified":"2025-11-04T06:31:24","modified_gmt":"2025-11-04T09:31:24","slug":"aepa-renovo-su-comision-directiva-y-proyecta-la-agenda-agropecuaria","status":"publish","type":"post","link":"https:\/\/informelitoral.com.ar\/aepa-renovo-su-comision-directiva-y-proyecta-la-agenda-agropecuaria\/","title":{"rendered":"AEPA renov\u00f3 su comisi\u00f3n directiva y proyecta la agenda agropecuaria"},"content":{"rendered":"<p>La <b>Asociaci\u00f3n Entrerriana de Periodistas Agropecuarias (AEPA)<\/b> llev\u00f3 a cabo su <b>Asamblea General Ordinaria<\/b>, un encuentro clave en el que se aprob\u00f3 la memoria y balance correspondiente al per\u00edodo 2024-2025, y se procedi\u00f3 a la renovaci\u00f3n de su Comisi\u00f3n Directiva para el ciclo <b>2025\/2027<\/b>.<\/p>\n<p>La periodista <b>Dana Olivera Taleb<\/b> fue reelecta para continuar en la <b>Presidencia<\/b> de la entidad, siendo secundada por <b>Carlos Damonte<\/b> en la <b>Vicepresidencia<\/b>.<\/p>\n<h2><strong>Ejes de gesti\u00f3n: capacitaci\u00f3n y articulaci\u00f3n<\/strong><\/h2>\n<p>Durante la lectura de la memoria, Olivera Taleb destac\u00f3 los pilares de la gesti\u00f3n saliente, enfocados en el crecimiento profesional y la vinculaci\u00f3n sectorial:<\/p>\n<p>\u00abDesde el primer momento, esta Comisi\u00f3n Directiva tuvo como eje central <b>fortalecer la capacitaci\u00f3n profesional<\/b>, articular acciones con periodistas y comunicadores vinculados a los sistemas agroalimentarios de la regi\u00f3n y sumar nuevas voces especializadas a nuestro campo.\u00bb<\/p>\n<p>La presidenta tambi\u00e9n enfatiz\u00f3 los desaf\u00edos que presenta el contexto actual, remarcando la necesidad de abordar la informaci\u00f3n del sector con <b>\u00abprofundidad y responsabilidad\u00bb<\/b>, fortalecer la <b>\u00abmirada regional\u00bb<\/b> y generar contenidos que reflejen la <b>\u00abdiversidad y complejidad del entramado agroalimentario entrerriano\u00bb<\/b>.<\/p>\n<p>En este sentido, AEPA se consolida como un espacio fundamental de <b>encuentro y reflexi\u00f3n<\/b> entre los profesionales de la prensa y los principales referentes de la agroindustria provincial.<\/p>\n<h2><strong>La nueva comisi\u00f3n directiva 2025-2027<\/strong><\/h2>\n<p>La estructura de la nueva Comisi\u00f3n Directiva de AEPA, electa por la Asamblea, qued\u00f3 conformada de la siguiente manera:<\/p>\n<table>\n<thead>\n<tr>\n<td><strong>Cargo<\/strong><\/td>\n<td><strong>Periodista<\/strong><\/td>\n<\/tr>\n<\/thead>\n<tbody>\n<tr>\n<td><b>Presidente<\/b><\/td>\n<td>Dana Olivera Taleb<\/td>\n<\/tr>\n<tr>\n<td><b>Vicepresidente<\/b><\/td>\n<td>Carlos Damonte<\/td>\n<\/tr>\n<tr>\n<td><b>Secretaria<\/b><\/td>\n<td>Patricia Corradini<\/td>\n<\/tr>\n<tr>\n<td><b>Prosecretaria<\/b><\/td>\n<td>Noel Comparetto<\/td>\n<\/tr>\n<tr>\n<td><b>Tesorera<\/b><\/td>\n<td>Sof\u00eda Ponce<\/td>\n<\/tr>\n<tr>\n<td><b>Protesorero<\/b><\/td>\n<td>Gregorio Sesa<\/td>\n<\/tr>\n<\/tbody>\n<\/table>\n<table style=\"width: 100%;\">\n<thead>\n<tr>\n<td style=\"width: 67.8161%;\"><strong>Vocales<\/strong><\/td>\n<td style=\"width: 31.0345%;\"><strong>Revisores de Cuenta<\/strong><\/td>\n<\/tr>\n<\/thead>\n<tbody>\n<tr>\n<td style=\"width: 67.8161%;\"><b>Titulares:<\/b> Liliana Bacca, Fernando Rodr\u00edguez, Agustina Azcoaga<\/td>\n<td style=\"width: 31.0345%;\"><b>Titular:<\/b> Daniel Aguilar<\/td>\n<\/tr>\n<tr>\n<td style=\"width: 67.8161%;\"><b>Suplentes:<\/b> Gonzalo Schmidt, Cecilia Goyeneche, Nicol\u00e1s Rochi<\/td>\n<td style=\"width: 31.0345%;\"><b>Suplente:<\/b> Omar Gemignani<\/td>\n<\/tr>\n<\/tbody>\n<\/table>\n<p>&nbsp;<\/p>\n<p><em>(Informe Litoral)<\/em><\/p>\n<h6><strong><em>Del archivo:\u00a0<a href=\"https:\/\/informelitoral.com.ar\/agroperiodistas-entrerrianos-y-el-inta-firmaron-un-convenio\/\" target=\"_blank\" rel=\"noopener\">Agroperiodistas entrerrianos y el INTA firmaron un convenio<\/a><\/em><\/strong><\/h6>\n","protected":false},"excerpt":{"rendered":"<p>Dana Olivera Taleb continuar\u00e1 al frente de la Asociaci\u00f3n Entrerriana de Periodistas Agropecuarios para el per\u00edodo 2025-2027.<\/p>\n","protected":false},"author":8,"featured_media":239110,"comment_status":"open","ping_status":"open","sticky":false,"template":"","format":"standard","meta":{"fifu_image_url":"","fifu_image_alt":"","footnotes":""},"categories":[10,9],"tags":[2296,4762,6169,2489],"class_list":{"0":"post-239108","1":"post","2":"type-post","3":"status-publish","4":"format-standard","5":"has-post-thumbnail","7":"category-campo","8":"category-sociedad","9":"tag-aepa","10":"tag-agroperiodistas","11":"tag-comision-directiva","12":"tag-periodistas-agropecuarios"},"yoast_head":"<title>AEPA renov\u00f3 su comisi\u00f3n directiva y proyecta la agenda agropecuaria - Informe Litoral<\/title>\n<meta name=\"robots\" content=\"index, follow, max-snippet:-1, max-image-preview:large, max-video-preview:-1\" \/>\n<link rel=\"canonical\" href=\"https:\/\/informelitoral.com.ar\/aepa-renovo-su-comision-directiva-y-proyecta-la-agenda-agropecuaria\/\" \/>\n<meta property=\"og:locale\" content=\"es_ES\" \/>\n<meta property=\"og:type\" content=\"article\" \/>\n<meta property=\"og:title\" content=\"AEPA renov\u00f3 su comisi\u00f3n directiva y proyecta la agenda agropecuaria - Informe Litoral\" \/>\n<meta property=\"og:description\" content=\"Dana Olivera Taleb continuar\u00e1 al frente de la Asociaci\u00f3n Entrerriana de Periodistas Agropecuarios para el per\u00edodo 2025-2027.\" \/>\n<meta property=\"og:url\" content=\"https:\/\/informelitoral.com.ar\/aepa-renovo-su-comision-directiva-y-proyecta-la-agenda-agropecuaria\/\" \/>\n<meta property=\"og:site_name\" content=\"Informe Litoral\" \/>\n<meta property=\"article:publisher\" content=\"https:\/\/www.facebook.com\/informelitoral\/\" \/>\n<meta property=\"article:published_time\" content=\"2025-11-03T13:07:51+00:00\" \/>\n<meta property=\"article:modified_time\" content=\"2025-11-04T09:31:24+00:00\" \/>\n<meta property=\"og:image\" content=\"https:\/\/drive.google.com\/thumbnail?id=1Ch_01t1KxX7WcD_sGrjKX1LuvlehXXet&sz=w2048\" \/>\n\t<meta property=\"og:image:width\" content=\"1280\" \/>\n\t<meta property=\"og:image:height\" content=\"960\" \/>\n\t<meta property=\"og:image:type\" content=\"image\/jpeg\" \/>\n<meta name=\"author\" content=\"Sebastian\" \/>\n<meta name=\"twitter:card\" content=\"summary_large_image\" \/>\n<meta name=\"twitter:creator\" content=\"@InformeLitoral\" \/>\n<meta name=\"twitter:site\" content=\"@InformeLitoral\" \/>\n<meta name=\"twitter:label1\" content=\"Escrito por\" \/>\n\t<meta name=\"twitter:data1\" content=\"Sebastian\" \/>\n\t<meta name=\"twitter:label2\" content=\"Tiempo de lectura\" \/>\n\t<meta name=\"twitter:data2\" content=\"2 minutos\" \/>\n<script type=\"application\/ld+json\" class=\"yoast-schema-graph\">{\"@context\":\"https:\\\/\\\/schema.org\",\"@graph\":[{\"@type\":\"Article\",\"@id\":\"https:\\\/\\\/informelitoral.com.ar\\\/aepa-renovo-su-comision-directiva-y-proyecta-la-agenda-agropecuaria\\\/#article\",\"isPartOf\":{\"@id\":\"https:\\\/\\\/informelitoral.com.ar\\\/aepa-renovo-su-comision-directiva-y-proyecta-la-agenda-agropecuaria\\\/\"},\"author\":{\"name\":\"Sebastian\",\"@id\":\"https:\\\/\\\/informelitoral.com.ar\\\/#\\\/schema\\\/person\\\/f05f9f461677119578717524b127d6d5\"},\"headline\":\"AEPA renov\u00f3 su comisi\u00f3n directiva y proyecta la agenda agropecuaria\",\"datePublished\":\"2025-11-03T13:07:51+00:00\",\"dateModified\":\"2025-11-04T09:31:24+00:00\",\"mainEntityOfPage\":{\"@id\":\"https:\\\/\\\/informelitoral.com.ar\\\/aepa-renovo-su-comision-directiva-y-proyecta-la-agenda-agropecuaria\\\/\"},\"wordCount\":316,\"commentCount\":0,\"publisher\":{\"@id\":\"https:\\\/\\\/informelitoral.com.ar\\\/#organization\"},\"image\":{\"@id\":\"https:\\\/\\\/informelitoral.com.ar\\\/aepa-renovo-su-comision-directiva-y-proyecta-la-agenda-agropecuaria\\\/#primaryimage\"},\"thumbnailUrl\":\"https:\\\/\\\/drive.google.com\\\/thumbnail?id=1Ch_01t1KxX7WcD_sGrjKX1LuvlehXXet&sz=w2048\",\"keywords\":[\"AEPA\",\"Agroperiodistas\",\"Comisi\u00f3n Directiva\",\"Periodistas agropecuarios\"],\"articleSection\":[\"Campo\",\"Sociedad\"],\"inLanguage\":\"es\",\"potentialAction\":[{\"@type\":\"CommentAction\",\"name\":\"Comment\",\"target\":[\"https:\\\/\\\/informelitoral.com.ar\\\/aepa-renovo-su-comision-directiva-y-proyecta-la-agenda-agropecuaria\\\/#respond\"]}]},{\"@type\":\"WebPage\",\"@id\":\"https:\\\/\\\/informelitoral.com.ar\\\/aepa-renovo-su-comision-directiva-y-proyecta-la-agenda-agropecuaria\\\/\",\"url\":\"https:\\\/\\\/informelitoral.com.ar\\\/aepa-renovo-su-comision-directiva-y-proyecta-la-agenda-agropecuaria\\\/\",\"name\":\"AEPA renov\u00f3 su comisi\u00f3n directiva y proyecta la agenda agropecuaria - Informe Litoral\",\"isPartOf\":{\"@id\":\"https:\\\/\\\/informelitoral.com.ar\\\/#website\"},\"primaryImageOfPage\":{\"@id\":\"https:\\\/\\\/informelitoral.com.ar\\\/aepa-renovo-su-comision-directiva-y-proyecta-la-agenda-agropecuaria\\\/#primaryimage\"},\"image\":{\"@id\":\"https:\\\/\\\/informelitoral.com.ar\\\/aepa-renovo-su-comision-directiva-y-proyecta-la-agenda-agropecuaria\\\/#primaryimage\"},\"thumbnailUrl\":\"https:\\\/\\\/drive.google.com\\\/thumbnail?id=1Ch_01t1KxX7WcD_sGrjKX1LuvlehXXet&sz=w2048\",\"datePublished\":\"2025-11-03T13:07:51+00:00\",\"dateModified\":\"2025-11-04T09:31:24+00:00\",\"breadcrumb\":{\"@id\":\"https:\\\/\\\/informelitoral.com.ar\\\/aepa-renovo-su-comision-directiva-y-proyecta-la-agenda-agropecuaria\\\/#breadcrumb\"},\"inLanguage\":\"es\",\"potentialAction\":[{\"@type\":\"ReadAction\",\"target\":[\"https:\\\/\\\/informelitoral.com.ar\\\/aepa-renovo-su-comision-directiva-y-proyecta-la-agenda-agropecuaria\\\/\"]}]},{\"@type\":\"ImageObject\",\"inLanguage\":\"es\",\"@id\":\"https:\\\/\\\/informelitoral.com.ar\\\/aepa-renovo-su-comision-directiva-y-proyecta-la-agenda-agropecuaria\\\/#primaryimage\",\"url\":\"https:\\\/\\\/drive.google.com\\\/thumbnail?id=1Ch_01t1KxX7WcD_sGrjKX1LuvlehXXet&sz=w2048\",\"contentUrl\":\"https:\\\/\\\/drive.google.com\\\/thumbnail?id=1Ch_01t1KxX7WcD_sGrjKX1LuvlehXXet&sz=w2048\",\"width\":1280,\"height\":960},{\"@type\":\"BreadcrumbList\",\"@id\":\"https:\\\/\\\/informelitoral.com.ar\\\/aepa-renovo-su-comision-directiva-y-proyecta-la-agenda-agropecuaria\\\/#breadcrumb\",\"itemListElement\":[{\"@type\":\"ListItem\",\"position\":1,\"name\":\"Portada\",\"item\":\"https:\\\/\\\/informelitoral.com.ar\\\/\"},{\"@type\":\"ListItem\",\"position\":2,\"name\":\"AEPA renov\u00f3 su comisi\u00f3n directiva y proyecta la agenda agropecuaria\"}]},{\"@type\":\"WebSite\",\"@id\":\"https:\\\/\\\/informelitoral.com.ar\\\/#website\",\"url\":\"https:\\\/\\\/informelitoral.com.ar\\\/\",\"name\":\"Informe Litoral\",\"description\":\"&quot;Nos informamos&quot; \",\"publisher\":{\"@id\":\"https:\\\/\\\/informelitoral.com.ar\\\/#organization\"},\"potentialAction\":[{\"@type\":\"SearchAction\",\"target\":{\"@type\":\"EntryPoint\",\"urlTemplate\":\"https:\\\/\\\/informelitoral.com.ar\\\/?s={search_term_string}\"},\"query-input\":{\"@type\":\"PropertyValueSpecification\",\"valueRequired\":true,\"valueName\":\"search_term_string\"}}],\"inLanguage\":\"es\"},{\"@type\":\"Organization\",\"@id\":\"https:\\\/\\\/informelitoral.com.ar\\\/#organization\",\"name\":\"Informe Litoral\",\"url\":\"https:\\\/\\\/informelitoral.com.ar\\\/\",\"logo\":{\"@type\":\"ImageObject\",\"inLanguage\":\"es\",\"@id\":\"https:\\\/\\\/informelitoral.com.ar\\\/#\\\/schema\\\/logo\\\/image\\\/\",\"url\":\"https:\\\/\\\/informelitoral.com.ar\\\/%77%70%2d%63%6f%6e%74%65%6e%74\\\/uploads\\\/2021\\\/01\\\/circulo.png\",\"contentUrl\":\"https:\\\/\\\/informelitoral.com.ar\\\/%77%70%2d%63%6f%6e%74%65%6e%74\\\/uploads\\\/2021\\\/01\\\/circulo.png\",\"width\":723,\"height\":731,\"caption\":\"Informe Litoral\"},\"image\":{\"@id\":\"https:\\\/\\\/informelitoral.com.ar\\\/#\\\/schema\\\/logo\\\/image\\\/\"},\"sameAs\":[\"https:\\\/\\\/www.facebook.com\\\/informelitoral\\\/\",\"https:\\\/\\\/x.com\\\/InformeLitoral\",\"https:\\\/\\\/www.instagram.com\\\/informelitoral\\\/\",\"https:\\\/\\\/www.youtube.com\\\/channel\\\/UCua4Qvz8Icb6MYqhoq9xLXw\"]},{\"@type\":\"Person\",\"@id\":\"https:\\\/\\\/informelitoral.com.ar\\\/#\\\/schema\\\/person\\\/f05f9f461677119578717524b127d6d5\",\"name\":\"Sebastian\",\"image\":{\"@type\":\"ImageObject\",\"inLanguage\":\"es\",\"@id\":\"https:\\\/\\\/secure.gravatar.com\\\/avatar\\\/b71bf7481d447dfb9583c7f2798e7cc64de6efb9067b74633ed8c31059a3bd82?s=96&d=mm&r=g\",\"url\":\"https:\\\/\\\/secure.gravatar.com\\\/avatar\\\/b71bf7481d447dfb9583c7f2798e7cc64de6efb9067b74633ed8c31059a3bd82?s=96&d=mm&r=g\",\"contentUrl\":\"https:\\\/\\\/secure.gravatar.com\\\/avatar\\\/b71bf7481d447dfb9583c7f2798e7cc64de6efb9067b74633ed8c31059a3bd82?s=96&d=mm&r=g\",\"caption\":\"Sebastian\"},\"url\":\"https:\\\/\\\/informelitoral.com.ar\\\/author\\\/sebastian\\\/\"}]}<\/script>","yoast_head_json":{"title":"AEPA renov\u00f3 su comisi\u00f3n directiva y proyecta la agenda agropecuaria - Informe Litoral","robots":{"index":"index","follow":"follow","max-snippet":"max-snippet:-1","max-image-preview":"max-image-preview:large","max-video-preview":"max-video-preview:-1"},"canonical":"https:\/\/informelitoral.com.ar\/aepa-renovo-su-comision-directiva-y-proyecta-la-agenda-agropecuaria\/","og_locale":"es_ES","og_type":"article","og_title":"AEPA renov\u00f3 su comisi\u00f3n directiva y proyecta la agenda agropecuaria - Informe Litoral","og_description":"Dana Olivera Taleb continuar\u00e1 al frente de la Asociaci\u00f3n Entrerriana de Periodistas Agropecuarios para el per\u00edodo 2025-2027.","og_url":"https:\/\/informelitoral.com.ar\/aepa-renovo-su-comision-directiva-y-proyecta-la-agenda-agropecuaria\/","og_site_name":"Informe Litoral","article_publisher":"https:\/\/www.facebook.com\/informelitoral\/","article_published_time":"2025-11-03T13:07:51+00:00","article_modified_time":"2025-11-04T09:31:24+00:00","og_image":[{"width":1280,"height":960,"url":"https:\/\/drive.google.com\/thumbnail?id=1Ch_01t1KxX7WcD_sGrjKX1LuvlehXXet&sz=w2048","type":"image\/jpeg"}],"author":"Sebastian","twitter_card":"summary_large_image","twitter_creator":"@InformeLitoral","twitter_site":"@InformeLitoral","twitter_misc":{"Escrito por":"Sebastian","Tiempo de lectura":"2 minutos"},"schema":{"@context":"https:\/\/schema.org","@graph":[{"@type":"Article","@id":"https:\/\/informelitoral.com.ar\/aepa-renovo-su-comision-directiva-y-proyecta-la-agenda-agropecuaria\/#article","isPartOf":{"@id":"https:\/\/informelitoral.com.ar\/aepa-renovo-su-comision-directiva-y-proyecta-la-agenda-agropecuaria\/"},"author":{"name":"Sebastian","@id":"https:\/\/informelitoral.com.ar\/#\/schema\/person\/f05f9f461677119578717524b127d6d5"},"headline":"AEPA renov\u00f3 su comisi\u00f3n directiva y proyecta la agenda agropecuaria","datePublished":"2025-11-03T13:07:51+00:00","dateModified":"2025-11-04T09:31:24+00:00","mainEntityOfPage":{"@id":"https:\/\/informelitoral.com.ar\/aepa-renovo-su-comision-directiva-y-proyecta-la-agenda-agropecuaria\/"},"wordCount":316,"commentCount":0,"publisher":{"@id":"https:\/\/informelitoral.com.ar\/#organization"},"image":{"@id":"https:\/\/informelitoral.com.ar\/aepa-renovo-su-comision-directiva-y-proyecta-la-agenda-agropecuaria\/#primaryimage"},"thumbnailUrl":"https:\/\/drive.google.com\/thumbnail?id=1Ch_01t1KxX7WcD_sGrjKX1LuvlehXXet&sz=w2048","keywords":["AEPA","Agroperiodistas","Comisi\u00f3n Directiva","Periodistas agropecuarios"],"articleSection":["Campo","Sociedad"],"inLanguage":"es","potentialAction":[{"@type":"CommentAction","name":"Comment","target":["https:\/\/informelitoral.com.ar\/aepa-renovo-su-comision-directiva-y-proyecta-la-agenda-agropecuaria\/#respond"]}]},{"@type":"WebPage","@id":"https:\/\/informelitoral.com.ar\/aepa-renovo-su-comision-directiva-y-proyecta-la-agenda-agropecuaria\/","url":"https:\/\/informelitoral.com.ar\/aepa-renovo-su-comision-directiva-y-proyecta-la-agenda-agropecuaria\/","name":"AEPA renov\u00f3 su comisi\u00f3n directiva y proyecta la agenda agropecuaria - Informe Litoral","isPartOf":{"@id":"https:\/\/informelitoral.com.ar\/#website"},"primaryImageOfPage":{"@id":"https:\/\/informelitoral.com.ar\/aepa-renovo-su-comision-directiva-y-proyecta-la-agenda-agropecuaria\/#primaryimage"},"image":{"@id":"https:\/\/informelitoral.com.ar\/aepa-renovo-su-comision-directiva-y-proyecta-la-agenda-agropecuaria\/#primaryimage"},"thumbnailUrl":"https:\/\/drive.google.com\/thumbnail?id=1Ch_01t1KxX7WcD_sGrjKX1LuvlehXXet&sz=w2048","datePublished":"2025-11-03T13:07:51+00:00","dateModified":"2025-11-04T09:31:24+00:00","breadcrumb":{"@id":"https:\/\/informelitoral.com.ar\/aepa-renovo-su-comision-directiva-y-proyecta-la-agenda-agropecuaria\/#breadcrumb"},"inLanguage":"es","potentialAction":[{"@type":"ReadAction","target":["https:\/\/informelitoral.com.ar\/aepa-renovo-su-comision-directiva-y-proyecta-la-agenda-agropecuaria\/"]}]},{"@type":"ImageObject","inLanguage":"es","@id":"https:\/\/informelitoral.com.ar\/aepa-renovo-su-comision-directiva-y-proyecta-la-agenda-agropecuaria\/#primaryimage","url":"https:\/\/drive.google.com\/thumbnail?id=1Ch_01t1KxX7WcD_sGrjKX1LuvlehXXet&sz=w2048","contentUrl":"https:\/\/drive.google.com\/thumbnail?id=1Ch_01t1KxX7WcD_sGrjKX1LuvlehXXet&sz=w2048","width":1280,"height":960},{"@type":"BreadcrumbList","@id":"https:\/\/informelitoral.com.ar\/aepa-renovo-su-comision-directiva-y-proyecta-la-agenda-agropecuaria\/#breadcrumb","itemListElement":[{"@type":"ListItem","position":1,"name":"Portada","item":"https:\/\/informelitoral.com.ar\/"},{"@type":"ListItem","position":2,"name":"AEPA renov\u00f3 su comisi\u00f3n directiva y proyecta la agenda agropecuaria"}]},{"@type":"WebSite","@id":"https:\/\/informelitoral.com.ar\/#website","url":"https:\/\/informelitoral.com.ar\/","name":"Informe Litoral","description":"&quot;Nos informamos&quot; ","publisher":{"@id":"https:\/\/informelitoral.com.ar\/#organization"},"potentialAction":[{"@type":"SearchAction","target":{"@type":"EntryPoint","urlTemplate":"https:\/\/informelitoral.com.ar\/?s={search_term_string}"},"query-input":{"@type":"PropertyValueSpecification","valueRequired":true,"valueName":"search_term_string"}}],"inLanguage":"es"},{"@type":"Organization","@id":"https:\/\/informelitoral.com.ar\/#organization","name":"Informe Litoral","url":"https:\/\/informelitoral.com.ar\/","logo":{"@type":"ImageObject","inLanguage":"es","@id":"https:\/\/informelitoral.com.ar\/#\/schema\/logo\/image\/","url":"https:\/\/informelitoral.com.ar\/%77%70%2d%63%6f%6e%74%65%6e%74\/uploads\/2021\/01\/circulo.png","contentUrl":"https:\/\/informelitoral.com.ar\/%77%70%2d%63%6f%6e%74%65%6e%74\/uploads\/2021\/01\/circulo.png","width":723,"height":731,"caption":"Informe Litoral"},"image":{"@id":"https:\/\/informelitoral.com.ar\/#\/schema\/logo\/image\/"},"sameAs":["https:\/\/www.facebook.com\/informelitoral\/","https:\/\/x.com\/InformeLitoral","https:\/\/www.instagram.com\/informelitoral\/","https:\/\/www.youtube.com\/channel\/UCua4Qvz8Icb6MYqhoq9xLXw"]},{"@type":"Person","@id":"https:\/\/informelitoral.com.ar\/#\/schema\/person\/f05f9f461677119578717524b127d6d5","name":"Sebastian","image":{"@type":"ImageObject","inLanguage":"es","@id":"https:\/\/secure.gravatar.com\/avatar\/b71bf7481d447dfb9583c7f2798e7cc64de6efb9067b74633ed8c31059a3bd82?s=96&d=mm&r=g","url":"https:\/\/secure.gravatar.com\/avatar\/b71bf7481d447dfb9583c7f2798e7cc64de6efb9067b74633ed8c31059a3bd82?s=96&d=mm&r=g","contentUrl":"https:\/\/secure.gravatar.com\/avatar\/b71bf7481d447dfb9583c7f2798e7cc64de6efb9067b74633ed8c31059a3bd82?s=96&d=mm&r=g","caption":"Sebastian"},"url":"https:\/\/informelitoral.com.ar\/author\/sebastian\/"}]}},"_links":{"self":[{"href":"https:\/\/informelitoral.com.ar\/%77%70%2d%6a%73%6f%6e\/wp\/v2\/posts\/239108","targetHints":{"allow":["GET"]}}],"collection":[{"href":"https:\/\/informelitoral.com.ar\/%77%70%2d%6a%73%6f%6e\/wp\/v2\/posts"}],"about":[{"href":"https:\/\/informelitoral.com.ar\/%77%70%2d%6a%73%6f%6e\/wp\/v2\/types\/post"}],"author":[{"embeddable":true,"href":"https:\/\/informelitoral.com.ar\/%77%70%2d%6a%73%6f%6e\/wp\/v2\/users\/8"}],"replies":[{"embeddable":true,"href":"https:\/\/informelitoral.com.ar\/%77%70%2d%6a%73%6f%6e\/wp\/v2\/comments?post=239108"}],"version-history":[{"count":8,"href":"https:\/\/informelitoral.com.ar\/%77%70%2d%6a%73%6f%6e\/wp\/v2\/posts\/239108\/revisions"}],"predecessor-version":[{"id":239191,"href":"https:\/\/informelitoral.com.ar\/%77%70%2d%6a%73%6f%6e\/wp\/v2\/posts\/239108\/revisions\/239191"}],"wp:featuredmedia":[{"embeddable":true,"href":"https:\/\/informelitoral.com.ar\/%77%70%2d%6a%73%6f%6e\/wp\/v2\/media\/239110"}],"wp:attachment":[{"href":"https:\/\/informelitoral.com.ar\/%77%70%2d%6a%73%6f%6e\/wp\/v2\/media?parent=239108"}],"wp:term":[{"taxonomy":"category","embeddable":true,"href":"https:\/\/informelitoral.com.ar\/%77%70%2d%6a%73%6f%6e\/wp\/v2\/categories?post=239108"},{"taxonomy":"post_tag","embeddable":true,"href":"https:\/\/informelitoral.com.ar\/%77%70%2d%6a%73%6f%6e\/wp\/v2\/tags?post=239108"}],"curies":[{"name":"wp","href":"https:\/\/api.w.org\/{rel}","templated":true}]}}