{"id":239094,"date":"2025-11-03T09:59:25","date_gmt":"2025-11-03T12:59:25","guid":{"rendered":"https:\/\/informelitoral.com.ar\/?p=239094"},"modified":"2025-11-03T16:12:16","modified_gmt":"2025-11-03T19:12:16","slug":"balance-hidrico-positivo-en-entre-rios","status":"publish","type":"post","link":"https:\/\/informelitoral.com.ar\/balance-hidrico-positivo-en-entre-rios\/","title":{"rendered":"Balance h\u00eddrico positivo en Entre R\u00edos"},"content":{"rendered":"<div id=\"model-response-message-contentr_1d65b565d9d78adc\" class=\"markdown markdown-main-panel enable-updated-hr-color\" dir=\"ltr\" aria-live=\"polite\" aria-busy=\"false\">\n<p>De acuerdo con el Informe Semanal N\u00b01203 del <b>Sistema de Informaci\u00f3n de la Bolsa de Cereales de Entre R\u00edos (SIBER)<\/b>, el mes de octubre de 2025 present\u00f3 precipitaciones que se ubicaron un 9% por debajo del promedio hist\u00f3rico provincial. No obstante, el balance h\u00eddrico anual de la provincia mantiene una <b>fuerte tendencia de recuperaci\u00f3n<\/b> gracias a los importantes excesos registrados a principios y mitad de a\u00f1o.<\/p>\n<p>El promedio hist\u00f3rico de precipitaci\u00f3n para octubre es de 114 mm, mientras que en 2025 el valor promedio fue de <b>104 mm<\/b> (10 mm menos).<\/p>\n<p>A pesar de que meses como enero, abril, junio, septiembre y el propio octubre mostraron lluvias por debajo de lo normal, el balance general del a\u00f1o es altamente favorable.<\/p>\n<ul>\n<li><b>Acumulado Hist\u00f3rico (Enero-Octubre):<\/b> 870 mm<\/li>\n<li><b>Acumulado 2025 (Enero-Octubre):<\/b> <b>962 mm<\/b><\/li>\n<\/ul>\n<p>Esto implica que, hasta el d\u00e9cimo mes del a\u00f1o, Entre R\u00edos registra un acumulado superior de <b>92 mm<\/b>, lo que equivale a un <b>10,6% por encima del promedio hist\u00f3rico<\/b>. Esta recuperaci\u00f3n sostenida fue impulsada principalmente por los importantes vol\u00famenes de lluvia ca\u00eddos en febrero, mayo y agosto.<\/p>\n<p>Octubre se caracteriz\u00f3 por una gran disparidad en la distribuci\u00f3n de las lluvias a lo largo de la provincia:<\/p>\n<ul>\n<li><b>M\u00e1ximo:<\/b> Se registr\u00f3 en <b>Basavilbaso<\/b> (Departamento Uruguay) con <b>171 mm<\/b>, superando el m\u00e1ximo hist\u00f3rico. Las zonas del este fueron las m\u00e1s favorecidas.<\/li>\n<li><b>M\u00ednimo:<\/b> El valor m\u00e1s bajo se observ\u00f3 en <b>Mar\u00eda Grande<\/b> (Departamento Paran\u00e1) con solo <b>32 mm<\/b>, quedando muy por debajo del m\u00ednimo hist\u00f3rico.<\/li>\n<\/ul>\n<p>Esta distribuci\u00f3n fue marcadamente heterog\u00e9nea. Mientras que el <b>este<\/b> (Uruguay) registr\u00f3 m\u00e1s de 140 mm, el <b>centro y sudoeste<\/b> (Paran\u00e1, Nogoy\u00e1 y Diamante) mostraron registros bajos, oscilando entre 32 y 65 mm. Este patr\u00f3n de d\u00e9ficit en la franja central repiti\u00f3 la tendencia ya observada en septiembre.<\/p>\n<p>Si bien la mayor pate de la provincia se encuentra en condiciones h\u00eddricas normales, el informe del SIBER, basado en el \u00edndice SPI\/SPEI, identific\u00f3 <b>focos de sequ\u00eda moderada<\/b> en sectores del centro-oeste, afectando particularmente a los departamentos <b>Paran\u00e1 y Nogoy\u00e1<\/b>. En contraste, no se detectaron excesos h\u00eddricos significativos que generen complicaciones.<\/p>\n<p><b>Conclusi\u00f3n:<\/b> Octubre de 2025 no modific\u00f3 la tendencia de recuperaci\u00f3n h\u00eddrica provincial. El a\u00f1o transcurre con un balance positivo, proporcionando una disponibilidad de agua favorable, aunque con la necesidad de monitorear de cerca los d\u00e9ficits localizados en el centro y sudoeste.<\/p>\n<\/div>\n","protected":false},"excerpt":{"rendered":"<p>Octubre cerr\u00f3 con lluvias ligeramente por debajo del promedio, pero el acumulado anual de 2025 ya supera el valor hist\u00f3rico en un 10,6%<\/p>\n","protected":false},"author":8,"featured_media":59459,"comment_status":"open","ping_status":"open","sticky":false,"template":"","format":"standard","meta":{"fifu_image_url":"","fifu_image_alt":"","footnotes":""},"categories":[10],"tags":[4840,81],"class_list":{"0":"post-239094","1":"post","2":"type-post","3":"status-publish","4":"format-standard","5":"has-post-thumbnail","7":"category-campo","8":"tag-balance-hidrico","9":"tag-entre-rios"},"yoast_head":"<title>Balance h\u00eddrico positivo en Entre R\u00edos - Informe Litoral<\/title>\n<meta name=\"robots\" content=\"index, follow, max-snippet:-1, max-image-preview:large, max-video-preview:-1\" \/>\n<link rel=\"canonical\" href=\"https:\/\/informelitoral.com.ar\/balance-hidrico-positivo-en-entre-rios\/\" \/>\n<meta property=\"og:locale\" content=\"es_ES\" \/>\n<meta property=\"og:type\" content=\"article\" \/>\n<meta property=\"og:title\" content=\"Balance h\u00eddrico positivo en Entre R\u00edos - Informe Litoral\" \/>\n<meta property=\"og:description\" content=\"Octubre cerr\u00f3 con lluvias ligeramente por debajo del promedio, pero el acumulado anual de 2025 ya supera el valor hist\u00f3rico en un 10,6%\" \/>\n<meta property=\"og:url\" content=\"https:\/\/informelitoral.com.ar\/balance-hidrico-positivo-en-entre-rios\/\" \/>\n<meta property=\"og:site_name\" content=\"Informe Litoral\" \/>\n<meta property=\"article:publisher\" content=\"https:\/\/www.facebook.com\/informelitoral\/\" \/>\n<meta property=\"article:published_time\" content=\"2025-11-03T12:59:25+00:00\" \/>\n<meta property=\"article:modified_time\" content=\"2025-11-03T19:12:16+00:00\" \/>\n<meta property=\"og:image\" content=\"https:\/\/informelitoral.com.ar\/%77%70%2d%63%6f%6e%74%65%6e%74\/uploads\/2021\/04\/Lluvias-680x453-1.jpg\" \/>\n\t<meta property=\"og:image:width\" content=\"680\" \/>\n\t<meta property=\"og:image:height\" content=\"453\" \/>\n\t<meta property=\"og:image:type\" content=\"image\/jpeg\" \/>\n<meta name=\"author\" content=\"Sebastian\" \/>\n<meta name=\"twitter:card\" content=\"summary_large_image\" \/>\n<meta name=\"twitter:creator\" content=\"@InformeLitoral\" \/>\n<meta name=\"twitter:site\" content=\"@InformeLitoral\" \/>\n<meta name=\"twitter:label1\" content=\"Escrito por\" \/>\n\t<meta name=\"twitter:data1\" content=\"Sebastian\" \/>\n\t<meta name=\"twitter:label2\" content=\"Tiempo de lectura\" \/>\n\t<meta name=\"twitter:data2\" content=\"2 minutos\" \/>\n<script type=\"application\/ld+json\" class=\"yoast-schema-graph\">{\"@context\":\"https:\\\/\\\/schema.org\",\"@graph\":[{\"@type\":\"Article\",\"@id\":\"https:\\\/\\\/informelitoral.com.ar\\\/balance-hidrico-positivo-en-entre-rios\\\/#article\",\"isPartOf\":{\"@id\":\"https:\\\/\\\/informelitoral.com.ar\\\/balance-hidrico-positivo-en-entre-rios\\\/\"},\"author\":{\"name\":\"Sebastian\",\"@id\":\"https:\\\/\\\/informelitoral.com.ar\\\/#\\\/schema\\\/person\\\/f05f9f461677119578717524b127d6d5\"},\"headline\":\"Balance h\u00eddrico positivo en Entre R\u00edos\",\"datePublished\":\"2025-11-03T12:59:25+00:00\",\"dateModified\":\"2025-11-03T19:12:16+00:00\",\"mainEntityOfPage\":{\"@id\":\"https:\\\/\\\/informelitoral.com.ar\\\/balance-hidrico-positivo-en-entre-rios\\\/\"},\"wordCount\":412,\"commentCount\":0,\"publisher\":{\"@id\":\"https:\\\/\\\/informelitoral.com.ar\\\/#organization\"},\"image\":{\"@id\":\"https:\\\/\\\/informelitoral.com.ar\\\/balance-hidrico-positivo-en-entre-rios\\\/#primaryimage\"},\"thumbnailUrl\":\"https:\\\/\\\/informelitoral.com.ar\\\/%77%70%2d%63%6f%6e%74%65%6e%74\\\/uploads\\\/2021\\\/04\\\/Lluvias-680x453-1.jpg\",\"keywords\":[\"Balance H\u00eddrico\",\"Entre R\u00edos\"],\"articleSection\":[\"Campo\"],\"inLanguage\":\"es\",\"potentialAction\":[{\"@type\":\"CommentAction\",\"name\":\"Comment\",\"target\":[\"https:\\\/\\\/informelitoral.com.ar\\\/balance-hidrico-positivo-en-entre-rios\\\/#respond\"]}]},{\"@type\":\"WebPage\",\"@id\":\"https:\\\/\\\/informelitoral.com.ar\\\/balance-hidrico-positivo-en-entre-rios\\\/\",\"url\":\"https:\\\/\\\/informelitoral.com.ar\\\/balance-hidrico-positivo-en-entre-rios\\\/\",\"name\":\"Balance h\u00eddrico positivo en Entre R\u00edos - Informe Litoral\",\"isPartOf\":{\"@id\":\"https:\\\/\\\/informelitoral.com.ar\\\/#website\"},\"primaryImageOfPage\":{\"@id\":\"https:\\\/\\\/informelitoral.com.ar\\\/balance-hidrico-positivo-en-entre-rios\\\/#primaryimage\"},\"image\":{\"@id\":\"https:\\\/\\\/informelitoral.com.ar\\\/balance-hidrico-positivo-en-entre-rios\\\/#primaryimage\"},\"thumbnailUrl\":\"https:\\\/\\\/informelitoral.com.ar\\\/%77%70%2d%63%6f%6e%74%65%6e%74\\\/uploads\\\/2021\\\/04\\\/Lluvias-680x453-1.jpg\",\"datePublished\":\"2025-11-03T12:59:25+00:00\",\"dateModified\":\"2025-11-03T19:12:16+00:00\",\"breadcrumb\":{\"@id\":\"https:\\\/\\\/informelitoral.com.ar\\\/balance-hidrico-positivo-en-entre-rios\\\/#breadcrumb\"},\"inLanguage\":\"es\",\"potentialAction\":[{\"@type\":\"ReadAction\",\"target\":[\"https:\\\/\\\/informelitoral.com.ar\\\/balance-hidrico-positivo-en-entre-rios\\\/\"]}]},{\"@type\":\"ImageObject\",\"inLanguage\":\"es\",\"@id\":\"https:\\\/\\\/informelitoral.com.ar\\\/balance-hidrico-positivo-en-entre-rios\\\/#primaryimage\",\"url\":\"https:\\\/\\\/informelitoral.com.ar\\\/%77%70%2d%63%6f%6e%74%65%6e%74\\\/uploads\\\/2021\\\/04\\\/Lluvias-680x453-1.jpg\",\"contentUrl\":\"https:\\\/\\\/informelitoral.com.ar\\\/%77%70%2d%63%6f%6e%74%65%6e%74\\\/uploads\\\/2021\\\/04\\\/Lluvias-680x453-1.jpg\",\"width\":680,\"height\":453},{\"@type\":\"BreadcrumbList\",\"@id\":\"https:\\\/\\\/informelitoral.com.ar\\\/balance-hidrico-positivo-en-entre-rios\\\/#breadcrumb\",\"itemListElement\":[{\"@type\":\"ListItem\",\"position\":1,\"name\":\"Portada\",\"item\":\"https:\\\/\\\/informelitoral.com.ar\\\/\"},{\"@type\":\"ListItem\",\"position\":2,\"name\":\"Balance h\u00eddrico positivo en Entre R\u00edos\"}]},{\"@type\":\"WebSite\",\"@id\":\"https:\\\/\\\/informelitoral.com.ar\\\/#website\",\"url\":\"https:\\\/\\\/informelitoral.com.ar\\\/\",\"name\":\"Informe Litoral\",\"description\":\"&quot;Nos informamos&quot; \",\"publisher\":{\"@id\":\"https:\\\/\\\/informelitoral.com.ar\\\/#organization\"},\"potentialAction\":[{\"@type\":\"SearchAction\",\"target\":{\"@type\":\"EntryPoint\",\"urlTemplate\":\"https:\\\/\\\/informelitoral.com.ar\\\/?s={search_term_string}\"},\"query-input\":{\"@type\":\"PropertyValueSpecification\",\"valueRequired\":true,\"valueName\":\"search_term_string\"}}],\"inLanguage\":\"es\"},{\"@type\":\"Organization\",\"@id\":\"https:\\\/\\\/informelitoral.com.ar\\\/#organization\",\"name\":\"Informe Litoral\",\"url\":\"https:\\\/\\\/informelitoral.com.ar\\\/\",\"logo\":{\"@type\":\"ImageObject\",\"inLanguage\":\"es\",\"@id\":\"https:\\\/\\\/informelitoral.com.ar\\\/#\\\/schema\\\/logo\\\/image\\\/\",\"url\":\"https:\\\/\\\/informelitoral.com.ar\\\/%77%70%2d%63%6f%6e%74%65%6e%74\\\/uploads\\\/2021\\\/01\\\/circulo.png\",\"contentUrl\":\"https:\\\/\\\/informelitoral.com.ar\\\/%77%70%2d%63%6f%6e%74%65%6e%74\\\/uploads\\\/2021\\\/01\\\/circulo.png\",\"width\":723,\"height\":731,\"caption\":\"Informe Litoral\"},\"image\":{\"@id\":\"https:\\\/\\\/informelitoral.com.ar\\\/#\\\/schema\\\/logo\\\/image\\\/\"},\"sameAs\":[\"https:\\\/\\\/www.facebook.com\\\/informelitoral\\\/\",\"https:\\\/\\\/x.com\\\/InformeLitoral\",\"https:\\\/\\\/www.instagram.com\\\/informelitoral\\\/\",\"https:\\\/\\\/www.youtube.com\\\/channel\\\/UCua4Qvz8Icb6MYqhoq9xLXw\"]},{\"@type\":\"Person\",\"@id\":\"https:\\\/\\\/informelitoral.com.ar\\\/#\\\/schema\\\/person\\\/f05f9f461677119578717524b127d6d5\",\"name\":\"Sebastian\",\"image\":{\"@type\":\"ImageObject\",\"inLanguage\":\"es\",\"@id\":\"https:\\\/\\\/secure.gravatar.com\\\/avatar\\\/b71bf7481d447dfb9583c7f2798e7cc64de6efb9067b74633ed8c31059a3bd82?s=96&d=mm&r=g\",\"url\":\"https:\\\/\\\/secure.gravatar.com\\\/avatar\\\/b71bf7481d447dfb9583c7f2798e7cc64de6efb9067b74633ed8c31059a3bd82?s=96&d=mm&r=g\",\"contentUrl\":\"https:\\\/\\\/secure.gravatar.com\\\/avatar\\\/b71bf7481d447dfb9583c7f2798e7cc64de6efb9067b74633ed8c31059a3bd82?s=96&d=mm&r=g\",\"caption\":\"Sebastian\"},\"url\":\"https:\\\/\\\/informelitoral.com.ar\\\/author\\\/sebastian\\\/\"}]}<\/script>","yoast_head_json":{"title":"Balance h\u00eddrico positivo en Entre R\u00edos - Informe Litoral","robots":{"index":"index","follow":"follow","max-snippet":"max-snippet:-1","max-image-preview":"max-image-preview:large","max-video-preview":"max-video-preview:-1"},"canonical":"https:\/\/informelitoral.com.ar\/balance-hidrico-positivo-en-entre-rios\/","og_locale":"es_ES","og_type":"article","og_title":"Balance h\u00eddrico positivo en Entre R\u00edos - Informe Litoral","og_description":"Octubre cerr\u00f3 con lluvias ligeramente por debajo del promedio, pero el acumulado anual de 2025 ya supera el valor hist\u00f3rico en un 10,6%","og_url":"https:\/\/informelitoral.com.ar\/balance-hidrico-positivo-en-entre-rios\/","og_site_name":"Informe Litoral","article_publisher":"https:\/\/www.facebook.com\/informelitoral\/","article_published_time":"2025-11-03T12:59:25+00:00","article_modified_time":"2025-11-03T19:12:16+00:00","og_image":[{"width":680,"height":453,"url":"https:\/\/informelitoral.com.ar\/%77%70%2d%63%6f%6e%74%65%6e%74\/uploads\/2021\/04\/Lluvias-680x453-1.jpg","type":"image\/jpeg"}],"author":"Sebastian","twitter_card":"summary_large_image","twitter_creator":"@InformeLitoral","twitter_site":"@InformeLitoral","twitter_misc":{"Escrito por":"Sebastian","Tiempo de lectura":"2 minutos"},"schema":{"@context":"https:\/\/schema.org","@graph":[{"@type":"Article","@id":"https:\/\/informelitoral.com.ar\/balance-hidrico-positivo-en-entre-rios\/#article","isPartOf":{"@id":"https:\/\/informelitoral.com.ar\/balance-hidrico-positivo-en-entre-rios\/"},"author":{"name":"Sebastian","@id":"https:\/\/informelitoral.com.ar\/#\/schema\/person\/f05f9f461677119578717524b127d6d5"},"headline":"Balance h\u00eddrico positivo en Entre R\u00edos","datePublished":"2025-11-03T12:59:25+00:00","dateModified":"2025-11-03T19:12:16+00:00","mainEntityOfPage":{"@id":"https:\/\/informelitoral.com.ar\/balance-hidrico-positivo-en-entre-rios\/"},"wordCount":412,"commentCount":0,"publisher":{"@id":"https:\/\/informelitoral.com.ar\/#organization"},"image":{"@id":"https:\/\/informelitoral.com.ar\/balance-hidrico-positivo-en-entre-rios\/#primaryimage"},"thumbnailUrl":"https:\/\/informelitoral.com.ar\/%77%70%2d%63%6f%6e%74%65%6e%74\/uploads\/2021\/04\/Lluvias-680x453-1.jpg","keywords":["Balance H\u00eddrico","Entre R\u00edos"],"articleSection":["Campo"],"inLanguage":"es","potentialAction":[{"@type":"CommentAction","name":"Comment","target":["https:\/\/informelitoral.com.ar\/balance-hidrico-positivo-en-entre-rios\/#respond"]}]},{"@type":"WebPage","@id":"https:\/\/informelitoral.com.ar\/balance-hidrico-positivo-en-entre-rios\/","url":"https:\/\/informelitoral.com.ar\/balance-hidrico-positivo-en-entre-rios\/","name":"Balance h\u00eddrico positivo en Entre R\u00edos - Informe Litoral","isPartOf":{"@id":"https:\/\/informelitoral.com.ar\/#website"},"primaryImageOfPage":{"@id":"https:\/\/informelitoral.com.ar\/balance-hidrico-positivo-en-entre-rios\/#primaryimage"},"image":{"@id":"https:\/\/informelitoral.com.ar\/balance-hidrico-positivo-en-entre-rios\/#primaryimage"},"thumbnailUrl":"https:\/\/informelitoral.com.ar\/%77%70%2d%63%6f%6e%74%65%6e%74\/uploads\/2021\/04\/Lluvias-680x453-1.jpg","datePublished":"2025-11-03T12:59:25+00:00","dateModified":"2025-11-03T19:12:16+00:00","breadcrumb":{"@id":"https:\/\/informelitoral.com.ar\/balance-hidrico-positivo-en-entre-rios\/#breadcrumb"},"inLanguage":"es","potentialAction":[{"@type":"ReadAction","target":["https:\/\/informelitoral.com.ar\/balance-hidrico-positivo-en-entre-rios\/"]}]},{"@type":"ImageObject","inLanguage":"es","@id":"https:\/\/informelitoral.com.ar\/balance-hidrico-positivo-en-entre-rios\/#primaryimage","url":"https:\/\/informelitoral.com.ar\/%77%70%2d%63%6f%6e%74%65%6e%74\/uploads\/2021\/04\/Lluvias-680x453-1.jpg","contentUrl":"https:\/\/informelitoral.com.ar\/%77%70%2d%63%6f%6e%74%65%6e%74\/uploads\/2021\/04\/Lluvias-680x453-1.jpg","width":680,"height":453},{"@type":"BreadcrumbList","@id":"https:\/\/informelitoral.com.ar\/balance-hidrico-positivo-en-entre-rios\/#breadcrumb","itemListElement":[{"@type":"ListItem","position":1,"name":"Portada","item":"https:\/\/informelitoral.com.ar\/"},{"@type":"ListItem","position":2,"name":"Balance h\u00eddrico positivo en Entre R\u00edos"}]},{"@type":"WebSite","@id":"https:\/\/informelitoral.com.ar\/#website","url":"https:\/\/informelitoral.com.ar\/","name":"Informe Litoral","description":"&quot;Nos informamos&quot; ","publisher":{"@id":"https:\/\/informelitoral.com.ar\/#organization"},"potentialAction":[{"@type":"SearchAction","target":{"@type":"EntryPoint","urlTemplate":"https:\/\/informelitoral.com.ar\/?s={search_term_string}"},"query-input":{"@type":"PropertyValueSpecification","valueRequired":true,"valueName":"search_term_string"}}],"inLanguage":"es"},{"@type":"Organization","@id":"https:\/\/informelitoral.com.ar\/#organization","name":"Informe Litoral","url":"https:\/\/informelitoral.com.ar\/","logo":{"@type":"ImageObject","inLanguage":"es","@id":"https:\/\/informelitoral.com.ar\/#\/schema\/logo\/image\/","url":"https:\/\/informelitoral.com.ar\/%77%70%2d%63%6f%6e%74%65%6e%74\/uploads\/2021\/01\/circulo.png","contentUrl":"https:\/\/informelitoral.com.ar\/%77%70%2d%63%6f%6e%74%65%6e%74\/uploads\/2021\/01\/circulo.png","width":723,"height":731,"caption":"Informe Litoral"},"image":{"@id":"https:\/\/informelitoral.com.ar\/#\/schema\/logo\/image\/"},"sameAs":["https:\/\/www.facebook.com\/informelitoral\/","https:\/\/x.com\/InformeLitoral","https:\/\/www.instagram.com\/informelitoral\/","https:\/\/www.youtube.com\/channel\/UCua4Qvz8Icb6MYqhoq9xLXw"]},{"@type":"Person","@id":"https:\/\/informelitoral.com.ar\/#\/schema\/person\/f05f9f461677119578717524b127d6d5","name":"Sebastian","image":{"@type":"ImageObject","inLanguage":"es","@id":"https:\/\/secure.gravatar.com\/avatar\/b71bf7481d447dfb9583c7f2798e7cc64de6efb9067b74633ed8c31059a3bd82?s=96&d=mm&r=g","url":"https:\/\/secure.gravatar.com\/avatar\/b71bf7481d447dfb9583c7f2798e7cc64de6efb9067b74633ed8c31059a3bd82?s=96&d=mm&r=g","contentUrl":"https:\/\/secure.gravatar.com\/avatar\/b71bf7481d447dfb9583c7f2798e7cc64de6efb9067b74633ed8c31059a3bd82?s=96&d=mm&r=g","caption":"Sebastian"},"url":"https:\/\/informelitoral.com.ar\/author\/sebastian\/"}]}},"_links":{"self":[{"href":"https:\/\/informelitoral.com.ar\/%77%70%2d%6a%73%6f%6e\/wp\/v2\/posts\/239094","targetHints":{"allow":["GET"]}}],"collection":[{"href":"https:\/\/informelitoral.com.ar\/%77%70%2d%6a%73%6f%6e\/wp\/v2\/posts"}],"about":[{"href":"https:\/\/informelitoral.com.ar\/%77%70%2d%6a%73%6f%6e\/wp\/v2\/types\/post"}],"author":[{"embeddable":true,"href":"https:\/\/informelitoral.com.ar\/%77%70%2d%6a%73%6f%6e\/wp\/v2\/users\/8"}],"replies":[{"embeddable":true,"href":"https:\/\/informelitoral.com.ar\/%77%70%2d%6a%73%6f%6e\/wp\/v2\/comments?post=239094"}],"version-history":[{"count":4,"href":"https:\/\/informelitoral.com.ar\/%77%70%2d%6a%73%6f%6e\/wp\/v2\/posts\/239094\/revisions"}],"predecessor-version":[{"id":239096,"href":"https:\/\/informelitoral.com.ar\/%77%70%2d%6a%73%6f%6e\/wp\/v2\/posts\/239094\/revisions\/239096"}],"wp:featuredmedia":[{"embeddable":true,"href":"https:\/\/informelitoral.com.ar\/%77%70%2d%6a%73%6f%6e\/wp\/v2\/media\/59459"}],"wp:attachment":[{"href":"https:\/\/informelitoral.com.ar\/%77%70%2d%6a%73%6f%6e\/wp\/v2\/media?parent=239094"}],"wp:term":[{"taxonomy":"category","embeddable":true,"href":"https:\/\/informelitoral.com.ar\/%77%70%2d%6a%73%6f%6e\/wp\/v2\/categories?post=239094"},{"taxonomy":"post_tag","embeddable":true,"href":"https:\/\/informelitoral.com.ar\/%77%70%2d%6a%73%6f%6e\/wp\/v2\/tags?post=239094"}],"curies":[{"name":"wp","href":"https:\/\/api.w.org\/{rel}","templated":true}]}}