{"id":239036,"date":"2025-11-03T06:38:41","date_gmt":"2025-11-03T09:38:41","guid":{"rendered":"https:\/\/informelitoral.com.ar\/?p=239036"},"modified":"2025-11-03T06:38:41","modified_gmt":"2025-11-03T09:38:41","slug":"agustin-canapino-gano-en-parana-e-igualo-un-historico-record-en-el-tc","status":"publish","type":"post","link":"https:\/\/informelitoral.com.ar\/agustin-canapino-gano-en-parana-e-igualo-un-historico-record-en-el-tc\/","title":{"rendered":"Agust\u00edn Canapino gan\u00f3 en Paran\u00e1 e igual\u00f3 un hist\u00f3rico r\u00e9cord en el TC"},"content":{"rendered":"<p><strong>Agust\u00edn Canapino<\/strong>, a bordo de su\u00a0<strong>Chevrolet Camaro<\/strong>, se qued\u00f3 con la victoria en el aut\u00f3dromo Ciudad de Paran\u00e1 de Sauce Montrull, donde el <strong>Turismo Carretera<\/strong>\u00a0desarroll\u00f3 la 13\u00b0 carrera de una temporada a la que solamente le quedan dos fechas por disputarse.<\/p>\n<p>Salvo en la largada y las reanudaciones tras la salida del Auto de Seguridad en un par de oportunidades, Canapino no tuvo dificultades para mantener el primer puesto y se qued\u00f3 con el triunfo por delante de\u00a0<strong>Agust\u00edn Mart\u00ednez y Mariano Werner<\/strong>, quienes completaron el podio con los\u00a0<strong>Ford Mustang<\/strong>.<\/p>\n<p>Debido a esto, igual\u00f3 con esta victoria un r\u00e9cord que ten\u00eda\u00a0<strong>Emiliano Satriano<\/strong>. En 1990, obtuvo cuatro consecutivas para quedarse con el campeonato y lo mismo hizo el domingo Canapino, quien ven\u00eda de imponerse en Buenos Aires, San Luis y San Nicol\u00e1s.<\/p>\n<p>Al TC le quedan solamente dos carreras: el pr\u00f3ximo 16 de noviembre visitar\u00e1 Toay, en La Pampa, mientras que la temporada se cerrar\u00e1 en el Mouras de La Plata, el 7 de diciembre.<\/p>\n<p>Canapino suma en la\u00a0<strong>Copa de Oro<\/strong>\u00a0155 puntos y es escoltado por\u00a0<strong>Mat\u00edas Rossi<\/strong>\u00a0(108). El tercero es\u00a0<strong>Santiago Mangoni<\/strong>\u00a0(103.5), compa\u00f1ero de equipo del l\u00edder.<\/p>\n<h6><em><strong>Del archivo:\u00a0<a href=\"https:\/\/informelitoral.com.ar\/gonzalo-salgado-coopar-crece-junto-al-productor-apostando-a-la-innovacion-y-al-trabajo-cooperativo\/\" target=\"_blank\" rel=\"noopener\">Gonzalo Salgado: \u201cCoopar crece junto al productor, apostando a la innovaci\u00f3n y al trabajo cooperativo\u201d<\/a><\/strong><\/em><\/h6>\n","protected":false},"excerpt":{"rendered":"<p>A bordo de su Chevrolet Camaro se impuso en Entre R\u00edos y se consolid\u00f3 en la cima del torneo a falta de dos carreras para el cierre de la Copa de Oro. Con este triunfo, igual\u00f3 un hist\u00f3rico r\u00e9cord en el TC.<\/p>\n","protected":false},"author":2,"featured_media":239037,"comment_status":"open","ping_status":"open","sticky":false,"template":"","format":"standard","meta":{"fifu_image_url":"https:\/\/assets.cronica.com.ar\/__export\/1762119826439\/sites\/cronica\/img\/2025\/11\/02\/tc-agustin-canapino-piloto-1.jpg_1480801792.jpg","fifu_image_alt":"","footnotes":""},"categories":[13],"tags":[447,45,2137],"class_list":{"0":"post-239036","1":"post","2":"type-post","3":"status-publish","4":"format-standard","5":"has-post-thumbnail","7":"category-deportes","8":"tag-automovilismo","9":"tag-parana","10":"tag-tc"},"yoast_head":"<title>Agust\u00edn Canapino gan\u00f3 en Paran\u00e1 e igual\u00f3 un hist\u00f3rico r\u00e9cord en el TC - Informe Litoral<\/title>\n<meta name=\"robots\" content=\"index, follow, max-snippet:-1, max-image-preview:large, max-video-preview:-1\" \/>\n<link rel=\"canonical\" href=\"https:\/\/informelitoral.com.ar\/agustin-canapino-gano-en-parana-e-igualo-un-historico-record-en-el-tc\/\" \/>\n<meta property=\"og:locale\" content=\"es_ES\" \/>\n<meta property=\"og:type\" content=\"article\" \/>\n<meta property=\"og:title\" content=\"Agust\u00edn Canapino gan\u00f3 en Paran\u00e1 e igual\u00f3 un hist\u00f3rico r\u00e9cord en el TC - Informe Litoral\" \/>\n<meta property=\"og:description\" content=\"A bordo de su Chevrolet Camaro se impuso en Entre R\u00edos y se consolid\u00f3 en la cima del torneo a falta de dos carreras para el cierre de la Copa de Oro. Con este triunfo, igual\u00f3 un hist\u00f3rico r\u00e9cord en el TC.\" \/>\n<meta property=\"og:url\" content=\"https:\/\/informelitoral.com.ar\/agustin-canapino-gano-en-parana-e-igualo-un-historico-record-en-el-tc\/\" \/>\n<meta property=\"og:site_name\" content=\"Informe Litoral\" \/>\n<meta property=\"article:publisher\" content=\"https:\/\/www.facebook.com\/informelitoral\/\" \/>\n<meta property=\"article:published_time\" content=\"2025-11-03T09:38:41+00:00\" \/>\n<meta property=\"og:image\" content=\"https:\/\/assets.cronica.com.ar\/__export\/1762119826439\/sites\/cronica\/img\/2025\/11\/02\/tc-agustin-canapino-piloto-1.jpg_1480801792.jpg\" \/>\n<meta name=\"author\" content=\"Gonzalo Schmidt\" \/>\n<meta name=\"twitter:card\" content=\"summary_large_image\" \/>\n<meta name=\"twitter:image\" content=\"https:\/\/assets.cronica.com.ar\/__export\/1762119826439\/sites\/cronica\/img\/2025\/11\/02\/tc-agustin-canapino-piloto-1.jpg_1480801792.jpg\" \/>\n<meta name=\"twitter:creator\" content=\"@InformeLitoral\" \/>\n<meta name=\"twitter:site\" content=\"@InformeLitoral\" \/>\n<meta name=\"twitter:label1\" content=\"Escrito por\" \/>\n\t<meta name=\"twitter:data1\" content=\"Gonzalo Schmidt\" \/>\n\t<meta name=\"twitter:label2\" content=\"Tiempo de lectura\" \/>\n\t<meta name=\"twitter:data2\" content=\"1 minuto\" \/>\n<script type=\"application\/ld+json\" class=\"yoast-schema-graph\">{\"@context\":\"https:\\\/\\\/schema.org\",\"@graph\":[{\"@type\":\"Article\",\"@id\":\"https:\\\/\\\/informelitoral.com.ar\\\/agustin-canapino-gano-en-parana-e-igualo-un-historico-record-en-el-tc\\\/#article\",\"isPartOf\":{\"@id\":\"https:\\\/\\\/informelitoral.com.ar\\\/agustin-canapino-gano-en-parana-e-igualo-un-historico-record-en-el-tc\\\/\"},\"author\":{\"name\":\"Gonzalo Schmidt\",\"@id\":\"https:\\\/\\\/informelitoral.com.ar\\\/#\\\/schema\\\/person\\\/b9d00407c836482871ef1d57bf8e3180\"},\"headline\":\"Agust\u00edn Canapino gan\u00f3 en Paran\u00e1 e igual\u00f3 un hist\u00f3rico r\u00e9cord en el TC\",\"datePublished\":\"2025-11-03T09:38:41+00:00\",\"mainEntityOfPage\":{\"@id\":\"https:\\\/\\\/informelitoral.com.ar\\\/agustin-canapino-gano-en-parana-e-igualo-un-historico-record-en-el-tc\\\/\"},\"wordCount\":234,\"commentCount\":0,\"publisher\":{\"@id\":\"https:\\\/\\\/informelitoral.com.ar\\\/#organization\"},\"image\":{\"@id\":\"https:\\\/\\\/informelitoral.com.ar\\\/agustin-canapino-gano-en-parana-e-igualo-un-historico-record-en-el-tc\\\/#primaryimage\"},\"thumbnailUrl\":\"https:\\\/\\\/assets.cronica.com.ar\\\/__export\\\/1762119826439\\\/sites\\\/cronica\\\/img\\\/2025\\\/11\\\/02\\\/tc-agustin-canapino-piloto-1.jpg_1480801792.jpg\",\"keywords\":[\"Automovilismo\",\"Paran\u00e1\",\"TC\"],\"articleSection\":[\"Deportes\"],\"inLanguage\":\"es\",\"potentialAction\":[{\"@type\":\"CommentAction\",\"name\":\"Comment\",\"target\":[\"https:\\\/\\\/informelitoral.com.ar\\\/agustin-canapino-gano-en-parana-e-igualo-un-historico-record-en-el-tc\\\/#respond\"]}]},{\"@type\":\"WebPage\",\"@id\":\"https:\\\/\\\/informelitoral.com.ar\\\/agustin-canapino-gano-en-parana-e-igualo-un-historico-record-en-el-tc\\\/\",\"url\":\"https:\\\/\\\/informelitoral.com.ar\\\/agustin-canapino-gano-en-parana-e-igualo-un-historico-record-en-el-tc\\\/\",\"name\":\"Agust\u00edn Canapino gan\u00f3 en Paran\u00e1 e igual\u00f3 un hist\u00f3rico r\u00e9cord en el TC - Informe Litoral\",\"isPartOf\":{\"@id\":\"https:\\\/\\\/informelitoral.com.ar\\\/#website\"},\"primaryImageOfPage\":{\"@id\":\"https:\\\/\\\/informelitoral.com.ar\\\/agustin-canapino-gano-en-parana-e-igualo-un-historico-record-en-el-tc\\\/#primaryimage\"},\"image\":{\"@id\":\"https:\\\/\\\/informelitoral.com.ar\\\/agustin-canapino-gano-en-parana-e-igualo-un-historico-record-en-el-tc\\\/#primaryimage\"},\"thumbnailUrl\":\"https:\\\/\\\/assets.cronica.com.ar\\\/__export\\\/1762119826439\\\/sites\\\/cronica\\\/img\\\/2025\\\/11\\\/02\\\/tc-agustin-canapino-piloto-1.jpg_1480801792.jpg\",\"datePublished\":\"2025-11-03T09:38:41+00:00\",\"breadcrumb\":{\"@id\":\"https:\\\/\\\/informelitoral.com.ar\\\/agustin-canapino-gano-en-parana-e-igualo-un-historico-record-en-el-tc\\\/#breadcrumb\"},\"inLanguage\":\"es\",\"potentialAction\":[{\"@type\":\"ReadAction\",\"target\":[\"https:\\\/\\\/informelitoral.com.ar\\\/agustin-canapino-gano-en-parana-e-igualo-un-historico-record-en-el-tc\\\/\"]}]},{\"@type\":\"ImageObject\",\"inLanguage\":\"es\",\"@id\":\"https:\\\/\\\/informelitoral.com.ar\\\/agustin-canapino-gano-en-parana-e-igualo-un-historico-record-en-el-tc\\\/#primaryimage\",\"url\":\"https:\\\/\\\/assets.cronica.com.ar\\\/__export\\\/1762119826439\\\/sites\\\/cronica\\\/img\\\/2025\\\/11\\\/02\\\/tc-agustin-canapino-piloto-1.jpg_1480801792.jpg\",\"contentUrl\":\"https:\\\/\\\/assets.cronica.com.ar\\\/__export\\\/1762119826439\\\/sites\\\/cronica\\\/img\\\/2025\\\/11\\\/02\\\/tc-agustin-canapino-piloto-1.jpg_1480801792.jpg\",\"width\":\"937\",\"height\":\"527\"},{\"@type\":\"BreadcrumbList\",\"@id\":\"https:\\\/\\\/informelitoral.com.ar\\\/agustin-canapino-gano-en-parana-e-igualo-un-historico-record-en-el-tc\\\/#breadcrumb\",\"itemListElement\":[{\"@type\":\"ListItem\",\"position\":1,\"name\":\"Portada\",\"item\":\"https:\\\/\\\/informelitoral.com.ar\\\/\"},{\"@type\":\"ListItem\",\"position\":2,\"name\":\"Agust\u00edn Canapino gan\u00f3 en Paran\u00e1 e igual\u00f3 un hist\u00f3rico r\u00e9cord en el TC\"}]},{\"@type\":\"WebSite\",\"@id\":\"https:\\\/\\\/informelitoral.com.ar\\\/#website\",\"url\":\"https:\\\/\\\/informelitoral.com.ar\\\/\",\"name\":\"Informe Litoral\",\"description\":\"&quot;Nos informamos&quot; \",\"publisher\":{\"@id\":\"https:\\\/\\\/informelitoral.com.ar\\\/#organization\"},\"potentialAction\":[{\"@type\":\"SearchAction\",\"target\":{\"@type\":\"EntryPoint\",\"urlTemplate\":\"https:\\\/\\\/informelitoral.com.ar\\\/?s={search_term_string}\"},\"query-input\":{\"@type\":\"PropertyValueSpecification\",\"valueRequired\":true,\"valueName\":\"search_term_string\"}}],\"inLanguage\":\"es\"},{\"@type\":\"Organization\",\"@id\":\"https:\\\/\\\/informelitoral.com.ar\\\/#organization\",\"name\":\"Informe Litoral\",\"url\":\"https:\\\/\\\/informelitoral.com.ar\\\/\",\"logo\":{\"@type\":\"ImageObject\",\"inLanguage\":\"es\",\"@id\":\"https:\\\/\\\/informelitoral.com.ar\\\/#\\\/schema\\\/logo\\\/image\\\/\",\"url\":\"https:\\\/\\\/informelitoral.com.ar\\\/%77%70%2d%63%6f%6e%74%65%6e%74\\\/uploads\\\/2021\\\/01\\\/circulo.png\",\"contentUrl\":\"https:\\\/\\\/informelitoral.com.ar\\\/%77%70%2d%63%6f%6e%74%65%6e%74\\\/uploads\\\/2021\\\/01\\\/circulo.png\",\"width\":723,\"height\":731,\"caption\":\"Informe Litoral\"},\"image\":{\"@id\":\"https:\\\/\\\/informelitoral.com.ar\\\/#\\\/schema\\\/logo\\\/image\\\/\"},\"sameAs\":[\"https:\\\/\\\/www.facebook.com\\\/informelitoral\\\/\",\"https:\\\/\\\/x.com\\\/InformeLitoral\",\"https:\\\/\\\/www.instagram.com\\\/informelitoral\\\/\",\"https:\\\/\\\/www.youtube.com\\\/channel\\\/UCua4Qvz8Icb6MYqhoq9xLXw\"]},{\"@type\":\"Person\",\"@id\":\"https:\\\/\\\/informelitoral.com.ar\\\/#\\\/schema\\\/person\\\/b9d00407c836482871ef1d57bf8e3180\",\"name\":\"Gonzalo Schmidt\",\"image\":{\"@type\":\"ImageObject\",\"inLanguage\":\"es\",\"@id\":\"https:\\\/\\\/secure.gravatar.com\\\/avatar\\\/31a1a7b66ff2de83bd0e9fd79d026630d2d99e55e8bfe501287647b4fd9743de?s=96&d=mm&r=g\",\"url\":\"https:\\\/\\\/secure.gravatar.com\\\/avatar\\\/31a1a7b66ff2de83bd0e9fd79d026630d2d99e55e8bfe501287647b4fd9743de?s=96&d=mm&r=g\",\"contentUrl\":\"https:\\\/\\\/secure.gravatar.com\\\/avatar\\\/31a1a7b66ff2de83bd0e9fd79d026630d2d99e55e8bfe501287647b4fd9743de?s=96&d=mm&r=g\",\"caption\":\"Gonzalo Schmidt\"},\"description\":\"Sitio web de noticias de la provincia de Entre R\u00edos, Argentina. Informaci\u00f3n y entretenimiento. Informe Litoral, nos informamos.\",\"sameAs\":[\"http:\\\/\\\/www.isletasnoticias.com.ar\"],\"url\":\"https:\\\/\\\/informelitoral.com.ar\\\/author\\\/gonzalo\\\/\"}]}<\/script>","yoast_head_json":{"title":"Agust\u00edn Canapino gan\u00f3 en Paran\u00e1 e igual\u00f3 un hist\u00f3rico r\u00e9cord en el TC - Informe Litoral","robots":{"index":"index","follow":"follow","max-snippet":"max-snippet:-1","max-image-preview":"max-image-preview:large","max-video-preview":"max-video-preview:-1"},"canonical":"https:\/\/informelitoral.com.ar\/agustin-canapino-gano-en-parana-e-igualo-un-historico-record-en-el-tc\/","og_locale":"es_ES","og_type":"article","og_title":"Agust\u00edn Canapino gan\u00f3 en Paran\u00e1 e igual\u00f3 un hist\u00f3rico r\u00e9cord en el TC - Informe Litoral","og_description":"A bordo de su Chevrolet Camaro se impuso en Entre R\u00edos y se consolid\u00f3 en la cima del torneo a falta de dos carreras para el cierre de la Copa de Oro. Con este triunfo, igual\u00f3 un hist\u00f3rico r\u00e9cord en el TC.","og_url":"https:\/\/informelitoral.com.ar\/agustin-canapino-gano-en-parana-e-igualo-un-historico-record-en-el-tc\/","og_site_name":"Informe Litoral","article_publisher":"https:\/\/www.facebook.com\/informelitoral\/","article_published_time":"2025-11-03T09:38:41+00:00","og_image":[{"url":"https:\/\/assets.cronica.com.ar\/__export\/1762119826439\/sites\/cronica\/img\/2025\/11\/02\/tc-agustin-canapino-piloto-1.jpg_1480801792.jpg","type":"","width":"","height":""}],"author":"Gonzalo Schmidt","twitter_card":"summary_large_image","twitter_image":"https:\/\/assets.cronica.com.ar\/__export\/1762119826439\/sites\/cronica\/img\/2025\/11\/02\/tc-agustin-canapino-piloto-1.jpg_1480801792.jpg","twitter_creator":"@InformeLitoral","twitter_site":"@InformeLitoral","twitter_misc":{"Escrito por":"Gonzalo Schmidt","Tiempo de lectura":"1 minuto"},"schema":{"@context":"https:\/\/schema.org","@graph":[{"@type":"Article","@id":"https:\/\/informelitoral.com.ar\/agustin-canapino-gano-en-parana-e-igualo-un-historico-record-en-el-tc\/#article","isPartOf":{"@id":"https:\/\/informelitoral.com.ar\/agustin-canapino-gano-en-parana-e-igualo-un-historico-record-en-el-tc\/"},"author":{"name":"Gonzalo Schmidt","@id":"https:\/\/informelitoral.com.ar\/#\/schema\/person\/b9d00407c836482871ef1d57bf8e3180"},"headline":"Agust\u00edn Canapino gan\u00f3 en Paran\u00e1 e igual\u00f3 un hist\u00f3rico r\u00e9cord en el TC","datePublished":"2025-11-03T09:38:41+00:00","mainEntityOfPage":{"@id":"https:\/\/informelitoral.com.ar\/agustin-canapino-gano-en-parana-e-igualo-un-historico-record-en-el-tc\/"},"wordCount":234,"commentCount":0,"publisher":{"@id":"https:\/\/informelitoral.com.ar\/#organization"},"image":{"@id":"https:\/\/informelitoral.com.ar\/agustin-canapino-gano-en-parana-e-igualo-un-historico-record-en-el-tc\/#primaryimage"},"thumbnailUrl":"https:\/\/assets.cronica.com.ar\/__export\/1762119826439\/sites\/cronica\/img\/2025\/11\/02\/tc-agustin-canapino-piloto-1.jpg_1480801792.jpg","keywords":["Automovilismo","Paran\u00e1","TC"],"articleSection":["Deportes"],"inLanguage":"es","potentialAction":[{"@type":"CommentAction","name":"Comment","target":["https:\/\/informelitoral.com.ar\/agustin-canapino-gano-en-parana-e-igualo-un-historico-record-en-el-tc\/#respond"]}]},{"@type":"WebPage","@id":"https:\/\/informelitoral.com.ar\/agustin-canapino-gano-en-parana-e-igualo-un-historico-record-en-el-tc\/","url":"https:\/\/informelitoral.com.ar\/agustin-canapino-gano-en-parana-e-igualo-un-historico-record-en-el-tc\/","name":"Agust\u00edn Canapino gan\u00f3 en Paran\u00e1 e igual\u00f3 un hist\u00f3rico r\u00e9cord en el TC - Informe Litoral","isPartOf":{"@id":"https:\/\/informelitoral.com.ar\/#website"},"primaryImageOfPage":{"@id":"https:\/\/informelitoral.com.ar\/agustin-canapino-gano-en-parana-e-igualo-un-historico-record-en-el-tc\/#primaryimage"},"image":{"@id":"https:\/\/informelitoral.com.ar\/agustin-canapino-gano-en-parana-e-igualo-un-historico-record-en-el-tc\/#primaryimage"},"thumbnailUrl":"https:\/\/assets.cronica.com.ar\/__export\/1762119826439\/sites\/cronica\/img\/2025\/11\/02\/tc-agustin-canapino-piloto-1.jpg_1480801792.jpg","datePublished":"2025-11-03T09:38:41+00:00","breadcrumb":{"@id":"https:\/\/informelitoral.com.ar\/agustin-canapino-gano-en-parana-e-igualo-un-historico-record-en-el-tc\/#breadcrumb"},"inLanguage":"es","potentialAction":[{"@type":"ReadAction","target":["https:\/\/informelitoral.com.ar\/agustin-canapino-gano-en-parana-e-igualo-un-historico-record-en-el-tc\/"]}]},{"@type":"ImageObject","inLanguage":"es","@id":"https:\/\/informelitoral.com.ar\/agustin-canapino-gano-en-parana-e-igualo-un-historico-record-en-el-tc\/#primaryimage","url":"https:\/\/assets.cronica.com.ar\/__export\/1762119826439\/sites\/cronica\/img\/2025\/11\/02\/tc-agustin-canapino-piloto-1.jpg_1480801792.jpg","contentUrl":"https:\/\/assets.cronica.com.ar\/__export\/1762119826439\/sites\/cronica\/img\/2025\/11\/02\/tc-agustin-canapino-piloto-1.jpg_1480801792.jpg","width":"937","height":"527"},{"@type":"BreadcrumbList","@id":"https:\/\/informelitoral.com.ar\/agustin-canapino-gano-en-parana-e-igualo-un-historico-record-en-el-tc\/#breadcrumb","itemListElement":[{"@type":"ListItem","position":1,"name":"Portada","item":"https:\/\/informelitoral.com.ar\/"},{"@type":"ListItem","position":2,"name":"Agust\u00edn Canapino gan\u00f3 en Paran\u00e1 e igual\u00f3 un hist\u00f3rico r\u00e9cord en el TC"}]},{"@type":"WebSite","@id":"https:\/\/informelitoral.com.ar\/#website","url":"https:\/\/informelitoral.com.ar\/","name":"Informe Litoral","description":"&quot;Nos informamos&quot; ","publisher":{"@id":"https:\/\/informelitoral.com.ar\/#organization"},"potentialAction":[{"@type":"SearchAction","target":{"@type":"EntryPoint","urlTemplate":"https:\/\/informelitoral.com.ar\/?s={search_term_string}"},"query-input":{"@type":"PropertyValueSpecification","valueRequired":true,"valueName":"search_term_string"}}],"inLanguage":"es"},{"@type":"Organization","@id":"https:\/\/informelitoral.com.ar\/#organization","name":"Informe Litoral","url":"https:\/\/informelitoral.com.ar\/","logo":{"@type":"ImageObject","inLanguage":"es","@id":"https:\/\/informelitoral.com.ar\/#\/schema\/logo\/image\/","url":"https:\/\/informelitoral.com.ar\/%77%70%2d%63%6f%6e%74%65%6e%74\/uploads\/2021\/01\/circulo.png","contentUrl":"https:\/\/informelitoral.com.ar\/%77%70%2d%63%6f%6e%74%65%6e%74\/uploads\/2021\/01\/circulo.png","width":723,"height":731,"caption":"Informe Litoral"},"image":{"@id":"https:\/\/informelitoral.com.ar\/#\/schema\/logo\/image\/"},"sameAs":["https:\/\/www.facebook.com\/informelitoral\/","https:\/\/x.com\/InformeLitoral","https:\/\/www.instagram.com\/informelitoral\/","https:\/\/www.youtube.com\/channel\/UCua4Qvz8Icb6MYqhoq9xLXw"]},{"@type":"Person","@id":"https:\/\/informelitoral.com.ar\/#\/schema\/person\/b9d00407c836482871ef1d57bf8e3180","name":"Gonzalo Schmidt","image":{"@type":"ImageObject","inLanguage":"es","@id":"https:\/\/secure.gravatar.com\/avatar\/31a1a7b66ff2de83bd0e9fd79d026630d2d99e55e8bfe501287647b4fd9743de?s=96&d=mm&r=g","url":"https:\/\/secure.gravatar.com\/avatar\/31a1a7b66ff2de83bd0e9fd79d026630d2d99e55e8bfe501287647b4fd9743de?s=96&d=mm&r=g","contentUrl":"https:\/\/secure.gravatar.com\/avatar\/31a1a7b66ff2de83bd0e9fd79d026630d2d99e55e8bfe501287647b4fd9743de?s=96&d=mm&r=g","caption":"Gonzalo Schmidt"},"description":"Sitio web de noticias de la provincia de Entre R\u00edos, Argentina. Informaci\u00f3n y entretenimiento. Informe Litoral, nos informamos.","sameAs":["http:\/\/www.isletasnoticias.com.ar"],"url":"https:\/\/informelitoral.com.ar\/author\/gonzalo\/"}]}},"fifu_image_url":"https:\/\/assets.cronica.com.ar\/__export\/1762119826439\/sites\/cronica\/img\/2025\/11\/02\/tc-agustin-canapino-piloto-1.jpg_1480801792.jpg","_links":{"self":[{"href":"https:\/\/informelitoral.com.ar\/%77%70%2d%6a%73%6f%6e\/wp\/v2\/posts\/239036","targetHints":{"allow":["GET"]}}],"collection":[{"href":"https:\/\/informelitoral.com.ar\/%77%70%2d%6a%73%6f%6e\/wp\/v2\/posts"}],"about":[{"href":"https:\/\/informelitoral.com.ar\/%77%70%2d%6a%73%6f%6e\/wp\/v2\/types\/post"}],"author":[{"embeddable":true,"href":"https:\/\/informelitoral.com.ar\/%77%70%2d%6a%73%6f%6e\/wp\/v2\/users\/2"}],"replies":[{"embeddable":true,"href":"https:\/\/informelitoral.com.ar\/%77%70%2d%6a%73%6f%6e\/wp\/v2\/comments?post=239036"}],"version-history":[{"count":1,"href":"https:\/\/informelitoral.com.ar\/%77%70%2d%6a%73%6f%6e\/wp\/v2\/posts\/239036\/revisions"}],"predecessor-version":[{"id":239038,"href":"https:\/\/informelitoral.com.ar\/%77%70%2d%6a%73%6f%6e\/wp\/v2\/posts\/239036\/revisions\/239038"}],"wp:featuredmedia":[{"embeddable":true,"href":"https:\/\/informelitoral.com.ar\/%77%70%2d%6a%73%6f%6e\/wp\/v2\/media\/239037"}],"wp:attachment":[{"href":"https:\/\/informelitoral.com.ar\/%77%70%2d%6a%73%6f%6e\/wp\/v2\/media?parent=239036"}],"wp:term":[{"taxonomy":"category","embeddable":true,"href":"https:\/\/informelitoral.com.ar\/%77%70%2d%6a%73%6f%6e\/wp\/v2\/categories?post=239036"},{"taxonomy":"post_tag","embeddable":true,"href":"https:\/\/informelitoral.com.ar\/%77%70%2d%6a%73%6f%6e\/wp\/v2\/tags?post=239036"}],"curies":[{"name":"wp","href":"https:\/\/api.w.org\/{rel}","templated":true}]}}