{"id":238684,"date":"2025-10-29T11:56:49","date_gmt":"2025-10-29T14:56:49","guid":{"rendered":"https:\/\/informelitoral.com.ar\/?p=238684"},"modified":"2025-10-29T14:52:39","modified_gmt":"2025-10-29T17:52:39","slug":"la-biblioteca-popular-del-parana-realizara-la-14-a-edicion-de-su-noche-de-pijamas","status":"publish","type":"post","link":"https:\/\/informelitoral.com.ar\/la-biblioteca-popular-del-parana-realizara-la-14-a-edicion-de-su-noche-de-pijamas\/","title":{"rendered":"La Biblioteca Popular del Paran\u00e1 realizar\u00e1 la 14.\u00aa edici\u00f3n de su \u00abNoche de Pijamas\u00bb"},"content":{"rendered":"<p>El pr\u00f3ximo <b>s\u00e1bado 1 de noviembre<\/b>, la ciudad de Paran\u00e1 ser\u00e1 sede de la d\u00e9cima cuarta edici\u00f3n de la <b>\u00abNoche de Pijamas en la Biblioteca\u00bb<\/b>, un evento tradicional que busca acercar a los ni\u00f1os y ni\u00f1as al \u00e1mbito de la lectura. Bajo el lema \u00abMitos. Historias de los antiguos\u00bb, la actividad se desarrollar\u00e1 <b>a partir de las 19:00 y hasta las 23:00<\/b>.<\/p>\n<p><b>Un Centro L\u00fadico-Educativo en el Coraz\u00f3n de la Ciudad<\/b><\/p>\n<p>La propuesta est\u00e1 dirigida a <b>ni\u00f1os y ni\u00f1as de hasta 13 a\u00f1os<\/b> y se presenta como una oportunidad para develar misterios guardados en los libros sobre sirenas, dragones y otras criaturas legendarias.<\/p>\n<p>Debido a la convocatoria masiva, este a\u00f1o el evento se transformar\u00e1 en una <b>gran kerm\u00e9s cultural<\/b> con diversas actividades art\u00edsticas, l\u00fadicas y educativas que se realizar\u00e1n de manera simult\u00e1nea. La organizaci\u00f3n confirm\u00f3 que las actividades exceder\u00e1n el edificio de la biblioteca:<\/p>\n<ul>\n<li><b>Expansi\u00f3n del Predio:<\/b> Se ha dispuesto el corte de la <b>calle Buenos Aires<\/b>, en los tramos entre Laprida y Cervantes, y entre Alameda de la Federaci\u00f3n y Laprida, donde se sumar\u00e1 un patio de comidas.<\/li>\n<li><b>Espacio Adicional:<\/b> Tambi\u00e9n se desarrollar\u00e1n propuestas en la aleda\u00f1a <b>Plaza Alvear<\/b>.<\/li>\n<\/ul>\n<h2><b>Detalles de participaci\u00f3n y compromiso solidario<\/b><\/h2>\n<p>La \u00abNoche de Pijamas\u00bb tiene <b>entrada libre y gratuita<\/b> y no requiere inscripci\u00f3n previa. Los organizadores mantienen la consigna de que los participantes asistan \u00aben pijamas\u00bb para crear un ambiente l\u00fadico.<\/p>\n<p>Adicionalmente, se invita a los asistentes a colaborar con el <b>Comedor Guadalupe<\/b> aportando un <b>alimento no perecedero<\/b>.<\/p>\n<p>El proyecto es posible gracias al <b>trabajo voluntario<\/b> de profesionales, instituciones y artistas locales. Se espera la difusi\u00f3n de la programaci\u00f3n completa en los pr\u00f3ximos d\u00edas.(<em>Informe Litoral<\/em>)<\/p>\n","protected":false},"excerpt":{"rendered":"<p>El evento masivo, destinado a promover la lectura infantil, se llevar\u00e1 a cabo el 1 de noviembre.<\/p>\n","protected":false},"author":8,"featured_media":238686,"comment_status":"open","ping_status":"open","sticky":false,"template":"","format":"standard","meta":{"fifu_image_url":"","fifu_image_alt":"","footnotes":""},"categories":[1597],"tags":[6154,6155,45],"class_list":{"0":"post-238684","1":"post","2":"type-post","3":"status-publish","4":"format-standard","5":"has-post-thumbnail","7":"category-parana","8":"tag-biblioteca-popular-del-parana","9":"tag-noche-de-pijamas","10":"tag-parana"},"yoast_head":"<title>La Biblioteca Popular del Paran\u00e1 realizar\u00e1 la 14.\u00aa edici\u00f3n de su &quot;Noche de Pijamas&quot; - Informe Litoral<\/title>\n<meta name=\"robots\" content=\"index, follow, max-snippet:-1, max-image-preview:large, max-video-preview:-1\" \/>\n<link rel=\"canonical\" href=\"https:\/\/informelitoral.com.ar\/la-biblioteca-popular-del-parana-realizara-la-14-a-edicion-de-su-noche-de-pijamas\/\" \/>\n<meta property=\"og:locale\" content=\"es_ES\" \/>\n<meta property=\"og:type\" content=\"article\" \/>\n<meta property=\"og:title\" content=\"La Biblioteca Popular del Paran\u00e1 realizar\u00e1 la 14.\u00aa edici\u00f3n de su &quot;Noche de Pijamas&quot; - Informe Litoral\" \/>\n<meta property=\"og:description\" content=\"El evento masivo, destinado a promover la lectura infantil, se llevar\u00e1 a cabo el 1 de noviembre.\" \/>\n<meta property=\"og:url\" content=\"https:\/\/informelitoral.com.ar\/la-biblioteca-popular-del-parana-realizara-la-14-a-edicion-de-su-noche-de-pijamas\/\" \/>\n<meta property=\"og:site_name\" content=\"Informe Litoral\" \/>\n<meta property=\"article:publisher\" content=\"https:\/\/www.facebook.com\/informelitoral\/\" \/>\n<meta property=\"article:published_time\" content=\"2025-10-29T14:56:49+00:00\" \/>\n<meta property=\"article:modified_time\" content=\"2025-10-29T17:52:39+00:00\" \/>\n<meta property=\"og:image\" content=\"https:\/\/drive.google.com\/thumbnail?id=1HdqmpLiUQo5hiR5YcVAoSwnw8YEKxj2a&sz=w2048\" \/>\n\t<meta property=\"og:image:width\" content=\"1024\" \/>\n\t<meta property=\"og:image:height\" content=\"680\" \/>\n\t<meta property=\"og:image:type\" content=\"image\/jpeg\" \/>\n<meta name=\"author\" content=\"Sebastian\" \/>\n<meta name=\"twitter:card\" content=\"summary_large_image\" \/>\n<meta name=\"twitter:creator\" content=\"@InformeLitoral\" \/>\n<meta name=\"twitter:site\" content=\"@InformeLitoral\" \/>\n<meta name=\"twitter:label1\" content=\"Escrito por\" \/>\n\t<meta name=\"twitter:data1\" content=\"Sebastian\" \/>\n\t<meta name=\"twitter:label2\" content=\"Tiempo de lectura\" \/>\n\t<meta name=\"twitter:data2\" content=\"2 minutos\" \/>\n<script type=\"application\/ld+json\" class=\"yoast-schema-graph\">{\"@context\":\"https:\\\/\\\/schema.org\",\"@graph\":[{\"@type\":\"Article\",\"@id\":\"https:\\\/\\\/informelitoral.com.ar\\\/la-biblioteca-popular-del-parana-realizara-la-14-a-edicion-de-su-noche-de-pijamas\\\/#article\",\"isPartOf\":{\"@id\":\"https:\\\/\\\/informelitoral.com.ar\\\/la-biblioteca-popular-del-parana-realizara-la-14-a-edicion-de-su-noche-de-pijamas\\\/\"},\"author\":{\"name\":\"Sebastian\",\"@id\":\"https:\\\/\\\/informelitoral.com.ar\\\/#\\\/schema\\\/person\\\/f05f9f461677119578717524b127d6d5\"},\"headline\":\"La Biblioteca Popular del Paran\u00e1 realizar\u00e1 la 14.\u00aa edici\u00f3n de su \u00abNoche de Pijamas\u00bb\",\"datePublished\":\"2025-10-29T14:56:49+00:00\",\"dateModified\":\"2025-10-29T17:52:39+00:00\",\"mainEntityOfPage\":{\"@id\":\"https:\\\/\\\/informelitoral.com.ar\\\/la-biblioteca-popular-del-parana-realizara-la-14-a-edicion-de-su-noche-de-pijamas\\\/\"},\"wordCount\":313,\"commentCount\":0,\"publisher\":{\"@id\":\"https:\\\/\\\/informelitoral.com.ar\\\/#organization\"},\"image\":{\"@id\":\"https:\\\/\\\/informelitoral.com.ar\\\/la-biblioteca-popular-del-parana-realizara-la-14-a-edicion-de-su-noche-de-pijamas\\\/#primaryimage\"},\"thumbnailUrl\":\"https:\\\/\\\/drive.google.com\\\/thumbnail?id=1HdqmpLiUQo5hiR5YcVAoSwnw8YEKxj2a&sz=w2048\",\"keywords\":[\"Biblioteca Popular del Paran\u00e1\",\"Noche de Pijamas\",\"Paran\u00e1\"],\"articleSection\":[\"Paran\u00e1\"],\"inLanguage\":\"es\",\"potentialAction\":[{\"@type\":\"CommentAction\",\"name\":\"Comment\",\"target\":[\"https:\\\/\\\/informelitoral.com.ar\\\/la-biblioteca-popular-del-parana-realizara-la-14-a-edicion-de-su-noche-de-pijamas\\\/#respond\"]}]},{\"@type\":\"WebPage\",\"@id\":\"https:\\\/\\\/informelitoral.com.ar\\\/la-biblioteca-popular-del-parana-realizara-la-14-a-edicion-de-su-noche-de-pijamas\\\/\",\"url\":\"https:\\\/\\\/informelitoral.com.ar\\\/la-biblioteca-popular-del-parana-realizara-la-14-a-edicion-de-su-noche-de-pijamas\\\/\",\"name\":\"La Biblioteca Popular del Paran\u00e1 realizar\u00e1 la 14.\u00aa edici\u00f3n de su \\\"Noche de Pijamas\\\" - Informe Litoral\",\"isPartOf\":{\"@id\":\"https:\\\/\\\/informelitoral.com.ar\\\/#website\"},\"primaryImageOfPage\":{\"@id\":\"https:\\\/\\\/informelitoral.com.ar\\\/la-biblioteca-popular-del-parana-realizara-la-14-a-edicion-de-su-noche-de-pijamas\\\/#primaryimage\"},\"image\":{\"@id\":\"https:\\\/\\\/informelitoral.com.ar\\\/la-biblioteca-popular-del-parana-realizara-la-14-a-edicion-de-su-noche-de-pijamas\\\/#primaryimage\"},\"thumbnailUrl\":\"https:\\\/\\\/drive.google.com\\\/thumbnail?id=1HdqmpLiUQo5hiR5YcVAoSwnw8YEKxj2a&sz=w2048\",\"datePublished\":\"2025-10-29T14:56:49+00:00\",\"dateModified\":\"2025-10-29T17:52:39+00:00\",\"breadcrumb\":{\"@id\":\"https:\\\/\\\/informelitoral.com.ar\\\/la-biblioteca-popular-del-parana-realizara-la-14-a-edicion-de-su-noche-de-pijamas\\\/#breadcrumb\"},\"inLanguage\":\"es\",\"potentialAction\":[{\"@type\":\"ReadAction\",\"target\":[\"https:\\\/\\\/informelitoral.com.ar\\\/la-biblioteca-popular-del-parana-realizara-la-14-a-edicion-de-su-noche-de-pijamas\\\/\"]}]},{\"@type\":\"ImageObject\",\"inLanguage\":\"es\",\"@id\":\"https:\\\/\\\/informelitoral.com.ar\\\/la-biblioteca-popular-del-parana-realizara-la-14-a-edicion-de-su-noche-de-pijamas\\\/#primaryimage\",\"url\":\"https:\\\/\\\/drive.google.com\\\/thumbnail?id=1HdqmpLiUQo5hiR5YcVAoSwnw8YEKxj2a&sz=w2048\",\"contentUrl\":\"https:\\\/\\\/drive.google.com\\\/thumbnail?id=1HdqmpLiUQo5hiR5YcVAoSwnw8YEKxj2a&sz=w2048\",\"width\":1024,\"height\":680},{\"@type\":\"BreadcrumbList\",\"@id\":\"https:\\\/\\\/informelitoral.com.ar\\\/la-biblioteca-popular-del-parana-realizara-la-14-a-edicion-de-su-noche-de-pijamas\\\/#breadcrumb\",\"itemListElement\":[{\"@type\":\"ListItem\",\"position\":1,\"name\":\"Portada\",\"item\":\"https:\\\/\\\/informelitoral.com.ar\\\/\"},{\"@type\":\"ListItem\",\"position\":2,\"name\":\"La Biblioteca Popular del Paran\u00e1 realizar\u00e1 la 14.\u00aa edici\u00f3n de su \u00abNoche de Pijamas\u00bb\"}]},{\"@type\":\"WebSite\",\"@id\":\"https:\\\/\\\/informelitoral.com.ar\\\/#website\",\"url\":\"https:\\\/\\\/informelitoral.com.ar\\\/\",\"name\":\"Informe Litoral\",\"description\":\"&quot;Nos informamos&quot; \",\"publisher\":{\"@id\":\"https:\\\/\\\/informelitoral.com.ar\\\/#organization\"},\"potentialAction\":[{\"@type\":\"SearchAction\",\"target\":{\"@type\":\"EntryPoint\",\"urlTemplate\":\"https:\\\/\\\/informelitoral.com.ar\\\/?s={search_term_string}\"},\"query-input\":{\"@type\":\"PropertyValueSpecification\",\"valueRequired\":true,\"valueName\":\"search_term_string\"}}],\"inLanguage\":\"es\"},{\"@type\":\"Organization\",\"@id\":\"https:\\\/\\\/informelitoral.com.ar\\\/#organization\",\"name\":\"Informe Litoral\",\"url\":\"https:\\\/\\\/informelitoral.com.ar\\\/\",\"logo\":{\"@type\":\"ImageObject\",\"inLanguage\":\"es\",\"@id\":\"https:\\\/\\\/informelitoral.com.ar\\\/#\\\/schema\\\/logo\\\/image\\\/\",\"url\":\"https:\\\/\\\/informelitoral.com.ar\\\/%77%70%2d%63%6f%6e%74%65%6e%74\\\/uploads\\\/2021\\\/01\\\/circulo.png\",\"contentUrl\":\"https:\\\/\\\/informelitoral.com.ar\\\/%77%70%2d%63%6f%6e%74%65%6e%74\\\/uploads\\\/2021\\\/01\\\/circulo.png\",\"width\":723,\"height\":731,\"caption\":\"Informe Litoral\"},\"image\":{\"@id\":\"https:\\\/\\\/informelitoral.com.ar\\\/#\\\/schema\\\/logo\\\/image\\\/\"},\"sameAs\":[\"https:\\\/\\\/www.facebook.com\\\/informelitoral\\\/\",\"https:\\\/\\\/x.com\\\/InformeLitoral\",\"https:\\\/\\\/www.instagram.com\\\/informelitoral\\\/\",\"https:\\\/\\\/www.youtube.com\\\/channel\\\/UCua4Qvz8Icb6MYqhoq9xLXw\"]},{\"@type\":\"Person\",\"@id\":\"https:\\\/\\\/informelitoral.com.ar\\\/#\\\/schema\\\/person\\\/f05f9f461677119578717524b127d6d5\",\"name\":\"Sebastian\",\"image\":{\"@type\":\"ImageObject\",\"inLanguage\":\"es\",\"@id\":\"https:\\\/\\\/secure.gravatar.com\\\/avatar\\\/b71bf7481d447dfb9583c7f2798e7cc64de6efb9067b74633ed8c31059a3bd82?s=96&d=mm&r=g\",\"url\":\"https:\\\/\\\/secure.gravatar.com\\\/avatar\\\/b71bf7481d447dfb9583c7f2798e7cc64de6efb9067b74633ed8c31059a3bd82?s=96&d=mm&r=g\",\"contentUrl\":\"https:\\\/\\\/secure.gravatar.com\\\/avatar\\\/b71bf7481d447dfb9583c7f2798e7cc64de6efb9067b74633ed8c31059a3bd82?s=96&d=mm&r=g\",\"caption\":\"Sebastian\"},\"url\":\"https:\\\/\\\/informelitoral.com.ar\\\/author\\\/sebastian\\\/\"}]}<\/script>","yoast_head_json":{"title":"La Biblioteca Popular del Paran\u00e1 realizar\u00e1 la 14.\u00aa edici\u00f3n de su \"Noche de Pijamas\" - Informe Litoral","robots":{"index":"index","follow":"follow","max-snippet":"max-snippet:-1","max-image-preview":"max-image-preview:large","max-video-preview":"max-video-preview:-1"},"canonical":"https:\/\/informelitoral.com.ar\/la-biblioteca-popular-del-parana-realizara-la-14-a-edicion-de-su-noche-de-pijamas\/","og_locale":"es_ES","og_type":"article","og_title":"La Biblioteca Popular del Paran\u00e1 realizar\u00e1 la 14.\u00aa edici\u00f3n de su \"Noche de Pijamas\" - Informe Litoral","og_description":"El evento masivo, destinado a promover la lectura infantil, se llevar\u00e1 a cabo el 1 de noviembre.","og_url":"https:\/\/informelitoral.com.ar\/la-biblioteca-popular-del-parana-realizara-la-14-a-edicion-de-su-noche-de-pijamas\/","og_site_name":"Informe Litoral","article_publisher":"https:\/\/www.facebook.com\/informelitoral\/","article_published_time":"2025-10-29T14:56:49+00:00","article_modified_time":"2025-10-29T17:52:39+00:00","og_image":[{"width":1024,"height":680,"url":"https:\/\/drive.google.com\/thumbnail?id=1HdqmpLiUQo5hiR5YcVAoSwnw8YEKxj2a&sz=w2048","type":"image\/jpeg"}],"author":"Sebastian","twitter_card":"summary_large_image","twitter_creator":"@InformeLitoral","twitter_site":"@InformeLitoral","twitter_misc":{"Escrito por":"Sebastian","Tiempo de lectura":"2 minutos"},"schema":{"@context":"https:\/\/schema.org","@graph":[{"@type":"Article","@id":"https:\/\/informelitoral.com.ar\/la-biblioteca-popular-del-parana-realizara-la-14-a-edicion-de-su-noche-de-pijamas\/#article","isPartOf":{"@id":"https:\/\/informelitoral.com.ar\/la-biblioteca-popular-del-parana-realizara-la-14-a-edicion-de-su-noche-de-pijamas\/"},"author":{"name":"Sebastian","@id":"https:\/\/informelitoral.com.ar\/#\/schema\/person\/f05f9f461677119578717524b127d6d5"},"headline":"La Biblioteca Popular del Paran\u00e1 realizar\u00e1 la 14.\u00aa edici\u00f3n de su \u00abNoche de Pijamas\u00bb","datePublished":"2025-10-29T14:56:49+00:00","dateModified":"2025-10-29T17:52:39+00:00","mainEntityOfPage":{"@id":"https:\/\/informelitoral.com.ar\/la-biblioteca-popular-del-parana-realizara-la-14-a-edicion-de-su-noche-de-pijamas\/"},"wordCount":313,"commentCount":0,"publisher":{"@id":"https:\/\/informelitoral.com.ar\/#organization"},"image":{"@id":"https:\/\/informelitoral.com.ar\/la-biblioteca-popular-del-parana-realizara-la-14-a-edicion-de-su-noche-de-pijamas\/#primaryimage"},"thumbnailUrl":"https:\/\/drive.google.com\/thumbnail?id=1HdqmpLiUQo5hiR5YcVAoSwnw8YEKxj2a&sz=w2048","keywords":["Biblioteca Popular del Paran\u00e1","Noche de Pijamas","Paran\u00e1"],"articleSection":["Paran\u00e1"],"inLanguage":"es","potentialAction":[{"@type":"CommentAction","name":"Comment","target":["https:\/\/informelitoral.com.ar\/la-biblioteca-popular-del-parana-realizara-la-14-a-edicion-de-su-noche-de-pijamas\/#respond"]}]},{"@type":"WebPage","@id":"https:\/\/informelitoral.com.ar\/la-biblioteca-popular-del-parana-realizara-la-14-a-edicion-de-su-noche-de-pijamas\/","url":"https:\/\/informelitoral.com.ar\/la-biblioteca-popular-del-parana-realizara-la-14-a-edicion-de-su-noche-de-pijamas\/","name":"La Biblioteca Popular del Paran\u00e1 realizar\u00e1 la 14.\u00aa edici\u00f3n de su \"Noche de Pijamas\" - Informe Litoral","isPartOf":{"@id":"https:\/\/informelitoral.com.ar\/#website"},"primaryImageOfPage":{"@id":"https:\/\/informelitoral.com.ar\/la-biblioteca-popular-del-parana-realizara-la-14-a-edicion-de-su-noche-de-pijamas\/#primaryimage"},"image":{"@id":"https:\/\/informelitoral.com.ar\/la-biblioteca-popular-del-parana-realizara-la-14-a-edicion-de-su-noche-de-pijamas\/#primaryimage"},"thumbnailUrl":"https:\/\/drive.google.com\/thumbnail?id=1HdqmpLiUQo5hiR5YcVAoSwnw8YEKxj2a&sz=w2048","datePublished":"2025-10-29T14:56:49+00:00","dateModified":"2025-10-29T17:52:39+00:00","breadcrumb":{"@id":"https:\/\/informelitoral.com.ar\/la-biblioteca-popular-del-parana-realizara-la-14-a-edicion-de-su-noche-de-pijamas\/#breadcrumb"},"inLanguage":"es","potentialAction":[{"@type":"ReadAction","target":["https:\/\/informelitoral.com.ar\/la-biblioteca-popular-del-parana-realizara-la-14-a-edicion-de-su-noche-de-pijamas\/"]}]},{"@type":"ImageObject","inLanguage":"es","@id":"https:\/\/informelitoral.com.ar\/la-biblioteca-popular-del-parana-realizara-la-14-a-edicion-de-su-noche-de-pijamas\/#primaryimage","url":"https:\/\/drive.google.com\/thumbnail?id=1HdqmpLiUQo5hiR5YcVAoSwnw8YEKxj2a&sz=w2048","contentUrl":"https:\/\/drive.google.com\/thumbnail?id=1HdqmpLiUQo5hiR5YcVAoSwnw8YEKxj2a&sz=w2048","width":1024,"height":680},{"@type":"BreadcrumbList","@id":"https:\/\/informelitoral.com.ar\/la-biblioteca-popular-del-parana-realizara-la-14-a-edicion-de-su-noche-de-pijamas\/#breadcrumb","itemListElement":[{"@type":"ListItem","position":1,"name":"Portada","item":"https:\/\/informelitoral.com.ar\/"},{"@type":"ListItem","position":2,"name":"La Biblioteca Popular del Paran\u00e1 realizar\u00e1 la 14.\u00aa edici\u00f3n de su \u00abNoche de Pijamas\u00bb"}]},{"@type":"WebSite","@id":"https:\/\/informelitoral.com.ar\/#website","url":"https:\/\/informelitoral.com.ar\/","name":"Informe Litoral","description":"&quot;Nos informamos&quot; ","publisher":{"@id":"https:\/\/informelitoral.com.ar\/#organization"},"potentialAction":[{"@type":"SearchAction","target":{"@type":"EntryPoint","urlTemplate":"https:\/\/informelitoral.com.ar\/?s={search_term_string}"},"query-input":{"@type":"PropertyValueSpecification","valueRequired":true,"valueName":"search_term_string"}}],"inLanguage":"es"},{"@type":"Organization","@id":"https:\/\/informelitoral.com.ar\/#organization","name":"Informe Litoral","url":"https:\/\/informelitoral.com.ar\/","logo":{"@type":"ImageObject","inLanguage":"es","@id":"https:\/\/informelitoral.com.ar\/#\/schema\/logo\/image\/","url":"https:\/\/informelitoral.com.ar\/%77%70%2d%63%6f%6e%74%65%6e%74\/uploads\/2021\/01\/circulo.png","contentUrl":"https:\/\/informelitoral.com.ar\/%77%70%2d%63%6f%6e%74%65%6e%74\/uploads\/2021\/01\/circulo.png","width":723,"height":731,"caption":"Informe Litoral"},"image":{"@id":"https:\/\/informelitoral.com.ar\/#\/schema\/logo\/image\/"},"sameAs":["https:\/\/www.facebook.com\/informelitoral\/","https:\/\/x.com\/InformeLitoral","https:\/\/www.instagram.com\/informelitoral\/","https:\/\/www.youtube.com\/channel\/UCua4Qvz8Icb6MYqhoq9xLXw"]},{"@type":"Person","@id":"https:\/\/informelitoral.com.ar\/#\/schema\/person\/f05f9f461677119578717524b127d6d5","name":"Sebastian","image":{"@type":"ImageObject","inLanguage":"es","@id":"https:\/\/secure.gravatar.com\/avatar\/b71bf7481d447dfb9583c7f2798e7cc64de6efb9067b74633ed8c31059a3bd82?s=96&d=mm&r=g","url":"https:\/\/secure.gravatar.com\/avatar\/b71bf7481d447dfb9583c7f2798e7cc64de6efb9067b74633ed8c31059a3bd82?s=96&d=mm&r=g","contentUrl":"https:\/\/secure.gravatar.com\/avatar\/b71bf7481d447dfb9583c7f2798e7cc64de6efb9067b74633ed8c31059a3bd82?s=96&d=mm&r=g","caption":"Sebastian"},"url":"https:\/\/informelitoral.com.ar\/author\/sebastian\/"}]}},"_links":{"self":[{"href":"https:\/\/informelitoral.com.ar\/%77%70%2d%6a%73%6f%6e\/wp\/v2\/posts\/238684","targetHints":{"allow":["GET"]}}],"collection":[{"href":"https:\/\/informelitoral.com.ar\/%77%70%2d%6a%73%6f%6e\/wp\/v2\/posts"}],"about":[{"href":"https:\/\/informelitoral.com.ar\/%77%70%2d%6a%73%6f%6e\/wp\/v2\/types\/post"}],"author":[{"embeddable":true,"href":"https:\/\/informelitoral.com.ar\/%77%70%2d%6a%73%6f%6e\/wp\/v2\/users\/8"}],"replies":[{"embeddable":true,"href":"https:\/\/informelitoral.com.ar\/%77%70%2d%6a%73%6f%6e\/wp\/v2\/comments?post=238684"}],"version-history":[{"count":3,"href":"https:\/\/informelitoral.com.ar\/%77%70%2d%6a%73%6f%6e\/wp\/v2\/posts\/238684\/revisions"}],"predecessor-version":[{"id":238688,"href":"https:\/\/informelitoral.com.ar\/%77%70%2d%6a%73%6f%6e\/wp\/v2\/posts\/238684\/revisions\/238688"}],"wp:featuredmedia":[{"embeddable":true,"href":"https:\/\/informelitoral.com.ar\/%77%70%2d%6a%73%6f%6e\/wp\/v2\/media\/238686"}],"wp:attachment":[{"href":"https:\/\/informelitoral.com.ar\/%77%70%2d%6a%73%6f%6e\/wp\/v2\/media?parent=238684"}],"wp:term":[{"taxonomy":"category","embeddable":true,"href":"https:\/\/informelitoral.com.ar\/%77%70%2d%6a%73%6f%6e\/wp\/v2\/categories?post=238684"},{"taxonomy":"post_tag","embeddable":true,"href":"https:\/\/informelitoral.com.ar\/%77%70%2d%6a%73%6f%6e\/wp\/v2\/tags?post=238684"}],"curies":[{"name":"wp","href":"https:\/\/api.w.org\/{rel}","templated":true}]}}