{"id":238619,"date":"2025-10-29T05:01:42","date_gmt":"2025-10-29T08:01:42","guid":{"rendered":"https:\/\/informelitoral.com.ar\/?p=238619"},"modified":"2025-10-29T08:07:13","modified_gmt":"2025-10-29T11:07:13","slug":"la-nomina-de-conjueces-del-superior-tribunal-de-justicia-ingreso-al-senado","status":"publish","type":"post","link":"https:\/\/informelitoral.com.ar\/la-nomina-de-conjueces-del-superior-tribunal-de-justicia-ingreso-al-senado\/","title":{"rendered":"La n\u00f3mina de conjueces del Superior Tribunal de Justicia ingres\u00f3 al Senado"},"content":{"rendered":"<p>En el recinto de la Honorable C\u00e1mara de Senadores, la vicegobernadora y presidente del cuerpo,<strong> Alicia Aluani<\/strong>, presidi\u00f3 este martes la 15\u00aa Sesi\u00f3n Ordinaria correspondiente al 146\u00ba Per\u00edodo Legislativo. Estuvo asistida por el secretario de C\u00e1mara de Senadores, <strong>Sergio Avero<\/strong> y la prosecretaria,<strong> Sara Foletto<\/strong>. La sesi\u00f3n cont\u00f3 con la presencia de 16 legisladores y quorum reglamentario.<\/p>\n<p>El senador <strong>Martin Oliva<\/strong> (Uruguay- M\u00e1s para Entre R\u00edos) justific\u00f3 la ausencia de su par <strong>Patricia D\u00eda<\/strong> (La Paz-M\u00e1s para Entre R\u00edos).<\/p>\n<p>La Bandera Nacional fue izada por el senador<strong> Casiano Otaegui<\/strong> (Gualeguay- Frente Juntos por Entre R\u00edos) y la Bandera de Entre R\u00edos por el senador <strong>V\u00edctor Sanzberro<\/strong> (Victoria- M\u00e1s para Entre R\u00edos).<\/p>\n<h2><strong>Lista de conjueces<\/strong><\/h2>\n<p>Una vez aprobada el acta de la sesi\u00f3n anterior y el acta de labor parlamentaria del d\u00eda de la fecha, se dio lectura de la n\u00f3mina abogados propuestos para conjueces del Superior Tribunal de Justicia, conforme a las disposiciones de la Ley Provincial N\u00ba 6902 y concordantes, sobre los cuales el Poder Ejecutivo solicita al Senado que preste el Acuerdo Constitucional.<\/p>\n<p>A continuaci\u00f3n se detalla la lista: Dr. Jorge Marcelo D\u2019AGOSTINO, Dra. Anal\u00eda CARDOSO, Dr. Juan Mart\u00edn PITA, Dra. Cristina Luc\u00eda ENDERLE, Dr. Livio Pablo HOJMAN, Dra. Magdalena VINACUR, Dr. Mart\u00edn Juli\u00e1n ACEVEDO MI\u00d1O, Dra. Carina Manuela RAMOS, Dr. Alfredo Alejandro VITALE, Dra. Andrea Bel\u00e9n SAXER, Dr. Agust\u00edn TURINETTO, Dra. Ver\u00f3nica Mar\u00eda MULONE, Dr. Germ\u00e1n Alejandro MANUCCI, Dra. Mar\u00eda Bel\u00e9n R\u00cdOS, Dr. Laureano Germ\u00e1n R\u00cdOS, Dra. Mariana FARF\u00c1N, Dr. Fabricio TESTA, Dra. Evangelina Marisa BARTOLI.<br \/>\nLa n\u00f3mina ingresa a la Comisi\u00f3n de Asuntos Constitucionales y Acuerdos, que preside el senador Juan Pablo Cosso (Villaguay- M\u00e1s para Entre R\u00edos).<\/p>\n<h2><strong>Otros proyectos<\/strong><\/h2>\n<p>El temario del d\u00eda se complet\u00f3 con proyectos de ley, declaraciones y comunicaciones, que aluden a distintas tem\u00e1ticas de inter\u00e9s:<br \/>\nEl proyecto de Ley de autor\u00eda del senador Rub\u00e9n Dal Mol\u00edn y Hern\u00e1n M\u00e9ndez, por el que se modifica el Art\u00edculo 1\u00ba de la Ley N\u00ba 11.154 (Expediente N\u00b015.535).<br \/>\nTambi\u00e9n el proyecto de Ley de autor\u00eda del senador Jaime Benedetti, por el que se declara Patrimonio Hist\u00f3rico, Arquitect\u00f3nico y Cultural de la provincia de Entre R\u00edos el casco hist\u00f3rico del Colegio Malvina Segu\u00ed de Clavarino, sito en calle Lestonnac N\u00b01350 de la ciudad de Gualeguaych\u00fa, provincia de Entre R\u00edos, el cual comprende la casona original, la capilla, la biblioteca Lestonnac, la torre y el mausoleo donde reposan los restos de Malvina Segu\u00ed y Luis Clavarino. (Expediente N\u00b015.543).<\/p>\n<h2><strong>Proyectos de Declaraci\u00f3n<\/strong><\/h2>\n<p>Durante la sesi\u00f3n aprobaron sobre tablas las siguientes iniciativas:<br \/>\n1.- Proyecto de Declaraci\u00f3n de autor\u00eda del senador Casiano Otaegui, por el que se declara de Inter\u00e9s de la C\u00e1mara de Senadores de la Provincia de Entre R\u00edos la realizaci\u00f3n del evento \u201cGualeguay Coral 2025\u201d, organizado por el Ensamble Coral \u201cJuan Sebasti\u00e1n\u201d de Gualeguay, a llevarse a cabo los d\u00edas 31 de octubre y 1 de noviembre de 2025, en la ciudad de Gualeguay. (Expediente N\u00b015.526).<br \/>\n2.- Proyecto de Declaraci\u00f3n de autor\u00eda del senador Casiano Otaegui, por el que se declara de Inter\u00e9s de la C\u00e1mara de Senadores de la Provincia de Entre R\u00edos la realizaci\u00f3n del Espect\u00e1culo Sinf\u00f3nico Coral Pinceladas de Rock I, II y III, organizado por las \u00c1reas de Cultura de las municipalidades de Gualeguay, Crespo, Mar\u00eda Grande y Paran\u00e1, junto a establecimientos educativos del canto coral dependientes del C.G.E., a llevarse a cabo el domingo 8 de noviembre de 2025 a las 20 horas en el CEF N.\u00ba 2 \u201cDr. Luis R. Mc Kay\u201d, en la ciudad de Gualeguay. (Expediente N\u00b015.527).<br \/>\n3.- Proyecto de Declaraci\u00f3n de autor\u00eda del senador Rub\u00e9n Dal Mol\u00edn, por el que se declara de Inter\u00e9s de la Honorable C\u00e1mara de Senadores a las XIV Jornadas de Educaci\u00f3n, Investigaci\u00f3n y Problem\u00e1ticas Educativas, organizadas por Instituto Superior de Formaci\u00f3n Docente \u201cSan Jos\u00e9 D-229\u201d, realizado en Chajar\u00ed el pasado 24 de octubre. (Expediente N\u00b015.528).<br \/>\n4.- Proyecto de Declaraci\u00f3n de autor\u00eda del senador Rub\u00e9n Dal Mol\u00edn, por el que se declara de Inter\u00e9s de la Honorable C\u00e1mara de Senadores al Plenario Federal de Colegios Profesionales, Consejos y Federaciones de T\u00e9cnicos de la Rep\u00fablica Argentina, a realizarse en la Sala Mayo de Paran\u00e1 el pr\u00f3ximo 6 de noviembre 2025. (Expediente N\u00b015.529).<br \/>\n5.- Proyecto de Declaraci\u00f3n de autor\u00eda del senador Gustavo Vergara, por el que se declara de Inter\u00e9s Legislativo el Congreso Aniversario de la Carrera de Odontolog\u00eda de la Universidad Adventista del Plata tendr\u00e1 lugar los d\u00edas 13 al 15 de noviembre de 2025 en las instalaciones del Universidad Adventista del Plata. (Expediente N\u00b015.531).<br \/>\n6.- Proyecto de Declaraci\u00f3n de autor\u00eda de la senadora Patricia D\u00edaz, por el que se declara de Inter\u00e9s Legislativo la \u201cSemana del Arte y el Turismo 2025 \u2013 ArTur\u201d de la Escuela Secundaria N\u00ba 14 \u201cMaip\u00fa\u201d de la ciudad de Santa Elena, realizada del 14 al 17 de octubre de 2025, con Gala de Arte el d\u00eda 17 de octubre de 2025. (Expediente N\u00b015.532).<br \/>\n7.- Proyecto de Declaraci\u00f3n de autor\u00eda del senador Jaime Benedetti, por el que se declara de Inter\u00e9s la XVI Competencia Nacional de Rob\u00f3tica, en sus modalidades Sumo, Velocista, Laberinto y F\u00fatbol, as\u00ed como sus submodalidades, correspondiente a la Final Nacional de la Liga Nacional de Rob\u00f3tica, a realizarse el 8 de noviembre de 2025 en la ciudad de Paran\u00e1. (Expediente N\u00b015.533).<br \/>\n8.- Proyecto de Declaraci\u00f3n de autor\u00eda del senador Jaime Benedetti, por el que se declara de Inter\u00e9s Legislativo \u201cLa Fiesta de las Costumbres Argentinas en Pueblo General Belgrano\u201d que se realizar\u00e1 los 6 y 7 de diciembre de 2025 en Pueblo General Belgrano. (Expediente N\u00b015.534).<br \/>\n9.- Proyecto de Declaraci\u00f3n de autor\u00eda del senador Juan Diego Conti, por el que se declara de Inter\u00e9s la celebraci\u00f3n de la 12\u00b0 edici\u00f3n de la \u201cFiesta de la Torta Frita\u201d, a realizarse en la localidad de Gobernador Mansilla el d\u00eda 29 de noviembre del corriente a\u00f1o. (Expediente N\u00b015.536).<br \/>\n10.- Proyecto de Declaraci\u00f3n de autor\u00eda del senador Juan Diego Conti, por el que se declara su Benepl\u00e1cito por la conmemoraci\u00f3n del 226\u00b0 aniversario de la fundaci\u00f3n de la ciudad de Rosario del Tala, a celebrarse el 7 de noviembre de 2025. (Expediente N\u00b015.537).<br \/>\n11.- Proyecto de Declaraci\u00f3n de autor\u00eda del senador Juan Diego Conti, por el que se declara de Inter\u00e9s Legislativo la celebraci\u00f3n de la edici\u00f3n 2025 de la \u201cFiesta de la M\u00fasica\u201d, a realizarse en la Escuela N\u00ba 62 \u201cDr. Delio Panizza\u201d de la localidad de Gobernador Maci\u00e1 el d\u00eda s\u00e1bado 8 de noviembre del presente a\u00f1o. (Expediente N\u00b015.538).<br \/>\n12.- Proyecto de Declaraci\u00f3n de autor\u00eda del senador Juan Diego Conti, por el que se declara de Inter\u00e9s Legislativo la celebraci\u00f3n de la quinta edici\u00f3n de su \u201cFeria de la Cerveza Artesanal y la Gastronom\u00eda\u201d, a realizarse en la localidad de Gobernador Sola el d\u00eda 15 de noviembre del presente a\u00f1o. (Expediente N\u00b015.539).<br \/>\n13.- Proyecto de Declaraci\u00f3n de autor\u00eda de la senadora Gladys Dom\u00ednguez, por el que se declara de Inter\u00e9s Legislativo la trayectoria educativa de la Escuela Secundaria N\u00ba 2 de San Jos\u00e9 de Feliciano, en el marco de su 25\u00ba Aniversario, a celebrarse durante el a\u00f1o 2025. (Expediente N\u00b0 15.540).<br \/>\n14.- Proyecto de Declaraci\u00f3n de autor\u00eda del senador Gustavo Vergara, por el que se declara de Inter\u00e9s de la C\u00e1mara de Senadores de la Provincia de Entre R\u00edos la Conmemoraci\u00f3n del Bicentenario de la Integraci\u00f3n Alemana en la Rep\u00fablica Argentina, a realizarse el 14 de noviembre de 2025 en la ciudad de Paran\u00e1, con la presencia de autoridades Nacionales y Provinciales, el Embajador de la Rep\u00fablica Federal de Alemania en Argentina, representantes de Estado de Baviera, la Federaci\u00f3n de Asociaciones Argentino Alemana y la Fundaci\u00f3n Verbundenheit. (Expediente N\u00b015.541).<br \/>\n15.- Proyecto de Declaraci\u00f3n de autor\u00eda del senador Rafael Cavagna, por el que se declara de Inter\u00e9s Legislativo la realizaci\u00f3n Segunda Fiesta del Adobe, a realizarse el 13 de diciembre de 2025 en la ciudad de Nogoy\u00e1. (Expediente N\u00b015.542).<\/p>\n<h6><em><strong>Del archivo:\u00a0<a href=\"https:\/\/informelitoral.com.ar\/la-escuela-primaria-de-villa-dominguez-celebra-el-116o-aniversario-de-su-fundacion\/\" target=\"_blank\" rel=\"noopener\">La escuela primaria de Villa Dom\u00ednguez celebra el 116\u00ba aniversario de su fundaci\u00f3n<\/a><\/strong><\/em><\/h6>\n","protected":false},"excerpt":{"rendered":"<p>La C\u00e1mara de Senadores de Entre R\u00edos celebr\u00f3 este martes la 15\u00aa Sesi\u00f3n Ordinaria correspondiente al 146\u00ba Periodo Legislativo, presidida por la vicegobernadora y presidente del cuerpo, Alicia Aluani. En la oportunidad, se dio ingreso a la lista de abogados propuestos para conjueces del Superior Tribunal de Justicia.<\/p>\n","protected":false},"author":2,"featured_media":238620,"comment_status":"open","ping_status":"open","sticky":false,"template":"","format":"standard","meta":{"fifu_image_url":"https:\/\/www.senadoer.gob.ar\/wp-content\/uploads\/2025\/10\/DSC_2686-1951.jpg","fifu_image_alt":"","footnotes":""},"categories":[16],"tags":[4462,1947,147,287,464,2310],"class_list":{"0":"post-238619","1":"post","2":"type-post","3":"status-publish","4":"format-standard","5":"has-post-thumbnail","7":"category-politi","8":"tag-alicia-aluani","9":"tag-jueces","10":"tag-justicia","11":"tag-legislativas","12":"tag-senado","13":"tag-superior-tribunal-de-justicia"},"yoast_head":"<title>La n\u00f3mina de conjueces del Superior Tribunal de Justicia ingres\u00f3 al Senado - Informe Litoral<\/title>\n<meta name=\"robots\" content=\"index, follow, max-snippet:-1, max-image-preview:large, max-video-preview:-1\" \/>\n<link rel=\"canonical\" href=\"https:\/\/informelitoral.com.ar\/la-nomina-de-conjueces-del-superior-tribunal-de-justicia-ingreso-al-senado\/\" \/>\n<meta property=\"og:locale\" content=\"es_ES\" \/>\n<meta property=\"og:type\" content=\"article\" \/>\n<meta property=\"og:title\" content=\"La n\u00f3mina de conjueces del Superior Tribunal de Justicia ingres\u00f3 al Senado - Informe Litoral\" \/>\n<meta property=\"og:description\" content=\"La C\u00e1mara de Senadores de Entre R\u00edos celebr\u00f3 este martes la 15\u00aa Sesi\u00f3n Ordinaria correspondiente al 146\u00ba Periodo Legislativo, presidida por la vicegobernadora y presidente del cuerpo, Alicia Aluani. En la oportunidad, se dio ingreso a la lista de abogados propuestos para conjueces del Superior Tribunal de Justicia.\" \/>\n<meta property=\"og:url\" content=\"https:\/\/informelitoral.com.ar\/la-nomina-de-conjueces-del-superior-tribunal-de-justicia-ingreso-al-senado\/\" \/>\n<meta property=\"og:site_name\" content=\"Informe Litoral\" \/>\n<meta property=\"article:publisher\" content=\"https:\/\/www.facebook.com\/informelitoral\/\" \/>\n<meta property=\"article:published_time\" content=\"2025-10-29T08:01:42+00:00\" \/>\n<meta property=\"article:modified_time\" content=\"2025-10-29T11:07:13+00:00\" \/>\n<meta property=\"og:image\" content=\"https:\/\/www.senadoer.gob.ar\/%77%70%2d%63%6f%6e%74%65%6e%74\/uploads\/2025\/10\/DSC_2686-1951.jpg\" \/>\n<meta name=\"author\" content=\"Gonzalo Schmidt\" \/>\n<meta name=\"twitter:card\" content=\"summary_large_image\" \/>\n<meta name=\"twitter:image\" content=\"https:\/\/www.senadoer.gob.ar\/%77%70%2d%63%6f%6e%74%65%6e%74\/uploads\/2025\/10\/DSC_2686-1951.jpg\" \/>\n<meta name=\"twitter:creator\" content=\"@InformeLitoral\" \/>\n<meta name=\"twitter:site\" content=\"@InformeLitoral\" \/>\n<meta name=\"twitter:label1\" content=\"Escrito por\" \/>\n\t<meta name=\"twitter:data1\" content=\"Gonzalo Schmidt\" \/>\n\t<meta name=\"twitter:label2\" content=\"Tiempo de lectura\" \/>\n\t<meta name=\"twitter:data2\" content=\"6 minutos\" \/>\n<script type=\"application\/ld+json\" class=\"yoast-schema-graph\">{\"@context\":\"https:\\\/\\\/schema.org\",\"@graph\":[{\"@type\":\"Article\",\"@id\":\"https:\\\/\\\/informelitoral.com.ar\\\/la-nomina-de-conjueces-del-superior-tribunal-de-justicia-ingreso-al-senado\\\/#article\",\"isPartOf\":{\"@id\":\"https:\\\/\\\/informelitoral.com.ar\\\/la-nomina-de-conjueces-del-superior-tribunal-de-justicia-ingreso-al-senado\\\/\"},\"author\":{\"name\":\"Gonzalo Schmidt\",\"@id\":\"https:\\\/\\\/informelitoral.com.ar\\\/#\\\/schema\\\/person\\\/b9d00407c836482871ef1d57bf8e3180\"},\"headline\":\"La n\u00f3mina de conjueces del Superior Tribunal de Justicia ingres\u00f3 al Senado\",\"datePublished\":\"2025-10-29T08:01:42+00:00\",\"dateModified\":\"2025-10-29T11:07:13+00:00\",\"mainEntityOfPage\":{\"@id\":\"https:\\\/\\\/informelitoral.com.ar\\\/la-nomina-de-conjueces-del-superior-tribunal-de-justicia-ingreso-al-senado\\\/\"},\"wordCount\":1434,\"commentCount\":0,\"publisher\":{\"@id\":\"https:\\\/\\\/informelitoral.com.ar\\\/#organization\"},\"image\":{\"@id\":\"https:\\\/\\\/informelitoral.com.ar\\\/la-nomina-de-conjueces-del-superior-tribunal-de-justicia-ingreso-al-senado\\\/#primaryimage\"},\"thumbnailUrl\":\"https:\\\/\\\/www.senadoer.gob.ar\\\/%77%70%2d%63%6f%6e%74%65%6e%74\\\/uploads\\\/2025\\\/10\\\/DSC_2686-1951.jpg\",\"keywords\":[\"Alicia Aluani\",\"Jueces\",\"Justicia\",\"Legislativas\",\"Senado\",\"Superior Tribunal de Justicia\"],\"articleSection\":[\"Politica\"],\"inLanguage\":\"es\",\"potentialAction\":[{\"@type\":\"CommentAction\",\"name\":\"Comment\",\"target\":[\"https:\\\/\\\/informelitoral.com.ar\\\/la-nomina-de-conjueces-del-superior-tribunal-de-justicia-ingreso-al-senado\\\/#respond\"]}]},{\"@type\":\"WebPage\",\"@id\":\"https:\\\/\\\/informelitoral.com.ar\\\/la-nomina-de-conjueces-del-superior-tribunal-de-justicia-ingreso-al-senado\\\/\",\"url\":\"https:\\\/\\\/informelitoral.com.ar\\\/la-nomina-de-conjueces-del-superior-tribunal-de-justicia-ingreso-al-senado\\\/\",\"name\":\"La n\u00f3mina de conjueces del Superior Tribunal de Justicia ingres\u00f3 al Senado - Informe Litoral\",\"isPartOf\":{\"@id\":\"https:\\\/\\\/informelitoral.com.ar\\\/#website\"},\"primaryImageOfPage\":{\"@id\":\"https:\\\/\\\/informelitoral.com.ar\\\/la-nomina-de-conjueces-del-superior-tribunal-de-justicia-ingreso-al-senado\\\/#primaryimage\"},\"image\":{\"@id\":\"https:\\\/\\\/informelitoral.com.ar\\\/la-nomina-de-conjueces-del-superior-tribunal-de-justicia-ingreso-al-senado\\\/#primaryimage\"},\"thumbnailUrl\":\"https:\\\/\\\/www.senadoer.gob.ar\\\/%77%70%2d%63%6f%6e%74%65%6e%74\\\/uploads\\\/2025\\\/10\\\/DSC_2686-1951.jpg\",\"datePublished\":\"2025-10-29T08:01:42+00:00\",\"dateModified\":\"2025-10-29T11:07:13+00:00\",\"breadcrumb\":{\"@id\":\"https:\\\/\\\/informelitoral.com.ar\\\/la-nomina-de-conjueces-del-superior-tribunal-de-justicia-ingreso-al-senado\\\/#breadcrumb\"},\"inLanguage\":\"es\",\"potentialAction\":[{\"@type\":\"ReadAction\",\"target\":[\"https:\\\/\\\/informelitoral.com.ar\\\/la-nomina-de-conjueces-del-superior-tribunal-de-justicia-ingreso-al-senado\\\/\"]}]},{\"@type\":\"ImageObject\",\"inLanguage\":\"es\",\"@id\":\"https:\\\/\\\/informelitoral.com.ar\\\/la-nomina-de-conjueces-del-superior-tribunal-de-justicia-ingreso-al-senado\\\/#primaryimage\",\"url\":\"https:\\\/\\\/www.senadoer.gob.ar\\\/%77%70%2d%63%6f%6e%74%65%6e%74\\\/uploads\\\/2025\\\/10\\\/DSC_2686-1951.jpg\",\"contentUrl\":\"https:\\\/\\\/www.senadoer.gob.ar\\\/%77%70%2d%63%6f%6e%74%65%6e%74\\\/uploads\\\/2025\\\/10\\\/DSC_2686-1951.jpg\",\"width\":\"1620\",\"height\":\"1080\"},{\"@type\":\"BreadcrumbList\",\"@id\":\"https:\\\/\\\/informelitoral.com.ar\\\/la-nomina-de-conjueces-del-superior-tribunal-de-justicia-ingreso-al-senado\\\/#breadcrumb\",\"itemListElement\":[{\"@type\":\"ListItem\",\"position\":1,\"name\":\"Portada\",\"item\":\"https:\\\/\\\/informelitoral.com.ar\\\/\"},{\"@type\":\"ListItem\",\"position\":2,\"name\":\"La n\u00f3mina de conjueces del Superior Tribunal de Justicia ingres\u00f3 al Senado\"}]},{\"@type\":\"WebSite\",\"@id\":\"https:\\\/\\\/informelitoral.com.ar\\\/#website\",\"url\":\"https:\\\/\\\/informelitoral.com.ar\\\/\",\"name\":\"Informe Litoral\",\"description\":\"&quot;Nos informamos&quot; \",\"publisher\":{\"@id\":\"https:\\\/\\\/informelitoral.com.ar\\\/#organization\"},\"potentialAction\":[{\"@type\":\"SearchAction\",\"target\":{\"@type\":\"EntryPoint\",\"urlTemplate\":\"https:\\\/\\\/informelitoral.com.ar\\\/?s={search_term_string}\"},\"query-input\":{\"@type\":\"PropertyValueSpecification\",\"valueRequired\":true,\"valueName\":\"search_term_string\"}}],\"inLanguage\":\"es\"},{\"@type\":\"Organization\",\"@id\":\"https:\\\/\\\/informelitoral.com.ar\\\/#organization\",\"name\":\"Informe Litoral\",\"url\":\"https:\\\/\\\/informelitoral.com.ar\\\/\",\"logo\":{\"@type\":\"ImageObject\",\"inLanguage\":\"es\",\"@id\":\"https:\\\/\\\/informelitoral.com.ar\\\/#\\\/schema\\\/logo\\\/image\\\/\",\"url\":\"https:\\\/\\\/informelitoral.com.ar\\\/%77%70%2d%63%6f%6e%74%65%6e%74\\\/uploads\\\/2021\\\/01\\\/circulo.png\",\"contentUrl\":\"https:\\\/\\\/informelitoral.com.ar\\\/%77%70%2d%63%6f%6e%74%65%6e%74\\\/uploads\\\/2021\\\/01\\\/circulo.png\",\"width\":723,\"height\":731,\"caption\":\"Informe Litoral\"},\"image\":{\"@id\":\"https:\\\/\\\/informelitoral.com.ar\\\/#\\\/schema\\\/logo\\\/image\\\/\"},\"sameAs\":[\"https:\\\/\\\/www.facebook.com\\\/informelitoral\\\/\",\"https:\\\/\\\/x.com\\\/InformeLitoral\",\"https:\\\/\\\/www.instagram.com\\\/informelitoral\\\/\",\"https:\\\/\\\/www.youtube.com\\\/channel\\\/UCua4Qvz8Icb6MYqhoq9xLXw\"]},{\"@type\":\"Person\",\"@id\":\"https:\\\/\\\/informelitoral.com.ar\\\/#\\\/schema\\\/person\\\/b9d00407c836482871ef1d57bf8e3180\",\"name\":\"Gonzalo Schmidt\",\"image\":{\"@type\":\"ImageObject\",\"inLanguage\":\"es\",\"@id\":\"https:\\\/\\\/secure.gravatar.com\\\/avatar\\\/31a1a7b66ff2de83bd0e9fd79d026630d2d99e55e8bfe501287647b4fd9743de?s=96&d=mm&r=g\",\"url\":\"https:\\\/\\\/secure.gravatar.com\\\/avatar\\\/31a1a7b66ff2de83bd0e9fd79d026630d2d99e55e8bfe501287647b4fd9743de?s=96&d=mm&r=g\",\"contentUrl\":\"https:\\\/\\\/secure.gravatar.com\\\/avatar\\\/31a1a7b66ff2de83bd0e9fd79d026630d2d99e55e8bfe501287647b4fd9743de?s=96&d=mm&r=g\",\"caption\":\"Gonzalo Schmidt\"},\"description\":\"Sitio web de noticias de la provincia de Entre R\u00edos, Argentina. Informaci\u00f3n y entretenimiento. Informe Litoral, nos informamos.\",\"sameAs\":[\"http:\\\/\\\/www.isletasnoticias.com.ar\"],\"url\":\"https:\\\/\\\/informelitoral.com.ar\\\/author\\\/gonzalo\\\/\"}]}<\/script>","yoast_head_json":{"title":"La n\u00f3mina de conjueces del Superior Tribunal de Justicia ingres\u00f3 al Senado - Informe Litoral","robots":{"index":"index","follow":"follow","max-snippet":"max-snippet:-1","max-image-preview":"max-image-preview:large","max-video-preview":"max-video-preview:-1"},"canonical":"https:\/\/informelitoral.com.ar\/la-nomina-de-conjueces-del-superior-tribunal-de-justicia-ingreso-al-senado\/","og_locale":"es_ES","og_type":"article","og_title":"La n\u00f3mina de conjueces del Superior Tribunal de Justicia ingres\u00f3 al Senado - Informe Litoral","og_description":"La C\u00e1mara de Senadores de Entre R\u00edos celebr\u00f3 este martes la 15\u00aa Sesi\u00f3n Ordinaria correspondiente al 146\u00ba Periodo Legislativo, presidida por la vicegobernadora y presidente del cuerpo, Alicia Aluani. En la oportunidad, se dio ingreso a la lista de abogados propuestos para conjueces del Superior Tribunal de Justicia.","og_url":"https:\/\/informelitoral.com.ar\/la-nomina-de-conjueces-del-superior-tribunal-de-justicia-ingreso-al-senado\/","og_site_name":"Informe Litoral","article_publisher":"https:\/\/www.facebook.com\/informelitoral\/","article_published_time":"2025-10-29T08:01:42+00:00","article_modified_time":"2025-10-29T11:07:13+00:00","og_image":[{"url":"https:\/\/www.senadoer.gob.ar\/wp-content\/uploads\/2025\/10\/DSC_2686-1951.jpg","type":"","width":"","height":""}],"author":"Gonzalo Schmidt","twitter_card":"summary_large_image","twitter_image":"https:\/\/www.senadoer.gob.ar\/wp-content\/uploads\/2025\/10\/DSC_2686-1951.jpg","twitter_creator":"@InformeLitoral","twitter_site":"@InformeLitoral","twitter_misc":{"Escrito por":"Gonzalo Schmidt","Tiempo de lectura":"6 minutos"},"schema":{"@context":"https:\/\/schema.org","@graph":[{"@type":"Article","@id":"https:\/\/informelitoral.com.ar\/la-nomina-de-conjueces-del-superior-tribunal-de-justicia-ingreso-al-senado\/#article","isPartOf":{"@id":"https:\/\/informelitoral.com.ar\/la-nomina-de-conjueces-del-superior-tribunal-de-justicia-ingreso-al-senado\/"},"author":{"name":"Gonzalo Schmidt","@id":"https:\/\/informelitoral.com.ar\/#\/schema\/person\/b9d00407c836482871ef1d57bf8e3180"},"headline":"La n\u00f3mina de conjueces del Superior Tribunal de Justicia ingres\u00f3 al Senado","datePublished":"2025-10-29T08:01:42+00:00","dateModified":"2025-10-29T11:07:13+00:00","mainEntityOfPage":{"@id":"https:\/\/informelitoral.com.ar\/la-nomina-de-conjueces-del-superior-tribunal-de-justicia-ingreso-al-senado\/"},"wordCount":1434,"commentCount":0,"publisher":{"@id":"https:\/\/informelitoral.com.ar\/#organization"},"image":{"@id":"https:\/\/informelitoral.com.ar\/la-nomina-de-conjueces-del-superior-tribunal-de-justicia-ingreso-al-senado\/#primaryimage"},"thumbnailUrl":"https:\/\/www.senadoer.gob.ar\/%77%70%2d%63%6f%6e%74%65%6e%74\/uploads\/2025\/10\/DSC_2686-1951.jpg","keywords":["Alicia Aluani","Jueces","Justicia","Legislativas","Senado","Superior Tribunal de Justicia"],"articleSection":["Politica"],"inLanguage":"es","potentialAction":[{"@type":"CommentAction","name":"Comment","target":["https:\/\/informelitoral.com.ar\/la-nomina-de-conjueces-del-superior-tribunal-de-justicia-ingreso-al-senado\/#respond"]}]},{"@type":"WebPage","@id":"https:\/\/informelitoral.com.ar\/la-nomina-de-conjueces-del-superior-tribunal-de-justicia-ingreso-al-senado\/","url":"https:\/\/informelitoral.com.ar\/la-nomina-de-conjueces-del-superior-tribunal-de-justicia-ingreso-al-senado\/","name":"La n\u00f3mina de conjueces del Superior Tribunal de Justicia ingres\u00f3 al Senado - Informe Litoral","isPartOf":{"@id":"https:\/\/informelitoral.com.ar\/#website"},"primaryImageOfPage":{"@id":"https:\/\/informelitoral.com.ar\/la-nomina-de-conjueces-del-superior-tribunal-de-justicia-ingreso-al-senado\/#primaryimage"},"image":{"@id":"https:\/\/informelitoral.com.ar\/la-nomina-de-conjueces-del-superior-tribunal-de-justicia-ingreso-al-senado\/#primaryimage"},"thumbnailUrl":"https:\/\/www.senadoer.gob.ar\/%77%70%2d%63%6f%6e%74%65%6e%74\/uploads\/2025\/10\/DSC_2686-1951.jpg","datePublished":"2025-10-29T08:01:42+00:00","dateModified":"2025-10-29T11:07:13+00:00","breadcrumb":{"@id":"https:\/\/informelitoral.com.ar\/la-nomina-de-conjueces-del-superior-tribunal-de-justicia-ingreso-al-senado\/#breadcrumb"},"inLanguage":"es","potentialAction":[{"@type":"ReadAction","target":["https:\/\/informelitoral.com.ar\/la-nomina-de-conjueces-del-superior-tribunal-de-justicia-ingreso-al-senado\/"]}]},{"@type":"ImageObject","inLanguage":"es","@id":"https:\/\/informelitoral.com.ar\/la-nomina-de-conjueces-del-superior-tribunal-de-justicia-ingreso-al-senado\/#primaryimage","url":"https:\/\/www.senadoer.gob.ar\/%77%70%2d%63%6f%6e%74%65%6e%74\/uploads\/2025\/10\/DSC_2686-1951.jpg","contentUrl":"https:\/\/www.senadoer.gob.ar\/%77%70%2d%63%6f%6e%74%65%6e%74\/uploads\/2025\/10\/DSC_2686-1951.jpg","width":"1620","height":"1080"},{"@type":"BreadcrumbList","@id":"https:\/\/informelitoral.com.ar\/la-nomina-de-conjueces-del-superior-tribunal-de-justicia-ingreso-al-senado\/#breadcrumb","itemListElement":[{"@type":"ListItem","position":1,"name":"Portada","item":"https:\/\/informelitoral.com.ar\/"},{"@type":"ListItem","position":2,"name":"La n\u00f3mina de conjueces del Superior Tribunal de Justicia ingres\u00f3 al Senado"}]},{"@type":"WebSite","@id":"https:\/\/informelitoral.com.ar\/#website","url":"https:\/\/informelitoral.com.ar\/","name":"Informe Litoral","description":"&quot;Nos informamos&quot; ","publisher":{"@id":"https:\/\/informelitoral.com.ar\/#organization"},"potentialAction":[{"@type":"SearchAction","target":{"@type":"EntryPoint","urlTemplate":"https:\/\/informelitoral.com.ar\/?s={search_term_string}"},"query-input":{"@type":"PropertyValueSpecification","valueRequired":true,"valueName":"search_term_string"}}],"inLanguage":"es"},{"@type":"Organization","@id":"https:\/\/informelitoral.com.ar\/#organization","name":"Informe Litoral","url":"https:\/\/informelitoral.com.ar\/","logo":{"@type":"ImageObject","inLanguage":"es","@id":"https:\/\/informelitoral.com.ar\/#\/schema\/logo\/image\/","url":"https:\/\/informelitoral.com.ar\/%77%70%2d%63%6f%6e%74%65%6e%74\/uploads\/2021\/01\/circulo.png","contentUrl":"https:\/\/informelitoral.com.ar\/%77%70%2d%63%6f%6e%74%65%6e%74\/uploads\/2021\/01\/circulo.png","width":723,"height":731,"caption":"Informe Litoral"},"image":{"@id":"https:\/\/informelitoral.com.ar\/#\/schema\/logo\/image\/"},"sameAs":["https:\/\/www.facebook.com\/informelitoral\/","https:\/\/x.com\/InformeLitoral","https:\/\/www.instagram.com\/informelitoral\/","https:\/\/www.youtube.com\/channel\/UCua4Qvz8Icb6MYqhoq9xLXw"]},{"@type":"Person","@id":"https:\/\/informelitoral.com.ar\/#\/schema\/person\/b9d00407c836482871ef1d57bf8e3180","name":"Gonzalo Schmidt","image":{"@type":"ImageObject","inLanguage":"es","@id":"https:\/\/secure.gravatar.com\/avatar\/31a1a7b66ff2de83bd0e9fd79d026630d2d99e55e8bfe501287647b4fd9743de?s=96&d=mm&r=g","url":"https:\/\/secure.gravatar.com\/avatar\/31a1a7b66ff2de83bd0e9fd79d026630d2d99e55e8bfe501287647b4fd9743de?s=96&d=mm&r=g","contentUrl":"https:\/\/secure.gravatar.com\/avatar\/31a1a7b66ff2de83bd0e9fd79d026630d2d99e55e8bfe501287647b4fd9743de?s=96&d=mm&r=g","caption":"Gonzalo Schmidt"},"description":"Sitio web de noticias de la provincia de Entre R\u00edos, Argentina. Informaci\u00f3n y entretenimiento. Informe Litoral, nos informamos.","sameAs":["http:\/\/www.isletasnoticias.com.ar"],"url":"https:\/\/informelitoral.com.ar\/author\/gonzalo\/"}]}},"fifu_image_url":"https:\/\/www.senadoer.gob.ar\/wp-content\/uploads\/2025\/10\/DSC_2686-1951.jpg","_links":{"self":[{"href":"https:\/\/informelitoral.com.ar\/%77%70%2d%6a%73%6f%6e\/wp\/v2\/posts\/238619","targetHints":{"allow":["GET"]}}],"collection":[{"href":"https:\/\/informelitoral.com.ar\/%77%70%2d%6a%73%6f%6e\/wp\/v2\/posts"}],"about":[{"href":"https:\/\/informelitoral.com.ar\/%77%70%2d%6a%73%6f%6e\/wp\/v2\/types\/post"}],"author":[{"embeddable":true,"href":"https:\/\/informelitoral.com.ar\/%77%70%2d%6a%73%6f%6e\/wp\/v2\/users\/2"}],"replies":[{"embeddable":true,"href":"https:\/\/informelitoral.com.ar\/%77%70%2d%6a%73%6f%6e\/wp\/v2\/comments?post=238619"}],"version-history":[{"count":1,"href":"https:\/\/informelitoral.com.ar\/%77%70%2d%6a%73%6f%6e\/wp\/v2\/posts\/238619\/revisions"}],"predecessor-version":[{"id":238621,"href":"https:\/\/informelitoral.com.ar\/%77%70%2d%6a%73%6f%6e\/wp\/v2\/posts\/238619\/revisions\/238621"}],"wp:featuredmedia":[{"embeddable":true,"href":"https:\/\/informelitoral.com.ar\/%77%70%2d%6a%73%6f%6e\/wp\/v2\/media\/238620"}],"wp:attachment":[{"href":"https:\/\/informelitoral.com.ar\/%77%70%2d%6a%73%6f%6e\/wp\/v2\/media?parent=238619"}],"wp:term":[{"taxonomy":"category","embeddable":true,"href":"https:\/\/informelitoral.com.ar\/%77%70%2d%6a%73%6f%6e\/wp\/v2\/categories?post=238619"},{"taxonomy":"post_tag","embeddable":true,"href":"https:\/\/informelitoral.com.ar\/%77%70%2d%6a%73%6f%6e\/wp\/v2\/tags?post=238619"}],"curies":[{"name":"wp","href":"https:\/\/api.w.org\/{rel}","templated":true}]}}