{"id":238610,"date":"2025-10-29T06:07:30","date_gmt":"2025-10-29T09:07:30","guid":{"rendered":"https:\/\/informelitoral.com.ar\/?p=238610"},"modified":"2025-10-29T07:17:34","modified_gmt":"2025-10-29T10:17:34","slug":"brasil-rio-de-janeiro-bajo-fuego-por-enfrentamiento-entre-narcos-y-las-fuerzas-de-seguridad","status":"publish","type":"post","link":"https:\/\/informelitoral.com.ar\/brasil-rio-de-janeiro-bajo-fuego-por-enfrentamiento-entre-narcos-y-las-fuerzas-de-seguridad\/","title":{"rendered":"Brasil: R\u00edo de Janeiro bajo fuego por enfrentamiento entre narcos y las fuerzas de seguridad"},"content":{"rendered":"<p>Guerra en el para\u00edso.\u00a0<b>R\u00edo de Janeiro\u00a0<\/b>sufri\u00f3 el m\u00e1s\u00a0<b>violento operativo<\/b>\u00a0policial\u00a0<b>contra las favelas<\/b>\u00a0donde se camufla el narcotr\u00e1fico de las \u00faltimas d\u00e9cadas, con un saldo de por lo menos\u00a0<b>64 muertos\u00a0<\/b>y decenas de heridos. De ese n\u00famero de v\u00edctimas fatales, que es provisorio, 60 corresponden a civiles, entre quienes<b>\u00a0hay traficantes y vecinos inocentes<\/b>\u00a0atrapados en el fuego cruzado, y cuatro agentes de las fuerzas de seguridad.<\/p>\n<p>Helic\u00f3pteros y drones policiales continuaban sobrevolando el Complexo do Alem\u00e3o y el Complexo da Penha, dos populosas barriadas pobres, a \u00faltima hora de la tarde de este martes, cuando todav\u00eda se escuchaba el tableteo, ahora m\u00e1s espor\u00e1dico, de las ametralladoras utilizadas por el Batall\u00f3n de Operaciones Especiales de la Polic\u00eda Militar y por los muy bien armados integrantes del <b>Comando Vermelho,\u00a0<\/b>la facci\u00f3n narco m\u00e1s antigua del pa\u00eds. La explosi\u00f3n de algunas granadas a\u00f1ad\u00eda m\u00e1s sobresalto.<\/p>\n<p>M\u00e1s temprano desde esas aeronaves policiales fueron registradas las im\u00e1genes de supuestos miembros del Comando Vermelho, huyendo por entre la mata frondosa que cubre los morros. El escape se realizaba a trav\u00e9s de veredas estrechas. Algunos fugitivos vest\u00edan ropas camufladas, aparentaban ser j\u00f3venes y posiblemente sean conocedores de ese paisaje bello por el cual se mov\u00edan con destreza. Est\u00e1n en la parte alta de los morros por donde intentar\u00e1n llegar hacia otras favelas para guarecerse.<\/p>\n<p>M\u00e1s abajo del lugar por donde suced\u00eda el escape est\u00e1n las favelas del Complexo do Alem\u00e3o y el Complexo da Penha, cuyas escuelas, centros de salud y comercios permanecieron cerrados desde temprano, mientras los vecinos, en p\u00e1nico, usaban sus celulares para captar la guerra de la que son testigos en peligro.<\/p>\n<p>La ofensiva policial empez\u00f3 alrededor de las seis de la ma\u00f1ana y continuaba, con menos intensidad a las cinco de la tarde, hora en la que el n\u00famero de arrestados superaba los 90. Varios presos habr\u00edan venido del nordeste y la regi\u00f3n amaz\u00f3nica, hasta donde se expandi\u00f3 el poder del Comando Vermelho en los \u00faltimos a\u00f1os.<\/p>\n<h2><strong>Caos<\/strong><\/h2>\n<p>Las calles de las<b>\u00a0dos favelas<\/b>\u00a0escogidas como blanco de la polic\u00eda estadual de R\u00edo de Janeiro fueron bloqueadas con piedras y neum\u00e1ticos incendiados para obstruir el avance de los \u201ccaveir\u00f5es\u201d, unos carros blindados y artillados utilizados por el Batall\u00f3n de Operaciones Especiales.<\/p>\n<p>Estos obst\u00e1culos demoran pero no impiden el paso de esas moles negras desde donde se dispara hacia todo lo que est\u00e9 en el entorno, sean delincuentes armados o amas de casa.<\/p>\n<p>Desde sus viviendas miles de vecinos asisten a la barbarie sin salir de casa.\u00a0<b>\u201cDe un lado nos amenazan los delincuentes, del otro los polic\u00edas entran en las casas y agreden\u201d,<\/b>\u00a0dijo el morador de una da las favelas bajo condici\u00f3n de anonimato al portal de noticias UOL.<\/p>\n<p>M\u00e1s all\u00e1 de las calles y comercios vac\u00edos de las comunidades pobres, el caos se contagi\u00f3 al resto de la ciudad donde varias avenidas fueron bloqueadas, atrasando la circulaci\u00f3n de miles de cariocas, habituados a esta guerra de baja intensidad. Es com\u00fan que los automovilistas consulten cada ma\u00f1ana aplicaciones como \u201cFuego Cruzado\u201d para saber por que avenida se puede transitar y en cual no, debido a las balaceras que se han vuelto pr\u00e1cticamente una rutina.<\/p>\n<h2><strong>Gobernador bolsonarista<\/strong><\/h2>\n<p><b>El gobernador Claudio Castro, aliado del expresidente Jair Bolsonaro, solicit\u00f3 que el gobierno federal env\u00ede a las Fuerzas Armadas<\/b> para sumarse al combate contra los narcos . Y justific\u00f3 la violencia desplegada por las 2,5 mil tropas movilizadas desde primera hora de este martes, alegando que los miembros del Comando Vermelho no son delincuentes comunes sino \u201cterroristas\u201d contra los cuales es necesario utilizar todo el poder de fuego del Estado.<\/p>\n<p>\u201cSon terroristas\u201d, se sum\u00f3 un columnista de la filial brasile\u00f1a de la cadena estadounidense CNN, a la cual el gobernador Castro le concedi\u00f3 una entrevista.<\/p>\n<p>Ese canal de noticias tambi\u00e9n fue beneficiado por la polic\u00eda, que le cedi\u00f3 las im\u00e1genes captadas por sus helic\u00f3pteros de los posibles narcos escabull\u00e9ndose en lo alto de las favelas del Alem\u00e3o y Penha.<\/p>\n<h2><strong>Lula<\/strong><\/h2>\n<p>La crisis sorprendi\u00f3 al presidente, Luiz In\u00e1cio Lula da Silva, en medio del viaje de retorno de Malasia donde el domingo se reuni\u00f3 con su colega norteamericano, Donald Trump.<\/p>\n<p>Desde el avi\u00f3n de la Fuerza A\u00e9rea que lo trae de regreso al pa\u00eds, autoriz\u00f3 a su vicepresidente, Geraldo Alckmin, y su ministro de la Casa Civil, Rui Costa, que convoque una\u00a0<b>reuni\u00f3n urgente en el Palacio del Planalto<\/b>\u00a0para discutir sobre la crisis.<\/p>\n<p>La magnitud del problema no permite que el encuentro se postergue hasta el mi\u00e9rcoles, cuando el jefe de Estado debe aterrizar en Brasilia.<\/p>\n<p>Antes de comenzar el encuentro el ministro de Justicia y Seguridad P\u00fablica, Ricardo Lewandowsky, anticip\u00f3 la reticencia de la administraci\u00f3n Lula en firmar un decreto de Garant\u00eda de la Ley y el Orden (GLO) necesario para que los militares se desplacen hasta R\u00edo de Janeiro.<\/p>\n<p><b>La militarizaci\u00f3n m\u00e1s que una opci\u00f3n, es una l\u00ednea roja<\/b>: si el gobierno la atraviesa fortalece la tesis de que el narco es un asunto propio de la defensa nacional, tal como lo plantea el gobernador Castro y el bolsonarismo en general.<\/p>\n<p>Al cierre de esta cr\u00f3nica a\u00fan no hab\u00eda una manifestaci\u00f3n del gobierno sobre lo acordado durante el c\u00f3nclave ministerial, y no puede descartarse por completo que, si la crisis se espiraliza, se opte por mandar soldados a las favelas desde lo alto de de algunas de las cuales se divisan las bell\u00edsimas playas cariocas.<\/p>\n<div class=\"medium-insert-embeds\">\n<figure>\n<div class=\"medium-insert-embed\">\n<div align=\"center\">\n<div class=\"embedded-entity\" data-embed-button=\"media_image_button\" data-entity-embed-display=\"view_mode:media.single_media_image_460\" data-entity-type=\"media\" data-entity-uuid=\"e42b5663-24c9-49d1-b530-f96dfdc5dd3d\" data-langcode=\"es\" data-entity-embed-display-settings=\"[]\">\n<article class=\"media media--type-image media--view-mode-single-media-image-460\">\n<div class=\"field field--name-field-media-image field--type-image field--label-hidden field__item\"><img loading=\"lazy\" decoding=\"async\" class=\"image-style-width960\" src=\"https:\/\/images.pagina12.com.ar\/styles\/width960\/public\/2025-10\/984689-000-82au2vn.jpg?itok=hQeY6P93\" width=\"960\" height=\"640\" \/><\/div>\n<\/article>\n<\/div>\n<\/div>\n<\/div>\n<\/figure>\n<\/div>\n<h2><strong>Bolsonaro<\/strong><\/h2>\n<p><b>La militarizaci\u00f3n del combate al narco<\/b>\u00a0y la caracterizaci\u00f3n de ese tipo de delito como una actividad propia de terroristas es la tesis defendida por el expresidente, y l\u00edder de la extrema derecha, Jair Bolsonaro.<\/p>\n<p>Desde que el jefe derechista est\u00e1 preso e impedido de utilizar las redes sociales, su hijo, el senador Flavio Bolsonaro, se desempe\u00f1a como virtual vocero de su padre.\u00a0Flavio es senador federal por R\u00edo de Janeiro, y posiblemente sea uno de los pol\u00edticos m\u00e1s poderosos de ese estado, incluso por encima del gobernador Claudio Castro.<\/p>\n<p>La influencia del senador es particularmente gravitante en materia de seguridad por lo que resulta improbable que el gobernador haya lanzado el operativo contra el Comando Vermelho sin consultarlo<\/p>\n<p>Hace menos de una semana el poderoso Flavio Bolsonaro hizo declaraciones que vistas a la luz de los hechos, pueden leerse como un anuncio anticipado del Operativo Contenci\u00f3n. Propuso que los narcos sean considerados terroristas a los que se debe eliminar con las Fuerzas Armadas.<\/p>\n<p>Y si esa fuerza b\u00e9lica fuera de los Estados Unidos, mejor a\u00fan. El hijo de Bolsonaro sigui\u00f3 escalando, hasta confesar que \u201cenvidia\u201d al ministro de guerra de Trump, Peter Brian Hegseth, y sue\u00f1a con que alguna vez embarcaciones de la Marina estadounidenses naveguen por la paradis\u00edaca Bahia de Guanabara para guerrear contra los narcotraficantes. <em>(Fuente: P\u00e1gina 12)<\/em><\/p>\n<h6><em><strong>Del archivo:\u00a0<a href=\"https:\/\/informelitoral.com.ar\/vialidad-provincial-denuncio-posibles-sobreprecios-en-compras-y-contrataciones\/\" target=\"_blank\" rel=\"noopener\">Vialidad Provincial denunci\u00f3 posibles sobreprecios en compras y contrataciones<\/a><\/strong><\/em><\/h6>\n","protected":false},"excerpt":{"rendered":"<p>Entre los muertos, que son 64, hay cuatro polic\u00edas y muchos civiles. El objetivo fue el Comando Vermelho,\u00a0la facci\u00f3n narco m\u00e1s antigua del pa\u00eds. \u00a0\u201cDe un lado nos amenazan los delincuentes, del otro los polic\u00edas entran en las casas y agreden\u201d,\u00a0dijo el morador.<\/p>\n","protected":false},"author":2,"featured_media":238611,"comment_status":"open","ping_status":"open","sticky":false,"template":"","format":"standard","meta":{"fifu_image_url":"https:\/\/images.pagina12.com.ar\/styles\/focal_3_2_700x467\/public\/2025-10\/984689-84fd63114d5badd2c22217e6e0f2d77f5db3479a_0.jpg?h=debad9a5&itok=3OhGE64O","fifu_image_alt":"","footnotes":""},"categories":[8],"tags":[118,558,2263],"class_list":{"0":"post-238610","1":"post","2":"type-post","3":"status-publish","4":"format-standard","5":"has-post-thumbnail","7":"category-internacionales","8":"tag-brasil","9":"tag-narcotrafico","10":"tag-rio-de-janeiro"},"yoast_head":"<title>Brasil: R\u00edo de Janeiro bajo fuego por enfrentamiento entre narcos y las fuerzas de seguridad - Informe Litoral<\/title>\n<meta name=\"robots\" content=\"index, follow, max-snippet:-1, max-image-preview:large, max-video-preview:-1\" \/>\n<link rel=\"canonical\" href=\"https:\/\/informelitoral.com.ar\/brasil-rio-de-janeiro-bajo-fuego-por-enfrentamiento-entre-narcos-y-las-fuerzas-de-seguridad\/\" \/>\n<meta property=\"og:locale\" content=\"es_ES\" \/>\n<meta property=\"og:type\" content=\"article\" \/>\n<meta property=\"og:title\" content=\"Brasil: R\u00edo de Janeiro bajo fuego por enfrentamiento entre narcos y las fuerzas de seguridad - Informe Litoral\" \/>\n<meta property=\"og:description\" content=\"Entre los muertos, que son 64, hay cuatro polic\u00edas y muchos civiles. El objetivo fue el Comando Vermelho,\u00a0la facci\u00f3n narco m\u00e1s antigua del pa\u00eds. \u00a0\u201cDe un lado nos amenazan los delincuentes, del otro los polic\u00edas entran en las casas y agreden\u201d,\u00a0dijo el morador.\" \/>\n<meta property=\"og:url\" content=\"https:\/\/informelitoral.com.ar\/brasil-rio-de-janeiro-bajo-fuego-por-enfrentamiento-entre-narcos-y-las-fuerzas-de-seguridad\/\" \/>\n<meta property=\"og:site_name\" content=\"Informe Litoral\" \/>\n<meta property=\"article:publisher\" content=\"https:\/\/www.facebook.com\/informelitoral\/\" \/>\n<meta property=\"article:published_time\" content=\"2025-10-29T09:07:30+00:00\" \/>\n<meta property=\"article:modified_time\" content=\"2025-10-29T10:17:34+00:00\" \/>\n<meta property=\"og:image\" content=\"https:\/\/images.pagina12.com.ar\/styles\/focal_3_2_700x467\/public\/2025-10\/984689-84fd63114d5badd2c22217e6e0f2d77f5db3479a_0.jpg?h=debad9a5&itok=3OhGE64O\" \/>\n<meta name=\"author\" content=\"Gonzalo Schmidt\" \/>\n<meta name=\"twitter:card\" content=\"summary_large_image\" \/>\n<meta name=\"twitter:image\" content=\"https:\/\/images.pagina12.com.ar\/styles\/focal_3_2_700x467\/public\/2025-10\/984689-84fd63114d5badd2c22217e6e0f2d77f5db3479a_0.jpg?h=debad9a5&itok=3OhGE64O\" \/>\n<meta name=\"twitter:creator\" content=\"@InformeLitoral\" \/>\n<meta name=\"twitter:site\" content=\"@InformeLitoral\" \/>\n<meta name=\"twitter:label1\" content=\"Escrito por\" \/>\n\t<meta name=\"twitter:data1\" content=\"Gonzalo Schmidt\" \/>\n\t<meta name=\"twitter:label2\" content=\"Tiempo de lectura\" \/>\n\t<meta name=\"twitter:data2\" content=\"6 minutos\" \/>\n<script type=\"application\/ld+json\" class=\"yoast-schema-graph\">{\"@context\":\"https:\\\/\\\/schema.org\",\"@graph\":[{\"@type\":\"Article\",\"@id\":\"https:\\\/\\\/informelitoral.com.ar\\\/brasil-rio-de-janeiro-bajo-fuego-por-enfrentamiento-entre-narcos-y-las-fuerzas-de-seguridad\\\/#article\",\"isPartOf\":{\"@id\":\"https:\\\/\\\/informelitoral.com.ar\\\/brasil-rio-de-janeiro-bajo-fuego-por-enfrentamiento-entre-narcos-y-las-fuerzas-de-seguridad\\\/\"},\"author\":{\"name\":\"Gonzalo Schmidt\",\"@id\":\"https:\\\/\\\/informelitoral.com.ar\\\/#\\\/schema\\\/person\\\/b9d00407c836482871ef1d57bf8e3180\"},\"headline\":\"Brasil: R\u00edo de Janeiro bajo fuego por enfrentamiento entre narcos y las fuerzas de seguridad\",\"datePublished\":\"2025-10-29T09:07:30+00:00\",\"dateModified\":\"2025-10-29T10:17:34+00:00\",\"mainEntityOfPage\":{\"@id\":\"https:\\\/\\\/informelitoral.com.ar\\\/brasil-rio-de-janeiro-bajo-fuego-por-enfrentamiento-entre-narcos-y-las-fuerzas-de-seguridad\\\/\"},\"wordCount\":1234,\"commentCount\":0,\"publisher\":{\"@id\":\"https:\\\/\\\/informelitoral.com.ar\\\/#organization\"},\"image\":{\"@id\":\"https:\\\/\\\/informelitoral.com.ar\\\/brasil-rio-de-janeiro-bajo-fuego-por-enfrentamiento-entre-narcos-y-las-fuerzas-de-seguridad\\\/#primaryimage\"},\"thumbnailUrl\":\"https:\\\/\\\/images.pagina12.com.ar\\\/styles\\\/focal_3_2_700x467\\\/public\\\/2025-10\\\/984689-84fd63114d5badd2c22217e6e0f2d77f5db3479a_0.jpg?h=debad9a5&itok=3OhGE64O\",\"keywords\":[\"Brasil\",\"Narcotr\u00e1fico\",\"R\u00edo de Janeiro\"],\"articleSection\":[\"Internacionales\"],\"inLanguage\":\"es\",\"potentialAction\":[{\"@type\":\"CommentAction\",\"name\":\"Comment\",\"target\":[\"https:\\\/\\\/informelitoral.com.ar\\\/brasil-rio-de-janeiro-bajo-fuego-por-enfrentamiento-entre-narcos-y-las-fuerzas-de-seguridad\\\/#respond\"]}]},{\"@type\":\"WebPage\",\"@id\":\"https:\\\/\\\/informelitoral.com.ar\\\/brasil-rio-de-janeiro-bajo-fuego-por-enfrentamiento-entre-narcos-y-las-fuerzas-de-seguridad\\\/\",\"url\":\"https:\\\/\\\/informelitoral.com.ar\\\/brasil-rio-de-janeiro-bajo-fuego-por-enfrentamiento-entre-narcos-y-las-fuerzas-de-seguridad\\\/\",\"name\":\"Brasil: R\u00edo de Janeiro bajo fuego por enfrentamiento entre narcos y las fuerzas de seguridad - Informe Litoral\",\"isPartOf\":{\"@id\":\"https:\\\/\\\/informelitoral.com.ar\\\/#website\"},\"primaryImageOfPage\":{\"@id\":\"https:\\\/\\\/informelitoral.com.ar\\\/brasil-rio-de-janeiro-bajo-fuego-por-enfrentamiento-entre-narcos-y-las-fuerzas-de-seguridad\\\/#primaryimage\"},\"image\":{\"@id\":\"https:\\\/\\\/informelitoral.com.ar\\\/brasil-rio-de-janeiro-bajo-fuego-por-enfrentamiento-entre-narcos-y-las-fuerzas-de-seguridad\\\/#primaryimage\"},\"thumbnailUrl\":\"https:\\\/\\\/images.pagina12.com.ar\\\/styles\\\/focal_3_2_700x467\\\/public\\\/2025-10\\\/984689-84fd63114d5badd2c22217e6e0f2d77f5db3479a_0.jpg?h=debad9a5&itok=3OhGE64O\",\"datePublished\":\"2025-10-29T09:07:30+00:00\",\"dateModified\":\"2025-10-29T10:17:34+00:00\",\"breadcrumb\":{\"@id\":\"https:\\\/\\\/informelitoral.com.ar\\\/brasil-rio-de-janeiro-bajo-fuego-por-enfrentamiento-entre-narcos-y-las-fuerzas-de-seguridad\\\/#breadcrumb\"},\"inLanguage\":\"es\",\"potentialAction\":[{\"@type\":\"ReadAction\",\"target\":[\"https:\\\/\\\/informelitoral.com.ar\\\/brasil-rio-de-janeiro-bajo-fuego-por-enfrentamiento-entre-narcos-y-las-fuerzas-de-seguridad\\\/\"]}]},{\"@type\":\"ImageObject\",\"inLanguage\":\"es\",\"@id\":\"https:\\\/\\\/informelitoral.com.ar\\\/brasil-rio-de-janeiro-bajo-fuego-por-enfrentamiento-entre-narcos-y-las-fuerzas-de-seguridad\\\/#primaryimage\",\"url\":\"https:\\\/\\\/images.pagina12.com.ar\\\/styles\\\/focal_3_2_700x467\\\/public\\\/2025-10\\\/984689-84fd63114d5badd2c22217e6e0f2d77f5db3479a_0.jpg?h=debad9a5&itok=3OhGE64O\",\"contentUrl\":\"https:\\\/\\\/images.pagina12.com.ar\\\/styles\\\/focal_3_2_700x467\\\/public\\\/2025-10\\\/984689-84fd63114d5badd2c22217e6e0f2d77f5db3479a_0.jpg?h=debad9a5&itok=3OhGE64O\",\"width\":\"700\",\"height\":\"467\"},{\"@type\":\"BreadcrumbList\",\"@id\":\"https:\\\/\\\/informelitoral.com.ar\\\/brasil-rio-de-janeiro-bajo-fuego-por-enfrentamiento-entre-narcos-y-las-fuerzas-de-seguridad\\\/#breadcrumb\",\"itemListElement\":[{\"@type\":\"ListItem\",\"position\":1,\"name\":\"Portada\",\"item\":\"https:\\\/\\\/informelitoral.com.ar\\\/\"},{\"@type\":\"ListItem\",\"position\":2,\"name\":\"Brasil: R\u00edo de Janeiro bajo fuego por enfrentamiento entre narcos y las fuerzas de seguridad\"}]},{\"@type\":\"WebSite\",\"@id\":\"https:\\\/\\\/informelitoral.com.ar\\\/#website\",\"url\":\"https:\\\/\\\/informelitoral.com.ar\\\/\",\"name\":\"Informe Litoral\",\"description\":\"&quot;Nos informamos&quot; \",\"publisher\":{\"@id\":\"https:\\\/\\\/informelitoral.com.ar\\\/#organization\"},\"potentialAction\":[{\"@type\":\"SearchAction\",\"target\":{\"@type\":\"EntryPoint\",\"urlTemplate\":\"https:\\\/\\\/informelitoral.com.ar\\\/?s={search_term_string}\"},\"query-input\":{\"@type\":\"PropertyValueSpecification\",\"valueRequired\":true,\"valueName\":\"search_term_string\"}}],\"inLanguage\":\"es\"},{\"@type\":\"Organization\",\"@id\":\"https:\\\/\\\/informelitoral.com.ar\\\/#organization\",\"name\":\"Informe Litoral\",\"url\":\"https:\\\/\\\/informelitoral.com.ar\\\/\",\"logo\":{\"@type\":\"ImageObject\",\"inLanguage\":\"es\",\"@id\":\"https:\\\/\\\/informelitoral.com.ar\\\/#\\\/schema\\\/logo\\\/image\\\/\",\"url\":\"https:\\\/\\\/informelitoral.com.ar\\\/%77%70%2d%63%6f%6e%74%65%6e%74\\\/uploads\\\/2021\\\/01\\\/circulo.png\",\"contentUrl\":\"https:\\\/\\\/informelitoral.com.ar\\\/%77%70%2d%63%6f%6e%74%65%6e%74\\\/uploads\\\/2021\\\/01\\\/circulo.png\",\"width\":723,\"height\":731,\"caption\":\"Informe Litoral\"},\"image\":{\"@id\":\"https:\\\/\\\/informelitoral.com.ar\\\/#\\\/schema\\\/logo\\\/image\\\/\"},\"sameAs\":[\"https:\\\/\\\/www.facebook.com\\\/informelitoral\\\/\",\"https:\\\/\\\/x.com\\\/InformeLitoral\",\"https:\\\/\\\/www.instagram.com\\\/informelitoral\\\/\",\"https:\\\/\\\/www.youtube.com\\\/channel\\\/UCua4Qvz8Icb6MYqhoq9xLXw\"]},{\"@type\":\"Person\",\"@id\":\"https:\\\/\\\/informelitoral.com.ar\\\/#\\\/schema\\\/person\\\/b9d00407c836482871ef1d57bf8e3180\",\"name\":\"Gonzalo Schmidt\",\"image\":{\"@type\":\"ImageObject\",\"inLanguage\":\"es\",\"@id\":\"https:\\\/\\\/secure.gravatar.com\\\/avatar\\\/31a1a7b66ff2de83bd0e9fd79d026630d2d99e55e8bfe501287647b4fd9743de?s=96&d=mm&r=g\",\"url\":\"https:\\\/\\\/secure.gravatar.com\\\/avatar\\\/31a1a7b66ff2de83bd0e9fd79d026630d2d99e55e8bfe501287647b4fd9743de?s=96&d=mm&r=g\",\"contentUrl\":\"https:\\\/\\\/secure.gravatar.com\\\/avatar\\\/31a1a7b66ff2de83bd0e9fd79d026630d2d99e55e8bfe501287647b4fd9743de?s=96&d=mm&r=g\",\"caption\":\"Gonzalo Schmidt\"},\"description\":\"Sitio web de noticias de la provincia de Entre R\u00edos, Argentina. Informaci\u00f3n y entretenimiento. Informe Litoral, nos informamos.\",\"sameAs\":[\"http:\\\/\\\/www.isletasnoticias.com.ar\"],\"url\":\"https:\\\/\\\/informelitoral.com.ar\\\/author\\\/gonzalo\\\/\"}]}<\/script>","yoast_head_json":{"title":"Brasil: R\u00edo de Janeiro bajo fuego por enfrentamiento entre narcos y las fuerzas de seguridad - Informe Litoral","robots":{"index":"index","follow":"follow","max-snippet":"max-snippet:-1","max-image-preview":"max-image-preview:large","max-video-preview":"max-video-preview:-1"},"canonical":"https:\/\/informelitoral.com.ar\/brasil-rio-de-janeiro-bajo-fuego-por-enfrentamiento-entre-narcos-y-las-fuerzas-de-seguridad\/","og_locale":"es_ES","og_type":"article","og_title":"Brasil: R\u00edo de Janeiro bajo fuego por enfrentamiento entre narcos y las fuerzas de seguridad - Informe Litoral","og_description":"Entre los muertos, que son 64, hay cuatro polic\u00edas y muchos civiles. El objetivo fue el Comando Vermelho,\u00a0la facci\u00f3n narco m\u00e1s antigua del pa\u00eds. \u00a0\u201cDe un lado nos amenazan los delincuentes, del otro los polic\u00edas entran en las casas y agreden\u201d,\u00a0dijo el morador.","og_url":"https:\/\/informelitoral.com.ar\/brasil-rio-de-janeiro-bajo-fuego-por-enfrentamiento-entre-narcos-y-las-fuerzas-de-seguridad\/","og_site_name":"Informe Litoral","article_publisher":"https:\/\/www.facebook.com\/informelitoral\/","article_published_time":"2025-10-29T09:07:30+00:00","article_modified_time":"2025-10-29T10:17:34+00:00","og_image":[{"url":"https:\/\/images.pagina12.com.ar\/styles\/focal_3_2_700x467\/public\/2025-10\/984689-84fd63114d5badd2c22217e6e0f2d77f5db3479a_0.jpg?h=debad9a5&itok=3OhGE64O","type":"","width":"","height":""}],"author":"Gonzalo Schmidt","twitter_card":"summary_large_image","twitter_image":"https:\/\/images.pagina12.com.ar\/styles\/focal_3_2_700x467\/public\/2025-10\/984689-84fd63114d5badd2c22217e6e0f2d77f5db3479a_0.jpg?h=debad9a5&itok=3OhGE64O","twitter_creator":"@InformeLitoral","twitter_site":"@InformeLitoral","twitter_misc":{"Escrito por":"Gonzalo Schmidt","Tiempo de lectura":"6 minutos"},"schema":{"@context":"https:\/\/schema.org","@graph":[{"@type":"Article","@id":"https:\/\/informelitoral.com.ar\/brasil-rio-de-janeiro-bajo-fuego-por-enfrentamiento-entre-narcos-y-las-fuerzas-de-seguridad\/#article","isPartOf":{"@id":"https:\/\/informelitoral.com.ar\/brasil-rio-de-janeiro-bajo-fuego-por-enfrentamiento-entre-narcos-y-las-fuerzas-de-seguridad\/"},"author":{"name":"Gonzalo Schmidt","@id":"https:\/\/informelitoral.com.ar\/#\/schema\/person\/b9d00407c836482871ef1d57bf8e3180"},"headline":"Brasil: R\u00edo de Janeiro bajo fuego por enfrentamiento entre narcos y las fuerzas de seguridad","datePublished":"2025-10-29T09:07:30+00:00","dateModified":"2025-10-29T10:17:34+00:00","mainEntityOfPage":{"@id":"https:\/\/informelitoral.com.ar\/brasil-rio-de-janeiro-bajo-fuego-por-enfrentamiento-entre-narcos-y-las-fuerzas-de-seguridad\/"},"wordCount":1234,"commentCount":0,"publisher":{"@id":"https:\/\/informelitoral.com.ar\/#organization"},"image":{"@id":"https:\/\/informelitoral.com.ar\/brasil-rio-de-janeiro-bajo-fuego-por-enfrentamiento-entre-narcos-y-las-fuerzas-de-seguridad\/#primaryimage"},"thumbnailUrl":"https:\/\/images.pagina12.com.ar\/styles\/focal_3_2_700x467\/public\/2025-10\/984689-84fd63114d5badd2c22217e6e0f2d77f5db3479a_0.jpg?h=debad9a5&itok=3OhGE64O","keywords":["Brasil","Narcotr\u00e1fico","R\u00edo de Janeiro"],"articleSection":["Internacionales"],"inLanguage":"es","potentialAction":[{"@type":"CommentAction","name":"Comment","target":["https:\/\/informelitoral.com.ar\/brasil-rio-de-janeiro-bajo-fuego-por-enfrentamiento-entre-narcos-y-las-fuerzas-de-seguridad\/#respond"]}]},{"@type":"WebPage","@id":"https:\/\/informelitoral.com.ar\/brasil-rio-de-janeiro-bajo-fuego-por-enfrentamiento-entre-narcos-y-las-fuerzas-de-seguridad\/","url":"https:\/\/informelitoral.com.ar\/brasil-rio-de-janeiro-bajo-fuego-por-enfrentamiento-entre-narcos-y-las-fuerzas-de-seguridad\/","name":"Brasil: R\u00edo de Janeiro bajo fuego por enfrentamiento entre narcos y las fuerzas de seguridad - Informe Litoral","isPartOf":{"@id":"https:\/\/informelitoral.com.ar\/#website"},"primaryImageOfPage":{"@id":"https:\/\/informelitoral.com.ar\/brasil-rio-de-janeiro-bajo-fuego-por-enfrentamiento-entre-narcos-y-las-fuerzas-de-seguridad\/#primaryimage"},"image":{"@id":"https:\/\/informelitoral.com.ar\/brasil-rio-de-janeiro-bajo-fuego-por-enfrentamiento-entre-narcos-y-las-fuerzas-de-seguridad\/#primaryimage"},"thumbnailUrl":"https:\/\/images.pagina12.com.ar\/styles\/focal_3_2_700x467\/public\/2025-10\/984689-84fd63114d5badd2c22217e6e0f2d77f5db3479a_0.jpg?h=debad9a5&itok=3OhGE64O","datePublished":"2025-10-29T09:07:30+00:00","dateModified":"2025-10-29T10:17:34+00:00","breadcrumb":{"@id":"https:\/\/informelitoral.com.ar\/brasil-rio-de-janeiro-bajo-fuego-por-enfrentamiento-entre-narcos-y-las-fuerzas-de-seguridad\/#breadcrumb"},"inLanguage":"es","potentialAction":[{"@type":"ReadAction","target":["https:\/\/informelitoral.com.ar\/brasil-rio-de-janeiro-bajo-fuego-por-enfrentamiento-entre-narcos-y-las-fuerzas-de-seguridad\/"]}]},{"@type":"ImageObject","inLanguage":"es","@id":"https:\/\/informelitoral.com.ar\/brasil-rio-de-janeiro-bajo-fuego-por-enfrentamiento-entre-narcos-y-las-fuerzas-de-seguridad\/#primaryimage","url":"https:\/\/images.pagina12.com.ar\/styles\/focal_3_2_700x467\/public\/2025-10\/984689-84fd63114d5badd2c22217e6e0f2d77f5db3479a_0.jpg?h=debad9a5&itok=3OhGE64O","contentUrl":"https:\/\/images.pagina12.com.ar\/styles\/focal_3_2_700x467\/public\/2025-10\/984689-84fd63114d5badd2c22217e6e0f2d77f5db3479a_0.jpg?h=debad9a5&itok=3OhGE64O","width":"700","height":"467"},{"@type":"BreadcrumbList","@id":"https:\/\/informelitoral.com.ar\/brasil-rio-de-janeiro-bajo-fuego-por-enfrentamiento-entre-narcos-y-las-fuerzas-de-seguridad\/#breadcrumb","itemListElement":[{"@type":"ListItem","position":1,"name":"Portada","item":"https:\/\/informelitoral.com.ar\/"},{"@type":"ListItem","position":2,"name":"Brasil: R\u00edo de Janeiro bajo fuego por enfrentamiento entre narcos y las fuerzas de seguridad"}]},{"@type":"WebSite","@id":"https:\/\/informelitoral.com.ar\/#website","url":"https:\/\/informelitoral.com.ar\/","name":"Informe Litoral","description":"&quot;Nos informamos&quot; ","publisher":{"@id":"https:\/\/informelitoral.com.ar\/#organization"},"potentialAction":[{"@type":"SearchAction","target":{"@type":"EntryPoint","urlTemplate":"https:\/\/informelitoral.com.ar\/?s={search_term_string}"},"query-input":{"@type":"PropertyValueSpecification","valueRequired":true,"valueName":"search_term_string"}}],"inLanguage":"es"},{"@type":"Organization","@id":"https:\/\/informelitoral.com.ar\/#organization","name":"Informe Litoral","url":"https:\/\/informelitoral.com.ar\/","logo":{"@type":"ImageObject","inLanguage":"es","@id":"https:\/\/informelitoral.com.ar\/#\/schema\/logo\/image\/","url":"https:\/\/informelitoral.com.ar\/%77%70%2d%63%6f%6e%74%65%6e%74\/uploads\/2021\/01\/circulo.png","contentUrl":"https:\/\/informelitoral.com.ar\/%77%70%2d%63%6f%6e%74%65%6e%74\/uploads\/2021\/01\/circulo.png","width":723,"height":731,"caption":"Informe Litoral"},"image":{"@id":"https:\/\/informelitoral.com.ar\/#\/schema\/logo\/image\/"},"sameAs":["https:\/\/www.facebook.com\/informelitoral\/","https:\/\/x.com\/InformeLitoral","https:\/\/www.instagram.com\/informelitoral\/","https:\/\/www.youtube.com\/channel\/UCua4Qvz8Icb6MYqhoq9xLXw"]},{"@type":"Person","@id":"https:\/\/informelitoral.com.ar\/#\/schema\/person\/b9d00407c836482871ef1d57bf8e3180","name":"Gonzalo Schmidt","image":{"@type":"ImageObject","inLanguage":"es","@id":"https:\/\/secure.gravatar.com\/avatar\/31a1a7b66ff2de83bd0e9fd79d026630d2d99e55e8bfe501287647b4fd9743de?s=96&d=mm&r=g","url":"https:\/\/secure.gravatar.com\/avatar\/31a1a7b66ff2de83bd0e9fd79d026630d2d99e55e8bfe501287647b4fd9743de?s=96&d=mm&r=g","contentUrl":"https:\/\/secure.gravatar.com\/avatar\/31a1a7b66ff2de83bd0e9fd79d026630d2d99e55e8bfe501287647b4fd9743de?s=96&d=mm&r=g","caption":"Gonzalo Schmidt"},"description":"Sitio web de noticias de la provincia de Entre R\u00edos, Argentina. Informaci\u00f3n y entretenimiento. Informe Litoral, nos informamos.","sameAs":["http:\/\/www.isletasnoticias.com.ar"],"url":"https:\/\/informelitoral.com.ar\/author\/gonzalo\/"}]}},"fifu_image_url":"https:\/\/images.pagina12.com.ar\/styles\/focal_3_2_700x467\/public\/2025-10\/984689-84fd63114d5badd2c22217e6e0f2d77f5db3479a_0.jpg?h=debad9a5&itok=3OhGE64O","_links":{"self":[{"href":"https:\/\/informelitoral.com.ar\/%77%70%2d%6a%73%6f%6e\/wp\/v2\/posts\/238610","targetHints":{"allow":["GET"]}}],"collection":[{"href":"https:\/\/informelitoral.com.ar\/%77%70%2d%6a%73%6f%6e\/wp\/v2\/posts"}],"about":[{"href":"https:\/\/informelitoral.com.ar\/%77%70%2d%6a%73%6f%6e\/wp\/v2\/types\/post"}],"author":[{"embeddable":true,"href":"https:\/\/informelitoral.com.ar\/%77%70%2d%6a%73%6f%6e\/wp\/v2\/users\/2"}],"replies":[{"embeddable":true,"href":"https:\/\/informelitoral.com.ar\/%77%70%2d%6a%73%6f%6e\/wp\/v2\/comments?post=238610"}],"version-history":[{"count":1,"href":"https:\/\/informelitoral.com.ar\/%77%70%2d%6a%73%6f%6e\/wp\/v2\/posts\/238610\/revisions"}],"predecessor-version":[{"id":238612,"href":"https:\/\/informelitoral.com.ar\/%77%70%2d%6a%73%6f%6e\/wp\/v2\/posts\/238610\/revisions\/238612"}],"wp:featuredmedia":[{"embeddable":true,"href":"https:\/\/informelitoral.com.ar\/%77%70%2d%6a%73%6f%6e\/wp\/v2\/media\/238611"}],"wp:attachment":[{"href":"https:\/\/informelitoral.com.ar\/%77%70%2d%6a%73%6f%6e\/wp\/v2\/media?parent=238610"}],"wp:term":[{"taxonomy":"category","embeddable":true,"href":"https:\/\/informelitoral.com.ar\/%77%70%2d%6a%73%6f%6e\/wp\/v2\/categories?post=238610"},{"taxonomy":"post_tag","embeddable":true,"href":"https:\/\/informelitoral.com.ar\/%77%70%2d%6a%73%6f%6e\/wp\/v2\/tags?post=238610"}],"curies":[{"name":"wp","href":"https:\/\/api.w.org\/{rel}","templated":true}]}}