{"id":238603,"date":"2025-10-29T06:41:41","date_gmt":"2025-10-29T09:41:41","guid":{"rendered":"https:\/\/informelitoral.com.ar\/?p=238603"},"modified":"2025-10-29T06:41:41","modified_gmt":"2025-10-29T09:41:41","slug":"de-a-poco-desaparecera-el-frio-y-aparecera-el-sol","status":"publish","type":"post","link":"https:\/\/informelitoral.com.ar\/de-a-poco-desaparecera-el-frio-y-aparecera-el-sol\/","title":{"rendered":"De a poco desaparecer\u00e1 el fr\u00edo y aparecer\u00e1 el sol"},"content":{"rendered":"<p>Tras un comienzo de semana con condiciones propias del invierno, el panorama meteorol\u00f3gico empieza a modificarse. El Servicio Meteorol\u00f3gico Nacional (SMN) anunci\u00f3 que el tiempo se estabiliza en amplias zonas del pa\u00eds y que las temperaturas experimentar\u00e1n un r\u00e1pido ascenso durante los pr\u00f3ximos d\u00edas, particularmente hacia el jueves.<\/p>\n<p>\u201cEsta situaci\u00f3n comienza a modificarse, dando paso a un per\u00edodo m\u00e1s estable en amplias zonas del pa\u00eds. Todav\u00eda hoy se mantienen algunos remanentes de lluvias sobre la franja norte, pero la tendencia general muestra una r\u00e1pida mejora de las condiciones\u201d, indic\u00f3 el meteor\u00f3logo Leonardo De Benedictis.<\/p>\n<h2><strong><span style=\"font-size: 22px; color: #111111; font-family: Roboto, sans-serif;\">Estabilidad y temperaturas en ascenso<\/span><\/strong><\/h2>\n<p>De acuerdo con el SMN, este mi\u00e9rcoles en Entre R\u00edos el tiempo ser\u00e1 estable, con nubosidad variable y bajas probabilidades de lluvias. Las temperaturas m\u00e1ximas rondar\u00e1n los 20 grados y las m\u00ednimas se ubicar\u00e1n cerca de los 10 grados.<\/p>\n<p>De Benedictis detall\u00f3 que \u201cel cambio de patr\u00f3n est\u00e1 asociado a la rotaci\u00f3n del viento al sector norte, lo que<b>\u00a0permitir\u00e1 el ingreso de una masa de aire m\u00e1s seca y templada\u201d. Este proceso favorecer\u00e1 un progresivo ascenso t\u00e9rmico y una marcada estabilidad atmosf\u00e9rica<\/b>, con cielos mayormente despejados hacia mitad de semana.<\/p>\n<p>En el norte argentino, la situaci\u00f3n de estabilidad se mantendr\u00e1 hasta el fin de semana, con temperaturas que volver\u00e1n a ubicarse por encima de los valores normales para esta \u00e9poca del a\u00f1o. En la regi\u00f3n central, en cambio, el per\u00edodo de buen tiempo se extender\u00e1 hasta el viernes o s\u00e1bado, cuando ingresar\u00e1 un nuevo frente.<\/p>\n<h2><strong>Regreso de d\u00edas m\u00e1s primaverales<\/strong><\/h2>\n<p>Con el retorno de los vientos del norte, las temperaturas comenzar\u00e1n a recuperarse r\u00e1pidamente, tras el enfriamiento inusual registrado en los \u00faltimos d\u00edas. El aire m\u00e1s seco permitir\u00e1 el aumento de las m\u00e1ximas, especialmente sobre el centro y norte del pa\u00eds, donde los valores volver\u00e1n a situarse por encima de los promedios estacionales.<\/p>\n<p>En la regi\u00f3n pampeana, las jornadas del mi\u00e9rcoles y jueves se presentar\u00e1n con buena insolaci\u00f3n, ascenso t\u00e9rmico y escasa nubosidad, condiciones t\u00edpicas de la primavera temprana.<\/p>\n<p>Mientras tanto, el norte del pa\u00eds mantendr\u00e1 un panorama similar, con temperaturas elevadas y sin lluvias significativas hasta el fin de semana. Este contraste ser\u00e1 notorio respecto a los registros m\u00ednimos del inicio de la semana, comparables con los de pleno invierno en sectores de Buenos Aires y La Pampa.\u00a0<i>(SMN y Meteored)<\/i><\/p>\n<h6><em><strong>Del archivo:\u00a0<a href=\"https:\/\/informelitoral.com.ar\/frigerio-distribuyo-1300-chalecos-antibalas-a-la-policia-para-reforzar-la-prevencion-y-cuidado-de-los-agentes\/\" target=\"_blank\" rel=\"noopener\">Frigerio distribuy\u00f3 1300 chalecos antibalas a la Polic\u00eda para reforzar la prevenci\u00f3n y cuidado de los agentes<\/a><\/strong><\/em><\/h6>\n","protected":false},"excerpt":{"rendered":"<p>Las bajas temperaturas para este \u00e9poca del a\u00f1o empiezan a ceder y el sol se empezar\u00e1 a abrir paso entre las nubes. Anuncian varios d\u00edas estables hasta el fin de semana.<\/p>\n","protected":false},"author":2,"featured_media":82543,"comment_status":"open","ping_status":"open","sticky":false,"template":"","format":"standard","meta":{"fifu_image_url":"","fifu_image_alt":"","footnotes":""},"categories":[7],"tags":[38,2759],"class_list":{"0":"post-238603","1":"post","2":"type-post","3":"status-publish","4":"format-standard","5":"has-post-thumbnail","7":"category-nacionales","8":"tag-el-tiempo","9":"tag-pronostico-del-tiempo"},"yoast_head":"<title>De a poco desaparecer\u00e1 el fr\u00edo y aparecer\u00e1 el sol - Informe Litoral<\/title>\n<meta name=\"robots\" content=\"index, follow, max-snippet:-1, max-image-preview:large, max-video-preview:-1\" \/>\n<link rel=\"canonical\" href=\"https:\/\/informelitoral.com.ar\/de-a-poco-desaparecera-el-frio-y-aparecera-el-sol\/\" \/>\n<meta property=\"og:locale\" content=\"es_ES\" \/>\n<meta property=\"og:type\" content=\"article\" \/>\n<meta property=\"og:title\" content=\"De a poco desaparecer\u00e1 el fr\u00edo y aparecer\u00e1 el sol - Informe Litoral\" \/>\n<meta property=\"og:description\" content=\"Las bajas temperaturas para este \u00e9poca del a\u00f1o empiezan a ceder y el sol se empezar\u00e1 a abrir paso entre las nubes. Anuncian varios d\u00edas estables hasta el fin de semana.\" \/>\n<meta property=\"og:url\" content=\"https:\/\/informelitoral.com.ar\/de-a-poco-desaparecera-el-frio-y-aparecera-el-sol\/\" \/>\n<meta property=\"og:site_name\" content=\"Informe Litoral\" \/>\n<meta property=\"article:publisher\" content=\"https:\/\/www.facebook.com\/informelitoral\/\" \/>\n<meta property=\"article:published_time\" content=\"2025-10-29T09:41:41+00:00\" \/>\n<meta property=\"og:image\" content=\"https:\/\/informelitoral.com.ar\/%77%70%2d%63%6f%6e%74%65%6e%74\/uploads\/2022\/07\/dia-soleado.jpg\" \/>\n\t<meta property=\"og:image:width\" content=\"800\" \/>\n\t<meta property=\"og:image:height\" content=\"507\" \/>\n\t<meta property=\"og:image:type\" content=\"image\/jpeg\" \/>\n<meta name=\"author\" content=\"Gonzalo Schmidt\" \/>\n<meta name=\"twitter:card\" content=\"summary_large_image\" \/>\n<meta name=\"twitter:creator\" content=\"@InformeLitoral\" \/>\n<meta name=\"twitter:site\" content=\"@InformeLitoral\" \/>\n<meta name=\"twitter:label1\" content=\"Escrito por\" \/>\n\t<meta name=\"twitter:data1\" content=\"Gonzalo Schmidt\" \/>\n\t<meta name=\"twitter:label2\" content=\"Tiempo de lectura\" \/>\n\t<meta name=\"twitter:data2\" content=\"3 minutos\" \/>\n<script type=\"application\/ld+json\" class=\"yoast-schema-graph\">{\"@context\":\"https:\\\/\\\/schema.org\",\"@graph\":[{\"@type\":\"Article\",\"@id\":\"https:\\\/\\\/informelitoral.com.ar\\\/de-a-poco-desaparecera-el-frio-y-aparecera-el-sol\\\/#article\",\"isPartOf\":{\"@id\":\"https:\\\/\\\/informelitoral.com.ar\\\/de-a-poco-desaparecera-el-frio-y-aparecera-el-sol\\\/\"},\"author\":{\"name\":\"Gonzalo Schmidt\",\"@id\":\"https:\\\/\\\/informelitoral.com.ar\\\/#\\\/schema\\\/person\\\/b9d00407c836482871ef1d57bf8e3180\"},\"headline\":\"De a poco desaparecer\u00e1 el fr\u00edo y aparecer\u00e1 el sol\",\"datePublished\":\"2025-10-29T09:41:41+00:00\",\"mainEntityOfPage\":{\"@id\":\"https:\\\/\\\/informelitoral.com.ar\\\/de-a-poco-desaparecera-el-frio-y-aparecera-el-sol\\\/\"},\"wordCount\":459,\"commentCount\":0,\"publisher\":{\"@id\":\"https:\\\/\\\/informelitoral.com.ar\\\/#organization\"},\"image\":{\"@id\":\"https:\\\/\\\/informelitoral.com.ar\\\/de-a-poco-desaparecera-el-frio-y-aparecera-el-sol\\\/#primaryimage\"},\"thumbnailUrl\":\"https:\\\/\\\/informelitoral.com.ar\\\/%77%70%2d%63%6f%6e%74%65%6e%74\\\/uploads\\\/2022\\\/07\\\/dia-soleado.jpg\",\"keywords\":[\"El tiempo\",\"Pron\u00f3stico del tiempo\"],\"articleSection\":[\"Nacionales\"],\"inLanguage\":\"es\",\"potentialAction\":[{\"@type\":\"CommentAction\",\"name\":\"Comment\",\"target\":[\"https:\\\/\\\/informelitoral.com.ar\\\/de-a-poco-desaparecera-el-frio-y-aparecera-el-sol\\\/#respond\"]}]},{\"@type\":\"WebPage\",\"@id\":\"https:\\\/\\\/informelitoral.com.ar\\\/de-a-poco-desaparecera-el-frio-y-aparecera-el-sol\\\/\",\"url\":\"https:\\\/\\\/informelitoral.com.ar\\\/de-a-poco-desaparecera-el-frio-y-aparecera-el-sol\\\/\",\"name\":\"De a poco desaparecer\u00e1 el fr\u00edo y aparecer\u00e1 el sol - Informe Litoral\",\"isPartOf\":{\"@id\":\"https:\\\/\\\/informelitoral.com.ar\\\/#website\"},\"primaryImageOfPage\":{\"@id\":\"https:\\\/\\\/informelitoral.com.ar\\\/de-a-poco-desaparecera-el-frio-y-aparecera-el-sol\\\/#primaryimage\"},\"image\":{\"@id\":\"https:\\\/\\\/informelitoral.com.ar\\\/de-a-poco-desaparecera-el-frio-y-aparecera-el-sol\\\/#primaryimage\"},\"thumbnailUrl\":\"https:\\\/\\\/informelitoral.com.ar\\\/%77%70%2d%63%6f%6e%74%65%6e%74\\\/uploads\\\/2022\\\/07\\\/dia-soleado.jpg\",\"datePublished\":\"2025-10-29T09:41:41+00:00\",\"breadcrumb\":{\"@id\":\"https:\\\/\\\/informelitoral.com.ar\\\/de-a-poco-desaparecera-el-frio-y-aparecera-el-sol\\\/#breadcrumb\"},\"inLanguage\":\"es\",\"potentialAction\":[{\"@type\":\"ReadAction\",\"target\":[\"https:\\\/\\\/informelitoral.com.ar\\\/de-a-poco-desaparecera-el-frio-y-aparecera-el-sol\\\/\"]}]},{\"@type\":\"ImageObject\",\"inLanguage\":\"es\",\"@id\":\"https:\\\/\\\/informelitoral.com.ar\\\/de-a-poco-desaparecera-el-frio-y-aparecera-el-sol\\\/#primaryimage\",\"url\":\"https:\\\/\\\/informelitoral.com.ar\\\/%77%70%2d%63%6f%6e%74%65%6e%74\\\/uploads\\\/2022\\\/07\\\/dia-soleado.jpg\",\"contentUrl\":\"https:\\\/\\\/informelitoral.com.ar\\\/%77%70%2d%63%6f%6e%74%65%6e%74\\\/uploads\\\/2022\\\/07\\\/dia-soleado.jpg\",\"width\":800,\"height\":507},{\"@type\":\"BreadcrumbList\",\"@id\":\"https:\\\/\\\/informelitoral.com.ar\\\/de-a-poco-desaparecera-el-frio-y-aparecera-el-sol\\\/#breadcrumb\",\"itemListElement\":[{\"@type\":\"ListItem\",\"position\":1,\"name\":\"Portada\",\"item\":\"https:\\\/\\\/informelitoral.com.ar\\\/\"},{\"@type\":\"ListItem\",\"position\":2,\"name\":\"De a poco desaparecer\u00e1 el fr\u00edo y aparecer\u00e1 el sol\"}]},{\"@type\":\"WebSite\",\"@id\":\"https:\\\/\\\/informelitoral.com.ar\\\/#website\",\"url\":\"https:\\\/\\\/informelitoral.com.ar\\\/\",\"name\":\"Informe Litoral\",\"description\":\"&quot;Nos informamos&quot; \",\"publisher\":{\"@id\":\"https:\\\/\\\/informelitoral.com.ar\\\/#organization\"},\"potentialAction\":[{\"@type\":\"SearchAction\",\"target\":{\"@type\":\"EntryPoint\",\"urlTemplate\":\"https:\\\/\\\/informelitoral.com.ar\\\/?s={search_term_string}\"},\"query-input\":{\"@type\":\"PropertyValueSpecification\",\"valueRequired\":true,\"valueName\":\"search_term_string\"}}],\"inLanguage\":\"es\"},{\"@type\":\"Organization\",\"@id\":\"https:\\\/\\\/informelitoral.com.ar\\\/#organization\",\"name\":\"Informe Litoral\",\"url\":\"https:\\\/\\\/informelitoral.com.ar\\\/\",\"logo\":{\"@type\":\"ImageObject\",\"inLanguage\":\"es\",\"@id\":\"https:\\\/\\\/informelitoral.com.ar\\\/#\\\/schema\\\/logo\\\/image\\\/\",\"url\":\"https:\\\/\\\/informelitoral.com.ar\\\/%77%70%2d%63%6f%6e%74%65%6e%74\\\/uploads\\\/2021\\\/01\\\/circulo.png\",\"contentUrl\":\"https:\\\/\\\/informelitoral.com.ar\\\/%77%70%2d%63%6f%6e%74%65%6e%74\\\/uploads\\\/2021\\\/01\\\/circulo.png\",\"width\":723,\"height\":731,\"caption\":\"Informe Litoral\"},\"image\":{\"@id\":\"https:\\\/\\\/informelitoral.com.ar\\\/#\\\/schema\\\/logo\\\/image\\\/\"},\"sameAs\":[\"https:\\\/\\\/www.facebook.com\\\/informelitoral\\\/\",\"https:\\\/\\\/x.com\\\/InformeLitoral\",\"https:\\\/\\\/www.instagram.com\\\/informelitoral\\\/\",\"https:\\\/\\\/www.youtube.com\\\/channel\\\/UCua4Qvz8Icb6MYqhoq9xLXw\"]},{\"@type\":\"Person\",\"@id\":\"https:\\\/\\\/informelitoral.com.ar\\\/#\\\/schema\\\/person\\\/b9d00407c836482871ef1d57bf8e3180\",\"name\":\"Gonzalo Schmidt\",\"image\":{\"@type\":\"ImageObject\",\"inLanguage\":\"es\",\"@id\":\"https:\\\/\\\/secure.gravatar.com\\\/avatar\\\/31a1a7b66ff2de83bd0e9fd79d026630d2d99e55e8bfe501287647b4fd9743de?s=96&d=mm&r=g\",\"url\":\"https:\\\/\\\/secure.gravatar.com\\\/avatar\\\/31a1a7b66ff2de83bd0e9fd79d026630d2d99e55e8bfe501287647b4fd9743de?s=96&d=mm&r=g\",\"contentUrl\":\"https:\\\/\\\/secure.gravatar.com\\\/avatar\\\/31a1a7b66ff2de83bd0e9fd79d026630d2d99e55e8bfe501287647b4fd9743de?s=96&d=mm&r=g\",\"caption\":\"Gonzalo Schmidt\"},\"description\":\"Sitio web de noticias de la provincia de Entre R\u00edos, Argentina. Informaci\u00f3n y entretenimiento. Informe Litoral, nos informamos.\",\"sameAs\":[\"http:\\\/\\\/www.isletasnoticias.com.ar\"],\"url\":\"https:\\\/\\\/informelitoral.com.ar\\\/author\\\/gonzalo\\\/\"}]}<\/script>","yoast_head_json":{"title":"De a poco desaparecer\u00e1 el fr\u00edo y aparecer\u00e1 el sol - Informe Litoral","robots":{"index":"index","follow":"follow","max-snippet":"max-snippet:-1","max-image-preview":"max-image-preview:large","max-video-preview":"max-video-preview:-1"},"canonical":"https:\/\/informelitoral.com.ar\/de-a-poco-desaparecera-el-frio-y-aparecera-el-sol\/","og_locale":"es_ES","og_type":"article","og_title":"De a poco desaparecer\u00e1 el fr\u00edo y aparecer\u00e1 el sol - Informe Litoral","og_description":"Las bajas temperaturas para este \u00e9poca del a\u00f1o empiezan a ceder y el sol se empezar\u00e1 a abrir paso entre las nubes. Anuncian varios d\u00edas estables hasta el fin de semana.","og_url":"https:\/\/informelitoral.com.ar\/de-a-poco-desaparecera-el-frio-y-aparecera-el-sol\/","og_site_name":"Informe Litoral","article_publisher":"https:\/\/www.facebook.com\/informelitoral\/","article_published_time":"2025-10-29T09:41:41+00:00","og_image":[{"width":800,"height":507,"url":"https:\/\/informelitoral.com.ar\/%77%70%2d%63%6f%6e%74%65%6e%74\/uploads\/2022\/07\/dia-soleado.jpg","type":"image\/jpeg"}],"author":"Gonzalo Schmidt","twitter_card":"summary_large_image","twitter_creator":"@InformeLitoral","twitter_site":"@InformeLitoral","twitter_misc":{"Escrito por":"Gonzalo Schmidt","Tiempo de lectura":"3 minutos"},"schema":{"@context":"https:\/\/schema.org","@graph":[{"@type":"Article","@id":"https:\/\/informelitoral.com.ar\/de-a-poco-desaparecera-el-frio-y-aparecera-el-sol\/#article","isPartOf":{"@id":"https:\/\/informelitoral.com.ar\/de-a-poco-desaparecera-el-frio-y-aparecera-el-sol\/"},"author":{"name":"Gonzalo Schmidt","@id":"https:\/\/informelitoral.com.ar\/#\/schema\/person\/b9d00407c836482871ef1d57bf8e3180"},"headline":"De a poco desaparecer\u00e1 el fr\u00edo y aparecer\u00e1 el sol","datePublished":"2025-10-29T09:41:41+00:00","mainEntityOfPage":{"@id":"https:\/\/informelitoral.com.ar\/de-a-poco-desaparecera-el-frio-y-aparecera-el-sol\/"},"wordCount":459,"commentCount":0,"publisher":{"@id":"https:\/\/informelitoral.com.ar\/#organization"},"image":{"@id":"https:\/\/informelitoral.com.ar\/de-a-poco-desaparecera-el-frio-y-aparecera-el-sol\/#primaryimage"},"thumbnailUrl":"https:\/\/informelitoral.com.ar\/%77%70%2d%63%6f%6e%74%65%6e%74\/uploads\/2022\/07\/dia-soleado.jpg","keywords":["El tiempo","Pron\u00f3stico del tiempo"],"articleSection":["Nacionales"],"inLanguage":"es","potentialAction":[{"@type":"CommentAction","name":"Comment","target":["https:\/\/informelitoral.com.ar\/de-a-poco-desaparecera-el-frio-y-aparecera-el-sol\/#respond"]}]},{"@type":"WebPage","@id":"https:\/\/informelitoral.com.ar\/de-a-poco-desaparecera-el-frio-y-aparecera-el-sol\/","url":"https:\/\/informelitoral.com.ar\/de-a-poco-desaparecera-el-frio-y-aparecera-el-sol\/","name":"De a poco desaparecer\u00e1 el fr\u00edo y aparecer\u00e1 el sol - Informe Litoral","isPartOf":{"@id":"https:\/\/informelitoral.com.ar\/#website"},"primaryImageOfPage":{"@id":"https:\/\/informelitoral.com.ar\/de-a-poco-desaparecera-el-frio-y-aparecera-el-sol\/#primaryimage"},"image":{"@id":"https:\/\/informelitoral.com.ar\/de-a-poco-desaparecera-el-frio-y-aparecera-el-sol\/#primaryimage"},"thumbnailUrl":"https:\/\/informelitoral.com.ar\/%77%70%2d%63%6f%6e%74%65%6e%74\/uploads\/2022\/07\/dia-soleado.jpg","datePublished":"2025-10-29T09:41:41+00:00","breadcrumb":{"@id":"https:\/\/informelitoral.com.ar\/de-a-poco-desaparecera-el-frio-y-aparecera-el-sol\/#breadcrumb"},"inLanguage":"es","potentialAction":[{"@type":"ReadAction","target":["https:\/\/informelitoral.com.ar\/de-a-poco-desaparecera-el-frio-y-aparecera-el-sol\/"]}]},{"@type":"ImageObject","inLanguage":"es","@id":"https:\/\/informelitoral.com.ar\/de-a-poco-desaparecera-el-frio-y-aparecera-el-sol\/#primaryimage","url":"https:\/\/informelitoral.com.ar\/%77%70%2d%63%6f%6e%74%65%6e%74\/uploads\/2022\/07\/dia-soleado.jpg","contentUrl":"https:\/\/informelitoral.com.ar\/%77%70%2d%63%6f%6e%74%65%6e%74\/uploads\/2022\/07\/dia-soleado.jpg","width":800,"height":507},{"@type":"BreadcrumbList","@id":"https:\/\/informelitoral.com.ar\/de-a-poco-desaparecera-el-frio-y-aparecera-el-sol\/#breadcrumb","itemListElement":[{"@type":"ListItem","position":1,"name":"Portada","item":"https:\/\/informelitoral.com.ar\/"},{"@type":"ListItem","position":2,"name":"De a poco desaparecer\u00e1 el fr\u00edo y aparecer\u00e1 el sol"}]},{"@type":"WebSite","@id":"https:\/\/informelitoral.com.ar\/#website","url":"https:\/\/informelitoral.com.ar\/","name":"Informe Litoral","description":"&quot;Nos informamos&quot; ","publisher":{"@id":"https:\/\/informelitoral.com.ar\/#organization"},"potentialAction":[{"@type":"SearchAction","target":{"@type":"EntryPoint","urlTemplate":"https:\/\/informelitoral.com.ar\/?s={search_term_string}"},"query-input":{"@type":"PropertyValueSpecification","valueRequired":true,"valueName":"search_term_string"}}],"inLanguage":"es"},{"@type":"Organization","@id":"https:\/\/informelitoral.com.ar\/#organization","name":"Informe Litoral","url":"https:\/\/informelitoral.com.ar\/","logo":{"@type":"ImageObject","inLanguage":"es","@id":"https:\/\/informelitoral.com.ar\/#\/schema\/logo\/image\/","url":"https:\/\/informelitoral.com.ar\/%77%70%2d%63%6f%6e%74%65%6e%74\/uploads\/2021\/01\/circulo.png","contentUrl":"https:\/\/informelitoral.com.ar\/%77%70%2d%63%6f%6e%74%65%6e%74\/uploads\/2021\/01\/circulo.png","width":723,"height":731,"caption":"Informe Litoral"},"image":{"@id":"https:\/\/informelitoral.com.ar\/#\/schema\/logo\/image\/"},"sameAs":["https:\/\/www.facebook.com\/informelitoral\/","https:\/\/x.com\/InformeLitoral","https:\/\/www.instagram.com\/informelitoral\/","https:\/\/www.youtube.com\/channel\/UCua4Qvz8Icb6MYqhoq9xLXw"]},{"@type":"Person","@id":"https:\/\/informelitoral.com.ar\/#\/schema\/person\/b9d00407c836482871ef1d57bf8e3180","name":"Gonzalo Schmidt","image":{"@type":"ImageObject","inLanguage":"es","@id":"https:\/\/secure.gravatar.com\/avatar\/31a1a7b66ff2de83bd0e9fd79d026630d2d99e55e8bfe501287647b4fd9743de?s=96&d=mm&r=g","url":"https:\/\/secure.gravatar.com\/avatar\/31a1a7b66ff2de83bd0e9fd79d026630d2d99e55e8bfe501287647b4fd9743de?s=96&d=mm&r=g","contentUrl":"https:\/\/secure.gravatar.com\/avatar\/31a1a7b66ff2de83bd0e9fd79d026630d2d99e55e8bfe501287647b4fd9743de?s=96&d=mm&r=g","caption":"Gonzalo Schmidt"},"description":"Sitio web de noticias de la provincia de Entre R\u00edos, Argentina. Informaci\u00f3n y entretenimiento. Informe Litoral, nos informamos.","sameAs":["http:\/\/www.isletasnoticias.com.ar"],"url":"https:\/\/informelitoral.com.ar\/author\/gonzalo\/"}]}},"_links":{"self":[{"href":"https:\/\/informelitoral.com.ar\/%77%70%2d%6a%73%6f%6e\/wp\/v2\/posts\/238603","targetHints":{"allow":["GET"]}}],"collection":[{"href":"https:\/\/informelitoral.com.ar\/%77%70%2d%6a%73%6f%6e\/wp\/v2\/posts"}],"about":[{"href":"https:\/\/informelitoral.com.ar\/%77%70%2d%6a%73%6f%6e\/wp\/v2\/types\/post"}],"author":[{"embeddable":true,"href":"https:\/\/informelitoral.com.ar\/%77%70%2d%6a%73%6f%6e\/wp\/v2\/users\/2"}],"replies":[{"embeddable":true,"href":"https:\/\/informelitoral.com.ar\/%77%70%2d%6a%73%6f%6e\/wp\/v2\/comments?post=238603"}],"version-history":[{"count":1,"href":"https:\/\/informelitoral.com.ar\/%77%70%2d%6a%73%6f%6e\/wp\/v2\/posts\/238603\/revisions"}],"predecessor-version":[{"id":238604,"href":"https:\/\/informelitoral.com.ar\/%77%70%2d%6a%73%6f%6e\/wp\/v2\/posts\/238603\/revisions\/238604"}],"wp:featuredmedia":[{"embeddable":true,"href":"https:\/\/informelitoral.com.ar\/%77%70%2d%6a%73%6f%6e\/wp\/v2\/media\/82543"}],"wp:attachment":[{"href":"https:\/\/informelitoral.com.ar\/%77%70%2d%6a%73%6f%6e\/wp\/v2\/media?parent=238603"}],"wp:term":[{"taxonomy":"category","embeddable":true,"href":"https:\/\/informelitoral.com.ar\/%77%70%2d%6a%73%6f%6e\/wp\/v2\/categories?post=238603"},{"taxonomy":"post_tag","embeddable":true,"href":"https:\/\/informelitoral.com.ar\/%77%70%2d%6a%73%6f%6e\/wp\/v2\/tags?post=238603"}],"curies":[{"name":"wp","href":"https:\/\/api.w.org\/{rel}","templated":true}]}}