{"id":2386,"date":"2013-07-07T22:56:50","date_gmt":"2013-07-08T01:56:50","guid":{"rendered":"http:\/\/www.isletasnoticias.com.ar\/?p=2386"},"modified":"2013-07-07T22:56:50","modified_gmt":"2013-07-08T01:56:50","slug":"el-dia-de-la-reforma-protestante-es-ley","status":"publish","type":"post","link":"https:\/\/informelitoral.com.ar\/el-dia-de-la-reforma-protestante-es-ley\/","title":{"rendered":"El D\u00eda de la Reforma Protestante es Ley"},"content":{"rendered":"<p><strong>\u00a0Se declar\u00f3 el 31 de octubre como el d\u00eda de la Reforma Protestante, que ser\u00e1 d\u00eda no laborable para los agentes de los tres poderes del Estado y alumnos de escuelas p\u00fablicas que profesan los cultos protestante y evang\u00e9lico. \u00a0La Reforma es un movimiento religioso\u00a0cristiano, iniciado en\u00a0Alemania\u00a0en el\u00a0siglo XVI, que llev\u00f3 a un\u00a0cisma\u00a0de la\u00a0Iglesia Cat\u00f3lica\u00a0para dar origen a varias iglesias y organizaciones agrupadas bajo la denominaci\u00f3n de\u00a0protestantismo.\u00a0<\/strong><\/p>\n<p><img loading=\"lazy\" decoding=\"async\" class=\"size-full wp-image-2387 alignright\" alt=\"conmemoracion_reforma\" src=\"http:\/\/www.isletasnoticias.com.ar\/%77%70%2d%63%6f%6e%74%65%6e%74\/uploads\/2013\/07\/conmemoracion_reforma.jpg\" width=\"300\" height=\"203\" \/><\/p>\n<p>El Poder Ejecutivo promulg\u00f3 la Ley 10224 por la que declar\u00f3 el 31 de octubre de cada a\u00f1o como d\u00eda de la Reforma Protestante, por lo que ser\u00e1 d\u00eda no laborable para todos los agentes \u00a0pertenecientes a los tres poderes del Estado provincial y sus entes descentralizados que profesan los cultos protestante y evang\u00e9lico. Adem\u00e1s, los alumnos de esas religiones de niveles primario y medio pertenecientes a establecimientos educativos p\u00fablicos tambi\u00e9n \u201cpodr\u00e1n no concurrir a clases\u201d.<\/p>\n<p>Cabe recordar que la Reforma tuvo su origen en las cr\u00edticas y propuestas con las que diversos religiosos, pensadores y pol\u00edticos europeos buscaron provocar un cambio profundo y generalizado en los usos y costumbres de la Iglesia cat\u00f3lica, especialmente con respecto a las pretensiones papales de dominio sobre toda la cristiandad. El movimiento recibir\u00e1 posteriormente el nombre de Reforma Protestante, por su intenci\u00f3n inicial de reformar el catolicismo con el fin de revitalizar el cristianismo primitivo, y la importancia que tuvo la Protesta de Espira, presentada por los pr\u00edncipes cristianos alemanes en 1529 contra un edicto del Emperador Carlos V tendiente a anular la tolerancia religiosa que hab\u00eda sido legalmente concedida los principados alemanes.<\/p>\n<p>Este movimiento hund\u00eda sus ra\u00edces en elementos de la tradici\u00f3n cat\u00f3lica medieval, como el movimiento de la Devoci\u00f3n moderna en Alemania y los Pa\u00edses Bajos, que era una piedad laica antieclesi\u00e1stica y centrada en Cristo. Adem\u00e1s, la segunda generaci\u00f3n del humanismo la sigui\u00f3 en gran medida. Comenz\u00f3 con la predicaci\u00f3n del sacerdote cat\u00f3lico agustino Mart\u00edn Lutero, que revis\u00f3 las doctrinas medievales seg\u00fan el criterio de su conformidad a las Sagradas Escrituras. En particular, rechaz\u00f3 el complejo sistema sacramental de la Iglesia cat\u00f3lica medieval, que permit\u00eda y justificaba pr\u00e1cticas como la \u201cventa de indulgencias\u201d, seg\u00fan Lutero, un verdadero secuestro del Evangelio, el cual deb\u00eda ser predicado libremente, y no vendido.<\/p>\n<p>La Reforma protestante dependi\u00f3 del apoyo pol\u00edtico de algunos pr\u00edncipes y monarcas para poder formar iglesias cristianas de \u00e1mbito estatal (posteriormente iglesias nacionales). Los grandes exponentes de la Reforma Protestante fueron Mart\u00edn Lutero y Juan Calvino.<\/p>\n<p>Fuente: AIM.<\/p>\n","protected":false},"excerpt":{"rendered":"<p>&nbsp;Se declar&oacute; el 31 de octubre como el d&iacute;a de la Reforma Protestante, que ser&aacute; d&iacute;a no laborable para los agentes de los tres poderes del Estado y alumnos de escuelas p&uacute;blicas que profesan los cultos protestante y evang&eacute;lico. &nbsp;La Reforma es un movimiento religioso&nbsp;cristiano, iniciado en&nbsp;Alemania&nbsp;en el&nbsp;siglo XVI, que llev&oacute; a un&nbsp;cisma&nbsp;de la&nbsp;Iglesia Cat&oacute;lica&nbsp;para [&hellip;]<\/p>\n","protected":false},"author":2,"featured_media":0,"comment_status":"open","ping_status":"open","sticky":false,"template":"","format":"standard","meta":{"fifu_image_url":"","fifu_image_alt":"","footnotes":""},"categories":[6],"tags":[],"class_list":{"0":"post-2386","1":"post","2":"type-post","3":"status-publish","4":"format-standard","6":"category-entre-rios"},"yoast_head":"<title>El D\u00eda de la Reforma Protestante es Ley - Informe Litoral<\/title>\n<meta name=\"robots\" content=\"index, follow, max-snippet:-1, max-image-preview:large, max-video-preview:-1\" \/>\n<link rel=\"canonical\" href=\"https:\/\/informelitoral.com.ar\/el-dia-de-la-reforma-protestante-es-ley\/\" \/>\n<meta property=\"og:locale\" content=\"es_ES\" \/>\n<meta property=\"og:type\" content=\"article\" \/>\n<meta property=\"og:title\" content=\"El D\u00eda de la Reforma Protestante es Ley - Informe Litoral\" \/>\n<meta property=\"og:description\" content=\"&nbsp;Se declar&oacute; el 31 de octubre como el d&iacute;a de la Reforma Protestante, que ser&aacute; d&iacute;a no laborable para los agentes de los tres poderes del Estado y alumnos de escuelas p&uacute;blicas que profesan los cultos protestante y evang&eacute;lico. &nbsp;La Reforma es un movimiento religioso&nbsp;cristiano, iniciado en&nbsp;Alemania&nbsp;en el&nbsp;siglo XVI, que llev&oacute; a un&nbsp;cisma&nbsp;de la&nbsp;Iglesia Cat&oacute;lica&nbsp;para [&hellip;]\" \/>\n<meta property=\"og:url\" content=\"https:\/\/informelitoral.com.ar\/el-dia-de-la-reforma-protestante-es-ley\/\" \/>\n<meta property=\"og:site_name\" content=\"Informe Litoral\" \/>\n<meta property=\"article:publisher\" content=\"https:\/\/www.facebook.com\/informelitoral\/\" \/>\n<meta property=\"article:published_time\" content=\"2013-07-08T01:56:50+00:00\" \/>\n<meta property=\"og:image\" content=\"https:\/\/informelitoral.com.ar\/%77%70%2d%63%6f%6e%74%65%6e%74\/uploads\/2013\/07\/conmemoracion_reforma.jpg\" \/>\n\t<meta property=\"og:image:width\" content=\"300\" \/>\n\t<meta property=\"og:image:height\" content=\"203\" \/>\n\t<meta property=\"og:image:type\" content=\"image\/jpeg\" \/>\n<meta name=\"author\" content=\"Gonzalo Schmidt\" \/>\n<meta name=\"twitter:card\" content=\"summary_large_image\" \/>\n<meta name=\"twitter:creator\" content=\"@InformeLitoral\" \/>\n<meta name=\"twitter:site\" content=\"@InformeLitoral\" \/>\n<meta name=\"twitter:label1\" content=\"Escrito por\" \/>\n\t<meta name=\"twitter:data1\" content=\"Gonzalo Schmidt\" \/>\n\t<meta name=\"twitter:label2\" content=\"Tiempo de lectura\" \/>\n\t<meta name=\"twitter:data2\" content=\"2 minutos\" \/>\n<script type=\"application\/ld+json\" class=\"yoast-schema-graph\">{\"@context\":\"https:\\\/\\\/schema.org\",\"@graph\":[{\"@type\":\"Article\",\"@id\":\"https:\\\/\\\/informelitoral.com.ar\\\/el-dia-de-la-reforma-protestante-es-ley\\\/#article\",\"isPartOf\":{\"@id\":\"https:\\\/\\\/informelitoral.com.ar\\\/el-dia-de-la-reforma-protestante-es-ley\\\/\"},\"author\":{\"name\":\"Gonzalo Schmidt\",\"@id\":\"https:\\\/\\\/informelitoral.com.ar\\\/#\\\/schema\\\/person\\\/b9d00407c836482871ef1d57bf8e3180\"},\"headline\":\"El D\u00eda de la Reforma Protestante es Ley\",\"datePublished\":\"2013-07-08T01:56:50+00:00\",\"mainEntityOfPage\":{\"@id\":\"https:\\\/\\\/informelitoral.com.ar\\\/el-dia-de-la-reforma-protestante-es-ley\\\/\"},\"wordCount\":459,\"commentCount\":0,\"publisher\":{\"@id\":\"https:\\\/\\\/informelitoral.com.ar\\\/#organization\"},\"image\":{\"@id\":\"https:\\\/\\\/informelitoral.com.ar\\\/el-dia-de-la-reforma-protestante-es-ley\\\/#primaryimage\"},\"thumbnailUrl\":\"http:\\\/\\\/www.isletasnoticias.com.ar\\\/%77%70%2d%63%6f%6e%74%65%6e%74\\\/uploads\\\/2013\\\/07\\\/conmemoracion_reforma.jpg\",\"articleSection\":[\"Entre R\u00edos\"],\"inLanguage\":\"es\",\"potentialAction\":[{\"@type\":\"CommentAction\",\"name\":\"Comment\",\"target\":[\"https:\\\/\\\/informelitoral.com.ar\\\/el-dia-de-la-reforma-protestante-es-ley\\\/#respond\"]}]},{\"@type\":\"WebPage\",\"@id\":\"https:\\\/\\\/informelitoral.com.ar\\\/el-dia-de-la-reforma-protestante-es-ley\\\/\",\"url\":\"https:\\\/\\\/informelitoral.com.ar\\\/el-dia-de-la-reforma-protestante-es-ley\\\/\",\"name\":\"El D\u00eda de la Reforma Protestante es Ley - Informe Litoral\",\"isPartOf\":{\"@id\":\"https:\\\/\\\/informelitoral.com.ar\\\/#website\"},\"primaryImageOfPage\":{\"@id\":\"https:\\\/\\\/informelitoral.com.ar\\\/el-dia-de-la-reforma-protestante-es-ley\\\/#primaryimage\"},\"image\":{\"@id\":\"https:\\\/\\\/informelitoral.com.ar\\\/el-dia-de-la-reforma-protestante-es-ley\\\/#primaryimage\"},\"thumbnailUrl\":\"http:\\\/\\\/www.isletasnoticias.com.ar\\\/%77%70%2d%63%6f%6e%74%65%6e%74\\\/uploads\\\/2013\\\/07\\\/conmemoracion_reforma.jpg\",\"datePublished\":\"2013-07-08T01:56:50+00:00\",\"breadcrumb\":{\"@id\":\"https:\\\/\\\/informelitoral.com.ar\\\/el-dia-de-la-reforma-protestante-es-ley\\\/#breadcrumb\"},\"inLanguage\":\"es\",\"potentialAction\":[{\"@type\":\"ReadAction\",\"target\":[\"https:\\\/\\\/informelitoral.com.ar\\\/el-dia-de-la-reforma-protestante-es-ley\\\/\"]}]},{\"@type\":\"ImageObject\",\"inLanguage\":\"es\",\"@id\":\"https:\\\/\\\/informelitoral.com.ar\\\/el-dia-de-la-reforma-protestante-es-ley\\\/#primaryimage\",\"url\":\"http:\\\/\\\/www.isletasnoticias.com.ar\\\/%77%70%2d%63%6f%6e%74%65%6e%74\\\/uploads\\\/2013\\\/07\\\/conmemoracion_reforma.jpg\",\"contentUrl\":\"http:\\\/\\\/www.isletasnoticias.com.ar\\\/%77%70%2d%63%6f%6e%74%65%6e%74\\\/uploads\\\/2013\\\/07\\\/conmemoracion_reforma.jpg\"},{\"@type\":\"BreadcrumbList\",\"@id\":\"https:\\\/\\\/informelitoral.com.ar\\\/el-dia-de-la-reforma-protestante-es-ley\\\/#breadcrumb\",\"itemListElement\":[{\"@type\":\"ListItem\",\"position\":1,\"name\":\"Portada\",\"item\":\"https:\\\/\\\/informelitoral.com.ar\\\/\"},{\"@type\":\"ListItem\",\"position\":2,\"name\":\"El D\u00eda de la Reforma Protestante es Ley\"}]},{\"@type\":\"WebSite\",\"@id\":\"https:\\\/\\\/informelitoral.com.ar\\\/#website\",\"url\":\"https:\\\/\\\/informelitoral.com.ar\\\/\",\"name\":\"Informe Litoral\",\"description\":\"&quot;Nos informamos&quot; \",\"publisher\":{\"@id\":\"https:\\\/\\\/informelitoral.com.ar\\\/#organization\"},\"potentialAction\":[{\"@type\":\"SearchAction\",\"target\":{\"@type\":\"EntryPoint\",\"urlTemplate\":\"https:\\\/\\\/informelitoral.com.ar\\\/?s={search_term_string}\"},\"query-input\":{\"@type\":\"PropertyValueSpecification\",\"valueRequired\":true,\"valueName\":\"search_term_string\"}}],\"inLanguage\":\"es\"},{\"@type\":\"Organization\",\"@id\":\"https:\\\/\\\/informelitoral.com.ar\\\/#organization\",\"name\":\"Informe Litoral\",\"url\":\"https:\\\/\\\/informelitoral.com.ar\\\/\",\"logo\":{\"@type\":\"ImageObject\",\"inLanguage\":\"es\",\"@id\":\"https:\\\/\\\/informelitoral.com.ar\\\/#\\\/schema\\\/logo\\\/image\\\/\",\"url\":\"https:\\\/\\\/informelitoral.com.ar\\\/%77%70%2d%63%6f%6e%74%65%6e%74\\\/uploads\\\/2021\\\/01\\\/circulo.png\",\"contentUrl\":\"https:\\\/\\\/informelitoral.com.ar\\\/%77%70%2d%63%6f%6e%74%65%6e%74\\\/uploads\\\/2021\\\/01\\\/circulo.png\",\"width\":723,\"height\":731,\"caption\":\"Informe Litoral\"},\"image\":{\"@id\":\"https:\\\/\\\/informelitoral.com.ar\\\/#\\\/schema\\\/logo\\\/image\\\/\"},\"sameAs\":[\"https:\\\/\\\/www.facebook.com\\\/informelitoral\\\/\",\"https:\\\/\\\/x.com\\\/InformeLitoral\",\"https:\\\/\\\/www.instagram.com\\\/informelitoral\\\/\",\"https:\\\/\\\/www.youtube.com\\\/channel\\\/UCua4Qvz8Icb6MYqhoq9xLXw\"]},{\"@type\":\"Person\",\"@id\":\"https:\\\/\\\/informelitoral.com.ar\\\/#\\\/schema\\\/person\\\/b9d00407c836482871ef1d57bf8e3180\",\"name\":\"Gonzalo Schmidt\",\"image\":{\"@type\":\"ImageObject\",\"inLanguage\":\"es\",\"@id\":\"https:\\\/\\\/secure.gravatar.com\\\/avatar\\\/31a1a7b66ff2de83bd0e9fd79d026630d2d99e55e8bfe501287647b4fd9743de?s=96&d=mm&r=g\",\"url\":\"https:\\\/\\\/secure.gravatar.com\\\/avatar\\\/31a1a7b66ff2de83bd0e9fd79d026630d2d99e55e8bfe501287647b4fd9743de?s=96&d=mm&r=g\",\"contentUrl\":\"https:\\\/\\\/secure.gravatar.com\\\/avatar\\\/31a1a7b66ff2de83bd0e9fd79d026630d2d99e55e8bfe501287647b4fd9743de?s=96&d=mm&r=g\",\"caption\":\"Gonzalo Schmidt\"},\"description\":\"Sitio web de noticias de la provincia de Entre R\u00edos, Argentina. Informaci\u00f3n y entretenimiento. Informe Litoral, nos informamos.\",\"sameAs\":[\"http:\\\/\\\/www.isletasnoticias.com.ar\"],\"url\":\"https:\\\/\\\/informelitoral.com.ar\\\/author\\\/gonzalo\\\/\"}]}<\/script>","yoast_head_json":{"title":"El D\u00eda de la Reforma Protestante es Ley - Informe Litoral","robots":{"index":"index","follow":"follow","max-snippet":"max-snippet:-1","max-image-preview":"max-image-preview:large","max-video-preview":"max-video-preview:-1"},"canonical":"https:\/\/informelitoral.com.ar\/el-dia-de-la-reforma-protestante-es-ley\/","og_locale":"es_ES","og_type":"article","og_title":"El D\u00eda de la Reforma Protestante es Ley - Informe Litoral","og_description":"&nbsp;Se declar&oacute; el 31 de octubre como el d&iacute;a de la Reforma Protestante, que ser&aacute; d&iacute;a no laborable para los agentes de los tres poderes del Estado y alumnos de escuelas p&uacute;blicas que profesan los cultos protestante y evang&eacute;lico. &nbsp;La Reforma es un movimiento religioso&nbsp;cristiano, iniciado en&nbsp;Alemania&nbsp;en el&nbsp;siglo XVI, que llev&oacute; a un&nbsp;cisma&nbsp;de la&nbsp;Iglesia Cat&oacute;lica&nbsp;para [&hellip;]","og_url":"https:\/\/informelitoral.com.ar\/el-dia-de-la-reforma-protestante-es-ley\/","og_site_name":"Informe Litoral","article_publisher":"https:\/\/www.facebook.com\/informelitoral\/","article_published_time":"2013-07-08T01:56:50+00:00","og_image":[{"width":300,"height":203,"url":"https:\/\/informelitoral.com.ar\/%77%70%2d%63%6f%6e%74%65%6e%74\/uploads\/2013\/07\/conmemoracion_reforma.jpg","type":"image\/jpeg"}],"author":"Gonzalo Schmidt","twitter_card":"summary_large_image","twitter_creator":"@InformeLitoral","twitter_site":"@InformeLitoral","twitter_misc":{"Escrito por":"Gonzalo Schmidt","Tiempo de lectura":"2 minutos"},"schema":{"@context":"https:\/\/schema.org","@graph":[{"@type":"Article","@id":"https:\/\/informelitoral.com.ar\/el-dia-de-la-reforma-protestante-es-ley\/#article","isPartOf":{"@id":"https:\/\/informelitoral.com.ar\/el-dia-de-la-reforma-protestante-es-ley\/"},"author":{"name":"Gonzalo Schmidt","@id":"https:\/\/informelitoral.com.ar\/#\/schema\/person\/b9d00407c836482871ef1d57bf8e3180"},"headline":"El D\u00eda de la Reforma Protestante es Ley","datePublished":"2013-07-08T01:56:50+00:00","mainEntityOfPage":{"@id":"https:\/\/informelitoral.com.ar\/el-dia-de-la-reforma-protestante-es-ley\/"},"wordCount":459,"commentCount":0,"publisher":{"@id":"https:\/\/informelitoral.com.ar\/#organization"},"image":{"@id":"https:\/\/informelitoral.com.ar\/el-dia-de-la-reforma-protestante-es-ley\/#primaryimage"},"thumbnailUrl":"http:\/\/www.isletasnoticias.com.ar\/%77%70%2d%63%6f%6e%74%65%6e%74\/uploads\/2013\/07\/conmemoracion_reforma.jpg","articleSection":["Entre R\u00edos"],"inLanguage":"es","potentialAction":[{"@type":"CommentAction","name":"Comment","target":["https:\/\/informelitoral.com.ar\/el-dia-de-la-reforma-protestante-es-ley\/#respond"]}]},{"@type":"WebPage","@id":"https:\/\/informelitoral.com.ar\/el-dia-de-la-reforma-protestante-es-ley\/","url":"https:\/\/informelitoral.com.ar\/el-dia-de-la-reforma-protestante-es-ley\/","name":"El D\u00eda de la Reforma Protestante es Ley - Informe Litoral","isPartOf":{"@id":"https:\/\/informelitoral.com.ar\/#website"},"primaryImageOfPage":{"@id":"https:\/\/informelitoral.com.ar\/el-dia-de-la-reforma-protestante-es-ley\/#primaryimage"},"image":{"@id":"https:\/\/informelitoral.com.ar\/el-dia-de-la-reforma-protestante-es-ley\/#primaryimage"},"thumbnailUrl":"http:\/\/www.isletasnoticias.com.ar\/%77%70%2d%63%6f%6e%74%65%6e%74\/uploads\/2013\/07\/conmemoracion_reforma.jpg","datePublished":"2013-07-08T01:56:50+00:00","breadcrumb":{"@id":"https:\/\/informelitoral.com.ar\/el-dia-de-la-reforma-protestante-es-ley\/#breadcrumb"},"inLanguage":"es","potentialAction":[{"@type":"ReadAction","target":["https:\/\/informelitoral.com.ar\/el-dia-de-la-reforma-protestante-es-ley\/"]}]},{"@type":"ImageObject","inLanguage":"es","@id":"https:\/\/informelitoral.com.ar\/el-dia-de-la-reforma-protestante-es-ley\/#primaryimage","url":"http:\/\/www.isletasnoticias.com.ar\/%77%70%2d%63%6f%6e%74%65%6e%74\/uploads\/2013\/07\/conmemoracion_reforma.jpg","contentUrl":"http:\/\/www.isletasnoticias.com.ar\/%77%70%2d%63%6f%6e%74%65%6e%74\/uploads\/2013\/07\/conmemoracion_reforma.jpg"},{"@type":"BreadcrumbList","@id":"https:\/\/informelitoral.com.ar\/el-dia-de-la-reforma-protestante-es-ley\/#breadcrumb","itemListElement":[{"@type":"ListItem","position":1,"name":"Portada","item":"https:\/\/informelitoral.com.ar\/"},{"@type":"ListItem","position":2,"name":"El D\u00eda de la Reforma Protestante es Ley"}]},{"@type":"WebSite","@id":"https:\/\/informelitoral.com.ar\/#website","url":"https:\/\/informelitoral.com.ar\/","name":"Informe Litoral","description":"&quot;Nos informamos&quot; ","publisher":{"@id":"https:\/\/informelitoral.com.ar\/#organization"},"potentialAction":[{"@type":"SearchAction","target":{"@type":"EntryPoint","urlTemplate":"https:\/\/informelitoral.com.ar\/?s={search_term_string}"},"query-input":{"@type":"PropertyValueSpecification","valueRequired":true,"valueName":"search_term_string"}}],"inLanguage":"es"},{"@type":"Organization","@id":"https:\/\/informelitoral.com.ar\/#organization","name":"Informe Litoral","url":"https:\/\/informelitoral.com.ar\/","logo":{"@type":"ImageObject","inLanguage":"es","@id":"https:\/\/informelitoral.com.ar\/#\/schema\/logo\/image\/","url":"https:\/\/informelitoral.com.ar\/%77%70%2d%63%6f%6e%74%65%6e%74\/uploads\/2021\/01\/circulo.png","contentUrl":"https:\/\/informelitoral.com.ar\/%77%70%2d%63%6f%6e%74%65%6e%74\/uploads\/2021\/01\/circulo.png","width":723,"height":731,"caption":"Informe Litoral"},"image":{"@id":"https:\/\/informelitoral.com.ar\/#\/schema\/logo\/image\/"},"sameAs":["https:\/\/www.facebook.com\/informelitoral\/","https:\/\/x.com\/InformeLitoral","https:\/\/www.instagram.com\/informelitoral\/","https:\/\/www.youtube.com\/channel\/UCua4Qvz8Icb6MYqhoq9xLXw"]},{"@type":"Person","@id":"https:\/\/informelitoral.com.ar\/#\/schema\/person\/b9d00407c836482871ef1d57bf8e3180","name":"Gonzalo Schmidt","image":{"@type":"ImageObject","inLanguage":"es","@id":"https:\/\/secure.gravatar.com\/avatar\/31a1a7b66ff2de83bd0e9fd79d026630d2d99e55e8bfe501287647b4fd9743de?s=96&d=mm&r=g","url":"https:\/\/secure.gravatar.com\/avatar\/31a1a7b66ff2de83bd0e9fd79d026630d2d99e55e8bfe501287647b4fd9743de?s=96&d=mm&r=g","contentUrl":"https:\/\/secure.gravatar.com\/avatar\/31a1a7b66ff2de83bd0e9fd79d026630d2d99e55e8bfe501287647b4fd9743de?s=96&d=mm&r=g","caption":"Gonzalo Schmidt"},"description":"Sitio web de noticias de la provincia de Entre R\u00edos, Argentina. Informaci\u00f3n y entretenimiento. Informe Litoral, nos informamos.","sameAs":["http:\/\/www.isletasnoticias.com.ar"],"url":"https:\/\/informelitoral.com.ar\/author\/gonzalo\/"}]}},"_links":{"self":[{"href":"https:\/\/informelitoral.com.ar\/%77%70%2d%6a%73%6f%6e\/wp\/v2\/posts\/2386","targetHints":{"allow":["GET"]}}],"collection":[{"href":"https:\/\/informelitoral.com.ar\/%77%70%2d%6a%73%6f%6e\/wp\/v2\/posts"}],"about":[{"href":"https:\/\/informelitoral.com.ar\/%77%70%2d%6a%73%6f%6e\/wp\/v2\/types\/post"}],"author":[{"embeddable":true,"href":"https:\/\/informelitoral.com.ar\/%77%70%2d%6a%73%6f%6e\/wp\/v2\/users\/2"}],"replies":[{"embeddable":true,"href":"https:\/\/informelitoral.com.ar\/%77%70%2d%6a%73%6f%6e\/wp\/v2\/comments?post=2386"}],"version-history":[{"count":0,"href":"https:\/\/informelitoral.com.ar\/%77%70%2d%6a%73%6f%6e\/wp\/v2\/posts\/2386\/revisions"}],"wp:attachment":[{"href":"https:\/\/informelitoral.com.ar\/%77%70%2d%6a%73%6f%6e\/wp\/v2\/media?parent=2386"}],"wp:term":[{"taxonomy":"category","embeddable":true,"href":"https:\/\/informelitoral.com.ar\/%77%70%2d%6a%73%6f%6e\/wp\/v2\/categories?post=2386"},{"taxonomy":"post_tag","embeddable":true,"href":"https:\/\/informelitoral.com.ar\/%77%70%2d%6a%73%6f%6e\/wp\/v2\/tags?post=2386"}],"curies":[{"name":"wp","href":"https:\/\/api.w.org\/{rel}","templated":true}]}}