{"id":238524,"date":"2025-10-28T10:28:38","date_gmt":"2025-10-28T13:28:38","guid":{"rendered":"https:\/\/informelitoral.com.ar\/?p=238524"},"modified":"2025-10-28T14:46:38","modified_gmt":"2025-10-28T17:46:38","slug":"diamante-cinco-anos-de-carcel-acordo-el-conductor-imputado-por-cuatro-muertes-en-ruta-11","status":"publish","type":"post","link":"https:\/\/informelitoral.com.ar\/diamante-cinco-anos-de-carcel-acordo-el-conductor-imputado-por-cuatro-muertes-en-ruta-11\/","title":{"rendered":"Diamante: cinco a\u00f1os de c\u00e1rcel acord\u00f3 el conductor imputado por cuatro muertes en ruta 11"},"content":{"rendered":"<p>Fabio Dami\u00e1n Ricle, el hombre imputado por la <b>tragedia vial<\/b> que en abril de 2024 cost\u00f3 la vida a cuatro personas en la Ruta Provincial 11, acord\u00f3 en audiencia de juicio abreviado una <b>pena de cinco a\u00f1os de prisi\u00f3n efectiva<\/b>, sumada a diez a\u00f1os de inhabilitaci\u00f3n para conducir.<\/p>\n<p>La presentaci\u00f3n, realizada este martes ante el juez Juan Malvasio, involucr\u00f3 a la fiscal Micaela Anabel Calgaro, los defensores del acusado y los querellantes, quienes representan a las v\u00edctimas Juan Ramos Luto, Alexis Ramos Luto, V\u00edctor Parrone y Pablo Reynoso. La decisi\u00f3n de homologar o no el acuerdo se conocer\u00e1 este mi\u00e9rcoles.<\/p>\n<p>La base del acuerdo es el choque frontal ocurrido el <b>7 de abril de 2024<\/b>, en el kil\u00f3metro 52 de la Ruta 11, donde la camioneta conducida por Ricle impact\u00f3 contra un Volkswagen Gol, dejando a cuatro personas fallecidas. Tras ser imputado por Homicidio Culposo, la justicia le dict\u00f3 a Ricle una <b>prohibici\u00f3n expl\u00edcita de conducir<\/b>.<\/p>\n<p>Sin embargo, el imputado viol\u00f3 esta medida de forma flagrante. El <b>1\u00ba de enero de 2025<\/b>, Ricle protagoniz\u00f3 un <b>segundo y grave accidente<\/b> en la misma ruta, al embestir a un Fiat Uno con su camioneta, causando el vuelco y heridas a cuatro personas. Este hecho demostr\u00f3 que el conductor no acat\u00f3 la orden judicial.<\/p>\n<p>La reincidencia del conductor en la misma ruta provoc\u00f3 una profunda indignaci\u00f3n entre los familiares de las v\u00edctimas de 2024.<\/p>\n<p>Adriana Parrone, viuda de una de las v\u00edctimas y madre de otra, utiliz\u00f3 las redes sociales para expresar su dolor y exigir justicia: <b>\u201cOtra ves sali\u00f3 a matar este asesino no tiene conciencia que mat\u00f3 cuatro personas y sali\u00f3 a manejar otra ves sin carnet [&#8230;] Voy hacer hasta lo imposible para que ese asesino pague\u201d<\/b>.<\/p>\n<p>Con la presentaci\u00f3n del acuerdo, las partes buscan cerrar el proceso penal, dejando en manos del juez la decisi\u00f3n final sobre la pena, que castiga el delito de 2024, pero que se conoce en un contexto marcado por el incumplimiento judicial de Ricle.(<em>Con informaci\u00f3n de Elonce<\/em>)<\/p>\n","protected":false},"excerpt":{"rendered":"<p>El acuerdo por Homicidio Culposo incluye diez a\u00f1os de inhabilitaci\u00f3n para conducir y se presenta d\u00edas despu\u00e9s de que el acusado protagonizara un nuevo siniestro, violando expresamente una prohibici\u00f3n judicial.<\/p>\n","protected":false},"author":8,"featured_media":238525,"comment_status":"open","ping_status":"open","sticky":false,"template":"","format":"standard","meta":{"fifu_image_url":"https:\/\/elonce-media.elonce.com\/fotos\/2025\/01\/03\/m_1735923799_52404.webp","fifu_image_alt":"","footnotes":""},"categories":[14],"tags":[801,34,2173,1192],"class_list":{"0":"post-238524","1":"post","2":"type-post","3":"status-publish","4":"format-standard","5":"has-post-thumbnail","7":"category-policiales","8":"tag-accidente","9":"tag-diamante","10":"tag-fallecidos","11":"tag-ruta-11"},"yoast_head":"<title>Diamante: cinco a\u00f1os de c\u00e1rcel acord\u00f3 el conductor imputado por cuatro muertes en ruta 11 - Informe Litoral<\/title>\n<meta name=\"robots\" content=\"index, follow, max-snippet:-1, max-image-preview:large, max-video-preview:-1\" \/>\n<link rel=\"canonical\" href=\"https:\/\/informelitoral.com.ar\/diamante-cinco-anos-de-carcel-acordo-el-conductor-imputado-por-cuatro-muertes-en-ruta-11\/\" \/>\n<meta property=\"og:locale\" content=\"es_ES\" \/>\n<meta property=\"og:type\" content=\"article\" \/>\n<meta property=\"og:title\" content=\"Diamante: cinco a\u00f1os de c\u00e1rcel acord\u00f3 el conductor imputado por cuatro muertes en ruta 11 - Informe Litoral\" \/>\n<meta property=\"og:description\" content=\"El acuerdo por Homicidio Culposo incluye diez a\u00f1os de inhabilitaci\u00f3n para conducir y se presenta d\u00edas despu\u00e9s de que el acusado protagonizara un nuevo siniestro, violando expresamente una prohibici\u00f3n judicial.\" \/>\n<meta property=\"og:url\" content=\"https:\/\/informelitoral.com.ar\/diamante-cinco-anos-de-carcel-acordo-el-conductor-imputado-por-cuatro-muertes-en-ruta-11\/\" \/>\n<meta property=\"og:site_name\" content=\"Informe Litoral\" \/>\n<meta property=\"article:publisher\" content=\"https:\/\/www.facebook.com\/informelitoral\/\" \/>\n<meta property=\"article:published_time\" content=\"2025-10-28T13:28:38+00:00\" \/>\n<meta property=\"article:modified_time\" content=\"2025-10-28T17:46:38+00:00\" \/>\n<meta property=\"og:image\" content=\"https:\/\/elonce-media.elonce.com\/fotos\/2025\/01\/03\/m_1735923799_52404.webp\" \/>\n<meta name=\"author\" content=\"Sebastian\" \/>\n<meta name=\"twitter:card\" content=\"summary_large_image\" \/>\n<meta name=\"twitter:image\" content=\"https:\/\/elonce-media.elonce.com\/fotos\/2025\/01\/03\/m_1735923799_52404.webp\" \/>\n<meta name=\"twitter:creator\" content=\"@InformeLitoral\" \/>\n<meta name=\"twitter:site\" content=\"@InformeLitoral\" \/>\n<meta name=\"twitter:label1\" content=\"Escrito por\" \/>\n\t<meta name=\"twitter:data1\" content=\"Sebastian\" \/>\n\t<meta name=\"twitter:label2\" content=\"Tiempo de lectura\" \/>\n\t<meta name=\"twitter:data2\" content=\"2 minutos\" \/>\n<script type=\"application\/ld+json\" class=\"yoast-schema-graph\">{\"@context\":\"https:\\\/\\\/schema.org\",\"@graph\":[{\"@type\":\"Article\",\"@id\":\"https:\\\/\\\/informelitoral.com.ar\\\/diamante-cinco-anos-de-carcel-acordo-el-conductor-imputado-por-cuatro-muertes-en-ruta-11\\\/#article\",\"isPartOf\":{\"@id\":\"https:\\\/\\\/informelitoral.com.ar\\\/diamante-cinco-anos-de-carcel-acordo-el-conductor-imputado-por-cuatro-muertes-en-ruta-11\\\/\"},\"author\":{\"name\":\"Sebastian\",\"@id\":\"https:\\\/\\\/informelitoral.com.ar\\\/#\\\/schema\\\/person\\\/f05f9f461677119578717524b127d6d5\"},\"headline\":\"Diamante: cinco a\u00f1os de c\u00e1rcel acord\u00f3 el conductor imputado por cuatro muertes en ruta 11\",\"datePublished\":\"2025-10-28T13:28:38+00:00\",\"dateModified\":\"2025-10-28T17:46:38+00:00\",\"mainEntityOfPage\":{\"@id\":\"https:\\\/\\\/informelitoral.com.ar\\\/diamante-cinco-anos-de-carcel-acordo-el-conductor-imputado-por-cuatro-muertes-en-ruta-11\\\/\"},\"wordCount\":358,\"commentCount\":0,\"publisher\":{\"@id\":\"https:\\\/\\\/informelitoral.com.ar\\\/#organization\"},\"image\":{\"@id\":\"https:\\\/\\\/informelitoral.com.ar\\\/diamante-cinco-anos-de-carcel-acordo-el-conductor-imputado-por-cuatro-muertes-en-ruta-11\\\/#primaryimage\"},\"thumbnailUrl\":\"https:\\\/\\\/elonce-media.elonce.com\\\/fotos\\\/2025\\\/01\\\/03\\\/m_1735923799_52404.webp\",\"keywords\":[\"Accidente\",\"Diamante\",\"Fallecidos\",\"Ruta 11\"],\"articleSection\":[\"Policiales\"],\"inLanguage\":\"es\",\"potentialAction\":[{\"@type\":\"CommentAction\",\"name\":\"Comment\",\"target\":[\"https:\\\/\\\/informelitoral.com.ar\\\/diamante-cinco-anos-de-carcel-acordo-el-conductor-imputado-por-cuatro-muertes-en-ruta-11\\\/#respond\"]}]},{\"@type\":\"WebPage\",\"@id\":\"https:\\\/\\\/informelitoral.com.ar\\\/diamante-cinco-anos-de-carcel-acordo-el-conductor-imputado-por-cuatro-muertes-en-ruta-11\\\/\",\"url\":\"https:\\\/\\\/informelitoral.com.ar\\\/diamante-cinco-anos-de-carcel-acordo-el-conductor-imputado-por-cuatro-muertes-en-ruta-11\\\/\",\"name\":\"Diamante: cinco a\u00f1os de c\u00e1rcel acord\u00f3 el conductor imputado por cuatro muertes en ruta 11 - Informe Litoral\",\"isPartOf\":{\"@id\":\"https:\\\/\\\/informelitoral.com.ar\\\/#website\"},\"primaryImageOfPage\":{\"@id\":\"https:\\\/\\\/informelitoral.com.ar\\\/diamante-cinco-anos-de-carcel-acordo-el-conductor-imputado-por-cuatro-muertes-en-ruta-11\\\/#primaryimage\"},\"image\":{\"@id\":\"https:\\\/\\\/informelitoral.com.ar\\\/diamante-cinco-anos-de-carcel-acordo-el-conductor-imputado-por-cuatro-muertes-en-ruta-11\\\/#primaryimage\"},\"thumbnailUrl\":\"https:\\\/\\\/elonce-media.elonce.com\\\/fotos\\\/2025\\\/01\\\/03\\\/m_1735923799_52404.webp\",\"datePublished\":\"2025-10-28T13:28:38+00:00\",\"dateModified\":\"2025-10-28T17:46:38+00:00\",\"breadcrumb\":{\"@id\":\"https:\\\/\\\/informelitoral.com.ar\\\/diamante-cinco-anos-de-carcel-acordo-el-conductor-imputado-por-cuatro-muertes-en-ruta-11\\\/#breadcrumb\"},\"inLanguage\":\"es\",\"potentialAction\":[{\"@type\":\"ReadAction\",\"target\":[\"https:\\\/\\\/informelitoral.com.ar\\\/diamante-cinco-anos-de-carcel-acordo-el-conductor-imputado-por-cuatro-muertes-en-ruta-11\\\/\"]}]},{\"@type\":\"ImageObject\",\"inLanguage\":\"es\",\"@id\":\"https:\\\/\\\/informelitoral.com.ar\\\/diamante-cinco-anos-de-carcel-acordo-el-conductor-imputado-por-cuatro-muertes-en-ruta-11\\\/#primaryimage\",\"url\":\"https:\\\/\\\/elonce-media.elonce.com\\\/fotos\\\/2025\\\/01\\\/03\\\/m_1735923799_52404.webp\",\"contentUrl\":\"https:\\\/\\\/elonce-media.elonce.com\\\/fotos\\\/2025\\\/01\\\/03\\\/m_1735923799_52404.webp\",\"width\":\"765\",\"height\":\"510\"},{\"@type\":\"BreadcrumbList\",\"@id\":\"https:\\\/\\\/informelitoral.com.ar\\\/diamante-cinco-anos-de-carcel-acordo-el-conductor-imputado-por-cuatro-muertes-en-ruta-11\\\/#breadcrumb\",\"itemListElement\":[{\"@type\":\"ListItem\",\"position\":1,\"name\":\"Portada\",\"item\":\"https:\\\/\\\/informelitoral.com.ar\\\/\"},{\"@type\":\"ListItem\",\"position\":2,\"name\":\"Diamante: cinco a\u00f1os de c\u00e1rcel acord\u00f3 el conductor imputado por cuatro muertes en ruta 11\"}]},{\"@type\":\"WebSite\",\"@id\":\"https:\\\/\\\/informelitoral.com.ar\\\/#website\",\"url\":\"https:\\\/\\\/informelitoral.com.ar\\\/\",\"name\":\"Informe Litoral\",\"description\":\"&quot;Nos informamos&quot; \",\"publisher\":{\"@id\":\"https:\\\/\\\/informelitoral.com.ar\\\/#organization\"},\"potentialAction\":[{\"@type\":\"SearchAction\",\"target\":{\"@type\":\"EntryPoint\",\"urlTemplate\":\"https:\\\/\\\/informelitoral.com.ar\\\/?s={search_term_string}\"},\"query-input\":{\"@type\":\"PropertyValueSpecification\",\"valueRequired\":true,\"valueName\":\"search_term_string\"}}],\"inLanguage\":\"es\"},{\"@type\":\"Organization\",\"@id\":\"https:\\\/\\\/informelitoral.com.ar\\\/#organization\",\"name\":\"Informe Litoral\",\"url\":\"https:\\\/\\\/informelitoral.com.ar\\\/\",\"logo\":{\"@type\":\"ImageObject\",\"inLanguage\":\"es\",\"@id\":\"https:\\\/\\\/informelitoral.com.ar\\\/#\\\/schema\\\/logo\\\/image\\\/\",\"url\":\"https:\\\/\\\/informelitoral.com.ar\\\/%77%70%2d%63%6f%6e%74%65%6e%74\\\/uploads\\\/2021\\\/01\\\/circulo.png\",\"contentUrl\":\"https:\\\/\\\/informelitoral.com.ar\\\/%77%70%2d%63%6f%6e%74%65%6e%74\\\/uploads\\\/2021\\\/01\\\/circulo.png\",\"width\":723,\"height\":731,\"caption\":\"Informe Litoral\"},\"image\":{\"@id\":\"https:\\\/\\\/informelitoral.com.ar\\\/#\\\/schema\\\/logo\\\/image\\\/\"},\"sameAs\":[\"https:\\\/\\\/www.facebook.com\\\/informelitoral\\\/\",\"https:\\\/\\\/x.com\\\/InformeLitoral\",\"https:\\\/\\\/www.instagram.com\\\/informelitoral\\\/\",\"https:\\\/\\\/www.youtube.com\\\/channel\\\/UCua4Qvz8Icb6MYqhoq9xLXw\"]},{\"@type\":\"Person\",\"@id\":\"https:\\\/\\\/informelitoral.com.ar\\\/#\\\/schema\\\/person\\\/f05f9f461677119578717524b127d6d5\",\"name\":\"Sebastian\",\"image\":{\"@type\":\"ImageObject\",\"inLanguage\":\"es\",\"@id\":\"https:\\\/\\\/secure.gravatar.com\\\/avatar\\\/b71bf7481d447dfb9583c7f2798e7cc64de6efb9067b74633ed8c31059a3bd82?s=96&d=mm&r=g\",\"url\":\"https:\\\/\\\/secure.gravatar.com\\\/avatar\\\/b71bf7481d447dfb9583c7f2798e7cc64de6efb9067b74633ed8c31059a3bd82?s=96&d=mm&r=g\",\"contentUrl\":\"https:\\\/\\\/secure.gravatar.com\\\/avatar\\\/b71bf7481d447dfb9583c7f2798e7cc64de6efb9067b74633ed8c31059a3bd82?s=96&d=mm&r=g\",\"caption\":\"Sebastian\"},\"url\":\"https:\\\/\\\/informelitoral.com.ar\\\/author\\\/sebastian\\\/\"}]}<\/script>","yoast_head_json":{"title":"Diamante: cinco a\u00f1os de c\u00e1rcel acord\u00f3 el conductor imputado por cuatro muertes en ruta 11 - Informe Litoral","robots":{"index":"index","follow":"follow","max-snippet":"max-snippet:-1","max-image-preview":"max-image-preview:large","max-video-preview":"max-video-preview:-1"},"canonical":"https:\/\/informelitoral.com.ar\/diamante-cinco-anos-de-carcel-acordo-el-conductor-imputado-por-cuatro-muertes-en-ruta-11\/","og_locale":"es_ES","og_type":"article","og_title":"Diamante: cinco a\u00f1os de c\u00e1rcel acord\u00f3 el conductor imputado por cuatro muertes en ruta 11 - Informe Litoral","og_description":"El acuerdo por Homicidio Culposo incluye diez a\u00f1os de inhabilitaci\u00f3n para conducir y se presenta d\u00edas despu\u00e9s de que el acusado protagonizara un nuevo siniestro, violando expresamente una prohibici\u00f3n judicial.","og_url":"https:\/\/informelitoral.com.ar\/diamante-cinco-anos-de-carcel-acordo-el-conductor-imputado-por-cuatro-muertes-en-ruta-11\/","og_site_name":"Informe Litoral","article_publisher":"https:\/\/www.facebook.com\/informelitoral\/","article_published_time":"2025-10-28T13:28:38+00:00","article_modified_time":"2025-10-28T17:46:38+00:00","og_image":[{"url":"https:\/\/elonce-media.elonce.com\/fotos\/2025\/01\/03\/m_1735923799_52404.webp","type":"","width":"","height":""}],"author":"Sebastian","twitter_card":"summary_large_image","twitter_image":"https:\/\/elonce-media.elonce.com\/fotos\/2025\/01\/03\/m_1735923799_52404.webp","twitter_creator":"@InformeLitoral","twitter_site":"@InformeLitoral","twitter_misc":{"Escrito por":"Sebastian","Tiempo de lectura":"2 minutos"},"schema":{"@context":"https:\/\/schema.org","@graph":[{"@type":"Article","@id":"https:\/\/informelitoral.com.ar\/diamante-cinco-anos-de-carcel-acordo-el-conductor-imputado-por-cuatro-muertes-en-ruta-11\/#article","isPartOf":{"@id":"https:\/\/informelitoral.com.ar\/diamante-cinco-anos-de-carcel-acordo-el-conductor-imputado-por-cuatro-muertes-en-ruta-11\/"},"author":{"name":"Sebastian","@id":"https:\/\/informelitoral.com.ar\/#\/schema\/person\/f05f9f461677119578717524b127d6d5"},"headline":"Diamante: cinco a\u00f1os de c\u00e1rcel acord\u00f3 el conductor imputado por cuatro muertes en ruta 11","datePublished":"2025-10-28T13:28:38+00:00","dateModified":"2025-10-28T17:46:38+00:00","mainEntityOfPage":{"@id":"https:\/\/informelitoral.com.ar\/diamante-cinco-anos-de-carcel-acordo-el-conductor-imputado-por-cuatro-muertes-en-ruta-11\/"},"wordCount":358,"commentCount":0,"publisher":{"@id":"https:\/\/informelitoral.com.ar\/#organization"},"image":{"@id":"https:\/\/informelitoral.com.ar\/diamante-cinco-anos-de-carcel-acordo-el-conductor-imputado-por-cuatro-muertes-en-ruta-11\/#primaryimage"},"thumbnailUrl":"https:\/\/elonce-media.elonce.com\/fotos\/2025\/01\/03\/m_1735923799_52404.webp","keywords":["Accidente","Diamante","Fallecidos","Ruta 11"],"articleSection":["Policiales"],"inLanguage":"es","potentialAction":[{"@type":"CommentAction","name":"Comment","target":["https:\/\/informelitoral.com.ar\/diamante-cinco-anos-de-carcel-acordo-el-conductor-imputado-por-cuatro-muertes-en-ruta-11\/#respond"]}]},{"@type":"WebPage","@id":"https:\/\/informelitoral.com.ar\/diamante-cinco-anos-de-carcel-acordo-el-conductor-imputado-por-cuatro-muertes-en-ruta-11\/","url":"https:\/\/informelitoral.com.ar\/diamante-cinco-anos-de-carcel-acordo-el-conductor-imputado-por-cuatro-muertes-en-ruta-11\/","name":"Diamante: cinco a\u00f1os de c\u00e1rcel acord\u00f3 el conductor imputado por cuatro muertes en ruta 11 - Informe Litoral","isPartOf":{"@id":"https:\/\/informelitoral.com.ar\/#website"},"primaryImageOfPage":{"@id":"https:\/\/informelitoral.com.ar\/diamante-cinco-anos-de-carcel-acordo-el-conductor-imputado-por-cuatro-muertes-en-ruta-11\/#primaryimage"},"image":{"@id":"https:\/\/informelitoral.com.ar\/diamante-cinco-anos-de-carcel-acordo-el-conductor-imputado-por-cuatro-muertes-en-ruta-11\/#primaryimage"},"thumbnailUrl":"https:\/\/elonce-media.elonce.com\/fotos\/2025\/01\/03\/m_1735923799_52404.webp","datePublished":"2025-10-28T13:28:38+00:00","dateModified":"2025-10-28T17:46:38+00:00","breadcrumb":{"@id":"https:\/\/informelitoral.com.ar\/diamante-cinco-anos-de-carcel-acordo-el-conductor-imputado-por-cuatro-muertes-en-ruta-11\/#breadcrumb"},"inLanguage":"es","potentialAction":[{"@type":"ReadAction","target":["https:\/\/informelitoral.com.ar\/diamante-cinco-anos-de-carcel-acordo-el-conductor-imputado-por-cuatro-muertes-en-ruta-11\/"]}]},{"@type":"ImageObject","inLanguage":"es","@id":"https:\/\/informelitoral.com.ar\/diamante-cinco-anos-de-carcel-acordo-el-conductor-imputado-por-cuatro-muertes-en-ruta-11\/#primaryimage","url":"https:\/\/elonce-media.elonce.com\/fotos\/2025\/01\/03\/m_1735923799_52404.webp","contentUrl":"https:\/\/elonce-media.elonce.com\/fotos\/2025\/01\/03\/m_1735923799_52404.webp","width":"765","height":"510"},{"@type":"BreadcrumbList","@id":"https:\/\/informelitoral.com.ar\/diamante-cinco-anos-de-carcel-acordo-el-conductor-imputado-por-cuatro-muertes-en-ruta-11\/#breadcrumb","itemListElement":[{"@type":"ListItem","position":1,"name":"Portada","item":"https:\/\/informelitoral.com.ar\/"},{"@type":"ListItem","position":2,"name":"Diamante: cinco a\u00f1os de c\u00e1rcel acord\u00f3 el conductor imputado por cuatro muertes en ruta 11"}]},{"@type":"WebSite","@id":"https:\/\/informelitoral.com.ar\/#website","url":"https:\/\/informelitoral.com.ar\/","name":"Informe Litoral","description":"&quot;Nos informamos&quot; ","publisher":{"@id":"https:\/\/informelitoral.com.ar\/#organization"},"potentialAction":[{"@type":"SearchAction","target":{"@type":"EntryPoint","urlTemplate":"https:\/\/informelitoral.com.ar\/?s={search_term_string}"},"query-input":{"@type":"PropertyValueSpecification","valueRequired":true,"valueName":"search_term_string"}}],"inLanguage":"es"},{"@type":"Organization","@id":"https:\/\/informelitoral.com.ar\/#organization","name":"Informe Litoral","url":"https:\/\/informelitoral.com.ar\/","logo":{"@type":"ImageObject","inLanguage":"es","@id":"https:\/\/informelitoral.com.ar\/#\/schema\/logo\/image\/","url":"https:\/\/informelitoral.com.ar\/%77%70%2d%63%6f%6e%74%65%6e%74\/uploads\/2021\/01\/circulo.png","contentUrl":"https:\/\/informelitoral.com.ar\/%77%70%2d%63%6f%6e%74%65%6e%74\/uploads\/2021\/01\/circulo.png","width":723,"height":731,"caption":"Informe Litoral"},"image":{"@id":"https:\/\/informelitoral.com.ar\/#\/schema\/logo\/image\/"},"sameAs":["https:\/\/www.facebook.com\/informelitoral\/","https:\/\/x.com\/InformeLitoral","https:\/\/www.instagram.com\/informelitoral\/","https:\/\/www.youtube.com\/channel\/UCua4Qvz8Icb6MYqhoq9xLXw"]},{"@type":"Person","@id":"https:\/\/informelitoral.com.ar\/#\/schema\/person\/f05f9f461677119578717524b127d6d5","name":"Sebastian","image":{"@type":"ImageObject","inLanguage":"es","@id":"https:\/\/secure.gravatar.com\/avatar\/b71bf7481d447dfb9583c7f2798e7cc64de6efb9067b74633ed8c31059a3bd82?s=96&d=mm&r=g","url":"https:\/\/secure.gravatar.com\/avatar\/b71bf7481d447dfb9583c7f2798e7cc64de6efb9067b74633ed8c31059a3bd82?s=96&d=mm&r=g","contentUrl":"https:\/\/secure.gravatar.com\/avatar\/b71bf7481d447dfb9583c7f2798e7cc64de6efb9067b74633ed8c31059a3bd82?s=96&d=mm&r=g","caption":"Sebastian"},"url":"https:\/\/informelitoral.com.ar\/author\/sebastian\/"}]}},"fifu_image_url":"https:\/\/elonce-media.elonce.com\/fotos\/2025\/01\/03\/m_1735923799_52404.webp","_links":{"self":[{"href":"https:\/\/informelitoral.com.ar\/%77%70%2d%6a%73%6f%6e\/wp\/v2\/posts\/238524","targetHints":{"allow":["GET"]}}],"collection":[{"href":"https:\/\/informelitoral.com.ar\/%77%70%2d%6a%73%6f%6e\/wp\/v2\/posts"}],"about":[{"href":"https:\/\/informelitoral.com.ar\/%77%70%2d%6a%73%6f%6e\/wp\/v2\/types\/post"}],"author":[{"embeddable":true,"href":"https:\/\/informelitoral.com.ar\/%77%70%2d%6a%73%6f%6e\/wp\/v2\/users\/8"}],"replies":[{"embeddable":true,"href":"https:\/\/informelitoral.com.ar\/%77%70%2d%6a%73%6f%6e\/wp\/v2\/comments?post=238524"}],"version-history":[{"count":2,"href":"https:\/\/informelitoral.com.ar\/%77%70%2d%6a%73%6f%6e\/wp\/v2\/posts\/238524\/revisions"}],"predecessor-version":[{"id":238576,"href":"https:\/\/informelitoral.com.ar\/%77%70%2d%6a%73%6f%6e\/wp\/v2\/posts\/238524\/revisions\/238576"}],"wp:featuredmedia":[{"embeddable":true,"href":"https:\/\/informelitoral.com.ar\/%77%70%2d%6a%73%6f%6e\/wp\/v2\/media\/238525"}],"wp:attachment":[{"href":"https:\/\/informelitoral.com.ar\/%77%70%2d%6a%73%6f%6e\/wp\/v2\/media?parent=238524"}],"wp:term":[{"taxonomy":"category","embeddable":true,"href":"https:\/\/informelitoral.com.ar\/%77%70%2d%6a%73%6f%6e\/wp\/v2\/categories?post=238524"},{"taxonomy":"post_tag","embeddable":true,"href":"https:\/\/informelitoral.com.ar\/%77%70%2d%6a%73%6f%6e\/wp\/v2\/tags?post=238524"}],"curies":[{"name":"wp","href":"https:\/\/api.w.org\/{rel}","templated":true}]}}