{"id":238458,"date":"2025-10-28T09:01:25","date_gmt":"2025-10-28T12:01:25","guid":{"rendered":"https:\/\/informelitoral.com.ar\/?p=238458"},"modified":"2025-10-28T14:50:58","modified_gmt":"2025-10-28T17:50:58","slug":"franco-colapinto-a-un-paso-de-la-renovacion-con-alpine-para-la-f1-2026","status":"publish","type":"post","link":"https:\/\/informelitoral.com.ar\/franco-colapinto-a-un-paso-de-la-renovacion-con-alpine-para-la-f1-2026\/","title":{"rendered":"Franco Colapinto, a un paso de la renovaci\u00f3n con Alpine para la F1 2026"},"content":{"rendered":"<p>La continuidad de <b>Franco Colapinto<\/b> con el equipo <b>Alpine<\/b> de F\u00f3rmula 1 para la temporada 2026 se perfila como un <b>hecho inminente<\/b>. Tras una evaluaci\u00f3n interna altamente positiva de su desempe\u00f1o en la segunda mitad del a\u00f1o, el anuncio oficial de la renovaci\u00f3n del piloto argentino como titular se anticipa entre este <b>martes y el pr\u00f3ximo jueves 6 de noviembre<\/b>, justo antes del Gran Premio de San Pablo, Brasil, seg\u00fan reportes de medios especializados como <i>Motorsport<\/i>.<\/p>\n<p>La certeza del acuerdo fue reforzada por una clara se\u00f1al en el <i>paddock<\/i> del Aut\u00f3dromo Hermanos Rodr\u00edguez, en la Ciudad de M\u00e9xico. El principal patrocinador de Colapinto, la conocida multinacional de venta electr\u00f3nica fundada en Argentina, comparti\u00f3 un <b>imponente VIP con Alpine<\/b> en los boxes.<\/p>\n<p>Los m\u00e1ximos responsables de la compa\u00f1\u00eda se reunieron con <b>Flavio Briatore<\/b>, uno de los asesores clave de Alpine, en un c\u00f3nclave donde tambi\u00e9n habr\u00edan participado los managers de Colapinto, <b>Mar\u00eda Catarineu<\/b> y <b>Jamie Campbell-Walter<\/b>. Esta presencia subraya la <b>confianza de los <i>sponsors<\/i><\/b> en el proyecto del argentino y la inminencia del anuncio.<\/p>\n<p>A pesar de la compleja situaci\u00f3n deportiva que atraviesa la escuder\u00eda, que ha visto a Colapinto y su compa\u00f1ero Pierre Gasly disputar las \u00faltimas posiciones, la direcci\u00f3n de Alpine ha valorado la <b>evoluci\u00f3n constante<\/b> del piloto de 22 a\u00f1os.<\/p>\n<p>Desde su debut en el Gran Premio de Emilia Roma\u00f1a en mayo, Colapinto ha mostrado una progresi\u00f3n notable. Internamente, el equipo ha reconocido que en la segunda parte de la temporada, el argentino ha logrado <b>igualar e incluso superar el ritmo de Gasly<\/b> tanto en clasificaci\u00f3n como en carrera. Esta capacidad de adaptaci\u00f3n y los avances concretos en pista han sido determinantes para asegurar su renovaci\u00f3n.<\/p>\n<p>Colapinto logr\u00f3 consolidarse como la opci\u00f3n preferida para la continuidad, superando la competencia interna con <b>Paul Aron<\/b> y <b>Jack Doohan<\/b>.<\/p>\n<p>Consultado durante el fin de semana del Gran Premio de M\u00e9xico sobre su futuro, Colapinto mantuvo la cautela, delegando la decisi\u00f3n en el equipo:<\/p>\n<p>Con el respaldo de los datos de rendimiento y el apoyo financiero confirmado, solo resta esperar el anuncio oficial de Alpine, que sellar\u00eda la presencia de Colapinto en la grilla de la F\u00f3rmula 1 para la temporada 2026.<\/p>\n","protected":false},"excerpt":{"rendered":"<p>El anuncio oficial como titular se espera en los pr\u00f3ximos d\u00edas, impulsado por una \u00abevaluaci\u00f3n positiva\u00bb de su rendimiento y el fuerte respaldo de su patrocinador principal.<\/p>\n","protected":false},"author":8,"featured_media":238460,"comment_status":"open","ping_status":"open","sticky":false,"template":"","format":"standard","meta":{"fifu_image_url":"https:\/\/media.tycsports.com\/files\/2025\/10\/26\/896416\/colapinto_862x485.webp?v=1","fifu_image_alt":"","footnotes":""},"categories":[13],"tags":[5545,5121,5120],"class_list":{"0":"post-238458","1":"post","2":"type-post","3":"status-publish","4":"format-standard","5":"has-post-thumbnail","7":"category-deportes","8":"tag-alpine","9":"tag-formula-1","10":"tag-franco-colapinto"},"yoast_head":"<title>Franco Colapinto, a un paso de la renovaci\u00f3n con Alpine para la F1 2026 - Informe Litoral<\/title>\n<meta name=\"robots\" content=\"index, follow, max-snippet:-1, max-image-preview:large, max-video-preview:-1\" \/>\n<link rel=\"canonical\" href=\"https:\/\/informelitoral.com.ar\/franco-colapinto-a-un-paso-de-la-renovacion-con-alpine-para-la-f1-2026\/\" \/>\n<meta property=\"og:locale\" content=\"es_ES\" \/>\n<meta property=\"og:type\" content=\"article\" \/>\n<meta property=\"og:title\" content=\"Franco Colapinto, a un paso de la renovaci\u00f3n con Alpine para la F1 2026 - Informe Litoral\" \/>\n<meta property=\"og:description\" content=\"El anuncio oficial como titular se espera en los pr\u00f3ximos d\u00edas, impulsado por una &quot;evaluaci\u00f3n positiva&quot; de su rendimiento y el fuerte respaldo de su patrocinador principal.\" \/>\n<meta property=\"og:url\" content=\"https:\/\/informelitoral.com.ar\/franco-colapinto-a-un-paso-de-la-renovacion-con-alpine-para-la-f1-2026\/\" \/>\n<meta property=\"og:site_name\" content=\"Informe Litoral\" \/>\n<meta property=\"article:publisher\" content=\"https:\/\/www.facebook.com\/informelitoral\/\" \/>\n<meta property=\"article:published_time\" content=\"2025-10-28T12:01:25+00:00\" \/>\n<meta property=\"article:modified_time\" content=\"2025-10-28T17:50:58+00:00\" \/>\n<meta property=\"og:image\" content=\"https:\/\/media.tycsports.com\/files\/2025\/10\/26\/896416\/colapinto_862x485.webp?v=1\" \/>\n<meta name=\"author\" content=\"Sebastian\" \/>\n<meta name=\"twitter:card\" content=\"summary_large_image\" \/>\n<meta name=\"twitter:image\" content=\"https:\/\/media.tycsports.com\/files\/2025\/10\/26\/896416\/colapinto_862x485.webp?v=1\" \/>\n<meta name=\"twitter:creator\" content=\"@InformeLitoral\" \/>\n<meta name=\"twitter:site\" content=\"@InformeLitoral\" \/>\n<meta name=\"twitter:label1\" content=\"Escrito por\" \/>\n\t<meta name=\"twitter:data1\" content=\"Sebastian\" \/>\n\t<meta name=\"twitter:label2\" content=\"Tiempo de lectura\" \/>\n\t<meta name=\"twitter:data2\" content=\"2 minutos\" \/>\n<script type=\"application\/ld+json\" class=\"yoast-schema-graph\">{\"@context\":\"https:\\\/\\\/schema.org\",\"@graph\":[{\"@type\":\"Article\",\"@id\":\"https:\\\/\\\/informelitoral.com.ar\\\/franco-colapinto-a-un-paso-de-la-renovacion-con-alpine-para-la-f1-2026\\\/#article\",\"isPartOf\":{\"@id\":\"https:\\\/\\\/informelitoral.com.ar\\\/franco-colapinto-a-un-paso-de-la-renovacion-con-alpine-para-la-f1-2026\\\/\"},\"author\":{\"name\":\"Sebastian\",\"@id\":\"https:\\\/\\\/informelitoral.com.ar\\\/#\\\/schema\\\/person\\\/f05f9f461677119578717524b127d6d5\"},\"headline\":\"Franco Colapinto, a un paso de la renovaci\u00f3n con Alpine para la F1 2026\",\"datePublished\":\"2025-10-28T12:01:25+00:00\",\"dateModified\":\"2025-10-28T17:50:58+00:00\",\"mainEntityOfPage\":{\"@id\":\"https:\\\/\\\/informelitoral.com.ar\\\/franco-colapinto-a-un-paso-de-la-renovacion-con-alpine-para-la-f1-2026\\\/\"},\"wordCount\":402,\"commentCount\":0,\"publisher\":{\"@id\":\"https:\\\/\\\/informelitoral.com.ar\\\/#organization\"},\"image\":{\"@id\":\"https:\\\/\\\/informelitoral.com.ar\\\/franco-colapinto-a-un-paso-de-la-renovacion-con-alpine-para-la-f1-2026\\\/#primaryimage\"},\"thumbnailUrl\":\"https:\\\/\\\/media.tycsports.com\\\/files\\\/2025\\\/10\\\/26\\\/896416\\\/colapinto_862x485.webp?v=1\",\"keywords\":[\"Alpine\",\"F\u00f3rmula 1\",\"Franco Colapinto\"],\"articleSection\":[\"Deportes\"],\"inLanguage\":\"es\",\"potentialAction\":[{\"@type\":\"CommentAction\",\"name\":\"Comment\",\"target\":[\"https:\\\/\\\/informelitoral.com.ar\\\/franco-colapinto-a-un-paso-de-la-renovacion-con-alpine-para-la-f1-2026\\\/#respond\"]}]},{\"@type\":\"WebPage\",\"@id\":\"https:\\\/\\\/informelitoral.com.ar\\\/franco-colapinto-a-un-paso-de-la-renovacion-con-alpine-para-la-f1-2026\\\/\",\"url\":\"https:\\\/\\\/informelitoral.com.ar\\\/franco-colapinto-a-un-paso-de-la-renovacion-con-alpine-para-la-f1-2026\\\/\",\"name\":\"Franco Colapinto, a un paso de la renovaci\u00f3n con Alpine para la F1 2026 - Informe Litoral\",\"isPartOf\":{\"@id\":\"https:\\\/\\\/informelitoral.com.ar\\\/#website\"},\"primaryImageOfPage\":{\"@id\":\"https:\\\/\\\/informelitoral.com.ar\\\/franco-colapinto-a-un-paso-de-la-renovacion-con-alpine-para-la-f1-2026\\\/#primaryimage\"},\"image\":{\"@id\":\"https:\\\/\\\/informelitoral.com.ar\\\/franco-colapinto-a-un-paso-de-la-renovacion-con-alpine-para-la-f1-2026\\\/#primaryimage\"},\"thumbnailUrl\":\"https:\\\/\\\/media.tycsports.com\\\/files\\\/2025\\\/10\\\/26\\\/896416\\\/colapinto_862x485.webp?v=1\",\"datePublished\":\"2025-10-28T12:01:25+00:00\",\"dateModified\":\"2025-10-28T17:50:58+00:00\",\"breadcrumb\":{\"@id\":\"https:\\\/\\\/informelitoral.com.ar\\\/franco-colapinto-a-un-paso-de-la-renovacion-con-alpine-para-la-f1-2026\\\/#breadcrumb\"},\"inLanguage\":\"es\",\"potentialAction\":[{\"@type\":\"ReadAction\",\"target\":[\"https:\\\/\\\/informelitoral.com.ar\\\/franco-colapinto-a-un-paso-de-la-renovacion-con-alpine-para-la-f1-2026\\\/\"]}]},{\"@type\":\"ImageObject\",\"inLanguage\":\"es\",\"@id\":\"https:\\\/\\\/informelitoral.com.ar\\\/franco-colapinto-a-un-paso-de-la-renovacion-con-alpine-para-la-f1-2026\\\/#primaryimage\",\"url\":\"https:\\\/\\\/media.tycsports.com\\\/files\\\/2025\\\/10\\\/26\\\/896416\\\/colapinto_862x485.webp?v=1\",\"contentUrl\":\"https:\\\/\\\/media.tycsports.com\\\/files\\\/2025\\\/10\\\/26\\\/896416\\\/colapinto_862x485.webp?v=1\",\"width\":\"862\",\"height\":\"485\"},{\"@type\":\"BreadcrumbList\",\"@id\":\"https:\\\/\\\/informelitoral.com.ar\\\/franco-colapinto-a-un-paso-de-la-renovacion-con-alpine-para-la-f1-2026\\\/#breadcrumb\",\"itemListElement\":[{\"@type\":\"ListItem\",\"position\":1,\"name\":\"Portada\",\"item\":\"https:\\\/\\\/informelitoral.com.ar\\\/\"},{\"@type\":\"ListItem\",\"position\":2,\"name\":\"Franco Colapinto, a un paso de la renovaci\u00f3n con Alpine para la F1 2026\"}]},{\"@type\":\"WebSite\",\"@id\":\"https:\\\/\\\/informelitoral.com.ar\\\/#website\",\"url\":\"https:\\\/\\\/informelitoral.com.ar\\\/\",\"name\":\"Informe Litoral\",\"description\":\"&quot;Nos informamos&quot; \",\"publisher\":{\"@id\":\"https:\\\/\\\/informelitoral.com.ar\\\/#organization\"},\"potentialAction\":[{\"@type\":\"SearchAction\",\"target\":{\"@type\":\"EntryPoint\",\"urlTemplate\":\"https:\\\/\\\/informelitoral.com.ar\\\/?s={search_term_string}\"},\"query-input\":{\"@type\":\"PropertyValueSpecification\",\"valueRequired\":true,\"valueName\":\"search_term_string\"}}],\"inLanguage\":\"es\"},{\"@type\":\"Organization\",\"@id\":\"https:\\\/\\\/informelitoral.com.ar\\\/#organization\",\"name\":\"Informe Litoral\",\"url\":\"https:\\\/\\\/informelitoral.com.ar\\\/\",\"logo\":{\"@type\":\"ImageObject\",\"inLanguage\":\"es\",\"@id\":\"https:\\\/\\\/informelitoral.com.ar\\\/#\\\/schema\\\/logo\\\/image\\\/\",\"url\":\"https:\\\/\\\/informelitoral.com.ar\\\/%77%70%2d%63%6f%6e%74%65%6e%74\\\/uploads\\\/2021\\\/01\\\/circulo.png\",\"contentUrl\":\"https:\\\/\\\/informelitoral.com.ar\\\/%77%70%2d%63%6f%6e%74%65%6e%74\\\/uploads\\\/2021\\\/01\\\/circulo.png\",\"width\":723,\"height\":731,\"caption\":\"Informe Litoral\"},\"image\":{\"@id\":\"https:\\\/\\\/informelitoral.com.ar\\\/#\\\/schema\\\/logo\\\/image\\\/\"},\"sameAs\":[\"https:\\\/\\\/www.facebook.com\\\/informelitoral\\\/\",\"https:\\\/\\\/x.com\\\/InformeLitoral\",\"https:\\\/\\\/www.instagram.com\\\/informelitoral\\\/\",\"https:\\\/\\\/www.youtube.com\\\/channel\\\/UCua4Qvz8Icb6MYqhoq9xLXw\"]},{\"@type\":\"Person\",\"@id\":\"https:\\\/\\\/informelitoral.com.ar\\\/#\\\/schema\\\/person\\\/f05f9f461677119578717524b127d6d5\",\"name\":\"Sebastian\",\"image\":{\"@type\":\"ImageObject\",\"inLanguage\":\"es\",\"@id\":\"https:\\\/\\\/secure.gravatar.com\\\/avatar\\\/b71bf7481d447dfb9583c7f2798e7cc64de6efb9067b74633ed8c31059a3bd82?s=96&d=mm&r=g\",\"url\":\"https:\\\/\\\/secure.gravatar.com\\\/avatar\\\/b71bf7481d447dfb9583c7f2798e7cc64de6efb9067b74633ed8c31059a3bd82?s=96&d=mm&r=g\",\"contentUrl\":\"https:\\\/\\\/secure.gravatar.com\\\/avatar\\\/b71bf7481d447dfb9583c7f2798e7cc64de6efb9067b74633ed8c31059a3bd82?s=96&d=mm&r=g\",\"caption\":\"Sebastian\"},\"url\":\"https:\\\/\\\/informelitoral.com.ar\\\/author\\\/sebastian\\\/\"}]}<\/script>","yoast_head_json":{"title":"Franco Colapinto, a un paso de la renovaci\u00f3n con Alpine para la F1 2026 - Informe Litoral","robots":{"index":"index","follow":"follow","max-snippet":"max-snippet:-1","max-image-preview":"max-image-preview:large","max-video-preview":"max-video-preview:-1"},"canonical":"https:\/\/informelitoral.com.ar\/franco-colapinto-a-un-paso-de-la-renovacion-con-alpine-para-la-f1-2026\/","og_locale":"es_ES","og_type":"article","og_title":"Franco Colapinto, a un paso de la renovaci\u00f3n con Alpine para la F1 2026 - Informe Litoral","og_description":"El anuncio oficial como titular se espera en los pr\u00f3ximos d\u00edas, impulsado por una \"evaluaci\u00f3n positiva\" de su rendimiento y el fuerte respaldo de su patrocinador principal.","og_url":"https:\/\/informelitoral.com.ar\/franco-colapinto-a-un-paso-de-la-renovacion-con-alpine-para-la-f1-2026\/","og_site_name":"Informe Litoral","article_publisher":"https:\/\/www.facebook.com\/informelitoral\/","article_published_time":"2025-10-28T12:01:25+00:00","article_modified_time":"2025-10-28T17:50:58+00:00","og_image":[{"url":"https:\/\/media.tycsports.com\/files\/2025\/10\/26\/896416\/colapinto_862x485.webp?v=1","type":"","width":"","height":""}],"author":"Sebastian","twitter_card":"summary_large_image","twitter_image":"https:\/\/media.tycsports.com\/files\/2025\/10\/26\/896416\/colapinto_862x485.webp?v=1","twitter_creator":"@InformeLitoral","twitter_site":"@InformeLitoral","twitter_misc":{"Escrito por":"Sebastian","Tiempo de lectura":"2 minutos"},"schema":{"@context":"https:\/\/schema.org","@graph":[{"@type":"Article","@id":"https:\/\/informelitoral.com.ar\/franco-colapinto-a-un-paso-de-la-renovacion-con-alpine-para-la-f1-2026\/#article","isPartOf":{"@id":"https:\/\/informelitoral.com.ar\/franco-colapinto-a-un-paso-de-la-renovacion-con-alpine-para-la-f1-2026\/"},"author":{"name":"Sebastian","@id":"https:\/\/informelitoral.com.ar\/#\/schema\/person\/f05f9f461677119578717524b127d6d5"},"headline":"Franco Colapinto, a un paso de la renovaci\u00f3n con Alpine para la F1 2026","datePublished":"2025-10-28T12:01:25+00:00","dateModified":"2025-10-28T17:50:58+00:00","mainEntityOfPage":{"@id":"https:\/\/informelitoral.com.ar\/franco-colapinto-a-un-paso-de-la-renovacion-con-alpine-para-la-f1-2026\/"},"wordCount":402,"commentCount":0,"publisher":{"@id":"https:\/\/informelitoral.com.ar\/#organization"},"image":{"@id":"https:\/\/informelitoral.com.ar\/franco-colapinto-a-un-paso-de-la-renovacion-con-alpine-para-la-f1-2026\/#primaryimage"},"thumbnailUrl":"https:\/\/media.tycsports.com\/files\/2025\/10\/26\/896416\/colapinto_862x485.webp?v=1","keywords":["Alpine","F\u00f3rmula 1","Franco Colapinto"],"articleSection":["Deportes"],"inLanguage":"es","potentialAction":[{"@type":"CommentAction","name":"Comment","target":["https:\/\/informelitoral.com.ar\/franco-colapinto-a-un-paso-de-la-renovacion-con-alpine-para-la-f1-2026\/#respond"]}]},{"@type":"WebPage","@id":"https:\/\/informelitoral.com.ar\/franco-colapinto-a-un-paso-de-la-renovacion-con-alpine-para-la-f1-2026\/","url":"https:\/\/informelitoral.com.ar\/franco-colapinto-a-un-paso-de-la-renovacion-con-alpine-para-la-f1-2026\/","name":"Franco Colapinto, a un paso de la renovaci\u00f3n con Alpine para la F1 2026 - Informe Litoral","isPartOf":{"@id":"https:\/\/informelitoral.com.ar\/#website"},"primaryImageOfPage":{"@id":"https:\/\/informelitoral.com.ar\/franco-colapinto-a-un-paso-de-la-renovacion-con-alpine-para-la-f1-2026\/#primaryimage"},"image":{"@id":"https:\/\/informelitoral.com.ar\/franco-colapinto-a-un-paso-de-la-renovacion-con-alpine-para-la-f1-2026\/#primaryimage"},"thumbnailUrl":"https:\/\/media.tycsports.com\/files\/2025\/10\/26\/896416\/colapinto_862x485.webp?v=1","datePublished":"2025-10-28T12:01:25+00:00","dateModified":"2025-10-28T17:50:58+00:00","breadcrumb":{"@id":"https:\/\/informelitoral.com.ar\/franco-colapinto-a-un-paso-de-la-renovacion-con-alpine-para-la-f1-2026\/#breadcrumb"},"inLanguage":"es","potentialAction":[{"@type":"ReadAction","target":["https:\/\/informelitoral.com.ar\/franco-colapinto-a-un-paso-de-la-renovacion-con-alpine-para-la-f1-2026\/"]}]},{"@type":"ImageObject","inLanguage":"es","@id":"https:\/\/informelitoral.com.ar\/franco-colapinto-a-un-paso-de-la-renovacion-con-alpine-para-la-f1-2026\/#primaryimage","url":"https:\/\/media.tycsports.com\/files\/2025\/10\/26\/896416\/colapinto_862x485.webp?v=1","contentUrl":"https:\/\/media.tycsports.com\/files\/2025\/10\/26\/896416\/colapinto_862x485.webp?v=1","width":"862","height":"485"},{"@type":"BreadcrumbList","@id":"https:\/\/informelitoral.com.ar\/franco-colapinto-a-un-paso-de-la-renovacion-con-alpine-para-la-f1-2026\/#breadcrumb","itemListElement":[{"@type":"ListItem","position":1,"name":"Portada","item":"https:\/\/informelitoral.com.ar\/"},{"@type":"ListItem","position":2,"name":"Franco Colapinto, a un paso de la renovaci\u00f3n con Alpine para la F1 2026"}]},{"@type":"WebSite","@id":"https:\/\/informelitoral.com.ar\/#website","url":"https:\/\/informelitoral.com.ar\/","name":"Informe Litoral","description":"&quot;Nos informamos&quot; ","publisher":{"@id":"https:\/\/informelitoral.com.ar\/#organization"},"potentialAction":[{"@type":"SearchAction","target":{"@type":"EntryPoint","urlTemplate":"https:\/\/informelitoral.com.ar\/?s={search_term_string}"},"query-input":{"@type":"PropertyValueSpecification","valueRequired":true,"valueName":"search_term_string"}}],"inLanguage":"es"},{"@type":"Organization","@id":"https:\/\/informelitoral.com.ar\/#organization","name":"Informe Litoral","url":"https:\/\/informelitoral.com.ar\/","logo":{"@type":"ImageObject","inLanguage":"es","@id":"https:\/\/informelitoral.com.ar\/#\/schema\/logo\/image\/","url":"https:\/\/informelitoral.com.ar\/%77%70%2d%63%6f%6e%74%65%6e%74\/uploads\/2021\/01\/circulo.png","contentUrl":"https:\/\/informelitoral.com.ar\/%77%70%2d%63%6f%6e%74%65%6e%74\/uploads\/2021\/01\/circulo.png","width":723,"height":731,"caption":"Informe Litoral"},"image":{"@id":"https:\/\/informelitoral.com.ar\/#\/schema\/logo\/image\/"},"sameAs":["https:\/\/www.facebook.com\/informelitoral\/","https:\/\/x.com\/InformeLitoral","https:\/\/www.instagram.com\/informelitoral\/","https:\/\/www.youtube.com\/channel\/UCua4Qvz8Icb6MYqhoq9xLXw"]},{"@type":"Person","@id":"https:\/\/informelitoral.com.ar\/#\/schema\/person\/f05f9f461677119578717524b127d6d5","name":"Sebastian","image":{"@type":"ImageObject","inLanguage":"es","@id":"https:\/\/secure.gravatar.com\/avatar\/b71bf7481d447dfb9583c7f2798e7cc64de6efb9067b74633ed8c31059a3bd82?s=96&d=mm&r=g","url":"https:\/\/secure.gravatar.com\/avatar\/b71bf7481d447dfb9583c7f2798e7cc64de6efb9067b74633ed8c31059a3bd82?s=96&d=mm&r=g","contentUrl":"https:\/\/secure.gravatar.com\/avatar\/b71bf7481d447dfb9583c7f2798e7cc64de6efb9067b74633ed8c31059a3bd82?s=96&d=mm&r=g","caption":"Sebastian"},"url":"https:\/\/informelitoral.com.ar\/author\/sebastian\/"}]}},"fifu_image_url":"https:\/\/media.tycsports.com\/files\/2025\/10\/26\/896416\/colapinto_862x485.webp?v=1","_links":{"self":[{"href":"https:\/\/informelitoral.com.ar\/%77%70%2d%6a%73%6f%6e\/wp\/v2\/posts\/238458","targetHints":{"allow":["GET"]}}],"collection":[{"href":"https:\/\/informelitoral.com.ar\/%77%70%2d%6a%73%6f%6e\/wp\/v2\/posts"}],"about":[{"href":"https:\/\/informelitoral.com.ar\/%77%70%2d%6a%73%6f%6e\/wp\/v2\/types\/post"}],"author":[{"embeddable":true,"href":"https:\/\/informelitoral.com.ar\/%77%70%2d%6a%73%6f%6e\/wp\/v2\/users\/8"}],"replies":[{"embeddable":true,"href":"https:\/\/informelitoral.com.ar\/%77%70%2d%6a%73%6f%6e\/wp\/v2\/comments?post=238458"}],"version-history":[{"count":2,"href":"https:\/\/informelitoral.com.ar\/%77%70%2d%6a%73%6f%6e\/wp\/v2\/posts\/238458\/revisions"}],"predecessor-version":[{"id":238462,"href":"https:\/\/informelitoral.com.ar\/%77%70%2d%6a%73%6f%6e\/wp\/v2\/posts\/238458\/revisions\/238462"}],"wp:featuredmedia":[{"embeddable":true,"href":"https:\/\/informelitoral.com.ar\/%77%70%2d%6a%73%6f%6e\/wp\/v2\/media\/238460"}],"wp:attachment":[{"href":"https:\/\/informelitoral.com.ar\/%77%70%2d%6a%73%6f%6e\/wp\/v2\/media?parent=238458"}],"wp:term":[{"taxonomy":"category","embeddable":true,"href":"https:\/\/informelitoral.com.ar\/%77%70%2d%6a%73%6f%6e\/wp\/v2\/categories?post=238458"},{"taxonomy":"post_tag","embeddable":true,"href":"https:\/\/informelitoral.com.ar\/%77%70%2d%6a%73%6f%6e\/wp\/v2\/tags?post=238458"}],"curies":[{"name":"wp","href":"https:\/\/api.w.org\/{rel}","templated":true}]}}