{"id":238252,"date":"2025-10-26T06:30:29","date_gmt":"2025-10-26T09:30:29","guid":{"rendered":"https:\/\/informelitoral.com.ar\/?p=238252"},"modified":"2025-10-26T09:33:22","modified_gmt":"2025-10-26T12:33:22","slug":"es-el-glorioso-jp","status":"publish","type":"post","link":"https:\/\/informelitoral.com.ar\/es-el-glorioso-jp\/","title":{"rendered":"Es el glorioso JP"},"content":{"rendered":"<ul>\n<li><em>Por <a href=\"https:\/\/x.com\/carlosfara?ref_src=twsrc%5Egoogle%7Ctwcamp%5Eserp%7Ctwgr%5Eauthor\" target=\"_blank\" rel=\"noopener\"><strong>Carlos Fara\u00a0<\/strong><\/a><\/em><\/li>\n<\/ul>\n<p>Y ya lo ve! Y ya lo ve! Es el glorioso JP\u2026 Morgan. La intervenci\u00f3n pol\u00edtica y econ\u00f3mica del conglomerado de poder de EE.UU. sobre la Argentina est\u00e1 llegando a su m\u00e1xima expresi\u00f3n, quiz\u00e1 en toda la historia del pa\u00eds. 23 a\u00f1os despu\u00e9s parece cumplirse el consejo del economista Rudi Dornbusch respecto a que aceptemos una \u201cintervenci\u00f3n externa\u201d transitoria hasta que salgamos de la crisis. Puede ser, \u00bfpor qu\u00e9 no? \u00a1Seamos creativos en la b\u00fasqueda de las soluciones! Si le vamos a empezar a encontrar los peros, nunca lo vamos a lograr. Solo tendr\u00edamos que rever algunas \u201cpeque\u00f1as\u201d cuestiones y listo.<\/p>\n<p>Cuando el economista alem\u00e1n dijo aquello fue hacia el principio del gobierno de Duhalde, cuando todo era incertidumbre. En cambio, ahora, luego de 22 meses de mandato de Milei, todo es\u2026 \u00bfincertidumbre? \u201cCaramba, \u00a1qu\u00e9 coincidencia!\u201d dir\u00eda Les Luthiers. En el mismo momento que Ud. lector\/a vea estas l\u00edneas, ya se habr\u00e1 desatado la Caja de Pandora de la concurrencia a las urnas que, depende de cu\u00e1ntos vayamos puede inclinar la balanza hacia un lado o hacia el otro.<\/p>\n<p>El gobierno llega, en materia de aprobaci\u00f3n de gesti\u00f3n, en su peor momento, de la mano de un sinf\u00edn de indicadores econ\u00f3micos de calle poco favorables. Repasemos el combo: escenario recesivo + cansancio con el estilo de liderazgo + falta de empat\u00eda en temas de alta sensibilidad + sospechas de corrupci\u00f3n. Es un oficialismo que ya luc\u00eda deteriorado antes de la elecci\u00f3n bonaerense y el 7-S lo golpe\u00f3 profundamente. Desde esa fecha pasaron 7 semanas y el gobierno libertario solo tuvo dolores de cabeza: primero la saga de Espert, luego los mercados le desconfiaron y, por lo tanto, hizo falta ir en procesi\u00f3n a Washington DC para que el amigo americano -que no es Ripley- nos tire una soga. Con todo esto, la proyecci\u00f3n electoral se fue volviendo poco auspiciosa.<\/p>\n<p>Pero la foto no es lo \u00fanico que pesa. Una pregunta clave que debe hacer todo estudio de opini\u00f3n p\u00fablica profesionalmente dise\u00f1ado es \u201cqui\u00e9n no quiere que gane\u201d, porque ya sabemos que los miedos son m\u00e1s potentes como factor movilizante que las esperanzas. Por lo tanto, habr\u00e1 much@s votantes que -un poco a las puteadas por la decepci\u00f3n- querr\u00e1n otorgarle un voto de confianza al Javo para que no ocurra \u201clo peor\u201d. Esto va de la mano con mayor participaci\u00f3n electoral, la cual es imposible de calcular. La coincidencia absoluta de todos los campamentos pol\u00edticos es la apat\u00eda. En este sentido, el 7-S pudo convencer a m\u00e1s de un@ a marcar violeta y luego Dios dir\u00e1.<\/p>\n<p>Tres presidentes sobre ocho desde 1983 perdieron su primera elecci\u00f3n de medio t\u00e9rmino: De la R\u00faa, Cristina y Alberto. Todos los dem\u00e1s gozaron de un primer voto de confianza porque ten\u00edan logros concretos sobre la mesa, ya sea baja de inflaci\u00f3n, crecimiento, o las dos cosas al mismo tiempo. Siguiendo esta l\u00ednea el le\u00f3n libertario deber\u00eda salir bien parado de este test clave, porque el pa\u00eds crece y la inflaci\u00f3n es m\u00e1s baja que la de 2024. \u00bfPor qu\u00e9 llega entonces tan complicado? 1) recuerden que lo importante la percepci\u00f3n, no los datos objetivos; 2) como ya se\u00f1alamos, la Argentina va a crecer, pero la actividad est\u00e1 estancada y esto genera expectativas negativas sobre el futuro, las cuales mandan a la hora de la verdad; y 3) no todo es la econom\u00eda, est\u00fapido: quiz\u00e1 si el presidente no hubiese cansado con sus shows e improperios, si hubiese tenido otra actitud -ni siquiera hablamos de m\u00e1s plata- frente a discapacitados o jubilados, y no hubiese tenido una seguidilla de sospechas de corrupci\u00f3n, estar\u00edamos hablando de otra forma.<\/p>\n<p>Como el fen\u00f3meno Milei es in\u00e9dito, muchas de las cosas que ocurran en estos 4 a\u00f1os ser\u00e1n extra \u2013 ordinarias. Por lo tanto, tampoco se debe descartar que, pese a la sumatoria de factores negativos, el \u201cgatito mimoso\u201d salve la ropa y se sienta Gardel. Como esta es una elecci\u00f3n de 24 distritos -en donde a las encuestas nacionales les cuesta captar todo lo que sucede con ofertas muy dis\u00edmiles- las simulaciones m\u00e1s razonables hablan de un empate t\u00e9cnico. En criollo significa que LLA puede ganar o perder por muy poco. La probabilidad de una foto catastr\u00f3fica -perder por varios puntos- es muy baja.<\/p>\n<p>Si no hay sorpresas en ese sentido, lo m\u00e1s interesante empezar\u00e1 a suceder el lunes, ya que hay 3 interrogantes claves: 1) \u00bfel gobierno sabe lo que tiene que hacer?, 2) \u00bfcree que lo tiene que hacer?, y 3) \u00bflo sabr\u00e1 hacer? La respuesta a la primera pregunta es positiva porque ya se lo dijeron en todos los idiomas posibles: tiene que volver m\u00e1s sustentable lo pol\u00edtico y lo econ\u00f3mico. La segunda cuesti\u00f3n ya es m\u00e1s dif\u00edcil de dirimir. Existe consenso respecto a que el sistema de bandas no da m\u00e1s, pero libre flotaci\u00f3n va a generar irritaci\u00f3n de corto plazo. Respecto a lo pol\u00edtico, las contradicciones del presidente de los \u00faltimos d\u00edas -se van fulano y mengano, pero eso lo decido el lunes, pero pongo un parche con Quirno, otro ex JP- no ayudan. Si no tiene clara la ingenier\u00eda pol\u00edtica para la segunda parte del mandato, \u00bfentonces qu\u00e9 cambios har\u00e1? Si a Quirno se le suma la eventual entronizaci\u00f3n del joven maravilla, eso significa que ir\u00e1 a un esquema m\u00e1s endog\u00e1mico, lo contrario de lo que le aconseja \u201cRipley\u201d Trump. Eso s\u00ed: para un liderazgo endog\u00e1mico no hay nada mejor que un gabinete endog\u00e1mico, parafraseando a Per\u00f3n.<\/p>\n<p>Si la segunda es complicada, ni hablemos de la tercera. Entre las pujas internas, la carencia de cuadros pol\u00edticos experimentados y con volumen propio, sumado a las impericias que ha tenido en el manejo de lo monetario \/ cambiario, el futuro no luce promisorio. Con un agravante: todos los diputados y senadores que lleguen no habr\u00e1n formado parte de un proyecto presidencial como en 2023, sino que ser\u00e1n pura y exclusivamente de los gobernadores: se podr\u00edan contabilizar nada menos que 15 jefes provinciales que hoy no pertenecen ni a FP, ni a LLA (y algunos que est\u00e1n en esos dos bandos pueden cambiar). \u00bfSer\u00e1 la Argentina m\u00e1s federal que nunca?<\/p>\n<p>\u00bfAcaso nos estamos muriendo y no nos dimos cuenta? No est\u00e1 muerto quien pelea.<\/p>\n","protected":false},"excerpt":{"rendered":"<p>Por Carlos Fara&nbsp; Y ya lo ve! Y ya lo ve! Es el glorioso JP&hellip; Morgan. La intervenci&oacute;n pol&iacute;tica y econ&oacute;mica del conglomerado de poder de EE.UU. sobre la Argentina est&aacute; llegando a su m&aacute;xima expresi&oacute;n, quiz&aacute; en toda la historia del pa&iacute;s. 23 a&ntilde;os despu&eacute;s parece cumplirse el consejo del economista Rudi Dornbusch respecto [&hellip;]<\/p>\n","protected":false},"author":2,"featured_media":186425,"comment_status":"open","ping_status":"open","sticky":false,"template":"","format":"standard","meta":{"fifu_image_url":"","fifu_image_alt":"","footnotes":""},"categories":[11],"tags":[4789,5277],"class_list":{"0":"post-238252","1":"post","2":"type-post","3":"status-publish","4":"format-standard","5":"has-post-thumbnail","7":"category-opinion","8":"tag-carlos-fara","9":"tag-elecciones-2025"},"yoast_head":"<title>Es el glorioso JP - Informe Litoral<\/title>\n<meta name=\"robots\" content=\"index, follow, max-snippet:-1, max-image-preview:large, max-video-preview:-1\" \/>\n<link rel=\"canonical\" href=\"https:\/\/informelitoral.com.ar\/es-el-glorioso-jp\/\" \/>\n<meta property=\"og:locale\" content=\"es_ES\" \/>\n<meta property=\"og:type\" content=\"article\" \/>\n<meta property=\"og:title\" content=\"Es el glorioso JP - Informe Litoral\" \/>\n<meta property=\"og:description\" content=\"Por Carlos Fara&nbsp; Y ya lo ve! Y ya lo ve! Es el glorioso JP&hellip; Morgan. La intervenci&oacute;n pol&iacute;tica y econ&oacute;mica del conglomerado de poder de EE.UU. sobre la Argentina est&aacute; llegando a su m&aacute;xima expresi&oacute;n, quiz&aacute; en toda la historia del pa&iacute;s. 23 a&ntilde;os despu&eacute;s parece cumplirse el consejo del economista Rudi Dornbusch respecto [&hellip;]\" \/>\n<meta property=\"og:url\" content=\"https:\/\/informelitoral.com.ar\/es-el-glorioso-jp\/\" \/>\n<meta property=\"og:site_name\" content=\"Informe Litoral\" \/>\n<meta property=\"article:publisher\" content=\"https:\/\/www.facebook.com\/informelitoral\/\" \/>\n<meta property=\"article:published_time\" content=\"2025-10-26T09:30:29+00:00\" \/>\n<meta property=\"article:modified_time\" content=\"2025-10-26T12:33:22+00:00\" \/>\n<meta property=\"og:image\" content=\"https:\/\/informelitoral.com.ar\/%77%70%2d%63%6f%6e%74%65%6e%74\/uploads\/2024\/05\/carlos-fara.jpg\" \/>\n\t<meta property=\"og:image:width\" content=\"640\" \/>\n\t<meta property=\"og:image:height\" content=\"640\" \/>\n\t<meta property=\"og:image:type\" content=\"image\/jpeg\" \/>\n<meta name=\"author\" content=\"Gonzalo Schmidt\" \/>\n<meta name=\"twitter:card\" content=\"summary_large_image\" \/>\n<meta name=\"twitter:creator\" content=\"@InformeLitoral\" \/>\n<meta name=\"twitter:site\" content=\"@InformeLitoral\" \/>\n<meta name=\"twitter:label1\" content=\"Escrito por\" \/>\n\t<meta name=\"twitter:data1\" content=\"Gonzalo Schmidt\" \/>\n\t<meta name=\"twitter:label2\" content=\"Tiempo de lectura\" \/>\n\t<meta name=\"twitter:data2\" content=\"5 minutos\" \/>\n<script type=\"application\/ld+json\" class=\"yoast-schema-graph\">{\"@context\":\"https:\\\/\\\/schema.org\",\"@graph\":[{\"@type\":\"Article\",\"@id\":\"https:\\\/\\\/informelitoral.com.ar\\\/es-el-glorioso-jp\\\/#article\",\"isPartOf\":{\"@id\":\"https:\\\/\\\/informelitoral.com.ar\\\/es-el-glorioso-jp\\\/\"},\"author\":{\"name\":\"Gonzalo Schmidt\",\"@id\":\"https:\\\/\\\/informelitoral.com.ar\\\/#\\\/schema\\\/person\\\/b9d00407c836482871ef1d57bf8e3180\"},\"headline\":\"Es el glorioso JP\",\"datePublished\":\"2025-10-26T09:30:29+00:00\",\"dateModified\":\"2025-10-26T12:33:22+00:00\",\"mainEntityOfPage\":{\"@id\":\"https:\\\/\\\/informelitoral.com.ar\\\/es-el-glorioso-jp\\\/\"},\"wordCount\":1108,\"commentCount\":0,\"publisher\":{\"@id\":\"https:\\\/\\\/informelitoral.com.ar\\\/#organization\"},\"image\":{\"@id\":\"https:\\\/\\\/informelitoral.com.ar\\\/es-el-glorioso-jp\\\/#primaryimage\"},\"thumbnailUrl\":\"https:\\\/\\\/informelitoral.com.ar\\\/%77%70%2d%63%6f%6e%74%65%6e%74\\\/uploads\\\/2024\\\/05\\\/carlos-fara.jpg\",\"keywords\":[\"Carlos Fara\",\"Elecciones 2025\"],\"articleSection\":[\"Opini\u00f3n\"],\"inLanguage\":\"es\",\"potentialAction\":[{\"@type\":\"CommentAction\",\"name\":\"Comment\",\"target\":[\"https:\\\/\\\/informelitoral.com.ar\\\/es-el-glorioso-jp\\\/#respond\"]}]},{\"@type\":\"WebPage\",\"@id\":\"https:\\\/\\\/informelitoral.com.ar\\\/es-el-glorioso-jp\\\/\",\"url\":\"https:\\\/\\\/informelitoral.com.ar\\\/es-el-glorioso-jp\\\/\",\"name\":\"Es el glorioso JP - Informe Litoral\",\"isPartOf\":{\"@id\":\"https:\\\/\\\/informelitoral.com.ar\\\/#website\"},\"primaryImageOfPage\":{\"@id\":\"https:\\\/\\\/informelitoral.com.ar\\\/es-el-glorioso-jp\\\/#primaryimage\"},\"image\":{\"@id\":\"https:\\\/\\\/informelitoral.com.ar\\\/es-el-glorioso-jp\\\/#primaryimage\"},\"thumbnailUrl\":\"https:\\\/\\\/informelitoral.com.ar\\\/%77%70%2d%63%6f%6e%74%65%6e%74\\\/uploads\\\/2024\\\/05\\\/carlos-fara.jpg\",\"datePublished\":\"2025-10-26T09:30:29+00:00\",\"dateModified\":\"2025-10-26T12:33:22+00:00\",\"breadcrumb\":{\"@id\":\"https:\\\/\\\/informelitoral.com.ar\\\/es-el-glorioso-jp\\\/#breadcrumb\"},\"inLanguage\":\"es\",\"potentialAction\":[{\"@type\":\"ReadAction\",\"target\":[\"https:\\\/\\\/informelitoral.com.ar\\\/es-el-glorioso-jp\\\/\"]}]},{\"@type\":\"ImageObject\",\"inLanguage\":\"es\",\"@id\":\"https:\\\/\\\/informelitoral.com.ar\\\/es-el-glorioso-jp\\\/#primaryimage\",\"url\":\"https:\\\/\\\/informelitoral.com.ar\\\/%77%70%2d%63%6f%6e%74%65%6e%74\\\/uploads\\\/2024\\\/05\\\/carlos-fara.jpg\",\"contentUrl\":\"https:\\\/\\\/informelitoral.com.ar\\\/%77%70%2d%63%6f%6e%74%65%6e%74\\\/uploads\\\/2024\\\/05\\\/carlos-fara.jpg\",\"width\":640,\"height\":640},{\"@type\":\"BreadcrumbList\",\"@id\":\"https:\\\/\\\/informelitoral.com.ar\\\/es-el-glorioso-jp\\\/#breadcrumb\",\"itemListElement\":[{\"@type\":\"ListItem\",\"position\":1,\"name\":\"Portada\",\"item\":\"https:\\\/\\\/informelitoral.com.ar\\\/\"},{\"@type\":\"ListItem\",\"position\":2,\"name\":\"Es el glorioso JP\"}]},{\"@type\":\"WebSite\",\"@id\":\"https:\\\/\\\/informelitoral.com.ar\\\/#website\",\"url\":\"https:\\\/\\\/informelitoral.com.ar\\\/\",\"name\":\"Informe Litoral\",\"description\":\"&quot;Nos informamos&quot; \",\"publisher\":{\"@id\":\"https:\\\/\\\/informelitoral.com.ar\\\/#organization\"},\"potentialAction\":[{\"@type\":\"SearchAction\",\"target\":{\"@type\":\"EntryPoint\",\"urlTemplate\":\"https:\\\/\\\/informelitoral.com.ar\\\/?s={search_term_string}\"},\"query-input\":{\"@type\":\"PropertyValueSpecification\",\"valueRequired\":true,\"valueName\":\"search_term_string\"}}],\"inLanguage\":\"es\"},{\"@type\":\"Organization\",\"@id\":\"https:\\\/\\\/informelitoral.com.ar\\\/#organization\",\"name\":\"Informe Litoral\",\"url\":\"https:\\\/\\\/informelitoral.com.ar\\\/\",\"logo\":{\"@type\":\"ImageObject\",\"inLanguage\":\"es\",\"@id\":\"https:\\\/\\\/informelitoral.com.ar\\\/#\\\/schema\\\/logo\\\/image\\\/\",\"url\":\"https:\\\/\\\/informelitoral.com.ar\\\/%77%70%2d%63%6f%6e%74%65%6e%74\\\/uploads\\\/2021\\\/01\\\/circulo.png\",\"contentUrl\":\"https:\\\/\\\/informelitoral.com.ar\\\/%77%70%2d%63%6f%6e%74%65%6e%74\\\/uploads\\\/2021\\\/01\\\/circulo.png\",\"width\":723,\"height\":731,\"caption\":\"Informe Litoral\"},\"image\":{\"@id\":\"https:\\\/\\\/informelitoral.com.ar\\\/#\\\/schema\\\/logo\\\/image\\\/\"},\"sameAs\":[\"https:\\\/\\\/www.facebook.com\\\/informelitoral\\\/\",\"https:\\\/\\\/x.com\\\/InformeLitoral\",\"https:\\\/\\\/www.instagram.com\\\/informelitoral\\\/\",\"https:\\\/\\\/www.youtube.com\\\/channel\\\/UCua4Qvz8Icb6MYqhoq9xLXw\"]},{\"@type\":\"Person\",\"@id\":\"https:\\\/\\\/informelitoral.com.ar\\\/#\\\/schema\\\/person\\\/b9d00407c836482871ef1d57bf8e3180\",\"name\":\"Gonzalo Schmidt\",\"image\":{\"@type\":\"ImageObject\",\"inLanguage\":\"es\",\"@id\":\"https:\\\/\\\/secure.gravatar.com\\\/avatar\\\/31a1a7b66ff2de83bd0e9fd79d026630d2d99e55e8bfe501287647b4fd9743de?s=96&d=mm&r=g\",\"url\":\"https:\\\/\\\/secure.gravatar.com\\\/avatar\\\/31a1a7b66ff2de83bd0e9fd79d026630d2d99e55e8bfe501287647b4fd9743de?s=96&d=mm&r=g\",\"contentUrl\":\"https:\\\/\\\/secure.gravatar.com\\\/avatar\\\/31a1a7b66ff2de83bd0e9fd79d026630d2d99e55e8bfe501287647b4fd9743de?s=96&d=mm&r=g\",\"caption\":\"Gonzalo Schmidt\"},\"description\":\"Sitio web de noticias de la provincia de Entre R\u00edos, Argentina. Informaci\u00f3n y entretenimiento. Informe Litoral, nos informamos.\",\"sameAs\":[\"http:\\\/\\\/www.isletasnoticias.com.ar\"],\"url\":\"https:\\\/\\\/informelitoral.com.ar\\\/author\\\/gonzalo\\\/\"}]}<\/script>","yoast_head_json":{"title":"Es el glorioso JP - Informe Litoral","robots":{"index":"index","follow":"follow","max-snippet":"max-snippet:-1","max-image-preview":"max-image-preview:large","max-video-preview":"max-video-preview:-1"},"canonical":"https:\/\/informelitoral.com.ar\/es-el-glorioso-jp\/","og_locale":"es_ES","og_type":"article","og_title":"Es el glorioso JP - Informe Litoral","og_description":"Por Carlos Fara&nbsp; Y ya lo ve! Y ya lo ve! Es el glorioso JP&hellip; Morgan. La intervenci&oacute;n pol&iacute;tica y econ&oacute;mica del conglomerado de poder de EE.UU. sobre la Argentina est&aacute; llegando a su m&aacute;xima expresi&oacute;n, quiz&aacute; en toda la historia del pa&iacute;s. 23 a&ntilde;os despu&eacute;s parece cumplirse el consejo del economista Rudi Dornbusch respecto [&hellip;]","og_url":"https:\/\/informelitoral.com.ar\/es-el-glorioso-jp\/","og_site_name":"Informe Litoral","article_publisher":"https:\/\/www.facebook.com\/informelitoral\/","article_published_time":"2025-10-26T09:30:29+00:00","article_modified_time":"2025-10-26T12:33:22+00:00","og_image":[{"width":640,"height":640,"url":"https:\/\/informelitoral.com.ar\/%77%70%2d%63%6f%6e%74%65%6e%74\/uploads\/2024\/05\/carlos-fara.jpg","type":"image\/jpeg"}],"author":"Gonzalo Schmidt","twitter_card":"summary_large_image","twitter_creator":"@InformeLitoral","twitter_site":"@InformeLitoral","twitter_misc":{"Escrito por":"Gonzalo Schmidt","Tiempo de lectura":"5 minutos"},"schema":{"@context":"https:\/\/schema.org","@graph":[{"@type":"Article","@id":"https:\/\/informelitoral.com.ar\/es-el-glorioso-jp\/#article","isPartOf":{"@id":"https:\/\/informelitoral.com.ar\/es-el-glorioso-jp\/"},"author":{"name":"Gonzalo Schmidt","@id":"https:\/\/informelitoral.com.ar\/#\/schema\/person\/b9d00407c836482871ef1d57bf8e3180"},"headline":"Es el glorioso JP","datePublished":"2025-10-26T09:30:29+00:00","dateModified":"2025-10-26T12:33:22+00:00","mainEntityOfPage":{"@id":"https:\/\/informelitoral.com.ar\/es-el-glorioso-jp\/"},"wordCount":1108,"commentCount":0,"publisher":{"@id":"https:\/\/informelitoral.com.ar\/#organization"},"image":{"@id":"https:\/\/informelitoral.com.ar\/es-el-glorioso-jp\/#primaryimage"},"thumbnailUrl":"https:\/\/informelitoral.com.ar\/%77%70%2d%63%6f%6e%74%65%6e%74\/uploads\/2024\/05\/carlos-fara.jpg","keywords":["Carlos Fara","Elecciones 2025"],"articleSection":["Opini\u00f3n"],"inLanguage":"es","potentialAction":[{"@type":"CommentAction","name":"Comment","target":["https:\/\/informelitoral.com.ar\/es-el-glorioso-jp\/#respond"]}]},{"@type":"WebPage","@id":"https:\/\/informelitoral.com.ar\/es-el-glorioso-jp\/","url":"https:\/\/informelitoral.com.ar\/es-el-glorioso-jp\/","name":"Es el glorioso JP - Informe Litoral","isPartOf":{"@id":"https:\/\/informelitoral.com.ar\/#website"},"primaryImageOfPage":{"@id":"https:\/\/informelitoral.com.ar\/es-el-glorioso-jp\/#primaryimage"},"image":{"@id":"https:\/\/informelitoral.com.ar\/es-el-glorioso-jp\/#primaryimage"},"thumbnailUrl":"https:\/\/informelitoral.com.ar\/%77%70%2d%63%6f%6e%74%65%6e%74\/uploads\/2024\/05\/carlos-fara.jpg","datePublished":"2025-10-26T09:30:29+00:00","dateModified":"2025-10-26T12:33:22+00:00","breadcrumb":{"@id":"https:\/\/informelitoral.com.ar\/es-el-glorioso-jp\/#breadcrumb"},"inLanguage":"es","potentialAction":[{"@type":"ReadAction","target":["https:\/\/informelitoral.com.ar\/es-el-glorioso-jp\/"]}]},{"@type":"ImageObject","inLanguage":"es","@id":"https:\/\/informelitoral.com.ar\/es-el-glorioso-jp\/#primaryimage","url":"https:\/\/informelitoral.com.ar\/%77%70%2d%63%6f%6e%74%65%6e%74\/uploads\/2024\/05\/carlos-fara.jpg","contentUrl":"https:\/\/informelitoral.com.ar\/%77%70%2d%63%6f%6e%74%65%6e%74\/uploads\/2024\/05\/carlos-fara.jpg","width":640,"height":640},{"@type":"BreadcrumbList","@id":"https:\/\/informelitoral.com.ar\/es-el-glorioso-jp\/#breadcrumb","itemListElement":[{"@type":"ListItem","position":1,"name":"Portada","item":"https:\/\/informelitoral.com.ar\/"},{"@type":"ListItem","position":2,"name":"Es el glorioso JP"}]},{"@type":"WebSite","@id":"https:\/\/informelitoral.com.ar\/#website","url":"https:\/\/informelitoral.com.ar\/","name":"Informe Litoral","description":"&quot;Nos informamos&quot; ","publisher":{"@id":"https:\/\/informelitoral.com.ar\/#organization"},"potentialAction":[{"@type":"SearchAction","target":{"@type":"EntryPoint","urlTemplate":"https:\/\/informelitoral.com.ar\/?s={search_term_string}"},"query-input":{"@type":"PropertyValueSpecification","valueRequired":true,"valueName":"search_term_string"}}],"inLanguage":"es"},{"@type":"Organization","@id":"https:\/\/informelitoral.com.ar\/#organization","name":"Informe Litoral","url":"https:\/\/informelitoral.com.ar\/","logo":{"@type":"ImageObject","inLanguage":"es","@id":"https:\/\/informelitoral.com.ar\/#\/schema\/logo\/image\/","url":"https:\/\/informelitoral.com.ar\/%77%70%2d%63%6f%6e%74%65%6e%74\/uploads\/2021\/01\/circulo.png","contentUrl":"https:\/\/informelitoral.com.ar\/%77%70%2d%63%6f%6e%74%65%6e%74\/uploads\/2021\/01\/circulo.png","width":723,"height":731,"caption":"Informe Litoral"},"image":{"@id":"https:\/\/informelitoral.com.ar\/#\/schema\/logo\/image\/"},"sameAs":["https:\/\/www.facebook.com\/informelitoral\/","https:\/\/x.com\/InformeLitoral","https:\/\/www.instagram.com\/informelitoral\/","https:\/\/www.youtube.com\/channel\/UCua4Qvz8Icb6MYqhoq9xLXw"]},{"@type":"Person","@id":"https:\/\/informelitoral.com.ar\/#\/schema\/person\/b9d00407c836482871ef1d57bf8e3180","name":"Gonzalo Schmidt","image":{"@type":"ImageObject","inLanguage":"es","@id":"https:\/\/secure.gravatar.com\/avatar\/31a1a7b66ff2de83bd0e9fd79d026630d2d99e55e8bfe501287647b4fd9743de?s=96&d=mm&r=g","url":"https:\/\/secure.gravatar.com\/avatar\/31a1a7b66ff2de83bd0e9fd79d026630d2d99e55e8bfe501287647b4fd9743de?s=96&d=mm&r=g","contentUrl":"https:\/\/secure.gravatar.com\/avatar\/31a1a7b66ff2de83bd0e9fd79d026630d2d99e55e8bfe501287647b4fd9743de?s=96&d=mm&r=g","caption":"Gonzalo Schmidt"},"description":"Sitio web de noticias de la provincia de Entre R\u00edos, Argentina. Informaci\u00f3n y entretenimiento. Informe Litoral, nos informamos.","sameAs":["http:\/\/www.isletasnoticias.com.ar"],"url":"https:\/\/informelitoral.com.ar\/author\/gonzalo\/"}]}},"_links":{"self":[{"href":"https:\/\/informelitoral.com.ar\/%77%70%2d%6a%73%6f%6e\/wp\/v2\/posts\/238252","targetHints":{"allow":["GET"]}}],"collection":[{"href":"https:\/\/informelitoral.com.ar\/%77%70%2d%6a%73%6f%6e\/wp\/v2\/posts"}],"about":[{"href":"https:\/\/informelitoral.com.ar\/%77%70%2d%6a%73%6f%6e\/wp\/v2\/types\/post"}],"author":[{"embeddable":true,"href":"https:\/\/informelitoral.com.ar\/%77%70%2d%6a%73%6f%6e\/wp\/v2\/users\/2"}],"replies":[{"embeddable":true,"href":"https:\/\/informelitoral.com.ar\/%77%70%2d%6a%73%6f%6e\/wp\/v2\/comments?post=238252"}],"version-history":[{"count":1,"href":"https:\/\/informelitoral.com.ar\/%77%70%2d%6a%73%6f%6e\/wp\/v2\/posts\/238252\/revisions"}],"predecessor-version":[{"id":238253,"href":"https:\/\/informelitoral.com.ar\/%77%70%2d%6a%73%6f%6e\/wp\/v2\/posts\/238252\/revisions\/238253"}],"wp:featuredmedia":[{"embeddable":true,"href":"https:\/\/informelitoral.com.ar\/%77%70%2d%6a%73%6f%6e\/wp\/v2\/media\/186425"}],"wp:attachment":[{"href":"https:\/\/informelitoral.com.ar\/%77%70%2d%6a%73%6f%6e\/wp\/v2\/media?parent=238252"}],"wp:term":[{"taxonomy":"category","embeddable":true,"href":"https:\/\/informelitoral.com.ar\/%77%70%2d%6a%73%6f%6e\/wp\/v2\/categories?post=238252"},{"taxonomy":"post_tag","embeddable":true,"href":"https:\/\/informelitoral.com.ar\/%77%70%2d%6a%73%6f%6e\/wp\/v2\/tags?post=238252"}],"curies":[{"name":"wp","href":"https:\/\/api.w.org\/{rel}","templated":true}]}}