{"id":238095,"date":"2025-10-24T07:42:24","date_gmt":"2025-10-24T10:42:24","guid":{"rendered":"https:\/\/informelitoral.com.ar\/?p=238095"},"modified":"2025-10-24T07:42:24","modified_gmt":"2025-10-24T10:42:24","slug":"frigerio-destaco-la-obra-en-la-ruta-20-para-mejorar-transito-y-produccion-en-el-departamento-villaguay","status":"publish","type":"post","link":"https:\/\/informelitoral.com.ar\/frigerio-destaco-la-obra-en-la-ruta-20-para-mejorar-transito-y-produccion-en-el-departamento-villaguay\/","title":{"rendered":"Frigerio destac\u00f3 la obra en la ruta 20 para mejorar tr\u00e1nsito y producci\u00f3n en el departamento Villaguay"},"content":{"rendered":"<p>En la oportunidad, el mandatario estuvo acompa\u00f1ado por el intendente de Villaguay, <strong>Adri\u00e1n Fuertes<\/strong>; el ministro de Planeamiento, Infraestructura y Servicios, <strong>Dar\u00edo Schneider<\/strong>; y la presidenta de la Junta de Gobierno de Lucas Sur Primera, <strong>Andrea Redruello.<\/strong> En el lugar, Frigerio mantuvo un di\u00e1logo con vecinos y productores de la zona, que agradecieron el avance de la obra.<\/p>\n<p>All\u00ed, Frigerio advirti\u00f3 que esta obra \u00abtendr\u00eda que haber estado terminada hace 10 a\u00f1os\u00bb, y destac\u00f3 que esta arteria, en el tramo que conecta Villaguay con Federal, \u00abes como un emblema de los problemas que tenemos en la transitabilidad de las rutas provinciales\u00bb.<\/p>\n<p>Inform\u00f3 que el tramo inicial de la ruta 20, entre Gualeguaych\u00fa y Basavilbaso, ya est\u00e1 en ejecuci\u00f3n y pr\u00f3ximo a concluir, y que el que va desde esta \u00faltima ciudad a Villaguay, est\u00e1 en el proyecto de Presupuesto 2026 para ser financiada por el BID su repavimentaci\u00f3n. En referencia al tramo m\u00e1s complejo, que va de Villaguay a Federal, explic\u00f3 que lo que se est\u00e1 haciendo por ahora \u00abes algo provisorio para que los vecinos y la producci\u00f3n puedan tener transitabilidad\u00bb.<\/p>\n<p>Sobre el estado de la obra, coment\u00f3 que actualmente se negocia con los contratistas el pago de una deuda acumulada de cerca de 3.000 millones de pesos, para despu\u00e9s \u00abver la posibilidad de que con el mismo contrato hagan el tramo de Villaguay a Redom\u00f3n con una primera capa asf\u00e1ltica; y luego, en otra licitaci\u00f3n posterior, una vez que se termine, se haga el asfalto completo. Esta es una obra de unos 28.000 millones de pesos\u00bb, precis\u00f3 y destac\u00f3 el compromiso de avanzar en su ejecuci\u00f3n, sin generar deuda ni intereses, y que \u00abno ser\u00e1 inaugurada antes de estar terminada\u00bb.<\/p>\n<p>Por su parte, el intendente Fuertes enfatiz\u00f3 que \u00abla justificaci\u00f3n productiva de esta ruta es enorme\u00bb, dados los graves inconvenientes que padec\u00edan los vecinos y productores en d\u00edas de lluvia, cuando la intransitabilidad de la v\u00eda tambi\u00e9n imped\u00eda el paso de ambulancias y patrulleros. Resalt\u00f3 el apoyo institucional del gobierno provincial y agradeci\u00f3 la presencia del mandatario. \u00abCada vez que el gobierno provincial haga algo que le sirva a los vecinos, nosotros vamos a estar al lado de las autoridades provinciales\u00bb, dijo.<\/p>\n<p>A su momento, la presidenta de la Junta de Gobierno de Lucas Sur Primera, <strong>Andrea Redruello,<\/strong> destac\u00f3 que la necesidad principal de los vecinos es finalizar o dar tratamiento a la ruta 20. Adicionalmente, se\u00f1al\u00f3 la importancia de trabajar en los caminos internos, un desaf\u00edo que requiere \u00abmucho esfuerzo\u00bb debido a su extensi\u00f3n. No obstante, indic\u00f3 que las obras se est\u00e1n realizando progresivamente con recursos propios y de Vialidad. Sobre el v\u00ednculo con el gobernador, la presidenta lo defini\u00f3 como \u00abmuy bueno\u00bb y agradeci\u00f3 su presencia en la zona.<\/p>\n<p>Tambi\u00e9n estuvieron presentes el titular de Vialidad provincial, <strong>Exequiel Donda<\/strong>; las diputadas provinciales <strong>Susana P\u00e9rez<\/strong> y <strong>Mariana Bentos<\/strong>; y el senador provincial <strong>Juan Pablo Cosso,<\/strong> entre otros.<\/p>\n<h2><strong>Las obras<\/strong><\/h2>\n<p>La obra vial en este tramo de la ruta provincial 20, ejecutada por la Direcci\u00f3n Provincial de Vialidad, incluye la construcci\u00f3n de la obra b\u00e1sica; el pavimento y el ensanche del puente sobre el arroyo Lucas, a lo largo de 27 kil\u00f3metros. El proyecto registra un avance del 32 por ciento y se prev\u00e9 su reactivaci\u00f3n en el corto plazo.<\/p>\n<div class=\"youtube-embed\" data-video_id=\"CjXQvSur6ac\"><iframe loading=\"lazy\" title=\"Frigerio destac\u00f3 la obra en la ruta 20 mejorar tr\u00e1nsito y producci\u00f3n en el departamento Villaguay\" width=\"696\" height=\"392\" src=\"https:\/\/www.youtube.com\/embed\/CjXQvSur6ac?feature=oembed&#038;enablejsapi=1\" frameborder=\"0\" allow=\"accelerometer; autoplay; clipboard-write; encrypted-media; gyroscope; picture-in-picture; web-share\" referrerpolicy=\"strict-origin-when-cross-origin\" allowfullscreen><\/iframe><\/div>\n<h6><em><strong>Del archivo:\u00a0<a href=\"https:\/\/informelitoral.com.ar\/desde-isletas-destacan-mejoras-viales-en-conjunto-con-vialidad\/\" target=\"_blank\" rel=\"noopener\">Desde Isletas destacan mejoras viales en conjunto con Vialidad<\/a><\/strong><\/em><\/h6>\n","protected":false},"excerpt":{"rendered":"<p>El gobernador Rogelio Frigerio estuvo este jueves en el departamento Villaguay, donde recorri\u00f3 los trabajos que se ejecutan en la ruta provincial 20, en el tramo que une la nacional 18 con la escuela N\u00b0 77 Del Peric\u00f3n, en el distrito Lucas Norte.<\/p>\n","protected":false},"author":2,"featured_media":238096,"comment_status":"open","ping_status":"open","sticky":false,"template":"","format":"standard","meta":{"fifu_image_url":"","fifu_image_alt":"","footnotes":""},"categories":[16],"tags":[81,107,949,1331],"class_list":{"0":"post-238095","1":"post","2":"type-post","3":"status-publish","4":"format-standard","5":"has-post-thumbnail","7":"category-politi","8":"tag-entre-rios","9":"tag-obras-viales","10":"tag-rogelio-frigerio","11":"tag-villaguay"},"yoast_head":"<title>Frigerio destac\u00f3 la obra en la ruta 20 para mejorar tr\u00e1nsito y producci\u00f3n en el departamento Villaguay - Informe Litoral<\/title>\n<meta name=\"robots\" content=\"index, follow, max-snippet:-1, max-image-preview:large, max-video-preview:-1\" \/>\n<link rel=\"canonical\" href=\"https:\/\/informelitoral.com.ar\/frigerio-destaco-la-obra-en-la-ruta-20-para-mejorar-transito-y-produccion-en-el-departamento-villaguay\/\" \/>\n<meta property=\"og:locale\" content=\"es_ES\" \/>\n<meta property=\"og:type\" content=\"article\" \/>\n<meta property=\"og:title\" content=\"Frigerio destac\u00f3 la obra en la ruta 20 para mejorar tr\u00e1nsito y producci\u00f3n en el departamento Villaguay - Informe Litoral\" \/>\n<meta property=\"og:description\" content=\"El gobernador Rogelio Frigerio estuvo este jueves en el departamento Villaguay, donde recorri\u00f3 los trabajos que se ejecutan en la ruta provincial 20, en el tramo que une la nacional 18 con la escuela N\u00b0 77 Del Peric\u00f3n, en el distrito Lucas Norte.\" \/>\n<meta property=\"og:url\" content=\"https:\/\/informelitoral.com.ar\/frigerio-destaco-la-obra-en-la-ruta-20-para-mejorar-transito-y-produccion-en-el-departamento-villaguay\/\" \/>\n<meta property=\"og:site_name\" content=\"Informe Litoral\" \/>\n<meta property=\"article:publisher\" content=\"https:\/\/www.facebook.com\/informelitoral\/\" \/>\n<meta property=\"article:published_time\" content=\"2025-10-24T10:42:24+00:00\" \/>\n<meta property=\"og:image\" content=\"https:\/\/drive.google.com\/https:\/\/lh3.googleusercontent.com\/drive-storage\/AJQWtBPPl0pzoDA2EFsVSnewzDhhhUQ5GYuLMxwxECXNYXiYmjqePyvP8548hJXmG9SABox2qEdV1qxYV5D_uqoLmFZ6p__7P3r73EjQJv0yl4GVRA=256-h256\" \/>\n\t<meta property=\"og:image:width\" content=\"1024\" \/>\n\t<meta property=\"og:image:height\" content=\"1024\" \/>\n\t<meta property=\"og:image:type\" content=\"image\/jpeg\" \/>\n<meta name=\"author\" content=\"Gonzalo Schmidt\" \/>\n<meta name=\"twitter:card\" content=\"summary_large_image\" \/>\n<meta name=\"twitter:creator\" content=\"@InformeLitoral\" \/>\n<meta name=\"twitter:site\" content=\"@InformeLitoral\" \/>\n<meta name=\"twitter:label1\" content=\"Escrito por\" \/>\n\t<meta name=\"twitter:data1\" content=\"Gonzalo Schmidt\" \/>\n\t<meta name=\"twitter:label2\" content=\"Tiempo de lectura\" \/>\n\t<meta name=\"twitter:data2\" content=\"3 minutos\" \/>\n<script type=\"application\/ld+json\" class=\"yoast-schema-graph\">{\"@context\":\"https:\\\/\\\/schema.org\",\"@graph\":[{\"@type\":\"Article\",\"@id\":\"https:\\\/\\\/informelitoral.com.ar\\\/frigerio-destaco-la-obra-en-la-ruta-20-para-mejorar-transito-y-produccion-en-el-departamento-villaguay\\\/#article\",\"isPartOf\":{\"@id\":\"https:\\\/\\\/informelitoral.com.ar\\\/frigerio-destaco-la-obra-en-la-ruta-20-para-mejorar-transito-y-produccion-en-el-departamento-villaguay\\\/\"},\"author\":{\"name\":\"Gonzalo Schmidt\",\"@id\":\"https:\\\/\\\/informelitoral.com.ar\\\/#\\\/schema\\\/person\\\/b9d00407c836482871ef1d57bf8e3180\"},\"headline\":\"Frigerio destac\u00f3 la obra en la ruta 20 para mejorar tr\u00e1nsito y producci\u00f3n en el departamento Villaguay\",\"datePublished\":\"2025-10-24T10:42:24+00:00\",\"mainEntityOfPage\":{\"@id\":\"https:\\\/\\\/informelitoral.com.ar\\\/frigerio-destaco-la-obra-en-la-ruta-20-para-mejorar-transito-y-produccion-en-el-departamento-villaguay\\\/\"},\"wordCount\":604,\"commentCount\":0,\"publisher\":{\"@id\":\"https:\\\/\\\/informelitoral.com.ar\\\/#organization\"},\"image\":{\"@id\":\"https:\\\/\\\/informelitoral.com.ar\\\/frigerio-destaco-la-obra-en-la-ruta-20-para-mejorar-transito-y-produccion-en-el-departamento-villaguay\\\/#primaryimage\"},\"thumbnailUrl\":\"https:\\\/\\\/drive.google.com\\\/thumbnail?id=1DWJ3VWg2VDl-6pXFiu8QE4i8KQoVg8aP&sz=w2048\",\"keywords\":[\"Entre R\u00edos\",\"Obras viales\",\"Rogelio Frigerio\",\"Villaguay\"],\"articleSection\":[\"Politica\"],\"inLanguage\":\"es\",\"potentialAction\":[{\"@type\":\"CommentAction\",\"name\":\"Comment\",\"target\":[\"https:\\\/\\\/informelitoral.com.ar\\\/frigerio-destaco-la-obra-en-la-ruta-20-para-mejorar-transito-y-produccion-en-el-departamento-villaguay\\\/#respond\"]}]},{\"@type\":\"WebPage\",\"@id\":\"https:\\\/\\\/informelitoral.com.ar\\\/frigerio-destaco-la-obra-en-la-ruta-20-para-mejorar-transito-y-produccion-en-el-departamento-villaguay\\\/\",\"url\":\"https:\\\/\\\/informelitoral.com.ar\\\/frigerio-destaco-la-obra-en-la-ruta-20-para-mejorar-transito-y-produccion-en-el-departamento-villaguay\\\/\",\"name\":\"Frigerio destac\u00f3 la obra en la ruta 20 para mejorar tr\u00e1nsito y producci\u00f3n en el departamento Villaguay - Informe Litoral\",\"isPartOf\":{\"@id\":\"https:\\\/\\\/informelitoral.com.ar\\\/#website\"},\"primaryImageOfPage\":{\"@id\":\"https:\\\/\\\/informelitoral.com.ar\\\/frigerio-destaco-la-obra-en-la-ruta-20-para-mejorar-transito-y-produccion-en-el-departamento-villaguay\\\/#primaryimage\"},\"image\":{\"@id\":\"https:\\\/\\\/informelitoral.com.ar\\\/frigerio-destaco-la-obra-en-la-ruta-20-para-mejorar-transito-y-produccion-en-el-departamento-villaguay\\\/#primaryimage\"},\"thumbnailUrl\":\"https:\\\/\\\/drive.google.com\\\/thumbnail?id=1DWJ3VWg2VDl-6pXFiu8QE4i8KQoVg8aP&sz=w2048\",\"datePublished\":\"2025-10-24T10:42:24+00:00\",\"breadcrumb\":{\"@id\":\"https:\\\/\\\/informelitoral.com.ar\\\/frigerio-destaco-la-obra-en-la-ruta-20-para-mejorar-transito-y-produccion-en-el-departamento-villaguay\\\/#breadcrumb\"},\"inLanguage\":\"es\",\"potentialAction\":[{\"@type\":\"ReadAction\",\"target\":[\"https:\\\/\\\/informelitoral.com.ar\\\/frigerio-destaco-la-obra-en-la-ruta-20-para-mejorar-transito-y-produccion-en-el-departamento-villaguay\\\/\"]}]},{\"@type\":\"ImageObject\",\"inLanguage\":\"es\",\"@id\":\"https:\\\/\\\/informelitoral.com.ar\\\/frigerio-destaco-la-obra-en-la-ruta-20-para-mejorar-transito-y-produccion-en-el-departamento-villaguay\\\/#primaryimage\",\"url\":\"https:\\\/\\\/drive.google.com\\\/thumbnail?id=1DWJ3VWg2VDl-6pXFiu8QE4i8KQoVg8aP&sz=w2048\",\"contentUrl\":\"https:\\\/\\\/drive.google.com\\\/thumbnail?id=1DWJ3VWg2VDl-6pXFiu8QE4i8KQoVg8aP&sz=w2048\",\"width\":1600,\"height\":1067},{\"@type\":\"BreadcrumbList\",\"@id\":\"https:\\\/\\\/informelitoral.com.ar\\\/frigerio-destaco-la-obra-en-la-ruta-20-para-mejorar-transito-y-produccion-en-el-departamento-villaguay\\\/#breadcrumb\",\"itemListElement\":[{\"@type\":\"ListItem\",\"position\":1,\"name\":\"Portada\",\"item\":\"https:\\\/\\\/informelitoral.com.ar\\\/\"},{\"@type\":\"ListItem\",\"position\":2,\"name\":\"Frigerio destac\u00f3 la obra en la ruta 20 para mejorar tr\u00e1nsito y producci\u00f3n en el departamento Villaguay\"}]},{\"@type\":\"WebSite\",\"@id\":\"https:\\\/\\\/informelitoral.com.ar\\\/#website\",\"url\":\"https:\\\/\\\/informelitoral.com.ar\\\/\",\"name\":\"Informe Litoral\",\"description\":\"&quot;Nos informamos&quot; \",\"publisher\":{\"@id\":\"https:\\\/\\\/informelitoral.com.ar\\\/#organization\"},\"potentialAction\":[{\"@type\":\"SearchAction\",\"target\":{\"@type\":\"EntryPoint\",\"urlTemplate\":\"https:\\\/\\\/informelitoral.com.ar\\\/?s={search_term_string}\"},\"query-input\":{\"@type\":\"PropertyValueSpecification\",\"valueRequired\":true,\"valueName\":\"search_term_string\"}}],\"inLanguage\":\"es\"},{\"@type\":\"Organization\",\"@id\":\"https:\\\/\\\/informelitoral.com.ar\\\/#organization\",\"name\":\"Informe Litoral\",\"url\":\"https:\\\/\\\/informelitoral.com.ar\\\/\",\"logo\":{\"@type\":\"ImageObject\",\"inLanguage\":\"es\",\"@id\":\"https:\\\/\\\/informelitoral.com.ar\\\/#\\\/schema\\\/logo\\\/image\\\/\",\"url\":\"https:\\\/\\\/informelitoral.com.ar\\\/%77%70%2d%63%6f%6e%74%65%6e%74\\\/uploads\\\/2021\\\/01\\\/circulo.png\",\"contentUrl\":\"https:\\\/\\\/informelitoral.com.ar\\\/%77%70%2d%63%6f%6e%74%65%6e%74\\\/uploads\\\/2021\\\/01\\\/circulo.png\",\"width\":723,\"height\":731,\"caption\":\"Informe Litoral\"},\"image\":{\"@id\":\"https:\\\/\\\/informelitoral.com.ar\\\/#\\\/schema\\\/logo\\\/image\\\/\"},\"sameAs\":[\"https:\\\/\\\/www.facebook.com\\\/informelitoral\\\/\",\"https:\\\/\\\/x.com\\\/InformeLitoral\",\"https:\\\/\\\/www.instagram.com\\\/informelitoral\\\/\",\"https:\\\/\\\/www.youtube.com\\\/channel\\\/UCua4Qvz8Icb6MYqhoq9xLXw\"]},{\"@type\":\"Person\",\"@id\":\"https:\\\/\\\/informelitoral.com.ar\\\/#\\\/schema\\\/person\\\/b9d00407c836482871ef1d57bf8e3180\",\"name\":\"Gonzalo Schmidt\",\"image\":{\"@type\":\"ImageObject\",\"inLanguage\":\"es\",\"@id\":\"https:\\\/\\\/secure.gravatar.com\\\/avatar\\\/31a1a7b66ff2de83bd0e9fd79d026630d2d99e55e8bfe501287647b4fd9743de?s=96&d=mm&r=g\",\"url\":\"https:\\\/\\\/secure.gravatar.com\\\/avatar\\\/31a1a7b66ff2de83bd0e9fd79d026630d2d99e55e8bfe501287647b4fd9743de?s=96&d=mm&r=g\",\"contentUrl\":\"https:\\\/\\\/secure.gravatar.com\\\/avatar\\\/31a1a7b66ff2de83bd0e9fd79d026630d2d99e55e8bfe501287647b4fd9743de?s=96&d=mm&r=g\",\"caption\":\"Gonzalo Schmidt\"},\"description\":\"Sitio web de noticias de la provincia de Entre R\u00edos, Argentina. Informaci\u00f3n y entretenimiento. Informe Litoral, nos informamos.\",\"sameAs\":[\"http:\\\/\\\/www.isletasnoticias.com.ar\"],\"url\":\"https:\\\/\\\/informelitoral.com.ar\\\/author\\\/gonzalo\\\/\"}]}<\/script>","yoast_head_json":{"title":"Frigerio destac\u00f3 la obra en la ruta 20 para mejorar tr\u00e1nsito y producci\u00f3n en el departamento Villaguay - Informe Litoral","robots":{"index":"index","follow":"follow","max-snippet":"max-snippet:-1","max-image-preview":"max-image-preview:large","max-video-preview":"max-video-preview:-1"},"canonical":"https:\/\/informelitoral.com.ar\/frigerio-destaco-la-obra-en-la-ruta-20-para-mejorar-transito-y-produccion-en-el-departamento-villaguay\/","og_locale":"es_ES","og_type":"article","og_title":"Frigerio destac\u00f3 la obra en la ruta 20 para mejorar tr\u00e1nsito y producci\u00f3n en el departamento Villaguay - Informe Litoral","og_description":"El gobernador Rogelio Frigerio estuvo este jueves en el departamento Villaguay, donde recorri\u00f3 los trabajos que se ejecutan en la ruta provincial 20, en el tramo que une la nacional 18 con la escuela N\u00b0 77 Del Peric\u00f3n, en el distrito Lucas Norte.","og_url":"https:\/\/informelitoral.com.ar\/frigerio-destaco-la-obra-en-la-ruta-20-para-mejorar-transito-y-produccion-en-el-departamento-villaguay\/","og_site_name":"Informe Litoral","article_publisher":"https:\/\/www.facebook.com\/informelitoral\/","article_published_time":"2025-10-24T10:42:24+00:00","og_image":[{"width":1024,"height":1024,"url":"https:\/\/drive.google.com\/https:\/\/lh3.googleusercontent.com\/drive-storage\/AJQWtBPPl0pzoDA2EFsVSnewzDhhhUQ5GYuLMxwxECXNYXiYmjqePyvP8548hJXmG9SABox2qEdV1qxYV5D_uqoLmFZ6p__7P3r73EjQJv0yl4GVRA=256-h256","type":"image\/jpeg"}],"author":"Gonzalo Schmidt","twitter_card":"summary_large_image","twitter_creator":"@InformeLitoral","twitter_site":"@InformeLitoral","twitter_misc":{"Escrito por":"Gonzalo Schmidt","Tiempo de lectura":"3 minutos"},"schema":{"@context":"https:\/\/schema.org","@graph":[{"@type":"Article","@id":"https:\/\/informelitoral.com.ar\/frigerio-destaco-la-obra-en-la-ruta-20-para-mejorar-transito-y-produccion-en-el-departamento-villaguay\/#article","isPartOf":{"@id":"https:\/\/informelitoral.com.ar\/frigerio-destaco-la-obra-en-la-ruta-20-para-mejorar-transito-y-produccion-en-el-departamento-villaguay\/"},"author":{"name":"Gonzalo Schmidt","@id":"https:\/\/informelitoral.com.ar\/#\/schema\/person\/b9d00407c836482871ef1d57bf8e3180"},"headline":"Frigerio destac\u00f3 la obra en la ruta 20 para mejorar tr\u00e1nsito y producci\u00f3n en el departamento Villaguay","datePublished":"2025-10-24T10:42:24+00:00","mainEntityOfPage":{"@id":"https:\/\/informelitoral.com.ar\/frigerio-destaco-la-obra-en-la-ruta-20-para-mejorar-transito-y-produccion-en-el-departamento-villaguay\/"},"wordCount":604,"commentCount":0,"publisher":{"@id":"https:\/\/informelitoral.com.ar\/#organization"},"image":{"@id":"https:\/\/informelitoral.com.ar\/frigerio-destaco-la-obra-en-la-ruta-20-para-mejorar-transito-y-produccion-en-el-departamento-villaguay\/#primaryimage"},"thumbnailUrl":"https:\/\/drive.google.com\/thumbnail?id=1DWJ3VWg2VDl-6pXFiu8QE4i8KQoVg8aP&sz=w2048","keywords":["Entre R\u00edos","Obras viales","Rogelio Frigerio","Villaguay"],"articleSection":["Politica"],"inLanguage":"es","potentialAction":[{"@type":"CommentAction","name":"Comment","target":["https:\/\/informelitoral.com.ar\/frigerio-destaco-la-obra-en-la-ruta-20-para-mejorar-transito-y-produccion-en-el-departamento-villaguay\/#respond"]}]},{"@type":"WebPage","@id":"https:\/\/informelitoral.com.ar\/frigerio-destaco-la-obra-en-la-ruta-20-para-mejorar-transito-y-produccion-en-el-departamento-villaguay\/","url":"https:\/\/informelitoral.com.ar\/frigerio-destaco-la-obra-en-la-ruta-20-para-mejorar-transito-y-produccion-en-el-departamento-villaguay\/","name":"Frigerio destac\u00f3 la obra en la ruta 20 para mejorar tr\u00e1nsito y producci\u00f3n en el departamento Villaguay - Informe Litoral","isPartOf":{"@id":"https:\/\/informelitoral.com.ar\/#website"},"primaryImageOfPage":{"@id":"https:\/\/informelitoral.com.ar\/frigerio-destaco-la-obra-en-la-ruta-20-para-mejorar-transito-y-produccion-en-el-departamento-villaguay\/#primaryimage"},"image":{"@id":"https:\/\/informelitoral.com.ar\/frigerio-destaco-la-obra-en-la-ruta-20-para-mejorar-transito-y-produccion-en-el-departamento-villaguay\/#primaryimage"},"thumbnailUrl":"https:\/\/drive.google.com\/thumbnail?id=1DWJ3VWg2VDl-6pXFiu8QE4i8KQoVg8aP&sz=w2048","datePublished":"2025-10-24T10:42:24+00:00","breadcrumb":{"@id":"https:\/\/informelitoral.com.ar\/frigerio-destaco-la-obra-en-la-ruta-20-para-mejorar-transito-y-produccion-en-el-departamento-villaguay\/#breadcrumb"},"inLanguage":"es","potentialAction":[{"@type":"ReadAction","target":["https:\/\/informelitoral.com.ar\/frigerio-destaco-la-obra-en-la-ruta-20-para-mejorar-transito-y-produccion-en-el-departamento-villaguay\/"]}]},{"@type":"ImageObject","inLanguage":"es","@id":"https:\/\/informelitoral.com.ar\/frigerio-destaco-la-obra-en-la-ruta-20-para-mejorar-transito-y-produccion-en-el-departamento-villaguay\/#primaryimage","url":"https:\/\/drive.google.com\/thumbnail?id=1DWJ3VWg2VDl-6pXFiu8QE4i8KQoVg8aP&sz=w2048","contentUrl":"https:\/\/drive.google.com\/thumbnail?id=1DWJ3VWg2VDl-6pXFiu8QE4i8KQoVg8aP&sz=w2048","width":1600,"height":1067},{"@type":"BreadcrumbList","@id":"https:\/\/informelitoral.com.ar\/frigerio-destaco-la-obra-en-la-ruta-20-para-mejorar-transito-y-produccion-en-el-departamento-villaguay\/#breadcrumb","itemListElement":[{"@type":"ListItem","position":1,"name":"Portada","item":"https:\/\/informelitoral.com.ar\/"},{"@type":"ListItem","position":2,"name":"Frigerio destac\u00f3 la obra en la ruta 20 para mejorar tr\u00e1nsito y producci\u00f3n en el departamento Villaguay"}]},{"@type":"WebSite","@id":"https:\/\/informelitoral.com.ar\/#website","url":"https:\/\/informelitoral.com.ar\/","name":"Informe Litoral","description":"&quot;Nos informamos&quot; ","publisher":{"@id":"https:\/\/informelitoral.com.ar\/#organization"},"potentialAction":[{"@type":"SearchAction","target":{"@type":"EntryPoint","urlTemplate":"https:\/\/informelitoral.com.ar\/?s={search_term_string}"},"query-input":{"@type":"PropertyValueSpecification","valueRequired":true,"valueName":"search_term_string"}}],"inLanguage":"es"},{"@type":"Organization","@id":"https:\/\/informelitoral.com.ar\/#organization","name":"Informe Litoral","url":"https:\/\/informelitoral.com.ar\/","logo":{"@type":"ImageObject","inLanguage":"es","@id":"https:\/\/informelitoral.com.ar\/#\/schema\/logo\/image\/","url":"https:\/\/informelitoral.com.ar\/%77%70%2d%63%6f%6e%74%65%6e%74\/uploads\/2021\/01\/circulo.png","contentUrl":"https:\/\/informelitoral.com.ar\/%77%70%2d%63%6f%6e%74%65%6e%74\/uploads\/2021\/01\/circulo.png","width":723,"height":731,"caption":"Informe Litoral"},"image":{"@id":"https:\/\/informelitoral.com.ar\/#\/schema\/logo\/image\/"},"sameAs":["https:\/\/www.facebook.com\/informelitoral\/","https:\/\/x.com\/InformeLitoral","https:\/\/www.instagram.com\/informelitoral\/","https:\/\/www.youtube.com\/channel\/UCua4Qvz8Icb6MYqhoq9xLXw"]},{"@type":"Person","@id":"https:\/\/informelitoral.com.ar\/#\/schema\/person\/b9d00407c836482871ef1d57bf8e3180","name":"Gonzalo Schmidt","image":{"@type":"ImageObject","inLanguage":"es","@id":"https:\/\/secure.gravatar.com\/avatar\/31a1a7b66ff2de83bd0e9fd79d026630d2d99e55e8bfe501287647b4fd9743de?s=96&d=mm&r=g","url":"https:\/\/secure.gravatar.com\/avatar\/31a1a7b66ff2de83bd0e9fd79d026630d2d99e55e8bfe501287647b4fd9743de?s=96&d=mm&r=g","contentUrl":"https:\/\/secure.gravatar.com\/avatar\/31a1a7b66ff2de83bd0e9fd79d026630d2d99e55e8bfe501287647b4fd9743de?s=96&d=mm&r=g","caption":"Gonzalo Schmidt"},"description":"Sitio web de noticias de la provincia de Entre R\u00edos, Argentina. Informaci\u00f3n y entretenimiento. Informe Litoral, nos informamos.","sameAs":["http:\/\/www.isletasnoticias.com.ar"],"url":"https:\/\/informelitoral.com.ar\/author\/gonzalo\/"}]}},"_links":{"self":[{"href":"https:\/\/informelitoral.com.ar\/%77%70%2d%6a%73%6f%6e\/wp\/v2\/posts\/238095","targetHints":{"allow":["GET"]}}],"collection":[{"href":"https:\/\/informelitoral.com.ar\/%77%70%2d%6a%73%6f%6e\/wp\/v2\/posts"}],"about":[{"href":"https:\/\/informelitoral.com.ar\/%77%70%2d%6a%73%6f%6e\/wp\/v2\/types\/post"}],"author":[{"embeddable":true,"href":"https:\/\/informelitoral.com.ar\/%77%70%2d%6a%73%6f%6e\/wp\/v2\/users\/2"}],"replies":[{"embeddable":true,"href":"https:\/\/informelitoral.com.ar\/%77%70%2d%6a%73%6f%6e\/wp\/v2\/comments?post=238095"}],"version-history":[{"count":1,"href":"https:\/\/informelitoral.com.ar\/%77%70%2d%6a%73%6f%6e\/wp\/v2\/posts\/238095\/revisions"}],"predecessor-version":[{"id":238098,"href":"https:\/\/informelitoral.com.ar\/%77%70%2d%6a%73%6f%6e\/wp\/v2\/posts\/238095\/revisions\/238098"}],"wp:featuredmedia":[{"embeddable":true,"href":"https:\/\/informelitoral.com.ar\/%77%70%2d%6a%73%6f%6e\/wp\/v2\/media\/238096"}],"wp:attachment":[{"href":"https:\/\/informelitoral.com.ar\/%77%70%2d%6a%73%6f%6e\/wp\/v2\/media?parent=238095"}],"wp:term":[{"taxonomy":"category","embeddable":true,"href":"https:\/\/informelitoral.com.ar\/%77%70%2d%6a%73%6f%6e\/wp\/v2\/categories?post=238095"},{"taxonomy":"post_tag","embeddable":true,"href":"https:\/\/informelitoral.com.ar\/%77%70%2d%6a%73%6f%6e\/wp\/v2\/tags?post=238095"}],"curies":[{"name":"wp","href":"https:\/\/api.w.org\/{rel}","templated":true}]}}