{"id":238077,"date":"2025-10-23T15:23:01","date_gmt":"2025-10-23T18:23:01","guid":{"rendered":"https:\/\/informelitoral.com.ar\/?p=238077"},"modified":"2025-10-23T15:47:50","modified_gmt":"2025-10-23T18:47:50","slug":"general-ramirez-capacitacion-en-gestion-integral-de-residuos","status":"publish","type":"post","link":"https:\/\/informelitoral.com.ar\/general-ramirez-capacitacion-en-gestion-integral-de-residuos\/","title":{"rendered":"General Ram\u00edrez: se realiz\u00f3 una capacitaci\u00f3n en gesti\u00f3n integral de residuos"},"content":{"rendered":"<p><strong>La Municipalidad de General Ram\u00edrez<\/strong>, en conjunto con la <strong>Fundaci\u00f3n Eco Urbano<\/strong>, llev\u00f3 a cabo una capacitaci\u00f3n sobre gesti\u00f3n integral e inclusiva de residuos destinada a trabajadores municipales de diferentes \u00e1reas.<\/p>\n<p>Durante la jornada, se analizaron las distintas etapas de la gesti\u00f3n de residuos, desde la recolecci\u00f3n hasta la disposici\u00f3n final. Los participantes discutieron sobre la importancia de mejorar aspectos como la recolecci\u00f3n de voluminosos y la de residuos domiciliarios, con el objetivo de reducir la cantidad de residuos que terminan en los rellenos sanitarios.<\/p>\n<p>Adem\u00e1s, se enfatiz\u00f3 en la separaci\u00f3n en origen como una pr\u00e1ctica fundamental para que los materiales recuperables lleguen en condiciones a la Cooperativa de Recicladores \u00abCreando Valores\u00bb.(<em>Informe Litoral<\/em>)<\/p>\n","protected":false},"excerpt":{"rendered":"<p>Uno de los ejes de la formaci\u00f3n fue la importancia de la separaci\u00f3n en origen.<\/p>\n","protected":false},"author":8,"featured_media":238079,"comment_status":"open","ping_status":"open","sticky":false,"template":"","format":"standard","meta":{"fifu_image_url":"","fifu_image_alt":"","footnotes":""},"categories":[5,4586],"tags":[54,1385,556,1354],"class_list":{"0":"post-238077","1":"post","2":"type-post","3":"status-publish","4":"format-standard","5":"has-post-thumbnail","7":"category-zonales","8":"category-general-ramirez","9":"tag-capacitacion","10":"tag-departamento-diamante","11":"tag-general-ramirez","12":"tag-residuos"},"yoast_head":"<title>General Ram\u00edrez: se realiz\u00f3 una capacitaci\u00f3n en gesti\u00f3n integral de residuos - Informe Litoral<\/title>\n<meta name=\"robots\" content=\"index, follow, max-snippet:-1, max-image-preview:large, max-video-preview:-1\" \/>\n<link rel=\"canonical\" href=\"https:\/\/informelitoral.com.ar\/general-ramirez-capacitacion-en-gestion-integral-de-residuos\/\" \/>\n<meta property=\"og:locale\" content=\"es_ES\" \/>\n<meta property=\"og:type\" content=\"article\" \/>\n<meta property=\"og:title\" content=\"General Ram\u00edrez: se realiz\u00f3 una capacitaci\u00f3n en gesti\u00f3n integral de residuos - Informe Litoral\" \/>\n<meta property=\"og:description\" content=\"Uno de los ejes de la formaci\u00f3n fue la importancia de la separaci\u00f3n en origen.\" \/>\n<meta property=\"og:url\" content=\"https:\/\/informelitoral.com.ar\/general-ramirez-capacitacion-en-gestion-integral-de-residuos\/\" \/>\n<meta property=\"og:site_name\" content=\"Informe Litoral\" \/>\n<meta property=\"article:publisher\" content=\"https:\/\/www.facebook.com\/informelitoral\/\" \/>\n<meta property=\"article:published_time\" content=\"2025-10-23T18:23:01+00:00\" \/>\n<meta property=\"article:modified_time\" content=\"2025-10-23T18:47:50+00:00\" \/>\n<meta property=\"og:image\" content=\"https:\/\/drive.google.com\/thumbnail?id=1iS_3ILLgSKjr9L571IuFAA_nRgu87jRR&sz=w2048\" \/>\n\t<meta property=\"og:image:width\" content=\"960\" \/>\n\t<meta property=\"og:image:height\" content=\"711\" \/>\n\t<meta property=\"og:image:type\" content=\"image\/jpeg\" \/>\n<meta name=\"author\" content=\"Sebastian\" \/>\n<meta name=\"twitter:card\" content=\"summary_large_image\" \/>\n<meta name=\"twitter:creator\" content=\"@InformeLitoral\" \/>\n<meta name=\"twitter:site\" content=\"@InformeLitoral\" \/>\n<meta name=\"twitter:label1\" content=\"Escrito por\" \/>\n\t<meta name=\"twitter:data1\" content=\"Sebastian\" \/>\n\t<meta name=\"twitter:label2\" content=\"Tiempo de lectura\" \/>\n\t<meta name=\"twitter:data2\" content=\"1 minuto\" \/>\n<script type=\"application\/ld+json\" class=\"yoast-schema-graph\">{\"@context\":\"https:\\\/\\\/schema.org\",\"@graph\":[{\"@type\":\"Article\",\"@id\":\"https:\\\/\\\/informelitoral.com.ar\\\/general-ramirez-capacitacion-en-gestion-integral-de-residuos\\\/#article\",\"isPartOf\":{\"@id\":\"https:\\\/\\\/informelitoral.com.ar\\\/general-ramirez-capacitacion-en-gestion-integral-de-residuos\\\/\"},\"author\":{\"name\":\"Sebastian\",\"@id\":\"https:\\\/\\\/informelitoral.com.ar\\\/#\\\/schema\\\/person\\\/f05f9f461677119578717524b127d6d5\"},\"headline\":\"General Ram\u00edrez: se realiz\u00f3 una capacitaci\u00f3n en gesti\u00f3n integral de residuos\",\"datePublished\":\"2025-10-23T18:23:01+00:00\",\"dateModified\":\"2025-10-23T18:47:50+00:00\",\"mainEntityOfPage\":{\"@id\":\"https:\\\/\\\/informelitoral.com.ar\\\/general-ramirez-capacitacion-en-gestion-integral-de-residuos\\\/\"},\"wordCount\":139,\"commentCount\":0,\"publisher\":{\"@id\":\"https:\\\/\\\/informelitoral.com.ar\\\/#organization\"},\"image\":{\"@id\":\"https:\\\/\\\/informelitoral.com.ar\\\/general-ramirez-capacitacion-en-gestion-integral-de-residuos\\\/#primaryimage\"},\"thumbnailUrl\":\"https:\\\/\\\/drive.google.com\\\/thumbnail?id=1iS_3ILLgSKjr9L571IuFAA_nRgu87jRR&sz=w2048\",\"keywords\":[\"Capacitaci\u00f3n\",\"Departamento Diamante\",\"General Ram\u00edrez\",\"Residuos\"],\"articleSection\":[\"Departamento Diamante\",\"General Ram\u00edrez\"],\"inLanguage\":\"es\",\"potentialAction\":[{\"@type\":\"CommentAction\",\"name\":\"Comment\",\"target\":[\"https:\\\/\\\/informelitoral.com.ar\\\/general-ramirez-capacitacion-en-gestion-integral-de-residuos\\\/#respond\"]}]},{\"@type\":\"WebPage\",\"@id\":\"https:\\\/\\\/informelitoral.com.ar\\\/general-ramirez-capacitacion-en-gestion-integral-de-residuos\\\/\",\"url\":\"https:\\\/\\\/informelitoral.com.ar\\\/general-ramirez-capacitacion-en-gestion-integral-de-residuos\\\/\",\"name\":\"General Ram\u00edrez: se realiz\u00f3 una capacitaci\u00f3n en gesti\u00f3n integral de residuos - Informe Litoral\",\"isPartOf\":{\"@id\":\"https:\\\/\\\/informelitoral.com.ar\\\/#website\"},\"primaryImageOfPage\":{\"@id\":\"https:\\\/\\\/informelitoral.com.ar\\\/general-ramirez-capacitacion-en-gestion-integral-de-residuos\\\/#primaryimage\"},\"image\":{\"@id\":\"https:\\\/\\\/informelitoral.com.ar\\\/general-ramirez-capacitacion-en-gestion-integral-de-residuos\\\/#primaryimage\"},\"thumbnailUrl\":\"https:\\\/\\\/drive.google.com\\\/thumbnail?id=1iS_3ILLgSKjr9L571IuFAA_nRgu87jRR&sz=w2048\",\"datePublished\":\"2025-10-23T18:23:01+00:00\",\"dateModified\":\"2025-10-23T18:47:50+00:00\",\"breadcrumb\":{\"@id\":\"https:\\\/\\\/informelitoral.com.ar\\\/general-ramirez-capacitacion-en-gestion-integral-de-residuos\\\/#breadcrumb\"},\"inLanguage\":\"es\",\"potentialAction\":[{\"@type\":\"ReadAction\",\"target\":[\"https:\\\/\\\/informelitoral.com.ar\\\/general-ramirez-capacitacion-en-gestion-integral-de-residuos\\\/\"]}]},{\"@type\":\"ImageObject\",\"inLanguage\":\"es\",\"@id\":\"https:\\\/\\\/informelitoral.com.ar\\\/general-ramirez-capacitacion-en-gestion-integral-de-residuos\\\/#primaryimage\",\"url\":\"https:\\\/\\\/drive.google.com\\\/thumbnail?id=1iS_3ILLgSKjr9L571IuFAA_nRgu87jRR&sz=w2048\",\"contentUrl\":\"https:\\\/\\\/drive.google.com\\\/thumbnail?id=1iS_3ILLgSKjr9L571IuFAA_nRgu87jRR&sz=w2048\",\"width\":960,\"height\":711},{\"@type\":\"BreadcrumbList\",\"@id\":\"https:\\\/\\\/informelitoral.com.ar\\\/general-ramirez-capacitacion-en-gestion-integral-de-residuos\\\/#breadcrumb\",\"itemListElement\":[{\"@type\":\"ListItem\",\"position\":1,\"name\":\"Portada\",\"item\":\"https:\\\/\\\/informelitoral.com.ar\\\/\"},{\"@type\":\"ListItem\",\"position\":2,\"name\":\"General Ram\u00edrez: se realiz\u00f3 una capacitaci\u00f3n en gesti\u00f3n integral de residuos\"}]},{\"@type\":\"WebSite\",\"@id\":\"https:\\\/\\\/informelitoral.com.ar\\\/#website\",\"url\":\"https:\\\/\\\/informelitoral.com.ar\\\/\",\"name\":\"Informe Litoral\",\"description\":\"&quot;Nos informamos&quot; \",\"publisher\":{\"@id\":\"https:\\\/\\\/informelitoral.com.ar\\\/#organization\"},\"potentialAction\":[{\"@type\":\"SearchAction\",\"target\":{\"@type\":\"EntryPoint\",\"urlTemplate\":\"https:\\\/\\\/informelitoral.com.ar\\\/?s={search_term_string}\"},\"query-input\":{\"@type\":\"PropertyValueSpecification\",\"valueRequired\":true,\"valueName\":\"search_term_string\"}}],\"inLanguage\":\"es\"},{\"@type\":\"Organization\",\"@id\":\"https:\\\/\\\/informelitoral.com.ar\\\/#organization\",\"name\":\"Informe Litoral\",\"url\":\"https:\\\/\\\/informelitoral.com.ar\\\/\",\"logo\":{\"@type\":\"ImageObject\",\"inLanguage\":\"es\",\"@id\":\"https:\\\/\\\/informelitoral.com.ar\\\/#\\\/schema\\\/logo\\\/image\\\/\",\"url\":\"https:\\\/\\\/informelitoral.com.ar\\\/%77%70%2d%63%6f%6e%74%65%6e%74\\\/uploads\\\/2021\\\/01\\\/circulo.png\",\"contentUrl\":\"https:\\\/\\\/informelitoral.com.ar\\\/%77%70%2d%63%6f%6e%74%65%6e%74\\\/uploads\\\/2021\\\/01\\\/circulo.png\",\"width\":723,\"height\":731,\"caption\":\"Informe Litoral\"},\"image\":{\"@id\":\"https:\\\/\\\/informelitoral.com.ar\\\/#\\\/schema\\\/logo\\\/image\\\/\"},\"sameAs\":[\"https:\\\/\\\/www.facebook.com\\\/informelitoral\\\/\",\"https:\\\/\\\/x.com\\\/InformeLitoral\",\"https:\\\/\\\/www.instagram.com\\\/informelitoral\\\/\",\"https:\\\/\\\/www.youtube.com\\\/channel\\\/UCua4Qvz8Icb6MYqhoq9xLXw\"]},{\"@type\":\"Person\",\"@id\":\"https:\\\/\\\/informelitoral.com.ar\\\/#\\\/schema\\\/person\\\/f05f9f461677119578717524b127d6d5\",\"name\":\"Sebastian\",\"image\":{\"@type\":\"ImageObject\",\"inLanguage\":\"es\",\"@id\":\"https:\\\/\\\/secure.gravatar.com\\\/avatar\\\/b71bf7481d447dfb9583c7f2798e7cc64de6efb9067b74633ed8c31059a3bd82?s=96&d=mm&r=g\",\"url\":\"https:\\\/\\\/secure.gravatar.com\\\/avatar\\\/b71bf7481d447dfb9583c7f2798e7cc64de6efb9067b74633ed8c31059a3bd82?s=96&d=mm&r=g\",\"contentUrl\":\"https:\\\/\\\/secure.gravatar.com\\\/avatar\\\/b71bf7481d447dfb9583c7f2798e7cc64de6efb9067b74633ed8c31059a3bd82?s=96&d=mm&r=g\",\"caption\":\"Sebastian\"},\"url\":\"https:\\\/\\\/informelitoral.com.ar\\\/author\\\/sebastian\\\/\"}]}<\/script>","yoast_head_json":{"title":"General Ram\u00edrez: se realiz\u00f3 una capacitaci\u00f3n en gesti\u00f3n integral de residuos - Informe Litoral","robots":{"index":"index","follow":"follow","max-snippet":"max-snippet:-1","max-image-preview":"max-image-preview:large","max-video-preview":"max-video-preview:-1"},"canonical":"https:\/\/informelitoral.com.ar\/general-ramirez-capacitacion-en-gestion-integral-de-residuos\/","og_locale":"es_ES","og_type":"article","og_title":"General Ram\u00edrez: se realiz\u00f3 una capacitaci\u00f3n en gesti\u00f3n integral de residuos - Informe Litoral","og_description":"Uno de los ejes de la formaci\u00f3n fue la importancia de la separaci\u00f3n en origen.","og_url":"https:\/\/informelitoral.com.ar\/general-ramirez-capacitacion-en-gestion-integral-de-residuos\/","og_site_name":"Informe Litoral","article_publisher":"https:\/\/www.facebook.com\/informelitoral\/","article_published_time":"2025-10-23T18:23:01+00:00","article_modified_time":"2025-10-23T18:47:50+00:00","og_image":[{"width":960,"height":711,"url":"https:\/\/drive.google.com\/thumbnail?id=1iS_3ILLgSKjr9L571IuFAA_nRgu87jRR&sz=w2048","type":"image\/jpeg"}],"author":"Sebastian","twitter_card":"summary_large_image","twitter_creator":"@InformeLitoral","twitter_site":"@InformeLitoral","twitter_misc":{"Escrito por":"Sebastian","Tiempo de lectura":"1 minuto"},"schema":{"@context":"https:\/\/schema.org","@graph":[{"@type":"Article","@id":"https:\/\/informelitoral.com.ar\/general-ramirez-capacitacion-en-gestion-integral-de-residuos\/#article","isPartOf":{"@id":"https:\/\/informelitoral.com.ar\/general-ramirez-capacitacion-en-gestion-integral-de-residuos\/"},"author":{"name":"Sebastian","@id":"https:\/\/informelitoral.com.ar\/#\/schema\/person\/f05f9f461677119578717524b127d6d5"},"headline":"General Ram\u00edrez: se realiz\u00f3 una capacitaci\u00f3n en gesti\u00f3n integral de residuos","datePublished":"2025-10-23T18:23:01+00:00","dateModified":"2025-10-23T18:47:50+00:00","mainEntityOfPage":{"@id":"https:\/\/informelitoral.com.ar\/general-ramirez-capacitacion-en-gestion-integral-de-residuos\/"},"wordCount":139,"commentCount":0,"publisher":{"@id":"https:\/\/informelitoral.com.ar\/#organization"},"image":{"@id":"https:\/\/informelitoral.com.ar\/general-ramirez-capacitacion-en-gestion-integral-de-residuos\/#primaryimage"},"thumbnailUrl":"https:\/\/drive.google.com\/thumbnail?id=1iS_3ILLgSKjr9L571IuFAA_nRgu87jRR&sz=w2048","keywords":["Capacitaci\u00f3n","Departamento Diamante","General Ram\u00edrez","Residuos"],"articleSection":["Departamento Diamante","General Ram\u00edrez"],"inLanguage":"es","potentialAction":[{"@type":"CommentAction","name":"Comment","target":["https:\/\/informelitoral.com.ar\/general-ramirez-capacitacion-en-gestion-integral-de-residuos\/#respond"]}]},{"@type":"WebPage","@id":"https:\/\/informelitoral.com.ar\/general-ramirez-capacitacion-en-gestion-integral-de-residuos\/","url":"https:\/\/informelitoral.com.ar\/general-ramirez-capacitacion-en-gestion-integral-de-residuos\/","name":"General Ram\u00edrez: se realiz\u00f3 una capacitaci\u00f3n en gesti\u00f3n integral de residuos - Informe Litoral","isPartOf":{"@id":"https:\/\/informelitoral.com.ar\/#website"},"primaryImageOfPage":{"@id":"https:\/\/informelitoral.com.ar\/general-ramirez-capacitacion-en-gestion-integral-de-residuos\/#primaryimage"},"image":{"@id":"https:\/\/informelitoral.com.ar\/general-ramirez-capacitacion-en-gestion-integral-de-residuos\/#primaryimage"},"thumbnailUrl":"https:\/\/drive.google.com\/thumbnail?id=1iS_3ILLgSKjr9L571IuFAA_nRgu87jRR&sz=w2048","datePublished":"2025-10-23T18:23:01+00:00","dateModified":"2025-10-23T18:47:50+00:00","breadcrumb":{"@id":"https:\/\/informelitoral.com.ar\/general-ramirez-capacitacion-en-gestion-integral-de-residuos\/#breadcrumb"},"inLanguage":"es","potentialAction":[{"@type":"ReadAction","target":["https:\/\/informelitoral.com.ar\/general-ramirez-capacitacion-en-gestion-integral-de-residuos\/"]}]},{"@type":"ImageObject","inLanguage":"es","@id":"https:\/\/informelitoral.com.ar\/general-ramirez-capacitacion-en-gestion-integral-de-residuos\/#primaryimage","url":"https:\/\/drive.google.com\/thumbnail?id=1iS_3ILLgSKjr9L571IuFAA_nRgu87jRR&sz=w2048","contentUrl":"https:\/\/drive.google.com\/thumbnail?id=1iS_3ILLgSKjr9L571IuFAA_nRgu87jRR&sz=w2048","width":960,"height":711},{"@type":"BreadcrumbList","@id":"https:\/\/informelitoral.com.ar\/general-ramirez-capacitacion-en-gestion-integral-de-residuos\/#breadcrumb","itemListElement":[{"@type":"ListItem","position":1,"name":"Portada","item":"https:\/\/informelitoral.com.ar\/"},{"@type":"ListItem","position":2,"name":"General Ram\u00edrez: se realiz\u00f3 una capacitaci\u00f3n en gesti\u00f3n integral de residuos"}]},{"@type":"WebSite","@id":"https:\/\/informelitoral.com.ar\/#website","url":"https:\/\/informelitoral.com.ar\/","name":"Informe Litoral","description":"&quot;Nos informamos&quot; ","publisher":{"@id":"https:\/\/informelitoral.com.ar\/#organization"},"potentialAction":[{"@type":"SearchAction","target":{"@type":"EntryPoint","urlTemplate":"https:\/\/informelitoral.com.ar\/?s={search_term_string}"},"query-input":{"@type":"PropertyValueSpecification","valueRequired":true,"valueName":"search_term_string"}}],"inLanguage":"es"},{"@type":"Organization","@id":"https:\/\/informelitoral.com.ar\/#organization","name":"Informe Litoral","url":"https:\/\/informelitoral.com.ar\/","logo":{"@type":"ImageObject","inLanguage":"es","@id":"https:\/\/informelitoral.com.ar\/#\/schema\/logo\/image\/","url":"https:\/\/informelitoral.com.ar\/%77%70%2d%63%6f%6e%74%65%6e%74\/uploads\/2021\/01\/circulo.png","contentUrl":"https:\/\/informelitoral.com.ar\/%77%70%2d%63%6f%6e%74%65%6e%74\/uploads\/2021\/01\/circulo.png","width":723,"height":731,"caption":"Informe Litoral"},"image":{"@id":"https:\/\/informelitoral.com.ar\/#\/schema\/logo\/image\/"},"sameAs":["https:\/\/www.facebook.com\/informelitoral\/","https:\/\/x.com\/InformeLitoral","https:\/\/www.instagram.com\/informelitoral\/","https:\/\/www.youtube.com\/channel\/UCua4Qvz8Icb6MYqhoq9xLXw"]},{"@type":"Person","@id":"https:\/\/informelitoral.com.ar\/#\/schema\/person\/f05f9f461677119578717524b127d6d5","name":"Sebastian","image":{"@type":"ImageObject","inLanguage":"es","@id":"https:\/\/secure.gravatar.com\/avatar\/b71bf7481d447dfb9583c7f2798e7cc64de6efb9067b74633ed8c31059a3bd82?s=96&d=mm&r=g","url":"https:\/\/secure.gravatar.com\/avatar\/b71bf7481d447dfb9583c7f2798e7cc64de6efb9067b74633ed8c31059a3bd82?s=96&d=mm&r=g","contentUrl":"https:\/\/secure.gravatar.com\/avatar\/b71bf7481d447dfb9583c7f2798e7cc64de6efb9067b74633ed8c31059a3bd82?s=96&d=mm&r=g","caption":"Sebastian"},"url":"https:\/\/informelitoral.com.ar\/author\/sebastian\/"}]}},"_links":{"self":[{"href":"https:\/\/informelitoral.com.ar\/%77%70%2d%6a%73%6f%6e\/wp\/v2\/posts\/238077","targetHints":{"allow":["GET"]}}],"collection":[{"href":"https:\/\/informelitoral.com.ar\/%77%70%2d%6a%73%6f%6e\/wp\/v2\/posts"}],"about":[{"href":"https:\/\/informelitoral.com.ar\/%77%70%2d%6a%73%6f%6e\/wp\/v2\/types\/post"}],"author":[{"embeddable":true,"href":"https:\/\/informelitoral.com.ar\/%77%70%2d%6a%73%6f%6e\/wp\/v2\/users\/8"}],"replies":[{"embeddable":true,"href":"https:\/\/informelitoral.com.ar\/%77%70%2d%6a%73%6f%6e\/wp\/v2\/comments?post=238077"}],"version-history":[{"count":6,"href":"https:\/\/informelitoral.com.ar\/%77%70%2d%6a%73%6f%6e\/wp\/v2\/posts\/238077\/revisions"}],"predecessor-version":[{"id":238084,"href":"https:\/\/informelitoral.com.ar\/%77%70%2d%6a%73%6f%6e\/wp\/v2\/posts\/238077\/revisions\/238084"}],"wp:featuredmedia":[{"embeddable":true,"href":"https:\/\/informelitoral.com.ar\/%77%70%2d%6a%73%6f%6e\/wp\/v2\/media\/238079"}],"wp:attachment":[{"href":"https:\/\/informelitoral.com.ar\/%77%70%2d%6a%73%6f%6e\/wp\/v2\/media?parent=238077"}],"wp:term":[{"taxonomy":"category","embeddable":true,"href":"https:\/\/informelitoral.com.ar\/%77%70%2d%6a%73%6f%6e\/wp\/v2\/categories?post=238077"},{"taxonomy":"post_tag","embeddable":true,"href":"https:\/\/informelitoral.com.ar\/%77%70%2d%6a%73%6f%6e\/wp\/v2\/tags?post=238077"}],"curies":[{"name":"wp","href":"https:\/\/api.w.org\/{rel}","templated":true}]}}