{"id":237836,"date":"2025-10-22T09:26:21","date_gmt":"2025-10-22T12:26:21","guid":{"rendered":"https:\/\/informelitoral.com.ar\/?p=237836"},"modified":"2025-10-22T14:32:30","modified_gmt":"2025-10-22T17:32:30","slug":"general-ramirez-fue-sede-del-exito-en-el-37o-campeonato-argentino-infantil-de-fronton","status":"publish","type":"post","link":"https:\/\/informelitoral.com.ar\/general-ramirez-fue-sede-del-exito-en-el-37o-campeonato-argentino-infantil-de-fronton\/","title":{"rendered":"General Ram\u00edrez fue sede del 37\u00ba Campeonato Argentino Infantil de Front\u00f3n"},"content":{"rendered":"<p style=\"text-align: center;\">Tal cual lo previsto y con pleno \u00e9xito, se disput\u00f3 en General Ram\u00edrez el <b>37\u00ba Campeonato Argentino Infantiles en Front\u00f3n<\/b>. La competencia se llev\u00f3 a cabo en las instalaciones del <b>Club Atl\u00e9tico Racing (CAR)<\/b>, atrayendo a equipos de pelota paleta de diferentes provincias del pa\u00eds.<\/p>\n<p>En el plano deportivo, la <b>Medalla de Oro<\/b> fue para el combinado de <b>Buenos Aires<\/b>, que se consagr\u00f3 campe\u00f3n nacional de la categor\u00eda. La provincia anfitriona tuvo una excelente representaci\u00f3n, ya que la segunda ubicaci\u00f3n (Medalla de Plata) fue para <b>Entre R\u00edos \u201cA\u201d<\/b>, mientras que <b>Entre R\u00edos \u201cC\u201d<\/b> complet\u00f3 el podio con el 3er. puesto.<\/p>\n<p><a href=\"https:\/\/drive.google.com\/thumbnail?id=1kT3M5uSPtr6thqZWgpcG4btoF3SeswcH&amp;sz=w2048\"><img loading=\"lazy\" decoding=\"async\" class=\"alignnone wp-image-237840\" src=\"https:\/\/drive.google.com\/thumbnail?id=1kT3M5uSPtr6thqZWgpcG4btoF3SeswcH&amp;sz=w2048\" alt=\"\" width=\"681\" height=\"436\" \/><\/a><\/p>\n<p>Adem\u00e1s, se entregaron distinciones especiales a los talentos individuales: <b>Bernardo Cano<\/b> fue galardonado como el <b>\u201cMejor Jugador\u201d<\/b> del certamen, y el <b>\u201cPremio Revelaci\u00f3n\u201d<\/b> de esta edici\u00f3n recay\u00f3 en <b>Tiziano Huber<\/b>.<\/p>\n<p>Dirigentes e integrantes del CAR, organizador y anfitri\u00f3n de las jornadas, expresaron su agradecimiento a todas las personas que colaboraron y participaron, destacando que el esfuerzo conjunto permiti\u00f3 que la competencia se realizara de la mejor manera posible y que los j\u00f3venes pelotaris disfrutaran a pleno de este encuentro deportivo y de camarader\u00eda.(<em>Con informaci\u00f3n de Desde Crespo<\/em>)<\/p>\n","protected":false},"excerpt":{"rendered":"<p>Entre R\u00edos logr\u00f3 subir al podio con las Medallas de Plata y Bronce.<\/p>\n","protected":false},"author":8,"featured_media":237838,"comment_status":"open","ping_status":"open","sticky":false,"template":"","format":"standard","meta":{"fifu_image_url":"","fifu_image_alt":"","footnotes":""},"categories":[5,4586],"tags":[6138,556],"class_list":{"0":"post-237836","1":"post","2":"type-post","3":"status-publish","4":"format-standard","5":"has-post-thumbnail","7":"category-zonales","8":"category-general-ramirez","9":"tag-campeonato-argentino-infantil-de-fronton","10":"tag-general-ramirez"},"yoast_head":"<title>General Ram\u00edrez fue sede del 37\u00ba Campeonato Argentino Infantil de Front\u00f3n - Informe Litoral<\/title>\n<meta name=\"robots\" content=\"index, follow, max-snippet:-1, max-image-preview:large, max-video-preview:-1\" \/>\n<link rel=\"canonical\" href=\"https:\/\/informelitoral.com.ar\/general-ramirez-fue-sede-del-exito-en-el-37o-campeonato-argentino-infantil-de-fronton\/\" \/>\n<meta property=\"og:locale\" content=\"es_ES\" \/>\n<meta property=\"og:type\" content=\"article\" \/>\n<meta property=\"og:title\" content=\"General Ram\u00edrez fue sede del 37\u00ba Campeonato Argentino Infantil de Front\u00f3n - Informe Litoral\" \/>\n<meta property=\"og:description\" content=\"Entre R\u00edos logr\u00f3 subir al podio con las Medallas de Plata y Bronce.\" \/>\n<meta property=\"og:url\" content=\"https:\/\/informelitoral.com.ar\/general-ramirez-fue-sede-del-exito-en-el-37o-campeonato-argentino-infantil-de-fronton\/\" \/>\n<meta property=\"og:site_name\" content=\"Informe Litoral\" \/>\n<meta property=\"article:publisher\" content=\"https:\/\/www.facebook.com\/informelitoral\/\" \/>\n<meta property=\"article:published_time\" content=\"2025-10-22T12:26:21+00:00\" \/>\n<meta property=\"article:modified_time\" content=\"2025-10-22T17:32:30+00:00\" \/>\n<meta property=\"og:image\" content=\"https:\/\/drive.google.com\/thumbnail?id=1Rjf8WwrrvAikdJ3Iw6rbFEgOxRfn-nQL&sz=w2048\" \/>\n\t<meta property=\"og:image:width\" content=\"630\" \/>\n\t<meta property=\"og:image:height\" content=\"456\" \/>\n\t<meta property=\"og:image:type\" content=\"image\/jpeg\" \/>\n<meta name=\"author\" content=\"Sebastian\" \/>\n<meta name=\"twitter:card\" content=\"summary_large_image\" \/>\n<meta name=\"twitter:creator\" content=\"@InformeLitoral\" \/>\n<meta name=\"twitter:site\" content=\"@InformeLitoral\" \/>\n<meta name=\"twitter:label1\" content=\"Escrito por\" \/>\n\t<meta name=\"twitter:data1\" content=\"Sebastian\" \/>\n\t<meta name=\"twitter:label2\" content=\"Tiempo de lectura\" \/>\n\t<meta name=\"twitter:data2\" content=\"2 minutos\" \/>\n<script type=\"application\/ld+json\" class=\"yoast-schema-graph\">{\"@context\":\"https:\\\/\\\/schema.org\",\"@graph\":[{\"@type\":\"Article\",\"@id\":\"https:\\\/\\\/informelitoral.com.ar\\\/general-ramirez-fue-sede-del-exito-en-el-37o-campeonato-argentino-infantil-de-fronton\\\/#article\",\"isPartOf\":{\"@id\":\"https:\\\/\\\/informelitoral.com.ar\\\/general-ramirez-fue-sede-del-exito-en-el-37o-campeonato-argentino-infantil-de-fronton\\\/\"},\"author\":{\"name\":\"Sebastian\",\"@id\":\"https:\\\/\\\/informelitoral.com.ar\\\/#\\\/schema\\\/person\\\/f05f9f461677119578717524b127d6d5\"},\"headline\":\"General Ram\u00edrez fue sede del 37\u00ba Campeonato Argentino Infantil de Front\u00f3n\",\"datePublished\":\"2025-10-22T12:26:21+00:00\",\"dateModified\":\"2025-10-22T17:32:30+00:00\",\"mainEntityOfPage\":{\"@id\":\"https:\\\/\\\/informelitoral.com.ar\\\/general-ramirez-fue-sede-del-exito-en-el-37o-campeonato-argentino-infantil-de-fronton\\\/\"},\"wordCount\":216,\"commentCount\":0,\"publisher\":{\"@id\":\"https:\\\/\\\/informelitoral.com.ar\\\/#organization\"},\"image\":{\"@id\":\"https:\\\/\\\/informelitoral.com.ar\\\/general-ramirez-fue-sede-del-exito-en-el-37o-campeonato-argentino-infantil-de-fronton\\\/#primaryimage\"},\"thumbnailUrl\":\"https:\\\/\\\/drive.google.com\\\/thumbnail?id=1Rjf8WwrrvAikdJ3Iw6rbFEgOxRfn-nQL&sz=w2048\",\"keywords\":[\"Campeonato Argentino Infantil de Front\u00f3n\",\"General Ram\u00edrez\"],\"articleSection\":[\"Departamento Diamante\",\"General Ram\u00edrez\"],\"inLanguage\":\"es\",\"potentialAction\":[{\"@type\":\"CommentAction\",\"name\":\"Comment\",\"target\":[\"https:\\\/\\\/informelitoral.com.ar\\\/general-ramirez-fue-sede-del-exito-en-el-37o-campeonato-argentino-infantil-de-fronton\\\/#respond\"]}]},{\"@type\":\"WebPage\",\"@id\":\"https:\\\/\\\/informelitoral.com.ar\\\/general-ramirez-fue-sede-del-exito-en-el-37o-campeonato-argentino-infantil-de-fronton\\\/\",\"url\":\"https:\\\/\\\/informelitoral.com.ar\\\/general-ramirez-fue-sede-del-exito-en-el-37o-campeonato-argentino-infantil-de-fronton\\\/\",\"name\":\"General Ram\u00edrez fue sede del 37\u00ba Campeonato Argentino Infantil de Front\u00f3n - Informe Litoral\",\"isPartOf\":{\"@id\":\"https:\\\/\\\/informelitoral.com.ar\\\/#website\"},\"primaryImageOfPage\":{\"@id\":\"https:\\\/\\\/informelitoral.com.ar\\\/general-ramirez-fue-sede-del-exito-en-el-37o-campeonato-argentino-infantil-de-fronton\\\/#primaryimage\"},\"image\":{\"@id\":\"https:\\\/\\\/informelitoral.com.ar\\\/general-ramirez-fue-sede-del-exito-en-el-37o-campeonato-argentino-infantil-de-fronton\\\/#primaryimage\"},\"thumbnailUrl\":\"https:\\\/\\\/drive.google.com\\\/thumbnail?id=1Rjf8WwrrvAikdJ3Iw6rbFEgOxRfn-nQL&sz=w2048\",\"datePublished\":\"2025-10-22T12:26:21+00:00\",\"dateModified\":\"2025-10-22T17:32:30+00:00\",\"breadcrumb\":{\"@id\":\"https:\\\/\\\/informelitoral.com.ar\\\/general-ramirez-fue-sede-del-exito-en-el-37o-campeonato-argentino-infantil-de-fronton\\\/#breadcrumb\"},\"inLanguage\":\"es\",\"potentialAction\":[{\"@type\":\"ReadAction\",\"target\":[\"https:\\\/\\\/informelitoral.com.ar\\\/general-ramirez-fue-sede-del-exito-en-el-37o-campeonato-argentino-infantil-de-fronton\\\/\"]}]},{\"@type\":\"ImageObject\",\"inLanguage\":\"es\",\"@id\":\"https:\\\/\\\/informelitoral.com.ar\\\/general-ramirez-fue-sede-del-exito-en-el-37o-campeonato-argentino-infantil-de-fronton\\\/#primaryimage\",\"url\":\"https:\\\/\\\/drive.google.com\\\/thumbnail?id=1Rjf8WwrrvAikdJ3Iw6rbFEgOxRfn-nQL&sz=w2048\",\"contentUrl\":\"https:\\\/\\\/drive.google.com\\\/thumbnail?id=1Rjf8WwrrvAikdJ3Iw6rbFEgOxRfn-nQL&sz=w2048\",\"width\":630,\"height\":456},{\"@type\":\"BreadcrumbList\",\"@id\":\"https:\\\/\\\/informelitoral.com.ar\\\/general-ramirez-fue-sede-del-exito-en-el-37o-campeonato-argentino-infantil-de-fronton\\\/#breadcrumb\",\"itemListElement\":[{\"@type\":\"ListItem\",\"position\":1,\"name\":\"Portada\",\"item\":\"https:\\\/\\\/informelitoral.com.ar\\\/\"},{\"@type\":\"ListItem\",\"position\":2,\"name\":\"General Ram\u00edrez fue sede del 37\u00ba Campeonato Argentino Infantil de Front\u00f3n\"}]},{\"@type\":\"WebSite\",\"@id\":\"https:\\\/\\\/informelitoral.com.ar\\\/#website\",\"url\":\"https:\\\/\\\/informelitoral.com.ar\\\/\",\"name\":\"Informe Litoral\",\"description\":\"&quot;Nos informamos&quot; \",\"publisher\":{\"@id\":\"https:\\\/\\\/informelitoral.com.ar\\\/#organization\"},\"potentialAction\":[{\"@type\":\"SearchAction\",\"target\":{\"@type\":\"EntryPoint\",\"urlTemplate\":\"https:\\\/\\\/informelitoral.com.ar\\\/?s={search_term_string}\"},\"query-input\":{\"@type\":\"PropertyValueSpecification\",\"valueRequired\":true,\"valueName\":\"search_term_string\"}}],\"inLanguage\":\"es\"},{\"@type\":\"Organization\",\"@id\":\"https:\\\/\\\/informelitoral.com.ar\\\/#organization\",\"name\":\"Informe Litoral\",\"url\":\"https:\\\/\\\/informelitoral.com.ar\\\/\",\"logo\":{\"@type\":\"ImageObject\",\"inLanguage\":\"es\",\"@id\":\"https:\\\/\\\/informelitoral.com.ar\\\/#\\\/schema\\\/logo\\\/image\\\/\",\"url\":\"https:\\\/\\\/informelitoral.com.ar\\\/%77%70%2d%63%6f%6e%74%65%6e%74\\\/uploads\\\/2021\\\/01\\\/circulo.png\",\"contentUrl\":\"https:\\\/\\\/informelitoral.com.ar\\\/%77%70%2d%63%6f%6e%74%65%6e%74\\\/uploads\\\/2021\\\/01\\\/circulo.png\",\"width\":723,\"height\":731,\"caption\":\"Informe Litoral\"},\"image\":{\"@id\":\"https:\\\/\\\/informelitoral.com.ar\\\/#\\\/schema\\\/logo\\\/image\\\/\"},\"sameAs\":[\"https:\\\/\\\/www.facebook.com\\\/informelitoral\\\/\",\"https:\\\/\\\/x.com\\\/InformeLitoral\",\"https:\\\/\\\/www.instagram.com\\\/informelitoral\\\/\",\"https:\\\/\\\/www.youtube.com\\\/channel\\\/UCua4Qvz8Icb6MYqhoq9xLXw\"]},{\"@type\":\"Person\",\"@id\":\"https:\\\/\\\/informelitoral.com.ar\\\/#\\\/schema\\\/person\\\/f05f9f461677119578717524b127d6d5\",\"name\":\"Sebastian\",\"image\":{\"@type\":\"ImageObject\",\"inLanguage\":\"es\",\"@id\":\"https:\\\/\\\/secure.gravatar.com\\\/avatar\\\/b71bf7481d447dfb9583c7f2798e7cc64de6efb9067b74633ed8c31059a3bd82?s=96&d=mm&r=g\",\"url\":\"https:\\\/\\\/secure.gravatar.com\\\/avatar\\\/b71bf7481d447dfb9583c7f2798e7cc64de6efb9067b74633ed8c31059a3bd82?s=96&d=mm&r=g\",\"contentUrl\":\"https:\\\/\\\/secure.gravatar.com\\\/avatar\\\/b71bf7481d447dfb9583c7f2798e7cc64de6efb9067b74633ed8c31059a3bd82?s=96&d=mm&r=g\",\"caption\":\"Sebastian\"},\"url\":\"https:\\\/\\\/informelitoral.com.ar\\\/author\\\/sebastian\\\/\"}]}<\/script>","yoast_head_json":{"title":"General Ram\u00edrez fue sede del 37\u00ba Campeonato Argentino Infantil de Front\u00f3n - Informe Litoral","robots":{"index":"index","follow":"follow","max-snippet":"max-snippet:-1","max-image-preview":"max-image-preview:large","max-video-preview":"max-video-preview:-1"},"canonical":"https:\/\/informelitoral.com.ar\/general-ramirez-fue-sede-del-exito-en-el-37o-campeonato-argentino-infantil-de-fronton\/","og_locale":"es_ES","og_type":"article","og_title":"General Ram\u00edrez fue sede del 37\u00ba Campeonato Argentino Infantil de Front\u00f3n - Informe Litoral","og_description":"Entre R\u00edos logr\u00f3 subir al podio con las Medallas de Plata y Bronce.","og_url":"https:\/\/informelitoral.com.ar\/general-ramirez-fue-sede-del-exito-en-el-37o-campeonato-argentino-infantil-de-fronton\/","og_site_name":"Informe Litoral","article_publisher":"https:\/\/www.facebook.com\/informelitoral\/","article_published_time":"2025-10-22T12:26:21+00:00","article_modified_time":"2025-10-22T17:32:30+00:00","og_image":[{"width":630,"height":456,"url":"https:\/\/drive.google.com\/thumbnail?id=1Rjf8WwrrvAikdJ3Iw6rbFEgOxRfn-nQL&sz=w2048","type":"image\/jpeg"}],"author":"Sebastian","twitter_card":"summary_large_image","twitter_creator":"@InformeLitoral","twitter_site":"@InformeLitoral","twitter_misc":{"Escrito por":"Sebastian","Tiempo de lectura":"2 minutos"},"schema":{"@context":"https:\/\/schema.org","@graph":[{"@type":"Article","@id":"https:\/\/informelitoral.com.ar\/general-ramirez-fue-sede-del-exito-en-el-37o-campeonato-argentino-infantil-de-fronton\/#article","isPartOf":{"@id":"https:\/\/informelitoral.com.ar\/general-ramirez-fue-sede-del-exito-en-el-37o-campeonato-argentino-infantil-de-fronton\/"},"author":{"name":"Sebastian","@id":"https:\/\/informelitoral.com.ar\/#\/schema\/person\/f05f9f461677119578717524b127d6d5"},"headline":"General Ram\u00edrez fue sede del 37\u00ba Campeonato Argentino Infantil de Front\u00f3n","datePublished":"2025-10-22T12:26:21+00:00","dateModified":"2025-10-22T17:32:30+00:00","mainEntityOfPage":{"@id":"https:\/\/informelitoral.com.ar\/general-ramirez-fue-sede-del-exito-en-el-37o-campeonato-argentino-infantil-de-fronton\/"},"wordCount":216,"commentCount":0,"publisher":{"@id":"https:\/\/informelitoral.com.ar\/#organization"},"image":{"@id":"https:\/\/informelitoral.com.ar\/general-ramirez-fue-sede-del-exito-en-el-37o-campeonato-argentino-infantil-de-fronton\/#primaryimage"},"thumbnailUrl":"https:\/\/drive.google.com\/thumbnail?id=1Rjf8WwrrvAikdJ3Iw6rbFEgOxRfn-nQL&sz=w2048","keywords":["Campeonato Argentino Infantil de Front\u00f3n","General Ram\u00edrez"],"articleSection":["Departamento Diamante","General Ram\u00edrez"],"inLanguage":"es","potentialAction":[{"@type":"CommentAction","name":"Comment","target":["https:\/\/informelitoral.com.ar\/general-ramirez-fue-sede-del-exito-en-el-37o-campeonato-argentino-infantil-de-fronton\/#respond"]}]},{"@type":"WebPage","@id":"https:\/\/informelitoral.com.ar\/general-ramirez-fue-sede-del-exito-en-el-37o-campeonato-argentino-infantil-de-fronton\/","url":"https:\/\/informelitoral.com.ar\/general-ramirez-fue-sede-del-exito-en-el-37o-campeonato-argentino-infantil-de-fronton\/","name":"General Ram\u00edrez fue sede del 37\u00ba Campeonato Argentino Infantil de Front\u00f3n - Informe Litoral","isPartOf":{"@id":"https:\/\/informelitoral.com.ar\/#website"},"primaryImageOfPage":{"@id":"https:\/\/informelitoral.com.ar\/general-ramirez-fue-sede-del-exito-en-el-37o-campeonato-argentino-infantil-de-fronton\/#primaryimage"},"image":{"@id":"https:\/\/informelitoral.com.ar\/general-ramirez-fue-sede-del-exito-en-el-37o-campeonato-argentino-infantil-de-fronton\/#primaryimage"},"thumbnailUrl":"https:\/\/drive.google.com\/thumbnail?id=1Rjf8WwrrvAikdJ3Iw6rbFEgOxRfn-nQL&sz=w2048","datePublished":"2025-10-22T12:26:21+00:00","dateModified":"2025-10-22T17:32:30+00:00","breadcrumb":{"@id":"https:\/\/informelitoral.com.ar\/general-ramirez-fue-sede-del-exito-en-el-37o-campeonato-argentino-infantil-de-fronton\/#breadcrumb"},"inLanguage":"es","potentialAction":[{"@type":"ReadAction","target":["https:\/\/informelitoral.com.ar\/general-ramirez-fue-sede-del-exito-en-el-37o-campeonato-argentino-infantil-de-fronton\/"]}]},{"@type":"ImageObject","inLanguage":"es","@id":"https:\/\/informelitoral.com.ar\/general-ramirez-fue-sede-del-exito-en-el-37o-campeonato-argentino-infantil-de-fronton\/#primaryimage","url":"https:\/\/drive.google.com\/thumbnail?id=1Rjf8WwrrvAikdJ3Iw6rbFEgOxRfn-nQL&sz=w2048","contentUrl":"https:\/\/drive.google.com\/thumbnail?id=1Rjf8WwrrvAikdJ3Iw6rbFEgOxRfn-nQL&sz=w2048","width":630,"height":456},{"@type":"BreadcrumbList","@id":"https:\/\/informelitoral.com.ar\/general-ramirez-fue-sede-del-exito-en-el-37o-campeonato-argentino-infantil-de-fronton\/#breadcrumb","itemListElement":[{"@type":"ListItem","position":1,"name":"Portada","item":"https:\/\/informelitoral.com.ar\/"},{"@type":"ListItem","position":2,"name":"General Ram\u00edrez fue sede del 37\u00ba Campeonato Argentino Infantil de Front\u00f3n"}]},{"@type":"WebSite","@id":"https:\/\/informelitoral.com.ar\/#website","url":"https:\/\/informelitoral.com.ar\/","name":"Informe Litoral","description":"&quot;Nos informamos&quot; ","publisher":{"@id":"https:\/\/informelitoral.com.ar\/#organization"},"potentialAction":[{"@type":"SearchAction","target":{"@type":"EntryPoint","urlTemplate":"https:\/\/informelitoral.com.ar\/?s={search_term_string}"},"query-input":{"@type":"PropertyValueSpecification","valueRequired":true,"valueName":"search_term_string"}}],"inLanguage":"es"},{"@type":"Organization","@id":"https:\/\/informelitoral.com.ar\/#organization","name":"Informe Litoral","url":"https:\/\/informelitoral.com.ar\/","logo":{"@type":"ImageObject","inLanguage":"es","@id":"https:\/\/informelitoral.com.ar\/#\/schema\/logo\/image\/","url":"https:\/\/informelitoral.com.ar\/%77%70%2d%63%6f%6e%74%65%6e%74\/uploads\/2021\/01\/circulo.png","contentUrl":"https:\/\/informelitoral.com.ar\/%77%70%2d%63%6f%6e%74%65%6e%74\/uploads\/2021\/01\/circulo.png","width":723,"height":731,"caption":"Informe Litoral"},"image":{"@id":"https:\/\/informelitoral.com.ar\/#\/schema\/logo\/image\/"},"sameAs":["https:\/\/www.facebook.com\/informelitoral\/","https:\/\/x.com\/InformeLitoral","https:\/\/www.instagram.com\/informelitoral\/","https:\/\/www.youtube.com\/channel\/UCua4Qvz8Icb6MYqhoq9xLXw"]},{"@type":"Person","@id":"https:\/\/informelitoral.com.ar\/#\/schema\/person\/f05f9f461677119578717524b127d6d5","name":"Sebastian","image":{"@type":"ImageObject","inLanguage":"es","@id":"https:\/\/secure.gravatar.com\/avatar\/b71bf7481d447dfb9583c7f2798e7cc64de6efb9067b74633ed8c31059a3bd82?s=96&d=mm&r=g","url":"https:\/\/secure.gravatar.com\/avatar\/b71bf7481d447dfb9583c7f2798e7cc64de6efb9067b74633ed8c31059a3bd82?s=96&d=mm&r=g","contentUrl":"https:\/\/secure.gravatar.com\/avatar\/b71bf7481d447dfb9583c7f2798e7cc64de6efb9067b74633ed8c31059a3bd82?s=96&d=mm&r=g","caption":"Sebastian"},"url":"https:\/\/informelitoral.com.ar\/author\/sebastian\/"}]}},"_links":{"self":[{"href":"https:\/\/informelitoral.com.ar\/%77%70%2d%6a%73%6f%6e\/wp\/v2\/posts\/237836","targetHints":{"allow":["GET"]}}],"collection":[{"href":"https:\/\/informelitoral.com.ar\/%77%70%2d%6a%73%6f%6e\/wp\/v2\/posts"}],"about":[{"href":"https:\/\/informelitoral.com.ar\/%77%70%2d%6a%73%6f%6e\/wp\/v2\/types\/post"}],"author":[{"embeddable":true,"href":"https:\/\/informelitoral.com.ar\/%77%70%2d%6a%73%6f%6e\/wp\/v2\/users\/8"}],"replies":[{"embeddable":true,"href":"https:\/\/informelitoral.com.ar\/%77%70%2d%6a%73%6f%6e\/wp\/v2\/comments?post=237836"}],"version-history":[{"count":6,"href":"https:\/\/informelitoral.com.ar\/%77%70%2d%6a%73%6f%6e\/wp\/v2\/posts\/237836\/revisions"}],"predecessor-version":[{"id":237918,"href":"https:\/\/informelitoral.com.ar\/%77%70%2d%6a%73%6f%6e\/wp\/v2\/posts\/237836\/revisions\/237918"}],"wp:featuredmedia":[{"embeddable":true,"href":"https:\/\/informelitoral.com.ar\/%77%70%2d%6a%73%6f%6e\/wp\/v2\/media\/237838"}],"wp:attachment":[{"href":"https:\/\/informelitoral.com.ar\/%77%70%2d%6a%73%6f%6e\/wp\/v2\/media?parent=237836"}],"wp:term":[{"taxonomy":"category","embeddable":true,"href":"https:\/\/informelitoral.com.ar\/%77%70%2d%6a%73%6f%6e\/wp\/v2\/categories?post=237836"},{"taxonomy":"post_tag","embeddable":true,"href":"https:\/\/informelitoral.com.ar\/%77%70%2d%6a%73%6f%6e\/wp\/v2\/tags?post=237836"}],"curies":[{"name":"wp","href":"https:\/\/api.w.org\/{rel}","templated":true}]}}