{"id":237815,"date":"2025-10-22T08:36:08","date_gmt":"2025-10-22T11:36:08","guid":{"rendered":"https:\/\/informelitoral.com.ar\/?p=237815"},"modified":"2025-10-22T08:55:26","modified_gmt":"2025-10-22T11:55:26","slug":"racing-vs-flamengo-por-la-copa-libertadores-hora-tv-y-formaciones","status":"publish","type":"post","link":"https:\/\/informelitoral.com.ar\/racing-vs-flamengo-por-la-copa-libertadores-hora-tv-y-formaciones\/","title":{"rendered":"Racing vs. Flamengo, por la Copa Libertadores: hora, TV y probables formaciones"},"content":{"rendered":"<p>Racing Club de Avellaneda tiene esta noche uno de los desaf\u00edos m\u00e1s importantes de su historia reciente al visitar al Flamengo de Brasil por el partido de ida de las <b>semifinales de la Copa Libertadores<\/b>. El encuentro se disputar\u00e1 en el emblem\u00e1tico <b>Estadio Maracan\u00e1 a partir de las 21:30<\/b>, y ser\u00e1 transmitido por Telefe, Fox Sports, ESPN Premium y Disney+. El arbitraje estar\u00e1 a cargo del venezolano Jes\u00fas Valenzuela, asistido desde el VAR por el ecuatoriano Carlos Orbe.<\/p>\n<p>La \u00abAcademia\u00bb, dirigida por Gustavo Costas, llega a esta instancia en un buen momento futbol\u00edstico, con solo una derrota en sus \u00faltimos nueve partidos. En el camino a esta semifinal, Racing elimin\u00f3 a V\u00e9lez Sarsfield con un global de 2-0 y ha mantenido una racha positiva en el Torneo Clausura. Para Racing, esta es la primera semifinal de Copa Libertadores desde la edici\u00f3n de 1997.<\/p>\n<p>Sin embargo, el rival es el poderoso Flamengo, un equipo repleto de estrellas internacionales. El conjunto brasile\u00f1o, dirigido por el exjugador Filipe Luis, cuenta en sus filas con el mediocampista italiano <b>Jorginho<\/b>, nominado al Bal\u00f3n de Oro 2021, adem\u00e1s de figuras como el uruguayo Giorgian de Arrascaeta y el delantero Pedro. El \u00abMeng\u00e3o\u00bb llega a esta fase tras eliminar al Inter de Porto Alegre y a Estudiantes de La Plata, donde el arquero argentino Agust\u00edn Rossi fue clave en la definici\u00f3n por penales.<\/p>\n<p>De cara al crucial encuentro, Racing recupera a piezas clave. El lateral izquierdo Gabriel Rojas se recuper\u00f3 a tiempo de una lesi\u00f3n muscular y se perfila como titular. No obstante, existe la inc\u00f3gnita sobre el estado f\u00edsico de los mediocampistas Santiago Sosa y Juan Nardoni, y el delantero Adri\u00e1n \u00abMaravilla\u00bb Mart\u00ednez, quienes llegan con casi tres semanas de inactividad.<\/p>\n<h2><b>Probables formaciones:<\/b><\/h2>\n<ul>\n<li><b>Flamengo (DT: Filipe Luis):<\/b> Agust\u00edn Rossi; Alex Sandro, Leo Pereira, Danilo Emerson Royal; Erick Pulgar, Jorginho; Samuel Lino, Giorgian de Arrascaeta, Luiz Ara\u00fajo; Pedro.<\/li>\n<li><b>Racing (DT: Gustavo Costas):<\/b> Facundo Cambeses; Facundo Mura, Nazareno Colombo, Marcos Rojo, Gabriel Rojas; Juan Nardoni, Santiago Sosa, Agust\u00edn Almendra; Santiago Solari, Adri\u00e1n Mart\u00ednez y Tom\u00e1s Conechny.<\/li>\n<\/ul>\n","protected":false},"excerpt":{"rendered":"<p>La \u00abAcademia\u00bb buscar\u00e1 un resultado hist\u00f3rico en la ida ante el gigante brasile\u00f1o. El partido se jugar\u00e1 esta noche a las 21:30 con la presencia de figuras internacionales en el equipo rival.<\/p>\n","protected":false},"author":8,"featured_media":237819,"comment_status":"open","ping_status":"open","sticky":false,"template":"","format":"standard","meta":{"fifu_image_url":"https:\/\/media.ambito.com\/p\/cea7f58090c56b99edadd5c363de2b89\/adjuntos\/239\/imagenes\/040\/684\/0040684736\/1200x675\/smart\/racing-flamengo-libertadoresjpg.jpg","fifu_image_alt":"","footnotes":""},"categories":[13],"tags":[6074,3160,1786],"class_list":{"0":"post-237815","1":"post","2":"type-post","3":"status-publish","4":"format-standard","5":"has-post-thumbnail","7":"category-deportes","8":"tag-flamengo","9":"tag-partido","10":"tag-racing"},"yoast_head":"<title>Racing vs. Flamengo, por la Copa Libertadores: hora, TV y probables formaciones - Informe Litoral<\/title>\n<meta name=\"robots\" content=\"index, follow, max-snippet:-1, max-image-preview:large, max-video-preview:-1\" \/>\n<link rel=\"canonical\" href=\"https:\/\/informelitoral.com.ar\/racing-vs-flamengo-por-la-copa-libertadores-hora-tv-y-formaciones\/\" \/>\n<meta property=\"og:locale\" content=\"es_ES\" \/>\n<meta property=\"og:type\" content=\"article\" \/>\n<meta property=\"og:title\" content=\"Racing vs. Flamengo, por la Copa Libertadores: hora, TV y probables formaciones - Informe Litoral\" \/>\n<meta property=\"og:description\" content=\"La &quot;Academia&quot; buscar\u00e1 un resultado hist\u00f3rico en la ida ante el gigante brasile\u00f1o. El partido se jugar\u00e1 esta noche a las 21:30 con la presencia de figuras internacionales en el equipo rival.\" \/>\n<meta property=\"og:url\" content=\"https:\/\/informelitoral.com.ar\/racing-vs-flamengo-por-la-copa-libertadores-hora-tv-y-formaciones\/\" \/>\n<meta property=\"og:site_name\" content=\"Informe Litoral\" \/>\n<meta property=\"article:publisher\" content=\"https:\/\/www.facebook.com\/informelitoral\/\" \/>\n<meta property=\"article:published_time\" content=\"2025-10-22T11:36:08+00:00\" \/>\n<meta property=\"article:modified_time\" content=\"2025-10-22T11:55:26+00:00\" \/>\n<meta property=\"og:image\" content=\"https:\/\/media.ambito.com\/p\/cea7f58090c56b99edadd5c363de2b89\/adjuntos\/239\/imagenes\/040\/684\/0040684736\/1200x675\/smart\/racing-flamengo-libertadoresjpg.jpg\" \/>\n<meta name=\"author\" content=\"Sebastian\" \/>\n<meta name=\"twitter:card\" content=\"summary_large_image\" \/>\n<meta name=\"twitter:image\" content=\"https:\/\/media.ambito.com\/p\/cea7f58090c56b99edadd5c363de2b89\/adjuntos\/239\/imagenes\/040\/684\/0040684736\/1200x675\/smart\/racing-flamengo-libertadoresjpg.jpg\" \/>\n<meta name=\"twitter:creator\" content=\"@InformeLitoral\" \/>\n<meta name=\"twitter:site\" content=\"@InformeLitoral\" \/>\n<meta name=\"twitter:label1\" content=\"Escrito por\" \/>\n\t<meta name=\"twitter:data1\" content=\"Sebastian\" \/>\n\t<meta name=\"twitter:label2\" content=\"Tiempo de lectura\" \/>\n\t<meta name=\"twitter:data2\" content=\"2 minutos\" \/>\n<script type=\"application\/ld+json\" class=\"yoast-schema-graph\">{\"@context\":\"https:\\\/\\\/schema.org\",\"@graph\":[{\"@type\":\"Article\",\"@id\":\"https:\\\/\\\/informelitoral.com.ar\\\/racing-vs-flamengo-por-la-copa-libertadores-hora-tv-y-formaciones\\\/#article\",\"isPartOf\":{\"@id\":\"https:\\\/\\\/informelitoral.com.ar\\\/racing-vs-flamengo-por-la-copa-libertadores-hora-tv-y-formaciones\\\/\"},\"author\":{\"name\":\"Sebastian\",\"@id\":\"https:\\\/\\\/informelitoral.com.ar\\\/#\\\/schema\\\/person\\\/f05f9f461677119578717524b127d6d5\"},\"headline\":\"Racing vs. Flamengo, por la Copa Libertadores: hora, TV y probables formaciones\",\"datePublished\":\"2025-10-22T11:36:08+00:00\",\"dateModified\":\"2025-10-22T11:55:26+00:00\",\"mainEntityOfPage\":{\"@id\":\"https:\\\/\\\/informelitoral.com.ar\\\/racing-vs-flamengo-por-la-copa-libertadores-hora-tv-y-formaciones\\\/\"},\"wordCount\":371,\"commentCount\":0,\"publisher\":{\"@id\":\"https:\\\/\\\/informelitoral.com.ar\\\/#organization\"},\"image\":{\"@id\":\"https:\\\/\\\/informelitoral.com.ar\\\/racing-vs-flamengo-por-la-copa-libertadores-hora-tv-y-formaciones\\\/#primaryimage\"},\"thumbnailUrl\":\"https:\\\/\\\/media.ambito.com\\\/p\\\/cea7f58090c56b99edadd5c363de2b89\\\/adjuntos\\\/239\\\/imagenes\\\/040\\\/684\\\/0040684736\\\/1200x675\\\/smart\\\/racing-flamengo-libertadoresjpg.jpg\",\"keywords\":[\"Flamengo\",\"Partido\",\"Racing\"],\"articleSection\":[\"Deportes\"],\"inLanguage\":\"es\",\"potentialAction\":[{\"@type\":\"CommentAction\",\"name\":\"Comment\",\"target\":[\"https:\\\/\\\/informelitoral.com.ar\\\/racing-vs-flamengo-por-la-copa-libertadores-hora-tv-y-formaciones\\\/#respond\"]}]},{\"@type\":\"WebPage\",\"@id\":\"https:\\\/\\\/informelitoral.com.ar\\\/racing-vs-flamengo-por-la-copa-libertadores-hora-tv-y-formaciones\\\/\",\"url\":\"https:\\\/\\\/informelitoral.com.ar\\\/racing-vs-flamengo-por-la-copa-libertadores-hora-tv-y-formaciones\\\/\",\"name\":\"Racing vs. Flamengo, por la Copa Libertadores: hora, TV y probables formaciones - Informe Litoral\",\"isPartOf\":{\"@id\":\"https:\\\/\\\/informelitoral.com.ar\\\/#website\"},\"primaryImageOfPage\":{\"@id\":\"https:\\\/\\\/informelitoral.com.ar\\\/racing-vs-flamengo-por-la-copa-libertadores-hora-tv-y-formaciones\\\/#primaryimage\"},\"image\":{\"@id\":\"https:\\\/\\\/informelitoral.com.ar\\\/racing-vs-flamengo-por-la-copa-libertadores-hora-tv-y-formaciones\\\/#primaryimage\"},\"thumbnailUrl\":\"https:\\\/\\\/media.ambito.com\\\/p\\\/cea7f58090c56b99edadd5c363de2b89\\\/adjuntos\\\/239\\\/imagenes\\\/040\\\/684\\\/0040684736\\\/1200x675\\\/smart\\\/racing-flamengo-libertadoresjpg.jpg\",\"datePublished\":\"2025-10-22T11:36:08+00:00\",\"dateModified\":\"2025-10-22T11:55:26+00:00\",\"breadcrumb\":{\"@id\":\"https:\\\/\\\/informelitoral.com.ar\\\/racing-vs-flamengo-por-la-copa-libertadores-hora-tv-y-formaciones\\\/#breadcrumb\"},\"inLanguage\":\"es\",\"potentialAction\":[{\"@type\":\"ReadAction\",\"target\":[\"https:\\\/\\\/informelitoral.com.ar\\\/racing-vs-flamengo-por-la-copa-libertadores-hora-tv-y-formaciones\\\/\"]}]},{\"@type\":\"ImageObject\",\"inLanguage\":\"es\",\"@id\":\"https:\\\/\\\/informelitoral.com.ar\\\/racing-vs-flamengo-por-la-copa-libertadores-hora-tv-y-formaciones\\\/#primaryimage\",\"url\":\"https:\\\/\\\/media.ambito.com\\\/p\\\/cea7f58090c56b99edadd5c363de2b89\\\/adjuntos\\\/239\\\/imagenes\\\/040\\\/684\\\/0040684736\\\/1200x675\\\/smart\\\/racing-flamengo-libertadoresjpg.jpg\",\"contentUrl\":\"https:\\\/\\\/media.ambito.com\\\/p\\\/cea7f58090c56b99edadd5c363de2b89\\\/adjuntos\\\/239\\\/imagenes\\\/040\\\/684\\\/0040684736\\\/1200x675\\\/smart\\\/racing-flamengo-libertadoresjpg.jpg\",\"width\":\"1200\",\"height\":\"675\"},{\"@type\":\"BreadcrumbList\",\"@id\":\"https:\\\/\\\/informelitoral.com.ar\\\/racing-vs-flamengo-por-la-copa-libertadores-hora-tv-y-formaciones\\\/#breadcrumb\",\"itemListElement\":[{\"@type\":\"ListItem\",\"position\":1,\"name\":\"Portada\",\"item\":\"https:\\\/\\\/informelitoral.com.ar\\\/\"},{\"@type\":\"ListItem\",\"position\":2,\"name\":\"Racing vs. Flamengo, por la Copa Libertadores: hora, TV y probables formaciones\"}]},{\"@type\":\"WebSite\",\"@id\":\"https:\\\/\\\/informelitoral.com.ar\\\/#website\",\"url\":\"https:\\\/\\\/informelitoral.com.ar\\\/\",\"name\":\"Informe Litoral\",\"description\":\"&quot;Nos informamos&quot; \",\"publisher\":{\"@id\":\"https:\\\/\\\/informelitoral.com.ar\\\/#organization\"},\"potentialAction\":[{\"@type\":\"SearchAction\",\"target\":{\"@type\":\"EntryPoint\",\"urlTemplate\":\"https:\\\/\\\/informelitoral.com.ar\\\/?s={search_term_string}\"},\"query-input\":{\"@type\":\"PropertyValueSpecification\",\"valueRequired\":true,\"valueName\":\"search_term_string\"}}],\"inLanguage\":\"es\"},{\"@type\":\"Organization\",\"@id\":\"https:\\\/\\\/informelitoral.com.ar\\\/#organization\",\"name\":\"Informe Litoral\",\"url\":\"https:\\\/\\\/informelitoral.com.ar\\\/\",\"logo\":{\"@type\":\"ImageObject\",\"inLanguage\":\"es\",\"@id\":\"https:\\\/\\\/informelitoral.com.ar\\\/#\\\/schema\\\/logo\\\/image\\\/\",\"url\":\"https:\\\/\\\/informelitoral.com.ar\\\/%77%70%2d%63%6f%6e%74%65%6e%74\\\/uploads\\\/2021\\\/01\\\/circulo.png\",\"contentUrl\":\"https:\\\/\\\/informelitoral.com.ar\\\/%77%70%2d%63%6f%6e%74%65%6e%74\\\/uploads\\\/2021\\\/01\\\/circulo.png\",\"width\":723,\"height\":731,\"caption\":\"Informe Litoral\"},\"image\":{\"@id\":\"https:\\\/\\\/informelitoral.com.ar\\\/#\\\/schema\\\/logo\\\/image\\\/\"},\"sameAs\":[\"https:\\\/\\\/www.facebook.com\\\/informelitoral\\\/\",\"https:\\\/\\\/x.com\\\/InformeLitoral\",\"https:\\\/\\\/www.instagram.com\\\/informelitoral\\\/\",\"https:\\\/\\\/www.youtube.com\\\/channel\\\/UCua4Qvz8Icb6MYqhoq9xLXw\"]},{\"@type\":\"Person\",\"@id\":\"https:\\\/\\\/informelitoral.com.ar\\\/#\\\/schema\\\/person\\\/f05f9f461677119578717524b127d6d5\",\"name\":\"Sebastian\",\"image\":{\"@type\":\"ImageObject\",\"inLanguage\":\"es\",\"@id\":\"https:\\\/\\\/secure.gravatar.com\\\/avatar\\\/b71bf7481d447dfb9583c7f2798e7cc64de6efb9067b74633ed8c31059a3bd82?s=96&d=mm&r=g\",\"url\":\"https:\\\/\\\/secure.gravatar.com\\\/avatar\\\/b71bf7481d447dfb9583c7f2798e7cc64de6efb9067b74633ed8c31059a3bd82?s=96&d=mm&r=g\",\"contentUrl\":\"https:\\\/\\\/secure.gravatar.com\\\/avatar\\\/b71bf7481d447dfb9583c7f2798e7cc64de6efb9067b74633ed8c31059a3bd82?s=96&d=mm&r=g\",\"caption\":\"Sebastian\"},\"url\":\"https:\\\/\\\/informelitoral.com.ar\\\/author\\\/sebastian\\\/\"}]}<\/script>","yoast_head_json":{"title":"Racing vs. Flamengo, por la Copa Libertadores: hora, TV y probables formaciones - Informe Litoral","robots":{"index":"index","follow":"follow","max-snippet":"max-snippet:-1","max-image-preview":"max-image-preview:large","max-video-preview":"max-video-preview:-1"},"canonical":"https:\/\/informelitoral.com.ar\/racing-vs-flamengo-por-la-copa-libertadores-hora-tv-y-formaciones\/","og_locale":"es_ES","og_type":"article","og_title":"Racing vs. Flamengo, por la Copa Libertadores: hora, TV y probables formaciones - Informe Litoral","og_description":"La \"Academia\" buscar\u00e1 un resultado hist\u00f3rico en la ida ante el gigante brasile\u00f1o. El partido se jugar\u00e1 esta noche a las 21:30 con la presencia de figuras internacionales en el equipo rival.","og_url":"https:\/\/informelitoral.com.ar\/racing-vs-flamengo-por-la-copa-libertadores-hora-tv-y-formaciones\/","og_site_name":"Informe Litoral","article_publisher":"https:\/\/www.facebook.com\/informelitoral\/","article_published_time":"2025-10-22T11:36:08+00:00","article_modified_time":"2025-10-22T11:55:26+00:00","og_image":[{"url":"https:\/\/media.ambito.com\/p\/cea7f58090c56b99edadd5c363de2b89\/adjuntos\/239\/imagenes\/040\/684\/0040684736\/1200x675\/smart\/racing-flamengo-libertadoresjpg.jpg","type":"","width":"","height":""}],"author":"Sebastian","twitter_card":"summary_large_image","twitter_image":"https:\/\/media.ambito.com\/p\/cea7f58090c56b99edadd5c363de2b89\/adjuntos\/239\/imagenes\/040\/684\/0040684736\/1200x675\/smart\/racing-flamengo-libertadoresjpg.jpg","twitter_creator":"@InformeLitoral","twitter_site":"@InformeLitoral","twitter_misc":{"Escrito por":"Sebastian","Tiempo de lectura":"2 minutos"},"schema":{"@context":"https:\/\/schema.org","@graph":[{"@type":"Article","@id":"https:\/\/informelitoral.com.ar\/racing-vs-flamengo-por-la-copa-libertadores-hora-tv-y-formaciones\/#article","isPartOf":{"@id":"https:\/\/informelitoral.com.ar\/racing-vs-flamengo-por-la-copa-libertadores-hora-tv-y-formaciones\/"},"author":{"name":"Sebastian","@id":"https:\/\/informelitoral.com.ar\/#\/schema\/person\/f05f9f461677119578717524b127d6d5"},"headline":"Racing vs. Flamengo, por la Copa Libertadores: hora, TV y probables formaciones","datePublished":"2025-10-22T11:36:08+00:00","dateModified":"2025-10-22T11:55:26+00:00","mainEntityOfPage":{"@id":"https:\/\/informelitoral.com.ar\/racing-vs-flamengo-por-la-copa-libertadores-hora-tv-y-formaciones\/"},"wordCount":371,"commentCount":0,"publisher":{"@id":"https:\/\/informelitoral.com.ar\/#organization"},"image":{"@id":"https:\/\/informelitoral.com.ar\/racing-vs-flamengo-por-la-copa-libertadores-hora-tv-y-formaciones\/#primaryimage"},"thumbnailUrl":"https:\/\/media.ambito.com\/p\/cea7f58090c56b99edadd5c363de2b89\/adjuntos\/239\/imagenes\/040\/684\/0040684736\/1200x675\/smart\/racing-flamengo-libertadoresjpg.jpg","keywords":["Flamengo","Partido","Racing"],"articleSection":["Deportes"],"inLanguage":"es","potentialAction":[{"@type":"CommentAction","name":"Comment","target":["https:\/\/informelitoral.com.ar\/racing-vs-flamengo-por-la-copa-libertadores-hora-tv-y-formaciones\/#respond"]}]},{"@type":"WebPage","@id":"https:\/\/informelitoral.com.ar\/racing-vs-flamengo-por-la-copa-libertadores-hora-tv-y-formaciones\/","url":"https:\/\/informelitoral.com.ar\/racing-vs-flamengo-por-la-copa-libertadores-hora-tv-y-formaciones\/","name":"Racing vs. Flamengo, por la Copa Libertadores: hora, TV y probables formaciones - Informe Litoral","isPartOf":{"@id":"https:\/\/informelitoral.com.ar\/#website"},"primaryImageOfPage":{"@id":"https:\/\/informelitoral.com.ar\/racing-vs-flamengo-por-la-copa-libertadores-hora-tv-y-formaciones\/#primaryimage"},"image":{"@id":"https:\/\/informelitoral.com.ar\/racing-vs-flamengo-por-la-copa-libertadores-hora-tv-y-formaciones\/#primaryimage"},"thumbnailUrl":"https:\/\/media.ambito.com\/p\/cea7f58090c56b99edadd5c363de2b89\/adjuntos\/239\/imagenes\/040\/684\/0040684736\/1200x675\/smart\/racing-flamengo-libertadoresjpg.jpg","datePublished":"2025-10-22T11:36:08+00:00","dateModified":"2025-10-22T11:55:26+00:00","breadcrumb":{"@id":"https:\/\/informelitoral.com.ar\/racing-vs-flamengo-por-la-copa-libertadores-hora-tv-y-formaciones\/#breadcrumb"},"inLanguage":"es","potentialAction":[{"@type":"ReadAction","target":["https:\/\/informelitoral.com.ar\/racing-vs-flamengo-por-la-copa-libertadores-hora-tv-y-formaciones\/"]}]},{"@type":"ImageObject","inLanguage":"es","@id":"https:\/\/informelitoral.com.ar\/racing-vs-flamengo-por-la-copa-libertadores-hora-tv-y-formaciones\/#primaryimage","url":"https:\/\/media.ambito.com\/p\/cea7f58090c56b99edadd5c363de2b89\/adjuntos\/239\/imagenes\/040\/684\/0040684736\/1200x675\/smart\/racing-flamengo-libertadoresjpg.jpg","contentUrl":"https:\/\/media.ambito.com\/p\/cea7f58090c56b99edadd5c363de2b89\/adjuntos\/239\/imagenes\/040\/684\/0040684736\/1200x675\/smart\/racing-flamengo-libertadoresjpg.jpg","width":"1200","height":"675"},{"@type":"BreadcrumbList","@id":"https:\/\/informelitoral.com.ar\/racing-vs-flamengo-por-la-copa-libertadores-hora-tv-y-formaciones\/#breadcrumb","itemListElement":[{"@type":"ListItem","position":1,"name":"Portada","item":"https:\/\/informelitoral.com.ar\/"},{"@type":"ListItem","position":2,"name":"Racing vs. Flamengo, por la Copa Libertadores: hora, TV y probables formaciones"}]},{"@type":"WebSite","@id":"https:\/\/informelitoral.com.ar\/#website","url":"https:\/\/informelitoral.com.ar\/","name":"Informe Litoral","description":"&quot;Nos informamos&quot; ","publisher":{"@id":"https:\/\/informelitoral.com.ar\/#organization"},"potentialAction":[{"@type":"SearchAction","target":{"@type":"EntryPoint","urlTemplate":"https:\/\/informelitoral.com.ar\/?s={search_term_string}"},"query-input":{"@type":"PropertyValueSpecification","valueRequired":true,"valueName":"search_term_string"}}],"inLanguage":"es"},{"@type":"Organization","@id":"https:\/\/informelitoral.com.ar\/#organization","name":"Informe Litoral","url":"https:\/\/informelitoral.com.ar\/","logo":{"@type":"ImageObject","inLanguage":"es","@id":"https:\/\/informelitoral.com.ar\/#\/schema\/logo\/image\/","url":"https:\/\/informelitoral.com.ar\/%77%70%2d%63%6f%6e%74%65%6e%74\/uploads\/2021\/01\/circulo.png","contentUrl":"https:\/\/informelitoral.com.ar\/%77%70%2d%63%6f%6e%74%65%6e%74\/uploads\/2021\/01\/circulo.png","width":723,"height":731,"caption":"Informe Litoral"},"image":{"@id":"https:\/\/informelitoral.com.ar\/#\/schema\/logo\/image\/"},"sameAs":["https:\/\/www.facebook.com\/informelitoral\/","https:\/\/x.com\/InformeLitoral","https:\/\/www.instagram.com\/informelitoral\/","https:\/\/www.youtube.com\/channel\/UCua4Qvz8Icb6MYqhoq9xLXw"]},{"@type":"Person","@id":"https:\/\/informelitoral.com.ar\/#\/schema\/person\/f05f9f461677119578717524b127d6d5","name":"Sebastian","image":{"@type":"ImageObject","inLanguage":"es","@id":"https:\/\/secure.gravatar.com\/avatar\/b71bf7481d447dfb9583c7f2798e7cc64de6efb9067b74633ed8c31059a3bd82?s=96&d=mm&r=g","url":"https:\/\/secure.gravatar.com\/avatar\/b71bf7481d447dfb9583c7f2798e7cc64de6efb9067b74633ed8c31059a3bd82?s=96&d=mm&r=g","contentUrl":"https:\/\/secure.gravatar.com\/avatar\/b71bf7481d447dfb9583c7f2798e7cc64de6efb9067b74633ed8c31059a3bd82?s=96&d=mm&r=g","caption":"Sebastian"},"url":"https:\/\/informelitoral.com.ar\/author\/sebastian\/"}]}},"fifu_image_url":"https:\/\/media.ambito.com\/p\/cea7f58090c56b99edadd5c363de2b89\/adjuntos\/239\/imagenes\/040\/684\/0040684736\/1200x675\/smart\/racing-flamengo-libertadoresjpg.jpg","_links":{"self":[{"href":"https:\/\/informelitoral.com.ar\/%77%70%2d%6a%73%6f%6e\/wp\/v2\/posts\/237815","targetHints":{"allow":["GET"]}}],"collection":[{"href":"https:\/\/informelitoral.com.ar\/%77%70%2d%6a%73%6f%6e\/wp\/v2\/posts"}],"about":[{"href":"https:\/\/informelitoral.com.ar\/%77%70%2d%6a%73%6f%6e\/wp\/v2\/types\/post"}],"author":[{"embeddable":true,"href":"https:\/\/informelitoral.com.ar\/%77%70%2d%6a%73%6f%6e\/wp\/v2\/users\/8"}],"replies":[{"embeddable":true,"href":"https:\/\/informelitoral.com.ar\/%77%70%2d%6a%73%6f%6e\/wp\/v2\/comments?post=237815"}],"version-history":[{"count":2,"href":"https:\/\/informelitoral.com.ar\/%77%70%2d%6a%73%6f%6e\/wp\/v2\/posts\/237815\/revisions"}],"predecessor-version":[{"id":237818,"href":"https:\/\/informelitoral.com.ar\/%77%70%2d%6a%73%6f%6e\/wp\/v2\/posts\/237815\/revisions\/237818"}],"wp:featuredmedia":[{"embeddable":true,"href":"https:\/\/informelitoral.com.ar\/%77%70%2d%6a%73%6f%6e\/wp\/v2\/media\/237819"}],"wp:attachment":[{"href":"https:\/\/informelitoral.com.ar\/%77%70%2d%6a%73%6f%6e\/wp\/v2\/media?parent=237815"}],"wp:term":[{"taxonomy":"category","embeddable":true,"href":"https:\/\/informelitoral.com.ar\/%77%70%2d%6a%73%6f%6e\/wp\/v2\/categories?post=237815"},{"taxonomy":"post_tag","embeddable":true,"href":"https:\/\/informelitoral.com.ar\/%77%70%2d%6a%73%6f%6e\/wp\/v2\/tags?post=237815"}],"curies":[{"name":"wp","href":"https:\/\/api.w.org\/{rel}","templated":true}]}}