{"id":237808,"date":"2025-10-22T08:31:14","date_gmt":"2025-10-22T11:31:14","guid":{"rendered":"https:\/\/informelitoral.com.ar\/?p=237808"},"modified":"2025-10-22T08:31:14","modified_gmt":"2025-10-22T11:31:14","slug":"jubilados-anses-confirmo-aumento-del-208-para-noviembre","status":"publish","type":"post","link":"https:\/\/informelitoral.com.ar\/jubilados-anses-confirmo-aumento-del-208-para-noviembre\/","title":{"rendered":"Jubilados: ANSES confirm\u00f3 aumento del 2,08% para noviembre"},"content":{"rendered":"<p>La Administraci\u00f3n Nacional de la Seguridad Social (ANSES) anunci\u00f3 el <b>aumento del 2,08 %<\/b> que regir\u00e1 para los haberes jubilatorios y pensiones a partir de <b>noviembre de 2025<\/b>. Este ajuste se basa en la variaci\u00f3n del \u00cdndice de Precios al Consumidor (IPC) de septiembre de 2025, publicado por el INDEC.<\/p>\n<p>Con esta actualizaci\u00f3n, la <b>jubilaci\u00f3n m\u00ednima<\/b> ascender\u00e1 a <b>$333.085,39<\/b>. A este monto se sumar\u00e1 el <b>bono de refuerzo de $70.000<\/b>, sin cambios respecto al mes anterior, elevando el haber total para los beneficiarios con la m\u00ednima a <b>$403.085,39<\/b>.<\/p>\n<p>Por su parte, quienes perciben la <b>jubilaci\u00f3n m\u00e1xima<\/b> recibir\u00e1n un total de <b>$2.241.349,35<\/b>. El bono de refuerzo ser\u00e1 <b>pleno<\/b> para la m\u00ednima y <b>proporcional<\/b> para los haberes superiores, manteni\u00e9ndose como una herramienta de contenci\u00f3n para los sectores de menores ingresos.<\/p>\n<p>ANSES inform\u00f3 que el incremento del 2,08 % se aplica <b>autom\u00e1ticamente<\/b>, por lo que los beneficiarios <b>no deben realizar ning\u00fan tr\u00e1mite<\/b> adicional.<\/p>\n<p>Los jubilados y pensionados podr\u00e1n consultar su <b>recibo de cobro<\/b>, verificando el detalle del aumento, el bono y los descuentos, ingresando con su Clave de la Seguridad Social en el portal <b>Mi ANSES<\/b> a partir del <b>10 de noviembre<\/b>.<\/p>\n<h2><strong>Calendario de pagos de noviembre 2025<\/strong><\/h2>\n<p>El cronograma de cobro para noviembre se organiza por la terminaci\u00f3n del DNI:<\/p>\n<p><b>Haberes M\u00ednimos:<\/b><\/p>\n<ul>\n<li><b>10\/11:<\/b> DNI terminados en 0<\/li>\n<li><b>11\/11:<\/b> DNI terminados en 1<\/li>\n<li><b>12\/11:<\/b> DNI terminados en 2<\/li>\n<li><b>13\/11:<\/b> DNI terminados en 3<\/li>\n<li><b>14\/11:<\/b> DNI terminados en 4<\/li>\n<li><b>17\/11:<\/b> DNI terminados en 5<\/li>\n<li><b>18\/11:<\/b> DNI terminados en 6<\/li>\n<li><b>19\/11:<\/b> DNI terminados en 7<\/li>\n<li><b>20\/11:<\/b> DNI terminados en 8 y 9<\/li>\n<\/ul>\n<p><b>Haberes Superiores a la M\u00ednima:<\/b><\/p>\n<ul>\n<li><b>21\/11:<\/b> DNI terminados en 0 y 1<\/li>\n<li><b>25\/11:<\/b> DNI terminados en 2 y 3<\/li>\n<li><b>26\/11:<\/b> DNI terminados en 4 y 5<\/li>\n<li><b>27\/11:<\/b> DNI terminados en 6 y 7<\/li>\n<li><b>28\/11:<\/b> DNI terminados en 8 y 9<\/li>\n<\/ul>\n","protected":false},"excerpt":{"rendered":"<p>La jubilaci\u00f3n m\u00ednima alcanza los $403.085,39 con el refuerzo. El incremento se aplica de forma autom\u00e1tica y el cronograma de pagos comienza el 10 de noviembre.<\/p>\n","protected":false},"author":8,"featured_media":72746,"comment_status":"open","ping_status":"open","sticky":false,"template":"","format":"standard","meta":{"fifu_image_url":"","fifu_image_alt":"","footnotes":""},"categories":[1594],"tags":[269,102,1041],"class_list":{"0":"post-237808","1":"post","2":"type-post","3":"status-publish","4":"format-standard","5":"has-post-thumbnail","7":"category-economia","8":"tag-anses","9":"tag-jubilados","10":"tag-pago"},"yoast_head":"<title>Jubilados: ANSES confirm\u00f3 aumento del 2,08% para noviembre - Informe Litoral<\/title>\n<meta name=\"robots\" content=\"index, follow, max-snippet:-1, max-image-preview:large, max-video-preview:-1\" \/>\n<link rel=\"canonical\" href=\"https:\/\/informelitoral.com.ar\/jubilados-anses-confirmo-aumento-del-208-para-noviembre\/\" \/>\n<meta property=\"og:locale\" content=\"es_ES\" \/>\n<meta property=\"og:type\" content=\"article\" \/>\n<meta property=\"og:title\" content=\"Jubilados: ANSES confirm\u00f3 aumento del 2,08% para noviembre - Informe Litoral\" \/>\n<meta property=\"og:description\" content=\"La jubilaci\u00f3n m\u00ednima alcanza los $403.085,39 con el refuerzo. El incremento se aplica de forma autom\u00e1tica y el cronograma de pagos comienza el 10 de noviembre.\" \/>\n<meta property=\"og:url\" content=\"https:\/\/informelitoral.com.ar\/jubilados-anses-confirmo-aumento-del-208-para-noviembre\/\" \/>\n<meta property=\"og:site_name\" content=\"Informe Litoral\" \/>\n<meta property=\"article:publisher\" content=\"https:\/\/www.facebook.com\/informelitoral\/\" \/>\n<meta property=\"article:published_time\" content=\"2025-10-22T11:31:14+00:00\" \/>\n<meta property=\"og:image\" content=\"https:\/\/informelitoral.com.ar\/%77%70%2d%63%6f%6e%74%65%6e%74\/uploads\/2022\/03\/anses1200.jpg\" \/>\n\t<meta property=\"og:image:width\" content=\"1200\" \/>\n\t<meta property=\"og:image:height\" content=\"675\" \/>\n\t<meta property=\"og:image:type\" content=\"image\/jpeg\" \/>\n<meta name=\"author\" content=\"Sebastian\" \/>\n<meta name=\"twitter:card\" content=\"summary_large_image\" \/>\n<meta name=\"twitter:creator\" content=\"@InformeLitoral\" \/>\n<meta name=\"twitter:site\" content=\"@InformeLitoral\" \/>\n<meta name=\"twitter:label1\" content=\"Escrito por\" \/>\n\t<meta name=\"twitter:data1\" content=\"Sebastian\" \/>\n\t<meta name=\"twitter:label2\" content=\"Tiempo de lectura\" \/>\n\t<meta name=\"twitter:data2\" content=\"2 minutos\" \/>\n<script type=\"application\/ld+json\" class=\"yoast-schema-graph\">{\"@context\":\"https:\\\/\\\/schema.org\",\"@graph\":[{\"@type\":\"Article\",\"@id\":\"https:\\\/\\\/informelitoral.com.ar\\\/jubilados-anses-confirmo-aumento-del-208-para-noviembre\\\/#article\",\"isPartOf\":{\"@id\":\"https:\\\/\\\/informelitoral.com.ar\\\/jubilados-anses-confirmo-aumento-del-208-para-noviembre\\\/\"},\"author\":{\"name\":\"Sebastian\",\"@id\":\"https:\\\/\\\/informelitoral.com.ar\\\/#\\\/schema\\\/person\\\/f05f9f461677119578717524b127d6d5\"},\"headline\":\"Jubilados: ANSES confirm\u00f3 aumento del 2,08% para noviembre\",\"datePublished\":\"2025-10-22T11:31:14+00:00\",\"mainEntityOfPage\":{\"@id\":\"https:\\\/\\\/informelitoral.com.ar\\\/jubilados-anses-confirmo-aumento-del-208-para-noviembre\\\/\"},\"wordCount\":277,\"commentCount\":0,\"publisher\":{\"@id\":\"https:\\\/\\\/informelitoral.com.ar\\\/#organization\"},\"image\":{\"@id\":\"https:\\\/\\\/informelitoral.com.ar\\\/jubilados-anses-confirmo-aumento-del-208-para-noviembre\\\/#primaryimage\"},\"thumbnailUrl\":\"https:\\\/\\\/informelitoral.com.ar\\\/%77%70%2d%63%6f%6e%74%65%6e%74\\\/uploads\\\/2022\\\/03\\\/anses1200.jpg\",\"keywords\":[\"Anses\",\"Jubilados\",\"Pago\"],\"articleSection\":[\"Econom\u00eda\"],\"inLanguage\":\"es\",\"potentialAction\":[{\"@type\":\"CommentAction\",\"name\":\"Comment\",\"target\":[\"https:\\\/\\\/informelitoral.com.ar\\\/jubilados-anses-confirmo-aumento-del-208-para-noviembre\\\/#respond\"]}]},{\"@type\":\"WebPage\",\"@id\":\"https:\\\/\\\/informelitoral.com.ar\\\/jubilados-anses-confirmo-aumento-del-208-para-noviembre\\\/\",\"url\":\"https:\\\/\\\/informelitoral.com.ar\\\/jubilados-anses-confirmo-aumento-del-208-para-noviembre\\\/\",\"name\":\"Jubilados: ANSES confirm\u00f3 aumento del 2,08% para noviembre - Informe Litoral\",\"isPartOf\":{\"@id\":\"https:\\\/\\\/informelitoral.com.ar\\\/#website\"},\"primaryImageOfPage\":{\"@id\":\"https:\\\/\\\/informelitoral.com.ar\\\/jubilados-anses-confirmo-aumento-del-208-para-noviembre\\\/#primaryimage\"},\"image\":{\"@id\":\"https:\\\/\\\/informelitoral.com.ar\\\/jubilados-anses-confirmo-aumento-del-208-para-noviembre\\\/#primaryimage\"},\"thumbnailUrl\":\"https:\\\/\\\/informelitoral.com.ar\\\/%77%70%2d%63%6f%6e%74%65%6e%74\\\/uploads\\\/2022\\\/03\\\/anses1200.jpg\",\"datePublished\":\"2025-10-22T11:31:14+00:00\",\"breadcrumb\":{\"@id\":\"https:\\\/\\\/informelitoral.com.ar\\\/jubilados-anses-confirmo-aumento-del-208-para-noviembre\\\/#breadcrumb\"},\"inLanguage\":\"es\",\"potentialAction\":[{\"@type\":\"ReadAction\",\"target\":[\"https:\\\/\\\/informelitoral.com.ar\\\/jubilados-anses-confirmo-aumento-del-208-para-noviembre\\\/\"]}]},{\"@type\":\"ImageObject\",\"inLanguage\":\"es\",\"@id\":\"https:\\\/\\\/informelitoral.com.ar\\\/jubilados-anses-confirmo-aumento-del-208-para-noviembre\\\/#primaryimage\",\"url\":\"https:\\\/\\\/informelitoral.com.ar\\\/%77%70%2d%63%6f%6e%74%65%6e%74\\\/uploads\\\/2022\\\/03\\\/anses1200.jpg\",\"contentUrl\":\"https:\\\/\\\/informelitoral.com.ar\\\/%77%70%2d%63%6f%6e%74%65%6e%74\\\/uploads\\\/2022\\\/03\\\/anses1200.jpg\",\"width\":1200,\"height\":675},{\"@type\":\"BreadcrumbList\",\"@id\":\"https:\\\/\\\/informelitoral.com.ar\\\/jubilados-anses-confirmo-aumento-del-208-para-noviembre\\\/#breadcrumb\",\"itemListElement\":[{\"@type\":\"ListItem\",\"position\":1,\"name\":\"Portada\",\"item\":\"https:\\\/\\\/informelitoral.com.ar\\\/\"},{\"@type\":\"ListItem\",\"position\":2,\"name\":\"Jubilados: ANSES confirm\u00f3 aumento del 2,08% para noviembre\"}]},{\"@type\":\"WebSite\",\"@id\":\"https:\\\/\\\/informelitoral.com.ar\\\/#website\",\"url\":\"https:\\\/\\\/informelitoral.com.ar\\\/\",\"name\":\"Informe Litoral\",\"description\":\"&quot;Nos informamos&quot; \",\"publisher\":{\"@id\":\"https:\\\/\\\/informelitoral.com.ar\\\/#organization\"},\"potentialAction\":[{\"@type\":\"SearchAction\",\"target\":{\"@type\":\"EntryPoint\",\"urlTemplate\":\"https:\\\/\\\/informelitoral.com.ar\\\/?s={search_term_string}\"},\"query-input\":{\"@type\":\"PropertyValueSpecification\",\"valueRequired\":true,\"valueName\":\"search_term_string\"}}],\"inLanguage\":\"es\"},{\"@type\":\"Organization\",\"@id\":\"https:\\\/\\\/informelitoral.com.ar\\\/#organization\",\"name\":\"Informe Litoral\",\"url\":\"https:\\\/\\\/informelitoral.com.ar\\\/\",\"logo\":{\"@type\":\"ImageObject\",\"inLanguage\":\"es\",\"@id\":\"https:\\\/\\\/informelitoral.com.ar\\\/#\\\/schema\\\/logo\\\/image\\\/\",\"url\":\"https:\\\/\\\/informelitoral.com.ar\\\/%77%70%2d%63%6f%6e%74%65%6e%74\\\/uploads\\\/2021\\\/01\\\/circulo.png\",\"contentUrl\":\"https:\\\/\\\/informelitoral.com.ar\\\/%77%70%2d%63%6f%6e%74%65%6e%74\\\/uploads\\\/2021\\\/01\\\/circulo.png\",\"width\":723,\"height\":731,\"caption\":\"Informe Litoral\"},\"image\":{\"@id\":\"https:\\\/\\\/informelitoral.com.ar\\\/#\\\/schema\\\/logo\\\/image\\\/\"},\"sameAs\":[\"https:\\\/\\\/www.facebook.com\\\/informelitoral\\\/\",\"https:\\\/\\\/x.com\\\/InformeLitoral\",\"https:\\\/\\\/www.instagram.com\\\/informelitoral\\\/\",\"https:\\\/\\\/www.youtube.com\\\/channel\\\/UCua4Qvz8Icb6MYqhoq9xLXw\"]},{\"@type\":\"Person\",\"@id\":\"https:\\\/\\\/informelitoral.com.ar\\\/#\\\/schema\\\/person\\\/f05f9f461677119578717524b127d6d5\",\"name\":\"Sebastian\",\"image\":{\"@type\":\"ImageObject\",\"inLanguage\":\"es\",\"@id\":\"https:\\\/\\\/secure.gravatar.com\\\/avatar\\\/b71bf7481d447dfb9583c7f2798e7cc64de6efb9067b74633ed8c31059a3bd82?s=96&d=mm&r=g\",\"url\":\"https:\\\/\\\/secure.gravatar.com\\\/avatar\\\/b71bf7481d447dfb9583c7f2798e7cc64de6efb9067b74633ed8c31059a3bd82?s=96&d=mm&r=g\",\"contentUrl\":\"https:\\\/\\\/secure.gravatar.com\\\/avatar\\\/b71bf7481d447dfb9583c7f2798e7cc64de6efb9067b74633ed8c31059a3bd82?s=96&d=mm&r=g\",\"caption\":\"Sebastian\"},\"url\":\"https:\\\/\\\/informelitoral.com.ar\\\/author\\\/sebastian\\\/\"}]}<\/script>","yoast_head_json":{"title":"Jubilados: ANSES confirm\u00f3 aumento del 2,08% para noviembre - Informe Litoral","robots":{"index":"index","follow":"follow","max-snippet":"max-snippet:-1","max-image-preview":"max-image-preview:large","max-video-preview":"max-video-preview:-1"},"canonical":"https:\/\/informelitoral.com.ar\/jubilados-anses-confirmo-aumento-del-208-para-noviembre\/","og_locale":"es_ES","og_type":"article","og_title":"Jubilados: ANSES confirm\u00f3 aumento del 2,08% para noviembre - Informe Litoral","og_description":"La jubilaci\u00f3n m\u00ednima alcanza los $403.085,39 con el refuerzo. El incremento se aplica de forma autom\u00e1tica y el cronograma de pagos comienza el 10 de noviembre.","og_url":"https:\/\/informelitoral.com.ar\/jubilados-anses-confirmo-aumento-del-208-para-noviembre\/","og_site_name":"Informe Litoral","article_publisher":"https:\/\/www.facebook.com\/informelitoral\/","article_published_time":"2025-10-22T11:31:14+00:00","og_image":[{"width":1200,"height":675,"url":"https:\/\/informelitoral.com.ar\/%77%70%2d%63%6f%6e%74%65%6e%74\/uploads\/2022\/03\/anses1200.jpg","type":"image\/jpeg"}],"author":"Sebastian","twitter_card":"summary_large_image","twitter_creator":"@InformeLitoral","twitter_site":"@InformeLitoral","twitter_misc":{"Escrito por":"Sebastian","Tiempo de lectura":"2 minutos"},"schema":{"@context":"https:\/\/schema.org","@graph":[{"@type":"Article","@id":"https:\/\/informelitoral.com.ar\/jubilados-anses-confirmo-aumento-del-208-para-noviembre\/#article","isPartOf":{"@id":"https:\/\/informelitoral.com.ar\/jubilados-anses-confirmo-aumento-del-208-para-noviembre\/"},"author":{"name":"Sebastian","@id":"https:\/\/informelitoral.com.ar\/#\/schema\/person\/f05f9f461677119578717524b127d6d5"},"headline":"Jubilados: ANSES confirm\u00f3 aumento del 2,08% para noviembre","datePublished":"2025-10-22T11:31:14+00:00","mainEntityOfPage":{"@id":"https:\/\/informelitoral.com.ar\/jubilados-anses-confirmo-aumento-del-208-para-noviembre\/"},"wordCount":277,"commentCount":0,"publisher":{"@id":"https:\/\/informelitoral.com.ar\/#organization"},"image":{"@id":"https:\/\/informelitoral.com.ar\/jubilados-anses-confirmo-aumento-del-208-para-noviembre\/#primaryimage"},"thumbnailUrl":"https:\/\/informelitoral.com.ar\/%77%70%2d%63%6f%6e%74%65%6e%74\/uploads\/2022\/03\/anses1200.jpg","keywords":["Anses","Jubilados","Pago"],"articleSection":["Econom\u00eda"],"inLanguage":"es","potentialAction":[{"@type":"CommentAction","name":"Comment","target":["https:\/\/informelitoral.com.ar\/jubilados-anses-confirmo-aumento-del-208-para-noviembre\/#respond"]}]},{"@type":"WebPage","@id":"https:\/\/informelitoral.com.ar\/jubilados-anses-confirmo-aumento-del-208-para-noviembre\/","url":"https:\/\/informelitoral.com.ar\/jubilados-anses-confirmo-aumento-del-208-para-noviembre\/","name":"Jubilados: ANSES confirm\u00f3 aumento del 2,08% para noviembre - Informe Litoral","isPartOf":{"@id":"https:\/\/informelitoral.com.ar\/#website"},"primaryImageOfPage":{"@id":"https:\/\/informelitoral.com.ar\/jubilados-anses-confirmo-aumento-del-208-para-noviembre\/#primaryimage"},"image":{"@id":"https:\/\/informelitoral.com.ar\/jubilados-anses-confirmo-aumento-del-208-para-noviembre\/#primaryimage"},"thumbnailUrl":"https:\/\/informelitoral.com.ar\/%77%70%2d%63%6f%6e%74%65%6e%74\/uploads\/2022\/03\/anses1200.jpg","datePublished":"2025-10-22T11:31:14+00:00","breadcrumb":{"@id":"https:\/\/informelitoral.com.ar\/jubilados-anses-confirmo-aumento-del-208-para-noviembre\/#breadcrumb"},"inLanguage":"es","potentialAction":[{"@type":"ReadAction","target":["https:\/\/informelitoral.com.ar\/jubilados-anses-confirmo-aumento-del-208-para-noviembre\/"]}]},{"@type":"ImageObject","inLanguage":"es","@id":"https:\/\/informelitoral.com.ar\/jubilados-anses-confirmo-aumento-del-208-para-noviembre\/#primaryimage","url":"https:\/\/informelitoral.com.ar\/%77%70%2d%63%6f%6e%74%65%6e%74\/uploads\/2022\/03\/anses1200.jpg","contentUrl":"https:\/\/informelitoral.com.ar\/%77%70%2d%63%6f%6e%74%65%6e%74\/uploads\/2022\/03\/anses1200.jpg","width":1200,"height":675},{"@type":"BreadcrumbList","@id":"https:\/\/informelitoral.com.ar\/jubilados-anses-confirmo-aumento-del-208-para-noviembre\/#breadcrumb","itemListElement":[{"@type":"ListItem","position":1,"name":"Portada","item":"https:\/\/informelitoral.com.ar\/"},{"@type":"ListItem","position":2,"name":"Jubilados: ANSES confirm\u00f3 aumento del 2,08% para noviembre"}]},{"@type":"WebSite","@id":"https:\/\/informelitoral.com.ar\/#website","url":"https:\/\/informelitoral.com.ar\/","name":"Informe Litoral","description":"&quot;Nos informamos&quot; ","publisher":{"@id":"https:\/\/informelitoral.com.ar\/#organization"},"potentialAction":[{"@type":"SearchAction","target":{"@type":"EntryPoint","urlTemplate":"https:\/\/informelitoral.com.ar\/?s={search_term_string}"},"query-input":{"@type":"PropertyValueSpecification","valueRequired":true,"valueName":"search_term_string"}}],"inLanguage":"es"},{"@type":"Organization","@id":"https:\/\/informelitoral.com.ar\/#organization","name":"Informe Litoral","url":"https:\/\/informelitoral.com.ar\/","logo":{"@type":"ImageObject","inLanguage":"es","@id":"https:\/\/informelitoral.com.ar\/#\/schema\/logo\/image\/","url":"https:\/\/informelitoral.com.ar\/%77%70%2d%63%6f%6e%74%65%6e%74\/uploads\/2021\/01\/circulo.png","contentUrl":"https:\/\/informelitoral.com.ar\/%77%70%2d%63%6f%6e%74%65%6e%74\/uploads\/2021\/01\/circulo.png","width":723,"height":731,"caption":"Informe Litoral"},"image":{"@id":"https:\/\/informelitoral.com.ar\/#\/schema\/logo\/image\/"},"sameAs":["https:\/\/www.facebook.com\/informelitoral\/","https:\/\/x.com\/InformeLitoral","https:\/\/www.instagram.com\/informelitoral\/","https:\/\/www.youtube.com\/channel\/UCua4Qvz8Icb6MYqhoq9xLXw"]},{"@type":"Person","@id":"https:\/\/informelitoral.com.ar\/#\/schema\/person\/f05f9f461677119578717524b127d6d5","name":"Sebastian","image":{"@type":"ImageObject","inLanguage":"es","@id":"https:\/\/secure.gravatar.com\/avatar\/b71bf7481d447dfb9583c7f2798e7cc64de6efb9067b74633ed8c31059a3bd82?s=96&d=mm&r=g","url":"https:\/\/secure.gravatar.com\/avatar\/b71bf7481d447dfb9583c7f2798e7cc64de6efb9067b74633ed8c31059a3bd82?s=96&d=mm&r=g","contentUrl":"https:\/\/secure.gravatar.com\/avatar\/b71bf7481d447dfb9583c7f2798e7cc64de6efb9067b74633ed8c31059a3bd82?s=96&d=mm&r=g","caption":"Sebastian"},"url":"https:\/\/informelitoral.com.ar\/author\/sebastian\/"}]}},"_links":{"self":[{"href":"https:\/\/informelitoral.com.ar\/%77%70%2d%6a%73%6f%6e\/wp\/v2\/posts\/237808","targetHints":{"allow":["GET"]}}],"collection":[{"href":"https:\/\/informelitoral.com.ar\/%77%70%2d%6a%73%6f%6e\/wp\/v2\/posts"}],"about":[{"href":"https:\/\/informelitoral.com.ar\/%77%70%2d%6a%73%6f%6e\/wp\/v2\/types\/post"}],"author":[{"embeddable":true,"href":"https:\/\/informelitoral.com.ar\/%77%70%2d%6a%73%6f%6e\/wp\/v2\/users\/8"}],"replies":[{"embeddable":true,"href":"https:\/\/informelitoral.com.ar\/%77%70%2d%6a%73%6f%6e\/wp\/v2\/comments?post=237808"}],"version-history":[{"count":1,"href":"https:\/\/informelitoral.com.ar\/%77%70%2d%6a%73%6f%6e\/wp\/v2\/posts\/237808\/revisions"}],"predecessor-version":[{"id":237809,"href":"https:\/\/informelitoral.com.ar\/%77%70%2d%6a%73%6f%6e\/wp\/v2\/posts\/237808\/revisions\/237809"}],"wp:featuredmedia":[{"embeddable":true,"href":"https:\/\/informelitoral.com.ar\/%77%70%2d%6a%73%6f%6e\/wp\/v2\/media\/72746"}],"wp:attachment":[{"href":"https:\/\/informelitoral.com.ar\/%77%70%2d%6a%73%6f%6e\/wp\/v2\/media?parent=237808"}],"wp:term":[{"taxonomy":"category","embeddable":true,"href":"https:\/\/informelitoral.com.ar\/%77%70%2d%6a%73%6f%6e\/wp\/v2\/categories?post=237808"},{"taxonomy":"post_tag","embeddable":true,"href":"https:\/\/informelitoral.com.ar\/%77%70%2d%6a%73%6f%6e\/wp\/v2\/tags?post=237808"}],"curies":[{"name":"wp","href":"https:\/\/api.w.org\/{rel}","templated":true}]}}