{"id":237792,"date":"2025-10-22T05:43:27","date_gmt":"2025-10-22T08:43:27","guid":{"rendered":"https:\/\/informelitoral.com.ar\/?p=237792"},"modified":"2025-10-22T07:47:07","modified_gmt":"2025-10-22T10:47:07","slug":"queremos-que-los-argentinos-vivan-dignamente-o-que-los-saqueadores-se-lleven-todo","status":"publish","type":"post","link":"https:\/\/informelitoral.com.ar\/queremos-que-los-argentinos-vivan-dignamente-o-que-los-saqueadores-se-lleven-todo\/","title":{"rendered":"\u00bfQueremos que los argentinos vivan dignamente o que los saqueadores se lleven todo?"},"content":{"rendered":"<ul>\n<li><em>Por <a href=\"https:\/\/informelitoral.com.ar\/luis-lafferriere-no-le-tiene-fe-a-milei-es-el-plan-masacre-asegura\/\" target=\"_blank\" rel=\"noopener\"><strong>Luis Lafferriere\u00a0<\/strong><\/a><\/em><\/li>\n<\/ul>\n<p>Hacer un an\u00e1lisis de la econom\u00eda requiere siempre aclarar de qu\u00e9 cuestiones estamos hablando, es decir, cu\u00e1l es el fin de la actividad econ\u00f3mica. Para eso consideramos que los seres humanos s\u00f3lo podemos vivir si satisfacemos un conjunto de necesidades b\u00e1sicas, como la alimentaci\u00f3n, la vestimenta, la vivienda, la salud, la educaci\u00f3n, el transporte, la recreaci\u00f3n, etc. Y esas necesidades se cubren con bienes y servicios adecuados. Los mismos no vienen dados directamente de la naturaleza, sino que para tenerlos debemos llevar a cabo procesos necesarios, como la producci\u00f3n y distribuci\u00f3n de los mismos entre los integrantes de cualquier comunidad, aplicando trabajo humano. Esos procesos los desarrollamos en sociedad y constituyen lo que llamamos la actividad econ\u00f3mica, o simplemente la econom\u00eda.<\/p>\n<p>Por lo tanto, la finalidad de la econom\u00eda es generar los bienes y servicios necesarios para permitir que todos los miembros de una sociedad puedan tener una vida digna, sin afectar los recursos que tambi\u00e9n deben disfrutar las futuras generaciones.<\/p>\n<p>No obstante, para la gran mayor\u00eda de los economistas convencionales (los economistas \u2018serios\u2019) y para los que invierten en la actividad econ\u00f3mica, lo que les preocupa y que muestran en sus an\u00e1lisis son otras variables, como ser: el equilibrio presupuestario, la situaci\u00f3n del balance de pagos, el valor de d\u00f3lar, las alternativas de inversi\u00f3n m\u00e1s rentables, el riesgo pa\u00eds, etc. Porque su preocupaci\u00f3n descansa en dos premisas claves: c\u00f3mo ganar lo m\u00e1ximo posible en cada inversi\u00f3n (resultados microecon\u00f3micos) y c\u00f3mo llegar al mayor crecimiento global del Producto (resultado macroecon\u00f3mico). En las variables representativas de esos objetivos se asientan sus an\u00e1lisis, para ver si la econom\u00eda marcha bien o no.<\/p>\n<p>\u00bfD\u00f3nde ponen la mirada? En las posibilidades de hacer negocios rentables para s\u00ed mismos. Y de que haya siempre crecimiento para lograr multiplicar los negocios y las ganancias. Pero\u2026 El fin de la actividad econ\u00f3mica (es decir, \u00bfc\u00f3mo vive la gente?) no aparece en ninguno de sus an\u00e1lisis.\u00a0Esto es lo que siempre aclaro en mis an\u00e1lisis: mirar c\u00f3mo vive la gente.<\/p>\n<h2><strong>Qu\u00e9 pasa con la econom\u00eda argentina<\/strong><\/h2>\n<p>Los argentinos contamos con recursos suficientes para que todos podamos vivir dignamente. Tenemos una poblaci\u00f3n relativamente peque\u00f1a (menos de 50 millones en un mundo donde viven m\u00e1s de 8.200 millones de personas), en un territorio extenso y privilegiado, que puede producir alimentos para m\u00e1s de 400 o 500 millones, adem\u00e1s de generar energ\u00eda abundante y variada (convencional y no convencional), y otro conjunto de bienes y servicios necesarios, como pocos pa\u00edses en el planeta. Sin embargo\u2026<\/p>\n<p>La situaci\u00f3n actual es dram\u00e1tica para la gran mayor\u00eda de los argentinos: un 80% de los hogares no pueden llegar a fin de mes para cubrir sus necesidades b\u00e1sicas con sus ingresos, una pobreza generalizada y un sector creciente sobreviviendo en la indigencia. P\u00e9rdida de fuentes de trabajo (durante la gesti\u00f3n del actual gobierno se perdieron m\u00e1s de 235 mil empleos formales). Desempleo y empleo precario, que afecta a m\u00e1s de la mitad de la PEA (poblaci\u00f3n econ\u00f3micamente activa), donde el empleo informal alcanz\u00f3 el nivel m\u00e1s alto desde el 2008. Deterioro del salario de los que a\u00fan conservan el empleo, mucho m\u00e1s marcado en el sector p\u00fablico. El salario m\u00ednimo determinado por el gobierno cay\u00f3 un 32% durante esta gesti\u00f3n y est\u00e1 en el nivel m\u00e1s bajo desde el 2001. Millones de jubilados que perdieron ante la inflaci\u00f3n y sobreviven con angustia, viendo si comen, o compran remedios o pagan los servicios esenciales. Cierre masivo de empresas, donde desaparecen empleadores por m\u00e1s de 16 mil casos desde diciembre del 2023. Cerraron 16 mil quioscos en el \u00faltimo a\u00f1o. Suspensiones y despidos constantes. Un consumo global que viene cayendo en forma sostenida. Empresas pymes y familias endeudadas y sin poder cumplir regularmente con los pagos. Crisis en la mayor\u00eda de las ramas econ\u00f3micas.<\/p>\n<p>\u00bfPor qu\u00e9 sucede esto? Somos inmensamente ricos, pero\u2026 somos inmensamente saqueados. Nos vienen robando nuestras riquezas de manera constante y creciente en los \u00faltimos cincuenta a\u00f1os. Y ese saqueo tiene dos patas: saqueo material y saqueo financiero. Por un lado, nos depredan y saquean los recursos naturales: agropecuarios, petrol\u00edferos, minerales, ict\u00edcolas. Por otro lado, con especulaci\u00f3n nos roban las divisas que generamos con nuestro comercio exterior (por exportar m\u00e1s de lo que importamos), a la vez que nos prestan para seguir rob\u00e1ndonos.<\/p>\n<h2><strong>Qui\u00e9nes se benefician y qui\u00e9nes son los responsables<\/strong><\/h2>\n<p>Los beneficiados principales de este saqueo gigantesco no son los desocupados que reciben un plan social, ni los discapacitados, ni los jubilados, ni los empleados p\u00fablicos, ni los inmigrantes, ni los trabajadores en general, ni los estudiantes universitarios, ni los empresarios pymes.\u00a0Los que explican el saqueo gigantesco que sufrimos los argentinos son las grandes corporaciones transnacionales y el capital financiero internacional. Son un pu\u00f1ado de grandes firmas mayoritariamente extranjeras, especuladores insaciables, fondos de inversi\u00f3n, monopolios que dominan los principales mercados y sectores (megaminer\u00eda, hidrocarburos, comercio externo, finanzas, etc). Ellos, de la mano de grandes grupos econ\u00f3micos nacionales como socios menores, vienen desangrando la Naci\u00f3n y llevando su bot\u00edn al exterior, a la par de empobrecer a la mayor\u00eda y depredar y contaminar nuestros bienes comunes.\u00a0Ellos han impuesto un modelo econ\u00f3mico social, que se despliega desde los a\u00f1os 90 del siglo XX, que responde a sus intereses. Donde el Estado, sus pol\u00edticas y los gobernantes que tuvimos durante este siglo XXI se pusieron al servicio de ese poder dominante, convalidando el modelo y provocando una degradaci\u00f3n social.<\/p>\n<h2><strong>Gobierno Milei: el Plan Masacre<\/strong><\/h2>\n<p>Los sectores dominantes, que son los que definen el rumbo de nuestra Naci\u00f3n en este modelo neocolonial, percibieron a fines del 2023 que la sociedad argentina estaba dormida, desesperanzada y muy confundida. Una serie de gobiernos que no les solucionaban sus principales problemas, sino que los agravaban. Entonces deciden profundizar el rumbo que nos lleva hacia el abismo, con su Plan Masacre.<\/p>\n<p>El mismo consiste en pol\u00edticas que buscan masacrar la estructura social, aumentando la pobreza y disminuyendo en forma dr\u00e1stica y permanente el consumo interno, de manera de dejar cada vez m\u00e1s recursos disponibles para el saqueo (exportar en lugar de abastecer a los argentinos). Masacrar el ambiente, con actividades que destruyen nuestros bienes comunes de manera insustentable, y contaminan los territorios (tierra, agua y aire), con t\u00f3xicos y desechos que van haciendo muy peligroso vivir en esos lugares (como la megaminer\u00eda, el fracking, la monoproducci\u00f3n de transg\u00e9nicos con uso masivo de agrovenenos, la pesca en gran escala, etc). Masacrar lo que queda de nuestra soberan\u00eda, con leyes que renuncian a nuestro estatus de estado soberano dentro de nuestras fronteras, entregando el poder de decisi\u00f3n a corporaciones, instituciones y organismos extranjeros.Se busca entonces acelerar la entrega total de la Argentina, a la vez que provocar la desintegraci\u00f3n social, ambiental y nacional. En paralelo, esto se acompa\u00f1a con el crecimiento de la corrupci\u00f3n, los fraudes, las estafas, las coimas, y el aumento de la presencia e influencia de narcos en todos los niveles de gobierno.<\/p>\n<p>Una de las patas del saqueo: especulaci\u00f3n y fuga de capitalesEl saqueo financiero se realiza promoviendo la bicicleta financiera (carry trade), despu\u00e9s de la brutal devaluaci\u00f3n del peso dispuesta en diciembre del 2023. Luego de la explosi\u00f3n inflacionaria de los primeros meses, realizaron pol\u00edticas para mantener el valor de d\u00f3lar cada vez m\u00e1s barato, y a la vez proporcionar tasas de inter\u00e9s muy elevadas a favor de los especuladores. Al lograr rentas fabulosas en pesos en muy poco tiempo, vuelven a comprar d\u00f3lares baratos y se los llevan al exterior.\u00a0\u00bfPero c\u00f3mo logran los d\u00f3lares baratos? \u00bfQui\u00e9nes se los venden? S\u00f3lo un actor central: el Estado. Para que los especuladores puedan fugar esa renta privilegiada, parasitaria y usurera, el Estado les entrega las divisas que va consiguiendo.<\/p>\n<p>\u00bfY de d\u00f3nde saca las divisas el Estado? Por un lado, el pa\u00eds logra d\u00f3lares en forma genuina de lo que se genera por nuestro comercio exterior (exportando el pa\u00eds m\u00e1s de lo que importa), y esos d\u00f3lares los recibe el Banco Central a cambio de pesos.\u00a0El Estado puede adquirir los d\u00f3lares del Banco Central, o recaudar directamente por impuestos a las compras y ventas externas. Pero eso es totalmente insuficiente para abastecer de d\u00f3lares baratos a los especuladores, que multiplican su renta de manera astron\u00f3mica con inversiones especulativas que garantiza el propio estado. \u00bfEntonces?<\/p>\n<p>Pues si los d\u00f3lares genuinos nunca alcanzan, para poder seguir vendiendo d\u00f3lares baratos a la usura, el Estado se va endeudando por decisi\u00f3n de gobiernos entreguistas. As\u00ed, mientras la deuda p\u00fablica crece, las reservas de divisas se evaporan y el peso del endeudamiento aumenta (por el capital y con los intereses que se generan). En consecuencia, aparece de manera creciente el d\u00e9ficit fiscal, y para disminuirlo desde el Estado se busca descargar el peso del ajuste sobre los que menos tienen y que nunca participaron de la fiesta de la usura y de los fugadores de divisas.\u00a0Entonces, en paralelo a las fugas y el endeudamiento, se va generando una situaci\u00f3n de pobreza y miseria generalizada en la poblaci\u00f3n v\u00edctima de ese saqueo gigantesco.<\/p>\n<p>As\u00ed viene sucediendo desde la \u00faltima dictadura, cuando inici\u00f3 su gesti\u00f3n con una deuda del Estado nacional de 8 mil millones de d\u00f3lares, y hoy la misma supera los 454 mil millones de esa moneda. Porque nos roban, nos prestan y nos vuelven a robar, para volver a prestarnos y seguir rob\u00e1ndonos.<\/p>\n<p>Pero cada vez los ciclos de endeudamiento y explosi\u00f3n del valor de d\u00f3lares duran menos y requieren mayor endeudamiento. A la par, se demandan m\u00e1s pol\u00edticas de ajustes, m\u00e1s entrega y m\u00e1s p\u00e9rdida de soberan\u00eda.\u00bfD\u00f3nde est\u00e1n los d\u00f3lares que ingresan al Banco Central?<\/p>\n<p>La forma genuina de conseguir las divisas surge del super\u00e1vit de nuestra balanza comercial, exportando m\u00e1s de lo que importamos. Y por esta v\u00eda hemos tenido muy buenos resultados: en 2024 tuvimos un super\u00e1vit de casi 19 mil millones de d\u00f3lares (el mayor de los \u00faltimos 20 a\u00f1os), y entre enero y julio de 2025 sumamos m\u00e1s de 3.700 millones extras.<\/p>\n<p>Tambi\u00e9n ingresaron d\u00f3lares por el blanqueo de capitales, que permitieron legalizar fondos de origen dudoso o delictivo, habi\u00e9ndose declarado por tal motivo m\u00e1s de 25 mil millones de d\u00f3lares.Pero la rentabilidad que el Estado les garantiz\u00f3 a los especuladores a lo largo del a\u00f1o 2024, con altas tasas de inter\u00e9s y un d\u00f3lar barato, implicaba rentas reales en d\u00f3lares de m\u00e1s del 50% (rendimiento que nadie logra en todo el mundo con actividades l\u00edcitas). Para el a\u00f1o 2025 esos especuladores comenzaron a ver que los d\u00f3lares pod\u00edan llegar a escasear al momento de la fuga. Por lo tanto comenzaron gradualmente a retirarse.\u00a0Para evitar el retiro masivo, que provocar\u00eda una escasez de d\u00f3lares y un fuerte aumento paralelo de su valor en pesos, el Estado aument\u00f3 las tasas de inter\u00e9s. Eso permiti\u00f3 retener parte de los fondos especulando en pesos, aunque a costa de encarecer fuertemente el cr\u00e9dito para consumo y producci\u00f3n nacional. Igual, los d\u00f3lares que se fugaban fueron vaciando las reservas efectivas del Banco Central, y el Estado nacional no ten\u00eda acceso al cr\u00e9dito externo privado. \u00bfQu\u00e9 hacer?<\/p>\n<p>Se buscaron \u2018ayudas\u2019 alternativas, las que fueron desde nuevos pr\u00e9stamos otorgados por organismos financieros como el Banco Mundial y el BID (por 5 mil millones de d\u00f3lares) y por la banca privada (REPO por 3 mil millones m\u00e1s), hasta acudir nuevamente al Fondo Monetario Internacional (prestamista de \u00faltima instancia), que nos abre un pr\u00e9stamo por 20 mil millones de d\u00f3lares y nos anticipa de entrada 12 mil millones en efectivo.Como los especuladores desconf\u00edan que pueda mantenerse el d\u00f3lar barato, siguen la fuga, y los d\u00f3lares que entran no alcanzan. El FMI presta 2000 millones m\u00e1s, pero no logran calmar al \u2018mercado\u2019. Si el precio del d\u00f3lar sube demasiado por esa alta demanda, ese aumento se traslada a precios y genera inflaci\u00f3n. Algo que el gobierno busca evitar desesperadamente, antes de las elecciones del 26\/10, pues generar\u00eda m\u00e1s desgaste de su imagen (y de sus chances electorales) que el producido hasta ahora.<\/p>\n<p>Llegamos as\u00ed a las \u00faltimas semanas. Los d\u00f3lares segu\u00edan sin alcanzar. Para fines de setiembre las reservas del Banco Central eran negativas por m\u00e1s de 9 mil millones, lo que significaba que la instituci\u00f3n est\u00e1 vendiendo d\u00f3lares que son deuda. Y siguen en octubre los vencimientos de t\u00edtulos en pesos, que es cada vez m\u00e1s dif\u00edcil que se puedan renovar (este mes vencen 25 billones y en noviembre otros 20 billones m\u00e1s). Eso implica que los que no renuevan los bonos, es porque deciden transformar los pesos de su renta a d\u00f3lares. M\u00e1s presi\u00f3n sobre el mercado cambiario.<\/p>\n<p>La desesperaci\u00f3n oficialista, con funcionarios que se preocupan por garantizar que los especuladores se puedan llevar sus rentas par\u00e1sitas al exterior entregando el Estado d\u00f3lares baratos, buscan alternativas in\u00e9ditas.\u00a0Por un lado, acudieron a las corporaciones cerealeras que controlan el comercio exterior de granos, para que anticipen sus ingresos por exportaci\u00f3n, a cambio de eliminar las retenciones. Lograron por esta v\u00eda unos 7 mil millones de d\u00f3lares m\u00e1s a costa de perder m\u00e1s de 1.500 millones de d\u00f3lares de recaudaci\u00f3n. Negocio redondo para siete corporaciones, d\u00f3lares baratos para los fugadores, pero p\u00e9rdida de recursos para el Estado nacional.<\/p>\n<p>Por otro lado, llegaron los anuncios de otro prestamista de \u00faltima instancia, ahora es directamente el gobierno de los EEUU a trav\u00e9s del Tesoro. Aunque en esencia, son los mismos intereses del capital financiero especulativo que act\u00faa por distintas v\u00edas, para lograr los mismos objetivos: acumulaci\u00f3n de riqueza financiera por especulaci\u00f3n, garantizando adem\u00e1s dominio y sumisi\u00f3n de los deudores.\u00a0En s\u00edntesis, nos prometen seguir prest\u00e1ndonos, para poder seguir rob\u00e1ndonos, y continuar con esta rueda loca que nos hunde en el abismo cada vez m\u00e1s. Ahora la promesa llega a montos siderales. Afirman que si Milei gana las elecciones del 26\/10 pueden \u2018ayudar\u2019 con 20 mil millones de d\u00f3lares m\u00e1s. Y prometen tambi\u00e9n una supuesta \u2018lluvia\u2019 de nuevas inversiones de las corporaciones norteamericanas en la Argentina.<\/p>\n<p>Como esas promesas, promesas son, no se lograr evitar la fuga y los aumentos del precio de d\u00f3lar. Ahora entonces nuevas promesas: habr\u00eda un grupo de grandes bancos extranjeros que se comprometer\u00edan a ayudar nuestro pa\u00eds con 20 mil millones de d\u00f3lares m\u00e1s, para afrontar el pago de deuda que vence en enero del 2026 (de 8.100 millones de d\u00f3lares) y de otros fuertes vencimientos en el resto del a\u00f1o.<\/p>\n<h2><strong>\u00bfHacia d\u00f3nde vamos?<\/strong><\/h2>\n<p>Cada pr\u00e9stamo que nos hacen (sea el FMI o el Tesoro de los EEUU), implica como contrapartida no s\u00f3lo mayor deuda y m\u00e1s intereses a pagar en el futuro, sino crecientes condicionamientos y mayor sumisi\u00f3n a los capitales usureros.<\/p>\n<p>El actual presidente, cuando se recibi\u00f3 el pr\u00e9stamo del FMI por 20 mil millones, declar\u00f3 que estaba dispuesto a hacer todo lo que le solicitara ese organismo. Y la demanda fue clara: reforma previsional (ajustar a los jubilados para que se mueran antes), reforma laboral (ajustar a los trabajadores para que se conviertan en esclavos), y reforma tributaria (sacando impuestos a los sectores m\u00e1s opulentos, y ajustar para abajo con m\u00e1s carga a los que menos tienen y menos ganan).<\/p>\n<p>Si bien eso es lo que se viene haciendo desde hace tiempo, la profundizaci\u00f3n de esas medidas se posterg\u00f3 para luego de las elecciones, para evitar mayor desgaste de quienes gobiernan a favor del poder econ\u00f3mico-financiero. Pero ya hubo declaraciones recientes (del Presidente y del Ministro de Econom\u00eda) sobre la decisi\u00f3n de avanzar en ese rumbo para la segunda parte del mandato. Tambi\u00e9n en relaci\u00f3n a aplicar fuertes tarifazos que har\u00e1n m\u00e1s dif\u00edcil la vida a millones de familias, y la par de mayores recortes en obras p\u00fablicas, en los fondos para las provincias y en los salarios de los empleados estatales (recortes en educaci\u00f3n, salud, etc).<\/p>\n<p>Las perspectivas, no obstante, son peores a\u00fan. Porque el gobierno de los EEUU brinda su apoyo, condicionado no s\u00f3lo al resultado electoral exitoso del oficialismo, sino a pol\u00edticas de entrega y sumisi\u00f3n total de la Argentina a los intereses de las corporaciones saqueadoras y del capital usurero mundial.<\/p>\n<p>Lo dicen abiertamente: quieren tener la exclusividad de la explotaci\u00f3n de nuestros recursos, muchos de ellos indispensables y cada vez m\u00e1s escasos a nivel planetario (como los hidrocarburos, el litio, el uranio y las tierras raras \u2013claves para el desarrollo de las nuevas tecnolog\u00edas-). Tambi\u00e9n la eliminaci\u00f3n de controles y barreras de protecci\u00f3n a la producci\u00f3n nacional, adem\u00e1s de alineamiento total de la Argentina a los intereses y la pol\u00edtica exterior norteamericana.Somos los argentinos quienes deber\u00edamos decidir sobre nuestro presente y nuestro futuro: \u00bfqueremos vivir dignamente?<\/p>\n<p>Si fuera as\u00ed, debemos tener en claro que nadie nos regalar\u00e1 nada desde \u2018arriba\u2019. Si deseamos una vida mejor para nosotros y para las futuras generaciones, debemos luchar por eso. El rumbo que llevamos con el Plan Masacre no es una alternativa de dignidad para nosotros. Nos merecemos una sociedad mejor y tenemos todas las condiciones para hacerlo. S\u00f3lo falta la decisi\u00f3n de cambiar, con participaci\u00f3n, compromiso, organizaci\u00f3n y movilizaci\u00f3n.<\/p>\n","protected":false},"excerpt":{"rendered":"<p>Por Luis Lafferriere&nbsp; Hacer un an&aacute;lisis de la econom&iacute;a requiere siempre aclarar de qu&eacute; cuestiones estamos hablando, es decir, cu&aacute;l es el fin de la actividad econ&oacute;mica. Para eso consideramos que los seres humanos s&oacute;lo podemos vivir si satisfacemos un conjunto de necesidades b&aacute;sicas, como la alimentaci&oacute;n, la vestimenta, la vivienda, la salud, la educaci&oacute;n, [&hellip;]<\/p>\n","protected":false},"author":2,"featured_media":209366,"comment_status":"open","ping_status":"open","sticky":false,"template":"","format":"standard","meta":{"fifu_image_url":"","fifu_image_alt":"","footnotes":""},"categories":[11],"tags":[5277,618,982],"class_list":{"0":"post-237792","1":"post","2":"type-post","3":"status-publish","4":"format-standard","5":"has-post-thumbnail","7":"category-opinion","8":"tag-elecciones-2025","9":"tag-luis-lafferriere","10":"tag-opinion"},"yoast_head":"<title>\u00bfQueremos que los argentinos vivan dignamente o que los saqueadores se lleven todo? - Informe Litoral<\/title>\n<meta name=\"robots\" content=\"index, follow, max-snippet:-1, max-image-preview:large, max-video-preview:-1\" \/>\n<link rel=\"canonical\" href=\"https:\/\/informelitoral.com.ar\/queremos-que-los-argentinos-vivan-dignamente-o-que-los-saqueadores-se-lleven-todo\/\" \/>\n<meta property=\"og:locale\" content=\"es_ES\" \/>\n<meta property=\"og:type\" content=\"article\" \/>\n<meta property=\"og:title\" content=\"\u00bfQueremos que los argentinos vivan dignamente o que los saqueadores se lleven todo? - Informe Litoral\" \/>\n<meta property=\"og:description\" content=\"Por Luis Lafferriere&nbsp; Hacer un an&aacute;lisis de la econom&iacute;a requiere siempre aclarar de qu&eacute; cuestiones estamos hablando, es decir, cu&aacute;l es el fin de la actividad econ&oacute;mica. Para eso consideramos que los seres humanos s&oacute;lo podemos vivir si satisfacemos un conjunto de necesidades b&aacute;sicas, como la alimentaci&oacute;n, la vestimenta, la vivienda, la salud, la educaci&oacute;n, [&hellip;]\" \/>\n<meta property=\"og:url\" content=\"https:\/\/informelitoral.com.ar\/queremos-que-los-argentinos-vivan-dignamente-o-que-los-saqueadores-se-lleven-todo\/\" \/>\n<meta property=\"og:site_name\" content=\"Informe Litoral\" \/>\n<meta property=\"article:publisher\" content=\"https:\/\/www.facebook.com\/informelitoral\/\" \/>\n<meta property=\"article:published_time\" content=\"2025-10-22T08:43:27+00:00\" \/>\n<meta property=\"article:modified_time\" content=\"2025-10-22T10:47:07+00:00\" \/>\n<meta property=\"og:image\" content=\"https:\/\/informelitoral.com.ar\/%77%70%2d%63%6f%6e%74%65%6e%74\/uploads\/2025\/01\/milei-trump.jpg\" \/>\n\t<meta property=\"og:image:width\" content=\"1006\" \/>\n\t<meta property=\"og:image:height\" content=\"566\" \/>\n\t<meta property=\"og:image:type\" content=\"image\/jpeg\" \/>\n<meta name=\"author\" content=\"Gonzalo Schmidt\" \/>\n<meta name=\"twitter:card\" content=\"summary_large_image\" \/>\n<meta name=\"twitter:creator\" content=\"@InformeLitoral\" \/>\n<meta name=\"twitter:site\" content=\"@InformeLitoral\" \/>\n<meta name=\"twitter:label1\" content=\"Escrito por\" \/>\n\t<meta name=\"twitter:data1\" content=\"Gonzalo Schmidt\" \/>\n\t<meta name=\"twitter:label2\" content=\"Tiempo de lectura\" \/>\n\t<meta name=\"twitter:data2\" content=\"14 minutos\" \/>\n<script type=\"application\/ld+json\" class=\"yoast-schema-graph\">{\"@context\":\"https:\\\/\\\/schema.org\",\"@graph\":[{\"@type\":\"Article\",\"@id\":\"https:\\\/\\\/informelitoral.com.ar\\\/queremos-que-los-argentinos-vivan-dignamente-o-que-los-saqueadores-se-lleven-todo\\\/#article\",\"isPartOf\":{\"@id\":\"https:\\\/\\\/informelitoral.com.ar\\\/queremos-que-los-argentinos-vivan-dignamente-o-que-los-saqueadores-se-lleven-todo\\\/\"},\"author\":{\"name\":\"Gonzalo Schmidt\",\"@id\":\"https:\\\/\\\/informelitoral.com.ar\\\/#\\\/schema\\\/person\\\/b9d00407c836482871ef1d57bf8e3180\"},\"headline\":\"\u00bfQueremos que los argentinos vivan dignamente o que los saqueadores se lleven todo?\",\"datePublished\":\"2025-10-22T08:43:27+00:00\",\"dateModified\":\"2025-10-22T10:47:07+00:00\",\"mainEntityOfPage\":{\"@id\":\"https:\\\/\\\/informelitoral.com.ar\\\/queremos-que-los-argentinos-vivan-dignamente-o-que-los-saqueadores-se-lleven-todo\\\/\"},\"wordCount\":3053,\"commentCount\":0,\"publisher\":{\"@id\":\"https:\\\/\\\/informelitoral.com.ar\\\/#organization\"},\"image\":{\"@id\":\"https:\\\/\\\/informelitoral.com.ar\\\/queremos-que-los-argentinos-vivan-dignamente-o-que-los-saqueadores-se-lleven-todo\\\/#primaryimage\"},\"thumbnailUrl\":\"https:\\\/\\\/informelitoral.com.ar\\\/%77%70%2d%63%6f%6e%74%65%6e%74\\\/uploads\\\/2025\\\/01\\\/milei-trump.jpg\",\"keywords\":[\"Elecciones 2025\",\"Luis Lafferriere\",\"Opini\u00f3n\"],\"articleSection\":[\"Opini\u00f3n\"],\"inLanguage\":\"es\",\"potentialAction\":[{\"@type\":\"CommentAction\",\"name\":\"Comment\",\"target\":[\"https:\\\/\\\/informelitoral.com.ar\\\/queremos-que-los-argentinos-vivan-dignamente-o-que-los-saqueadores-se-lleven-todo\\\/#respond\"]}]},{\"@type\":\"WebPage\",\"@id\":\"https:\\\/\\\/informelitoral.com.ar\\\/queremos-que-los-argentinos-vivan-dignamente-o-que-los-saqueadores-se-lleven-todo\\\/\",\"url\":\"https:\\\/\\\/informelitoral.com.ar\\\/queremos-que-los-argentinos-vivan-dignamente-o-que-los-saqueadores-se-lleven-todo\\\/\",\"name\":\"\u00bfQueremos que los argentinos vivan dignamente o que los saqueadores se lleven todo? - Informe Litoral\",\"isPartOf\":{\"@id\":\"https:\\\/\\\/informelitoral.com.ar\\\/#website\"},\"primaryImageOfPage\":{\"@id\":\"https:\\\/\\\/informelitoral.com.ar\\\/queremos-que-los-argentinos-vivan-dignamente-o-que-los-saqueadores-se-lleven-todo\\\/#primaryimage\"},\"image\":{\"@id\":\"https:\\\/\\\/informelitoral.com.ar\\\/queremos-que-los-argentinos-vivan-dignamente-o-que-los-saqueadores-se-lleven-todo\\\/#primaryimage\"},\"thumbnailUrl\":\"https:\\\/\\\/informelitoral.com.ar\\\/%77%70%2d%63%6f%6e%74%65%6e%74\\\/uploads\\\/2025\\\/01\\\/milei-trump.jpg\",\"datePublished\":\"2025-10-22T08:43:27+00:00\",\"dateModified\":\"2025-10-22T10:47:07+00:00\",\"breadcrumb\":{\"@id\":\"https:\\\/\\\/informelitoral.com.ar\\\/queremos-que-los-argentinos-vivan-dignamente-o-que-los-saqueadores-se-lleven-todo\\\/#breadcrumb\"},\"inLanguage\":\"es\",\"potentialAction\":[{\"@type\":\"ReadAction\",\"target\":[\"https:\\\/\\\/informelitoral.com.ar\\\/queremos-que-los-argentinos-vivan-dignamente-o-que-los-saqueadores-se-lleven-todo\\\/\"]}]},{\"@type\":\"ImageObject\",\"inLanguage\":\"es\",\"@id\":\"https:\\\/\\\/informelitoral.com.ar\\\/queremos-que-los-argentinos-vivan-dignamente-o-que-los-saqueadores-se-lleven-todo\\\/#primaryimage\",\"url\":\"https:\\\/\\\/informelitoral.com.ar\\\/%77%70%2d%63%6f%6e%74%65%6e%74\\\/uploads\\\/2025\\\/01\\\/milei-trump.jpg\",\"contentUrl\":\"https:\\\/\\\/informelitoral.com.ar\\\/%77%70%2d%63%6f%6e%74%65%6e%74\\\/uploads\\\/2025\\\/01\\\/milei-trump.jpg\",\"width\":1006,\"height\":566},{\"@type\":\"BreadcrumbList\",\"@id\":\"https:\\\/\\\/informelitoral.com.ar\\\/queremos-que-los-argentinos-vivan-dignamente-o-que-los-saqueadores-se-lleven-todo\\\/#breadcrumb\",\"itemListElement\":[{\"@type\":\"ListItem\",\"position\":1,\"name\":\"Portada\",\"item\":\"https:\\\/\\\/informelitoral.com.ar\\\/\"},{\"@type\":\"ListItem\",\"position\":2,\"name\":\"\u00bfQueremos que los argentinos vivan dignamente o que los saqueadores se lleven todo?\"}]},{\"@type\":\"WebSite\",\"@id\":\"https:\\\/\\\/informelitoral.com.ar\\\/#website\",\"url\":\"https:\\\/\\\/informelitoral.com.ar\\\/\",\"name\":\"Informe Litoral\",\"description\":\"&quot;Nos informamos&quot; \",\"publisher\":{\"@id\":\"https:\\\/\\\/informelitoral.com.ar\\\/#organization\"},\"potentialAction\":[{\"@type\":\"SearchAction\",\"target\":{\"@type\":\"EntryPoint\",\"urlTemplate\":\"https:\\\/\\\/informelitoral.com.ar\\\/?s={search_term_string}\"},\"query-input\":{\"@type\":\"PropertyValueSpecification\",\"valueRequired\":true,\"valueName\":\"search_term_string\"}}],\"inLanguage\":\"es\"},{\"@type\":\"Organization\",\"@id\":\"https:\\\/\\\/informelitoral.com.ar\\\/#organization\",\"name\":\"Informe Litoral\",\"url\":\"https:\\\/\\\/informelitoral.com.ar\\\/\",\"logo\":{\"@type\":\"ImageObject\",\"inLanguage\":\"es\",\"@id\":\"https:\\\/\\\/informelitoral.com.ar\\\/#\\\/schema\\\/logo\\\/image\\\/\",\"url\":\"https:\\\/\\\/informelitoral.com.ar\\\/%77%70%2d%63%6f%6e%74%65%6e%74\\\/uploads\\\/2021\\\/01\\\/circulo.png\",\"contentUrl\":\"https:\\\/\\\/informelitoral.com.ar\\\/%77%70%2d%63%6f%6e%74%65%6e%74\\\/uploads\\\/2021\\\/01\\\/circulo.png\",\"width\":723,\"height\":731,\"caption\":\"Informe Litoral\"},\"image\":{\"@id\":\"https:\\\/\\\/informelitoral.com.ar\\\/#\\\/schema\\\/logo\\\/image\\\/\"},\"sameAs\":[\"https:\\\/\\\/www.facebook.com\\\/informelitoral\\\/\",\"https:\\\/\\\/x.com\\\/InformeLitoral\",\"https:\\\/\\\/www.instagram.com\\\/informelitoral\\\/\",\"https:\\\/\\\/www.youtube.com\\\/channel\\\/UCua4Qvz8Icb6MYqhoq9xLXw\"]},{\"@type\":\"Person\",\"@id\":\"https:\\\/\\\/informelitoral.com.ar\\\/#\\\/schema\\\/person\\\/b9d00407c836482871ef1d57bf8e3180\",\"name\":\"Gonzalo Schmidt\",\"image\":{\"@type\":\"ImageObject\",\"inLanguage\":\"es\",\"@id\":\"https:\\\/\\\/secure.gravatar.com\\\/avatar\\\/31a1a7b66ff2de83bd0e9fd79d026630d2d99e55e8bfe501287647b4fd9743de?s=96&d=mm&r=g\",\"url\":\"https:\\\/\\\/secure.gravatar.com\\\/avatar\\\/31a1a7b66ff2de83bd0e9fd79d026630d2d99e55e8bfe501287647b4fd9743de?s=96&d=mm&r=g\",\"contentUrl\":\"https:\\\/\\\/secure.gravatar.com\\\/avatar\\\/31a1a7b66ff2de83bd0e9fd79d026630d2d99e55e8bfe501287647b4fd9743de?s=96&d=mm&r=g\",\"caption\":\"Gonzalo Schmidt\"},\"description\":\"Sitio web de noticias de la provincia de Entre R\u00edos, Argentina. Informaci\u00f3n y entretenimiento. Informe Litoral, nos informamos.\",\"sameAs\":[\"http:\\\/\\\/www.isletasnoticias.com.ar\"],\"url\":\"https:\\\/\\\/informelitoral.com.ar\\\/author\\\/gonzalo\\\/\"}]}<\/script>","yoast_head_json":{"title":"\u00bfQueremos que los argentinos vivan dignamente o que los saqueadores se lleven todo? - Informe Litoral","robots":{"index":"index","follow":"follow","max-snippet":"max-snippet:-1","max-image-preview":"max-image-preview:large","max-video-preview":"max-video-preview:-1"},"canonical":"https:\/\/informelitoral.com.ar\/queremos-que-los-argentinos-vivan-dignamente-o-que-los-saqueadores-se-lleven-todo\/","og_locale":"es_ES","og_type":"article","og_title":"\u00bfQueremos que los argentinos vivan dignamente o que los saqueadores se lleven todo? - Informe Litoral","og_description":"Por Luis Lafferriere&nbsp; Hacer un an&aacute;lisis de la econom&iacute;a requiere siempre aclarar de qu&eacute; cuestiones estamos hablando, es decir, cu&aacute;l es el fin de la actividad econ&oacute;mica. Para eso consideramos que los seres humanos s&oacute;lo podemos vivir si satisfacemos un conjunto de necesidades b&aacute;sicas, como la alimentaci&oacute;n, la vestimenta, la vivienda, la salud, la educaci&oacute;n, [&hellip;]","og_url":"https:\/\/informelitoral.com.ar\/queremos-que-los-argentinos-vivan-dignamente-o-que-los-saqueadores-se-lleven-todo\/","og_site_name":"Informe Litoral","article_publisher":"https:\/\/www.facebook.com\/informelitoral\/","article_published_time":"2025-10-22T08:43:27+00:00","article_modified_time":"2025-10-22T10:47:07+00:00","og_image":[{"width":1006,"height":566,"url":"https:\/\/informelitoral.com.ar\/%77%70%2d%63%6f%6e%74%65%6e%74\/uploads\/2025\/01\/milei-trump.jpg","type":"image\/jpeg"}],"author":"Gonzalo Schmidt","twitter_card":"summary_large_image","twitter_creator":"@InformeLitoral","twitter_site":"@InformeLitoral","twitter_misc":{"Escrito por":"Gonzalo Schmidt","Tiempo de lectura":"14 minutos"},"schema":{"@context":"https:\/\/schema.org","@graph":[{"@type":"Article","@id":"https:\/\/informelitoral.com.ar\/queremos-que-los-argentinos-vivan-dignamente-o-que-los-saqueadores-se-lleven-todo\/#article","isPartOf":{"@id":"https:\/\/informelitoral.com.ar\/queremos-que-los-argentinos-vivan-dignamente-o-que-los-saqueadores-se-lleven-todo\/"},"author":{"name":"Gonzalo Schmidt","@id":"https:\/\/informelitoral.com.ar\/#\/schema\/person\/b9d00407c836482871ef1d57bf8e3180"},"headline":"\u00bfQueremos que los argentinos vivan dignamente o que los saqueadores se lleven todo?","datePublished":"2025-10-22T08:43:27+00:00","dateModified":"2025-10-22T10:47:07+00:00","mainEntityOfPage":{"@id":"https:\/\/informelitoral.com.ar\/queremos-que-los-argentinos-vivan-dignamente-o-que-los-saqueadores-se-lleven-todo\/"},"wordCount":3053,"commentCount":0,"publisher":{"@id":"https:\/\/informelitoral.com.ar\/#organization"},"image":{"@id":"https:\/\/informelitoral.com.ar\/queremos-que-los-argentinos-vivan-dignamente-o-que-los-saqueadores-se-lleven-todo\/#primaryimage"},"thumbnailUrl":"https:\/\/informelitoral.com.ar\/%77%70%2d%63%6f%6e%74%65%6e%74\/uploads\/2025\/01\/milei-trump.jpg","keywords":["Elecciones 2025","Luis Lafferriere","Opini\u00f3n"],"articleSection":["Opini\u00f3n"],"inLanguage":"es","potentialAction":[{"@type":"CommentAction","name":"Comment","target":["https:\/\/informelitoral.com.ar\/queremos-que-los-argentinos-vivan-dignamente-o-que-los-saqueadores-se-lleven-todo\/#respond"]}]},{"@type":"WebPage","@id":"https:\/\/informelitoral.com.ar\/queremos-que-los-argentinos-vivan-dignamente-o-que-los-saqueadores-se-lleven-todo\/","url":"https:\/\/informelitoral.com.ar\/queremos-que-los-argentinos-vivan-dignamente-o-que-los-saqueadores-se-lleven-todo\/","name":"\u00bfQueremos que los argentinos vivan dignamente o que los saqueadores se lleven todo? - Informe Litoral","isPartOf":{"@id":"https:\/\/informelitoral.com.ar\/#website"},"primaryImageOfPage":{"@id":"https:\/\/informelitoral.com.ar\/queremos-que-los-argentinos-vivan-dignamente-o-que-los-saqueadores-se-lleven-todo\/#primaryimage"},"image":{"@id":"https:\/\/informelitoral.com.ar\/queremos-que-los-argentinos-vivan-dignamente-o-que-los-saqueadores-se-lleven-todo\/#primaryimage"},"thumbnailUrl":"https:\/\/informelitoral.com.ar\/%77%70%2d%63%6f%6e%74%65%6e%74\/uploads\/2025\/01\/milei-trump.jpg","datePublished":"2025-10-22T08:43:27+00:00","dateModified":"2025-10-22T10:47:07+00:00","breadcrumb":{"@id":"https:\/\/informelitoral.com.ar\/queremos-que-los-argentinos-vivan-dignamente-o-que-los-saqueadores-se-lleven-todo\/#breadcrumb"},"inLanguage":"es","potentialAction":[{"@type":"ReadAction","target":["https:\/\/informelitoral.com.ar\/queremos-que-los-argentinos-vivan-dignamente-o-que-los-saqueadores-se-lleven-todo\/"]}]},{"@type":"ImageObject","inLanguage":"es","@id":"https:\/\/informelitoral.com.ar\/queremos-que-los-argentinos-vivan-dignamente-o-que-los-saqueadores-se-lleven-todo\/#primaryimage","url":"https:\/\/informelitoral.com.ar\/%77%70%2d%63%6f%6e%74%65%6e%74\/uploads\/2025\/01\/milei-trump.jpg","contentUrl":"https:\/\/informelitoral.com.ar\/%77%70%2d%63%6f%6e%74%65%6e%74\/uploads\/2025\/01\/milei-trump.jpg","width":1006,"height":566},{"@type":"BreadcrumbList","@id":"https:\/\/informelitoral.com.ar\/queremos-que-los-argentinos-vivan-dignamente-o-que-los-saqueadores-se-lleven-todo\/#breadcrumb","itemListElement":[{"@type":"ListItem","position":1,"name":"Portada","item":"https:\/\/informelitoral.com.ar\/"},{"@type":"ListItem","position":2,"name":"\u00bfQueremos que los argentinos vivan dignamente o que los saqueadores se lleven todo?"}]},{"@type":"WebSite","@id":"https:\/\/informelitoral.com.ar\/#website","url":"https:\/\/informelitoral.com.ar\/","name":"Informe Litoral","description":"&quot;Nos informamos&quot; ","publisher":{"@id":"https:\/\/informelitoral.com.ar\/#organization"},"potentialAction":[{"@type":"SearchAction","target":{"@type":"EntryPoint","urlTemplate":"https:\/\/informelitoral.com.ar\/?s={search_term_string}"},"query-input":{"@type":"PropertyValueSpecification","valueRequired":true,"valueName":"search_term_string"}}],"inLanguage":"es"},{"@type":"Organization","@id":"https:\/\/informelitoral.com.ar\/#organization","name":"Informe Litoral","url":"https:\/\/informelitoral.com.ar\/","logo":{"@type":"ImageObject","inLanguage":"es","@id":"https:\/\/informelitoral.com.ar\/#\/schema\/logo\/image\/","url":"https:\/\/informelitoral.com.ar\/%77%70%2d%63%6f%6e%74%65%6e%74\/uploads\/2021\/01\/circulo.png","contentUrl":"https:\/\/informelitoral.com.ar\/%77%70%2d%63%6f%6e%74%65%6e%74\/uploads\/2021\/01\/circulo.png","width":723,"height":731,"caption":"Informe Litoral"},"image":{"@id":"https:\/\/informelitoral.com.ar\/#\/schema\/logo\/image\/"},"sameAs":["https:\/\/www.facebook.com\/informelitoral\/","https:\/\/x.com\/InformeLitoral","https:\/\/www.instagram.com\/informelitoral\/","https:\/\/www.youtube.com\/channel\/UCua4Qvz8Icb6MYqhoq9xLXw"]},{"@type":"Person","@id":"https:\/\/informelitoral.com.ar\/#\/schema\/person\/b9d00407c836482871ef1d57bf8e3180","name":"Gonzalo Schmidt","image":{"@type":"ImageObject","inLanguage":"es","@id":"https:\/\/secure.gravatar.com\/avatar\/31a1a7b66ff2de83bd0e9fd79d026630d2d99e55e8bfe501287647b4fd9743de?s=96&d=mm&r=g","url":"https:\/\/secure.gravatar.com\/avatar\/31a1a7b66ff2de83bd0e9fd79d026630d2d99e55e8bfe501287647b4fd9743de?s=96&d=mm&r=g","contentUrl":"https:\/\/secure.gravatar.com\/avatar\/31a1a7b66ff2de83bd0e9fd79d026630d2d99e55e8bfe501287647b4fd9743de?s=96&d=mm&r=g","caption":"Gonzalo Schmidt"},"description":"Sitio web de noticias de la provincia de Entre R\u00edos, Argentina. Informaci\u00f3n y entretenimiento. Informe Litoral, nos informamos.","sameAs":["http:\/\/www.isletasnoticias.com.ar"],"url":"https:\/\/informelitoral.com.ar\/author\/gonzalo\/"}]}},"_links":{"self":[{"href":"https:\/\/informelitoral.com.ar\/%77%70%2d%6a%73%6f%6e\/wp\/v2\/posts\/237792","targetHints":{"allow":["GET"]}}],"collection":[{"href":"https:\/\/informelitoral.com.ar\/%77%70%2d%6a%73%6f%6e\/wp\/v2\/posts"}],"about":[{"href":"https:\/\/informelitoral.com.ar\/%77%70%2d%6a%73%6f%6e\/wp\/v2\/types\/post"}],"author":[{"embeddable":true,"href":"https:\/\/informelitoral.com.ar\/%77%70%2d%6a%73%6f%6e\/wp\/v2\/users\/2"}],"replies":[{"embeddable":true,"href":"https:\/\/informelitoral.com.ar\/%77%70%2d%6a%73%6f%6e\/wp\/v2\/comments?post=237792"}],"version-history":[{"count":2,"href":"https:\/\/informelitoral.com.ar\/%77%70%2d%6a%73%6f%6e\/wp\/v2\/posts\/237792\/revisions"}],"predecessor-version":[{"id":237794,"href":"https:\/\/informelitoral.com.ar\/%77%70%2d%6a%73%6f%6e\/wp\/v2\/posts\/237792\/revisions\/237794"}],"wp:featuredmedia":[{"embeddable":true,"href":"https:\/\/informelitoral.com.ar\/%77%70%2d%6a%73%6f%6e\/wp\/v2\/media\/209366"}],"wp:attachment":[{"href":"https:\/\/informelitoral.com.ar\/%77%70%2d%6a%73%6f%6e\/wp\/v2\/media?parent=237792"}],"wp:term":[{"taxonomy":"category","embeddable":true,"href":"https:\/\/informelitoral.com.ar\/%77%70%2d%6a%73%6f%6e\/wp\/v2\/categories?post=237792"},{"taxonomy":"post_tag","embeddable":true,"href":"https:\/\/informelitoral.com.ar\/%77%70%2d%6a%73%6f%6e\/wp\/v2\/tags?post=237792"}],"curies":[{"name":"wp","href":"https:\/\/api.w.org\/{rel}","templated":true}]}}