{"id":237765,"date":"2025-10-21T15:39:29","date_gmt":"2025-10-21T18:39:29","guid":{"rendered":"https:\/\/informelitoral.com.ar\/?p=237765"},"modified":"2025-10-21T15:56:47","modified_gmt":"2025-10-21T18:56:47","slug":"se-realizo-una-capacitacion-para-emprendedores-locales-en-general-ramirez","status":"publish","type":"post","link":"https:\/\/informelitoral.com.ar\/se-realizo-una-capacitacion-para-emprendedores-locales-en-general-ramirez\/","title":{"rendered":"Se realiz\u00f3 una capacitaci\u00f3n para emprendedores en General Ram\u00edrez"},"content":{"rendered":"<p><strong>El Sal\u00f3n de los Escudos del Honorable Concejo Deliberante (HCD) de General Ram\u00edrez<\/strong> fue sede de la conferencia \u00ab<b>Ventas con prop\u00f3sito: estrategia, conexi\u00f3n y resultados<\/b>\u00ab. El encuentro fue brindado por el Licenciado en Administraci\u00f3n de Empresas y Emprendedurismo, <strong>Roberto Zubizarreta<\/strong>.<\/p>\n<p>La disertaci\u00f3n convoc\u00f3 a emprendedores y comerciantes de la zona interesados en adquirir nuevas perspectivas sobre el proceso de ventas. Zubizarreta present\u00f3 herramientas claves enfocadas en potenciar los proyectos productivos locales y, fundamentalmente, en fortalecer el v\u00ednculo y la conexi\u00f3n con los clientes.<\/p>\n<p>A lo largo de la exposici\u00f3n, el especialista desarroll\u00f3 los tres ejes tem\u00e1ticos centrales: la formulaci\u00f3n de una estrategia de ventas con prop\u00f3sito, la importancia de establecer una conexi\u00f3n significativa con el consumidor, y c\u00f3mo estos elementos se articulan para generar resultados concretos y sostenibles.(<em>Informe Litoral<\/em>)<\/p>\n<h6><em><strong>Del archivo:\u00a0<a href=\"https:\/\/informelitoral.com.ar\/anses-estara-en-ramirez-el-30-de-octubre\/\" target=\"_blank\" rel=\"noopener\">ANSES estar\u00e1 en Ram\u00edrez el 30 de octubre<\/a><\/strong><\/em><\/h6>\n","protected":false},"excerpt":{"rendered":"<p>La charla abord\u00f3 herramientas de estrategia y conexi\u00f3n con clientes para fortalecer proyectos locales.<\/p>\n","protected":false},"author":8,"featured_media":237767,"comment_status":"open","ping_status":"open","sticky":false,"template":"","format":"standard","meta":{"fifu_image_url":"","fifu_image_alt":"","footnotes":""},"categories":[5],"tags":[54,552,556],"class_list":{"0":"post-237765","1":"post","2":"type-post","3":"status-publish","4":"format-standard","5":"has-post-thumbnail","7":"category-zonales","8":"tag-capacitacion","9":"tag-emprendedores","10":"tag-general-ramirez"},"yoast_head":"<title>Se realiz\u00f3 una capacitaci\u00f3n para emprendedores en General Ram\u00edrez - Informe Litoral<\/title>\n<meta name=\"robots\" content=\"index, follow, max-snippet:-1, max-image-preview:large, max-video-preview:-1\" \/>\n<link rel=\"canonical\" href=\"https:\/\/informelitoral.com.ar\/se-realizo-una-capacitacion-para-emprendedores-locales-en-general-ramirez\/\" \/>\n<meta property=\"og:locale\" content=\"es_ES\" \/>\n<meta property=\"og:type\" content=\"article\" \/>\n<meta property=\"og:title\" content=\"Se realiz\u00f3 una capacitaci\u00f3n para emprendedores en General Ram\u00edrez - Informe Litoral\" \/>\n<meta property=\"og:description\" content=\"La charla abord\u00f3 herramientas de estrategia y conexi\u00f3n con clientes para fortalecer proyectos locales.\" \/>\n<meta property=\"og:url\" content=\"https:\/\/informelitoral.com.ar\/se-realizo-una-capacitacion-para-emprendedores-locales-en-general-ramirez\/\" \/>\n<meta property=\"og:site_name\" content=\"Informe Litoral\" \/>\n<meta property=\"article:publisher\" content=\"https:\/\/www.facebook.com\/informelitoral\/\" \/>\n<meta property=\"article:published_time\" content=\"2025-10-21T18:39:29+00:00\" \/>\n<meta property=\"article:modified_time\" content=\"2025-10-21T18:56:47+00:00\" \/>\n<meta property=\"og:image\" content=\"https:\/\/informelitoral.com.ar\/%77%70%2d%63%6f%6e%74%65%6e%74\/uploads\/2025\/10\/569067645_1270456855121357_694370195169906855_n.jpg\" \/>\n\t<meta property=\"og:image:width\" content=\"2048\" \/>\n\t<meta property=\"og:image:height\" content=\"1365\" \/>\n\t<meta property=\"og:image:type\" content=\"image\/jpeg\" \/>\n<meta name=\"author\" content=\"Sebastian\" \/>\n<meta name=\"twitter:card\" content=\"summary_large_image\" \/>\n<meta name=\"twitter:creator\" content=\"@InformeLitoral\" \/>\n<meta name=\"twitter:site\" content=\"@InformeLitoral\" \/>\n<meta name=\"twitter:label1\" content=\"Escrito por\" \/>\n\t<meta name=\"twitter:data1\" content=\"Sebastian\" \/>\n\t<meta name=\"twitter:label2\" content=\"Tiempo de lectura\" \/>\n\t<meta name=\"twitter:data2\" content=\"1 minuto\" \/>\n<script type=\"application\/ld+json\" class=\"yoast-schema-graph\">{\"@context\":\"https:\\\/\\\/schema.org\",\"@graph\":[{\"@type\":\"Article\",\"@id\":\"https:\\\/\\\/informelitoral.com.ar\\\/se-realizo-una-capacitacion-para-emprendedores-locales-en-general-ramirez\\\/#article\",\"isPartOf\":{\"@id\":\"https:\\\/\\\/informelitoral.com.ar\\\/se-realizo-una-capacitacion-para-emprendedores-locales-en-general-ramirez\\\/\"},\"author\":{\"name\":\"Sebastian\",\"@id\":\"https:\\\/\\\/informelitoral.com.ar\\\/#\\\/schema\\\/person\\\/f05f9f461677119578717524b127d6d5\"},\"headline\":\"Se realiz\u00f3 una capacitaci\u00f3n para emprendedores en General Ram\u00edrez\",\"datePublished\":\"2025-10-21T18:39:29+00:00\",\"dateModified\":\"2025-10-21T18:56:47+00:00\",\"mainEntityOfPage\":{\"@id\":\"https:\\\/\\\/informelitoral.com.ar\\\/se-realizo-una-capacitacion-para-emprendedores-locales-en-general-ramirez\\\/\"},\"wordCount\":165,\"commentCount\":0,\"publisher\":{\"@id\":\"https:\\\/\\\/informelitoral.com.ar\\\/#organization\"},\"image\":{\"@id\":\"https:\\\/\\\/informelitoral.com.ar\\\/se-realizo-una-capacitacion-para-emprendedores-locales-en-general-ramirez\\\/#primaryimage\"},\"thumbnailUrl\":\"https:\\\/\\\/informelitoral.com.ar\\\/%77%70%2d%63%6f%6e%74%65%6e%74\\\/uploads\\\/2025\\\/10\\\/569067645_1270456855121357_694370195169906855_n.jpg\",\"keywords\":[\"Capacitaci\u00f3n\",\"Emprendedores\",\"General Ram\u00edrez\"],\"articleSection\":[\"Departamento Diamante\"],\"inLanguage\":\"es\",\"potentialAction\":[{\"@type\":\"CommentAction\",\"name\":\"Comment\",\"target\":[\"https:\\\/\\\/informelitoral.com.ar\\\/se-realizo-una-capacitacion-para-emprendedores-locales-en-general-ramirez\\\/#respond\"]}]},{\"@type\":\"WebPage\",\"@id\":\"https:\\\/\\\/informelitoral.com.ar\\\/se-realizo-una-capacitacion-para-emprendedores-locales-en-general-ramirez\\\/\",\"url\":\"https:\\\/\\\/informelitoral.com.ar\\\/se-realizo-una-capacitacion-para-emprendedores-locales-en-general-ramirez\\\/\",\"name\":\"Se realiz\u00f3 una capacitaci\u00f3n para emprendedores en General Ram\u00edrez - Informe Litoral\",\"isPartOf\":{\"@id\":\"https:\\\/\\\/informelitoral.com.ar\\\/#website\"},\"primaryImageOfPage\":{\"@id\":\"https:\\\/\\\/informelitoral.com.ar\\\/se-realizo-una-capacitacion-para-emprendedores-locales-en-general-ramirez\\\/#primaryimage\"},\"image\":{\"@id\":\"https:\\\/\\\/informelitoral.com.ar\\\/se-realizo-una-capacitacion-para-emprendedores-locales-en-general-ramirez\\\/#primaryimage\"},\"thumbnailUrl\":\"https:\\\/\\\/informelitoral.com.ar\\\/%77%70%2d%63%6f%6e%74%65%6e%74\\\/uploads\\\/2025\\\/10\\\/569067645_1270456855121357_694370195169906855_n.jpg\",\"datePublished\":\"2025-10-21T18:39:29+00:00\",\"dateModified\":\"2025-10-21T18:56:47+00:00\",\"breadcrumb\":{\"@id\":\"https:\\\/\\\/informelitoral.com.ar\\\/se-realizo-una-capacitacion-para-emprendedores-locales-en-general-ramirez\\\/#breadcrumb\"},\"inLanguage\":\"es\",\"potentialAction\":[{\"@type\":\"ReadAction\",\"target\":[\"https:\\\/\\\/informelitoral.com.ar\\\/se-realizo-una-capacitacion-para-emprendedores-locales-en-general-ramirez\\\/\"]}]},{\"@type\":\"ImageObject\",\"inLanguage\":\"es\",\"@id\":\"https:\\\/\\\/informelitoral.com.ar\\\/se-realizo-una-capacitacion-para-emprendedores-locales-en-general-ramirez\\\/#primaryimage\",\"url\":\"https:\\\/\\\/informelitoral.com.ar\\\/%77%70%2d%63%6f%6e%74%65%6e%74\\\/uploads\\\/2025\\\/10\\\/569067645_1270456855121357_694370195169906855_n.jpg\",\"contentUrl\":\"https:\\\/\\\/informelitoral.com.ar\\\/%77%70%2d%63%6f%6e%74%65%6e%74\\\/uploads\\\/2025\\\/10\\\/569067645_1270456855121357_694370195169906855_n.jpg\",\"width\":2048,\"height\":1365},{\"@type\":\"BreadcrumbList\",\"@id\":\"https:\\\/\\\/informelitoral.com.ar\\\/se-realizo-una-capacitacion-para-emprendedores-locales-en-general-ramirez\\\/#breadcrumb\",\"itemListElement\":[{\"@type\":\"ListItem\",\"position\":1,\"name\":\"Portada\",\"item\":\"https:\\\/\\\/informelitoral.com.ar\\\/\"},{\"@type\":\"ListItem\",\"position\":2,\"name\":\"Se realiz\u00f3 una capacitaci\u00f3n para emprendedores en General Ram\u00edrez\"}]},{\"@type\":\"WebSite\",\"@id\":\"https:\\\/\\\/informelitoral.com.ar\\\/#website\",\"url\":\"https:\\\/\\\/informelitoral.com.ar\\\/\",\"name\":\"Informe Litoral\",\"description\":\"&quot;Nos informamos&quot; \",\"publisher\":{\"@id\":\"https:\\\/\\\/informelitoral.com.ar\\\/#organization\"},\"potentialAction\":[{\"@type\":\"SearchAction\",\"target\":{\"@type\":\"EntryPoint\",\"urlTemplate\":\"https:\\\/\\\/informelitoral.com.ar\\\/?s={search_term_string}\"},\"query-input\":{\"@type\":\"PropertyValueSpecification\",\"valueRequired\":true,\"valueName\":\"search_term_string\"}}],\"inLanguage\":\"es\"},{\"@type\":\"Organization\",\"@id\":\"https:\\\/\\\/informelitoral.com.ar\\\/#organization\",\"name\":\"Informe Litoral\",\"url\":\"https:\\\/\\\/informelitoral.com.ar\\\/\",\"logo\":{\"@type\":\"ImageObject\",\"inLanguage\":\"es\",\"@id\":\"https:\\\/\\\/informelitoral.com.ar\\\/#\\\/schema\\\/logo\\\/image\\\/\",\"url\":\"https:\\\/\\\/informelitoral.com.ar\\\/%77%70%2d%63%6f%6e%74%65%6e%74\\\/uploads\\\/2021\\\/01\\\/circulo.png\",\"contentUrl\":\"https:\\\/\\\/informelitoral.com.ar\\\/%77%70%2d%63%6f%6e%74%65%6e%74\\\/uploads\\\/2021\\\/01\\\/circulo.png\",\"width\":723,\"height\":731,\"caption\":\"Informe Litoral\"},\"image\":{\"@id\":\"https:\\\/\\\/informelitoral.com.ar\\\/#\\\/schema\\\/logo\\\/image\\\/\"},\"sameAs\":[\"https:\\\/\\\/www.facebook.com\\\/informelitoral\\\/\",\"https:\\\/\\\/x.com\\\/InformeLitoral\",\"https:\\\/\\\/www.instagram.com\\\/informelitoral\\\/\",\"https:\\\/\\\/www.youtube.com\\\/channel\\\/UCua4Qvz8Icb6MYqhoq9xLXw\"]},{\"@type\":\"Person\",\"@id\":\"https:\\\/\\\/informelitoral.com.ar\\\/#\\\/schema\\\/person\\\/f05f9f461677119578717524b127d6d5\",\"name\":\"Sebastian\",\"image\":{\"@type\":\"ImageObject\",\"inLanguage\":\"es\",\"@id\":\"https:\\\/\\\/secure.gravatar.com\\\/avatar\\\/b71bf7481d447dfb9583c7f2798e7cc64de6efb9067b74633ed8c31059a3bd82?s=96&d=mm&r=g\",\"url\":\"https:\\\/\\\/secure.gravatar.com\\\/avatar\\\/b71bf7481d447dfb9583c7f2798e7cc64de6efb9067b74633ed8c31059a3bd82?s=96&d=mm&r=g\",\"contentUrl\":\"https:\\\/\\\/secure.gravatar.com\\\/avatar\\\/b71bf7481d447dfb9583c7f2798e7cc64de6efb9067b74633ed8c31059a3bd82?s=96&d=mm&r=g\",\"caption\":\"Sebastian\"},\"url\":\"https:\\\/\\\/informelitoral.com.ar\\\/author\\\/sebastian\\\/\"}]}<\/script>","yoast_head_json":{"title":"Se realiz\u00f3 una capacitaci\u00f3n para emprendedores en General Ram\u00edrez - Informe Litoral","robots":{"index":"index","follow":"follow","max-snippet":"max-snippet:-1","max-image-preview":"max-image-preview:large","max-video-preview":"max-video-preview:-1"},"canonical":"https:\/\/informelitoral.com.ar\/se-realizo-una-capacitacion-para-emprendedores-locales-en-general-ramirez\/","og_locale":"es_ES","og_type":"article","og_title":"Se realiz\u00f3 una capacitaci\u00f3n para emprendedores en General Ram\u00edrez - Informe Litoral","og_description":"La charla abord\u00f3 herramientas de estrategia y conexi\u00f3n con clientes para fortalecer proyectos locales.","og_url":"https:\/\/informelitoral.com.ar\/se-realizo-una-capacitacion-para-emprendedores-locales-en-general-ramirez\/","og_site_name":"Informe Litoral","article_publisher":"https:\/\/www.facebook.com\/informelitoral\/","article_published_time":"2025-10-21T18:39:29+00:00","article_modified_time":"2025-10-21T18:56:47+00:00","og_image":[{"width":2048,"height":1365,"url":"https:\/\/informelitoral.com.ar\/%77%70%2d%63%6f%6e%74%65%6e%74\/uploads\/2025\/10\/569067645_1270456855121357_694370195169906855_n.jpg","type":"image\/jpeg"}],"author":"Sebastian","twitter_card":"summary_large_image","twitter_creator":"@InformeLitoral","twitter_site":"@InformeLitoral","twitter_misc":{"Escrito por":"Sebastian","Tiempo de lectura":"1 minuto"},"schema":{"@context":"https:\/\/schema.org","@graph":[{"@type":"Article","@id":"https:\/\/informelitoral.com.ar\/se-realizo-una-capacitacion-para-emprendedores-locales-en-general-ramirez\/#article","isPartOf":{"@id":"https:\/\/informelitoral.com.ar\/se-realizo-una-capacitacion-para-emprendedores-locales-en-general-ramirez\/"},"author":{"name":"Sebastian","@id":"https:\/\/informelitoral.com.ar\/#\/schema\/person\/f05f9f461677119578717524b127d6d5"},"headline":"Se realiz\u00f3 una capacitaci\u00f3n para emprendedores en General Ram\u00edrez","datePublished":"2025-10-21T18:39:29+00:00","dateModified":"2025-10-21T18:56:47+00:00","mainEntityOfPage":{"@id":"https:\/\/informelitoral.com.ar\/se-realizo-una-capacitacion-para-emprendedores-locales-en-general-ramirez\/"},"wordCount":165,"commentCount":0,"publisher":{"@id":"https:\/\/informelitoral.com.ar\/#organization"},"image":{"@id":"https:\/\/informelitoral.com.ar\/se-realizo-una-capacitacion-para-emprendedores-locales-en-general-ramirez\/#primaryimage"},"thumbnailUrl":"https:\/\/informelitoral.com.ar\/%77%70%2d%63%6f%6e%74%65%6e%74\/uploads\/2025\/10\/569067645_1270456855121357_694370195169906855_n.jpg","keywords":["Capacitaci\u00f3n","Emprendedores","General Ram\u00edrez"],"articleSection":["Departamento Diamante"],"inLanguage":"es","potentialAction":[{"@type":"CommentAction","name":"Comment","target":["https:\/\/informelitoral.com.ar\/se-realizo-una-capacitacion-para-emprendedores-locales-en-general-ramirez\/#respond"]}]},{"@type":"WebPage","@id":"https:\/\/informelitoral.com.ar\/se-realizo-una-capacitacion-para-emprendedores-locales-en-general-ramirez\/","url":"https:\/\/informelitoral.com.ar\/se-realizo-una-capacitacion-para-emprendedores-locales-en-general-ramirez\/","name":"Se realiz\u00f3 una capacitaci\u00f3n para emprendedores en General Ram\u00edrez - Informe Litoral","isPartOf":{"@id":"https:\/\/informelitoral.com.ar\/#website"},"primaryImageOfPage":{"@id":"https:\/\/informelitoral.com.ar\/se-realizo-una-capacitacion-para-emprendedores-locales-en-general-ramirez\/#primaryimage"},"image":{"@id":"https:\/\/informelitoral.com.ar\/se-realizo-una-capacitacion-para-emprendedores-locales-en-general-ramirez\/#primaryimage"},"thumbnailUrl":"https:\/\/informelitoral.com.ar\/%77%70%2d%63%6f%6e%74%65%6e%74\/uploads\/2025\/10\/569067645_1270456855121357_694370195169906855_n.jpg","datePublished":"2025-10-21T18:39:29+00:00","dateModified":"2025-10-21T18:56:47+00:00","breadcrumb":{"@id":"https:\/\/informelitoral.com.ar\/se-realizo-una-capacitacion-para-emprendedores-locales-en-general-ramirez\/#breadcrumb"},"inLanguage":"es","potentialAction":[{"@type":"ReadAction","target":["https:\/\/informelitoral.com.ar\/se-realizo-una-capacitacion-para-emprendedores-locales-en-general-ramirez\/"]}]},{"@type":"ImageObject","inLanguage":"es","@id":"https:\/\/informelitoral.com.ar\/se-realizo-una-capacitacion-para-emprendedores-locales-en-general-ramirez\/#primaryimage","url":"https:\/\/informelitoral.com.ar\/%77%70%2d%63%6f%6e%74%65%6e%74\/uploads\/2025\/10\/569067645_1270456855121357_694370195169906855_n.jpg","contentUrl":"https:\/\/informelitoral.com.ar\/%77%70%2d%63%6f%6e%74%65%6e%74\/uploads\/2025\/10\/569067645_1270456855121357_694370195169906855_n.jpg","width":2048,"height":1365},{"@type":"BreadcrumbList","@id":"https:\/\/informelitoral.com.ar\/se-realizo-una-capacitacion-para-emprendedores-locales-en-general-ramirez\/#breadcrumb","itemListElement":[{"@type":"ListItem","position":1,"name":"Portada","item":"https:\/\/informelitoral.com.ar\/"},{"@type":"ListItem","position":2,"name":"Se realiz\u00f3 una capacitaci\u00f3n para emprendedores en General Ram\u00edrez"}]},{"@type":"WebSite","@id":"https:\/\/informelitoral.com.ar\/#website","url":"https:\/\/informelitoral.com.ar\/","name":"Informe Litoral","description":"&quot;Nos informamos&quot; ","publisher":{"@id":"https:\/\/informelitoral.com.ar\/#organization"},"potentialAction":[{"@type":"SearchAction","target":{"@type":"EntryPoint","urlTemplate":"https:\/\/informelitoral.com.ar\/?s={search_term_string}"},"query-input":{"@type":"PropertyValueSpecification","valueRequired":true,"valueName":"search_term_string"}}],"inLanguage":"es"},{"@type":"Organization","@id":"https:\/\/informelitoral.com.ar\/#organization","name":"Informe Litoral","url":"https:\/\/informelitoral.com.ar\/","logo":{"@type":"ImageObject","inLanguage":"es","@id":"https:\/\/informelitoral.com.ar\/#\/schema\/logo\/image\/","url":"https:\/\/informelitoral.com.ar\/%77%70%2d%63%6f%6e%74%65%6e%74\/uploads\/2021\/01\/circulo.png","contentUrl":"https:\/\/informelitoral.com.ar\/%77%70%2d%63%6f%6e%74%65%6e%74\/uploads\/2021\/01\/circulo.png","width":723,"height":731,"caption":"Informe Litoral"},"image":{"@id":"https:\/\/informelitoral.com.ar\/#\/schema\/logo\/image\/"},"sameAs":["https:\/\/www.facebook.com\/informelitoral\/","https:\/\/x.com\/InformeLitoral","https:\/\/www.instagram.com\/informelitoral\/","https:\/\/www.youtube.com\/channel\/UCua4Qvz8Icb6MYqhoq9xLXw"]},{"@type":"Person","@id":"https:\/\/informelitoral.com.ar\/#\/schema\/person\/f05f9f461677119578717524b127d6d5","name":"Sebastian","image":{"@type":"ImageObject","inLanguage":"es","@id":"https:\/\/secure.gravatar.com\/avatar\/b71bf7481d447dfb9583c7f2798e7cc64de6efb9067b74633ed8c31059a3bd82?s=96&d=mm&r=g","url":"https:\/\/secure.gravatar.com\/avatar\/b71bf7481d447dfb9583c7f2798e7cc64de6efb9067b74633ed8c31059a3bd82?s=96&d=mm&r=g","contentUrl":"https:\/\/secure.gravatar.com\/avatar\/b71bf7481d447dfb9583c7f2798e7cc64de6efb9067b74633ed8c31059a3bd82?s=96&d=mm&r=g","caption":"Sebastian"},"url":"https:\/\/informelitoral.com.ar\/author\/sebastian\/"}]}},"_links":{"self":[{"href":"https:\/\/informelitoral.com.ar\/%77%70%2d%6a%73%6f%6e\/wp\/v2\/posts\/237765","targetHints":{"allow":["GET"]}}],"collection":[{"href":"https:\/\/informelitoral.com.ar\/%77%70%2d%6a%73%6f%6e\/wp\/v2\/posts"}],"about":[{"href":"https:\/\/informelitoral.com.ar\/%77%70%2d%6a%73%6f%6e\/wp\/v2\/types\/post"}],"author":[{"embeddable":true,"href":"https:\/\/informelitoral.com.ar\/%77%70%2d%6a%73%6f%6e\/wp\/v2\/users\/8"}],"replies":[{"embeddable":true,"href":"https:\/\/informelitoral.com.ar\/%77%70%2d%6a%73%6f%6e\/wp\/v2\/comments?post=237765"}],"version-history":[{"count":4,"href":"https:\/\/informelitoral.com.ar\/%77%70%2d%6a%73%6f%6e\/wp\/v2\/posts\/237765\/revisions"}],"predecessor-version":[{"id":237770,"href":"https:\/\/informelitoral.com.ar\/%77%70%2d%6a%73%6f%6e\/wp\/v2\/posts\/237765\/revisions\/237770"}],"wp:featuredmedia":[{"embeddable":true,"href":"https:\/\/informelitoral.com.ar\/%77%70%2d%6a%73%6f%6e\/wp\/v2\/media\/237767"}],"wp:attachment":[{"href":"https:\/\/informelitoral.com.ar\/%77%70%2d%6a%73%6f%6e\/wp\/v2\/media?parent=237765"}],"wp:term":[{"taxonomy":"category","embeddable":true,"href":"https:\/\/informelitoral.com.ar\/%77%70%2d%6a%73%6f%6e\/wp\/v2\/categories?post=237765"},{"taxonomy":"post_tag","embeddable":true,"href":"https:\/\/informelitoral.com.ar\/%77%70%2d%6a%73%6f%6e\/wp\/v2\/tags?post=237765"}],"curies":[{"name":"wp","href":"https:\/\/api.w.org\/{rel}","templated":true}]}}